{"id":191759,"date":"2014-11-28T21:11:04","date_gmt":"2014-11-28T18:11:04","guid":{"rendered":"https:\/\/analyse.optim.biz\/?p=191759"},"modified":"2014-11-28T21:11:04","modified_gmt":"2014-11-28T18:11:04","slug":"sebastian-ghita-un-partid-nu-poate-fi-nici-cap-nu-s-a-terminat-viata-la-lupta-cu-ion-iliescu","status":"publish","type":"post","link":"https:\/\/analyse.optim.biz\/?p=191759","title":{"rendered":"Sebastian Ghi\u021b\u0103: Un partid nu poate fi nici CAP! Nu s-a terminat via\u021ba la lupta cu Ion Iliescu"},"content":{"rendered":"<div class=\"entry data-app-meta data-app-meta-article\" data-embed-base-url-canonical=\"https:\/\/www.digi24.ro\/embed\/stiri\/actualitate\/politica\/sebastian-ghita-un-partid-nu-poate-fi-nici-cap-nu-s-a-terminat-viata-la-lupta-cu-ion-iliescu-327973\">\n<p data-index=\"1\">\u201e\u0218tim tot, facem tot, nu ne pas\u0103 de oameni. Nu se mai poate. Iliescu a spus ca un partid nu poate fi o corpora\u021bie, eu \u00eentr-o corpora\u021bie \u00een\u021beleg legi, ordine, nu poate fi nici un CAP un partid\u201d, a spus Sebastian Ghi\u021b\u0103 la Digi24.<\/p>\n<p data-index=\"2\"><strong>C\u00e2t despre plecarea din PSD acesta a precizat c\u0103 se va \u00eentoarce atunci c\u00e2nd din PSD va disp\u0103rea comunismul \u0219i corup\u021bia.<\/strong><\/p>\n<p data-index=\"3\">\u201e<strong>Nu s-a terminat via\u021ba la lupta cu Ion Iliescu \u0219i am \u00eencredere c\u0103 Ponta \u0219i colegii mei au in\u021beles ce au votat rom\u00e2nii, noi trebuie sa ne schimbam \u0219i sper ca Ponta va avea mintea \u0219i puterea s\u0103 o fac\u0103.<\/strong> F\u0103r\u0103 eticheta de comunism, f\u0103r\u0103 cei prin casele c\u0103rora au trecut masca\u021bii, f\u0103r\u0103 lipsa de competitivitate, f\u0103r\u0103 aceast\u0103 lips\u0103 de pragmatism pe care azi o afi\u0219\u0103m uneori\u201d, a mai spus Sebastian Ghi\u021b\u0103.<\/p>\n<h1 id=\"highlight-327973-1\"><a href=\"https:\/\/www.digi24.ro\/Stiri\/Digi24\/Actualitate\/Politica\/Ion+Iliescu\" target=\"_blank\" data-skip-linkfix=\"1\" rel=\"noopener\"><span>Ion Iliescu, scrisoare deschis\u0103 c\u0103tre membrii si simpatizan\u021bii\u00a0PSD: S<\/span><span>cuza c\u0103 Victor Ponta ar fi pierdut pentru c\u0103 eu a\u0219 fi comunist e o mizerie \u0219i un act de la\u0219itate<\/span><\/a><\/h1>\n<p data-index=\"4\">\u201eRefuz s\u0103 primesc lec\u021bii \u0219i de la oameni care pun interesul personal \u00eenaintea interesului public, care nu au demonstrat nimic \u00een politic\u0103, \u00een schimb au reu\u0219it s\u0103 \u00eendep\u0103rteze oamenii de partid, prin arogan\u021b\u0103 \u0219i dispre\u021b. Astfel de oameni, ajun\u0219i \u00een fruntea partidului, sunt printre motivele pentru care rom\u00e2nii nu l-au votat pe Victor Ponta \u00een turul doi\u201d, a scris pre\u0219edintele de onoare al PSD.\u00a0<\/p>\n<p data-index=\"5\">\u201e<strong>Pl\u0103tim acum pre\u021bul confuziei ideologice din ultimii zece ani. Nu deplasarea spre centru o putem repro\u0219a PSD. Ea este fireasc\u0103, p\u00e2n\u0103 la urm\u0103, \u021bin\u00e2nd cont de schimb\u0103rile din societate.<\/strong><\/p>\n<p data-index=\"6\">Ce trebuie s\u0103 ne repro\u0219\u0103m este obsesia noastr\u0103 de a fi accepta\u021bi de cei de \u201ddreapta\u201d, care nu ne vor accepta niciodat\u0103, pentru ca suntem adversarii lor fire\u0219ti. Nu pentru ei facem politic\u0103, ci pentru cei care se recunosc \u00een valorile \u0219i principiile st\u00e2ngii. \u0218i, orice s-ar spune despre noi, la guvernare am fost mai performan\u021bi dec\u00e2t dreapta. Dar \u0219i despre asta se pare c\u0103 ne este jen\u0103 s\u0103 vorbim!\u201d.\u00a0<\/p>\n<\/div>\n<p> Source URL: https:\/\/www.digi24.ro\/stiri\/actualitate\/politica\/sebastian-ghita-un-partid-nu-poate-fi-nici-cap-nu-s-a-terminat-viata-la-lupta-cu-ion-iliescu-327973<\/p>\n","protected":false},"excerpt":{"rendered":"<p>\u201e\u0218tim tot, facem tot, nu ne pas\u0103 de oameni. Nu se mai poate. Iliescu a spus ca un partid nu poate fi o corpora\u021bie, eu \u00eentr-o corpora\u021bie \u00een\u021beleg legi, ordine, nu poate fi nici un CAP un partid\u201d, a spus Sebastian Ghi\u021b\u0103 la Digi24. C\u00e2t despre plecarea din PSD acesta a precizat c\u0103 se va [&hellip;]<\/p>\n","protected":false},"author":1,"featured_media":191760,"comment_status":"open","ping_status":"","sticky":false,"template":"","format":"standard","meta":{"footnotes":""},"categories":[2],"tags":[11],"class_list":["post-191759","post","type-post","status-publish","format-standard","has-post-thumbnail","hentry","category-politics","tag-digi24"],"_links":{"self":[{"href":"https:\/\/analyse.optim.biz\/index.php?rest_route=\/wp\/v2\/posts\/191759","targetHints":{"allow":["GET"]}}],"collection":[{"href":"https:\/\/analyse.optim.biz\/index.php?rest_route=\/wp\/v2\/posts"}],"about":[{"href":"https:\/\/analyse.optim.biz\/index.php?rest_route=\/wp\/v2\/types\/post"}],"author":[{"embeddable":true,"href":"https:\/\/analyse.optim.biz\/index.php?rest_route=\/wp\/v2\/users\/1"}],"replies":[{"embeddable":true,"href":"https:\/\/analyse.optim.biz\/index.php?rest_route=%2Fwp%2Fv2%2Fcomments&post=191759"}],"version-history":[{"count":0,"href":"https:\/\/analyse.optim.biz\/index.php?rest_route=\/wp\/v2\/posts\/191759\/revisions"}],"wp:featuredmedia":[{"embeddable":true,"href":"https:\/\/analyse.optim.biz\/index.php?rest_route=\/wp\/v2\/media\/191760"}],"wp:attachment":[{"href":"https:\/\/analyse.optim.biz\/index.php?rest_route=%2Fwp%2Fv2%2Fmedia&parent=191759"}],"wp:term":[{"taxonomy":"category","embeddable":true,"href":"https:\/\/analyse.optim.biz\/index.php?rest_route=%2Fwp%2Fv2%2Fcategories&post=191759"},{"taxonomy":"post_tag","embeddable":true,"href":"https:\/\/analyse.optim.biz\/index.php?rest_route=%2Fwp%2Fv2%2Ftags&post=191759"}],"curies":[{"name":"wp","href":"https:\/\/api.w.org\/{rel}","templated":true}]}}