{"id":1917286,"date":"2026-03-31T02:26:00","date_gmt":"2026-03-30T23:26:00","guid":{"rendered":"https:\/\/analyse.optim.biz\/?p=1917286"},"modified":"2026-03-31T02:26:00","modified_gmt":"2026-03-30T23:26:00","slug":"comment-sapproprier-lintemporel-tailleur","status":"publish","type":"post","link":"https:\/\/analyse.optim.biz\/?p=1917286","title":{"rendered":"Comment s\u2019approprier l\u2019intemporel tailleur ?"},"content":{"rendered":"<div class=\"entry-content\">\n<section class=\"single-header padding-top-s\">\n<div class=\"container\">\n<div class=\"row justify-content-between\">\n<div class=\"col-lg-9 col-xl-8\">\n<div class=\"video-container\">\n\t\t\t\t\t\t\t\t\t\t\t\t\t<\/div>\n<div class=\"container-img desktop\">\n\t\t\t\t\t\t\t\t<img decoding=\"async\" width=\"640\" height=\"408\" src=\"https:\/\/numero.com\/wp-content\/uploads\/2026\/04\/push-tailleur-balenciaga-printemps-ete-2026-768x490.jpg\" class=\"img-fluid\" alt=\"tendance tailleur defile balenciaga printemps-ete 2026\" loading=\"lazy\">\t\t\t\t\t\t\t\t<\/p>\n<p class=\"number big\">4<\/p>\n<\/p><\/div>\n<div class=\"container-img mobile\">\n\t\t\t\t\t\t\t\t<img decoding=\"async\" width=\"640\" height=\"804\" src=\"https:\/\/numero.com\/wp-content\/uploads\/2026\/04\/thumb-tailleur-chanel-printemps-ete-2026-768x965.jpg\" class=\"img-fluid\" alt=\"tendance tailleur defile chanel printemps-ete 2026\" loading=\"lazy\">\t\t\t\t\t\t\t\t<\/p>\n<p class=\"number big\">4<\/p>\n<\/p><\/div>\n<\/p><\/div>\n<div class=\"col col-lg-3 col-xl-4 desktop\">\n<div class=\"ad grand-angle desktop\">\n    <!-- \/21730003857\/numero-ad-unit\/numero-grand-angle --><\/p>\n<div id=\"div-gpt-ad-1773673590069-0\" class=\"px-0\">\n<p>            googletag.cmd.push(function () {<br \/>\n                googletag.display(&#8216;div-gpt-ad-1773673590069-0&#8217;);<br \/>\n            });<\/p><\/div>\n<\/div><\/div>\n<\/p><\/div>\n<\/p><\/div>\n<\/section>\n<section class=\"post-content\">\n<div class=\"container\">\n<div class=\"row g-0 justify-content-between\">\n<div class=\"col-lg-9 col-xl-8 padding-top-s\">\n<p class=\"share-widget\" id=\"share-widget\"><img decoding=\"async\" src=\"https:\/\/numero.com\/wp-content\/themes\/understrap-child-main\/src\/public\/images\/share.svg\" alt=\"share-widget\"><\/p>\n<div class=\"share-icons\" id=\"share-icons\">\n<p class=\"copy-link\"><img decoding=\"async\" src=\"https:\/\/numero.com\/wp-content\/themes\/understrap-child-main\/src\/public\/images\/copy-link.svg\" alt=\"copy-link\"><\/p>\n<p>\t\t\t\t\t\t\t<a href=\"https:\/\/www.facebook.com\/sharer\/sharer.php?u=https:\/\/numero.com\/mode\/comment-sapproprier-lintemporel-tailleur\/\" class=\"facebook\" target=\"_blank\" rel=\"noopener\"><img decoding=\"async\" src=\"https:\/\/numero.com\/wp-content\/themes\/understrap-child-main\/src\/public\/images\/facebook.svg\" alt=\"facebook\"><\/a><br \/>\n\t\t\t\t\t\t\t<a href=\"https:\/\/twitter.com\/share?url=https:\/\/numero.com\/mode\/comment-sapproprier-lintemporel-tailleur\/\" class=\"twitter\" target=\"_blank\" rel=\"noopener\"><img decoding=\"async\" src=\"https:\/\/numero.com\/wp-content\/themes\/understrap-child-main\/src\/public\/images\/twitter.svg\" alt=\"twitter\"><\/a>\n\t\t\t\t\t\t<\/div>\n<p>\t\t\t\t\t\t<span class id=\"custom-tooltip\">Lien copi\u00e9<\/span><\/p>\n<div class=\"col-lg-10\">\n<div class=\"meta d-flex justify-content-between align-items-center\">\n<div class=\"cat\">\n\t\t\t\t\t\t\t\t\t<a class=\"cat-title\" href=\"https:\/\/numero.com\/category\/mode\/\">Mode<\/a>\t\t\t\t\t\t\t\t<\/div>\n<p class=\"date\">\n\t\t\t\t\t\t\t\t\t4 mai 2026\t\t\t\t\t\t\t\t<\/p>\n<\/p><\/div>\n<h1>Comment s\u2019approprier l\u2019intemporel tailleur ?<\/h1>\n<div class=\"introduction\">\n<p class=\"p1\">Zendaya en tailleur blanc sign\u00e9 Louis Vuitton lors du Met Gala 2025, Kristen Stewart en tailleur Chanel au Festival de Cannes, Hailey Bieber en costume masculin dans les rues de Los Angeles\u2026 D\u00e9j\u00e0 adopt\u00e9 par les stars depuis quelque temps, le tailleur revient au galop cette saison, adouci mais toujours ajust\u00e9, souverain et imposant. Tour d\u2019horizon des pi\u00e8ces indispensables.<\/p>\n<\/div>\n<li class=\"credits d-flex\">\n<p>\n\t\t\t\t\t\t\t\t\t\t\tpar \t\t\t\t\t\t\t\t\t\t\t\t\t\t\t\t\t\t\t\t\t\t\t<a href=\"https:\/\/numero.com\/contributeur\/louise-menard\/\">Louise Menard<\/a>.\t\t\t\t\t\t\t\t\t\t\t\t\t\t\t\t\t\t\t\t\t<\/p>\n<\/li>\n<div id=\"ads03\" class=\"mobile\">\n<div class=\"ad-wrapper\">\n<div class=\"ad interscroller desktop\">\n<\/div>\n<p><!-- \/21730003857\/numero-ad-unit\/numero-interscroller --><\/p>\n<div id=\"div-gpt-ad-1773673675628-0\" class=\"ads-pub\">\n<p>        googletag.cmd.push(function () {<br \/>\n            googletag.display(&#8216;div-gpt-ad-1773673675628-0&#8217;);<br \/>\n        });<\/p>\n<\/div><\/div>\n<\/p><\/div>\n<p>\t\t\t\t\t\t\t&lt;!&#8211; <\/p>\n<div class=\"padding-bottom-s\">\n\t\t\t\t\t\t\t\t\t\t\t\t\t\t\t<\/div>\n<p> &#8211;&gt;<\/p>\n<figure data-wp-context='{\"imageId\":\"69f8b92e75557\"}' data-wp-interactive=\"core\/image\" data-wp-key=\"69f8b92e75557\" class=\"wp-block-image size-full wp-lightbox-container\"><img loading=\"lazy\" decoding=\"async\" width=\"600\" height=\"900\" data-wp-class--hide=\"state.isContentHidden\" data-wp-class--show=\"state.isContentVisible\" data-wp-init=\"callbacks.setButtonStyles\" data-wp-on--click=\"actions.showLightbox\" data-wp-on--load=\"callbacks.setButtonStyles\" data-wp-on-window--resize=\"callbacks.setButtonStyles\" src=\"https:\/\/numero.com\/wp-content\/uploads\/2026\/04\/tailleur-tendance-printemps-ete-2026-chanel.jpg\" alt=\"tendance tailleur defile chanel printemps-ete 2026\" class=\"wp-image-834206\"><button class=\"lightbox-trigger\" type=\"button\" aria-haspopup=\"dialog\" aria-label=\"Agrandir\" data-wp-init=\"callbacks.initTriggerButton\" data-wp-on--click=\"actions.showLightbox\" data-wp-style--right=\"state.imageButtonRight\" data-wp-style--top=\"state.imageButtonTop\"><\/p>\n<p>\t\t<\/button><figcaption class=\"wp-element-caption\">Le d\u00e9fil\u00e9 Chanel printemps-\u00e9t\u00e9 2026. \u00a9 Kristy Sparow.<\/figcaption><\/figure>\n<h2 class=\"wp-block-heading\">Raviver l\u2019esprit de Coco Chanel et Yves Saint Laurent avec le tailleur<\/h2>\n<p>\u201c<em>Pour moi, rien n\u2019est plus beau qu\u2019une femme dans un v\u00eatement d\u2019homme<\/em>\u201d, martelait <strong>Yves Saint Laurent <\/strong>lorsqu\u2019il introduisit le <strong>tailleur-pantalon<\/strong> \u2013 taille marqu\u00e9e, double boutonnage, coupe allongeant la jambe \u2013 dans le vestiaire f\u00e9minin en 1967. Un an seulement apr\u00e8s avoir r\u00e9v\u00e9l\u00e9 son premier <strong>smoking<\/strong>, pi\u00e8ce emprunt\u00e9e au fumoir, \u00e0 l\u2019\u00e9poque exclusivement r\u00e9serv\u00e9e aux hommes, le cr\u00e9ateur parach\u00e8ve une certaine r\u00e9volution \u00e9mancipatrice, un mouvement d\u00e9j\u00e0 amorc\u00e9 quelques ann\u00e9es auparavant par une autre pionni\u00e8re du genre\u2026<\/p>\n<p>Et pour cause : avant lui, <a href=\"https:\/\/numero.com\/portrait\/gabrielle-chanel\/\" target=\"_blank\" rel=\"noreferrer noopener\">Coco Chanel<\/a> avait fait du tailleur jupe un manifeste d\u2019androgynie et de libert\u00e9 f\u00e9minine. Son tailleur en tweed iconique, mis en lumi\u00e8re par de grandes actrices telles que <strong>Jeanne Moreau<\/strong>, <a href=\"https:\/\/numero.com\/portrait\/romy-schneider\/\" target=\"_blank\" rel=\"noreferrer noopener\">Romy Schneider<\/a> ou encore <strong>Marl\u00e8ne Dietrich<\/strong>, \u00e9tant d\u00e8s les ann\u00e9es 1950, sur toutes les l\u00e8vres.<\/p>\n<p>Mais qu\u2019en est-il aujourd\u2019hui ? \u00c0 l\u2019heure o\u00f9 les cr\u00e9ateurs semblent vouloir renouer avec le <strong>tailoring<\/strong>, cet ensemble, compos\u00e9 d\u2019une veste ajust\u00e9e assortie \u00e0 un pantalon ou \u00e0 une jupe \u2013 le tout taill\u00e9 dans la m\u00eame \u00e9toffe \u2013 n\u2019a jamais \u00e9t\u00e9 aussi appr\u00e9ci\u00e9. En t\u00e9moignent d\u2019ailleurs les podiums de la <a href=\"https:\/\/numero.com\/mode\/les-tendances-printemps-ete-2026\/\" target=\"_blank\" rel=\"noreferrer noopener\">Fashion Week printemps-\u00e9t\u00e9 2026<\/a>, o\u00f9 le tailleur \u00e0 la fois strict et BCBG demeure uniforme de bureau mais se m\u00e9tamorphose \u00e9galement en tenue du quotidien, aussi l\u00e9ger qu\u2019enlev\u00e9. Guide des essentiels.<\/p>\n<h2 class=\"wp-block-heading\">Les 12 tailleurs \u00e0 consid\u00e9rer absolument <\/h2>\n<figure data-wp-context='{\"imageId\":\"69f8b92e759c3\"}' data-wp-interactive=\"core\/image\" data-wp-key=\"69f8b92e759c3\" class=\"wp-block-image size-full wp-lightbox-container\"><img loading=\"lazy\" decoding=\"async\" width=\"600\" height=\"900\" data-wp-class--hide=\"state.isContentHidden\" data-wp-class--show=\"state.isContentVisible\" data-wp-init=\"callbacks.setButtonStyles\" data-wp-on--click=\"actions.showLightbox\" data-wp-on--load=\"callbacks.setButtonStyles\" data-wp-on-window--resize=\"callbacks.setButtonStyles\" src=\"https:\/\/numero.com\/wp-content\/uploads\/2026\/04\/tailleur-tendance-printemps-ete-2026-balenciaga.jpg\" alt=\"tendance tailleur defile balenciaga printemps-ete 2026\" class=\"wp-image-834202\"><button class=\"lightbox-trigger\" type=\"button\" aria-haspopup=\"dialog\" aria-label=\"Agrandir\" data-wp-init=\"callbacks.initTriggerButton\" data-wp-on--click=\"actions.showLightbox\" data-wp-style--right=\"state.imageButtonRight\" data-wp-style--top=\"state.imageButtonTop\"><\/p>\n<p>\t\t<\/button><figcaption class=\"wp-element-caption\">Le d\u00e9fil\u00e9 Balenciaga printemps-\u00e9t\u00e9 2026. \u00a9 Victor Virgile.<\/figcaption><\/figure>\n<h3 class=\"wp-block-heading\">Le tailleur noir symbole d\u2019\u00e9l\u00e9gance<\/h3>\n<p>Tailleur rock : c\u2019est du c\u00f4t\u00e9 de <a href=\"https:\/\/numero.com\/portrait\/balenciaga\/\" target=\"_blank\" rel=\"noreferrer noopener\">Balenciaga<\/a> qu\u2019il fallait regarder lors de la <strong>Fashion Week printemps-\u00e9t\u00e9 2026<\/strong>. Ici, le <strong>tailleur noir<\/strong>, m\u00e9ticuleusement ex\u00e9cut\u00e9, pr\u00e8s du corps, se d\u00e9vergonde presque, associ\u00e9 \u00e0 une chemise ultra <em>cropped<\/em>. Plus sages, <a href=\"https:\/\/numero.com\/portrait\/victoria-beckham\/\" target=\"_blank\" rel=\"noreferrer noopener\">Victoria Beckham<\/a> et <strong>Claudie Pierlot<\/strong> proposent des silhouettes d\u00e9nu\u00e9es de toute fioriture, tandis que <strong>Max Mara<\/strong> s\u2019amuse de rayures fines sur un costume en laine.<\/p>\n<div class=\"wp-block-columns is-layout-flex wp-container-core-columns-is-layout-9d6595d7 wp-block-columns-is-layout-flex\">\n<div class=\"wp-block-column is-layout-flow wp-block-column-is-layout-flow\">\n<figure data-wp-context='{\"imageId\":\"69f8b92e75d62\"}' data-wp-interactive=\"core\/image\" data-wp-key=\"69f8b92e75d62\" class=\"wp-block-image size-full wp-lightbox-container\"><img loading=\"lazy\" decoding=\"async\" width=\"558\" height=\"900\" data-wp-class--hide=\"state.isContentHidden\" data-wp-class--show=\"state.isContentVisible\" data-wp-init=\"callbacks.setButtonStyles\" data-wp-on--click=\"actions.showLightbox\" data-wp-on--load=\"callbacks.setButtonStyles\" data-wp-on-window--resize=\"callbacks.setButtonStyles\" src=\"https:\/\/numero.com\/wp-content\/uploads\/2026\/04\/tailleur-noir-tendance-printemps-ete-20263.jpg\" alt=\"blazer noir tendance tailleur printemps-ete 2026 victoria beckham \" class=\"wp-image-835081\"><button class=\"lightbox-trigger\" type=\"button\" aria-haspopup=\"dialog\" aria-label=\"Agrandir\" data-wp-init=\"callbacks.initTriggerButton\" data-wp-on--click=\"actions.showLightbox\" data-wp-style--right=\"state.imageButtonRight\" data-wp-style--top=\"state.imageButtonTop\"><\/p>\n<p>\t\t<\/button><\/figure>\n<h3 class=\"wp-block-heading\">Blazer noir, 980 \u20ac, Victoria Beckham. <\/h3>\n<p>Disponible sur <a href=\"https:\/\/rstyle.me\/+Bz6BH8zlzPTrWb8ct0579g\" target=\"_blank\" rel=\"noreferrer noopener\">victoriabeckham.com<\/a>.<\/p>\n<\/div>\n<div class=\"wp-block-column is-layout-flow wp-block-column-is-layout-flow\">\n<figure data-wp-context='{\"imageId\":\"69f8b92e760d7\"}' data-wp-interactive=\"core\/image\" data-wp-key=\"69f8b92e760d7\" class=\"wp-block-image size-full wp-lightbox-container\"><img decoding=\"async\" loading=\"lazy\" width=\"709\" height=\"900\" data-wp-class--hide=\"state.isContentHidden\" data-wp-class--show=\"state.isContentVisible\" data-wp-init=\"callbacks.setButtonStyles\" data-wp-on--click=\"actions.showLightbox\" data-wp-on--load=\"callbacks.setButtonStyles\" data-wp-on-window--resize=\"callbacks.setButtonStyles\" src=\"https:\/\/numero.com\/wp-content\/uploads\/2026\/04\/tailleur-noir-tendance-printemps-ete-20261.jpg\" alt=\"blazer noir \u00e0 rayures tendance tailleur printemps-ete 2026 max mara \" class=\"wp-image-835083\"><button class=\"lightbox-trigger\" type=\"button\" aria-haspopup=\"dialog\" aria-label=\"Agrandir\" data-wp-init=\"callbacks.initTriggerButton\" data-wp-on--click=\"actions.showLightbox\" data-wp-style--right=\"state.imageButtonRight\" data-wp-style--top=\"state.imageButtonTop\"><\/p>\n<p>\t\t<\/button><\/figure>\n<h3 class=\"wp-block-heading\">Blazer \u00e0 rayures, 735 \u20ac, Max Mara. <\/h3>\n<p>Disponible sur <a href=\"https:\/\/fr.maxmara.com\/p-2041046106004-spxrive-noir\" target=\"_blank\" rel=\"noreferrer noopener\">fr.maxmara.com<\/a>.<\/p>\n<\/div>\n<\/div>\n<div class=\"wp-block-columns is-layout-flex wp-container-core-columns-is-layout-9d6595d7 wp-block-columns-is-layout-flex\">\n<div class=\"wp-block-column is-layout-flow wp-block-column-is-layout-flow\">\n<figure data-wp-context='{\"imageId\":\"69f8b92e764ca\"}' data-wp-interactive=\"core\/image\" data-wp-key=\"69f8b92e764ca\" class=\"wp-block-image size-full wp-lightbox-container\"><img decoding=\"async\" loading=\"lazy\" width=\"405\" height=\"900\" data-wp-class--hide=\"state.isContentHidden\" data-wp-class--show=\"state.isContentVisible\" data-wp-init=\"callbacks.setButtonStyles\" data-wp-on--click=\"actions.showLightbox\" data-wp-on--load=\"callbacks.setButtonStyles\" data-wp-on-window--resize=\"callbacks.setButtonStyles\" src=\"https:\/\/numero.com\/wp-content\/uploads\/2026\/04\/tailleur-noir-tendance-printemps-ete-20264.jpg\" alt=\"pantalon noir tendance tailleur printemps-ete 2026 victoria beckham \" class=\"wp-image-835087\"><button class=\"lightbox-trigger\" type=\"button\" aria-haspopup=\"dialog\" aria-label=\"Agrandir\" data-wp-init=\"callbacks.initTriggerButton\" data-wp-on--click=\"actions.showLightbox\" data-wp-style--right=\"state.imageButtonRight\" data-wp-style--top=\"state.imageButtonTop\"><\/p>\n<p>\t\t<\/button><\/figure>\n<h3 class=\"wp-block-heading\">Pantalon de costume noir, 750 \u20ac, Victoria Beckham. <\/h3>\n<p>Disponible sur <a href=\"https:\/\/rstyle.me\/+cEN2hbR5ztuI1P5mzS-Fkg\" target=\"_blank\" rel=\"noreferrer noopener\">victoriabeckham.com<\/a>.<\/p>\n<\/div>\n<div class=\"wp-block-column is-layout-flow wp-block-column-is-layout-flow\">\n<figure data-wp-context='{\"imageId\":\"69f8b92e7681a\"}' data-wp-interactive=\"core\/image\" data-wp-key=\"69f8b92e7681a\" class=\"wp-block-image size-full wp-lightbox-container\"><img decoding=\"async\" loading=\"lazy\" width=\"483\" height=\"900\" data-wp-class--hide=\"state.isContentHidden\" data-wp-class--show=\"state.isContentVisible\" data-wp-init=\"callbacks.setButtonStyles\" data-wp-on--click=\"actions.showLightbox\" data-wp-on--load=\"callbacks.setButtonStyles\" data-wp-on-window--resize=\"callbacks.setButtonStyles\" src=\"https:\/\/numero.com\/wp-content\/uploads\/2026\/04\/tailleur-noir-tendance-printemps-ete-20262.jpg\" alt=\"pantalon noir \u00e0 rayures tendance tailleur printemps-ete 2026 max mara \" class=\"wp-image-835089\"><button class=\"lightbox-trigger\" type=\"button\" aria-haspopup=\"dialog\" aria-label=\"Agrandir\" data-wp-init=\"callbacks.initTriggerButton\" data-wp-on--click=\"actions.showLightbox\" data-wp-style--right=\"state.imageButtonRight\" data-wp-style--top=\"state.imageButtonTop\"><\/p>\n<p>\t\t<\/button><\/figure>\n<h3 class=\"wp-block-heading\">Pantalon en laine, 375 \u20ac, Max Mara. <\/h3>\n<p>Disponible sur <a href=\"https:\/\/fr.maxmara.com\/p-2131056106004-spxvisino-noir\" target=\"_blank\" rel=\"noreferrer noopener\">fr.maxamara.com<\/a>.<\/p>\n<\/div>\n<\/div>\n<div class=\"wp-block-columns is-layout-flex wp-container-core-columns-is-layout-9d6595d7 wp-block-columns-is-layout-flex\">\n<div class=\"wp-block-column is-layout-flow wp-block-column-is-layout-flow\">\n<figure data-wp-context='{\"imageId\":\"69f8b92e76be0\"}' data-wp-interactive=\"core\/image\" data-wp-key=\"69f8b92e76be0\" class=\"wp-block-image size-large wp-lightbox-container\"><img decoding=\"async\" loading=\"lazy\" width=\"698\" height=\"1024\" data-wp-class--hide=\"state.isContentHidden\" data-wp-class--show=\"state.isContentVisible\" data-wp-init=\"callbacks.setButtonStyles\" data-wp-on--click=\"actions.showLightbox\" data-wp-on--load=\"callbacks.setButtonStyles\" data-wp-on-window--resize=\"callbacks.setButtonStyles\" src=\"https:\/\/numero.com\/wp-content\/uploads\/2026\/04\/tailleur-noir-tendance-printemps-ete-20261-1-698x1024.jpg\" alt=\"blazer noir tendance tailleur printemps-ete 2026 claudie pierlot \" class=\"wp-image-835206\"><button class=\"lightbox-trigger\" type=\"button\" aria-haspopup=\"dialog\" aria-label=\"Agrandir\" data-wp-init=\"callbacks.initTriggerButton\" data-wp-on--click=\"actions.showLightbox\" data-wp-style--right=\"state.imageButtonRight\" data-wp-style--top=\"state.imageButtonTop\"><\/p>\n<p>\t\t<\/button><\/figure>\n<h3 class=\"wp-block-heading\">Blazer noir, 395 \u20ac, Claudie Pierlot. <\/h3>\n<p>Disponible sur <a href=\"https:\/\/rstyle.me\/+O7T31kPs-PCpE0NWsWqhYg\" target=\"_blank\" rel=\"noreferrer noopener\">fr.claudiepierlot.com<\/a>.<\/p>\n<\/div>\n<div class=\"wp-block-column is-layout-flow wp-block-column-is-layout-flow\">\n<figure data-wp-context='{\"imageId\":\"69f8b92e76f4c\"}' data-wp-interactive=\"core\/image\" data-wp-key=\"69f8b92e76f4c\" class=\"wp-block-image size-full wp-lightbox-container\"><img decoding=\"async\" loading=\"lazy\" width=\"765\" height=\"900\" data-wp-class--hide=\"state.isContentHidden\" data-wp-class--show=\"state.isContentVisible\" data-wp-init=\"callbacks.setButtonStyles\" data-wp-on--click=\"actions.showLightbox\" data-wp-on--load=\"callbacks.setButtonStyles\" data-wp-on-window--resize=\"callbacks.setButtonStyles\" src=\"https:\/\/numero.com\/wp-content\/uploads\/2026\/04\/tailleur-noir-tendance-printemps-ete-20265-1.jpg\" alt=\"blazer noir tendance tailleur printemps-ete 2026 joseph\" class=\"wp-image-835091\"><button class=\"lightbox-trigger\" type=\"button\" aria-haspopup=\"dialog\" aria-label=\"Agrandir\" data-wp-init=\"callbacks.initTriggerButton\" data-wp-on--click=\"actions.showLightbox\" data-wp-style--right=\"state.imageButtonRight\" data-wp-style--top=\"state.imageButtonTop\"><\/p>\n<p>\t\t<\/button><\/figure>\n<h3 class=\"wp-block-heading\">Blazer noir, 775 \u20ac, Joseph. <\/h3>\n<p>Disponible sur <a href=\"https:\/\/rstyle.me\/+Z3gqJV2Wp882QBioHPrRxQ\" target=\"_blank\" rel=\"noreferrer noopener\">joseph-fashion.com<\/a>.<\/p>\n<\/div>\n<\/div>\n<div class=\"wp-block-columns is-layout-flex wp-container-core-columns-is-layout-9d6595d7 wp-block-columns-is-layout-flex\">\n<div class=\"wp-block-column is-layout-flow wp-block-column-is-layout-flow\">\n<figure data-wp-context='{\"imageId\":\"69f8b92e7731a\"}' data-wp-interactive=\"core\/image\" data-wp-key=\"69f8b92e7731a\" class=\"wp-block-image size-large wp-lightbox-container\"><img decoding=\"async\" loading=\"lazy\" width=\"456\" height=\"1024\" data-wp-class--hide=\"state.isContentHidden\" data-wp-class--show=\"state.isContentVisible\" data-wp-init=\"callbacks.setButtonStyles\" data-wp-on--click=\"actions.showLightbox\" data-wp-on--load=\"callbacks.setButtonStyles\" data-wp-on-window--resize=\"callbacks.setButtonStyles\" src=\"https:\/\/numero.com\/wp-content\/uploads\/2026\/04\/tailleur-noir-tendance-printemps-ete-20262-456x1024.png\" alt=\"pantalon de costume noir cigarette tendance tailleur printemps-ete 2026 claudie pierlot \" class=\"wp-image-835208\"><button class=\"lightbox-trigger\" type=\"button\" aria-haspopup=\"dialog\" aria-label=\"Agrandir\" data-wp-init=\"callbacks.initTriggerButton\" data-wp-on--click=\"actions.showLightbox\" data-wp-style--right=\"state.imageButtonRight\" data-wp-style--top=\"state.imageButtonTop\"><\/p>\n<p>\t\t<\/button><\/figure>\n<h3 class=\"wp-block-heading\">Pantalon de costume cigarette, 255 \u20ac, Claudie Pierlot. <\/h3>\n<p>Disponible sur <a href=\"https:\/\/rstyle.me\/+tdqkstYhqpM4Mw4e0Cv7xA\" target=\"_blank\" rel=\"noreferrer noopener\">fr.claudiepierlot.com<\/a>.<\/p>\n<\/div>\n<div class=\"wp-block-column is-layout-flow wp-block-column-is-layout-flow\">\n<figure data-wp-context='{\"imageId\":\"69f8b92e77674\"}' data-wp-interactive=\"core\/image\" data-wp-key=\"69f8b92e77674\" class=\"wp-block-image size-full wp-lightbox-container\"><img decoding=\"async\" loading=\"lazy\" width=\"427\" height=\"900\" data-wp-class--hide=\"state.isContentHidden\" data-wp-class--show=\"state.isContentVisible\" data-wp-init=\"callbacks.setButtonStyles\" data-wp-on--click=\"actions.showLightbox\" data-wp-on--load=\"callbacks.setButtonStyles\" data-wp-on-window--resize=\"callbacks.setButtonStyles\" src=\"https:\/\/numero.com\/wp-content\/uploads\/2026\/04\/tailleur-noir-tendance-printemps-ete-20266.jpg\" alt=\"pantalon noir tendance tailleur printemps-ete 2026 joseph\" class=\"wp-image-835093\"><button class=\"lightbox-trigger\" type=\"button\" aria-haspopup=\"dialog\" aria-label=\"Agrandir\" data-wp-init=\"callbacks.initTriggerButton\" data-wp-on--click=\"actions.showLightbox\" data-wp-style--right=\"state.imageButtonRight\" data-wp-style--top=\"state.imageButtonTop\"><\/p>\n<p>\t\t<\/button><\/figure>\n<h3 class=\"wp-block-heading\">Pantalon de costume noir, 595 \u20ac, Joseph. <\/h3>\n<p>Disponible sur <a href=\"https:\/\/rstyle.me\/+y_YVL95eKzZ0-FGCCjQ-vA\" target=\"_blank\" rel=\"noreferrer noopener\">joseph-fashion.com<\/a>.<\/p>\n<\/div>\n<\/div>\n<hr class=\"wp-block-separator has-alpha-channel-opacity\">\n<figure data-wp-context='{\"imageId\":\"69f8b92e77a5a\"}' data-wp-interactive=\"core\/image\" data-wp-key=\"69f8b92e77a5a\" class=\"wp-block-image size-full wp-lightbox-container\"><img decoding=\"async\" loading=\"lazy\" width=\"600\" height=\"900\" data-wp-class--hide=\"state.isContentHidden\" data-wp-class--show=\"state.isContentVisible\" data-wp-init=\"callbacks.setButtonStyles\" data-wp-on--click=\"actions.showLightbox\" data-wp-on--load=\"callbacks.setButtonStyles\" data-wp-on-window--resize=\"callbacks.setButtonStyles\" src=\"https:\/\/numero.com\/wp-content\/uploads\/2026\/04\/tailleur-tendance-printemps-ete-2026-dior.jpg\" alt=\"tendance tailleur defile dior printemps-ete 2026\" class=\"wp-image-834208\"><button class=\"lightbox-trigger\" type=\"button\" aria-haspopup=\"dialog\" aria-label=\"Agrandir\" data-wp-init=\"callbacks.initTriggerButton\" data-wp-on--click=\"actions.showLightbox\" data-wp-style--right=\"state.imageButtonRight\" data-wp-style--top=\"state.imageButtonTop\"><\/p>\n<p>\t\t<\/button><figcaption class=\"wp-element-caption\">Le d\u00e9fil\u00e9 Dior printemps-\u00e9t\u00e9 2026. \u00a9 Peter White.<\/figcaption><\/figure>\n<h3 class=\"wp-block-heading\">Le tailleur jupe pour une allure vintage<\/h3>\n<p>Transformer le <strong>tailleur Bar<\/strong> en version mini ? Audacieux. Mais le monde de la <a href=\"https:\/\/numero.com\/category\/mode\/\" target=\"_blank\" rel=\"noreferrer noopener\">mode<\/a> le sait : <a href=\"https:\/\/numero.com\/portrait\/jonathan-anderson\/\" target=\"_blank\" rel=\"noreferrer noopener\">Jonathan Anderson<\/a> n\u2019en est pas \u00e0 une exp\u00e9rimentation pr\u00e8s. Dans cette m\u00eame veine, la maison <strong>Miu Miu<\/strong> d\u00e9cline le tailleur en version tenue d\u2019\u00e9coli\u00e8re alors que, de son c\u00f4t\u00e9, <strong>COS<\/strong> fait honneur \u00e0 son esth\u00e9tique <em>quiet luxury <\/em>avec un ensemble d\u00e9clin\u00e9 dans des teintes de ch\u00e2taigne et de marron.\u00a0<\/p>\n<div class=\"wp-block-columns is-layout-flex wp-container-core-columns-is-layout-9d6595d7 wp-block-columns-is-layout-flex\">\n<div class=\"wp-block-column is-layout-flow wp-block-column-is-layout-flow\">\n<figure data-wp-context='{\"imageId\":\"69f8b92e77ded\"}' data-wp-interactive=\"core\/image\" data-wp-key=\"69f8b92e77ded\" class=\"wp-block-image size-full wp-lightbox-container\"><img decoding=\"async\" loading=\"lazy\" width=\"667\" height=\"900\" data-wp-class--hide=\"state.isContentHidden\" data-wp-class--show=\"state.isContentVisible\" data-wp-init=\"callbacks.setButtonStyles\" data-wp-on--click=\"actions.showLightbox\" data-wp-on--load=\"callbacks.setButtonStyles\" data-wp-on-window--resize=\"callbacks.setButtonStyles\" src=\"https:\/\/numero.com\/wp-content\/uploads\/2026\/04\/tailleur-tendance-printemps-ete-20263.jpg\" alt=\"blazer tendance tailleur printemps-ete 2026 cos \" class=\"wp-image-835065\"><button class=\"lightbox-trigger\" type=\"button\" aria-haspopup=\"dialog\" aria-label=\"Agrandir\" data-wp-init=\"callbacks.initTriggerButton\" data-wp-on--click=\"actions.showLightbox\" data-wp-style--right=\"state.imageButtonRight\" data-wp-style--top=\"state.imageButtonTop\"><\/p>\n<p>\t\t<\/button><\/figure>\n<h3 class=\"wp-block-heading\">Blazer, 179 \u20ac, COS. <\/h3>\n<p>Disponible sur <a href=\"https:\/\/rstyle.me\/+bdttkjUDxgJmRe551-M5Vw\" target=\"_blank\" rel=\"noreferrer noopener\">cos.com<\/a>.<\/p>\n<\/div>\n<div class=\"wp-block-column is-layout-flow wp-block-column-is-layout-flow\">\n<figure data-wp-context='{\"imageId\":\"69f8b92e78148\"}' data-wp-interactive=\"core\/image\" data-wp-key=\"69f8b92e78148\" class=\"wp-block-image size-full wp-lightbox-container\"><img decoding=\"async\" loading=\"lazy\" width=\"677\" height=\"900\" data-wp-class--hide=\"state.isContentHidden\" data-wp-class--show=\"state.isContentVisible\" data-wp-init=\"callbacks.setButtonStyles\" data-wp-on--click=\"actions.showLightbox\" data-wp-on--load=\"callbacks.setButtonStyles\" data-wp-on-window--resize=\"callbacks.setButtonStyles\" src=\"https:\/\/numero.com\/wp-content\/uploads\/2026\/04\/tailleur-tendance-printemps-ete-20261.jpg\" alt=\"veste de tailleur en mohair tendance printemps-ete 2026 miu miu \" class=\"wp-image-835063\"><button class=\"lightbox-trigger\" type=\"button\" aria-haspopup=\"dialog\" aria-label=\"Agrandir\" data-wp-init=\"callbacks.initTriggerButton\" data-wp-on--click=\"actions.showLightbox\" data-wp-style--right=\"state.imageButtonRight\" data-wp-style--top=\"state.imageButtonTop\"><\/p>\n<p>\t\t<\/button><\/figure>\n<h3 class=\"wp-block-heading\">Veste de tailleur, 4 150 \u20ac, Miu Miu. <\/h3>\n<p>Disponible sur <a href=\"https:\/\/rstyle.me\/+37DJHcQtwk2AS0XgOjNb4Q\" target=\"_blank\" rel=\"noreferrer noopener\">miumiu.com<\/a>.<\/p>\n<\/div>\n<\/div>\n<div class=\"wp-block-columns is-layout-flex wp-container-core-columns-is-layout-9d6595d7 wp-block-columns-is-layout-flex\">\n<div class=\"wp-block-column is-layout-flow wp-block-column-is-layout-flow\">\n<figure data-wp-context='{\"imageId\":\"69f8b92e7851b\"}' data-wp-interactive=\"core\/image\" data-wp-key=\"69f8b92e7851b\" class=\"wp-block-image size-full wp-lightbox-container\"><img decoding=\"async\" loading=\"lazy\" width=\"670\" height=\"900\" data-wp-class--hide=\"state.isContentHidden\" data-wp-class--show=\"state.isContentVisible\" data-wp-init=\"callbacks.setButtonStyles\" data-wp-on--click=\"actions.showLightbox\" data-wp-on--load=\"callbacks.setButtonStyles\" data-wp-on-window--resize=\"callbacks.setButtonStyles\" src=\"https:\/\/numero.com\/wp-content\/uploads\/2026\/04\/tailleur-tendance-printemps-ete-20264.jpg\" alt=\"jupe crayon tendance tailleur printemps-ete 2026 cos \" class=\"wp-image-835067\"><button class=\"lightbox-trigger\" type=\"button\" aria-haspopup=\"dialog\" aria-label=\"Agrandir\" data-wp-init=\"callbacks.initTriggerButton\" data-wp-on--click=\"actions.showLightbox\" data-wp-style--right=\"state.imageButtonRight\" data-wp-style--top=\"state.imageButtonTop\"><\/p>\n<p>\t\t<\/button><\/figure>\n<h3 class=\"wp-block-heading\">Jupe crayon, 99 \u20ac, COS. <\/h3>\n<p>Disponbile sur <a href=\"https:\/\/rstyle.me\/+71cAxBOpWKzWPxymuO7qig\" target=\"_blank\" rel=\"noreferrer noopener\">cos.com<\/a>.<\/p>\n<\/div>\n<div class=\"wp-block-column is-layout-flow wp-block-column-is-layout-flow\">\n<figure data-wp-context='{\"imageId\":\"69f8b92e78875\"}' data-wp-interactive=\"core\/image\" data-wp-key=\"69f8b92e78875\" class=\"wp-block-image size-full wp-lightbox-container\"><img decoding=\"async\" loading=\"lazy\" width=\"886\" height=\"900\" data-wp-class--hide=\"state.isContentHidden\" data-wp-class--show=\"state.isContentVisible\" data-wp-init=\"callbacks.setButtonStyles\" data-wp-on--click=\"actions.showLightbox\" data-wp-on--load=\"callbacks.setButtonStyles\" data-wp-on-window--resize=\"callbacks.setButtonStyles\" src=\"https:\/\/numero.com\/wp-content\/uploads\/2026\/04\/tailleur-tendance-printemps-ete-20262.jpg\" alt=\"minijupe pliss\u00e9e en mohair tendance tailleur printemps-ete 2026 miu miu\" class=\"wp-image-835069\"><button class=\"lightbox-trigger\" type=\"button\" aria-haspopup=\"dialog\" aria-label=\"Agrandir\" data-wp-init=\"callbacks.initTriggerButton\" data-wp-on--click=\"actions.showLightbox\" data-wp-style--right=\"state.imageButtonRight\" data-wp-style--top=\"state.imageButtonTop\"><\/p>\n<p>\t\t<\/button><\/figure>\n<h3 class=\"wp-block-heading\">Minijupe pliss\u00e9e, 1 380 \u20ac, Miu Miu. <\/h3>\n<p>Disponible sur <a href=\"https:\/\/rstyle.me\/+rb9MsU8B3XWtWuf18pM58A\" target=\"_blank\" rel=\"noreferrer noopener\">miumiu.com<\/a>.<\/p>\n<\/div>\n<\/div>\n<hr class=\"wp-block-separator has-alpha-channel-opacity\">\n<figure data-wp-context='{\"imageId\":\"69f8b92e78c4d\"}' data-wp-interactive=\"core\/image\" data-wp-key=\"69f8b92e78c4d\" class=\"wp-block-image size-full wp-lightbox-container\"><img decoding=\"async\" loading=\"lazy\" width=\"600\" height=\"900\" data-wp-class--hide=\"state.isContentHidden\" data-wp-class--show=\"state.isContentVisible\" data-wp-init=\"callbacks.setButtonStyles\" data-wp-on--click=\"actions.showLightbox\" data-wp-on--load=\"callbacks.setButtonStyles\" data-wp-on-window--resize=\"callbacks.setButtonStyles\" src=\"https:\/\/numero.com\/wp-content\/uploads\/2026\/04\/tailleur-tendance-printemps-ete-2026-bottega-veneta.jpg\" alt=\"tendance tailleur defile bottega veneta printemps-ete 2026\" class=\"wp-image-834204\"><button class=\"lightbox-trigger\" type=\"button\" aria-haspopup=\"dialog\" aria-label=\"Agrandir\" data-wp-init=\"callbacks.initTriggerButton\" data-wp-on--click=\"actions.showLightbox\" data-wp-style--right=\"state.imageButtonRight\" data-wp-style--top=\"state.imageButtonTop\"><\/p>\n<p>\t\t<\/button><figcaption class=\"wp-element-caption\">Le d\u00e9fil\u00e9 Bottega Veneta printemps-\u00e9t\u00e9 2026. \u00a9 Victor Virgile.<\/figcaption><\/figure>\n<h3 class=\"wp-block-heading\">Le tailleur ample nonchalant<\/h3>\n<p><strong>The Frankie Shop<\/strong>, <strong>Lemaire<\/strong>, <strong>Mango<\/strong>\u2026 Cette saison, les marques semblent s\u2019\u00eatre inspir\u00e9es du <a href=\"https:\/\/numero.com\/mode\/fashion-week\/premier-defile-louise-trotter-bottega-veneta-printemps-ete-2026\/\" target=\"_blank\" rel=\"noreferrer noopener\">d\u00e9fil\u00e9 Bottega Veneta printemps-\u00e9t\u00e9 2026<\/a> orchestr\u00e9 par <a href=\"https:\/\/numero.com\/portrait\/louise-trotter\/\" target=\"_blank\" rel=\"noreferrer noopener\">Louise Trotter<\/a>. Les tailleurs se font alors amples et lib\u00e9r\u00e9s de toute rigueur. Notre coup de c\u0153ur ? Le costume <em>oversized<\/em> sign\u00e9 <strong>Acne Studios<\/strong>, ou la d\u00e9sinvolture dans ce qu\u2019elle a de plus chic.<\/p>\n<div class=\"wp-block-columns is-layout-flex wp-container-core-columns-is-layout-9d6595d7 wp-block-columns-is-layout-flex\">\n<div class=\"wp-block-column is-layout-flow wp-block-column-is-layout-flow\">\n<figure data-wp-context='{\"imageId\":\"69f8b92e78fbf\"}' data-wp-interactive=\"core\/image\" data-wp-key=\"69f8b92e78fbf\" class=\"wp-block-image size-full wp-lightbox-container\"><img decoding=\"async\" loading=\"lazy\" width=\"649\" height=\"900\" data-wp-class--hide=\"state.isContentHidden\" data-wp-class--show=\"state.isContentVisible\" data-wp-init=\"callbacks.setButtonStyles\" data-wp-on--click=\"actions.showLightbox\" data-wp-on--load=\"callbacks.setButtonStyles\" data-wp-on-window--resize=\"callbacks.setButtonStyles\" src=\"https:\/\/numero.com\/wp-content\/uploads\/2026\/04\/tailleur-oversized-tendance-printemps-ete-20263.jpg\" alt=\"blazer tendance tailleur printemps-ete 2026 the frankie shop \" class=\"wp-image-835127\"><button class=\"lightbox-trigger\" type=\"button\" aria-haspopup=\"dialog\" aria-label=\"Agrandir\" data-wp-init=\"callbacks.initTriggerButton\" data-wp-on--click=\"actions.showLightbox\" data-wp-style--right=\"state.imageButtonRight\" data-wp-style--top=\"state.imageButtonTop\"><\/p>\n<p>\t\t<\/button><\/figure>\n<h3 class=\"wp-block-heading\">Blazer, 465 \u20ac, The Frankie Shop. <\/h3>\n<p>Disponible sur <a href=\"https:\/\/eu.thefrankieshop.com\/products\/vester-double-breasted-blazer-brown\" target=\"_blank\" rel=\"noreferrer noopener\">eu.thefrankieshop.com<\/a>.<\/p>\n<\/div>\n<div class=\"wp-block-column is-layout-flow wp-block-column-is-layout-flow\">\n<figure data-wp-context='{\"imageId\":\"69f8b92e79301\"}' data-wp-interactive=\"core\/image\" data-wp-key=\"69f8b92e79301\" class=\"wp-block-image size-full wp-lightbox-container\"><img decoding=\"async\" loading=\"lazy\" width=\"728\" height=\"900\" data-wp-class--hide=\"state.isContentHidden\" data-wp-class--show=\"state.isContentVisible\" data-wp-init=\"callbacks.setButtonStyles\" data-wp-on--click=\"actions.showLightbox\" data-wp-on--load=\"callbacks.setButtonStyles\" data-wp-on-window--resize=\"callbacks.setButtonStyles\" src=\"https:\/\/numero.com\/wp-content\/uploads\/2026\/04\/tailleur-oversized-tendance-printemps-ete-20261.jpg\" alt=\"blazer oversized tendance tailleur printemps-ete 2026 acne studios \" class=\"wp-image-835125\"><button class=\"lightbox-trigger\" type=\"button\" aria-haspopup=\"dialog\" aria-label=\"Agrandir\" data-wp-init=\"callbacks.initTriggerButton\" data-wp-on--click=\"actions.showLightbox\" data-wp-style--right=\"state.imageButtonRight\" data-wp-style--top=\"state.imageButtonTop\"><\/p>\n<p>\t\t<\/button><\/figure>\n<h3 class=\"wp-block-heading\">Blazer oversized, 890 \u20ac, Acne Studios. <\/h3>\n<p>Disponible sur <a href=\"https:\/\/www.acnestudios.com\/fr\/fr\/single-breasted-suit-jacket-khaki-beige\/AH0328-CVI.html\" target=\"_blank\" rel=\"noreferrer noopener\">acnestudios.com<\/a>.<\/p>\n<\/div>\n<\/div>\n<div class=\"wp-block-columns is-layout-flex wp-container-core-columns-is-layout-9d6595d7 wp-block-columns-is-layout-flex\">\n<div class=\"wp-block-column is-layout-flow wp-block-column-is-layout-flow\">\n<figure data-wp-context='{\"imageId\":\"69f8b92e796bd\"}' data-wp-interactive=\"core\/image\" data-wp-key=\"69f8b92e796bd\" class=\"wp-block-image size-full wp-lightbox-container\"><img decoding=\"async\" loading=\"lazy\" width=\"454\" height=\"900\" data-wp-class--hide=\"state.isContentHidden\" data-wp-class--show=\"state.isContentVisible\" data-wp-init=\"callbacks.setButtonStyles\" data-wp-on--click=\"actions.showLightbox\" data-wp-on--load=\"callbacks.setButtonStyles\" data-wp-on-window--resize=\"callbacks.setButtonStyles\" src=\"https:\/\/numero.com\/wp-content\/uploads\/2026\/04\/tailleur-oversized-tendance-printemps-ete-20264.jpg\" alt=\"pantalon de tailleur tendance tailleur printemps-ete 2026 the frankie shop \" class=\"wp-image-835133\"><button class=\"lightbox-trigger\" type=\"button\" aria-haspopup=\"dialog\" aria-label=\"Agrandir\" data-wp-init=\"callbacks.initTriggerButton\" data-wp-on--click=\"actions.showLightbox\" data-wp-style--right=\"state.imageButtonRight\" data-wp-style--top=\"state.imageButtonTop\"><\/p>\n<p>\t\t<\/button><\/figure>\n<h3 class=\"wp-block-heading\">Pantalon de costume pliss\u00e9, 265 \u20ac, The Frankie Shop. <\/h3>\n<p>Disponible sur <a href=\"https:\/\/eu.thefrankieshop.com\/products\/vester-pleated-trousers-brown\" target=\"_blank\" rel=\"noreferrer noopener\">eu.thefrankieshop.com<\/a>.<\/p>\n<\/div>\n<div class=\"wp-block-column is-layout-flow wp-block-column-is-layout-flow\">\n<figure data-wp-context='{\"imageId\":\"69f8b92e79a05\"}' data-wp-interactive=\"core\/image\" data-wp-key=\"69f8b92e79a05\" class=\"wp-block-image size-full wp-lightbox-container\"><img decoding=\"async\" loading=\"lazy\" width=\"457\" height=\"900\" data-wp-class--hide=\"state.isContentHidden\" data-wp-class--show=\"state.isContentVisible\" data-wp-init=\"callbacks.setButtonStyles\" data-wp-on--click=\"actions.showLightbox\" data-wp-on--load=\"callbacks.setButtonStyles\" data-wp-on-window--resize=\"callbacks.setButtonStyles\" src=\"https:\/\/numero.com\/wp-content\/uploads\/2026\/04\/tailleur-oversized-tendance-printemps-ete-20262.jpg\" alt=\"pantalon en laine tendance tailleur printemps-ete 2026 acne studios\" class=\"wp-image-835131\"><button class=\"lightbox-trigger\" type=\"button\" aria-haspopup=\"dialog\" aria-label=\"Agrandir\" data-wp-init=\"callbacks.initTriggerButton\" data-wp-on--click=\"actions.showLightbox\" data-wp-style--right=\"state.imageButtonRight\" data-wp-style--top=\"state.imageButtonTop\"><\/p>\n<p>\t\t<\/button><\/figure>\n<h3 class=\"wp-block-heading\">Pantalon de costume en laine, 550 \u20ac, Acne Studios. <\/h3>\n<p>Disponible sur <a href=\"https:\/\/www.acnestudios.com\/fr\/fr\/tailored-wool-trousers-khaki-beige\/AK1006-CVI.html\" target=\"_blank\" rel=\"noreferrer noopener\">acnestudios.com<\/a>.<\/p>\n<\/div>\n<\/div>\n<div class=\"wp-block-columns is-layout-flex wp-container-core-columns-is-layout-9d6595d7 wp-block-columns-is-layout-flex\">\n<div class=\"wp-block-column is-layout-flow wp-block-column-is-layout-flow\">\n<figure data-wp-context='{\"imageId\":\"69f8b92e79ddb\"}' data-wp-interactive=\"core\/image\" data-wp-key=\"69f8b92e79ddb\" class=\"wp-block-image size-full wp-lightbox-container\"><img decoding=\"async\" loading=\"lazy\" width=\"748\" height=\"900\" data-wp-class--hide=\"state.isContentHidden\" data-wp-class--show=\"state.isContentVisible\" data-wp-init=\"callbacks.setButtonStyles\" data-wp-on--click=\"actions.showLightbox\" data-wp-on--load=\"callbacks.setButtonStyles\" data-wp-on-window--resize=\"callbacks.setButtonStyles\" src=\"https:\/\/numero.com\/wp-content\/uploads\/2026\/04\/tailleur-oversized-tendance-printemps-ete-20265.jpg\" alt=\"blazer en laine tendance tailleur printemps-ete 2026 lemaire \" class=\"wp-image-835139\"><button class=\"lightbox-trigger\" type=\"button\" aria-haspopup=\"dialog\" aria-label=\"Agrandir\" data-wp-init=\"callbacks.initTriggerButton\" data-wp-on--click=\"actions.showLightbox\" data-wp-style--right=\"state.imageButtonRight\" data-wp-style--top=\"state.imageButtonTop\"><\/p>\n<p>\t\t<\/button><\/figure>\n<h3 class=\"wp-block-heading\">Blazer en laine, 1 090 \u20ac, Lemaire. <\/h3>\n<p>Disponible sur <a href=\"https:\/\/www.lemaire.fr\/products\/db-tailored-jacket-unisex-carbon-tropical-polywool-ja1096-lf414-bk992?_pos=1&amp;_sid=16f8d7b60&amp;_ss=r\" target=\"_blank\" rel=\"noreferrer noopener\">lemaire.fr<\/a>.<\/p>\n<\/div>\n<div class=\"wp-block-column is-layout-flow wp-block-column-is-layout-flow\">\n<figure data-wp-context='{\"imageId\":\"69f8b92e7a140\"}' data-wp-interactive=\"core\/image\" data-wp-key=\"69f8b92e7a140\" class=\"wp-block-image size-full wp-lightbox-container\"><img decoding=\"async\" loading=\"lazy\" width=\"752\" height=\"900\" data-wp-class--hide=\"state.isContentHidden\" data-wp-class--show=\"state.isContentVisible\" data-wp-init=\"callbacks.setButtonStyles\" data-wp-on--click=\"actions.showLightbox\" data-wp-on--load=\"callbacks.setButtonStyles\" data-wp-on-window--resize=\"callbacks.setButtonStyles\" src=\"https:\/\/numero.com\/wp-content\/uploads\/2026\/04\/tailleur-oversized-tendance-printemps-ete-20267.jpg\" alt=\"blazer en lin tendance tailleur printemps-ete 2026 mango\" class=\"wp-image-835141\"><button class=\"lightbox-trigger\" type=\"button\" aria-haspopup=\"dialog\" aria-label=\"Agrandir\" data-wp-init=\"callbacks.initTriggerButton\" data-wp-on--click=\"actions.showLightbox\" data-wp-style--right=\"state.imageButtonRight\" data-wp-style--top=\"state.imageButtonTop\"><\/p>\n<p>\t\t<\/button><\/figure>\n<h3 class=\"wp-block-heading\">Blazer en lin, 149,99 \u20ac, Mango. <\/h3>\n<p>Disponible sur <a href=\"https:\/\/rstyle.me\/+Ww2hA8pb22Nb04nGpC7R7w\" target=\"_blank\" rel=\"noreferrer noopener\">shop.mango.com<\/a>.<\/p>\n<\/div>\n<\/div>\n<div class=\"wp-block-columns is-layout-flex wp-container-core-columns-is-layout-9d6595d7 wp-block-columns-is-layout-flex\">\n<div class=\"wp-block-column is-layout-flow wp-block-column-is-layout-flow\">\n<figure data-wp-context='{\"imageId\":\"69f8b92e7a4f5\"}' data-wp-interactive=\"core\/image\" data-wp-key=\"69f8b92e7a4f5\" class=\"wp-block-image size-full wp-lightbox-container\"><img decoding=\"async\" loading=\"lazy\" width=\"489\" height=\"900\" data-wp-class--hide=\"state.isContentHidden\" data-wp-class--show=\"state.isContentVisible\" data-wp-init=\"callbacks.setButtonStyles\" data-wp-on--click=\"actions.showLightbox\" data-wp-on--load=\"callbacks.setButtonStyles\" data-wp-on-window--resize=\"callbacks.setButtonStyles\" src=\"https:\/\/numero.com\/wp-content\/uploads\/2026\/04\/tailleur-oversized-tendance-printemps-ete-20266.jpg\" alt=\"pantalon en laine tendance tailleur printemps-ete 2026 lemaire \" class=\"wp-image-835143\"><button class=\"lightbox-trigger\" type=\"button\" aria-haspopup=\"dialog\" aria-label=\"Agrandir\" data-wp-init=\"callbacks.initTriggerButton\" data-wp-on--click=\"actions.showLightbox\" data-wp-style--right=\"state.imageButtonRight\" data-wp-style--top=\"state.imageButtonTop\"><\/p>\n<p>\t\t<\/button><\/figure>\n<h3 class=\"wp-block-heading\">Pantalon de costume en laine, 590, Lemaire. <\/h3>\n<p>Disponible sur <a href=\"https:\/\/www.lemaire.fr\/products\/straight-tailored-pants-women-carbon-tropical-polywool-pa1268-lf414-bk992?_pos=1&amp;_psq=STRAIGHT+TAILORED+PANTS+IN+POLYWOOL&amp;_ss=e&amp;_v=1.0\" target=\"_blank\" rel=\"noreferrer noopener\">lemaire.com<\/a>.<\/p>\n<\/div>\n<div class=\"wp-block-column is-layout-flow wp-block-column-is-layout-flow\">\n<figure data-wp-context='{\"imageId\":\"69f8b92e7a83d\"}' data-wp-interactive=\"core\/image\" data-wp-key=\"69f8b92e7a83d\" class=\"wp-block-image size-full wp-lightbox-container\"><img decoding=\"async\" loading=\"lazy\" width=\"479\" height=\"900\" data-wp-class--hide=\"state.isContentHidden\" data-wp-class--show=\"state.isContentVisible\" data-wp-init=\"callbacks.setButtonStyles\" data-wp-on--click=\"actions.showLightbox\" data-wp-on--load=\"callbacks.setButtonStyles\" data-wp-on-window--resize=\"callbacks.setButtonStyles\" src=\"https:\/\/numero.com\/wp-content\/uploads\/2026\/04\/tailleur-oversized-tendance-printemps-ete-20268.jpg\" alt=\"pantalon de costume en lin tendance tailleur printemps-ete 2026 mango \" class=\"wp-image-835145\"><button class=\"lightbox-trigger\" type=\"button\" aria-haspopup=\"dialog\" aria-label=\"Agrandir\" data-wp-init=\"callbacks.initTriggerButton\" data-wp-on--click=\"actions.showLightbox\" data-wp-style--right=\"state.imageButtonRight\" data-wp-style--top=\"state.imageButtonTop\"><\/p>\n<p>\t\t<\/button><\/figure>\n<h3 class=\"wp-block-heading\">Pantalon de costume en lin, 99,99 \u20ac, Mango. <\/h3>\n<p>Disponible sur <a href=\"https:\/\/rstyle.me\/+E2Qaoxui2QRbH74Bjv1UaQ\" target=\"_blank\" rel=\"noreferrer noopener\">shop.mango.com<\/a>.<\/p>\n<\/div>\n<\/div>\n<hr class=\"wp-block-separator has-alpha-channel-opacity\">\n<figure data-wp-context='{\"imageId\":\"69f8b92e7ac2c\"}' data-wp-interactive=\"core\/image\" data-wp-key=\"69f8b92e7ac2c\" class=\"wp-block-image size-full wp-lightbox-container\"><img decoding=\"async\" loading=\"lazy\" width=\"600\" height=\"900\" data-wp-class--hide=\"state.isContentHidden\" data-wp-class--show=\"state.isContentVisible\" data-wp-init=\"callbacks.setButtonStyles\" data-wp-on--click=\"actions.showLightbox\" data-wp-on--load=\"callbacks.setButtonStyles\" data-wp-on-window--resize=\"callbacks.setButtonStyles\" src=\"https:\/\/numero.com\/wp-content\/uploads\/2026\/04\/tailleur-tendance-printemps-ete-2026-tom-ford.jpg\" alt=\"tendance tailleur defile tom ford printemps-ete 2026\" class=\"wp-image-834210\"><button class=\"lightbox-trigger\" type=\"button\" aria-haspopup=\"dialog\" aria-label=\"Agrandir\" data-wp-init=\"callbacks.initTriggerButton\" data-wp-on--click=\"actions.showLightbox\" data-wp-style--right=\"state.imageButtonRight\" data-wp-style--top=\"state.imageButtonTop\"><\/p>\n<p>\t\t<\/button><figcaption class=\"wp-element-caption\">Le d\u00e9fil\u00e9 Tom Ford printemps-\u00e9t\u00e9 2026. \u00a9 Victor Virgile.<\/figcaption><\/figure>\n<h3 class=\"wp-block-heading\">Le tailleur en soie pour la nuit <\/h3>\n<p>\u00c9blouissant. Tel est le terme qui r\u00e9sume le mieux le <strong>tailleur en soie<\/strong> port\u00e9 par l\u2019une des muses de la maison <strong>Tom Ford<\/strong>, <a href=\"https:\/\/www.instagram.com\/saskiadebrauw\/\" target=\"_blank\" rel=\"noreferrer noopener\">Saskia de Brauw<\/a>, lors du <a href=\"https:\/\/numero.com\/mode\/fashion-week\/le-defile-tom-ford-printemps-ete-2026\/\" target=\"_blank\" rel=\"noreferrer noopener\">d\u00e9fil\u00e9 printemps-\u00e9t\u00e9 2026<\/a>. \u00c0 la fois f\u00e9line et hautaine, l\u2019allure fonctionne \u00e0 merveille. Pour le printemps, <strong>Haider Ackermann<\/strong> propose \u00e9galement un tailleur satin\u00e9 bleu ciel, tandis que <strong>Saint Laurent<\/strong> unit soie et laine pour un r\u00e9sultat plus neutre, mais toujours aussi \u00e9l\u00e9gant.<\/p>\n<div class=\"wp-block-columns is-layout-flex wp-container-core-columns-is-layout-9d6595d7 wp-block-columns-is-layout-flex\">\n<div class=\"wp-block-column is-layout-flow wp-block-column-is-layout-flow\">\n<figure data-wp-context='{\"imageId\":\"69f8b92e7afb9\"}' data-wp-interactive=\"core\/image\" data-wp-key=\"69f8b92e7afb9\" class=\"wp-block-image size-full wp-lightbox-container\"><img decoding=\"async\" loading=\"lazy\" width=\"652\" height=\"900\" data-wp-class--hide=\"state.isContentHidden\" data-wp-class--show=\"state.isContentVisible\" data-wp-init=\"callbacks.setButtonStyles\" data-wp-on--click=\"actions.showLightbox\" data-wp-on--load=\"callbacks.setButtonStyles\" data-wp-on-window--resize=\"callbacks.setButtonStyles\" src=\"https:\/\/numero.com\/wp-content\/uploads\/2026\/04\/tailleur-soie-tendance-printemps-ete-20263.jpg\" alt=\"blazer en soie tendance tailleur printemps-ete 2026 tom ford \" class=\"wp-image-835183\"><button class=\"lightbox-trigger\" type=\"button\" aria-haspopup=\"dialog\" aria-label=\"Agrandir\" data-wp-init=\"callbacks.initTriggerButton\" data-wp-on--click=\"actions.showLightbox\" data-wp-style--right=\"state.imageButtonRight\" data-wp-style--top=\"state.imageButtonTop\"><\/p>\n<p>\t\t<\/button><\/figure>\n<h3 class=\"wp-block-heading\">Blazer en soie, 4 100 \u20ac, Tom Ford. <\/h3>\n<p>Disponible sur <a href=\"https:\/\/rstyle.me\/+wNM4EgGEmWNjsgtGxtESew\" target=\"_blank\" rel=\"noreferrer noopener\">net-a-porter.com<\/a>.<\/p>\n<\/div>\n<div class=\"wp-block-column is-layout-flow wp-block-column-is-layout-flow\">\n<figure data-wp-context='{\"imageId\":\"69f8b92e7b309\"}' data-wp-interactive=\"core\/image\" data-wp-key=\"69f8b92e7b309\" class=\"wp-block-image size-full wp-lightbox-container\"><img decoding=\"async\" loading=\"lazy\" width=\"773\" height=\"900\" data-wp-class--hide=\"state.isContentHidden\" data-wp-class--show=\"state.isContentVisible\" data-wp-init=\"callbacks.setButtonStyles\" data-wp-on--click=\"actions.showLightbox\" data-wp-on--load=\"callbacks.setButtonStyles\" data-wp-on-window--resize=\"callbacks.setButtonStyles\" src=\"https:\/\/numero.com\/wp-content\/uploads\/2026\/04\/tailleur-soie-tendance-printemps-ete-20261.jpg\" alt=\"blazer en laine et soie tendance tailleur printemps-ete 2026 saint laurent \" class=\"wp-image-835185\"><button class=\"lightbox-trigger\" type=\"button\" aria-haspopup=\"dialog\" aria-label=\"Agrandir\" data-wp-init=\"callbacks.initTriggerButton\" data-wp-on--click=\"actions.showLightbox\" data-wp-style--right=\"state.imageButtonRight\" data-wp-style--top=\"state.imageButtonTop\"><\/p>\n<p>\t\t<\/button><\/figure>\n<h3 class=\"wp-block-heading\">Blazer en laine et soie, 2 800 \u20ac, Saint Laurent. <\/h3>\n<p>Disponible sur <a href=\"https:\/\/rstyle.me\/+8OaZUlu-orjycGkSpJSzpw\" target=\"_blank\" rel=\"noreferrer noopener\">ysl.com<\/a>.<\/p>\n<\/div>\n<\/div>\n<div class=\"wp-block-columns is-layout-flex wp-container-core-columns-is-layout-9d6595d7 wp-block-columns-is-layout-flex\">\n<div class=\"wp-block-column is-layout-flow wp-block-column-is-layout-flow\">\n<figure data-wp-context='{\"imageId\":\"69f8b92e7b6c2\"}' data-wp-interactive=\"core\/image\" data-wp-key=\"69f8b92e7b6c2\" class=\"wp-block-image size-full wp-lightbox-container\"><img decoding=\"async\" loading=\"lazy\" width=\"382\" height=\"900\" data-wp-class--hide=\"state.isContentHidden\" data-wp-class--show=\"state.isContentVisible\" data-wp-init=\"callbacks.setButtonStyles\" data-wp-on--click=\"actions.showLightbox\" data-wp-on--load=\"callbacks.setButtonStyles\" data-wp-on-window--resize=\"callbacks.setButtonStyles\" src=\"https:\/\/numero.com\/wp-content\/uploads\/2026\/04\/tailleur-soie-tendance-printemps-ete-20264.jpg\" alt=\"pantalon de costume en soie tendance tailleur printemps-ete 2026 tom ford \" class=\"wp-image-835187\"><button class=\"lightbox-trigger\" type=\"button\" aria-haspopup=\"dialog\" aria-label=\"Agrandir\" data-wp-init=\"callbacks.initTriggerButton\" data-wp-on--click=\"actions.showLightbox\" data-wp-style--right=\"state.imageButtonRight\" data-wp-style--top=\"state.imageButtonTop\"><\/p>\n<p>\t\t<\/button><\/figure>\n<h3 class=\"wp-block-heading\">Pantalon de costume en soie, 1 590 \u20ac, Tom Ford. <\/h3>\n<p>Disponible sur <a href=\"https:\/\/rstyle.me\/+_PRQtqoMaX2W3uT4rdnvWg\" target=\"_blank\" rel=\"noreferrer noopener\">net-a-porter.com<\/a>.<\/p>\n<\/div>\n<div class=\"wp-block-column is-layout-flow wp-block-column-is-layout-flow\">\n<figure data-wp-context='{\"imageId\":\"69f8b92e7b9fd\"}' data-wp-interactive=\"core\/image\" data-wp-key=\"69f8b92e7b9fd\" class=\"wp-block-image size-full wp-lightbox-container\"><img decoding=\"async\" loading=\"lazy\" width=\"404\" height=\"900\" data-wp-class--hide=\"state.isContentHidden\" data-wp-class--show=\"state.isContentVisible\" data-wp-init=\"callbacks.setButtonStyles\" data-wp-on--click=\"actions.showLightbox\" data-wp-on--load=\"callbacks.setButtonStyles\" data-wp-on-window--resize=\"callbacks.setButtonStyles\" src=\"https:\/\/numero.com\/wp-content\/uploads\/2026\/04\/tailleur-soie-tendance-printemps-ete-20262.jpg\" alt=\"pantalon de costume pliss\u00e9 en laine et soie tendance tailleur printemps-ete 2026 saint laurent \" class=\"wp-image-835189\"><button class=\"lightbox-trigger\" type=\"button\" aria-haspopup=\"dialog\" aria-label=\"Agrandir\" data-wp-init=\"callbacks.initTriggerButton\" data-wp-on--click=\"actions.showLightbox\" data-wp-style--right=\"state.imageButtonRight\" data-wp-style--top=\"state.imageButtonTop\"><\/p>\n<p>\t\t<\/button><\/figure>\n<h3 class=\"wp-block-heading\">Pantalon de costume en laine et soie, 1 450 \u20ac, Saint Laurent. <\/h3>\n<p>Disponible sur <a href=\"https:\/\/rstyle.me\/+31m3dGoR9vOurtisjSLyqQ\" target=\"_blank\" rel=\"noreferrer noopener\">ysl.com<\/a>.<\/p>\n<\/div>\n<\/div><\/div>\n<\/p><\/div>\n<div class=\"col-lg-3\">\n<div class=\"suggested-posts padding-top-s\">\n<div class=\"title\">Recommand\u00e9<\/div>\n<div class=\"post-card\">\n\t\t\t\t\t\t\t\t\t\t<a class=\"post-link d-flex\" href=\"https:\/\/numero.com\/mode\/jupes-transparentes-pour-adopter-la-tendance-de-lannee\/\"><\/p>\n<div class=\"container-img\">\n\t\t\t\t\t\t\t\t\t\t\t\t<img decoding=\"async\" width=\"640\" height=\"804\" src=\"https:\/\/numero.com\/wp-content\/uploads\/2024\/11\/thumb-jupe-transparente-tendance-printemps-ete-2026-768x965.jpg\" class=\"img-fluid\" alt=\"tessa thompson en jupe transparente tendance printemps-ete 2026 \u00e0 ny\" loading=\"lazy\">\t\t\t\t\t\t\t\t\t\t\t\t<\/p>\n<p class=\"number\">27<\/p>\n<\/p><\/div>\n<div class=\"card-info d-flex\">\n<div>\n<p class=\"cat-title\">Mode<\/p>\n<h3 class=\"post-title\">16 jupes transparentes pour une allure sensuelle<\/h3>\n<\/p><\/div>\n<p class=\"date\">\n\t\t\t\t\t\t\t\t\t\t\t\t\t27 avr 2026\t\t\t\t\t\t\t\t\t\t\t\t<\/p>\n<\/p><\/div>\n<p>\t\t\t\t\t\t\t\t\t\t<\/a>\n\t\t\t\t\t\t\t\t\t<\/div>\n<div class=\"post-card\">\n\t\t\t\t\t\t\t\t\t\t<a class=\"post-link d-flex\" href=\"https:\/\/numero.com\/mode\/la-tendance-de-la-robe-transparente\/\"><\/p>\n<div class=\"container-img\">\n\t\t\t\t\t\t\t\t\t\t\t\t<img decoding=\"async\" width=\"640\" height=\"804\" src=\"https:\/\/numero.com\/wp-content\/uploads\/2026\/04\/thumb-robe-transparente-tendance-lily-rose-depp-768x965.jpg\" class=\"img-fluid\" alt=\"lily rose depp en robe transparente chanel\" loading=\"lazy\">\t\t\t\t\t\t\t\t\t\t\t\t<\/p>\n<p class=\"number\">21<\/p>\n<\/p><\/div>\n<div class=\"card-info d-flex\">\n<div>\n<p class=\"cat-title\">Mode<\/p>\n<h3 class=\"post-title\">Sur quelle pi\u00e8ce miser pour adopter la tendance de la robe transparente ?<\/h3>\n<\/p><\/div>\n<p class=\"date\">\n\t\t\t\t\t\t\t\t\t\t\t\t\t21 avr 2026\t\t\t\t\t\t\t\t\t\t\t\t<\/p>\n<\/p><\/div>\n<p>\t\t\t\t\t\t\t\t\t\t<\/a>\n\t\t\t\t\t\t\t\t\t<\/div>\n<div class=\"post-card\">\n\t\t\t\t\t\t\t\t\t\t<a class=\"post-link d-flex\" href=\"https:\/\/numero.com\/mode\/les-chemises-tendance-printemps-a-adopter-de-toute-urgence\/\"><\/p>\n<div class=\"container-img\">\n\t\t\t\t\t\t\t\t\t\t\t\t<img decoding=\"async\" width=\"640\" height=\"804\" src=\"https:\/\/numero.com\/wp-content\/uploads\/2025\/02\/thumb-dua-lipa-chemise-768x965.jpg\" class=\"img-fluid\" alt=\"dua lipa chemises tendance\" loading=\"lazy\">\t\t\t\t\t\t\t\t\t\t\t\t<\/p>\n<p class=\"number\">24<\/p>\n<\/p><\/div>\n<div class=\"card-info d-flex\">\n<div>\n<p class=\"cat-title\">Mode<\/p>\n<h3 class=\"post-title\">Quelle chemise adopter pour l\u2019arriv\u00e9e du printemps ?<\/h3>\n<\/p><\/div>\n<p class=\"date\">\n\t\t\t\t\t\t\t\t\t\t\t\t\t24 f\u00e9v 2026\t\t\t\t\t\t\t\t\t\t\t\t<\/p>\n<\/p><\/div>\n<p>\t\t\t\t\t\t\t\t\t\t<\/a>\n\t\t\t\t\t\t\t\t\t<\/div>\n<div class=\"post-card\">\n\t\t\t\t\t\t\t\t\t\t<a class=\"post-link d-flex\" href=\"https:\/\/numero.com\/mode\/slip-dress-tendance-reperees\/\"><\/p>\n<div class=\"container-img\">\n\t\t\t\t\t\t\t\t\t\t\t\t<img decoding=\"async\" width=\"505\" height=\"900\" src=\"https:\/\/numero.com\/wp-content\/uploads\/2025\/03\/slip-dress-tendance-lingerie-2026-hailey-bieber.jpg\" class=\"img-fluid\" alt=\"justin bieber et hailey bieber en slip dress noire\" loading=\"lazy\">\t\t\t\t\t\t\t\t\t\t\t\t<\/p>\n<p class=\"number\">30<\/p>\n<\/p><\/div>\n<div class=\"card-info d-flex\">\n<div>\n<p class=\"cat-title\">Mode<\/p>\n<h3 class=\"post-title\">Quelles sont les slip dress de la saison ?<\/h3>\n<\/p><\/div>\n<p class=\"date\">\n\t\t\t\t\t\t\t\t\t\t\t\t\t30 mars 2026\t\t\t\t\t\t\t\t\t\t\t\t<\/p>\n<\/p><\/div>\n<p>\t\t\t\t\t\t\t\t\t\t<\/a>\n\t\t\t\t\t\t\t\t\t<\/div>\n<\/p><\/div>\n<\/p><\/div>\n<\/p><\/div>\n<div class=\"padding-top-s\">\n<div class=\"ad banner desktop\">\n<div class=\"container\">\n<div class=\"row\">\n            <!-- \/21730003857\/numero-ad-unit\/numero-banner-1 --><\/p>\n<div id=\"div-gpt-ad-1773673267712-0\" style=\"min-width: 350px\">\n<p>                    googletag.cmd.push(function () {<br \/>\n                        googletag.display(&#8216;div-gpt-ad-1773673267712-0&#8217;);<br \/>\n                    });<\/p><\/div>\n<\/p><\/div>\n<\/p><\/div>\n<\/div><\/div>\n<\/p><\/div>\n<\/section>\n<p>        <button class=\"btn-newsletter btn-outline-white my-5\" id=\"open-modal-newsletter\">Inscrivez-vous \u00e0 la newsletter<\/button>\t\t<\/p>\n<section class=\"related-posts post-list padding-top-m padding-bottom-s\">\n<div class=\"container\">\n<h2 class=\"title mx-auto\">\u00c0 lire aussi<\/h2>\n<div class=\"row\">\n<div class=\"col-lg-3\">\n<div class=\"post-card desktop\">\n\t\t\t\t\t\t\t\t\t\t<a class=\"post-link\" href=\"https:\/\/numero.com\/mode\/accessoires\/lunettes-de-soleil-les-plus-cool-et-tendance-ete\/\"><\/p>\n<div class=\"container-img\">\n\t\t\t\t\t\t\t\t\t\t\t\t<img decoding=\"async\" width=\"640\" height=\"804\" src=\"https:\/\/numero.com\/wp-content\/uploads\/2024\/07\/thumb-lunettes-de-soleil-acne-studios-768x965.jpg\" class=\"img-fluid\" alt=\"acne studios printemps-ete 2026 lunettes de soleil tendance\" loading=\"lazy\">\t\t\t\t\t\t\t\t\t\t\t\t<\/p>\n<div class=\"number\">30<\/div>\n<\/p><\/div>\n<div class=\"card-info\">\n<div class=\"meta d-flex justify-content-between\">\n<p class=\"cat-title\">Accessoires<\/p>\n<p class=\"date\">\n\t\t\t\t\t\t\t\t\t\t\t\t\t\t30 avr 2026\t\t\t\t\t\t\t\t\t\t\t\t\t<\/p>\n<\/p><\/div>\n<div class=\"post-title\">Quelles lunettes adopter pour accueillir les premiers rayons du soleil ?<\/div>\n<\/p><\/div>\n<p>\t\t\t\t\t\t\t\t\t\t<\/a>\n\t\t\t\t\t\t\t\t\t<\/div>\n<div class=\"post-card mobile\">\n\t\t\t\t\t\t\t\t\t\t<a class=\"post-link d-flex\" href=\"https:\/\/numero.com\/mode\/accessoires\/lunettes-de-soleil-les-plus-cool-et-tendance-ete\/\"><\/p>\n<div class=\"container-img\">\n\t\t\t\t\t\t\t\t\t\t\t\t<img decoding=\"async\" width=\"640\" height=\"804\" src=\"https:\/\/numero.com\/wp-content\/uploads\/2024\/07\/thumb-lunettes-de-soleil-acne-studios-768x965.jpg\" class=\"img-fluid\" alt=\"acne studios printemps-ete 2026 lunettes de soleil tendance\" loading=\"lazy\">\t\t\t\t\t\t\t\t\t\t\t\t<\/p>\n<div class=\"number\">30<\/div>\n<\/p><\/div>\n<div class=\"card-info d-flex\">\n<div>\n<p class=\"cat-title\">Accessoires<\/p>\n<h3 class=\"post-title\">Quelles lunettes adopter pour accueillir les premiers rayons du soleil ?<\/h3>\n<\/p><\/div>\n<p class=\"date\">\n\t\t\t\t\t\t\t\t\t\t\t\t\t30 avr 2026\t\t\t\t\t\t\t\t\t\t\t\t<\/p>\n<\/p><\/div>\n<p>\t\t\t\t\t\t\t\t\t\t<\/a>\n\t\t\t\t\t\t\t\t\t<\/div>\n<\/p><\/div>\n<div class=\"col-lg-3\">\n<div class=\"post-card desktop\">\n\t\t\t\t\t\t\t\t\t\t<a class=\"post-link\" href=\"https:\/\/numero.com\/mode\/tongs-tendance-printemps-ete-2026\/\"><\/p>\n<div class=\"container-img\">\n\t\t\t\t\t\t\t\t\t\t\t\t<img decoding=\"async\" width=\"640\" height=\"804\" src=\"https:\/\/numero.com\/wp-content\/uploads\/2025\/08\/thumb-tongs-tendance-kendall-jenner-768x965.jpg\" class=\"img-fluid\" alt=\"kendall jenner en tongs tendance printemps-ete 2026\" loading=\"lazy\">\t\t\t\t\t\t\t\t\t\t\t\t<\/p>\n<div class=\"number\">29<\/div>\n<\/p><\/div>\n<div class=\"card-info\">\n<div class=\"meta d-flex justify-content-between\">\n<p class=\"cat-title\">Mode<\/p>\n<p class=\"date\">\n\t\t\t\t\t\t\t\t\t\t\t\t\t\t29 avr 2026\t\t\t\t\t\t\t\t\t\t\t\t\t<\/p>\n<\/p><\/div>\n<div class=\"post-title\">Quelles tongs porter \u00e0 la ville comme \u00e0 la plage ?<\/div>\n<\/p><\/div>\n<p>\t\t\t\t\t\t\t\t\t\t<\/a>\n\t\t\t\t\t\t\t\t\t<\/div>\n<div class=\"post-card mobile\">\n\t\t\t\t\t\t\t\t\t\t<a class=\"post-link d-flex\" href=\"https:\/\/numero.com\/mode\/tongs-tendance-printemps-ete-2026\/\"><\/p>\n<div class=\"container-img\">\n\t\t\t\t\t\t\t\t\t\t\t\t<img decoding=\"async\" width=\"640\" height=\"804\" src=\"https:\/\/numero.com\/wp-content\/uploads\/2025\/08\/thumb-tongs-tendance-kendall-jenner-768x965.jpg\" class=\"img-fluid\" alt=\"kendall jenner en tongs tendance printemps-ete 2026\" loading=\"lazy\">\t\t\t\t\t\t\t\t\t\t\t\t<\/p>\n<div class=\"number\">29<\/div>\n<\/p><\/div>\n<div class=\"card-info d-flex\">\n<div>\n<p class=\"cat-title\">Mode<\/p>\n<h3 class=\"post-title\">Quelles tongs porter \u00e0 la ville comme \u00e0 la plage ?<\/h3>\n<\/p><\/div>\n<p class=\"date\">\n\t\t\t\t\t\t\t\t\t\t\t\t\t29 avr 2026\t\t\t\t\t\t\t\t\t\t\t\t<\/p>\n<\/p><\/div>\n<p>\t\t\t\t\t\t\t\t\t\t<\/a>\n\t\t\t\t\t\t\t\t\t<\/div>\n<\/p><\/div>\n<div class=\"col-lg-3\">\n<div class=\"post-card desktop\">\n\t\t\t\t\t\t\t\t\t\t<a class=\"post-link\" href=\"https:\/\/numero.com\/mode\/jupes-transparentes-pour-adopter-la-tendance-de-lannee\/\"><\/p>\n<div class=\"container-img\">\n\t\t\t\t\t\t\t\t\t\t\t\t<img decoding=\"async\" width=\"640\" height=\"804\" src=\"https:\/\/numero.com\/wp-content\/uploads\/2024\/11\/thumb-jupe-transparente-tendance-printemps-ete-2026-768x965.jpg\" class=\"img-fluid\" alt=\"tessa thompson en jupe transparente tendance printemps-ete 2026 \u00e0 ny\" loading=\"lazy\">\t\t\t\t\t\t\t\t\t\t\t\t<\/p>\n<div class=\"number\">27<\/div>\n<\/p><\/div>\n<div class=\"card-info\">\n<div class=\"meta d-flex justify-content-between\">\n<p class=\"cat-title\">Mode<\/p>\n<p class=\"date\">\n\t\t\t\t\t\t\t\t\t\t\t\t\t\t27 avr 2026\t\t\t\t\t\t\t\t\t\t\t\t\t<\/p>\n<\/p><\/div>\n<div class=\"post-title\">16 jupes transparentes pour une allure sensuelle<\/div>\n<\/p><\/div>\n<p>\t\t\t\t\t\t\t\t\t\t<\/a>\n\t\t\t\t\t\t\t\t\t<\/div>\n<div class=\"post-card mobile\">\n\t\t\t\t\t\t\t\t\t\t<a class=\"post-link d-flex\" href=\"https:\/\/numero.com\/mode\/jupes-transparentes-pour-adopter-la-tendance-de-lannee\/\"><\/p>\n<div class=\"container-img\">\n\t\t\t\t\t\t\t\t\t\t\t\t<img decoding=\"async\" width=\"640\" height=\"804\" src=\"https:\/\/numero.com\/wp-content\/uploads\/2024\/11\/thumb-jupe-transparente-tendance-printemps-ete-2026-768x965.jpg\" class=\"img-fluid\" alt=\"tessa thompson en jupe transparente tendance printemps-ete 2026 \u00e0 ny\" loading=\"lazy\">\t\t\t\t\t\t\t\t\t\t\t\t<\/p>\n<div class=\"number\">27<\/div>\n<\/p><\/div>\n<div class=\"card-info d-flex\">\n<div>\n<p class=\"cat-title\">Mode<\/p>\n<h3 class=\"post-title\">16 jupes transparentes pour une allure sensuelle<\/h3>\n<\/p><\/div>\n<p class=\"date\">\n\t\t\t\t\t\t\t\t\t\t\t\t\t27 avr 2026\t\t\t\t\t\t\t\t\t\t\t\t<\/p>\n<\/p><\/div>\n<p>\t\t\t\t\t\t\t\t\t\t<\/a>\n\t\t\t\t\t\t\t\t\t<\/div>\n<\/p><\/div>\n<div class=\"col-lg-3\">\n<div class=\"post-card desktop\">\n\t\t\t\t\t\t\t\t\t\t<a class=\"post-link\" href=\"https:\/\/numero.com\/mode\/corsets-pour-adopter-la-tendance-lingerie\/\"><\/p>\n<div class=\"container-img\">\n\t\t\t\t\t\t\t\t\t\t\t\t<img decoding=\"async\" width=\"640\" height=\"804\" src=\"https:\/\/numero.com\/wp-content\/uploads\/2024\/11\/corset-tendance-printemps-ete-2026-margot-robbie-1-768x965.jpg\" class=\"img-fluid\" alt=\"margot robbie en dilara findikoglu corset tendance\" loading=\"lazy\">\t\t\t\t\t\t\t\t\t\t\t\t<\/p>\n<div class=\"number\">22<\/div>\n<\/p><\/div>\n<div class=\"card-info\">\n<div class=\"meta d-flex justify-content-between\">\n<p class=\"cat-title\">Mode<\/p>\n<p class=\"date\">\n\t\t\t\t\t\t\t\t\t\t\t\t\t\t22 avr 2026\t\t\t\t\t\t\t\t\t\t\t\t\t<\/p>\n<\/p><\/div>\n<div class=\"post-title\">Quel est le corset id\u00e9al pour adopter la tendance n\u00e9obourgeoise ?<\/div>\n<\/p><\/div>\n<p>\t\t\t\t\t\t\t\t\t\t<\/a>\n\t\t\t\t\t\t\t\t\t<\/div>\n<div class=\"post-card mobile\">\n\t\t\t\t\t\t\t\t\t\t<a class=\"post-link d-flex\" href=\"https:\/\/numero.com\/mode\/corsets-pour-adopter-la-tendance-lingerie\/\"><\/p>\n<div class=\"container-img\">\n\t\t\t\t\t\t\t\t\t\t\t\t<img decoding=\"async\" width=\"640\" height=\"804\" src=\"https:\/\/numero.com\/wp-content\/uploads\/2024\/11\/corset-tendance-printemps-ete-2026-margot-robbie-1-768x965.jpg\" class=\"img-fluid\" alt=\"margot robbie en dilara findikoglu corset tendance\" loading=\"lazy\">\t\t\t\t\t\t\t\t\t\t\t\t<\/p>\n<div class=\"number\">22<\/div>\n<\/p><\/div>\n<div class=\"card-info d-flex\">\n<div>\n<p class=\"cat-title\">Mode<\/p>\n<h3 class=\"post-title\">Quel est le corset id\u00e9al pour adopter la tendance n\u00e9obourgeoise ?<\/h3>\n<\/p><\/div>\n<p class=\"date\">\n\t\t\t\t\t\t\t\t\t\t\t\t\t22 avr 2026\t\t\t\t\t\t\t\t\t\t\t\t<\/p>\n<\/p><\/div>\n<p>\t\t\t\t\t\t\t\t\t\t<\/a>\n\t\t\t\t\t\t\t\t\t<\/div>\n<\/p><\/div>\n<\/p><\/div>\n<\/p><\/div>\n<\/section>\n<div class=\"padding-bottom-s\">\n<div class=\"ad banner desktop\">\n<div class=\"container\">\n<div class=\"row\">\n            <!-- \/21730003857\/numero-ad-unit\/numero-banner-1 --><\/p>\n<div id=\"div-gpt-ad-1773673267712-0\" style=\"min-width: 350px\">\n<p>                    googletag.cmd.push(function () {<br \/>\n                        googletag.display(&#8216;div-gpt-ad-1773673267712-0&#8217;);<br \/>\n                    });<\/p><\/div>\n<\/p><\/div>\n<\/p><\/div>\n<\/div><\/div>\n<\/p><\/div>\n","protected":false},"excerpt":{"rendered":"<p>4 4 googletag.cmd.push(function () { googletag.display(&#8216;div-gpt-ad-1773673590069-0&#8217;); }); Lien copi\u00e9 Mode 4 mai 2026 Comment s\u2019approprier l\u2019intemporel tailleur ? Zendaya en tailleur blanc sign\u00e9 Louis Vuitton lors du Met Gala 2025, Kristen Stewart en tailleur Chanel au Festival de Cannes, Hailey Bieber en costume masculin dans les rues de Los Angeles\u2026 D\u00e9j\u00e0 adopt\u00e9 par les stars [&hellip;]<\/p>\n","protected":false},"author":1,"featured_media":0,"comment_status":"open","ping_status":"","sticky":false,"template":"","format":"standard","meta":{"footnotes":""},"categories":[1],"tags":[226,258],"class_list":["post-1917286","post","type-post","status-publish","format-standard","hentry","category-uncategorized","tag-crawlmanager","tag-numero-com"],"_links":{"self":[{"href":"https:\/\/analyse.optim.biz\/index.php?rest_route=\/wp\/v2\/posts\/1917286","targetHints":{"allow":["GET"]}}],"collection":[{"href":"https:\/\/analyse.optim.biz\/index.php?rest_route=\/wp\/v2\/posts"}],"about":[{"href":"https:\/\/analyse.optim.biz\/index.php?rest_route=\/wp\/v2\/types\/post"}],"author":[{"embeddable":true,"href":"https:\/\/analyse.optim.biz\/index.php?rest_route=\/wp\/v2\/users\/1"}],"replies":[{"embeddable":true,"href":"https:\/\/analyse.optim.biz\/index.php?rest_route=%2Fwp%2Fv2%2Fcomments&post=1917286"}],"version-history":[{"count":0,"href":"https:\/\/analyse.optim.biz\/index.php?rest_route=\/wp\/v2\/posts\/1917286\/revisions"}],"wp:attachment":[{"href":"https:\/\/analyse.optim.biz\/index.php?rest_route=%2Fwp%2Fv2%2Fmedia&parent=1917286"}],"wp:term":[{"taxonomy":"category","embeddable":true,"href":"https:\/\/analyse.optim.biz\/index.php?rest_route=%2Fwp%2Fv2%2Fcategories&post=1917286"},{"taxonomy":"post_tag","embeddable":true,"href":"https:\/\/analyse.optim.biz\/index.php?rest_route=%2Fwp%2Fv2%2Ftags&post=1917286"}],"curies":[{"name":"wp","href":"https:\/\/api.w.org\/{rel}","templated":true}]}}