{"id":191706,"date":"2014-11-30T21:46:45","date_gmt":"2014-11-30T18:46:45","guid":{"rendered":"https:\/\/analyse.optim.biz\/?p=191706"},"modified":"2014-11-30T21:46:45","modified_gmt":"2014-11-30T18:46:45","slug":"cristian-diaconescu-consilierul-prezidential-e-un-salahor-intelectual-profesionist","status":"publish","type":"post","link":"https:\/\/analyse.optim.biz\/?p=191706","title":{"rendered":"Cristian Diaconescu: Consilierul preziden\u021bial e un salahor intelectual profesionist"},"content":{"rendered":"<div class=\"entry data-app-meta data-app-meta-article\" data-embed-base-url-canonical=\"https:\/\/www.digi24.ro\/embed\/stiri\/actualitate\/politica\/cristian-diaconescu-consilierul-prezidential-e-un-salahor-intelectual-profesionist-328358\">\n<p data-index=\"1\">Cristian Diaconescu a spus c\u0103 echipa de consilieri a pre\u0219edintelui este ca un fel de \u201eGuvern bis\u201d, pentru c\u0103 atunci c\u00e2nd rela\u021bia dintre \u0219eful statului \u0219i premier este proast\u0103, atunci trebuie ca influen\u021ba consilierilor preziden\u021biali s\u0103 creasc\u0103.<\/p>\n<p data-index=\"2\">\u201eAparatul tehnic, e bine s\u0103 se \u0219tie, sunt oameni pl\u0103ti\u021bi cu 10-12 milioane pe lun\u0103 (lei vechi \u2013 n.red.) c\u0103rora le ceri s\u0103 munceasc\u0103 chiar \u0219i zece ore, s\u0103 fie cu arma la picior \u00een orice meoment, \u0219i pentru care s\u0103rb\u0103toarea zilei na\u021bionale din nu \u0219tiu ce \u021bar\u0103, pentru c\u0103 ai pierdut s\u0103rb\u0103torirea \u0219i cineva n-a anun\u021bat \u0219i pre\u0219edintele nu a trimis o scrisoare de felicitare, ei bine acel om \u00ee\u0219i pierde locul de munc\u0103\u201d, a exemplificat Cristian Diaconescu.<\/p>\n<p data-index=\"3\">Fostul consilier a mai spus c\u0103 salariul este \u201ede mizerie\u201d \u0219i c\u0103 este greu de atras tinerii \u00een acest domeniu.<\/p>\n<p data-index=\"4\">\u201eA fost la un moment dat o discu\u021bie s\u0103 \u00eei aducem pe cei din str\u0103in\u0103tate, c\u00e2nd au aflat despre ce e vorba nu a mai venit nimeni. Tr\u0103im \u00eentr-un soi de ipocrizie. Dac\u0103 lucreaz\u0103 la Pre\u0219edin\u021bie, are nu \u0219tiu ce calitate. N-are niciun fel de calitate. E un salahor intelectual profesionist. Exact situa\u021bia din Ministerul de Externe, pentru c\u0103 am \u00een\u021beles c\u0103 \u00een alte ministere lucrurile nu stau chiar a\u0219a. Sunt ministere \u00een care \u0219eful de serviciu are salariu mai mare dec\u00e2t pre\u0219edintele Rom\u00e2niei\u201d, a punctat el.<\/p>\n<p data-index=\"5\">Ionu\u021b Vulpescu a ad\u0103ugat c\u0103 miza \u00een a fi consilier preziden\u021bial nu o reprezint\u0103 salarizarea.<\/p>\n<p data-index=\"6\">\u201eE o rela\u021bie de \u00eencredere pe care o ai cu pre\u0219edintele. Asta este fundamental\u0103. \u0218i nu at\u00e2t dimensiunea politic\u0103, conteaz\u0103 foarte mult \u0219i aceea personal\u0103\u201d, a spus Ionu\u021b Vulpescu.<\/p>\n<p data-index=\"7\">\u00cen privin\u021ba salariz\u0103rii, el a mai spus c\u0103 acest domeniu ar trebui s\u0103 fie mai atractiv pentru tineri.<\/p>\n<p data-index=\"8\">\u201eEu am asistat \u0219i \u00een 2000 la schimbarea g\u0103rzii, \u0219i \u00een 2005. Poate c\u0103 ar fi vrut \u0219i al\u021bi oameni care s\u0103 lucreze pentru pre\u0219edinte pentru o idee de administra\u021bie preziden\u021bial\u0103. \u00cen momentul \u00een care vezi care e nivelul de salarizare te mai g\u00e2nde\u0219ti\u201d, a spus Ionu\u021b Vulpescu.<\/p>\n<h5>Citi\u021bi \u0219i:<\/h5>\n<h5><a href=\"https:\/\/www.digi24.ro\/Stiri\/Digi24\/Actualitate\/Politica\/Consilieri+prezidentiali+Klaus+Iohannis+scrisoare+deschisa\" data-skip-linkfix=\"1\">Mai mul\u0163i intelectuali, uimi\u0163i de posibilii consilieri preziden\u0163iali. Reac\u021bia lui Klaus Iohannis<\/a><\/h5>\n<h5><a href=\"https:\/\/www.digi24.ro\/Stiri\/Digi24\/Actualitate\/Politica\/Mihai+Razvan+Ungureanu+Cancelaria+Prezidentiala+Klaus+Iohannis\" data-skip-linkfix=\"1\">M. R. Ungureanu, \u00eentrebat dac\u0103 ar putea prelua \u015fefia cancelariei preziden\u0163iale: Nu confirm, dar nici nu infirm<\/a><\/h5>\n<\/div>\n<p> Source URL: https:\/\/www.digi24.ro\/stiri\/actualitate\/politica\/cristian-diaconescu-consilierul-prezidential-e-un-salahor-intelectual-profesionist-328358<\/p>\n","protected":false},"excerpt":{"rendered":"<p>Cristian Diaconescu a spus c\u0103 echipa de consilieri a pre\u0219edintelui este ca un fel de \u201eGuvern bis\u201d, pentru c\u0103 atunci c\u00e2nd rela\u021bia dintre \u0219eful statului \u0219i premier este proast\u0103, atunci trebuie ca influen\u021ba consilierilor preziden\u021biali s\u0103 creasc\u0103. \u201eAparatul tehnic, e bine s\u0103 se \u0219tie, sunt oameni pl\u0103ti\u021bi cu 10-12 milioane pe lun\u0103 (lei vechi \u2013 [&hellip;]<\/p>\n","protected":false},"author":1,"featured_media":191707,"comment_status":"open","ping_status":"","sticky":false,"template":"","format":"standard","meta":{"footnotes":""},"categories":[2],"tags":[11],"class_list":["post-191706","post","type-post","status-publish","format-standard","has-post-thumbnail","hentry","category-politics","tag-digi24"],"_links":{"self":[{"href":"https:\/\/analyse.optim.biz\/index.php?rest_route=\/wp\/v2\/posts\/191706","targetHints":{"allow":["GET"]}}],"collection":[{"href":"https:\/\/analyse.optim.biz\/index.php?rest_route=\/wp\/v2\/posts"}],"about":[{"href":"https:\/\/analyse.optim.biz\/index.php?rest_route=\/wp\/v2\/types\/post"}],"author":[{"embeddable":true,"href":"https:\/\/analyse.optim.biz\/index.php?rest_route=\/wp\/v2\/users\/1"}],"replies":[{"embeddable":true,"href":"https:\/\/analyse.optim.biz\/index.php?rest_route=%2Fwp%2Fv2%2Fcomments&post=191706"}],"version-history":[{"count":0,"href":"https:\/\/analyse.optim.biz\/index.php?rest_route=\/wp\/v2\/posts\/191706\/revisions"}],"wp:featuredmedia":[{"embeddable":true,"href":"https:\/\/analyse.optim.biz\/index.php?rest_route=\/wp\/v2\/media\/191707"}],"wp:attachment":[{"href":"https:\/\/analyse.optim.biz\/index.php?rest_route=%2Fwp%2Fv2%2Fmedia&parent=191706"}],"wp:term":[{"taxonomy":"category","embeddable":true,"href":"https:\/\/analyse.optim.biz\/index.php?rest_route=%2Fwp%2Fv2%2Fcategories&post=191706"},{"taxonomy":"post_tag","embeddable":true,"href":"https:\/\/analyse.optim.biz\/index.php?rest_route=%2Fwp%2Fv2%2Ftags&post=191706"}],"curies":[{"name":"wp","href":"https:\/\/api.w.org\/{rel}","templated":true}]}}