{"id":1915949,"date":"2026-05-03T06:50:39","date_gmt":"2026-05-03T03:50:39","guid":{"rendered":"https:\/\/analyse.optim.biz\/?p=1915949"},"modified":"2026-05-03T06:50:39","modified_gmt":"2026-05-03T03:50:39","slug":"mircea-eliade-ii-da-muie-lui-catalin-avramescu","status":"publish","type":"post","link":"https:\/\/analyse.optim.biz\/?p=1915949","title":{"rendered":"Mircea Eliade \u00eei d\u0103 muie lui C\u0103t\u0103lin Avramescu"},"content":{"rendered":"<p>[analyse_image type=&#8221;featured&#8221; src=&#8221;https:\/\/www.incorectpolitic.com\/wp-content\/uploads\/2026\/05\/117627d4-e763-4ac0-a6ed-6909fb87c72e.png&#8221;]<\/p>\n<div class=\"entry\">\n<p>Vlad Voicu<br \/><strong>Incorect Politic<\/strong><br \/>\nMai 3, 2026<\/p>\n<p><a href=\"https:\/\/www.incorectpolitic.com\/mircea-eliade-ii-da-muie-lui-catalin-avramescu\/117627d4-e763-4ac0-a6ed-6909fb87c72e\/\" rel=\"attachment wp-att-81614\"><img loading=\"lazy\" decoding=\"async\" class=\"size-full wp-image-81614 aligncenter\" src=\"https:\/\/www.incorectpolitic.com\/wp-content\/uploads\/2026\/05\/117627d4-e763-4ac0-a6ed-6909fb87c72e.png\" alt width=\"1448\" height=\"1086\"><\/a><\/p>\n<p>\u00a0<\/p>\n<h2><strong>Mircea Eliade \u00eei d\u0103 muie lui C\u0103t\u0103lin Avramescu<\/strong><\/h2>\n<p>\u00a0<\/p>\n<p>Da, acesta este titlul.<\/p>\n<p>Pentru acesta este r\u0103spunsul pe care \u00eel merit\u0103.<\/p>\n<p>Un sus\u021bin\u0103tor al statului genocidar Israel crede c\u0103 numele lui Mircea Eliade trebuie \u00eenl\u0103turat din spa\u021biul public.<\/p>\n<p>El este C\u0103t\u0103lin Avram(u)escu.<\/p>\n<p>Iat\u0103 nivelul lui C\u0103t\u0103lin Avram(u)escu:<\/p>\n<p><a href=\"https:\/\/www.incorectpolitic.com\/mircea-eliade-ii-da-muie-lui-catalin-avramescu\/whatsapp-image-2026-05-03-at-02-59-59\/\" rel=\"attachment wp-att-81613\"><img loading=\"lazy\" decoding=\"async\" class=\"size-full wp-image-81613 aligncenter lazyload\" src=\"https:\/\/www.incorectpolitic.com\/wp-content\/uploads\/2026\/05\/WhatsApp-Image-2026-05-03-at-02.59.59.jpeg\" alt width=\"526\" height=\"713\"><\/a><\/p>\n<p><img loading=\"lazy\" decoding=\"async\" class=\"size-full wp-image-81613 aligncenter\" src=\"https:\/\/www.incorectpolitic.com\/wp-content\/uploads\/2026\/05\/WhatsApp-Image-2026-05-03-at-02.59.59.jpeg\" alt width=\"526\" height=\"713\" data-eio=\"l\"><\/p>\n<p>\u00a0<\/p>\n<p>Acum iat\u0103 nivelul lui Mircea Eliade:<\/p>\n<p><a href=\"https:\/\/www.incorectpolitic.com\/mircea-eliade-de-ce-cred-in-biruinta-miscarii-legionare\/mircea-eliade-many-nature-defenders-have-lived-such-mystical-experiences-which-are-often\/\" rel=\"attachment wp-att-33690\"><img loading=\"lazy\" decoding=\"async\" class=\"size-full wp-image-33690 aligncenter lazyload\" alt width=\"390\" height=\"640\" src=\"https:\/\/www.incorectpolitic.com\/wp-content\/uploads\/2020\/02\/Mircea-Eliade-Many-nature-defenders-have-lived-such-mystical-experiences-which-are-often.png\"><\/a><\/p>\n<p><img loading=\"lazy\" decoding=\"async\" class=\"size-full wp-image-33690 aligncenter\" src=\"https:\/\/www.incorectpolitic.com\/wp-content\/uploads\/2020\/02\/Mircea-Eliade-Many-nature-defenders-have-lived-such-mystical-experiences-which-are-often.png\" alt width=\"390\" height=\"640\" data-eio=\"l\"><\/p>\n<h2><strong>De ce cred \u00een biruinta Misc\u00e3rii Legionare?<\/strong><\/h2>\n<h3 align=\"center\"><strong>\u00a0<em>Buna Vestire<\/em>, An I, 1937, Decembrie 17, nr. 244, pp 1\u20132<\/strong><br \/><strong>\u00a0<\/strong><\/h3>\n<div>\n<p>Cred \u00een destinul neamului rom\u00e2nesc \u2013 de aceea cred \u00een biruin\u021ba Mi\u0219c\u0103rii Legionare. Un neam care a dovedit uria\u0219e puteri de crea\u021bie, la toate nivelurile realit\u0103\u021bii, nu poate naufragia la periferia istoriei, \u00eentr-o democra\u021bie balcanizat\u0103 \u0219i \u00eentr-o catastof\u0103 civil\u0103.<\/p>\n<p>Pu\u021bine neamuri europene au fost \u00eenzestrate de Dumnezeu cu at\u00e2tea virtu\u021bi ca neamul rom\u00e2nesc. Unitatea lingvistic\u0103 este aproape un miracol (limba rom\u00e2n\u0103 este singura limb\u0103 romanic\u0103 f\u0103r\u0103 dialecte). Rom\u00e2nii au fost cei mai buni creatori de state din sud-estul Europei. Puterea de crea\u021bie spiritual\u0103 a neamului nostru st\u0103 m\u0103rturie \u00een folclor, \u00een arta popular\u0103, \u00een sensibilitatea religioas\u0103. Un neam h\u0103r\u0103zit cu at\u00e2tea virtu\u021bi \u2013 biologice, civile, spirituale \u2013 poate el pieri f\u0103r\u0103 s\u0103-\u0219i fi \u00eemplinit marea sa misiune istoric\u0103? Poate neamul rom\u00e2nesc s\u0103-\u0219i sf\u00e2r\u0219easc\u0103 via\u021ba \u00een cea mai trist\u0103 descompunere pe care ar cunoa\u0219te-o istoria, surpat de mizerie \u0219i sifilis, cotropit de jidani \u0219i sf\u00e2rtecat de str\u0103ini, demoralizat, tr\u0103dat, v\u00e2ndut pentru c\u00eeteva sute de milioane de lei? Oric\u00e2t de mare ar fi vina p\u0103rin\u021bilor no\u0219tri, pedeapsa ar fi prea ne\u00eenduplecat\u0103. Nu pot crede c\u0103 neamul rom\u00e2nesc a rezistat o mie de ani cu arma \u00een m\u00e2n\u0103, ca s\u0103 piar\u0103 ca un la\u0219, ast\u0103zi, \u00eemb\u0103tat de vorbe \u0219i alcool, imbecilizat de mizerie \u0219i paralizat de tr\u0103dare. Cine nu se \u00eendoie\u0219te de destinul neamului nostru nu se poate \u00eendoi de biruin\u021ba Mi\u0219c\u0103rii Legionare.<\/p>\n<p>Cred \u00een aceast\u0103 biruin\u021b\u0103 pentru c\u0103, \u00eenainte de toate, cred \u00een biruin\u021ba duhului cre\u0219tin. O mi\u0219care izvor\u00e2t\u0103 \u0219i alimentat\u0103 de spiritualitatea cre\u0219tin\u0103, o revolu\u021bie spiritual\u0103 care lupt\u0103 \u00een primul r\u00e2nd \u00eempotriva p\u0103catului \u0219i nevredniciei \u2013 nu este o mi\u0219care politic\u0103. Ea este o revolu\u021bie cre\u0219tin\u0103. Cuv\u00e2ntul M\u00e2ntuitorului a fost \u00een\u021beles \u0219i tr\u0103it \u00een felurite chipuri, de c\u0103tre toate neamurile cre\u0219tine, de-a lungul istoriei. Dar niciodat\u0103 un neam \u00eentreg n-a tr\u0103it o revolu\u021bie cre\u0219tin\u0103 cu toat\u0103 fiin\u021ba sa; niciodat\u0103 cuv\u00e2ntul M\u00e2ntuitorului n-a fost \u00een\u021beles ca o revolu\u021bie a for\u021belor suflete\u0219ti \u00eempotriva p\u0103catelor \u0219i sl\u0103biciunilor c\u0103rnii; niciodat\u0103 un neam \u00eentreg nu \u0219i-a ales ca ideal de via\u021b\u0103 c\u0103lug\u0103ria \u0219i ca mireas\u0103 moartea.<\/p>\n<p>Ast\u0103zi lumea \u00eentreag\u0103 st\u0103 sub semnul revolu\u021biei. Dar \u00een timp ce alte popoare tr\u0103iesc aceast\u0103 revolu\u021bie \u00een numele luptei de clas\u0103 \u0219i al primatului economic (comunismul) sau al Statului (fascismul) sau al rasei (hitlerismul), Mi\u0219carea Legionar\u0103 s-a n\u0103scut sub semnul Arhanghelului Mihail si va birui prin harul dumnezeiesc.<\/p>\n<p>De aceea, \u00een timp ce toate revolu\u021biile contemporane sunt politice, revolu\u021bia legionar\u0103 este spiritual\u0103 \u0219i cre\u0219tin\u0103.<\/p>\n<p>\u00cen timp ce toate revolu\u021biile contemporane au ca scop cucerirea puterii de c\u0103tre o clas\u0103 social\u0103 sau de c\u0103tre un om, revolu\u021bia legionar\u0103 are drept \u021bint\u0103 suprem\u0103 m\u00e2ntuirea neamului, \u00eemp\u0103carea neamului rom\u00e2nesc cu Dumnezeu, cum a spus C\u0103pitanul. De aceea, sensul Mi\u0219c\u0103rii Legionare se deosebe\u0219te de tot ceea ce s-a f\u0103cut p\u00e2n\u0103 ast\u0103zi \u00een istorie, \u0219i biruin\u021ba legionar\u0103 va aduce dup\u0103 sine nu numai restaurarea virtu\u021bilor neamului nostru, o Rom\u00e2nie vrednic\u0103, demn\u0103 \u0219i puternic\u0103 \u2013 ci va crea un om nou, corespunz\u0103tor unui nou tip de via\u021b\u0103 european\u0103.<\/p>\n<p>Omul nou nu s-a n\u0103scut niciodat\u0103 dintr-o mi\u0219care politic\u0103 \u2013 ci \u00eentotdeauna dintr-o revolu\u021bie spiritual\u0103, dintr-o vast\u0103 prefacere l\u0103untric\u0103. A\u0219a s-a n\u0103scut omul nou al Cre\u0219tinismului, al Rena\u0219terii etc., dintr-un des\u0103v\u00e2r\u0219it primat al spiritului \u00eempotriva temporalului, dintr-o biruin\u021b\u0103 a duhului \u00eempotriva c\u0103rnii. Omul nou se na\u0219te printr-o adev\u0103rat\u0103 tr\u0103ire \u0219i fructificare a libert\u0103\u021bii. Cred \u00een biruin\u021ba Mi\u0219c\u0103rii Legionare pentru c\u0103 cred \u00een libertate, \u00een puterea sufletului \u00eempotriva determinismului biologic \u0219i economic. Cei care vin \u00een Legiune vin pentru c\u0103 se simt liberi. Instinctele de conservare, la\u0219it\u0103\u021bile care zac \u00een sufletul fiec\u0103ruia, frica \u2013 toate acestea sunt \u00eenfr\u00e2nte. Legionarul nu mai e robul determinismului \u0219i al instinctelor biologice. El \u0219tie c\u0103 \u201en-are niciun interes\u201d, c\u0103 \u201en-are nimic de c\u00e2\u0219tigat\u201d, integr\u00e2ndu-se \u00een Legiune. Dimpotriv\u0103, \u0219tie c\u0103 va fi lovit \u00een interesele lui, c\u0103 via\u021ba va fi mai grea, c\u0103 poate va intra \u00een temni\u021be sau poate va da piept chiar cu moartea. Toate \u201einteresele\u201d \u0219i instinctele acestea, care \u201edetermin\u0103\u201d via\u021ba fiec\u0103rui om, sunt \u00eenfr\u00e2nte prin marele gest de libertate al ader\u0103rii la Mi\u0219carea Legionar\u0103. Se poate spune, f\u0103r\u0103 urm\u0103 de paradox, c\u0103 singurii oameni care cunosc \u0219i tr\u0103iesc libertatea sunt ast\u0103zi, \u00een Rom\u00e2nia, legionarii.<\/p>\n<p>Cei care nu cunosc Legiunea, ca \u0219i cei care lupt\u0103 \u00eempotriva ei, continu\u0103 s\u0103 vorbeasc\u0103 despre \u201edictatur\u0103\u201d \u0219i se mir\u0103 c\u0103 tinerii intelectuali ader\u0103 cu at\u00e2ta spontaneitate la o mi\u0219care \u00een care \u201epersonalitatea\u201d este strivit\u0103 \u0219i libertatea suprimat\u0103. Am avut prilejul s\u0103 m\u0103 ocup alt\u0103dat\u0103 de subita admira\u021bie a oamenilor no\u0219tri politici pentru \u201epersonalitate\u201d, de teama lor c\u0103 \u00een Rom\u00e2nia nu se vor mai putea ridica \u201epersonalit\u0103\u021bile\u201d. \u00cei \u00eentrebam atunci c\u00e2te \u201epersonalit\u0103\u021bi\u201d a creat regimul libert\u0103\u021bii lor. Unde sunt? Care sunt? \u0218i mai \u00eentrebam ce au f\u0103cut politicienii no\u0219tri pentru oamenii cu adev\u0103rat\u0103 \u201epersonalitate\u201d, care au ie\u0219it la lumin\u0103 prin munca, geniul sau talentul lor, \u0219i au fost os\u00e2ndi\u021bi la o via\u021b\u0103 de mediocritate \u0219i jertf\u0103. Ce au f\u0103cut politicienii no\u0219tri, din toate partidele, pentru un Lucian Blaga sau Aron Cotru\u0219, un Camil Petrescu, un Perpessicius \u0219i al\u021bii? Ce-au f\u0103cut politicienii pentru genera\u021bia t\u00e2n\u0103r\u0103 de c\u0103rturari, arti\u0219ti, tehnicieni \u0219i g\u00e2nditori? Care este t\u00e2n\u0103rul cu \u201epersonalitate\u201d pe care l-a descoperit vreun partid politic \u0219i l-a pus la locul pe care-l merit\u0103, i-a dat putin\u021ba s\u0103-\u0219i fructifice inteligen\u021ba sau talentul pentru binele ob\u0219tesc? Eu \u0219tiu c\u0103 au fost \u201edescoperi\u021bi\u201d o sum\u0103 de afaceri\u0219ti precoci, secretari \u201einteligen\u021bi\u201d \u0219i lichele domestice, cu care s-au \u201e\u00eentinerit\u201d cadrele partidelor. Apologe\u021bii ace\u0219tia de ultim\u0103 or\u0103 ai \u201epersonalit\u0103\u021bii\u201d sunt tot at\u00e2t de ridiculi pe c\u00e2t sunt de ipocri\u021bi.<\/p>\n<\/div>\n<div>\n<p>Le aminteam cu alt prilej c\u0103 \u00een cele mai disciplinate \u0219i mai severe ordine c\u0103lug\u0103re\u0219ti catolice s-au putut \u00een\u0103l\u021ba totu\u0219i destule personalit\u0103\u021bi. Un Thomas din Aquino nu seam\u0103n\u0103 cu un Francisc din Assisi, un Bonaventura cu un Fran\u00e7ois de Sales. Personalitatea cre\u0219te \u0219i rode\u0219te pretutindeni, \u0219i cu c\u00e2t e mai sever\u0103 disciplina, cu at\u00e2t \u201cpersonalitatea\u201d se define\u0219te mai precis. Disciplina nu e totuna cu \u201cdictatura\u201d, cum las\u0103 a se \u00een\u021belege ponegritorii Legiunii. Disciplina cre\u0219te \u0219i promoveaz\u0103 personalit\u0103\u021bile \u2013 pentru c\u0103 orice act de ascultare poate fi un act de comand\u0103 asupra ta \u00eensu\u021bi, asupra instinctelor sau anarhiei tale l\u0103untrice. Actul de ascultare \u00ee\u021bi d\u0103 \u021bie comanda asupra bestiei din tine, asupra vie\u021bii biologice care \u00eencearc\u0103 s\u0103 te men\u021bin\u0103 \u00een evaziv, \u00een comoditate, \u00een c\u0103ldicel. Disciplina te \u00eent\u0103re\u0219te pe tine, \u00ee\u021bi f\u0103ure\u0219te personalitatea. De aceea cavalerii medievali \u0219i feudali au fost at\u00e2t de liberi \u0219i de d\u00e2rji; pentru c\u0103 juraser\u0103 credin\u021b\u0103 (fides, trust, treve) unui \u0219ef\u2026<\/p>\n<p>Cred \u00een biruin\u021ba Mi\u0219c\u0103rii Legionare pentru c\u0103 cred \u00een dragoste. Dragostea singur\u0103 preface bestia \u00een om, \u00eenlocuind instinctele prin libertate. Dilige et quod vis fac, spunea Fericitul Augustin: \u201ciube\u0219te \u0219i f\u0103 ce vrei!\u201d. Cel care iube\u0219te cu adev\u0103rat e liber. Dar dragostea transfigureaz\u0103 pe om \u0219i libertatea pe care \u0219i-o dob\u00e2nde\u0219te insul iubind nu va st\u00e2njeni pe nimeni, nu va face s\u0103 sufere pe nimeni. Legionarii nu sunt numai camarazi, sunt fra\u021bi. \u0218i este at\u00e2t de puternic valul de dragoste, \u00eenc\u00e2t dac\u0103 n-ar fi dec\u00e2t el singur, \u0219i tot ar trebui s\u0103 n\u0103d\u0103jduim \u00een \u00eenvierea neamului rom\u00e2nesc, adic\u0103 \u00een biruin\u021ba Mi\u0219c\u0103rii Legionare.<\/p>\n<p>Cred \u00een destinul neamului nostru; cred \u00een revolu\u021bia cre\u0219tin\u0103 a omului nou; cred \u00een libertate, \u00een personalitate \u0219i \u00een dragoste. De aceea cred \u00een biruin\u021ba Mi\u0219c\u0103rii Legionare, \u00eentr-o Rom\u00e2nie m\u00e2ndr\u0103 \u0219i puternic\u0103, \u00eentr-un stil nou de via\u021b\u0103, care va transforma \u00een valori spirituale de universal\u0103 circula\u021bie bog\u0103\u021biile sufletului rom\u00e2nesc\u2026.<\/p>\n<p align=\"right\">\u00a0[<em>Buna Vestire<\/em>, An I, 1937, Decembrie 17, nr. 244, pp1 \u2013 2]\n<\/p>\n<\/div>\n<p>\u00a0<\/p>\n<p>\u00a0<\/p>\n<p>\u00a0<\/p>\n<p>Niciodat\u0103 nu se va ridica un Avramescu la nivelul lui Mircea Eliade.<\/p>\n<p>Mircea Eliade r\u0103m\u00e2ne drept, nemi\u0219cat, ne\u00eenvins \u0219i nemuritor, privind pururea biruitor la toate zv\u00e2rcolirile urii neputincioase.<\/p>\n<p>\u00a0<\/p>\n<\/div>\n<div class=\"entry\">\n<p>Vlad Voicu<br \/><strong>Incorect Politic<\/strong><br \/>\nMai 3, 2026<\/p>\n<p><a href=\"https:\/\/www.incorectpolitic.com\/mircea-eliade-ii-da-muie-lui-catalin-avramescu\/117627d4-e763-4ac0-a6ed-6909fb87c72e\/\" rel=\"attachment wp-att-81614\"><img loading=\"lazy\" decoding=\"async\" class=\"size-full wp-image-81614 aligncenter\" src=\"https:\/\/www.incorectpolitic.com\/wp-content\/uploads\/2026\/05\/117627d4-e763-4ac0-a6ed-6909fb87c72e.png\" alt width=\"1448\" height=\"1086\"><\/a><\/p>\n<p>\u00a0<\/p>\n<h2><strong>Mircea Eliade \u00eei d\u0103 muie lui C\u0103t\u0103lin Avramescu<\/strong><\/h2>\n<p>\u00a0<\/p>\n<p>Da, acesta este titlul.<\/p>\n<p>Pentru acesta este r\u0103spunsul pe care \u00eel merit\u0103.<\/p>\n<p>Un sus\u021bin\u0103tor al statului genocidar Israel crede c\u0103 numele lui Mircea Eliade trebuie \u00eenl\u0103turat din spa\u021biul public.<\/p>\n<p>El este C\u0103t\u0103lin Avram(u)escu.<\/p>\n<p>Iat\u0103 nivelul lui C\u0103t\u0103lin Avram(u)escu:<\/p>\n<p><a href=\"https:\/\/www.incorectpolitic.com\/mircea-eliade-ii-da-muie-lui-catalin-avramescu\/whatsapp-image-2026-05-03-at-02-59-59\/\" rel=\"attachment wp-att-81613\"><img loading=\"lazy\" decoding=\"async\" class=\"size-full wp-image-81613 aligncenter lazyload\" src=\"https:\/\/www.incorectpolitic.com\/wp-content\/uploads\/2026\/05\/WhatsApp-Image-2026-05-03-at-02.59.59.jpeg\" alt width=\"526\" height=\"713\"><\/a><\/p>\n<p><img loading=\"lazy\" decoding=\"async\" class=\"size-full wp-image-81613 aligncenter\" src=\"https:\/\/www.incorectpolitic.com\/wp-content\/uploads\/2026\/05\/WhatsApp-Image-2026-05-03-at-02.59.59.jpeg\" alt width=\"526\" height=\"713\" data-eio=\"l\"><\/p>\n<p>\u00a0<\/p>\n<p>Acum iat\u0103 nivelul lui Mircea Eliade:<\/p>\n<p><a href=\"https:\/\/www.incorectpolitic.com\/mircea-eliade-de-ce-cred-in-biruinta-miscarii-legionare\/mircea-eliade-many-nature-defenders-have-lived-such-mystical-experiences-which-are-often\/\" rel=\"attachment wp-att-33690\"><img loading=\"lazy\" decoding=\"async\" class=\"size-full wp-image-33690 aligncenter lazyload\" alt width=\"390\" height=\"640\" src=\"https:\/\/www.incorectpolitic.com\/wp-content\/uploads\/2020\/02\/Mircea-Eliade-Many-nature-defenders-have-lived-such-mystical-experiences-which-are-often.png\"><\/a><\/p>\n<p><img loading=\"lazy\" decoding=\"async\" class=\"size-full wp-image-33690 aligncenter\" src=\"https:\/\/www.incorectpolitic.com\/wp-content\/uploads\/2020\/02\/Mircea-Eliade-Many-nature-defenders-have-lived-such-mystical-experiences-which-are-often.png\" alt width=\"390\" height=\"640\" data-eio=\"l\"><\/p>\n<h2><strong>De ce cred \u00een biruinta Misc\u00e3rii Legionare?<\/strong><\/h2>\n<h3 align=\"center\"><strong>\u00a0<em>Buna Vestire<\/em>, An I, 1937, Decembrie 17, nr. 244, pp 1\u20132<\/strong><br \/><strong>\u00a0<\/strong><\/h3>\n<div>\n<p>Cred \u00een destinul neamului rom\u00e2nesc \u2013 de aceea cred \u00een biruin\u021ba Mi\u0219c\u0103rii Legionare. Un neam care a dovedit uria\u0219e puteri de crea\u021bie, la toate nivelurile realit\u0103\u021bii, nu poate naufragia la periferia istoriei, \u00eentr-o democra\u021bie balcanizat\u0103 \u0219i \u00eentr-o catastof\u0103 civil\u0103.<\/p>\n<p>Pu\u021bine neamuri europene au fost \u00eenzestrate de Dumnezeu cu at\u00e2tea virtu\u021bi ca neamul rom\u00e2nesc. Unitatea lingvistic\u0103 este aproape un miracol (limba rom\u00e2n\u0103 este singura limb\u0103 romanic\u0103 f\u0103r\u0103 dialecte). Rom\u00e2nii au fost cei mai buni creatori de state din sud-estul Europei. Puterea de crea\u021bie spiritual\u0103 a neamului nostru st\u0103 m\u0103rturie \u00een folclor, \u00een arta popular\u0103, \u00een sensibilitatea religioas\u0103. Un neam h\u0103r\u0103zit cu at\u00e2tea virtu\u021bi \u2013 biologice, civile, spirituale \u2013 poate el pieri f\u0103r\u0103 s\u0103-\u0219i fi \u00eemplinit marea sa misiune istoric\u0103? Poate neamul rom\u00e2nesc s\u0103-\u0219i sf\u00e2r\u0219easc\u0103 via\u021ba \u00een cea mai trist\u0103 descompunere pe care ar cunoa\u0219te-o istoria, surpat de mizerie \u0219i sifilis, cotropit de jidani \u0219i sf\u00e2rtecat de str\u0103ini, demoralizat, tr\u0103dat, v\u00e2ndut pentru c\u00eeteva sute de milioane de lei? Oric\u00e2t de mare ar fi vina p\u0103rin\u021bilor no\u0219tri, pedeapsa ar fi prea ne\u00eenduplecat\u0103. Nu pot crede c\u0103 neamul rom\u00e2nesc a rezistat o mie de ani cu arma \u00een m\u00e2n\u0103, ca s\u0103 piar\u0103 ca un la\u0219, ast\u0103zi, \u00eemb\u0103tat de vorbe \u0219i alcool, imbecilizat de mizerie \u0219i paralizat de tr\u0103dare. Cine nu se \u00eendoie\u0219te de destinul neamului nostru nu se poate \u00eendoi de biruin\u021ba Mi\u0219c\u0103rii Legionare.<\/p>\n<p>Cred \u00een aceast\u0103 biruin\u021b\u0103 pentru c\u0103, \u00eenainte de toate, cred \u00een biruin\u021ba duhului cre\u0219tin. O mi\u0219care izvor\u00e2t\u0103 \u0219i alimentat\u0103 de spiritualitatea cre\u0219tin\u0103, o revolu\u021bie spiritual\u0103 care lupt\u0103 \u00een primul r\u00e2nd \u00eempotriva p\u0103catului \u0219i nevredniciei \u2013 nu este o mi\u0219care politic\u0103. Ea este o revolu\u021bie cre\u0219tin\u0103. Cuv\u00e2ntul M\u00e2ntuitorului a fost \u00een\u021beles \u0219i tr\u0103it \u00een felurite chipuri, de c\u0103tre toate neamurile cre\u0219tine, de-a lungul istoriei. Dar niciodat\u0103 un neam \u00eentreg n-a tr\u0103it o revolu\u021bie cre\u0219tin\u0103 cu toat\u0103 fiin\u021ba sa; niciodat\u0103 cuv\u00e2ntul M\u00e2ntuitorului n-a fost \u00een\u021beles ca o revolu\u021bie a for\u021belor suflete\u0219ti \u00eempotriva p\u0103catelor \u0219i sl\u0103biciunilor c\u0103rnii; niciodat\u0103 un neam \u00eentreg nu \u0219i-a ales ca ideal de via\u021b\u0103 c\u0103lug\u0103ria \u0219i ca mireas\u0103 moartea.<\/p>\n<p>Ast\u0103zi lumea \u00eentreag\u0103 st\u0103 sub semnul revolu\u021biei. Dar \u00een timp ce alte popoare tr\u0103iesc aceast\u0103 revolu\u021bie \u00een numele luptei de clas\u0103 \u0219i al primatului economic (comunismul) sau al Statului (fascismul) sau al rasei (hitlerismul), Mi\u0219carea Legionar\u0103 s-a n\u0103scut sub semnul Arhanghelului Mihail si va birui prin harul dumnezeiesc.<\/p>\n<p>De aceea, \u00een timp ce toate revolu\u021biile contemporane sunt politice, revolu\u021bia legionar\u0103 este spiritual\u0103 \u0219i cre\u0219tin\u0103.<\/p>\n<p>\u00cen timp ce toate revolu\u021biile contemporane au ca scop cucerirea puterii de c\u0103tre o clas\u0103 social\u0103 sau de c\u0103tre un om, revolu\u021bia legionar\u0103 are drept \u021bint\u0103 suprem\u0103 m\u00e2ntuirea neamului, \u00eemp\u0103carea neamului rom\u00e2nesc cu Dumnezeu, cum a spus C\u0103pitanul. De aceea, sensul Mi\u0219c\u0103rii Legionare se deosebe\u0219te de tot ceea ce s-a f\u0103cut p\u00e2n\u0103 ast\u0103zi \u00een istorie, \u0219i biruin\u021ba legionar\u0103 va aduce dup\u0103 sine nu numai restaurarea virtu\u021bilor neamului nostru, o Rom\u00e2nie vrednic\u0103, demn\u0103 \u0219i puternic\u0103 \u2013 ci va crea un om nou, corespunz\u0103tor unui nou tip de via\u021b\u0103 european\u0103.<\/p>\n<p>Omul nou nu s-a n\u0103scut niciodat\u0103 dintr-o mi\u0219care politic\u0103 \u2013 ci \u00eentotdeauna dintr-o revolu\u021bie spiritual\u0103, dintr-o vast\u0103 prefacere l\u0103untric\u0103. A\u0219a s-a n\u0103scut omul nou al Cre\u0219tinismului, al Rena\u0219terii etc., dintr-un des\u0103v\u00e2r\u0219it primat al spiritului \u00eempotriva temporalului, dintr-o biruin\u021b\u0103 a duhului \u00eempotriva c\u0103rnii. Omul nou se na\u0219te printr-o adev\u0103rat\u0103 tr\u0103ire \u0219i fructificare a libert\u0103\u021bii. Cred \u00een biruin\u021ba Mi\u0219c\u0103rii Legionare pentru c\u0103 cred \u00een libertate, \u00een puterea sufletului \u00eempotriva determinismului biologic \u0219i economic. Cei care vin \u00een Legiune vin pentru c\u0103 se simt liberi. Instinctele de conservare, la\u0219it\u0103\u021bile care zac \u00een sufletul fiec\u0103ruia, frica \u2013 toate acestea sunt \u00eenfr\u00e2nte. Legionarul nu mai e robul determinismului \u0219i al instinctelor biologice. El \u0219tie c\u0103 \u201en-are niciun interes\u201d, c\u0103 \u201en-are nimic de c\u00e2\u0219tigat\u201d, integr\u00e2ndu-se \u00een Legiune. Dimpotriv\u0103, \u0219tie c\u0103 va fi lovit \u00een interesele lui, c\u0103 via\u021ba va fi mai grea, c\u0103 poate va intra \u00een temni\u021be sau poate va da piept chiar cu moartea. Toate \u201einteresele\u201d \u0219i instinctele acestea, care \u201edetermin\u0103\u201d via\u021ba fiec\u0103rui om, sunt \u00eenfr\u00e2nte prin marele gest de libertate al ader\u0103rii la Mi\u0219carea Legionar\u0103. Se poate spune, f\u0103r\u0103 urm\u0103 de paradox, c\u0103 singurii oameni care cunosc \u0219i tr\u0103iesc libertatea sunt ast\u0103zi, \u00een Rom\u00e2nia, legionarii.<\/p>\n<p>Cei care nu cunosc Legiunea, ca \u0219i cei care lupt\u0103 \u00eempotriva ei, continu\u0103 s\u0103 vorbeasc\u0103 despre \u201edictatur\u0103\u201d \u0219i se mir\u0103 c\u0103 tinerii intelectuali ader\u0103 cu at\u00e2ta spontaneitate la o mi\u0219care \u00een care \u201epersonalitatea\u201d este strivit\u0103 \u0219i libertatea suprimat\u0103. Am avut prilejul s\u0103 m\u0103 ocup alt\u0103dat\u0103 de subita admira\u021bie a oamenilor no\u0219tri politici pentru \u201epersonalitate\u201d, de teama lor c\u0103 \u00een Rom\u00e2nia nu se vor mai putea ridica \u201epersonalit\u0103\u021bile\u201d. \u00cei \u00eentrebam atunci c\u00e2te \u201epersonalit\u0103\u021bi\u201d a creat regimul libert\u0103\u021bii lor. Unde sunt? Care sunt? \u0218i mai \u00eentrebam ce au f\u0103cut politicienii no\u0219tri pentru oamenii cu adev\u0103rat\u0103 \u201epersonalitate\u201d, care au ie\u0219it la lumin\u0103 prin munca, geniul sau talentul lor, \u0219i au fost os\u00e2ndi\u021bi la o via\u021b\u0103 de mediocritate \u0219i jertf\u0103. Ce au f\u0103cut politicienii no\u0219tri, din toate partidele, pentru un Lucian Blaga sau Aron Cotru\u0219, un Camil Petrescu, un Perpessicius \u0219i al\u021bii? Ce-au f\u0103cut politicienii pentru genera\u021bia t\u00e2n\u0103r\u0103 de c\u0103rturari, arti\u0219ti, tehnicieni \u0219i g\u00e2nditori? Care este t\u00e2n\u0103rul cu \u201epersonalitate\u201d pe care l-a descoperit vreun partid politic \u0219i l-a pus la locul pe care-l merit\u0103, i-a dat putin\u021ba s\u0103-\u0219i fructifice inteligen\u021ba sau talentul pentru binele ob\u0219tesc? Eu \u0219tiu c\u0103 au fost \u201edescoperi\u021bi\u201d o sum\u0103 de afaceri\u0219ti precoci, secretari \u201einteligen\u021bi\u201d \u0219i lichele domestice, cu care s-au \u201e\u00eentinerit\u201d cadrele partidelor. Apologe\u021bii ace\u0219tia de ultim\u0103 or\u0103 ai \u201epersonalit\u0103\u021bii\u201d sunt tot at\u00e2t de ridiculi pe c\u00e2t sunt de ipocri\u021bi.<\/p>\n<\/div>\n<div>\n<p>Le aminteam cu alt prilej c\u0103 \u00een cele mai disciplinate \u0219i mai severe ordine c\u0103lug\u0103re\u0219ti catolice s-au putut \u00een\u0103l\u021ba totu\u0219i destule personalit\u0103\u021bi. Un Thomas din Aquino nu seam\u0103n\u0103 cu un Francisc din Assisi, un Bonaventura cu un Fran\u00e7ois de Sales. Personalitatea cre\u0219te \u0219i rode\u0219te pretutindeni, \u0219i cu c\u00e2t e mai sever\u0103 disciplina, cu at\u00e2t \u201cpersonalitatea\u201d se define\u0219te mai precis. Disciplina nu e totuna cu \u201cdictatura\u201d, cum las\u0103 a se \u00een\u021belege ponegritorii Legiunii. Disciplina cre\u0219te \u0219i promoveaz\u0103 personalit\u0103\u021bile \u2013 pentru c\u0103 orice act de ascultare poate fi un act de comand\u0103 asupra ta \u00eensu\u021bi, asupra instinctelor sau anarhiei tale l\u0103untrice. Actul de ascultare \u00ee\u021bi d\u0103 \u021bie comanda asupra bestiei din tine, asupra vie\u021bii biologice care \u00eencearc\u0103 s\u0103 te men\u021bin\u0103 \u00een evaziv, \u00een comoditate, \u00een c\u0103ldicel. Disciplina te \u00eent\u0103re\u0219te pe tine, \u00ee\u021bi f\u0103ure\u0219te personalitatea. De aceea cavalerii medievali \u0219i feudali au fost at\u00e2t de liberi \u0219i de d\u00e2rji; pentru c\u0103 juraser\u0103 credin\u021b\u0103 (fides, trust, treve) unui \u0219ef\u2026<\/p>\n<p>Cred \u00een biruin\u021ba Mi\u0219c\u0103rii Legionare pentru c\u0103 cred \u00een dragoste. Dragostea singur\u0103 preface bestia \u00een om, \u00eenlocuind instinctele prin libertate. Dilige et quod vis fac, spunea Fericitul Augustin: \u201ciube\u0219te \u0219i f\u0103 ce vrei!\u201d. Cel care iube\u0219te cu adev\u0103rat e liber. Dar dragostea transfigureaz\u0103 pe om \u0219i libertatea pe care \u0219i-o dob\u00e2nde\u0219te insul iubind nu va st\u00e2njeni pe nimeni, nu va face s\u0103 sufere pe nimeni. Legionarii nu sunt numai camarazi, sunt fra\u021bi. \u0218i este at\u00e2t de puternic valul de dragoste, \u00eenc\u00e2t dac\u0103 n-ar fi dec\u00e2t el singur, \u0219i tot ar trebui s\u0103 n\u0103d\u0103jduim \u00een \u00eenvierea neamului rom\u00e2nesc, adic\u0103 \u00een biruin\u021ba Mi\u0219c\u0103rii Legionare.<\/p>\n<p>Cred \u00een destinul neamului nostru; cred \u00een revolu\u021bia cre\u0219tin\u0103 a omului nou; cred \u00een libertate, \u00een personalitate \u0219i \u00een dragoste. De aceea cred \u00een biruin\u021ba Mi\u0219c\u0103rii Legionare, \u00eentr-o Rom\u00e2nie m\u00e2ndr\u0103 \u0219i puternic\u0103, \u00eentr-un stil nou de via\u021b\u0103, care va transforma \u00een valori spirituale de universal\u0103 circula\u021bie bog\u0103\u021biile sufletului rom\u00e2nesc\u2026.<\/p>\n<p align=\"right\">\u00a0[<em>Buna Vestire<\/em>, An I, 1937, Decembrie 17, nr. 244, pp1 \u2013 2]\n<\/p>\n<\/div>\n<p>\u00a0<\/p>\n<p>\u00a0<\/p>\n<p>\u00a0<\/p>\n<p>Niciodat\u0103 nu se va ridica un Avramescu la nivelul lui Mircea Eliade.<\/p>\n<p>Mircea Eliade r\u0103m\u00e2ne drept, nemi\u0219cat, ne\u00eenvins \u0219i nemuritor, privind pururea biruitor la toate zv\u00e2rcolirile urii neputincioase.<\/p>\n<p>\u00a0<\/p>\n<\/div>\n<article class=\"post-80361 post type-post status-publish entry includes-feat-image\">\n<div class=\"featured-image alignleft\"><a class=\"featured_post_link\" href=\"https:\/\/www.incorectpolitic.com\/ultimul-fiu-al-daciei\/\" title=\"Ultimul Fiu al Daciei\"><img loading=\"lazy\" decoding=\"async\" width=\"100\" height=\"150\" src=\"https:\/\/www.incorectpolitic.com\/wp-content\/uploads\/2025\/10\/dac.jpeg\" class=\"attachment-thumbnail size-thumbnail wp-post-image lazyload\" alt><img loading=\"lazy\" decoding=\"async\" width=\"100\" height=\"150\" src=\"https:\/\/www.incorectpolitic.com\/wp-content\/uploads\/2025\/10\/dac.jpeg\" class=\"attachment-thumbnail size-thumbnail wp-post-image\" alt data-eio=\"l\"><\/a><\/div>\n<div class=\"entry-title\"><a class=\"featured_post_link\" href=\"https:\/\/www.incorectpolitic.com\/ultimul-fiu-al-daciei\/\" title=\"Ultimul Fiu al Daciei\">Ultimul Fiu al Daciei<\/a><\/div>\n<\/article>\n<article class=\"post-73927 post type-post status-publish entry includes-feat-image\">\n<div class=\"featured-image alignleft\"><a class=\"featured_post_link\" href=\"https:\/\/www.incorectpolitic.com\/cauzele-si-dinamica-antisemitismului\/\" title=\"Cauzele \u0219i Dinamica Antisemitismului\"><img loading=\"lazy\" decoding=\"async\" width=\"150\" height=\"150\" src=\"https:\/\/www.incorectpolitic.com\/wp-content\/uploads\/2018\/09\/bolshevik-jews-150x150.jpg\" class=\"attachment-thumbnail size-thumbnail wp-post-image lazyload\" alt><img loading=\"lazy\" decoding=\"async\" width=\"150\" height=\"150\" src=\"https:\/\/www.incorectpolitic.com\/wp-content\/uploads\/2018\/09\/bolshevik-jews-150x150.jpg\" class=\"attachment-thumbnail size-thumbnail wp-post-image\" alt data-eio=\"l\"><\/a><\/div>\n<div class=\"entry-title\"><a class=\"featured_post_link\" href=\"https:\/\/www.incorectpolitic.com\/cauzele-si-dinamica-antisemitismului\/\" title=\"Cauzele \u0219i Dinamica Antisemitismului\">Cauzele \u0219i Dinamica Antisemitismului<\/a><\/div>\n<\/article>\n<article class=\"post-72974 post type-post status-publish entry includes-feat-image\">\n<div class=\"featured-image alignleft\"><a class=\"featured_post_link\" href=\"https:\/\/www.incorectpolitic.com\/navalirea-jidanilor-de-vasile-alecsandri-piesa-interzisa\/\" title=\"N\u0103v\u0103lirea Jidanilor \u2013 de Vasile Alecsandri (Pies\u0103 interzis\u0103)\"><img loading=\"lazy\" decoding=\"async\" width=\"150\" height=\"150\" src=\"https:\/\/www.incorectpolitic.com\/wp-content\/uploads\/2024\/02\/jidani-navalire-2.png\" class=\"attachment-thumbnail size-thumbnail wp-post-image lazyload\" alt><img loading=\"lazy\" decoding=\"async\" width=\"150\" height=\"150\" src=\"https:\/\/www.incorectpolitic.com\/wp-content\/uploads\/2024\/02\/jidani-navalire-2.png\" class=\"attachment-thumbnail size-thumbnail wp-post-image\" alt data-eio=\"l\"><\/a><\/div>\n<div class=\"entry-title\"><a class=\"featured_post_link\" href=\"https:\/\/www.incorectpolitic.com\/navalirea-jidanilor-de-vasile-alecsandri-piesa-interzisa\/\" title=\"N\u0103v\u0103lirea Jidanilor \u2013 de Vasile Alecsandri (Pies\u0103 interzis\u0103)\">N\u0103v\u0103lirea Jidanilor \u2013 de Vasile Alecsandri (Pies\u0103 interzis\u0103)<\/a><\/div>\n<\/article>\n<article class=\"post-71879 post type-post status-publish entry includes-feat-image\">\n<div class=\"featured-image alignleft\"><a class=\"featured_post_link\" href=\"https:\/\/www.incorectpolitic.com\/europa-si-romania-in-anul-2050\/\" title=\"Europa \u0219i Rom\u00e2nia \u00een anul 2050\"><img loading=\"lazy\" decoding=\"async\" width=\"147\" height=\"150\" src=\"https:\/\/www.incorectpolitic.com\/wp-content\/uploads\/2024\/01\/Romania-2050-2.png\" class=\"attachment-thumbnail size-thumbnail wp-post-image lazyload\" alt><img loading=\"lazy\" decoding=\"async\" width=\"147\" height=\"150\" src=\"https:\/\/www.incorectpolitic.com\/wp-content\/uploads\/2024\/01\/Romania-2050-2.png\" class=\"attachment-thumbnail size-thumbnail wp-post-image\" alt data-eio=\"l\"><\/a><\/div>\n<div class=\"entry-title\"><a class=\"featured_post_link\" href=\"https:\/\/www.incorectpolitic.com\/europa-si-romania-in-anul-2050\/\" title=\"Europa \u0219i Rom\u00e2nia \u00een anul 2050\">Europa \u0219i Rom\u00e2nia \u00een anul 2050<\/a><\/div>\n<\/article>\n<article class=\"post-23854 post type-post status-publish entry includes-feat-image\">\n<div class=\"featured-image alignleft\"><a class=\"featured_post_link\" href=\"https:\/\/www.incorectpolitic.com\/vizita-papei-autonomie-alternativa\/\" title=\"Vizita Papei \u2013 Autonomie Alternativ\u0103\"><img loading=\"lazy\" decoding=\"async\" width=\"150\" height=\"150\" class=\"attachment-thumbnail size-thumbnail wp-post-image lazyload\" alt src=\"https:\/\/www.incorectpolitic.com\/wp-content\/uploads\/2019\/06\/uI2HFtR-150x150.jpg\"><img loading=\"lazy\" decoding=\"async\" width=\"150\" height=\"150\" src=\"https:\/\/www.incorectpolitic.com\/wp-content\/uploads\/2019\/06\/uI2HFtR-150x150.jpg\" class=\"attachment-thumbnail size-thumbnail wp-post-image\" alt data-eio=\"l\"><\/a><\/div>\n<div class=\"entry-title\"><a class=\"featured_post_link\" href=\"https:\/\/www.incorectpolitic.com\/vizita-papei-autonomie-alternativa\/\" title=\"Vizita Papei \u2013 Autonomie Alternativ\u0103\">Vizita Papei \u2013 Autonomie Alternativ\u0103<\/a><\/div>\n<\/article>\n<article class=\"post-72111 post type-post status-publish entry includes-feat-image\">\n<div class=\"featured-image alignleft\"><a class=\"featured_post_link\" href=\"https:\/\/www.incorectpolitic.com\/revelion-2023-2024-vine-anul-biruintei\/\" title=\"Revelion 2023 \u2013 2024 vine ANUL BIRUIN\u021aEI\"><img loading=\"lazy\" decoding=\"async\" width=\"150\" height=\"150\" src=\"https:\/\/www.incorectpolitic.com\/wp-content\/uploads\/2023\/12\/anul-biruintei.png\" class=\"attachment-thumbnail size-thumbnail wp-post-image lazyload\" alt><img loading=\"lazy\" decoding=\"async\" width=\"150\" height=\"150\" src=\"https:\/\/www.incorectpolitic.com\/wp-content\/uploads\/2023\/12\/anul-biruintei.png\" class=\"attachment-thumbnail size-thumbnail wp-post-image\" alt data-eio=\"l\"><\/a><\/div>\n<div class=\"entry-title\"><a class=\"featured_post_link\" href=\"https:\/\/www.incorectpolitic.com\/revelion-2023-2024-vine-anul-biruintei\/\" title=\"Revelion 2023 \u2013 2024 vine ANUL BIRUIN\u021aEI\">Revelion 2023 \u2013 2024 vine ANUL BIRUIN\u021aEI<\/a><\/div>\n<\/article>\n<article class=\"post-50139 post type-post status-publish entry includes-feat-image\">\n<div class=\"featured-image alignleft\"><a class=\"featured_post_link\" href=\"https:\/\/www.incorectpolitic.com\/analiza-strategiei-adoptata-de-guvern-pentru-combaterea-antisemitismului-xenofobiei-si-discursului-instigator-la-ura-2021-2023\/\" title=\"Analiza Strategiei Adoptat\u0103 de Guvern Pentru Combaterea \u201cantisemitismului, xenofobiei \u0219i discursului instigator la ur\u0103 2021-2023\u201d\"><img loading=\"lazy\" decoding=\"async\" width=\"150\" height=\"150\" src=\"https:\/\/www.incorectpolitic.com\/wp-content\/uploads\/2019\/08\/Jewish-censorship-e1421273251759-2-150x150.jpg\" class=\"attachment-thumbnail size-thumbnail wp-post-image lazyload\" alt><img loading=\"lazy\" decoding=\"async\" width=\"150\" height=\"150\" src=\"https:\/\/www.incorectpolitic.com\/wp-content\/uploads\/2019\/08\/Jewish-censorship-e1421273251759-2-150x150.jpg\" class=\"attachment-thumbnail size-thumbnail wp-post-image\" alt data-eio=\"l\"><\/a><\/div>\n<div class=\"entry-title\"><a class=\"featured_post_link\" href=\"https:\/\/www.incorectpolitic.com\/analiza-strategiei-adoptata-de-guvern-pentru-combaterea-antisemitismului-xenofobiei-si-discursului-instigator-la-ura-2021-2023\/\" title=\"Analiza Strategiei Adoptat\u0103 de Guvern Pentru Combaterea \u201cantisemitismului, xenofobiei \u0219i discursului instigator la ur\u0103 2021-2023\u201d\">Analiza Strategiei Adoptat\u0103 de Guvern Pentru Combaterea \u201cantisemitismului, xenofobiei \u0219i discursului instigator la ur\u0103 2021-2023\u201d<\/a><\/div>\n<\/article>\n<article class=\"post-70829 post type-post status-publish entry includes-feat-image\">\n<div class=\"featured-image alignleft\"><a class=\"featured_post_link\" href=\"https:\/\/www.incorectpolitic.com\/pozitia-unilaterala-a-pseudo-politicienilor-din-romania-si-a-bor-in-sustinerea-israelului-singurul-stat-terorist-din-lume-arata-ca-acestia-nu-au-o-fibra-cu-adevarat-nationala\/\" title=\"Pozi\u021bia unilateral\u0103 a pseudo politicienilor din Rom\u00e2nia \u0219i a BOR \u00een sus\u021binerea Israelului, singurul stat terorist din lume, arat\u0103 c\u0103 ace\u0219tia nu au o fibr\u0103 cu adev\u0103rat na\u021bional\u0103\"><img loading=\"lazy\" decoding=\"async\" width=\"150\" height=\"89\" src=\"https:\/\/www.incorectpolitic.com\/wp-content\/uploads\/2023\/08\/circumcision.png\" class=\"attachment-thumbnail size-thumbnail wp-post-image lazyload\" alt><img loading=\"lazy\" decoding=\"async\" width=\"150\" height=\"89\" src=\"https:\/\/www.incorectpolitic.com\/wp-content\/uploads\/2023\/08\/circumcision.png\" class=\"attachment-thumbnail size-thumbnail wp-post-image\" alt data-eio=\"l\"><\/a><\/div>\n<div class=\"entry-title\"><a class=\"featured_post_link\" href=\"https:\/\/www.incorectpolitic.com\/pozitia-unilaterala-a-pseudo-politicienilor-din-romania-si-a-bor-in-sustinerea-israelului-singurul-stat-terorist-din-lume-arata-ca-acestia-nu-au-o-fibra-cu-adevarat-nationala\/\" title=\"Pozi\u021bia unilateral\u0103 a pseudo politicienilor din Rom\u00e2nia \u0219i a BOR \u00een sus\u021binerea Israelului, singurul stat terorist din lume, arat\u0103 c\u0103 ace\u0219tia nu au o fibr\u0103 cu adev\u0103rat na\u021bional\u0103\">Pozi\u021bia unilateral\u0103 a pseudo politicienilor din Rom\u00e2nia \u0219i a BOR \u00een sus\u021binerea Israelului, singurul stat terorist din lume, arat\u0103 c\u0103 ace\u0219tia nu au o fibr\u0103 cu adev\u0103rat na\u021bional\u0103<\/a><\/div>\n<\/article>\n<article class=\"post-66937 post type-post status-publish entry includes-feat-image\">\n<div class=\"featured-image alignleft\"><a class=\"featured_post_link\" href=\"https:\/\/www.incorectpolitic.com\/agresiunea-impotriva-revizionistilor-istorici-si-efectele-linsajului-judiciar-de-la-nuremberg\/\" title=\"Agresiunea \u00eempotriva Revizioni\u0219tilor Istorici \u0219i efectele lin\u0219ajului judiciar de la Nurnberg\"><img loading=\"lazy\" decoding=\"async\" width=\"150\" height=\"100\" src=\"https:\/\/www.incorectpolitic.com\/wp-content\/uploads\/2023\/04\/image_2023-04-30_134634134.png\" class=\"attachment-thumbnail size-thumbnail wp-post-image lazyload\" alt><img loading=\"lazy\" decoding=\"async\" width=\"150\" height=\"100\" src=\"https:\/\/www.incorectpolitic.com\/wp-content\/uploads\/2023\/04\/image_2023-04-30_134634134.png\" class=\"attachment-thumbnail size-thumbnail wp-post-image\" alt data-eio=\"l\"><\/a><\/div>\n<div class=\"entry-title\"><a class=\"featured_post_link\" href=\"https:\/\/www.incorectpolitic.com\/agresiunea-impotriva-revizionistilor-istorici-si-efectele-linsajului-judiciar-de-la-nuremberg\/\" title=\"Agresiunea \u00eempotriva Revizioni\u0219tilor Istorici \u0219i efectele lin\u0219ajului judiciar de la Nurnberg\">Agresiunea \u00eempotriva Revizioni\u0219tilor Istorici \u0219i efectele lin\u0219ajului judiciar de la Nurnberg<\/a><\/div>\n<\/article>\n<article class=\"post-19111 post type-post status-publish entry includes-feat-image\">\n<div class=\"featured-image alignleft\"><a class=\"featured_post_link\" href=\"https:\/\/www.incorectpolitic.com\/despre-adevar\/\" title=\"Despre Adev\u0103r\"><img loading=\"lazy\" decoding=\"async\" width=\"150\" height=\"150\" src=\"https:\/\/www.incorectpolitic.com\/wp-content\/uploads\/2019\/02\/freedomfromchain-150x150.jpg\" class=\"attachment-thumbnail size-thumbnail wp-post-image lazyload\" alt><img loading=\"lazy\" decoding=\"async\" width=\"150\" height=\"150\" src=\"https:\/\/www.incorectpolitic.com\/wp-content\/uploads\/2019\/02\/freedomfromchain-150x150.jpg\" class=\"attachment-thumbnail size-thumbnail wp-post-image\" alt data-eio=\"l\"><\/a><\/div>\n<div class=\"entry-title\"><a class=\"featured_post_link\" href=\"https:\/\/www.incorectpolitic.com\/despre-adevar\/\" title=\"Despre Adev\u0103r\">Despre Adev\u0103r<\/a><\/div>\n<\/article>\n<article class=\"post-53767 post type-post status-publish entry includes-feat-image\">\n<div class=\"featured-image alignleft\"><a class=\"featured_post_link\" href=\"https:\/\/www.incorectpolitic.com\/dictionarul-coincidentelor-cine-sunt-iudeii-care-ne-au-influentat-tara-in-istoria-recenta\/\" title=\"DIC\u021aIONARUL COINCIDEN\u021aELOR  \u2013 Cine sunt iudeii care ne-au influen\u021bat \u021bara \u00een istoria recent\u0103\"><img loading=\"lazy\" decoding=\"async\" width=\"150\" height=\"150\" src=\"https:\/\/www.incorectpolitic.com\/wp-content\/uploads\/2021\/09\/coinc-150x150.png\" class=\"attachment-thumbnail size-thumbnail wp-post-image lazyload\" alt><img loading=\"lazy\" decoding=\"async\" width=\"150\" height=\"150\" src=\"https:\/\/www.incorectpolitic.com\/wp-content\/uploads\/2021\/09\/coinc-150x150.png\" class=\"attachment-thumbnail size-thumbnail wp-post-image\" alt data-eio=\"l\"><\/a><\/div>\n<div class=\"entry-title\"><a class=\"featured_post_link\" href=\"https:\/\/www.incorectpolitic.com\/dictionarul-coincidentelor-cine-sunt-iudeii-care-ne-au-influentat-tara-in-istoria-recenta\/\" title=\"DIC\u021aIONARUL COINCIDEN\u021aELOR  \u2013 Cine sunt iudeii care ne-au influen\u021bat \u021bara \u00een istoria recent\u0103\">DIC\u021aIONARUL COINCIDEN\u021aELOR  \u2013 Cine sunt iudeii care ne-au influen\u021bat \u021bara \u00een istoria recent\u0103<\/a><\/div>\n<\/article>\n<article class=\"post-51156 post type-post status-publish entry includes-feat-image\">\n<div class=\"featured-image alignleft\"><a class=\"featured_post_link\" href=\"https:\/\/www.incorectpolitic.com\/desertaciune-nu-aparare\/\" title=\"DE\u0218ERT\u0102CIUNE?! Nu, AP\u0102RARE!\"><img loading=\"lazy\" decoding=\"async\" width=\"150\" height=\"150\" class=\"attachment-thumbnail size-thumbnail wp-post-image lazyload\" alt src=\"https:\/\/www.incorectpolitic.com\/wp-content\/uploads\/2021\/06\/desertaciune-nu-aparare-150x150.jpg\"><img loading=\"lazy\" decoding=\"async\" width=\"150\" height=\"150\" src=\"https:\/\/www.incorectpolitic.com\/wp-content\/uploads\/2021\/06\/desertaciune-nu-aparare-150x150.jpg\" class=\"attachment-thumbnail size-thumbnail wp-post-image\" alt data-eio=\"l\"><\/a><\/div>\n<div class=\"entry-title\"><a class=\"featured_post_link\" href=\"https:\/\/www.incorectpolitic.com\/desertaciune-nu-aparare\/\" title=\"DE\u0218ERT\u0102CIUNE?! Nu, AP\u0102RARE!\">DE\u0218ERT\u0102CIUNE?! Nu, AP\u0102RARE!<\/a><\/div>\n<\/article>\n<article class=\"post-44728 post type-post status-publish entry includes-feat-image\">\n<div class=\"featured-image alignleft\"><a class=\"featured_post_link\" href=\"https:\/\/www.incorectpolitic.com\/resetarea-medicinei-sau-resetarea-omenirii-prin-nanotehnologie\/\" title=\"Resetarea Medicinei sau Resetarea Omenirii prin Nanotehnologie\"><img loading=\"lazy\" decoding=\"async\" width=\"150\" height=\"150\" src=\"https:\/\/www.incorectpolitic.com\/wp-content\/uploads\/2020\/12\/ed8a914d6d236c9d231903a8b2e79f63-150x150.gif\" class=\"attachment-thumbnail size-thumbnail wp-post-image lazyload\" alt><img loading=\"lazy\" decoding=\"async\" width=\"150\" height=\"150\" src=\"https:\/\/www.incorectpolitic.com\/wp-content\/uploads\/2020\/12\/ed8a914d6d236c9d231903a8b2e79f63-150x150.gif\" class=\"attachment-thumbnail size-thumbnail wp-post-image\" alt data-eio=\"l\"><\/a><\/div>\n<div class=\"entry-title\"><a class=\"featured_post_link\" href=\"https:\/\/www.incorectpolitic.com\/resetarea-medicinei-sau-resetarea-omenirii-prin-nanotehnologie\/\" title=\"Resetarea Medicinei sau Resetarea Omenirii prin Nanotehnologie\">Resetarea Medicinei sau Resetarea Omenirii prin Nanotehnologie<\/a><\/div>\n<\/article>\n<article class=\"post-43837 post type-post status-publish entry includes-feat-image\">\n<div class=\"featured-image alignleft\"><a class=\"featured_post_link\" href=\"https:\/\/www.incorectpolitic.com\/noul-legamant\/\" title=\"Noul Leg\u0103m\u00e2nt\"><img loading=\"lazy\" decoding=\"async\" width=\"150\" height=\"150\" src=\"https:\/\/www.incorectpolitic.com\/wp-content\/uploads\/2020\/12\/NL-150x150.jpg\" class=\"attachment-thumbnail size-thumbnail wp-post-image lazyload\" alt><img loading=\"lazy\" decoding=\"async\" width=\"150\" height=\"150\" src=\"https:\/\/www.incorectpolitic.com\/wp-content\/uploads\/2020\/12\/NL-150x150.jpg\" class=\"attachment-thumbnail size-thumbnail wp-post-image\" alt data-eio=\"l\"><\/a><\/div>\n<div class=\"entry-title\"><a class=\"featured_post_link\" href=\"https:\/\/www.incorectpolitic.com\/noul-legamant\/\" title=\"Noul Leg\u0103m\u00e2nt\">Noul Leg\u0103m\u00e2nt<\/a><\/div>\n<\/article>\n<article class=\"post-42525 post type-post status-publish entry includes-feat-image\">\n<div class=\"featured-image alignleft\"><a class=\"featured_post_link\" href=\"https:\/\/www.incorectpolitic.com\/vaccinarea-inseamna-crima-un-atentat-la-sanatatea-personala-la-integritatea-corporala-si-intimitatea-oricarui-om-liber-medicul-ce-vaccineaza-cu-forta-un-om-liber-merita-sa-fie-pedepsit-de-acesta\/\" title=\"Vaccinarea \u00eenseamn\u0103 crim\u0103, un atentat la s\u0103n\u0103tatea personal\u0103, la integritatea corporal\u0103 \u0219i intimitatea oric\u0103rui om liber. Medicul ce vaccineaz\u0103 cu for\u021ba un om liber merit\u0103 s\u0103 fie pedepsit de acesta\"><img loading=\"lazy\" decoding=\"async\" width=\"150\" height=\"150\" src=\"https:\/\/www.incorectpolitic.com\/wp-content\/uploads\/2020\/11\/syringe_0-150x150.jpg\" class=\"attachment-thumbnail size-thumbnail wp-post-image lazyload\" alt><img loading=\"lazy\" decoding=\"async\" width=\"150\" height=\"150\" src=\"https:\/\/www.incorectpolitic.com\/wp-content\/uploads\/2020\/11\/syringe_0-150x150.jpg\" class=\"attachment-thumbnail size-thumbnail wp-post-image\" alt data-eio=\"l\"><\/a><\/div>\n<div class=\"entry-title\"><a class=\"featured_post_link\" href=\"https:\/\/www.incorectpolitic.com\/vaccinarea-inseamna-crima-un-atentat-la-sanatatea-personala-la-integritatea-corporala-si-intimitatea-oricarui-om-liber-medicul-ce-vaccineaza-cu-forta-un-om-liber-merita-sa-fie-pedepsit-de-acesta\/\" title=\"Vaccinarea \u00eenseamn\u0103 crim\u0103, un atentat la s\u0103n\u0103tatea personal\u0103, la integritatea corporal\u0103 \u0219i intimitatea oric\u0103rui om liber. Medicul ce vaccineaz\u0103 cu for\u021ba un om liber merit\u0103 s\u0103 fie pedepsit de acesta\">Vaccinarea \u00eenseamn\u0103 crim\u0103, un atentat la s\u0103n\u0103tatea personal\u0103, la integritatea corporal\u0103 \u0219i intimitatea oric\u0103rui om liber. Medicul ce vaccineaz\u0103 cu for\u021ba un om liber merit\u0103 s\u0103 fie pedepsit de acesta<\/a><\/div>\n<\/article>\n<article class=\"post-38338 post type-post status-publish entry includes-feat-image\">\n<div class=\"featured-image alignleft\"><a class=\"featured_post_link\" href=\"https:\/\/www.incorectpolitic.com\/trebuie-sa-distrugem-suprematia-jidoveasca\/\" title=\"Trebuie s\u0103 distrugem superma\u021bia jidoveasc\u0103!\"><img loading=\"lazy\" decoding=\"async\" width=\"150\" height=\"150\" src=\"https:\/\/www.incorectpolitic.com\/wp-content\/uploads\/2018\/11\/GunoiOPS-150x150.png\" class=\"attachment-thumbnail size-thumbnail wp-post-image lazyload\" alt><img loading=\"lazy\" decoding=\"async\" width=\"150\" height=\"150\" src=\"https:\/\/www.incorectpolitic.com\/wp-content\/uploads\/2018\/11\/GunoiOPS-150x150.png\" class=\"attachment-thumbnail size-thumbnail wp-post-image\" alt data-eio=\"l\"><\/a><\/div>\n<div class=\"entry-title\"><a class=\"featured_post_link\" href=\"https:\/\/www.incorectpolitic.com\/trebuie-sa-distrugem-suprematia-jidoveasca\/\" title=\"Trebuie s\u0103 distrugem superma\u021bia jidoveasc\u0103!\">Trebuie s\u0103 distrugem superma\u021bia jidoveasc\u0103!<\/a><\/div>\n<\/article>\n<article class=\"post-30776 post type-post status-publish entry includes-feat-image\">\n<div class=\"featured-image alignleft\"><a class=\"featured_post_link\" href=\"https:\/\/www.incorectpolitic.com\/da-ti-doua-palme-si-ridica-te\/\" title=\"D\u0103-\u021bi Dou\u0103 Palme \u0219i Ridic\u0103-te\"><img loading=\"lazy\" decoding=\"async\" width=\"150\" height=\"150\" src=\"https:\/\/www.incorectpolitic.com\/wp-content\/uploads\/2019\/11\/1-mai-620x350-150x150.jpg\" class=\"attachment-thumbnail size-thumbnail wp-post-image lazyload\" alt><img loading=\"lazy\" decoding=\"async\" width=\"150\" height=\"150\" src=\"https:\/\/www.incorectpolitic.com\/wp-content\/uploads\/2019\/11\/1-mai-620x350-150x150.jpg\" class=\"attachment-thumbnail size-thumbnail wp-post-image\" alt data-eio=\"l\"><\/a><\/div>\n<div class=\"entry-title\"><a class=\"featured_post_link\" href=\"https:\/\/www.incorectpolitic.com\/da-ti-doua-palme-si-ridica-te\/\" title=\"D\u0103-\u021bi Dou\u0103 Palme \u0219i Ridic\u0103-te\">D\u0103-\u021bi Dou\u0103 Palme \u0219i Ridic\u0103-te<\/a><\/div>\n<\/article>\n<article class=\"post-27862 post type-post status-publish entry includes-feat-image\">\n<div class=\"featured-image alignleft\"><a class=\"featured_post_link\" href=\"https:\/\/www.incorectpolitic.com\/scrisoare-deschisa-catre-neamul-romanesc\/\" title=\"Scrisoare Deschis\u0103 C\u0103tre Neamul Rom\u00e2nesc\"><img loading=\"lazy\" decoding=\"async\" width=\"150\" height=\"150\" src=\"https:\/\/www.incorectpolitic.com\/wp-content\/uploads\/2019\/09\/videoblocks-male-hand-reload-a-revolver-magnum-gun-without-bullets-magnum-revolver-and-empty-bullet-magnum-lead-round-nose-45-auto-rim-revolver-rounds_ha1focujz_thumbnail-full01-150x150.jpg\" class=\"attachment-thumbnail size-thumbnail wp-post-image lazyload\" alt><img loading=\"lazy\" decoding=\"async\" width=\"150\" height=\"150\" src=\"https:\/\/www.incorectpolitic.com\/wp-content\/uploads\/2019\/09\/videoblocks-male-hand-reload-a-revolver-magnum-gun-without-bullets-magnum-revolver-and-empty-bullet-magnum-lead-round-nose-45-auto-rim-revolver-rounds_ha1focujz_thumbnail-full01-150x150.jpg\" class=\"attachment-thumbnail size-thumbnail wp-post-image\" alt data-eio=\"l\"><\/a><\/div>\n<div class=\"entry-title\"><a class=\"featured_post_link\" href=\"https:\/\/www.incorectpolitic.com\/scrisoare-deschisa-catre-neamul-romanesc\/\" title=\"Scrisoare Deschis\u0103 C\u0103tre Neamul Rom\u00e2nesc\">Scrisoare Deschis\u0103 C\u0103tre Neamul Rom\u00e2nesc<\/a><\/div>\n<\/article>\n<article class=\"post-26255 post type-post status-publish entry includes-feat-image\">\n<div class=\"featured-image alignleft\"><a class=\"featured_post_link\" href=\"https:\/\/www.incorectpolitic.com\/sociologia-eliberarii-si-curentele-laterale-de-sedimentare-revolutionara\/\" title=\"Sociologia Eliber\u0103rii \u0219i Curentele Laterale de Sedimentare Revolu\u021bionar\u0103\"><img loading=\"lazy\" decoding=\"async\" width=\"150\" height=\"150\" src=\"https:\/\/www.incorectpolitic.com\/wp-content\/uploads\/2020\/12\/nm3-150x150.png\" class=\"attachment-thumbnail size-thumbnail wp-post-image lazyload\" alt><img loading=\"lazy\" decoding=\"async\" width=\"150\" height=\"150\" src=\"https:\/\/www.incorectpolitic.com\/wp-content\/uploads\/2020\/12\/nm3-150x150.png\" class=\"attachment-thumbnail size-thumbnail wp-post-image\" alt data-eio=\"l\"><\/a><\/div>\n<div class=\"entry-title\"><a class=\"featured_post_link\" href=\"https:\/\/www.incorectpolitic.com\/sociologia-eliberarii-si-curentele-laterale-de-sedimentare-revolutionara\/\" title=\"Sociologia Eliber\u0103rii \u0219i Curentele Laterale de Sedimentare Revolu\u021bionar\u0103\">Sociologia Eliber\u0103rii \u0219i Curentele Laterale de Sedimentare Revolu\u021bionar\u0103<\/a><\/div>\n<\/article>\n<article class=\"post-21977 post type-post status-publish entry includes-feat-image\">\n<div class=\"featured-image alignleft\"><a class=\"featured_post_link\" href=\"https:\/\/www.incorectpolitic.com\/impotriva-fatalismului\/\" title=\"\u00cempotriva Fatalismului\"><img loading=\"lazy\" decoding=\"async\" width=\"150\" height=\"150\" src=\"https:\/\/www.incorectpolitic.com\/wp-content\/uploads\/2019\/04\/thumb-150x150.jpg\" class=\"attachment-thumbnail size-thumbnail wp-post-image lazyload\" alt><img loading=\"lazy\" decoding=\"async\" width=\"150\" height=\"150\" src=\"https:\/\/www.incorectpolitic.com\/wp-content\/uploads\/2019\/04\/thumb-150x150.jpg\" class=\"attachment-thumbnail size-thumbnail wp-post-image\" alt data-eio=\"l\"><\/a><\/div>\n<div class=\"entry-title\"><a class=\"featured_post_link\" href=\"https:\/\/www.incorectpolitic.com\/impotriva-fatalismului\/\" title=\"\u00cempotriva Fatalismului\">\u00cempotriva Fatalismului<\/a><\/div>\n<\/article>\n<article class=\"post-20844 post type-post status-publish entry includes-feat-image\">\n<div class=\"featured-image alignleft\"><a class=\"featured_post_link\" href=\"https:\/\/www.incorectpolitic.com\/inceputul-etapei-post-globaliste-mass-media-ultimul-obstacol\/\" title=\"\u00cenceputul Etapei Post-Globaliste \u2013  Mass Media Ultimul Obstacol\"><img loading=\"lazy\" decoding=\"async\" width=\"150\" height=\"150\" src=\"https:\/\/www.incorectpolitic.com\/wp-content\/uploads\/2019\/03\/https___cdn.cnn_.com_cnnnext_dam_assets_181202123002-yellow-vest-protest-150x150.jpg\" class=\"attachment-thumbnail size-thumbnail wp-post-image lazyload\" alt><img loading=\"lazy\" decoding=\"async\" width=\"150\" height=\"150\" src=\"https:\/\/www.incorectpolitic.com\/wp-content\/uploads\/2019\/03\/https___cdn.cnn_.com_cnnnext_dam_assets_181202123002-yellow-vest-protest-150x150.jpg\" class=\"attachment-thumbnail size-thumbnail wp-post-image\" alt data-eio=\"l\"><\/a><\/div>\n<div class=\"entry-title\"><a class=\"featured_post_link\" href=\"https:\/\/www.incorectpolitic.com\/inceputul-etapei-post-globaliste-mass-media-ultimul-obstacol\/\" title=\"\u00cenceputul Etapei Post-Globaliste \u2013  Mass Media Ultimul Obstacol\">\u00cenceputul Etapei Post-Globaliste \u2013  Mass Media Ultimul Obstacol<\/a><\/div>\n<\/article>\n<article class=\"post-19704 post type-post status-publish entry includes-feat-image\">\n<div class=\"featured-image alignleft\"><a class=\"featured_post_link\" href=\"https:\/\/www.incorectpolitic.com\/mlastina-mass-media-serial-complet\/\" title=\"Mla\u0219tina Mass Media  \u2013 Serial Complet\"><img loading=\"lazy\" decoding=\"async\" width=\"150\" height=\"150\" src=\"https:\/\/www.incorectpolitic.com\/wp-content\/uploads\/2018\/06\/colaj-modificat-1-768x278-150x150.jpg\" class=\"attachment-thumbnail size-thumbnail wp-post-image lazyload\" alt><img loading=\"lazy\" decoding=\"async\" width=\"150\" height=\"150\" src=\"https:\/\/www.incorectpolitic.com\/wp-content\/uploads\/2018\/06\/colaj-modificat-1-768x278-150x150.jpg\" class=\"attachment-thumbnail size-thumbnail wp-post-image\" alt data-eio=\"l\"><\/a><\/div>\n<div class=\"entry-title\"><a class=\"featured_post_link\" href=\"https:\/\/www.incorectpolitic.com\/mlastina-mass-media-serial-complet\/\" title=\"Mla\u0219tina Mass Media  \u2013 Serial Complet\">Mla\u0219tina Mass Media  \u2013 Serial Complet<\/a><\/div>\n<\/article>\n<article class=\"post-5104 post type-post status-publish entry includes-feat-image\">\n<div class=\"featured-image alignleft\"><a class=\"featured_post_link\" href=\"https:\/\/www.incorectpolitic.com\/momentul-1937\/\" title=\"Momentul 1937\"><img loading=\"lazy\" decoding=\"async\" width=\"150\" height=\"150\" src=\"https:\/\/www.incorectpolitic.com\/wp-content\/uploads\/2018\/03\/capitanul-codreanu2003a-150x150.jpg\" class=\"attachment-thumbnail size-thumbnail wp-post-image lazyload\" alt><img loading=\"lazy\" decoding=\"async\" width=\"150\" height=\"150\" src=\"https:\/\/www.incorectpolitic.com\/wp-content\/uploads\/2018\/03\/capitanul-codreanu2003a-150x150.jpg\" class=\"attachment-thumbnail size-thumbnail wp-post-image\" alt data-eio=\"l\"><\/a><\/div>\n<div class=\"entry-title\"><a class=\"featured_post_link\" href=\"https:\/\/www.incorectpolitic.com\/momentul-1937\/\" title=\"Momentul 1937\">Momentul 1937<\/a><\/div>\n<\/article>\n<article class=\"post-16914 post type-post status-publish entry includes-feat-image\">\n<div class=\"featured-image alignleft\"><a class=\"featured_post_link\" href=\"https:\/\/www.incorectpolitic.com\/portretul-romanului-iudeo-crestin\/\" title=\"Portretul Rom\u00e2nului Iudeo-Cre\u0219tin Iubitor de Infanticid\"><img loading=\"lazy\" decoding=\"async\" width=\"150\" height=\"150\" src=\"https:\/\/www.incorectpolitic.com\/wp-content\/uploads\/2019\/01\/venn-150x150.jpg\" class=\"attachment-thumbnail size-thumbnail wp-post-image lazyload\" alt><img loading=\"lazy\" decoding=\"async\" width=\"150\" height=\"150\" src=\"https:\/\/www.incorectpolitic.com\/wp-content\/uploads\/2019\/01\/venn-150x150.jpg\" class=\"attachment-thumbnail size-thumbnail wp-post-image\" alt data-eio=\"l\"><\/a><\/div>\n<div class=\"entry-title\"><a class=\"featured_post_link\" href=\"https:\/\/www.incorectpolitic.com\/portretul-romanului-iudeo-crestin\/\" title=\"Portretul Rom\u00e2nului Iudeo-Cre\u0219tin Iubitor de Infanticid\">Portretul Rom\u00e2nului Iudeo-Cre\u0219tin Iubitor de Infanticid<\/a><\/div>\n<\/article>\n<article class=\"post-13899 post type-post status-publish entry includes-feat-image\">\n<div class=\"featured-image alignleft\"><a class=\"featured_post_link\" href=\"https:\/\/www.incorectpolitic.com\/manifest-impotriva-national-sionismului\/\" title=\"Manifest \u00cempotriva Na\u021bional-Sionismului din Rom\u00e2nia\"><img loading=\"lazy\" decoding=\"async\" width=\"150\" height=\"150\" src=\"https:\/\/www.incorectpolitic.com\/wp-content\/uploads\/2018\/10\/z1-150x150.png\" class=\"attachment-thumbnail size-thumbnail wp-post-image lazyload\" alt><img loading=\"lazy\" decoding=\"async\" width=\"150\" height=\"150\" src=\"https:\/\/www.incorectpolitic.com\/wp-content\/uploads\/2018\/10\/z1-150x150.png\" class=\"attachment-thumbnail size-thumbnail wp-post-image\" alt data-eio=\"l\"><\/a><\/div>\n<div class=\"entry-title\"><a class=\"featured_post_link\" href=\"https:\/\/www.incorectpolitic.com\/manifest-impotriva-national-sionismului\/\" title=\"Manifest \u00cempotriva Na\u021bional-Sionismului din Rom\u00e2nia\">Manifest \u00cempotriva Na\u021bional-Sionismului din Rom\u00e2nia<\/a><\/div>\n<\/article>\n<article class=\"post-7498 post type-post status-publish entry includes-feat-image\">\n<div class=\"featured-image alignleft\"><a class=\"featured_post_link\" href=\"https:\/\/www.incorectpolitic.com\/istorie-zydokomuna-cea-mai-completa-lista-a-nomenclaturii-iudeo-bolsevice-din-romania\/\" title=\"Istorie: \u017bYDOKOMUNA, Cea Mai Complet\u0103 List\u0103 a Nomenclaturii Iudeo-Bol\u0219evice din Rom\u00e2nia\"><img loading=\"lazy\" decoding=\"async\" width=\"150\" height=\"150\" src=\"https:\/\/www.incorectpolitic.com\/wp-content\/uploads\/2018\/06\/holocaustul-rosu-150x150.jpg\" class=\"attachment-thumbnail size-thumbnail wp-post-image lazyload\" alt><img loading=\"lazy\" decoding=\"async\" width=\"150\" height=\"150\" src=\"https:\/\/www.incorectpolitic.com\/wp-content\/uploads\/2018\/06\/holocaustul-rosu-150x150.jpg\" class=\"attachment-thumbnail size-thumbnail wp-post-image\" alt data-eio=\"l\"><\/a><\/div>\n<div class=\"entry-title\"><a class=\"featured_post_link\" href=\"https:\/\/www.incorectpolitic.com\/istorie-zydokomuna-cea-mai-completa-lista-a-nomenclaturii-iudeo-bolsevice-din-romania\/\" title=\"Istorie: \u017bYDOKOMUNA, Cea Mai Complet\u0103 List\u0103 a Nomenclaturii Iudeo-Bol\u0219evice din Rom\u00e2nia\">Istorie: \u017bYDOKOMUNA, Cea Mai Complet\u0103 List\u0103 a Nomenclaturii Iudeo-Bol\u0219evice din Rom\u00e2nia<\/a><\/div>\n<\/article>\n<article class=\"post-6413 post type-post status-publish entry includes-feat-image\">\n<div class=\"featured-image alignleft\"><a class=\"featured_post_link\" href=\"https:\/\/www.incorectpolitic.com\/iudaismul-este-un-proiect-politic\/\" title=\"Iudaismul Este Un Proiect Politic\"><img loading=\"lazy\" decoding=\"async\" width=\"150\" height=\"150\" src=\"https:\/\/www.incorectpolitic.com\/wp-content\/uploads\/2018\/05\/israelzionismjudaism5-150x150.jpeg\" class=\"attachment-thumbnail size-thumbnail wp-post-image lazyload\" alt><img loading=\"lazy\" decoding=\"async\" width=\"150\" height=\"150\" src=\"https:\/\/www.incorectpolitic.com\/wp-content\/uploads\/2018\/05\/israelzionismjudaism5-150x150.jpeg\" class=\"attachment-thumbnail size-thumbnail wp-post-image\" alt data-eio=\"l\"><\/a><\/div>\n<div class=\"entry-title\"><a class=\"featured_post_link\" href=\"https:\/\/www.incorectpolitic.com\/iudaismul-este-un-proiect-politic\/\" title=\"Iudaismul Este Un Proiect Politic\">Iudaismul Este Un Proiect Politic<\/a><\/div>\n<\/article>\n<article class=\"post-5089 post type-post status-publish entry includes-feat-image\">\n<div class=\"featured-image alignleft\"><a class=\"featured_post_link\" href=\"https:\/\/www.incorectpolitic.com\/exploziv-si-excluziv-interviul-interzis-in-presa-romaneasca\/\" title=\"EXPLOZIV \u0218I EXCLUSIV: Interviul INTERZIS \u00een Presa Rom\u00e2neasc\u0103\"><img loading=\"lazy\" decoding=\"async\" width=\"150\" height=\"150\" src=\"https:\/\/www.incorectpolitic.com\/wp-content\/uploads\/2018\/03\/gscz6z-150x150.gif\" class=\"attachment-thumbnail size-thumbnail wp-post-image lazyload\" alt><img loading=\"lazy\" decoding=\"async\" width=\"150\" height=\"150\" src=\"https:\/\/www.incorectpolitic.com\/wp-content\/uploads\/2018\/03\/gscz6z-150x150.gif\" class=\"attachment-thumbnail size-thumbnail wp-post-image\" alt data-eio=\"l\"><\/a><\/div>\n<div class=\"entry-title\"><a class=\"featured_post_link\" href=\"https:\/\/www.incorectpolitic.com\/exploziv-si-excluziv-interviul-interzis-in-presa-romaneasca\/\" title=\"EXPLOZIV \u0218I EXCLUSIV: Interviul INTERZIS \u00een Presa Rom\u00e2neasc\u0103\">EXPLOZIV \u0218I EXCLUSIV: Interviul INTERZIS \u00een Presa Rom\u00e2neasc\u0103<\/a><\/div>\n<\/article>\n<article class=\"post-1109 post type-post status-publish entry includes-feat-image\">\n<div class=\"featured-image alignleft\"><a class=\"featured_post_link\" href=\"https:\/\/www.incorectpolitic.com\/ofensiva-spirituala-poloniei\/\" title=\"Ofensiva Spiritual\u0103 a Poloniei\"><img loading=\"lazy\" decoding=\"async\" width=\"150\" height=\"150\" src=\"https:\/\/www.incorectpolitic.com\/wp-content\/uploads\/2017\/10\/jesus-with-whip3-150x150.jpg\" class=\"attachment-thumbnail size-thumbnail wp-post-image lazyload\" alt><img loading=\"lazy\" decoding=\"async\" width=\"150\" height=\"150\" src=\"https:\/\/www.incorectpolitic.com\/wp-content\/uploads\/2017\/10\/jesus-with-whip3-150x150.jpg\" class=\"attachment-thumbnail size-thumbnail wp-post-image\" alt data-eio=\"l\"><\/a><\/div>\n<div class=\"entry-title\"><a class=\"featured_post_link\" href=\"https:\/\/www.incorectpolitic.com\/ofensiva-spirituala-poloniei\/\" title=\"Ofensiva Spiritual\u0103 a Poloniei\">Ofensiva Spiritual\u0103 a Poloniei<\/a><\/div>\n<\/article>\n<article class=\"post-5673 post type-post status-publish entry includes-feat-image\">\n<div class=\"featured-image alignleft\"><a class=\"featured_post_link\" href=\"https:\/\/www.incorectpolitic.com\/biciul-prigonirii-romanilor-este-in-mana-jidanilor\/\" title=\"Biciul Prigonirii Rom\u00e2nilor Este \u00een M\u00e2na Jidanilor!\"><img loading=\"lazy\" decoding=\"async\" width=\"150\" height=\"150\" src=\"https:\/\/www.incorectpolitic.com\/wp-content\/uploads\/2018\/04\/S.-Vexler-si-B.-Netanyahu-150x150.jpg\" class=\"attachment-thumbnail size-thumbnail wp-post-image lazyload\" alt><img loading=\"lazy\" decoding=\"async\" width=\"150\" height=\"150\" src=\"https:\/\/www.incorectpolitic.com\/wp-content\/uploads\/2018\/04\/S.-Vexler-si-B.-Netanyahu-150x150.jpg\" class=\"attachment-thumbnail size-thumbnail wp-post-image\" alt data-eio=\"l\"><\/a><\/div>\n<div class=\"entry-title\"><a class=\"featured_post_link\" href=\"https:\/\/www.incorectpolitic.com\/biciul-prigonirii-romanilor-este-in-mana-jidanilor\/\" title=\"Biciul Prigonirii Rom\u00e2nilor Este \u00een M\u00e2na Jidanilor!\">Biciul Prigonirii Rom\u00e2nilor Este \u00een M\u00e2na Jidanilor!<\/a><\/div>\n<\/article>\n<article class=\"post-80464 post type-post status-publish entry includes-feat-image\">\n<div class=\"featured-image alignleft\"><a class=\"featured_post_link\" href=\"https:\/\/www.incorectpolitic.com\/talmudismul-este-esenta-satanismului\/\" title=\"TALMUDISMUL ESTE ESEN\u021aA SATANISMULUI\"><img loading=\"lazy\" decoding=\"async\" width=\"150\" height=\"150\" src=\"https:\/\/www.incorectpolitic.com\/wp-content\/uploads\/2020\/02\/vasile-zarnescu-150x150.png\" class=\"attachment-thumbnail size-thumbnail wp-post-image lazyload\" alt><img loading=\"lazy\" decoding=\"async\" width=\"150\" height=\"150\" src=\"https:\/\/www.incorectpolitic.com\/wp-content\/uploads\/2020\/02\/vasile-zarnescu-150x150.png\" class=\"attachment-thumbnail size-thumbnail wp-post-image\" alt data-eio=\"l\"><\/a><\/div>\n<div class=\"entry-title\"><a class=\"featured_post_link\" href=\"https:\/\/www.incorectpolitic.com\/talmudismul-este-esenta-satanismului\/\" title=\"TALMUDISMUL ESTE ESEN\u021aA SATANISMULUI\">TALMUDISMUL ESTE ESEN\u021aA SATANISMULUI<\/a><\/div>\n<\/article>\n<article class=\"post-20005 post type-post status-publish entry includes-feat-image\">\n<div class=\"featured-image alignleft\"><a class=\"featured_post_link\" href=\"https:\/\/www.incorectpolitic.com\/viciul-matematic-elementar-v-m-e-2\/\" title=\"Viciul Matematic Elementar (V.M.E.)\"><img loading=\"lazy\" decoding=\"async\" width=\"150\" height=\"150\" src=\"https:\/\/www.incorectpolitic.com\/wp-content\/uploads\/2017\/12\/tell-lie-vision-150x150.jpg\" class=\"attachment-thumbnail size-thumbnail wp-post-image lazyload\" alt><img loading=\"lazy\" decoding=\"async\" width=\"150\" height=\"150\" src=\"https:\/\/www.incorectpolitic.com\/wp-content\/uploads\/2017\/12\/tell-lie-vision-150x150.jpg\" class=\"attachment-thumbnail size-thumbnail wp-post-image\" alt data-eio=\"l\"><\/a><\/div>\n<div class=\"entry-title\"><a class=\"featured_post_link\" href=\"https:\/\/www.incorectpolitic.com\/viciul-matematic-elementar-v-m-e-2\/\" title=\"Viciul Matematic Elementar (V.M.E.)\">Viciul Matematic Elementar (V.M.E.)<\/a><\/div>\n<\/article>\n<p>[analyse_source url=&#8221;https:\/\/www.incorectpolitic.com\/mircea-eliade-ii-da-muie-lui-catalin-avramescu\/&#8221;]<\/p>\n","protected":false},"excerpt":{"rendered":"<p>[analyse_image type=&#8221;featured&#8221; src=&#8221;https:\/\/www.incorectpolitic.com\/wp-content\/uploads\/2026\/05\/117627d4-e763-4ac0-a6ed-6909fb87c72e.png&#8221;] Vlad VoicuIncorect Politic Mai 3, 2026 \u00a0 Mircea Eliade \u00eei d\u0103 muie lui C\u0103t\u0103lin Avramescu \u00a0 Da, acesta este titlul. Pentru acesta este r\u0103spunsul pe care \u00eel merit\u0103. Un sus\u021bin\u0103tor al statului genocidar Israel crede c\u0103 numele lui Mircea Eliade trebuie \u00eenl\u0103turat din spa\u021biul public. El este C\u0103t\u0103lin Avram(u)escu. Iat\u0103 nivelul lui [&hellip;]<\/p>\n","protected":false},"author":1,"featured_media":0,"comment_status":"open","ping_status":"","sticky":false,"template":"","format":"standard","meta":{"footnotes":""},"categories":[89],"tags":[226,95],"class_list":["post-1915949","post","type-post","status-publish","format-standard","hentry","category-romania","tag-crawlmanager","tag-incorectpolitic-com"],"_links":{"self":[{"href":"https:\/\/analyse.optim.biz\/index.php?rest_route=\/wp\/v2\/posts\/1915949","targetHints":{"allow":["GET"]}}],"collection":[{"href":"https:\/\/analyse.optim.biz\/index.php?rest_route=\/wp\/v2\/posts"}],"about":[{"href":"https:\/\/analyse.optim.biz\/index.php?rest_route=\/wp\/v2\/types\/post"}],"author":[{"embeddable":true,"href":"https:\/\/analyse.optim.biz\/index.php?rest_route=\/wp\/v2\/users\/1"}],"replies":[{"embeddable":true,"href":"https:\/\/analyse.optim.biz\/index.php?rest_route=%2Fwp%2Fv2%2Fcomments&post=1915949"}],"version-history":[{"count":0,"href":"https:\/\/analyse.optim.biz\/index.php?rest_route=\/wp\/v2\/posts\/1915949\/revisions"}],"wp:attachment":[{"href":"https:\/\/analyse.optim.biz\/index.php?rest_route=%2Fwp%2Fv2%2Fmedia&parent=1915949"}],"wp:term":[{"taxonomy":"category","embeddable":true,"href":"https:\/\/analyse.optim.biz\/index.php?rest_route=%2Fwp%2Fv2%2Fcategories&post=1915949"},{"taxonomy":"post_tag","embeddable":true,"href":"https:\/\/analyse.optim.biz\/index.php?rest_route=%2Fwp%2Fv2%2Ftags&post=1915949"}],"curies":[{"name":"wp","href":"https:\/\/api.w.org\/{rel}","templated":true}]}}