{"id":191539,"date":"2014-12-02T16:50:28","date_gmt":"2014-12-02T13:50:28","guid":{"rendered":"https:\/\/analyse.optim.biz\/?p=191539"},"modified":"2014-12-02T16:50:28","modified_gmt":"2014-12-02T13:50:28","slug":"liviu-dragnea-nu-stie-cum-ar-putea-psd-sa-scape-de-eticheta-de-comunisti","status":"publish","type":"post","link":"https:\/\/analyse.optim.biz\/?p=191539","title":{"rendered":"Liviu Dragnea nu \u0219tie cum ar putea PSD s\u0103 scape de eticheta de \u201ecomuni\u0219ti\u201d"},"content":{"rendered":"<div class=\"entry data-app-meta data-app-meta-article\" data-embed-base-url-canonical=\"https:\/\/www.digi24.ro\/embed\/stiri\/actualitate\/politica\/liviu-dragnea-nu-stie-cum-ar-putea-psd-sa-scape-de-eticheta-de-comunisti-329372\">\n<p data-index=\"1\">Fostul pre\u0219edinte <a href=\"https:\/\/www.digi24.ro\/Stiri\/Digi24\/Actualitate\/Politica\/Ion+Iliescu+PSD+e+partidul+Revolutiei+Tara+sufera+grav+de+pe+urm\" target=\"_blank\" data-skip-linkfix=\"1\" rel=\"noopener\">Ion Iliescu a spus c\u0103 alegerile preziden\u021biale NU au fost pierdute de PSD din cauza etichetei de \u201ecomunism\u201d care i se pune partidului.<\/a> \u00centrebat dac\u0103 este de acord cu aceast\u0103 idee, Liviu Dragnea a spus, mar\u021bi, c\u0103 nu \u0219i a ad\u0103ugat c\u0103 alegerile au fost pierdute <strong>\u0218I<\/strong> din cauza acestei etichete. \u201eEu n-am spus c\u0103 e vina dlui pre\u0219edinte Iliescu\u201d, a spus pre\u0219edintele executiv al PSD. \u201e<em><strong>Dar s-a strigat, s-a scris asta pe Facebook, s-a spus la mitinguri, au spus oamenii, a fost una din cauze, dar nu este vina lui Ion Iliescu. Ar fi chiar culmea s\u0103 d\u0103m vina pe Ion Iliescu!<\/strong><\/em>\u201d, a comentat Liviu Dragnea.<\/p>\n<p data-index=\"2\">\u00centrebat cum are de g\u00e2nd ca partidul s\u0103 elimine aceast\u0103 etichet\u0103 de \u201ecomuni\u0219ti\u201d, liderul PSD a recunoscut: \u201e\u00cenc\u0103 nu \u0219tim\u201d.<\/p>\n<p data-index=\"3\">\u201eDiscut\u0103m, totu\u0219i, de un partid care e condus de Victor Ponta, care nu a fost membru PCR, eu sunt pre\u0219edinte executiv, n-am fost membru PCR, \u0219i \u00een continuare noi avem aceast\u0103 etichet\u0103 care, la 25 de ani de la c\u0103derea comunismului, \u00eenc\u0103 persist\u0103. C\u0103 a fost pus\u0103 profesionist, c\u0103 a fost manipulare conteaz\u0103 mai pu\u021bin. Important e c\u0103 exist\u0103 totu\u0219i ni\u0219te motive pentru care aceast\u0103 etichet\u0103 a mai fost crezut\u0103\u201d, a declarat Liviu Dragnea. \u201eVictor Ponta a spus mereu c\u0103 nu este comunist, n-a fost \u0219i nu va fi. Mai mult ce s\u0103 fac\u0103?! <em><strong>Este foarte greu \u00eentr-o campanie s\u0103 spui c\u0103 z\u0103pada este alb\u0103 \u0219i s\u0103 \u0219i dovede\u0219ti c\u0103 e alb\u0103 altfel dec\u00e2t ar\u0103t\u00e2nd-o. Dar dac\u0103 nu s-a fost crezut, ce putea s\u0103 fac\u0103 mai mult Victor Ponta?!\u201d<\/strong><\/em>, a ad\u0103ugat pre\u0219edintele executiv al PSD<\/p>\n<p data-index=\"4\">Jurnali\u0219tii au vrut s\u0103 \u0219tie dac\u0103 Ion Iliescu ar trebui s\u0103 fac\u0103 un pas \u00een spate \u0219i s\u0103 nu mai participe la \u0219edin\u021bele Biroului Politic. \u201eEu nu am folosit niciodat\u0103 aceast\u0103 expresie \u2013 un pas \u00een spate, un pas lateral, c\u0103 nu suntem la un ansamblu de dansuri \u00eentr-un partid. Ion Iliescu are locul lui foarte bine stabilit at\u00e2t \u00een istoria partidului, c\u00e2t \u0219i \u00een istoria Rom\u00e2niei. Nu este problema Ion Iliescu. Ion Iliescu a f\u0103cut pentru aceast\u0103 \u021bar\u0103 ceea ce nu au f\u0103cut mul\u021bi la vremea respectiv\u0103 \u0219i pentru asta este respectat \u0219i recunoscut de foarte mul\u021bi oameni\u201d, a spus Liviu Dragnea.<\/p>\n<p data-index=\"5\">\u00centrebat dac\u0103 baronilor locali li s-ar putea repro\u0219a pierderea alegerilor, Liviu Dragnea a subliniat c\u0103 sunt multe cauze pentru care PSD a pierdut alegerile \u0219i nici m\u0103car cei care au c\u00e2\u0219tigat nu au toate r\u0103spunsurile. Liderul PSD a men\u021bionat c\u0103 partidul face \u00een prezent o analiz\u0103 \u0219i sper\u0103 s\u0103 identifice c\u00e2t mai multe cauze. \u201eEste important s\u0103 vedem ce a generat acest vot, acest curent\u201d, a afirmat Liviu Dragnea.<\/p>\n<\/div>\n<p> Source URL: https:\/\/www.digi24.ro\/stiri\/actualitate\/politica\/liviu-dragnea-nu-stie-cum-ar-putea-psd-sa-scape-de-eticheta-de-comunisti-329372<\/p>\n","protected":false},"excerpt":{"rendered":"<p>Fostul pre\u0219edinte Ion Iliescu a spus c\u0103 alegerile preziden\u021biale NU au fost pierdute de PSD din cauza etichetei de \u201ecomunism\u201d care i se pune partidului. \u00centrebat dac\u0103 este de acord cu aceast\u0103 idee, Liviu Dragnea a spus, mar\u021bi, c\u0103 nu \u0219i a ad\u0103ugat c\u0103 alegerile au fost pierdute \u0218I din cauza acestei etichete. \u201eEu n-am [&hellip;]<\/p>\n","protected":false},"author":1,"featured_media":191540,"comment_status":"open","ping_status":"","sticky":false,"template":"","format":"standard","meta":{"footnotes":""},"categories":[2],"tags":[11],"class_list":["post-191539","post","type-post","status-publish","format-standard","has-post-thumbnail","hentry","category-politics","tag-digi24"],"_links":{"self":[{"href":"https:\/\/analyse.optim.biz\/index.php?rest_route=\/wp\/v2\/posts\/191539","targetHints":{"allow":["GET"]}}],"collection":[{"href":"https:\/\/analyse.optim.biz\/index.php?rest_route=\/wp\/v2\/posts"}],"about":[{"href":"https:\/\/analyse.optim.biz\/index.php?rest_route=\/wp\/v2\/types\/post"}],"author":[{"embeddable":true,"href":"https:\/\/analyse.optim.biz\/index.php?rest_route=\/wp\/v2\/users\/1"}],"replies":[{"embeddable":true,"href":"https:\/\/analyse.optim.biz\/index.php?rest_route=%2Fwp%2Fv2%2Fcomments&post=191539"}],"version-history":[{"count":0,"href":"https:\/\/analyse.optim.biz\/index.php?rest_route=\/wp\/v2\/posts\/191539\/revisions"}],"wp:featuredmedia":[{"embeddable":true,"href":"https:\/\/analyse.optim.biz\/index.php?rest_route=\/wp\/v2\/media\/191540"}],"wp:attachment":[{"href":"https:\/\/analyse.optim.biz\/index.php?rest_route=%2Fwp%2Fv2%2Fmedia&parent=191539"}],"wp:term":[{"taxonomy":"category","embeddable":true,"href":"https:\/\/analyse.optim.biz\/index.php?rest_route=%2Fwp%2Fv2%2Fcategories&post=191539"},{"taxonomy":"post_tag","embeddable":true,"href":"https:\/\/analyse.optim.biz\/index.php?rest_route=%2Fwp%2Fv2%2Ftags&post=191539"}],"curies":[{"name":"wp","href":"https:\/\/api.w.org\/{rel}","templated":true}]}}