{"id":191528,"date":"2014-12-02T17:01:35","date_gmt":"2014-12-02T14:01:35","guid":{"rendered":"https:\/\/analyse.optim.biz\/?p=191528"},"modified":"2014-12-02T17:01:35","modified_gmt":"2014-12-02T14:01:35","slug":"vot-secret-cu-pixuri-colorate-doar-unul-din-doi-parlamentari-cu-aceeasi-vina-trimis-in-arest","status":"publish","type":"post","link":"https:\/\/analyse.optim.biz\/?p=191528","title":{"rendered":"Vot secret cu pixuri colorate. Doar unul din doi parlamentari cu aceea\u015fi vin\u0103, trimis \u00een arest"},"content":{"rendered":"<div class=\"entry data-app-meta data-app-meta-article\" data-embed-base-url-canonical=\"https:\/\/www.digi24.ro\/embed\/stiri\/actualitate\/politica\/vot-secret-cu-pixuri-colorate-doar-unul-din-doi-parlamentari-cu-aceeasi-vina-trimis-in-arest-329384\">\n<p data-index=\"1\">Ale\u015fii Opozi\u0163iei au apelat la un tertip ca s\u0103 arate c\u0103 au votat pentru <strong>ridicarea imunit\u0103\u0163ii<\/strong> \u00een cazul celor doi deputa\u0163i.<\/p>\n<p data-index=\"2\">\u201e<span>\u00cen cadrul grupului parlamentar am hot\u0103r\u00e2t s\u0103 vot\u0103m cu anumite culori. Am votat cu culoare ro\u015fie grupul PNL, iar grupul PDL a votat cu culoarea verde. Voturile care au culoarea ro\u015fie \u015fi verde sunt \u00een total opt\u201d, <\/span><span lang=\"en-US\">a spus <\/span><span>Gabriel Andronache, deputat PNL.<\/span><\/p>\n<p data-index=\"3\"><strong>Parlamentarii Puterii<\/strong> sus\u0163in c\u0103 unul dintre buletinele \u00eencercuite cu verde era \u00eempotriva arest\u0103rii lui<strong> Marko Attila<\/strong>. Este exact votul care a lipsit pentru pentru a aviza cererea produrorilor.<\/p>\n<h2 id=\"highlight-329384-1\"><a href=\"https:\/\/www.digi24.ro\/Stiri\/Digi24\/Actualitate\/Politica\/Imunitatea+deputatilor+Teodorescu+si+Marko+discutata+in+Comisia+\" target=\"_blank\" data-skip-linkfix=\"1\" rel=\"noopener\">Comisia juridic\u0103 s-a pronun\u021bat asupra ridic\u0103rii imunit\u0103\u021bii a doi deputa\u021bi: Marko Attila &#8211; aviz negativ, C\u0103t\u0103lin Teodorescu &#8211; aviz pozitiv \u00a0<\/a><\/h2>\n<p data-index=\"4\">\u201e<span lang=\"en-US\">E<\/span><span>ste amuzant ce au f\u0103cut colegii de la PNL, dar \u00eencercarea lor de a spune c\u0103 vezi Doamne ei voteaz\u0103 \u00eempotriva corup\u0163iei \u015fi un alt partid sau altele se opun, devine deja pueril\u0103. \u00centr-adev\u0103r, s-a votat pe culori, dar nu \u00eei avantajeaz\u0103\u201d, <\/span><span lang=\"en-US\">a declarat <\/span><span>Ciprian Nica, vicepre\u015fedintele Comisiei Juridice. <\/span><\/p>\n<p data-index=\"5\">Deputatul <strong>Marko Attil<\/strong>a ceruse am\u00e2narea discu\u0163iei \u00een cazul s\u0103u, pe motiv c\u0103 nu se afl\u0103 \u00een \u0163ar\u0103 \u015fi nu a reu\u015fit s\u0103 studieze dosarul.<\/p>\n<p data-index=\"6\">Comisia Juridic\u0103 a respins cererea dup\u0103 ce am\u00e2nase deja odat\u0103 discutarea aceastei cauze. Plenul Camerei Deputa\u0163ilor va decide dac\u0103 Marko Attila \u015fi C\u0103t\u0103lin Teodorescu pot fi aresta\u0163i preventiv. Ei sunt acuza\u0163i de abuz \u00een serviciu in dosarul in care este arestata fosta sefa a DIICOT, <strong>Alina Bica<\/strong>. Cei doi au f\u0103cut parte din aceea\u015fi comisie de restituiri care a aprobat desp\u0103gubirea omului de afaceri Gheorghe Stelian la pre\u0163 triplu. \u00a0<\/p>\n<\/div>\n<p> Source URL: https:\/\/www.digi24.ro\/stiri\/actualitate\/politica\/vot-secret-cu-pixuri-colorate-doar-unul-din-doi-parlamentari-cu-aceeasi-vina-trimis-in-arest-329384<\/p>\n","protected":false},"excerpt":{"rendered":"<p>Ale\u015fii Opozi\u0163iei au apelat la un tertip ca s\u0103 arate c\u0103 au votat pentru ridicarea imunit\u0103\u0163ii \u00een cazul celor doi deputa\u0163i. \u201e\u00cen cadrul grupului parlamentar am hot\u0103r\u00e2t s\u0103 vot\u0103m cu anumite culori. Am votat cu culoare ro\u015fie grupul PNL, iar grupul PDL a votat cu culoarea verde. Voturile care au culoarea ro\u015fie \u015fi verde sunt [&hellip;]<\/p>\n","protected":false},"author":1,"featured_media":191529,"comment_status":"open","ping_status":"","sticky":false,"template":"","format":"standard","meta":{"footnotes":""},"categories":[2],"tags":[11],"class_list":["post-191528","post","type-post","status-publish","format-standard","has-post-thumbnail","hentry","category-politics","tag-digi24"],"_links":{"self":[{"href":"https:\/\/analyse.optim.biz\/index.php?rest_route=\/wp\/v2\/posts\/191528","targetHints":{"allow":["GET"]}}],"collection":[{"href":"https:\/\/analyse.optim.biz\/index.php?rest_route=\/wp\/v2\/posts"}],"about":[{"href":"https:\/\/analyse.optim.biz\/index.php?rest_route=\/wp\/v2\/types\/post"}],"author":[{"embeddable":true,"href":"https:\/\/analyse.optim.biz\/index.php?rest_route=\/wp\/v2\/users\/1"}],"replies":[{"embeddable":true,"href":"https:\/\/analyse.optim.biz\/index.php?rest_route=%2Fwp%2Fv2%2Fcomments&post=191528"}],"version-history":[{"count":0,"href":"https:\/\/analyse.optim.biz\/index.php?rest_route=\/wp\/v2\/posts\/191528\/revisions"}],"wp:featuredmedia":[{"embeddable":true,"href":"https:\/\/analyse.optim.biz\/index.php?rest_route=\/wp\/v2\/media\/191529"}],"wp:attachment":[{"href":"https:\/\/analyse.optim.biz\/index.php?rest_route=%2Fwp%2Fv2%2Fmedia&parent=191528"}],"wp:term":[{"taxonomy":"category","embeddable":true,"href":"https:\/\/analyse.optim.biz\/index.php?rest_route=%2Fwp%2Fv2%2Fcategories&post=191528"},{"taxonomy":"post_tag","embeddable":true,"href":"https:\/\/analyse.optim.biz\/index.php?rest_route=%2Fwp%2Fv2%2Ftags&post=191528"}],"curies":[{"name":"wp","href":"https:\/\/api.w.org\/{rel}","templated":true}]}}