{"id":191516,"date":"2014-12-02T17:14:22","date_gmt":"2014-12-02T14:14:22","guid":{"rendered":"https:\/\/analyse.optim.biz\/?p=191516"},"modified":"2014-12-02T17:14:22","modified_gmt":"2014-12-02T14:14:22","slug":"parlamentul-intreaba-ccr-poate-avea-loc-mai-devreme-ceremonia-de-depunere-a-juramantului-de-catre-klaus-iohannis","status":"publish","type":"post","link":"https:\/\/analyse.optim.biz\/?p=191516","title":{"rendered":"Parlamentul \u00eentreab\u0103 CCR: Poate avea loc mai devreme ceremonia de depunere a jur\u0103m\u00e2ntului de c\u0103tre Klaus Iohannis?"},"content":{"rendered":"<div class=\"entry data-app-meta data-app-meta-article\" data-embed-base-url-canonical=\"https:\/\/www.digi24.ro\/embed\/stiri\/actualitate\/politica\/parlamentul-intreaba-ccr-poate-avea-loc-mai-devreme-ceremonia-de-depunere-a-juramantului-de-catre-klaus-iohannis-329393\">\n<p data-index=\"1\">\u00a0<img decoding=\"async\" src=\"https:\/\/analyse.optim.biz\/wp-content\/uploads\/2024\/09\/jmhhc2g9yzc2zgqwowezyzdkzmq2yzayzmy1nzeyodg0nmnlywq-thumb_.jpg\" data-skip-htmlfix=\"1\" title=\"jmhhc2g9yzc2zgqwowezyzdkzmq2yzayzmy1nzeyodg0nmnlywq-thumb_\"><\/p>\n<p data-index=\"2\">O solicitare \u00een acest sens a fost f\u0103cut\u0103 de Birourile Permanente ale celor dou\u0103 camere parlamentare, dar nu a fost \u00eenc\u0103 primit\u0103 de Curtea Constitu\u0163ional\u0103.<\/p>\n<p data-index=\"3\">Durata mandatului pre\u015fedintelui este reglementat\u0103 de<a href=\"http:\/\/www.cdep.ro\/pls\/dic\/site.page?den=act2_1&amp;par1=3#t3c2s0a83\" target=\"_blank\" data-skip-linkfix=\"1\" rel=\"noopener\"><strong> Constitu\u0163ie la articolul 83<\/strong><\/a>:<\/p>\n<p data-index=\"4\">\u201eMandatul Pre\u015fedintelui Rom\u00e2niei este de 5 ani \u015fi se exercit\u0103 de la data depunerii jur\u0103m\u00e2ntului.<\/p>\n<p data-index=\"5\">(2) Pre\u015fedintele Rom\u00e2niei \u00ee\u015fi exercit\u0103 mandatul p\u00e2n\u0103 la depunerea jur\u0103m\u00e2ntului de Pre\u015fedintele nou ales.<\/p>\n<p data-index=\"6\">(3) Mandatul Pre\u015fedintelui Rom\u00e2niei poate fi prelungit, prin lege organic\u0103, \u00een caz de r\u0103zboi sau de catastrof\u0103\u201d.<\/p>\n<p data-index=\"7\">Traian B\u0103sescu a depus jur\u0103m\u00e2ntul de pre\u015fedinte pentru primul mandat \u00een 20 decembrie 2004 \u015fi pentru cel de-al doilea \u00een 21 decembrie 2009. Astfel, mandatul s\u0103u se va \u00eencheia \u00een 21 decembrie 2014.<\/p>\n<p data-index=\"8\">Dac\u0103 pre\u015fedintele ales Klaus Iohannis ar depune jur\u0103m\u00e2ntul \u00eenainte de aceast\u0103 dat\u0103, ne vom afla \u00een situa\u0163ia \u00een care \u00een Rom\u00e2nia vor fi doi pre\u015fedin\u0163i.<\/p>\n<p class=\"mceAutoSelect\" data-index=\"9\"><a href=\"https:\/\/www.digi24.ro\/Stiri\/Digi24\/Actualitate\/Politica\/KLAUS+IOHANNIS+PRESEDINTE\" target=\"_blank\" data-skip-linkfix=\"1\" rel=\"noopener\"><span><strong>Curtea Constitu\u021bional\u0103 a validat mandatul de pre\u0219edinte al lui Klaus Iohannis. Traian B\u0103sescu particip\u0103 la ceremonia festiv\u0103<\/strong><\/span><\/a><\/p>\n<p class=\"mceAutoSelect\" data-index=\"10\"><a href=\"https:\/\/www.digi24.ro\/Stiri\/Digi24\/Actualitate\/Politica\/Discursul+presedintelui+ales+Klaus+Iohannis\" target=\"_blank\" data-skip-linkfix=\"1\" rel=\"noopener\"><span><strong>Discursul pre\u0219edintelui ales Klaus Iohannis: \u201eRom\u00e2nii, prin votul lor, au spus foarte clar stop \u0219i de la cap\u0103t\u201d<\/strong><\/span><\/a><\/p>\n<p class=\"mceAutoSelect\" data-index=\"11\"><span><strong><br \/><\/strong><\/span><\/p>\n<\/div>\n<p> Source URL: https:\/\/www.digi24.ro\/stiri\/actualitate\/politica\/parlamentul-intreaba-ccr-poate-avea-loc-mai-devreme-ceremonia-de-depunere-a-juramantului-de-catre-klaus-iohannis-329393<\/p>\n","protected":false},"excerpt":{"rendered":"<p>\u00a0 O solicitare \u00een acest sens a fost f\u0103cut\u0103 de Birourile Permanente ale celor dou\u0103 camere parlamentare, dar nu a fost \u00eenc\u0103 primit\u0103 de Curtea Constitu\u0163ional\u0103. Durata mandatului pre\u015fedintelui este reglementat\u0103 de Constitu\u0163ie la articolul 83: \u201eMandatul Pre\u015fedintelui Rom\u00e2niei este de 5 ani \u015fi se exercit\u0103 de la data depunerii jur\u0103m\u00e2ntului. (2) Pre\u015fedintele Rom\u00e2niei \u00ee\u015fi [&hellip;]<\/p>\n","protected":false},"author":1,"featured_media":191517,"comment_status":"open","ping_status":"","sticky":false,"template":"","format":"standard","meta":{"footnotes":""},"categories":[2],"tags":[11],"class_list":["post-191516","post","type-post","status-publish","format-standard","has-post-thumbnail","hentry","category-politics","tag-digi24"],"_links":{"self":[{"href":"https:\/\/analyse.optim.biz\/index.php?rest_route=\/wp\/v2\/posts\/191516","targetHints":{"allow":["GET"]}}],"collection":[{"href":"https:\/\/analyse.optim.biz\/index.php?rest_route=\/wp\/v2\/posts"}],"about":[{"href":"https:\/\/analyse.optim.biz\/index.php?rest_route=\/wp\/v2\/types\/post"}],"author":[{"embeddable":true,"href":"https:\/\/analyse.optim.biz\/index.php?rest_route=\/wp\/v2\/users\/1"}],"replies":[{"embeddable":true,"href":"https:\/\/analyse.optim.biz\/index.php?rest_route=%2Fwp%2Fv2%2Fcomments&post=191516"}],"version-history":[{"count":0,"href":"https:\/\/analyse.optim.biz\/index.php?rest_route=\/wp\/v2\/posts\/191516\/revisions"}],"wp:featuredmedia":[{"embeddable":true,"href":"https:\/\/analyse.optim.biz\/index.php?rest_route=\/wp\/v2\/media\/191517"}],"wp:attachment":[{"href":"https:\/\/analyse.optim.biz\/index.php?rest_route=%2Fwp%2Fv2%2Fmedia&parent=191516"}],"wp:term":[{"taxonomy":"category","embeddable":true,"href":"https:\/\/analyse.optim.biz\/index.php?rest_route=%2Fwp%2Fv2%2Fcategories&post=191516"},{"taxonomy":"post_tag","embeddable":true,"href":"https:\/\/analyse.optim.biz\/index.php?rest_route=%2Fwp%2Fv2%2Ftags&post=191516"}],"curies":[{"name":"wp","href":"https:\/\/api.w.org\/{rel}","templated":true}]}}