{"id":191417,"date":"2014-11-28T15:39:51","date_gmt":"2014-11-28T12:39:51","guid":{"rendered":"https:\/\/analyse.optim.biz\/?p=191417"},"modified":"2014-11-28T15:39:51","modified_gmt":"2014-11-28T12:39:51","slug":"demisie-din-psd-sebastian-ghita-la-digi24-intre-mine-si-victor-ponta-exista-o-diferenta-de-viteza-nu-de-continut-intre-ceea-ce-credem-ce-gandim","status":"publish","type":"post","link":"https:\/\/analyse.optim.biz\/?p=191417","title":{"rendered":"DEMISIE DIN PSD. Sebastian Ghi\u021b\u0103, la Digi24: \u00centre mine \u0219i Victor Ponta exist\u0103 o diferen\u021b\u0103 de vitez\u0103, nu de con\u021binut \u00eentre ceea ce credem, ce g\u00e2ndim"},"content":{"rendered":"<div class=\"entry data-app-meta data-app-meta-article\" data-embed-base-url-canonical=\"https:\/\/www.digi24.ro\/embed\/stiri\/actualitate\/politica\/demisie-din-psd-sebastian-ghita-la-digi24-intre-mine-si-victor-ponta-exista-o-diferenta-de-viteza-nu-de-continut-intre-ceea-ce-credem-ce-gandim-327765\">\n<p data-index=\"1\"><img decoding=\"async\" src=\"https:\/\/analyse.optim.biz\/wp-content\/uploads\/2024\/09\/dz04mdamagfzad0yngfkzjziyzm2zjdiogfkndm1ngm2zgvkyty2mmqwyw-thumb_.jpg\" data-skip-htmlfix=\"1\" title=\"dz04mdamagfzad0yngfkzjziyzm2zjdiogfkndm1ngm2zgvkyty2mmqwyw-thumb_\"><\/p>\n<p data-index=\"2\"><em>Sebastian Ghi\u021b\u0103 a demisionat din PSD FOTO: Mediafax Foto<\/em><\/p>\n<p data-index=\"3\"><strong>DEMISIE SEBASTIAN GHI\u021a\u0102. \u00a0<\/strong>\u00centrebat dac\u0103 n-ar fi plecat din PSD, dac\u0103 nu ar fi discutat vineri cu premierul Victor Ponta, Sebastian Ghi\u021b\u0103 a spus c\u0103 nu \u0219tie s\u0103 r\u0103spund\u0103. \u201eNu \u0219tiu s\u0103 v\u0103 r\u0103spund care ar fi fost op\u021biunile mele, dac\u0103 nu discutam, dar am avut aceast\u0103 discu\u021bie cu d\u00e2nsul, <strong>am stabilit c\u0103 exist\u0103 o diferen\u021b\u0103 de vitez\u0103, nu diferen\u021b\u0103 de con\u021binut \u00eentre ceea ce credem, ce g\u00e2ndim.<\/strong> \u00cemi doresc din tot sufletul s\u0103 aib\u0103 puterea \u0219i mintea s\u0103 reformeze acest partid \u0219i s\u0103 fac\u0103 pentru Rom\u00e2nie ceea ce oamenii au nevoie\u201d, a spus Sebastian Ghi\u021b\u0103, <strong>la Digi24.<\/strong><\/p>\n<p data-index=\"4\"><strong>DEMISIE SEBASTIAN GHI\u021a\u0102.\u00a0<\/strong>Deputatul a men\u021bionat problemele cu corup\u021bia din PSD \u0219i spune c\u0103 cei care se trezesc cu masca\u021bii \u00een cas\u0103 ar trebui s\u0103 se autosuspende din partid. \u201eLe \u0219tim cu to\u021bii (aceste probleme \u2013 n.r.), din c\u00e2nd \u00een c\u00e2nd, masca\u021bii apar \u00een casele unor lideri politici \u2013 nu doar din PSD \u2013 \u0219i prezint\u0103 opiniei publice acuza\u021bii de furt, corup\u021bie, nu ai cum s\u0103-i convingi pe oameni c\u0103 nu e a\u0219a\u201d, a spus Sebastian Ghi\u021b\u0103. \u201eD-vostr\u0103 crede\u021bi c\u0103 atunci c\u00e2nd trec masca\u021bii prin casele oamenilor trec a\u0219a de nebuni, nu am v\u0103zut s\u0103 se lege procurorii de cineva ca boala de oamenii s\u0103n\u0103to\u0219i, nu am v\u0103zut abuzuri din partea procurorilor sau prea multe dosare politice, am v\u0103zut zeci \u0219i sute de milioane de euro fura\u021bi\u201d, a spus Sebastian Ghi\u021b\u0103.<\/p>\n<p data-index=\"5\"><strong>DEMISIE SEBASTIAN GHI\u021a\u0102.\u00a0<\/strong>\u00centrebat dac\u0103 Victor Ponta \u00eei \u00eemp\u0103rt\u0103\u0219e\u0219te \u0219i ideea ca Ion Iliescu, pre\u0219edintele de onoare al PSD, s\u0103 fie tras pe linie moart\u0103, Sebastian Ghi\u021b\u0103 a spus: \u201eNu cred c\u0103 Victor Ponta vrea s\u0103 \u00ee\u0219i asume, nu l-am auzit s\u0103-\u0219i asume valori din trecut. Vrea ca PSD s\u0103 fie un partid modern, nou, orientat c\u0103tre Bruxelles, s\u0103 \u00ee\u0219i asume valori pe care noi, cei de aici \u0219i cei din Occident le \u00eemp\u0103rt\u0103\u0219esc. (&#8230;) Ion Iliescu nu mai poate fi un simbol la nostru, al meu nu este, (&#8230;.) la 84 de ani nu poate s\u0103 ne spun\u0103 Iliescu cum va ar\u0103ta Rom\u00e2nia peste 50 de ani\u201d.<\/p>\n<p data-index=\"6\"><strong>DEMISIE SEBASTIAN GHI\u021a\u0102\u00a0<\/strong>\u00cen ceea ce prive\u0219te acuza\u021biile de corup\u021bie pe care i le aduce Marian Vanghelie, Sebastian Ghi\u021b\u0103 spune c\u0103 oamenii nu au dec\u00e2t s\u0103 cread\u0103 \u00een cine vor. \u201eNu vreau s\u0103 cred c\u0103 \u00een fa\u021ba d-voastr\u0103 ceea ce spune Vanghelie conteaz\u0103, nu rezist acestei chestiuni, am spus de c\u00e2nd am intrat \u00een partid, mi-au spus-o bunici, vecini: ce c\u0103uta\u021bi cu Vanghelie pe l\u00e2ng\u0103 voi? Nu \u00een\u021belege\u021bi c\u0103 nu ne suport\u0103 lumea pentru c\u0103 este Vanghelie pe l\u00e2ng\u0103 noi?\u201d, a mai spus Sebastian Ghi\u021b\u0103.<\/p>\n<hr>\n<p data-index=\"7\"><strong>Marian Vanghelie<\/strong> a comentat demisia lui Sebastian Ghi\u021b\u0103 \u0219i a sugerat c\u0103 ancheta DNA \u00een care este implicat\u0103 \u0219efa DIICOT, Alina Bica, ar putea releva complicitatea unor politicieni importan\u021bi:<\/p>\n<hr>\n<p data-index=\"8\"><strong>DEMISIE SEBASTIAN GHI\u021a\u0102<\/strong>. Sebastian Ghi\u021b\u0103 a precizat \u00eentr-un comunicat c\u0103 a luat decizia dup\u0103 ce a avut o discu\u021bie cu Victor Ponta:<\/p>\n<p data-index=\"9\">\u201e<strong>DECLARA\u0162IE SEBASTIAN GHI\u0162\u0103: \u00ceMI DAU DEMISIA DIN PSD. \u00ceMI DORESC CA\u00a0VICTOR PONTA S\u0102 AIB\u0102 PUTEREA \u015eI MINTEA S\u0102 REFORMEZE ACEST PARTID<\/strong><\/p>\n<p data-index=\"10\">Am fost chemat de domnul Ponta la biroul dansului. Am avut o discu\u0163ie\u00a0serioas\u0103 despre evenimentele politice din ultima perioad\u0103. Cred c\u0103\u00a0ast\u0103zi Victor Ponta este un altfel de lider.\u00a0Cred c\u0103 a \u00een\u0163eles ce vor rom\u00e2nii de la d\u00e2nsul.<\/p>\n<p data-index=\"11\">Mi-a spus c\u0103 declara\u0163iile pe care le-am dat sunt corecte, dar c\u0103 nu pot\u00a0s\u0103 am ini\u0163iative personale nediscutate cu colegii de partid. Am \u00een\u0163eles punctul s\u0103u de vedere \u015fi am hot\u0103r\u00e2t s\u0103 demisionez din PSD!<\/p>\n<p data-index=\"12\"><strong>Nu voi mai reveni \u00een acest partid c\u00e2t timp chestiunile legate de\u00a0comunism, corup\u0163ie \u015fi schimbarea legii partidelor politice nu sunt\u00a0rezolvate.\u00a0\u00cemi doresc c\u0103 Victor Ponta s\u0103 aib\u0103 puterea \u015fi mintea s\u0103 reformeze acest\u00a0partid!<\/strong><\/p>\n<p data-index=\"13\">Sunt un om t\u00e2n\u0103r, mi-am construit carier\u0103 c\u0103 antreprenor, mi-am c\u00e2\u015ftigat\u00a0o pozi\u0163ie respectat\u0103 \u00een societatea rom\u00e2neasc\u0103 \u015fi nu cred c\u0103 eu trebuie\u00a0s\u0103-mi \u00eensu\u015fesc valorile reprezentate de Ion Iliescu.\u00a0<\/p>\n<p data-index=\"14\"><strong>Mircea Geoan\u0103 \u015fi Marian Vanghelie au primit ce meritau.<\/strong><\/p>\n<p data-index=\"15\">Le-am spus colegilor de-acum un an c\u0103 tr\u0103deaz\u0103 interesul comun pentru interesul personal.<\/p>\n<p data-index=\"16\"><strong>Geoan\u0103 a vrut s\u0103-l \u015fantajeze pe Ponta, cer\u00e2ndu-i func\u0163ia de ministru de\u00a0externe.<\/strong> M-a sunat s\u0103 \u00eemi spun\u0103 c\u0103, dac\u0103 Ponta nu \u00eel nume\u015fte ministru de\u00a0externe, atunci va fi r\u0103zboi \u00een PSD. Ponta a ales un profesionist, pe\u00a0<strong>Bogdan Aurescu<\/strong>.<\/p>\n<p data-index=\"17\"><strong>Vanghelie reprezenta ce este mai josnic \u015fi mai urat \u00een partidele\u00a0politice: corup\u0163ie, tr\u0103dare, minciun\u0103!<\/strong> Am fost un adversar al lui\u00a0Vanghelie de c\u00e2nd am intrat \u00een PSD. \u015ei cred c\u0103 ieri oamenii i-au ar\u0103tat\u00a0cu adev\u0103rat ce cred despre el. Nu po\u0163i s\u0103 ai un agramat, un neinstruit,\u00a0un ho\u0163 lider al partidului \u00een Bucure\u015fti \u015fi s\u0103 c\u00e2\u015ftigi alegerile.\u00a0<\/p>\n<p data-index=\"18\">Ne era ru\u015fine s\u0103 spunem \u00een \u0163ar\u0103 c\u0103 Vanghelie este unul dintre noi!<\/p>\n<p data-index=\"19\">Dup\u0103 congresul PSD vom vedea to\u0163i dac\u0103 mesajul rom\u00e2nilor a fost \u00een\u0163eles\u00a0sau este ignorat de oamenii din acest partid\u201d.<\/p>\n<hr>\n<p data-index=\"20\"><strong>DEMISIE SEBASTIAN GHI\u021a\u0102.\u00a0<\/strong>Victor Ponta declarase anterior c\u0103 nu este de acord cu ideea deputatului Sebastian Ghi\u0163\u0103, care afirmase c\u0103 PSD trebuie s\u0103 se dezic\u0103 de pre\u015fedintele de onoare, <strong>Ion Iliescu<\/strong>. Sebastian Ghi\u0163\u0103 a gre\u015fit c\u00e2nd a f\u0103cut aceast\u0103 declara\u0163ie, a replicat premierul. \u00cen plus, acesta sus\u0163inea c\u0103 sunt voci \u00een PSD care cer ca Sebastian Ghi\u0163\u0103 s\u0103 plece din partid.<\/p>\n<p data-index=\"21\">\u201eCred c\u0103 a gre\u015fit \u015fi cred c\u0103 Sebastian Ghi\u0163\u0103 trebuie s\u0103 \u00een\u0163eleag\u0103 c\u0103 o organiza\u0163ie merge dup\u0103 alte reguli, nu dup\u0103 regula lupului singurantic. Sunt foarte mul\u0163i colegi care spun c\u0103 trebuie s\u0103 ne desp\u0103r\u0163im \u015fi de Ghi\u0163\u0103, poate c\u0103 dac\u0103 nu \u00een\u0163elege problemele noastre, \u00eei spunem mul\u0163umim \u015fi ne desp\u0103r\u0163im\u201d, a declarat Victor Ponta la <strong>dcnews.ro<\/strong>.<\/p>\n<p data-index=\"22\">\u201eE un conflict politic \u00eentre mine \u015fi Ghi\u0163\u0103. Suntem prieteni, dar nu sunt de acord cum face el lucrurile pe scena public\u0103\u201d, a punctat <strong>Victor Ponta.<\/strong><\/p>\n<p data-index=\"23\">\u201eSus\u0163in c\u0103 la 84 de ani nu mai poate fi un simbol al PSD. \u00cen patru ani de zile, de fiecare dat\u0103, la fiecare moment important, Ion Iliescu a venit \u015fi s-a a\u015fezat l\u00e2nga pre\u015fedintele PSD. Ce crede\u0163i c\u0103 \u00een\u0163eleg oamenii?\u201d, declarase deputatul <strong>Sebastian Ghi\u021b\u0103<\/strong>, joi seara, dup\u0103 \u0219edin\u021ba Comitetului Na\u021bional Executiv al PSD.<\/p>\n<p data-index=\"24\">\u201e<span>V\u0103 da\u0163i seama unde am ajuns. Sebastian Ghi\u0163\u0103, care at\u00e2rna pe la toate u\u015file din toate partidele din Rom\u00e2nia, pe la to\u0163i liderii, s\u0103 vin\u0103 s\u0103-\u015fi permit\u0103 el s\u0103-i spun\u0103 lui Ion Iliescu c\u0103 trebuie s\u0103 plece din partid. Cum poate un om corupt, un om care nu face altceva ast\u0103zi dec\u00e2t s\u0103 p\u00e2ndeasc\u0103 toate licita\u0163iile statului \u015fi are tot felul de aranjamente pe tot ce \u00eenseamn\u0103 IT \u00een Rom\u00e2nia \u015fi pe alte licita\u0163ii, care sunt f\u0103cute de guvernul Rom\u00e2niei, s\u0103-i spun\u0103 lui Ion Iliescu s\u0103 plece din partid.\u00a0<\/span>N-am o rela\u0163ie foarte apropiat\u0103 cu Iliescu, dar s-a comportat ca un lider adev\u0103rat. A \u00eencercat s\u0103 nu-l fac\u0103 de r\u00e2s pe Ponta, pentru c\u0103, totu\u015fi, era pre\u015fedintele partidului, dar s\u0103-l fac\u0103 s\u0103 \u00een\u0163eleag\u0103 c\u0103 nu a\u015fa se comport\u0103 \u015fi nu a\u015fa se iau deciziile\u201d, a comentat \u0219i<strong> Marian Vanghelie<\/strong>, care a fost exclus, joi, din PSD. \u00a0<\/p>\n<p data-index=\"25\">Sebastian Ghi\u021b\u0103 l-a \u00eenso\u021bit pe Victor Ponta \u00een concediul petrecut la Dubai dup\u0103 pierderea alegerilor preziden\u021biale. \u00cen timpul campaniei electorale, Sebastian Ghi\u021b\u0103 a mai avut o problem\u0103 \u00een PSD, dup\u0103 ce a declarat c\u0103 <a href=\"https:\/\/www.digi24.ro\/Stiri\/Digi24\/Actualitate\/Politica\/Sebastian+Ghita+vrea+sa+candideze+la+sefia+PSD+in+tandem+cu+Livi\" target=\"_blank\" data-skip-linkfix=\"1\" rel=\"noopener\">are inten\u021bia s\u0103 candideze \u00een tandem cu Liviu Dragnea la pre\u0219edin\u021bia partidului,<\/a> dac\u0103 Victor Ponta c\u00e2\u0219tig\u0103 alegerile. Victor Ponta interzisese \u00eens\u0103 orice discu\u021bii pe tema prelu\u0103rii \u0219efiei PSD \u00een timpul campaniei electorale.<\/p>\n<\/div>\n<p> Source URL: https:\/\/www.digi24.ro\/stiri\/actualitate\/politica\/demisie-din-psd-sebastian-ghita-la-digi24-intre-mine-si-victor-ponta-exista-o-diferenta-de-viteza-nu-de-continut-intre-ceea-ce-credem-ce-gandim-327765<\/p>\n","protected":false},"excerpt":{"rendered":"<p>Sebastian Ghi\u021b\u0103 a demisionat din PSD FOTO: Mediafax Foto DEMISIE SEBASTIAN GHI\u021a\u0102. \u00a0\u00centrebat dac\u0103 n-ar fi plecat din PSD, dac\u0103 nu ar fi discutat vineri cu premierul Victor Ponta, Sebastian Ghi\u021b\u0103 a spus c\u0103 nu \u0219tie s\u0103 r\u0103spund\u0103. \u201eNu \u0219tiu s\u0103 v\u0103 r\u0103spund care ar fi fost op\u021biunile mele, dac\u0103 nu discutam, dar am avut [&hellip;]<\/p>\n","protected":false},"author":1,"featured_media":191418,"comment_status":"open","ping_status":"","sticky":false,"template":"","format":"standard","meta":{"footnotes":""},"categories":[2],"tags":[11],"class_list":["post-191417","post","type-post","status-publish","format-standard","has-post-thumbnail","hentry","category-politics","tag-digi24"],"_links":{"self":[{"href":"https:\/\/analyse.optim.biz\/index.php?rest_route=\/wp\/v2\/posts\/191417","targetHints":{"allow":["GET"]}}],"collection":[{"href":"https:\/\/analyse.optim.biz\/index.php?rest_route=\/wp\/v2\/posts"}],"about":[{"href":"https:\/\/analyse.optim.biz\/index.php?rest_route=\/wp\/v2\/types\/post"}],"author":[{"embeddable":true,"href":"https:\/\/analyse.optim.biz\/index.php?rest_route=\/wp\/v2\/users\/1"}],"replies":[{"embeddable":true,"href":"https:\/\/analyse.optim.biz\/index.php?rest_route=%2Fwp%2Fv2%2Fcomments&post=191417"}],"version-history":[{"count":0,"href":"https:\/\/analyse.optim.biz\/index.php?rest_route=\/wp\/v2\/posts\/191417\/revisions"}],"wp:featuredmedia":[{"embeddable":true,"href":"https:\/\/analyse.optim.biz\/index.php?rest_route=\/wp\/v2\/media\/191418"}],"wp:attachment":[{"href":"https:\/\/analyse.optim.biz\/index.php?rest_route=%2Fwp%2Fv2%2Fmedia&parent=191417"}],"wp:term":[{"taxonomy":"category","embeddable":true,"href":"https:\/\/analyse.optim.biz\/index.php?rest_route=%2Fwp%2Fv2%2Fcategories&post=191417"},{"taxonomy":"post_tag","embeddable":true,"href":"https:\/\/analyse.optim.biz\/index.php?rest_route=%2Fwp%2Fv2%2Ftags&post=191417"}],"curies":[{"name":"wp","href":"https:\/\/api.w.org\/{rel}","templated":true}]}}