{"id":191328,"date":"2014-12-05T07:30:00","date_gmt":"2014-12-05T04:30:00","guid":{"rendered":"https:\/\/analyse.optim.biz\/?p=191328"},"modified":"2014-12-05T07:30:00","modified_gmt":"2014-12-05T04:30:00","slug":"vicepresedinte-psd-de-ce-sa-nu-cooptam-in-noul-guvern-pnl-si-pmp","status":"publish","type":"post","link":"https:\/\/analyse.optim.biz\/?p=191328","title":{"rendered":"Vicepre\u015fedinte PSD: De ce s\u0103 nu coopt\u0103m \u00een noul guvern PNL \u015fi PMP?"},"content":{"rendered":"<div class=\"entry data-app-meta data-app-meta-article\" data-embed-base-url-canonical=\"https:\/\/www.digi24.ro\/embed\/stiri\/actualitate\/politica\/vicepresedinte-psd-de-ce-sa-nu-cooptam-in-noul-guvern-pnl-si-pmp-330846\">\n<div class=\"fb-post\">\n<div class=\"fb-xfbml-parse-ignore\"><a href=\"https:\/\/www.facebook.com\/Robert.Negoita\/posts\/885036924851709\" data-skip-linkfix=\"1\">Postare<\/a> de <a href=\"https:\/\/www.facebook.com\/Robert.Negoita\" data-skip-linkfix=\"1\">Robert Negoita<\/a>.<\/div>\n<\/div>\n<p data-index=\"2\">&#8220;Dac\u0103 tot discut\u0103m despre o remaniere de guvern, \u00een urma c\u0103reia se pare c\u0103 vom avea \u00een noul cabinet toate partidele (PSD, UNPR, PC, PLR, PPDD \u015fi UDMR &#8211; care este la ora aceasta la guvernare), de ce s\u0103 nu coopt\u0103m \u00een noul cabinet PNL \u015fi PMP? Vom avea, astfel, un guvern de uniune na\u0163ional\u0103 \u015fi, implicit, garan\u0163ia unui act guvernamental echilibrat, cu larg\u0103 sus\u0163inere \u00een Parlament&#8221;, men\u0163ioneaz\u0103 Negoi\u0163\u0103, \u00een textul postat pe contul s\u0103u de Facebook.<\/p>\n<p data-index=\"3\">El sus\u0163ine c\u0103 aceasta ar fi &#8220;o condi\u0163ie absolut necesar\u0103 \u00een perspectiva anului viitor, ce se anun\u0163\u0103 plin de provoc\u0103ri at\u00e2t pe plan intern, c\u00e2t \u015fi extern&#8221;.<\/p>\n<p data-index=\"4\">&#8220;Un astfel de guvern, \u00eentr-o coabitare cu ceea ce eu sper s\u0103 fie un altfel de pre\u015fedinte &#8211; Klaus Iohannis, poate reprezenta o reac\u0163ie inspirat\u0103 a clasei politice \u00een urma votului din noiembrie. \u00cen plus, aceast\u0103 mutare va fi \u015fi pe placul noului pre\u015fedinte ales, care ast\u0103zi declara c\u0103 este nevoie de un guvern care s\u0103 aib\u0103 \u00een vedere \u015fi m\u0103suri de dreapta\u2026&#8221;, mai sus\u0163ine Negoi\u0163\u0103.<\/p>\n<\/div>\n<p> Source URL: https:\/\/www.digi24.ro\/stiri\/actualitate\/politica\/vicepresedinte-psd-de-ce-sa-nu-cooptam-in-noul-guvern-pnl-si-pmp-330846<\/p>\n","protected":false},"excerpt":{"rendered":"<p>Postare de Robert Negoita. &#8220;Dac\u0103 tot discut\u0103m despre o remaniere de guvern, \u00een urma c\u0103reia se pare c\u0103 vom avea \u00een noul cabinet toate partidele (PSD, UNPR, PC, PLR, PPDD \u015fi UDMR &#8211; care este la ora aceasta la guvernare), de ce s\u0103 nu coopt\u0103m \u00een noul cabinet PNL \u015fi PMP? Vom avea, astfel, un [&hellip;]<\/p>\n","protected":false},"author":1,"featured_media":191329,"comment_status":"open","ping_status":"","sticky":false,"template":"","format":"standard","meta":{"footnotes":""},"categories":[2],"tags":[11],"class_list":["post-191328","post","type-post","status-publish","format-standard","has-post-thumbnail","hentry","category-politics","tag-digi24"],"_links":{"self":[{"href":"https:\/\/analyse.optim.biz\/index.php?rest_route=\/wp\/v2\/posts\/191328","targetHints":{"allow":["GET"]}}],"collection":[{"href":"https:\/\/analyse.optim.biz\/index.php?rest_route=\/wp\/v2\/posts"}],"about":[{"href":"https:\/\/analyse.optim.biz\/index.php?rest_route=\/wp\/v2\/types\/post"}],"author":[{"embeddable":true,"href":"https:\/\/analyse.optim.biz\/index.php?rest_route=\/wp\/v2\/users\/1"}],"replies":[{"embeddable":true,"href":"https:\/\/analyse.optim.biz\/index.php?rest_route=%2Fwp%2Fv2%2Fcomments&post=191328"}],"version-history":[{"count":0,"href":"https:\/\/analyse.optim.biz\/index.php?rest_route=\/wp\/v2\/posts\/191328\/revisions"}],"wp:featuredmedia":[{"embeddable":true,"href":"https:\/\/analyse.optim.biz\/index.php?rest_route=\/wp\/v2\/media\/191329"}],"wp:attachment":[{"href":"https:\/\/analyse.optim.biz\/index.php?rest_route=%2Fwp%2Fv2%2Fmedia&parent=191328"}],"wp:term":[{"taxonomy":"category","embeddable":true,"href":"https:\/\/analyse.optim.biz\/index.php?rest_route=%2Fwp%2Fv2%2Fcategories&post=191328"},{"taxonomy":"post_tag","embeddable":true,"href":"https:\/\/analyse.optim.biz\/index.php?rest_route=%2Fwp%2Fv2%2Ftags&post=191328"}],"curies":[{"name":"wp","href":"https:\/\/api.w.org\/{rel}","templated":true}]}}