{"id":1912907,"date":"2026-05-01T13:04:42","date_gmt":"2026-05-01T10:04:42","guid":{"rendered":"https:\/\/analyse.optim.biz\/?p=1912907"},"modified":"2026-05-01T13:04:42","modified_gmt":"2026-05-01T10:04:42","slug":"a-murit-viorel-mastacaneanu-finul-lui-pinalti-fostul-presedinte-de-la-ceahlaul-va-fi-inmormantat-sambata","status":"publish","type":"post","link":"https:\/\/analyse.optim.biz\/?p=1912907","title":{"rendered":"A murit Viorel M\u0103st\u0103c\u0103neanu, finul lui \u201ePinalti\u201d. Fostul pre\u0219edinte de la Ceahl\u0103ul va fi \u00eenmorm\u00e2ntat s\u00e2mb\u0103t\u0103"},"content":{"rendered":"<p>[analyse_image type=&#8221;featured&#8221; src=&#8221;https:\/\/cdn.adh.reperio.news\/image-3\/3207f226-15af-46d9-a172-d835a5e6e279\/index.jpeg?p=f%3Djpeg%26w%3D1200%26h%3D630%26r%3Dcover%26c%3D0%252C0.085%252C1%252C0.753&#8243;]<\/p>\n<article class=\"svelte-t0js42\">\n<nav>\n<ul class=\"breadcrump svelte-xauq0s\">\n<li class=\"svelte-xauq0s\"><a href=\"\/\" title=\"Adev\u0103rul\" class=\"svelte-xauq0s\">Home<\/a><\/li>\n<li class=\"svelte-xauq0s\"><a href=\"\/sport\" class=\"svelte-xauq0s\">Sport<\/a><\/li>\n<li class=\"svelte-xauq0s\"><a href=\"https:\/\/adevarul.ro\/sport\/a-murit-viorel-mastacaneanu-finul-lui-pinalti-2526665.html\" class=\"svelte-xauq0s\">A murit Viorel M\u0103st\u0103c\u0103neanu, finul lui \u201ePinalti\u201d. Fostul pre\u0219edinte de la Ceahl\u0103ul va fi \u00eenmorm\u00e2ntat s\u00e2mb\u0103t\u0103<\/a><\/li>\n<\/ul>\n<\/nav>\n<p><main class=\"svelte-t0js42\"><\/p>\n<p>Viorel M\u0103st\u0103c\u0103neanu, fost pre\u0219edinte al clubului FC Ceahl\u0103ul Piatra-Neam\u021b, a murit miercuri, 29 aprilie 2026, la v\u00e2rsta de 72 de ani.\u00a0 Oficialul a coordonat destinele grup\u0103rii nem\u021bene \u00eentre anii 2006 \u0219i 2014, perioad\u0103 marcat\u0103 de prezen\u021be constante \u00een Liga 1 la fotbal.<\/p>\n<div class=\"container-image  svelte-jd4qiv\"><source type=\"image\/webp\" srcset=\"https:\/\/cdn.adh.reperio.news\/image-3\/3207f226-15af-46d9-a172-d835a5e6e279\/index.jpeg?p=a%3D1%26co%3D1.05%26w%3D1400%26h%3D750%26r%3Dcontain%26c%3D0%252C0.085%252C1%252C0.753%26f%3Dwebp 1400w\" media=\"(min-width: 1400px)\" \/><\/p>\n<div class=\"caption\">Viorel Mestec\u0103neanu a fost pre\u0219edinte la Ceahl\u0103ul   FOTO Facebook Gelu Cr\u0103can\u0103<\/div>\n<\/div>\n<p>Leg\u0103tura sa cu fotbalul a fost una important\u0103, fiind nu doar un simplu administrator, ci \u0219i omul de leg\u0103tur\u0103 cu fostul patron, Gheorghe \u0218tefan &#8211; \u201ePinalti\u201d. De altfel, \u201ePinalti\u201d era na\u0219ul lui M\u0103st\u0103c\u0103neanu.<\/p>\n<p>\u201e<i>Viorel M\u0103st\u0103c\u0103neanu a trecut la cele ve\u0219nice. Fost pre\u0219edinte al Consiliului de Administra\u021bie al FC Ceahl\u0103ul, Viorel M\u0103st\u0103c\u0103neanu a fost unul din oamenii c\u0103rora cu siguran\u021b\u0103 li se poate dedica o pagin\u0103 din istoria fotbalului nem\u021bean. Dumnezeu s\u0103-l odihneasc\u0103!<\/i>\u201d, au transmis reprezentan\u021bii paginii \u201eSuporteri Ceahl\u0103ul\u201d.<\/p>\n<p>Corpul ne\u00eensufle\u021bit a fost depus \u00eenc\u0103 de miercuri sear\u0103 la capela Bisericii \u201eSf\u00e2ntul Ioan\u201d din cartierul M\u0103r\u0103\u021bei.<\/p>\n<p>Slujba va avea loc s\u00e2mb\u0103t\u0103, 2 mai, la Biserica Sf\u00e2ntul Ioan, iar \u00eenmorm\u00e2ntarea va avea loc \u00een jurul orei 13:00, la cimitirul Bisericii Adormirea Maicii Domnului, din cartierul V\u00e2n\u0103tori.<\/p>\n<p><\/main><\/p>\n<footer class=\"svelte-t0js42\">\n<div class=\"related-wrap related-footer svelte-1t8qpgs\"><span class=\"related-label svelte-1t8qpgs\">Cite\u0219te \u0219i<\/span><a class=\"related svelte-1t8qpgs\" data-gtrack='{\"event\":\"utm_click\",\"data\":{\"event_category\":\"article_related\"}}' href=\"https:\/\/adevarul.ro\/sport\/a-murit-fostul-fotbalist-vasile-ungureanu-omul-2417903.html\" title=\"Alt articol de interes pentru tine\"><img decoding=\"async\" class=\"thumb svelte-1t8qpgs\" src=\"https:\/\/cdn.adh.reperio.news\/image-5\/5d83b77e-5eac-4945-9893-6735629ac899\/index.jpeg\" alt loading=\"lazy\" width=\"80\" height=\"54\"><span class=\"title svelte-1t8qpgs\">A murit fostul fotbalist Vasile Ungureanu, omul bun la toate la Ceahl\u0103ul. \u201eBaba\u201d a fost unul dintre oamenii de \u00eencredere ai lui \u201ePinalti\u201d<\/span><\/a><a class=\"related svelte-1t8qpgs\" data-gtrack='{\"event\":\"utm_click\",\"data\":{\"event_category\":\"article_related\"}}' href=\"https:\/\/adevarul.ro\/sport\/s-a-luat-la-tranta-cu-juventus-torino-in-cupele-2500475.html\" title=\"Alt articol de interes pentru tine\"><img decoding=\"async\" class=\"thumb svelte-1t8qpgs\" src=\"https:\/\/cdn.adh.reperio.news\/image-0\/0205d0b5-efe4-416e-a80d-b82c0659badd\/index.jpeg\" alt loading=\"lazy\" width=\"80\" height=\"54\"><span class=\"title svelte-1t8qpgs\">S-a luat la tr\u00e2nt\u0103 cu Juventus Torino \u00een cupele europene, iar acum \u00eei bate falimentul la u\u0219\u0103. Pre\u0219edintele a f\u0103cut anun\u021bul oficial al desfiin\u021b\u0103rii<\/span><\/a><a class=\"related svelte-1t8qpgs\" data-gtrack='{\"event\":\"utm_click\",\"data\":{\"event_category\":\"article_related\"}}' href=\"https:\/\/adevarul.ro\/sport\/un-fost-campion-cu-dinamo-operat-la-plamani-2522345.html\" title=\"Alt articol de interes pentru tine\"><img decoding=\"async\" class=\"thumb svelte-1t8qpgs\" src=\"https:\/\/cdn.adh.reperio.news\/image-e\/e0b0adef-cbc4-4277-b222-d0781382dc79\/index.jpeg\" alt loading=\"lazy\" width=\"80\" height=\"54\"><span class=\"title svelte-1t8qpgs\">Un fost campion cu Dinamo, operat la pl\u0103m\u00e2ni \u00eenainte de Pa\u0219te: \u201eAre nevoie de mult\u0103 lini\u0219te\u201d<\/span><\/a><\/div>\n<div class=\"meta svelte-t0js42\">\n<div class=\"authors svelte-t0js42\"><a href=\"\/author\/2080\" rel=\"author\" class=\"svelte-t0js42\">Ion-Daniel Contescu<\/a><\/div>\n<\/div>\n<p><a class=\"moreFromCategory svelte-t0js42\" href=\"\/sport\" title=\"Sport\">Mai multe din <strong class=\"svelte-t0js42\">Sport<\/strong> \u203a<\/a><\/footer>\n<\/article>\n<p>[analyse_source url=&#8221;https:\/\/adevarul.ro\/sport\/a-murit-viorel-mastacaneanu-finul-lui-pinalti-2526665.html&#8221;]<\/p>\n","protected":false},"excerpt":{"rendered":"<p>[analyse_image type=&#8221;featured&#8221; src=&#8221;https:\/\/cdn.adh.reperio.news\/image-3\/3207f226-15af-46d9-a172-d835a5e6e279\/index.jpeg?p=f%3Djpeg%26w%3D1200%26h%3D630%26r%3Dcover%26c%3D0%252C0.085%252C1%252C0.753&#8243;] Home Sport A murit Viorel M\u0103st\u0103c\u0103neanu, finul lui \u201ePinalti\u201d. Fostul pre\u0219edinte de la Ceahl\u0103ul va fi \u00eenmorm\u00e2ntat s\u00e2mb\u0103t\u0103 Viorel M\u0103st\u0103c\u0103neanu, fost pre\u0219edinte al clubului FC Ceahl\u0103ul Piatra-Neam\u021b, a murit miercuri, 29 aprilie 2026, la v\u00e2rsta de 72 de ani.\u00a0 Oficialul a coordonat destinele grup\u0103rii nem\u021bene \u00eentre anii 2006 \u0219i 2014, perioad\u0103 marcat\u0103 [&hellip;]<\/p>\n","protected":false},"author":1,"featured_media":0,"comment_status":"open","ping_status":"","sticky":false,"template":"","format":"standard","meta":{"footnotes":""},"categories":[89],"tags":[19,226],"class_list":["post-1912907","post","type-post","status-publish","format-standard","hentry","category-romania","tag-adevarul","tag-crawlmanager"],"_links":{"self":[{"href":"https:\/\/analyse.optim.biz\/index.php?rest_route=\/wp\/v2\/posts\/1912907","targetHints":{"allow":["GET"]}}],"collection":[{"href":"https:\/\/analyse.optim.biz\/index.php?rest_route=\/wp\/v2\/posts"}],"about":[{"href":"https:\/\/analyse.optim.biz\/index.php?rest_route=\/wp\/v2\/types\/post"}],"author":[{"embeddable":true,"href":"https:\/\/analyse.optim.biz\/index.php?rest_route=\/wp\/v2\/users\/1"}],"replies":[{"embeddable":true,"href":"https:\/\/analyse.optim.biz\/index.php?rest_route=%2Fwp%2Fv2%2Fcomments&post=1912907"}],"version-history":[{"count":0,"href":"https:\/\/analyse.optim.biz\/index.php?rest_route=\/wp\/v2\/posts\/1912907\/revisions"}],"wp:attachment":[{"href":"https:\/\/analyse.optim.biz\/index.php?rest_route=%2Fwp%2Fv2%2Fmedia&parent=1912907"}],"wp:term":[{"taxonomy":"category","embeddable":true,"href":"https:\/\/analyse.optim.biz\/index.php?rest_route=%2Fwp%2Fv2%2Fcategories&post=1912907"},{"taxonomy":"post_tag","embeddable":true,"href":"https:\/\/analyse.optim.biz\/index.php?rest_route=%2Fwp%2Fv2%2Ftags&post=1912907"}],"curies":[{"name":"wp","href":"https:\/\/api.w.org\/{rel}","templated":true}]}}