{"id":1912620,"date":"2026-05-01T10:50:04","date_gmt":"2026-05-01T07:50:04","guid":{"rendered":"https:\/\/analyse.optim.biz\/?p=1912620"},"modified":"2026-05-01T10:50:04","modified_gmt":"2026-05-01T07:50:04","slug":"klopp-at-real-madrid-there-are-superstars-who-refuse-to-submit-to-any-imposition","status":"publish","type":"post","link":"https:\/\/analyse.optim.biz\/?p=1912620","title":{"rendered":"\u201cKlopp? At Real Madrid there are superstars who refuse to submit to any imposition"},"content":{"rendered":"<p>[analyse_image type=&#8221;featured&#8221; src=&#8221;https:\/\/e00-xlk-ue-marca-en.uecdn.es\/files\/article_main_microformat\/uploads\/2026\/05\/01\/69f48476556d3.jpeg&#8221;]<\/p>\n<article class=\"ue-c-article\">\n<div class=\"ue-l-article__header\">\n<div class=\"ue-l-article__main-column\">\n<div class=\"ue-c-article__header \">\n<div class=\"ue-l-article__header-content ue-l-article--expand-right-full-from-tablet ue-l-article--expand-right-half-from-desktop\">\n<div class=\"ue-c-article__kicker-group\">\n<div class=\"ue-c-article__kicker-container\">\n<div class=\"ue-c-article__kicker\">Real Madrid<\/div>\n<\/div>\n<\/div>\n<h1 class=\"ue-c-article__headline js-headline js-headlineb \">\u201cKlopp? At Real Madrid there are superstars who refuse to submit to any imposition<\/h1>\n<p class=\"ue-c-article__standfirst\">Oliver Kahn believes it would be difficult for the German coach to take charge of Los Blancos<\/p>\n<\/div>\n<\/div>\n<\/div>\n<\/div>\n<div class=\"ue-l-article__body\" data-section=\"articleBody\">\n<div class=\"ue-l-article__main-column ue-l-article--minimum-content-from-tablet\">\n<figure class=\"ue-c-article__media ue-c-article__media--image ue-c-article--media-icon-m-from-phablet ue-l-article--expand-left-full-from-tablet ue-c-article__media--main-media\">\n<div class=\"ue-c-article__media-img-container ue-l-article--expand-edge-right-until-tablet ue-l-article--expand-edge-left-until-tablet\"><source type=\"image\/webp\" sizes=\"(min-width: 1010px) 660px, (min-width: 980px) calc(100vw - 350px), (min-width: 740px) calc(100vw - 320px), 100vw\" srcset=\"https:\/\/e00-xlk-ue-marca-en.uecdn.es\/files\/article_360_widen_webp\/uploads\/2026\/05\/01\/69f48476556d3.webp 360w,https:\/\/e00-xlk-ue-marca-en.uecdn.es\/files\/article_375_widen_webp\/uploads\/2026\/05\/01\/69f48476556d3.webp 375w,https:\/\/e00-xlk-ue-marca-en.uecdn.es\/files\/article_414_widen_webp\/uploads\/2026\/05\/01\/69f48476556d3.webp 414w,https:\/\/e00-xlk-ue-marca-en.uecdn.es\/files\/article_660_widen_webp\/uploads\/2026\/05\/01\/69f48476556d3.webp 660w,https:\/\/e00-xlk-ue-marca-en.uecdn.es\/files\/article_720_widen_webp\/uploads\/2026\/05\/01\/69f48476556d3.webp 720w,https:\/\/e00-xlk-ue-marca-en.uecdn.es\/files\/article_750_widen_webp\/uploads\/2026\/05\/01\/69f48476556d3.webp 750w,https:\/\/e00-xlk-ue-marca-en.uecdn.es\/files\/article_828_widen_webp\/uploads\/2026\/05\/01\/69f48476556d3.webp 828w,https:\/\/e00-xlk-ue-marca-en.uecdn.es\/files\/article_1320_widen_webp\/uploads\/2026\/05\/01\/69f48476556d3.webp 1320w\" \/><\/div><figcaption class=\"ue-c-article__media-caption\">\n<div class=\"ue-c-article__media-caption-inner\"><span class=\"ue-c-article__media-description\">J\u00fcrgen Klopp<\/span><span class=\"ue-c-article__media-source\"><span class=\"ue-c-article__media-author\">EFE<\/span><\/span><\/div>\n<\/figcaption><\/figure>\n<div class=\"ue-c-article__bar has-avatar ue-c-article__bar--horizontal-from-tablet\">\n<div class=\"ue-c-article__bar-body\">\n<ul class=\"ue-c-article__byline ue-l-article--grow-from-desktop\" aria-label=\"Redacci\u00f3n:\">\n<li class=\"ue-c-article__byline-item\">\n<div class=\"ue-c-article__byline-name\">\n                                RYAN MITCHELL\n                    <\/div>\n<\/li>\n<\/ul>\n<div class=\"ue-c-article__publishdate\" aria-label=\"Fecha de publicaci\u00f3n\"><span>Updated <\/span><time datetime=\"2026-05-01T10:50:04Z\">                            01\/05\/2026<br \/>\n        &#8211;<br \/>\n        <span>05:50<abbr title=\"Central Daylight Time\">CDT<\/abbr><\/span><\/time><\/div>\n<\/div>\n<\/div>\n<div class=\"ue-c-article__bar-secondary ue-u-hide-until-tablet ue-l-article--leftcol-width-from-tablet ue-l-article--float-left-from-tablet-no-margin ue-l-article--move-to-leftcol-from-tablet ue-u-sticky-top-80\">\n<ul class=\"ue-c-article__share-tools  ue-c-article__share-tools--direction-column js_socialMedia\" aria-label=\"Compartir art\u00edculo en Redes Sociales\">\n<li class=\"ue-c-article__share-tools-item ue-c-article__share-tools-item--facebook\"><span class=\"hidden-content\">Compartir en Facebook<\/span><\/li>\n<li class=\"ue-c-article__share-tools-item ue-c-article__share-tools-item--twitter\"><span class=\"hidden-content\">Compartir en Twitter<\/span><\/li>\n<li class=\"ue-c-article__share-tools-item ue-c-article__share-tools-item--telegram\"><span class=\"hidden-content\">Compartir en Telegram<\/span><\/li>\n<li class=\"ue-c-article__share-tools-item ue-c-article__share-tools-item--whatsapp\"><span class=\"hidden-content\">Compartir en Whatsapp<\/span><\/li>\n<li class=\"ue-c-article__share-tools-item ue-c-article__share-tools-item--email\"><span class=\"hidden-content\">Compartir por Mail<\/span><\/li>\n<\/ul>\n<\/div>\n<ul class=\"ue-c-article__subtitles ue-l-article--width-1of2-from-mobile ue-l-article--width-1of3-from-desktop ue-l-article--float-right-from-mobile ue-c-article__subtitles--boxed\" aria-label=\"Contenido relacionado\">\n<li class=\"ue-c-article__subtitles-item  \"><span class=\"ue-c-article__subtitles-kicker\">Real Madrid.\u00a0 <\/span>The German Master Plan: Toni Kroos&#8217; return could be the deciding factor in J\u00fcrgen Klopp joining Real Madrid<\/li>\n<li class=\"ue-c-article__subtitles-item  \"><span class=\"ue-c-article__subtitles-kicker\">Real Madrid.\u00a0 <\/span>What Klopp said after Xabi Alonso was sacked \u2014 and can Kroos change his mind?<\/li>\n<\/ul>\n<div class=\"ue-c-article__body\">\n<p data-mrf-recirculation=\"Links P\u00e1rrafos\" class=\"ue-c-article__paragraph paragraph ue-c-article--first-letter-highlighted\">In recent days, J\u00fcrgen Klopp\u2019s name has surfaced in the debate over the list of candidates to become Real Madrid\u2019s next head coach. However, the German\u2019s working methods appear to clash with the club\u2019s current environment, where players seem to hold more sway than the coach.<\/p>\n<p data-mrf-recirculation=\"Links P\u00e1rrafos\" class=\"ue-c-article__paragraph paragraph\">That is what Oliver Kahn, former Bayern Munich and Germany goalkeeper, reflected on \u2014 and he seems convinced that Klopp would be a very difficult fit for Real Madrid.<\/p>\n<p data-mrf-recirculation=\"Links P\u00e1rrafos\" class=\"ue-c-article__paragraph paragraph\">\u201cI don\u2019t know if I would do that if I were J\u00fcrgen Klopp. Do Real Madrid and J\u00fcrgen Klopp really fit together? If you analyze it more deeply: J\u00fcrgen is someone who likes to develop, to build something. He also works with a clearly defined system,\u201d Kahn recalled in his role as a football analyst on Sky Germany.<\/p>\n<h2 class=\"ue-c-article__subheadline\">A repeat of the Xabi Alonso case?<\/h2>\n<p data-mrf-recirculation=\"Links P\u00e1rrafos\" class=\"ue-c-article__paragraph paragraph\">\u201cReal Madrid are something completely different. Real Madrid are a group of individuals \u2014 a group of superstars who strongly resist having any concept imposed on them. We saw that with Xabi Alonso,\u201d he added.<\/p>\n<p data-mrf-recirculation=\"Links P\u00e1rrafos\" class=\"ue-c-article__paragraph paragraph\">\u201cIt\u2019s a question of whether the coach commands respect, knows how to find a common language with the players, and can work with the stars to convince them of the need for the system he wants to implement,\u201d Kahn said.<\/p>\n<p data-mrf-recirculation=\"Links P\u00e1rrafos\" class=\"ue-c-article__paragraph paragraph\">In the past, Kahn has also suggested that J\u00fcrgen Klopp may soon feel the need to return to the dugout and leave his executive role at Red Bull.<\/p>\n<p data-mrf-recirculation=\"Links P\u00e1rrafos\" class=\"ue-c-article__paragraph paragraph\">\u201cI don\u2019t know if he\u2019ll stay in that position for too long because, the way I see it, he\u2019s a coach who belongs on the touchline \u2014 pure adrenaline. We\u2019ll see if he feels fulfilled there,\u201d he explained.<\/p>\n<\/div>\n<hr class=\"taboola-art-mid-script\" data-ue-is-premium=\"false\" data-ue-is-basic=\"true\" data-ue-is-mobile=\"false\">\n<div class=\"ue-c-article__related-news \" aria-label=\"Art\u00edculos relacionados\">\n<div class=\"ue-c-article__related-news-item\"><span class=\"ue-c-article__related-news-kicker\">Spanish Football <\/span>Endrick\u2019s mindset shift fueling his rise to the top<\/div>\n<div class=\"ue-c-article__related-news-item\"><span class=\"ue-c-article__related-news-kicker\">Spanish Football <\/span>Ceballos, in the locker room: \u201cI asked the coach not to have any relationship with me\u201d<\/div>\n<div class=\"ue-c-article__related-news-item\"><span class=\"ue-c-article__related-news-kicker\">Spanish Football <\/span>Do all roads lead to Mourinho? \u201cI think he\u2019ll be the coach next season\u201d<\/div>\n<\/div>\n<div class=\"ue-c-popular-links js-featured-links ue-c-popular-links--closed\">\n<ul class=\"list ue-c-popular-links__list hidden-content\" aria-hidden=\"true\">\n<li class=\"ue-c-popular-links__list-item \">Football<\/li>\n<\/ul>\n<\/div>\n<\/div>\n<\/div>\n<\/article>\n<p>[analyse_source url=&#8221;https:\/\/www.marca.com\/en\/football\/spanish-football\/2026\/05\/01\/klopp-at-real-madrid-there-are-superstars-who-refuse-to-submit-to-any-imposition.html&#8221;]<\/p>\n","protected":false},"excerpt":{"rendered":"<p>[analyse_image type=&#8221;featured&#8221; src=&#8221;https:\/\/e00-xlk-ue-marca-en.uecdn.es\/files\/article_main_microformat\/uploads\/2026\/05\/01\/69f48476556d3.jpeg&#8221;] Real Madrid \u201cKlopp? At Real Madrid there are superstars who refuse to submit to any imposition Oliver Kahn believes it would be difficult for the German coach to take charge of Los Blancos J\u00fcrgen KloppEFE RYAN MITCHELL Updated 01\/05\/2026 &#8211; 05:50CDT Compartir en Facebook Compartir en Twitter Compartir en Telegram Compartir en [&hellip;]<\/p>\n","protected":false},"author":1,"featured_media":0,"comment_status":"open","ping_status":"","sticky":false,"template":"","format":"standard","meta":{"footnotes":""},"categories":[2],"tags":[226,45],"class_list":["post-1912620","post","type-post","status-publish","format-standard","hentry","category-politics","tag-crawlmanager","tag-marca-com"],"_links":{"self":[{"href":"https:\/\/analyse.optim.biz\/index.php?rest_route=\/wp\/v2\/posts\/1912620","targetHints":{"allow":["GET"]}}],"collection":[{"href":"https:\/\/analyse.optim.biz\/index.php?rest_route=\/wp\/v2\/posts"}],"about":[{"href":"https:\/\/analyse.optim.biz\/index.php?rest_route=\/wp\/v2\/types\/post"}],"author":[{"embeddable":true,"href":"https:\/\/analyse.optim.biz\/index.php?rest_route=\/wp\/v2\/users\/1"}],"replies":[{"embeddable":true,"href":"https:\/\/analyse.optim.biz\/index.php?rest_route=%2Fwp%2Fv2%2Fcomments&post=1912620"}],"version-history":[{"count":0,"href":"https:\/\/analyse.optim.biz\/index.php?rest_route=\/wp\/v2\/posts\/1912620\/revisions"}],"wp:attachment":[{"href":"https:\/\/analyse.optim.biz\/index.php?rest_route=%2Fwp%2Fv2%2Fmedia&parent=1912620"}],"wp:term":[{"taxonomy":"category","embeddable":true,"href":"https:\/\/analyse.optim.biz\/index.php?rest_route=%2Fwp%2Fv2%2Fcategories&post=1912620"},{"taxonomy":"post_tag","embeddable":true,"href":"https:\/\/analyse.optim.biz\/index.php?rest_route=%2Fwp%2Fv2%2Ftags&post=1912620"}],"curies":[{"name":"wp","href":"https:\/\/api.w.org\/{rel}","templated":true}]}}