{"id":1911136,"date":"2026-04-30T17:12:51","date_gmt":"2026-04-30T14:12:51","guid":{"rendered":"https:\/\/analyse.optim.biz\/?p=1911136"},"modified":"2026-04-30T17:12:51","modified_gmt":"2026-04-30T14:12:51","slug":"decizia-politiei-canadiene-privind-presedintele-fifa-este-rezervata-pentru-sefii-de-stat","status":"publish","type":"post","link":"https:\/\/analyse.optim.biz\/?p=1911136","title":{"rendered":"Decizia poli\u021biei canadiene privind pre\u0219edintele FIFA: \u201dEste rezervat\u0103 pentru \u0219efii de stat\u201d"},"content":{"rendered":"<p>[analyse_image type=&#8221;featured&#8221; src=&#8221;https:\/\/s1.ziareromania.ro\/?mmid=c0d7356b0b050a714d&#8221;]<\/p>\n<div id=\"article__container\" class=\"news__container news__image__container\">\n<h1 class=\"news__title\" title=\"Decizia poli\u021biei canadiene privind pre\u0219edintele FIFA: \u201dEste rezervat\u0103 pentru \u0219efii de stat\u201d\">Decizia poli\u021biei canadiene privind pre\u0219edintele FIFA: \u201dEste rezervat\u0103 pentru \u0219efii de stat\u201d<\/h1>\n<\/div>\n<div class=\"news__info__content d-flex\">\n<div class=\"d-flex \">\n<div class=\"news__author mar10r\"> Autor: <span><a href=\"https:\/\/ziare.com\/autor\/teodor-serban\"> Teodor Serban <\/a><\/span><\/div>\n<div class=\"news__publish\">Joi, 30 Aprilie 2026, ora 17:27<\/div>\n<\/div>\n<div class=\"news__views\">755 citiri<\/div>\n<\/div>\n<div class=\"stanga_stire news__image fleft article__marker\">\n<div class=\"news-image__content news__image__item\"><a class=\"news__image\" data-href=\"https:\/\/s2.ziareromania.ro\/?mmid=c0d7356b0b050a714d\" data-size=\"387x278\" title=\"Decizia poli\u021biei canadiene privind pre\u0219edintele FIFA: \u201dEste rezervat\u0103 pentru \u0219efii de stat\u201d\"><img decoding=\"async\" src=\"https:\/\/tb.ziareromania.ro\/Decizia-poli--iei-canadiene-privind-pre--edintele-FIFA-----Este-rezervat---pentru---efii-de-stat---\/c0d7356b0b050a714d\/400\/225\/2\/100\/Decizia-poli--iei-canadiene-privind-pre--edintele-FIFA-----Este-rezervat---pentru---efii-de-stat---.jpg\" alt=\"Decizia poli\u021biei canadiene privind pre\u0219edintele FIFA: \u201dEste rezervat\u0103 pentru \u0219efii de stat\u201d\" title=\"Decizia poli\u021biei canadiene privind pre\u0219edintele FIFA: \u201dEste rezervat\u0103 pentru \u0219efii de stat\u201d\" class=\"img-responsive\"><\/a><\/p>\n<div class=\"news__caption\">Gianni Infantino FOTO X Goal<\/div>\n<\/div>\n<\/div>\n<div class=\"news__content descriere_main article__marker\">\n<p>Poli\u021bia din Vancouver a precizat c\u0103 pre\u0219edintele forului mondial al fotbalului, <a href=\"https:\/\/ziare.com\/gianni-infantino\/\" title=\"Gianni Infantino\">Gianni Infantino<\/a>, nu va beneficia de escorta rutier\u0103 din partea for\u021belor poli\u021biene\u0219ti pentru congresul <a href=\"https:\/\/ziare.com\/fifa\/\" title=\"FIFA\">FIFA<\/a> organizat joi \u00een ora\u0219ul canadian, FIFA neg\u00e2nd o astfel de cerere, relateaz\u0103 DPA.<\/p>\n<p>&#8221;\u00censo\u021birea oficial\u0103 cu vehicule de escort\u0103 acolo unde traficul este blocat este rezervat\u0103 pentru \u0219efii de stat&#8221;, a spus adjunctul \u0219efului departamentului de poli\u021bie Don Chapman, citat de media local\u0103.<\/p>\n<p>&#8221;Din moment ce Comitetul Executiv al FIFA nu \u00eendepline\u0219te standardele interna\u021bionale de protec\u021bie a persoanelor care necesit\u0103 o astfel de \u00eenso\u021bire, cererea a fost respins\u0103&#8221;, a comunicat departamentul de poli\u021bie.<\/p>\n<p>M\u0103surile de escort\u0103 implic\u0103 \u00eenchiderea drumurilor \u0219i a intersec\u021biilor precum \u0219i nerespectarea semafoarelor \u0219i a indicatoarelor rutiere.<\/p>\n<p>FIFA a comunicat, joi, pe contul s\u0103u de pe re\u021beaua de socializare X c\u0103 nu a cerut niciodat\u0103 o escort\u0103 specific\u0103 la nivel de poli\u021bie pentru pre\u0219edintele FIFA.<\/p>\n<p>&#8221;Pre\u0219edintele FIFA nu are cuno\u0219tin\u021b\u0103 sau nu a fost implicat \u00een vreo cerere c\u0103tre autorit\u0103\u021bi \u00een ceea ce prive\u0219te transportul s\u0103u \u0219i m\u0103surile de securitate pentru cel de-al 76-lea Congres al FIFA&#8221;, a comunicat forul mondial al fotbalului pe X.<\/p>\n<p>FIFA a organizat diferite activit\u0103\u021bi la Vancouver \u00een aceast\u0103 s\u0103pt\u0103m\u00e2n\u0103, inclusiv o reuniune a Consiliului s\u0103u, mar\u021bi.<\/p>\n<p>Congresul anual reune\u0219te joi to\u021bi membrii federa\u021biilor din cadrul FIFA.<\/p>\n<p>Vancouver este unul dintre ora\u0219ele gazd\u0103 ale Cupei Mondiale, organizat\u0103 \u00een perioada 11 iunie &#8211; 19 iulie de SUA, Canada \u0219i Mexic.<\/p>\n<p>Toronto este cel\u0103lalt ora\u0219 canadian care va g\u0103zdui <a href=\"https:\/\/ziare.com\/fotbal\/meciuri\/\" title=\"meciuri\">meciuri<\/a> la Cupa Mondial\u0103.<\/p>\n<\/div>\n","protected":false},"excerpt":{"rendered":"<p>[analyse_image type=&#8221;featured&#8221; src=&#8221;https:\/\/s1.ziareromania.ro\/?mmid=c0d7356b0b050a714d&#8221;] Decizia poli\u021biei canadiene privind pre\u0219edintele FIFA: \u201dEste rezervat\u0103 pentru \u0219efii de stat\u201d Autor: Teodor Serban Joi, 30 Aprilie 2026, ora 17:27 755 citiri Gianni Infantino FOTO X Goal Poli\u021bia din Vancouver a precizat c\u0103 pre\u0219edintele forului mondial al fotbalului, Gianni Infantino, nu va beneficia de escorta rutier\u0103 din partea for\u021belor poli\u021biene\u0219ti pentru [&hellip;]<\/p>\n","protected":false},"author":1,"featured_media":0,"comment_status":"open","ping_status":"","sticky":false,"template":"","format":"standard","meta":{"footnotes":""},"categories":[89],"tags":[226,22],"class_list":["post-1911136","post","type-post","status-publish","format-standard","hentry","category-romania","tag-crawlmanager","tag-ziare-com"],"_links":{"self":[{"href":"https:\/\/analyse.optim.biz\/index.php?rest_route=\/wp\/v2\/posts\/1911136","targetHints":{"allow":["GET"]}}],"collection":[{"href":"https:\/\/analyse.optim.biz\/index.php?rest_route=\/wp\/v2\/posts"}],"about":[{"href":"https:\/\/analyse.optim.biz\/index.php?rest_route=\/wp\/v2\/types\/post"}],"author":[{"embeddable":true,"href":"https:\/\/analyse.optim.biz\/index.php?rest_route=\/wp\/v2\/users\/1"}],"replies":[{"embeddable":true,"href":"https:\/\/analyse.optim.biz\/index.php?rest_route=%2Fwp%2Fv2%2Fcomments&post=1911136"}],"version-history":[{"count":0,"href":"https:\/\/analyse.optim.biz\/index.php?rest_route=\/wp\/v2\/posts\/1911136\/revisions"}],"wp:attachment":[{"href":"https:\/\/analyse.optim.biz\/index.php?rest_route=%2Fwp%2Fv2%2Fmedia&parent=1911136"}],"wp:term":[{"taxonomy":"category","embeddable":true,"href":"https:\/\/analyse.optim.biz\/index.php?rest_route=%2Fwp%2Fv2%2Fcategories&post=1911136"},{"taxonomy":"post_tag","embeddable":true,"href":"https:\/\/analyse.optim.biz\/index.php?rest_route=%2Fwp%2Fv2%2Ftags&post=1911136"}],"curies":[{"name":"wp","href":"https:\/\/api.w.org\/{rel}","templated":true}]}}