{"id":1910830,"date":"2026-04-30T11:42:00","date_gmt":"2026-04-30T08:42:00","guid":{"rendered":"https:\/\/analyse.optim.biz\/?p=1910830"},"modified":"2026-04-30T11:42:00","modified_gmt":"2026-04-30T08:42:00","slug":"carlo-nordio-in-uruguay-ce-andato-davvero-ma-in-visita-ufficiale-dall1-al-3-marzo","status":"publish","type":"post","link":"https:\/\/analyse.optim.biz\/?p=1910830","title":{"rendered":"Carlo nordio in uruguay c\u2019\u00c8 andato davvero, ma in visita ufficiale: dall\u20191 al 3 marzo&#8230;"},"content":{"rendered":"<p>[analyse_image type=&#8221;featured&#8221; src=&#8221;https:\/\/static.dagospia.com\/img\/patch\/04-2026\/carlo-nordio-nicole-minetti-2258064_600_q50.webp&#8221;]<\/p>\n<article>\n<div class=\"img-wrapper\"><img decoding=\"async\" src=\"https:\/\/static.dagospia.com\/img\/patch\/04-2026\/carlo-nordio-nicole-minetti-2258064_600_q50.webp\" alt=\"carlo nordio nicole minetti \"><time class=\"data-ora\">30 apr 2026 13:42<\/time><\/div>\n<p><span>CARLO NORDIO IN URUGUAY C\u2019\u00c8\u00a0ANDATO DAVVERO, MA IN VISITA UFFICIALE: <\/span>DALL\u20191 AL 3 MARZO, IL MINISTRO DELLA GIUSTIZIA ERA A MONTEVIDEO PER L\u2019INSEDIAMENTO DEL PRESIDENTE, YAMUNDU ORSI. MA <span>NEGA DI ESSERE MAI STATO AL RANCH DI GIUSEPPE CIPRIANI E NICOLE MINETTI<\/span>, A PUNTA DEL ESTE, COME INVECE HA SOSTENUTO SIGFRIDO RANUCCI OSPITE DI \u201c\u00c8 SEMPRE CARTABIANCA\u201d (IL MINISTRO \u00c8\u00a0INTERVENUTO IN DIRETTA MENTRE ERA A UN \u201cCONCERTO\u201d PER SMENTIRE IL CONDUTTORE DI \u201cREPORT\u201d) \u2013 AL QUIRINALE ASPETTANO I RISULTATI DELLE NUOVE INDAGINI\u2026<\/p>\n<div class=\"share-section\">\n                Condividi  questo articolo<\/p>\n<div class=\"socials\"><a href=\"http:\/\/www.facebook.com\/sharer.php?u=http:\/\/www.dagospia.com\/politica\/carlo-nordio-in-uruguay-c-e-andato-davvero-in-visita-ufficiale-dall-1-3-472624\" target=\"_blank\"><img decoding=\"async\" src=\"https:\/\/static.dagospia.com\/img\/icons\/facebook.svg\" alt=\"Condividi su Facebook\"><\/a><a href=\"http:\/\/www.twitter.com\/share?url=http:\/\/www.dagospia.com\/politica\/carlo-nordio-in-uruguay-c-e-andato-davvero-in-visita-ufficiale-dall-1-3-472624&amp;text=CARLO%20NORDIO%20IN%20URUGUAY%20C%E2%80%99%C3%88%20ANDATO%20DAVVERO,%20MA%20IN%20VISITA%20UFFICIALE:%20DALL%E2%80%991%20AL%203%20MARZO...\" target=\"_blank\"><img decoding=\"async\" src=\"https:\/\/static.dagospia.com\/img\/icons\/x-icon.png\" alt=\"Condividi su X\"><\/a><a href=\"\/\/www.dagospia.com\/politica\/carlo-nordio-in-uruguay-c-e-andato-davvero-in-visita-ufficiale-dall-1-3-472624\" target=\"_blank\"><img decoding=\"async\" src=\"https:\/\/static.dagospia.com\/img\/icons\/whatsapp.svg\" alt=\"Condividi su Whatsapp\"><\/a><a href=\"mailto:?body=http:\/\/www.dagospia.com\/politica\/carlo-nordio-in-uruguay-c-e-andato-davvero-in-visita-ufficiale-dall-1-3-472624\" target=\"_blank\"><img decoding=\"async\" src=\"https:\/\/static.dagospia.com\/img\/icons\/mail.svg\" alt=\"Invia in email\"><\/a><\/div>\n<\/div>\n<div class=\"content\">\n<div><iframe loading=\"lazy\" allow=\"autoplay; clipboard-write; encrypted-media; picture-in-picture; web-share\" allowfullscreen=\"true\" frameborder height=\"476\" scrolling=\"no\" src=\"https:\/\/www.facebook.com\/plugins\/video.php?height=476&amp;href=https%3A%2F%2Fwww.facebook.com%2Freel%2F1489257446183043%2F&amp;show_text=false&amp;width=267&amp;t=0\" width=\"267\"><\/iframe><iframe loading=\"lazy\" allow=\"autoplay; clipboard-write; encrypted-media; picture-in-picture; web-share\" allowfullscreen=\"true\" frameborder height=\"314\" scrolling=\"no\" src=\"https:\/\/www.facebook.com\/plugins\/video.php?height=314&amp;href=https%3A%2F%2Fwww.facebook.com%2Freel%2F3941997232601932%2F&amp;show_text=false&amp;width=560&amp;t=0\" width=\"560\"><\/iframe><\/div>\n<p class=\"disable\">\u00a0<\/p>\n<p class=\"disable\">\u00a0<\/p>\n<p class=\"disable\"><strong>Estratto dell\u2019articolo di Monica Guerzoni e Virginia Piccolillo per il <a href=\"http:\/\/www.corriere.it\" target=\"_blank\">\u201cCorriere della Sera\u201d<\/a><\/strong><\/p>\n<p class=\"disable\">\u00a0<\/p>\n<p><a href=\"https:\/\/www.dagospia.com\/media-gallery\/dago-fotogallery-509052\/2258059\" class=\"float-right img-wrapper\"><img decoding=\"async\" id=\"2258059\" loading=\"lazy\" src=\"https:\/\/static.dagospia.com\/img\/foto\/04-2026\/carlo-nordio-yamundu-orsi-2258059_800_q50.webp\"><span class=\"img-title\">CARLO NORDIO YAMUNDU ORSI<\/span><\/a><\/p>\n<p class=\"disable\">Una visita al Rio de la Plata per onorare i caduti dello scontro navale, un incontro in ambasciata con un gruppo di imprenditori, giusto il tempo di una stretta di mano. Ma certamente \u00absempre accompagnato dall\u2019ambasciatore, i funzionari e dal cerimoniale come risulta al protocollo\u00bb. E sicuramente \u00abmai al ranch di Nicole Minetti e di Giuseppe Cipriani, che non so neanche che faccia abbia\u00bb.<\/p>\n<p class=\"disable\">\u00a0<\/p>\n<p class=\"disable\">Prima dell\u2019incontro con l\u2019Anm e il Consiglio nazionale forense sulle riforme possibili dopo il No al referendum, il ministro della Giustizia Carlo Nordio ha guardato e riguardato la lista degli incontri compiuti nella sua missione a Montevideo in occasione dell\u2019insediamento del presidente, avvenuta dall&#8217;1 al 3 marzo (la domanda di grazia sarebbe arrivata al Quirinale a luglio).<\/p>\n<p class=\"disable\">\u00a0<\/p>\n<p class=\"disable\">Per fugare ogni minimo dubbio sulle accuse mosse da Sigfrido Ranucci di Report, a Cartabianca , su una visita in quel\u2019occasione alla villa dell\u2019ex reclutatrice di ragazze per le cene di Silvio Berlusconi condannata a 3 anni e 11 mesi per induzione alla prostituzione e peculato, graziata dal capo dello Stato, Sergio Mattarella. Al telefono Nordio ha smentito in diretta: \u00abValuto vie legali perch\u00e9 c\u2019\u00e8 un limite a tutto, anche a questo degrado morale e mediatico\u00bb.<\/p>\n<p class=\"disable\">\u00a0<\/p>\n<p><a href=\"https:\/\/www.dagospia.com\/media-gallery\/dago-fotogallery-509052\/2258058\" class=\"float-left img-wrapper\"><img decoding=\"async\" id=\"2258058\" loading=\"lazy\" src=\"https:\/\/static.dagospia.com\/img\/foto\/04-2026\/sigfrido-ranucci-carlo-nordio-e-sempre-cartabianca-2258058_800_q50.webp\"><span class=\"img-title\">sigfrido ranucci &#8211; carlo nordio &#8211; e sempre cartabianca <\/span><\/a><\/p>\n<p class=\"disable\">Il Guardasigilli non ci sta a essere additato come il motore occulto di quella grazia, decisa al Quirinale e inviata a lui per l\u2019istruttoria che, ribadiscono in via Arenula, \u00abspetta alla magistratura che pu\u00f2 avvalersi della polizia giudiziaria\u00bb. A lui, \u00abda quando la Corte costituzionale ha stabilito nel 2006 che il potere della grazia \u00e8 unicamente in capo al presidente della Repubblica, spetta solo valutare eventuali cause ostative e dare un suo parere non vincolante\u00bb, precisano.<\/p>\n<p class=\"disable\">\u00a0<\/p>\n<p class=\"disable\">[\u2026] \u00a0E le mancate deleghe per gli accertamenti in Uruguay e in Spagna? \u00abBastava avanzare richiesta di rogatoria che invece non c\u2019\u00e8 stata\u00bb, assicurano al ministero.<\/p>\n<p><a href=\"https:\/\/www.dagospia.com\/media-gallery\/dago-fotogallery-509052\/1114033\" class=\"float-right img-wrapper\"><img decoding=\"async\" id=\"1114033\" loading=\"lazy\" src=\"https:\/\/static.dagospia.com\/img\/foto\/02-2019\/nicole-minetti-32-1114033_800_q50.webp\"><span class=\"img-title\">nicole minetti 32<\/span><\/a><\/p>\n<p class=\"disable\">Segnalando tuttavia un problema di procedura: secondo i trattati bilaterali l\u2019Uruguay concede le rogatorie solo per indagati o imputati. E, a oggi, non risulta che Minetti lo sia.<\/p>\n<p class=\"disable\">\u00a0<\/p>\n<p class=\"disable\">Al Quirinale intanto aspettano. E forse sperano che il vento uruguaiano smetta di gonfiare l\u2019onda della bufera mediatica. La lettera al ministro della Giustizia, fanno sapere, non era un attacco a Nordio, il quale ha ricevuto dalla Procura le stesse carte e la stessa accurata relazione che ha convinto Mattarella a firmare la grazia a Minetti.<\/p>\n<p class=\"disable\">\u00a0<\/p>\n<p class=\"disable\">Molti ancora si chiedono perch\u00e9 lo abbia fatto, ma a sentire i consiglieri del presidente la risposta \u00e8 la pi\u00f9 semplice e lineare possibile: Mattarella \u00e8 un rigoroso giurista ed \u00e8 alla luce della conoscenza delle leggi e della Costituzione che ha risposto s\u00ec. Da giudice ha creduto alla redenzione della donna, al cambio radicale di stile di vita, all\u2019adozione a fin di bene del bambino malato.<\/p>\n<p class=\"disable\">\u00a0<\/p>\n<p><a href=\"https:\/\/www.dagospia.com\/media-gallery\/dago-fotogallery-509052\/2257313\" class=\"float-right img-wrapper\"><img decoding=\"async\" id=\"2257313\" loading=\"lazy\" src=\"https:\/\/static.dagospia.com\/img\/foto\/04-2026\/vignetta-ellekappa-carlo-nordio-e-nicole-minetti-2257313_800_q50.webp\"><span class=\"img-title\">VIGNETTA ELLEKAPPA &#8211; CARLO NORDIO E NICOLE MINETTI<\/span><\/a><\/p>\n<p class=\"disable\">Lo ha fatto in piena coscienza e non gli sarebbe mai passato per la mente di negarla solo perch\u00e9 la domanda di clemenza arrivava dall\u2019ex igienista dentale di Berlusconi. La grazia si concede quando lo si ritiene giusto e non per compiacere (o deludere) l\u2019opinione pubblica. E non \u00e8 vero, assicurano al Colle, che Mattarella abbia scritto a Nordio perch\u00e9 convinto dall\u2019inchiesta del Fatto Quotidiano . Ha \u00absolo\u00bb chiesto, come doveroso, dicono, di verificare le notizie di stampa perch\u00e9 sia fatta \u00abcon urgenza\u00bb chiarezza.<\/p>\n<p><a href=\"https:\/\/www.dagospia.com\/media-gallery\/dago-fotogallery-509052\/2257570\" class=\"float-right img-wrapper\"><img decoding=\"async\" id=\"2257570\" loading=\"lazy\" src=\"https:\/\/static.dagospia.com\/img\/foto\/04-2026\/sigfrido-ranucci-e-carlo-nordio-e-sempre-cartabianca-2257570_800_q50.webp\"><span class=\"img-title\">sigfrido ranucci e carlo nordio &#8211; e sempre cartabianca<\/span><\/a><a href=\"https:\/\/www.dagospia.com\/media-gallery\/dago-fotogallery-509052\/2257569\" class=\"float-right img-wrapper\"><img decoding=\"async\" id=\"2257569\" loading=\"lazy\" src=\"https:\/\/static.dagospia.com\/img\/foto\/04-2026\/carlo-nordio-2257569_800_q50.webp\"><span class=\"img-title\">carlo nordio<\/span><\/a><a href=\"https:\/\/www.dagospia.com\/media-gallery\/dago-fotogallery-509052\/2244726\" class=\"float-right img-wrapper\"><img decoding=\"async\" id=\"2244726\" loading=\"lazy\" src=\"https:\/\/static.dagospia.com\/img\/foto\/03-2026\/carlo-nordio-beve-uno-spritz-2244726_800_q50.webp\"><span class=\"img-title\">carlo nordio beve uno spritz <\/span><\/a><a href=\"https:\/\/www.dagospia.com\/media-gallery\/dago-fotogallery-509052\/2246007\" class=\"float-right img-wrapper\"><img decoding=\"async\" id=\"2246007\" loading=\"lazy\" src=\"https:\/\/static.dagospia.com\/img\/foto\/03-2026\/referendum-sulla-giustizia-poster-by-macondo-2246007_800_q50.webp\"><span class=\"img-title\">referendum sulla giustizia &#8211; giorgia meloni e carlo nordio &#8211; poster by macondo<\/span><\/a><a href=\"https:\/\/www.dagospia.com\/media-gallery\/dago-fotogallery-509052\/517142\" class=\"float-right img-wrapper\"><img decoding=\"async\" id=\"517142\" loading=\"lazy\" src=\"https:\/\/static.dagospia.com\/img\/foto\/12-2013\/495849-nicole-minetti-294023_800_q50.webp\"><span class=\"img-title\">NICOLE MINETTI A MIAMI <\/span><\/a><a href=\"https:\/\/www.dagospia.com\/media-gallery\/dago-fotogallery-509052\/2209949\" class=\"float-right img-wrapper\"><img decoding=\"async\" id=\"2209949\" loading=\"lazy\" src=\"https:\/\/static.dagospia.com\/img\/foto\/12-2025\/carlo-nordio-ad-atreju-foto-lapresse-2209949_800_q50.webp\"><span class=\"img-title\">Carlo Nordio ad Atreju &#8211; foto lapresse <\/span><\/a><a href=\"https:\/\/www.dagospia.com\/media-gallery\/dago-fotogallery-509052\/629013\" class=\"float-right img-wrapper\"><img decoding=\"async\" id=\"629013\" loading=\"lazy\" src=\"https:\/\/static.dagospia.com\/img\/foto\/01-2015\/nicole-minetti-a-san-silvestro-2-629013_800_q50.webp\"><span class=\"img-title\">nicole minetti a san silvestro 2<\/span><\/a><a href=\"https:\/\/www.dagospia.com\/media-gallery\/dago-fotogallery-509052\/491702\" class=\"float-right img-wrapper\"><img decoding=\"async\" id=\"491702\" loading=\"lazy\" src=\"https:\/\/static.dagospia.com\/img\/foto\/09-2013\/nicole-minetti-268473_800_q50.webp\"><span class=\"img-title\">NICOLE MINETTI <\/span><\/a><a href=\"https:\/\/www.dagospia.com\/media-gallery\/dago-fotogallery-509052\/491711\" class=\"float-right img-wrapper\"><img decoding=\"async\" id=\"491711\" loading=\"lazy\" src=\"https:\/\/static.dagospia.com\/img\/foto\/09-2013\/nicole-minetti-268482_800_q50.webp\"><span class=\"img-title\">NICOLE MINETTI <\/span><\/a><a href=\"https:\/\/www.dagospia.com\/media-gallery\/dago-fotogallery-509052\/1114034\" class=\"float-right img-wrapper\"><img decoding=\"async\" id=\"1114034\" loading=\"lazy\" src=\"https:\/\/static.dagospia.com\/img\/foto\/02-2019\/nicole-minetti-18-1114034_800_q50.webp\"><span class=\"img-title\">nicole minetti 18<\/span><\/a><a href=\"https:\/\/www.dagospia.com\/media-gallery\/dago-fotogallery-509052\/1113989\" class=\"float-right img-wrapper\"><img decoding=\"async\" id=\"1113989\" loading=\"lazy\" src=\"https:\/\/static.dagospia.com\/img\/foto\/02-2019\/nicole-minetti-83-1113989_800_q50.webp\"><span class=\"img-title\">nicole minetti 83<\/span><\/a><a href=\"https:\/\/www.dagospia.com\/media-gallery\/dago-fotogallery-509052\/1113941\" class=\"float-right img-wrapper\"><img decoding=\"async\" id=\"1113941\" loading=\"lazy\" src=\"https:\/\/static.dagospia.com\/img\/foto\/02-2019\/nicole-minetti-49-1113941_800_q50.webp\"><span class=\"img-title\">nicole minetti 49<\/span><\/a><a href=\"https:\/\/www.dagospia.com\/media-gallery\/dago-fotogallery-509052\/1113942\" class=\"float-right img-wrapper\"><img decoding=\"async\" id=\"1113942\" loading=\"lazy\" src=\"https:\/\/static.dagospia.com\/img\/foto\/02-2019\/nicole-minetti-61-1113942_800_q50.webp\"><span class=\"img-title\">nicole minetti 61<\/span><\/a><a href=\"https:\/\/www.dagospia.com\/media-gallery\/dago-fotogallery-509052\/1114032\" class=\"float-right img-wrapper\"><img decoding=\"async\" id=\"1114032\" loading=\"lazy\" src=\"https:\/\/static.dagospia.com\/img\/foto\/02-2019\/nicole-minetti-26-1114032_800_q50.webp\"><span class=\"img-title\">nicole minetti 26<\/span><\/a><a href=\"https:\/\/www.dagospia.com\/media-gallery\/dago-fotogallery-509052\/2257838\" class=\"float-right img-wrapper\"><img decoding=\"async\" id=\"2257838\" loading=\"lazy\" src=\"https:\/\/static.dagospia.com\/img\/foto\/04-2026\/mai-dire-uruguay-meme-su-carlo-nordio-e-nicole-minetti-by-50-sfumature-di-cattiv-2257838_800_q50.webp\"><span class=\"img-title\">mai dire uruguay meme su carlo nordio e nicole minetti by 50 sfumature di cattiveria <\/span><\/a><\/p>\n<\/div>\n<div class=\"share-section\">\n                Condividi  questo articolo<\/p>\n<div class=\"socials\"><a href=\"https:\/\/www.dagospia.com\/politica\/carlo-nordio-in-uruguay-c-e-andato-davvero-in-visita-ufficiale-dall-1-3-472624\"><img decoding=\"async\" src=\"https:\/\/static.dagospia.com\/img\/icons\/facebook.svg\" alt=\"Condividi su Facebook\"><\/a><a href=\"https:\/\/www.dagospia.com\/politica\/carlo-nordio-in-uruguay-c-e-andato-davvero-in-visita-ufficiale-dall-1-3-472624\"><img decoding=\"async\" src=\"https:\/\/static.dagospia.com\/img\/icons\/x-icon.png\" alt=\"Condividi su X\"><\/a><a href=\"https:\/\/www.dagospia.com\/politica\/carlo-nordio-in-uruguay-c-e-andato-davvero-in-visita-ufficiale-dall-1-3-472624\"><img decoding=\"async\" src=\"https:\/\/static.dagospia.com\/img\/icons\/whatsapp.svg\" alt=\"Condividi su Whatsapp\"><\/a><a href=\"https:\/\/www.dagospia.com\/politica\/carlo-nordio-in-uruguay-c-e-andato-davvero-in-visita-ufficiale-dall-1-3-472624\"><img decoding=\"async\" src=\"https:\/\/static.dagospia.com\/img\/icons\/mail.svg\" alt=\"Invia in email\"><\/a><\/div>\n<\/div>\n<\/article>\n<div class=\"content\">\n<div><iframe loading=\"lazy\" allow=\"autoplay; clipboard-write; encrypted-media; picture-in-picture; web-share\" allowfullscreen=\"true\" frameborder height=\"476\" scrolling=\"no\" src=\"https:\/\/www.facebook.com\/plugins\/video.php?height=476&amp;href=https%3A%2F%2Fwww.facebook.com%2Freel%2F1489257446183043%2F&amp;show_text=false&amp;width=267&amp;t=0\" width=\"267\"><\/iframe><iframe loading=\"lazy\" allow=\"autoplay; clipboard-write; encrypted-media; picture-in-picture; web-share\" allowfullscreen=\"true\" frameborder height=\"314\" scrolling=\"no\" src=\"https:\/\/www.facebook.com\/plugins\/video.php?height=314&amp;href=https%3A%2F%2Fwww.facebook.com%2Freel%2F3941997232601932%2F&amp;show_text=false&amp;width=560&amp;t=0\" width=\"560\"><\/iframe><\/div>\n<p class=\"disable\">\u00a0<\/p>\n<p class=\"disable\">\u00a0<\/p>\n<p class=\"disable\"><strong>Estratto dell\u2019articolo di Monica Guerzoni e Virginia Piccolillo per il <a href=\"http:\/\/www.corriere.it\" target=\"_blank\">\u201cCorriere della Sera\u201d<\/a><\/strong><\/p>\n<p class=\"disable\">\u00a0<\/p>\n<p><a href=\"https:\/\/www.dagospia.com\/media-gallery\/dago-fotogallery-509052\/2258059\" class=\"float-right img-wrapper\"><img decoding=\"async\" id=\"2258059\" loading=\"lazy\" src=\"https:\/\/static.dagospia.com\/img\/foto\/04-2026\/carlo-nordio-yamundu-orsi-2258059_800_q50.webp\"><span class=\"img-title\">CARLO NORDIO YAMUNDU ORSI<\/span><\/a><\/p>\n<p class=\"disable\">Una visita al Rio de la Plata per onorare i caduti dello scontro navale, un incontro in ambasciata con un gruppo di imprenditori, giusto il tempo di una stretta di mano. Ma certamente \u00absempre accompagnato dall\u2019ambasciatore, i funzionari e dal cerimoniale come risulta al protocollo\u00bb. E sicuramente \u00abmai al ranch di Nicole Minetti e di Giuseppe Cipriani, che non so neanche che faccia abbia\u00bb.<\/p>\n<p class=\"disable\">\u00a0<\/p>\n<p class=\"disable\">Prima dell\u2019incontro con l\u2019Anm e il Consiglio nazionale forense sulle riforme possibili dopo il No al referendum, il ministro della Giustizia Carlo Nordio ha guardato e riguardato la lista degli incontri compiuti nella sua missione a Montevideo in occasione dell\u2019insediamento del presidente, avvenuta dall&#8217;1 al 3 marzo (la domanda di grazia sarebbe arrivata al Quirinale a luglio).<\/p>\n<p class=\"disable\">\u00a0<\/p>\n<p class=\"disable\">Per fugare ogni minimo dubbio sulle accuse mosse da Sigfrido Ranucci di Report, a Cartabianca , su una visita in quel\u2019occasione alla villa dell\u2019ex reclutatrice di ragazze per le cene di Silvio Berlusconi condannata a 3 anni e 11 mesi per induzione alla prostituzione e peculato, graziata dal capo dello Stato, Sergio Mattarella. Al telefono Nordio ha smentito in diretta: \u00abValuto vie legali perch\u00e9 c\u2019\u00e8 un limite a tutto, anche a questo degrado morale e mediatico\u00bb.<\/p>\n<p class=\"disable\">\u00a0<\/p>\n<p><a href=\"https:\/\/www.dagospia.com\/media-gallery\/dago-fotogallery-509052\/2258058\" class=\"float-left img-wrapper\"><img decoding=\"async\" id=\"2258058\" loading=\"lazy\" src=\"https:\/\/static.dagospia.com\/img\/foto\/04-2026\/sigfrido-ranucci-carlo-nordio-e-sempre-cartabianca-2258058_800_q50.webp\"><span class=\"img-title\">sigfrido ranucci &#8211; carlo nordio &#8211; e sempre cartabianca <\/span><\/a><\/p>\n<p class=\"disable\">Il Guardasigilli non ci sta a essere additato come il motore occulto di quella grazia, decisa al Quirinale e inviata a lui per l\u2019istruttoria che, ribadiscono in via Arenula, \u00abspetta alla magistratura che pu\u00f2 avvalersi della polizia giudiziaria\u00bb. A lui, \u00abda quando la Corte costituzionale ha stabilito nel 2006 che il potere della grazia \u00e8 unicamente in capo al presidente della Repubblica, spetta solo valutare eventuali cause ostative e dare un suo parere non vincolante\u00bb, precisano.<\/p>\n<p class=\"disable\">\u00a0<\/p>\n<p class=\"disable\">[\u2026] \u00a0E le mancate deleghe per gli accertamenti in Uruguay e in Spagna? \u00abBastava avanzare richiesta di rogatoria che invece non c\u2019\u00e8 stata\u00bb, assicurano al ministero.<\/p>\n<p><a href=\"https:\/\/www.dagospia.com\/media-gallery\/dago-fotogallery-509052\/1114033\" class=\"float-right img-wrapper\"><img decoding=\"async\" id=\"1114033\" loading=\"lazy\" src=\"https:\/\/static.dagospia.com\/img\/foto\/02-2019\/nicole-minetti-32-1114033_800_q50.webp\"><span class=\"img-title\">nicole minetti 32<\/span><\/a><\/p>\n<p class=\"disable\">Segnalando tuttavia un problema di procedura: secondo i trattati bilaterali l\u2019Uruguay concede le rogatorie solo per indagati o imputati. E, a oggi, non risulta che Minetti lo sia.<\/p>\n<p class=\"disable\">\u00a0<\/p>\n<p class=\"disable\">Al Quirinale intanto aspettano. E forse sperano che il vento uruguaiano smetta di gonfiare l\u2019onda della bufera mediatica. La lettera al ministro della Giustizia, fanno sapere, non era un attacco a Nordio, il quale ha ricevuto dalla Procura le stesse carte e la stessa accurata relazione che ha convinto Mattarella a firmare la grazia a Minetti.<\/p>\n<p class=\"disable\">\u00a0<\/p>\n<p class=\"disable\">Molti ancora si chiedono perch\u00e9 lo abbia fatto, ma a sentire i consiglieri del presidente la risposta \u00e8 la pi\u00f9 semplice e lineare possibile: Mattarella \u00e8 un rigoroso giurista ed \u00e8 alla luce della conoscenza delle leggi e della Costituzione che ha risposto s\u00ec. Da giudice ha creduto alla redenzione della donna, al cambio radicale di stile di vita, all\u2019adozione a fin di bene del bambino malato.<\/p>\n<p class=\"disable\">\u00a0<\/p>\n<p><a href=\"https:\/\/www.dagospia.com\/media-gallery\/dago-fotogallery-509052\/2257313\" class=\"float-right img-wrapper\"><img decoding=\"async\" id=\"2257313\" loading=\"lazy\" src=\"https:\/\/static.dagospia.com\/img\/foto\/04-2026\/vignetta-ellekappa-carlo-nordio-e-nicole-minetti-2257313_800_q50.webp\"><span class=\"img-title\">VIGNETTA ELLEKAPPA &#8211; CARLO NORDIO E NICOLE MINETTI<\/span><\/a><\/p>\n<p class=\"disable\">Lo ha fatto in piena coscienza e non gli sarebbe mai passato per la mente di negarla solo perch\u00e9 la domanda di clemenza arrivava dall\u2019ex igienista dentale di Berlusconi. La grazia si concede quando lo si ritiene giusto e non per compiacere (o deludere) l\u2019opinione pubblica. E non \u00e8 vero, assicurano al Colle, che Mattarella abbia scritto a Nordio perch\u00e9 convinto dall\u2019inchiesta del Fatto Quotidiano . Ha \u00absolo\u00bb chiesto, come doveroso, dicono, di verificare le notizie di stampa perch\u00e9 sia fatta \u00abcon urgenza\u00bb chiarezza.<\/p>\n<p><a href=\"https:\/\/www.dagospia.com\/media-gallery\/dago-fotogallery-509052\/2257570\" class=\"float-right img-wrapper\"><img decoding=\"async\" id=\"2257570\" loading=\"lazy\" src=\"https:\/\/static.dagospia.com\/img\/foto\/04-2026\/sigfrido-ranucci-e-carlo-nordio-e-sempre-cartabianca-2257570_800_q50.webp\"><span class=\"img-title\">sigfrido ranucci e carlo nordio &#8211; e sempre cartabianca<\/span><\/a><a href=\"https:\/\/www.dagospia.com\/media-gallery\/dago-fotogallery-509052\/2257569\" class=\"float-right img-wrapper\"><img decoding=\"async\" id=\"2257569\" loading=\"lazy\" src=\"https:\/\/static.dagospia.com\/img\/foto\/04-2026\/carlo-nordio-2257569_800_q50.webp\"><span class=\"img-title\">carlo nordio<\/span><\/a><a href=\"https:\/\/www.dagospia.com\/media-gallery\/dago-fotogallery-509052\/2244726\" class=\"float-right img-wrapper\"><img decoding=\"async\" id=\"2244726\" loading=\"lazy\" src=\"https:\/\/static.dagospia.com\/img\/foto\/03-2026\/carlo-nordio-beve-uno-spritz-2244726_800_q50.webp\"><span class=\"img-title\">carlo nordio beve uno spritz <\/span><\/a><a href=\"https:\/\/www.dagospia.com\/media-gallery\/dago-fotogallery-509052\/2246007\" class=\"float-right img-wrapper\"><img decoding=\"async\" id=\"2246007\" loading=\"lazy\" src=\"https:\/\/static.dagospia.com\/img\/foto\/03-2026\/referendum-sulla-giustizia-poster-by-macondo-2246007_800_q50.webp\"><span class=\"img-title\">referendum sulla giustizia &#8211; giorgia meloni e carlo nordio &#8211; poster by macondo<\/span><\/a><a href=\"https:\/\/www.dagospia.com\/media-gallery\/dago-fotogallery-509052\/517142\" class=\"float-right img-wrapper\"><img decoding=\"async\" id=\"517142\" loading=\"lazy\" src=\"https:\/\/static.dagospia.com\/img\/foto\/12-2013\/495849-nicole-minetti-294023_800_q50.webp\"><span class=\"img-title\">NICOLE MINETTI A MIAMI <\/span><\/a><a href=\"https:\/\/www.dagospia.com\/media-gallery\/dago-fotogallery-509052\/2209949\" class=\"float-right img-wrapper\"><img decoding=\"async\" id=\"2209949\" loading=\"lazy\" src=\"https:\/\/static.dagospia.com\/img\/foto\/12-2025\/carlo-nordio-ad-atreju-foto-lapresse-2209949_800_q50.webp\"><span class=\"img-title\">Carlo Nordio ad Atreju &#8211; foto lapresse <\/span><\/a><a href=\"https:\/\/www.dagospia.com\/media-gallery\/dago-fotogallery-509052\/629013\" class=\"float-right img-wrapper\"><img decoding=\"async\" id=\"629013\" loading=\"lazy\" src=\"https:\/\/static.dagospia.com\/img\/foto\/01-2015\/nicole-minetti-a-san-silvestro-2-629013_800_q50.webp\"><span class=\"img-title\">nicole minetti a san silvestro 2<\/span><\/a><a href=\"https:\/\/www.dagospia.com\/media-gallery\/dago-fotogallery-509052\/491702\" class=\"float-right img-wrapper\"><img decoding=\"async\" id=\"491702\" loading=\"lazy\" src=\"https:\/\/static.dagospia.com\/img\/foto\/09-2013\/nicole-minetti-268473_800_q50.webp\"><span class=\"img-title\">NICOLE MINETTI <\/span><\/a><a href=\"https:\/\/www.dagospia.com\/media-gallery\/dago-fotogallery-509052\/491711\" class=\"float-right img-wrapper\"><img decoding=\"async\" id=\"491711\" loading=\"lazy\" src=\"https:\/\/static.dagospia.com\/img\/foto\/09-2013\/nicole-minetti-268482_800_q50.webp\"><span class=\"img-title\">NICOLE MINETTI <\/span><\/a><a href=\"https:\/\/www.dagospia.com\/media-gallery\/dago-fotogallery-509052\/1114034\" class=\"float-right img-wrapper\"><img decoding=\"async\" id=\"1114034\" loading=\"lazy\" src=\"https:\/\/static.dagospia.com\/img\/foto\/02-2019\/nicole-minetti-18-1114034_800_q50.webp\"><span class=\"img-title\">nicole minetti 18<\/span><\/a><a href=\"https:\/\/www.dagospia.com\/media-gallery\/dago-fotogallery-509052\/1113989\" class=\"float-right img-wrapper\"><img decoding=\"async\" id=\"1113989\" loading=\"lazy\" src=\"https:\/\/static.dagospia.com\/img\/foto\/02-2019\/nicole-minetti-83-1113989_800_q50.webp\"><span class=\"img-title\">nicole minetti 83<\/span><\/a><a href=\"https:\/\/www.dagospia.com\/media-gallery\/dago-fotogallery-509052\/1113941\" class=\"float-right img-wrapper\"><img decoding=\"async\" id=\"1113941\" loading=\"lazy\" src=\"https:\/\/static.dagospia.com\/img\/foto\/02-2019\/nicole-minetti-49-1113941_800_q50.webp\"><span class=\"img-title\">nicole minetti 49<\/span><\/a><a href=\"https:\/\/www.dagospia.com\/media-gallery\/dago-fotogallery-509052\/1113942\" class=\"float-right img-wrapper\"><img decoding=\"async\" id=\"1113942\" loading=\"lazy\" src=\"https:\/\/static.dagospia.com\/img\/foto\/02-2019\/nicole-minetti-61-1113942_800_q50.webp\"><span class=\"img-title\">nicole minetti 61<\/span><\/a><a href=\"https:\/\/www.dagospia.com\/media-gallery\/dago-fotogallery-509052\/1114032\" class=\"float-right img-wrapper\"><img decoding=\"async\" id=\"1114032\" loading=\"lazy\" src=\"https:\/\/static.dagospia.com\/img\/foto\/02-2019\/nicole-minetti-26-1114032_800_q50.webp\"><span class=\"img-title\">nicole minetti 26<\/span><\/a><a href=\"https:\/\/www.dagospia.com\/media-gallery\/dago-fotogallery-509052\/2257838\" class=\"float-right img-wrapper\"><img decoding=\"async\" id=\"2257838\" loading=\"lazy\" src=\"https:\/\/static.dagospia.com\/img\/foto\/04-2026\/mai-dire-uruguay-meme-su-carlo-nordio-e-nicole-minetti-by-50-sfumature-di-cattiv-2257838_800_q50.webp\"><span class=\"img-title\">mai dire uruguay meme su carlo nordio e nicole minetti by 50 sfumature di cattiveria <\/span><\/a><\/p>\n<\/div>\n<article><a href=\"https:\/\/www.dagospia.com\/politica\/dagoreport-dopo-referendum-diluvio-voto-22-23-marzo-aperto-voragine-472554\"><\/p>\n<div class=\"img-wrapper\"><img decoding=\"async\" src=\"https:\/\/static.dagospia.com\/img\/patch\/04-2026\/giorgia-meloni-matteo-salvini-antonio-tajani-nicole-minetti-carlo-nordio-2257887_600_q50.webp\" alt=\"giorgia meloni matteo salvini antonio tajani nicole minetti carlo nordio \" loading=\"lazy\"><time class=\"data-ora\">30 apr 15:22<\/time><\/div>\n<div class=\"excerpt\">\n<p>DAGOREPORT \u2013 <span>DOPO IL REFERENDUM, IL DILUVIO: IL VOTO DEL 22-23 MARZO HA APERTO UNA VORAGINE CHE STA INGHIOTTENDO GLI INQUILINI DI PALAZZO CHIGI, MENTRE SI RESPIRA GIA&#8217; ARIA DI SMOBILITAZIONE NEGLI APPARATI DI STATO\u00a0<\/span>&#8211; OGNI GIORNO C\u2019\u00c8\u00a0UNA CADUTA D&#8217;IMMAGINE PER IL GOVERNO MELONI (DAL CASO PIANTEDOSI-CONTE A QUELLO MINETTI, DAGLI SCAZZI TRA GIULI E BUTTAFUOCO AL RIBALTONE IN MPS FINO ALLO SPIONE DEL DEO), A CUI SI AGGIUNGE L&#8217;IMPLOSIONE DI FRATELLI D&#8217;ITALIA E LA GUERRA DI LOGORAMENTO DI SALVINI E LE VELLEIT\u00c0\u00a0MODERATE DELLA NUOVA FORZA ITALIA BY MARINA BERLUSCONI \u2013 <span>PER LA DUCETTA LA PAURA DI CROLLARE E DI FINIRE DI COLPO DALL&#8217;ALTARE ALLA POVERE, COME E&#8217; GIA&#8217; SUCCESSO PER RENZI, SALVINI, DI MAIO E CONTE, E&#8217; ALTISSIMA<\/span> &#8211; A LIVELLO INTERNAZIONALE, DOPO IL \u201cVAFFA\u201d DI TRUMP, LA DUCETTA \u00c8\u00a0ISOLATA (MERZ NON SI FA TIRARE PER LA GIACCHETTA) E NON HA PI\u00d9\u00a0UN EURO DA SPENDERE PER LE MANCETTE PRE-ELETTORALI \u2013 <span>SOLO L\u2019INAZIONE DELL\u2019OPPOSIZIONE LE PERMETTE DI STARE ANCORA INCOLLATA A PALAZZO CHIGI E, GRAZIE ALL\u2019APPARATO MEDIATICO \u201cFIANCHEGGIATORE\u201d, DI \u201cINSABBIARE\u201d MOLTE BEGHE POLITICHE<\/span>. MA GLI ITALIANI NON HANNO L\u2019ANELLO AL NASO: SONO LORO A PAGARE 2 EURO AL LITRO IL GASOLIO\u2026<\/p>\n<\/div>\n<p><\/a><\/article>\n<article><a href=\"https:\/\/www.dagospia.com\/politica\/dagoreport-habemus-trionnale-dopo-aver-buttato-al-fuoco-biennale-472562\"><\/p>\n<div class=\"img-wrapper\"><img decoding=\"async\" src=\"https:\/\/static.dagospia.com\/img\/patch\/04-2026\/triennale-giuli-la-russa-trione-beppe-sala-2257913_600_q50.webp\" alt=\"triennale giuli la russa trione beppe sala\" loading=\"lazy\"><time class=\"data-ora\">29 apr 18:54<\/time><\/div>\n<div class=\"excerpt\">\n<p>DAGOREPORT: HABEMUS &#8220;TRIONNALE&#8221;! &#8211; <span>DOPO AVER BUTTATO-AL-FUOCO LA BIENNALE, IL MINISTRO GIULI-VO ORA SI \u00c8 FATTO BOCCIARE DAL SINDACO DI MILANO LA SUA CANDIDATA ANDR\u00c9E RUTH SHAMMAH<\/span>, FACENDOSI IMPORRE VINCENZO TRIONE, STORICO E CRITICO D\u2019ARTE, COAUTORE CON LA PENNA ROSSA DI TOMASO MONTANARI DI UN LIBRO INTITOLATO \u201cCONTRO LE MOSTRE\u201d (QUELLE FATTE DAGLI ALTRI) &#8211; <span>SEGNALE POCO GIULI-VO PER I CAMERATI ROMANI DELLA MELONI IL VIA LIBERA SU TRIONE CHE AVREBBE DATO IGNAZIO LA RUSSA<\/span>, \u201cPADRONE\u201d DI MILANO E DINTORNI (VEDI CI\u00d2 CHE SUCCEDE ALLA PINACOTECA DI BRERA BY CRESPI) &#8211; <span>FORZA ITALIA \u00c8 RIUSCITA A FAR ENTRARE, DIREBBE MARINA B. \u2018\u2019UN VOLTO NUOVO\u2019\u2019:<\/span> DAVIDE RAMPELLO CHE DELLA TRIENNALE \u00c8 GI\u00c0 STATO PRESIDENTE UN\u2019ERA GEOLOGICA FA\u2026<\/p>\n<\/div>\n<p><\/a><\/article>\n<article><a href=\"https:\/\/www.dagospia.com\/cafonal\/dagoreport-promemoria-per-sopravvivere-terremoto-digitale-in-occasione-472535\"><\/p>\n<div class=\"img-wrapper\"><img decoding=\"async\" src=\"https:\/\/static.dagospia.com\/img\/patch\/04-2026\/2026masi-2257859_600_q50.webp\" alt=\"2026masi \" loading=\"lazy\"><time class=\"data-ora\">29 apr 15:53<\/time><\/div>\n<div class=\"excerpt\">\n<p><span>DAGOREPORT: \u201cPROMEMORIA\u201d PER SOPRAVVIVERE AL TERREMOTO DIGITALE &#8211; <\/span>IN OCCASIONE DELLA RISTAMPA DEL LIBRO DI MAURO MASI, UN GRAN PARTERRE SI \u00c8 DATO APPUNTAMENTO AL MALAGOLIANO CIRCOLO ANIENE &#8211; PER ANALIZZARE LE PROBLEMATICHE CONNESSE ALL\u2019IA PER NON RIPETERE GLI ERRORI FATTI CON INTERNET QUANDO NEGLI ANNI \u201880 E \u201890 SI DECISE DI NON REGOLAMENTARE LA RETE, <span>HANNO AFFERRATO IL MICROFONO L\u2019EX CONSOB, PAOLO SAVONA, L\u2019INOSSIDABILE GIANNI LETTA, ROBERTO SOMMELLA DI \u2018\u2019MF\u201d, IL LEGHISTA RAI ANTONIO MARANO<\/span> \u2013 IN PLATEA, GIORGIO ASSUMMA, LUCIO PRESTA, MICHELE GUARD\u00cc, BARBARA PALOMBELLI, BELLAVISTA CALTAGIRONE, ROBERTO VACCARELLA, GIANNI MILITO, TIBERIO TIMPERI\u2026<\/p>\n<\/div>\n<p><\/a><\/article>\n<article><a href=\"https:\/\/www.dagospia.com\/politica\/dagoreport-occhi-orecchie-puntate-washington-visita-re-carlo-sara-472429\"><\/p>\n<div class=\"img-wrapper\"><img decoding=\"async\" src=\"https:\/\/static.dagospia.com\/img\/patch\/04-2026\/donald-trump-xi-jinping-re-carlo-iii-paolo-zampolli-mohammed-bin-zayed-al-nahyan-2257479_600_q50.webp\" alt=\"donald trump xi jinping re carlo iii paolo zampolli mohammed bin zayed al nahyan\" loading=\"lazy\"><time class=\"data-ora\">28 apr 19:59<\/time><\/div>\n<div class=\"excerpt\">\n<p>DAGOREPORT \u2013 OCCHI E ORECCHIE PUNTATE SU WASHINGTON: <span>LA VISITA DI RE CARLO SAR\u00c0 UTILE A TRUMP, SEMPRE PIU\u2019 ISOLATO, CHE HA BISOGNO DI RINSALDARE LA STORICA ALLEANZA CON LA GRAN BRETAGNA<\/span> \u2013 IL PETROLIO COSTA, GLI ELETTORI SONO INCAZZATI: WASHINGTON VUOLE ACCELERARE SULLA PACE CON L\u2019IRAN. MA <span>GLI AYATOLLAH MOLLERANNO SOLO QUANDO LO ORDINER\u00c0 LORO IL \u201cPADRONCINO\u201d XI JINPING<\/span> (L\u2019INCONTRO A PECHINO DEL 14-15 MAGGIO SAR\u00c0 UNA NUOVA YALTA?) \u2013 EMIRATI INGOLFATI: ABU DHABI CHIEDE UNA \u201cSWAP LINE\u201d D\u2019EMERGENZA A WASHINGTON, E IL TYCOON NON PU\u00d2 DIRE DI NO \u2013 <span>LA TESTA PLATINATA DI DONALD ZAMPILLA DI\u2026ZAMPOLLI:<\/span> IL PASTICCIACCIO DEL SUO INVIATO SPECIALE E LE POSSIBILI RIVELAZIONI DELLA SUA EX, AMANDA UNGARO, NON SONO UNA MINCHIATA\u2026<\/p>\n<\/div>\n<p><\/a><\/article>\n<article><a href=\"https:\/\/www.dagospia.com\/politica\/dagoreport-responsabilita-maggiore-nel-pastrocchio-grazia-nicole-minetti-472434\"><\/p>\n<div class=\"img-wrapper\"><img decoding=\"async\" src=\"https:\/\/static.dagospia.com\/img\/patch\/04-2026\/nicole-minetti-carlo-nordio-francesca-nanni-2257547_600_q50.webp\" alt=\"nicole minetti carlo nordio francesca nanni \" loading=\"lazy\"><time class=\"data-ora\">28 apr 19:31<\/time><\/div>\n<div class=\"excerpt\">\n<p>DAGOREPORT \u2013 <span>TEMPI SEMPRE PIU&#8217; CUPI PER L&#8217;EX INVINCIBILE ARMATA BRANCA-MELONI<\/span> &#8211;\u00a0LA RESPONSABILIT\u00c0 NEL PASTROCCHIO DELLA GRAZIA A NICOLE MINETTI PESA, IN PRIMIS, SUL CAPOCCIONE DEL MINISTRO NORDIO &#8211; <span>LA PROCURA GENERALE DELLA CORTE D&#8217;APPELLO DI MILANO, GUIDATA DA FRANCESCA NANNI<\/span>, SI E&#8217; PRECIPITATA A DICHIARARE CHE L&#8217;ISTRUTTORIA SULLA PRATICA MINETTI SI E&#8217; ATTENUTA ALLE INDICAZIONI DEL MINISTERO DELLA GIUSTIZIA: VERIFICARE LA VERIDICITA&#8217; DI QUANTO AFFERMATO NELLA DOMANDA DI GRAZIA\u00a0SULLA CONDOTTA DI VITA DELLA MINETTI IN ITALIA &#8211; <span>NULLA E&#8217; STATO APPROFONDITO SULLE ATTIVITA&#8217; IN URUGUAY (TRA ESCORT E FESTINI) DELL\u2019EX IGIENISTA DENTALE DI BERLUSCONI<\/span> E DEL SUO COMPAGNO GIUSEPPE CIPRIANI, SODALE D&#8217;AFFARI CON EPSTEIN \u2013 DALLA PROCURA DI MILANO, LA PRATICA MINETTI E&#8217; TORNATA AL MINISTERO DI NORDIO CHE, DATO IL SUO PARERE POSITIVO, L&#8217;HA INVIATA AL QUIRINALE &#8211;<span> L&#8217;ACCERTAMENTO\u00a0DI QUANTO RIVELATO DAL \u201cFATTO QUOTIDIANO\u201d,\u00a0RENDEREBBE INEVITABILI LE DIMISSIONI DI NORDIO, GI\u00c0 PROTAGONISTA CON LA &#8220;ZARINA&#8221; GIUSI BARTOLOZZI, DI UNA SERIE DI FIGURACCE E DISASTRI<\/span>: ALMASRI,\u00a0GLI ATTACCHI AL CSM E AI MAGISTRATI, LA BATOSTA DEL REFERENDUM SULLA GIUSTIZIA, ECCETERA &#8211; (LA REVOCA DELLA GRAZIA SAREBBE LA PRIMA VOLTA NELLA STORIA DELLA REPUBBLICA&#8230;)<\/p>\n<\/div>\n<p><\/a><\/article>\n<article><a href=\"https:\/\/www.dagospia.com\/politica\/flash-come-si-e-arrivati-licenziamento-beatrice-venezi-c-e-ragione-piu-472316\"><\/p>\n<div class=\"img-wrapper\"><img decoding=\"async\" src=\"https:\/\/static.dagospia.com\/img\/patch\/04-2026\/meloni-buttafuoco-fenice-venezi-colabianchi-giuli-brugnaro-2257163_600_q50.webp\" alt=\"meloni buttafuoco fenice venezi colabianchi giuli brugnaro\" loading=\"lazy\"><time class=\"data-ora\">27 apr 20:12<\/time><\/div>\n<div class=\"excerpt\">\n<p>FLASH! \u2013 <span>DIETRO LA CACCIATA\u00a0DI BEATRICE VENEZI C&#8217;E&#8217; UNA RAGIONE PI\u00d9\u00a0\u201cPOLITICA\u201d CHE MUSICALE: A FINE MAGGIO SI VOTA A VENEZIA PER IL NUOVO SINDACO <\/span>CHE PRENDERA&#8217; IL POSTO DI BRUGNARO, GRAN SPONSOR DELLA\u00a0\u201cBACCHETTA NERA\u201d (COME ANCHE IL MAL-DESTRO ZAIA) &#8211; <span>QUANDO MELONI HA SBIRCIATO I SONDAGGI RISERVATI <\/span>CHE VEDE IL CENTROSINISTRA AVANTI, SOSPINTO DALLO SCANDALOSO CASO-VENEZI (CHE STRAPPA ALLA DESTRA\u00a04-5%), GLI OTOLITI SONO ANDATI IN TILT &#8211; <span>E ALLA PRIMA OCCASIONE, CON LE IMPROVVIDE DICHIARAZIONI DI \u201cBEATROCE\u201d CONTRO L\u2019ORCHESTRA, \u00c8\u00a0STATA LICENZIATA &#8211;\u00a0<\/span>LO STESSO &#8221;SENTIMENT&#8221; VALE PER BUTTAFUOCO, MA IL PRESIDENTE DELLA BIENNALE, PIU&#8217; FURBO, NON OFFRE PER ORA IL FIANCO PER LIQUIDARLO &#8211; <span>E SE VENISSE CACCIATO, A DIFFERENZA DI VENEZI, HA L&#8217;\u201cINTELLIGHENZIA\u201d DEI SINISTRATI<\/span> CHE LODA L&#8217;INTELLETTUALITA&#8217; DEL FASCIO-MUSULMANO CHE APRE IL PADIGLIONE AI RUSSI&#8230;.<\/p>\n<\/div>\n<p><\/a><\/article>\n<article><a href=\"https:\/\/www.dagospia.com\/politica\/caso-minetti-ranucci-bomba-nordio-marzo-e-in-uruguay-nel-ranch-cipriani-472461\"><\/p>\n<div class=\"img-wrapper\"><img decoding=\"async\" src=\"https:\/\/static.dagospia.com\/img\/patch\/04-2026\/nicole-minetti-2257565_600_q50.webp\" alt=\"nicole minetti nordio meloni cipriani ranucci\" loading=\"lazy\"><\/div>\n<div class=\"excerpt\">SUL PASTROCCHIO DELLA GRAZIA A NICOLE MINETTI SIGFRIDO RANUCCI SGANCIA LA BOMBA A \u201c\u00c8 SEMPRE\u2026<\/div>\n<p><\/a><\/article>\n<article><a href=\"https:\/\/www.dagospia.com\/cronache\/michael-jackson-mi-abbasso-i-pantaloncini-mentre-giocavo-game-boy-470026\"><\/p>\n<div class=\"img-wrapper\"><img decoding=\"async\" src=\"https:\/\/static.dagospia.com\/img\/patch\/04-2026\/michael-jackson-aldo-cascio-2250437_600_q50.webp\" alt=\"michael jackson aldo cascio \" loading=\"lazy\"><\/div>\n<div class=\"excerpt\">\u201cMICHAEL JACKSON MI ABBASS\u00d2 I PANTALONCINI MENTRE GIOCAVO AL GAME BOY\u201d \u2013 LE TESTIMONIANZE DEI\u2026<\/div>\n<p><\/a><\/article>\n<article><a href=\"https:\/\/www.dagospia.com\/sport\/psg-bayern-5-4-uno-spot-per-calcio-magie-pali-errori-difensivi-9gol-472458\"><\/p>\n<div class=\"img-wrapper\"><img decoding=\"async\" src=\"https:\/\/static.dagospia.com\/img\/patch\/04-2026\/psg-bayern-monaco-2257555_600_q50.webp\" alt=\"psg bayern monaco\" loading=\"lazy\"><\/div>\n<div class=\"excerpt\">VIDEO-PSG-BAYERN 5-4: UNO SPOT PER IL CALCIO&#8230;DA TIK TOK! MAGIE, ERRORI DIFENSIVI, PALI E NOVE GOL\u2026<\/div>\n<p><\/a><\/article>\n<article><a href=\"https:\/\/www.dagospia.com\/media-tv\/pillole-gossip-elodie-franceska-limonano-pochi-passi-472290\"><\/p>\n<div class=\"img-wrapper\"><img decoding=\"async\" src=\"https:\/\/static.dagospia.com\/img\/patch\/04-2026\/pillole-avanti-gossip-2257085_600_q50.webp\" alt=\"pillole avanti gossip\" loading=\"lazy\"><\/div>\n<div class=\"excerpt\">PILLOLE DI GOSSIP! IL TRIANGOLO, S\u00cc! 25 APRILE\u00a0ELODIE E FRANCESKA SI SONO RITROVATE A POCHI PASSI\u2026<\/div>\n<p><\/a><\/article>\n<article><a href=\"https:\/\/www.dagospia.com\/media-tv\/con-mollato-corazze-riconoscete-49enne-parla-chi-compagno-472501\"><\/p>\n<div class=\"img-wrapper\"><img decoding=\"async\" src=\"https:\/\/static.dagospia.com\/img\/patch\/04-2026\/michelle-hunziker-2257659_600_q50.webp\" alt=\"michelle hunziker\" loading=\"lazy\"><\/div>\n<div class=\"excerpt\">\u201cCON LUI HO MOLLATO LE CORAZZE, TUTTI I MURI DI BERLINO CHE AVEVO COSTRUITO INTORNO A ME\u201d \u2013 LA\u2026<\/div>\n<p><\/a><\/article>\n<article><a href=\"https:\/\/www.dagospia.com\/politica\/dagoreport-dopo-referendum-diluvio-voto-22-23-marzo-aperto-voragine-472554\"><\/p>\n<div class=\"img-wrapper\"><img decoding=\"async\" src=\"https:\/\/static.dagospia.com\/img\/patch\/04-2026\/giorgia-meloni-matteo-salvini-antonio-tajani-nicole-minetti-carlo-nordio-2257887_600_q50.webp\" alt=\"giorgia meloni matteo salvini antonio tajani nicole minetti carlo nordio \" loading=\"lazy\"><\/div>\n<div class=\"excerpt\">DAGOREPORT \u2013 DOPO IL REFERENDUM, IL DILUVIO: IL VOTO DEL 22-23 MARZO HA APERTO UNA VORAGINE CHE STA\u2026<\/div>\n<p><\/a><\/article>\n<article><a href=\"https:\/\/www.dagospia.com\/politica\/dagoreport-habemus-trionnale-dopo-aver-buttato-al-fuoco-biennale-472562\"><\/p>\n<div class=\"img-wrapper\"><img decoding=\"async\" src=\"https:\/\/static.dagospia.com\/img\/patch\/04-2026\/triennale-giuli-la-russa-trione-beppe-sala-2257913_600_q50.webp\" alt=\"triennale giuli la russa trione beppe sala\" loading=\"lazy\"><\/div>\n<div class=\"excerpt\">DAGOREPORT: HABEMUS &#8220;TRIONNALE&#8221;! &#8211; DOPO AVER BUTTATO-AL-FUOCO LA BIENNALE, IL MINISTRO GIULI-VO ORA\u2026<\/div>\n<p><\/a><\/article>\n<article><a href=\"https:\/\/www.dagospia.com\/cafonal\/dagoreport-promemoria-per-sopravvivere-terremoto-digitale-in-occasione-472535\"><\/p>\n<div class=\"img-wrapper\"><img decoding=\"async\" src=\"https:\/\/static.dagospia.com\/img\/patch\/04-2026\/2026masi-2257859_600_q50.webp\" alt=\"2026masi \" loading=\"lazy\"><\/div>\n<div class=\"excerpt\">DAGOREPORT: \u201cPROMEMORIA\u201d PER SOPRAVVIVERE AL TERREMOTO DIGITALE &#8211; IN OCCASIONE DELLA RISTAMPA DEL\u2026<\/div>\n<p><\/a><\/article>\n<article><a href=\"https:\/\/www.dagospia.com\/politica\/dagoreport-occhi-orecchie-puntate-washington-visita-re-carlo-sara-472429\"><\/p>\n<div class=\"img-wrapper\"><img decoding=\"async\" src=\"https:\/\/static.dagospia.com\/img\/patch\/04-2026\/donald-trump-xi-jinping-re-carlo-iii-paolo-zampolli-mohammed-bin-zayed-al-nahyan-2257479_600_q50.webp\" alt=\"donald trump xi jinping re carlo iii paolo zampolli mohammed bin zayed al nahyan\" loading=\"lazy\"><\/div>\n<div class=\"excerpt\">DAGOREPORT \u2013 OCCHI E ORECCHIE PUNTATE SU WASHINGTON: LA VISITA DI RE CARLO SAR\u00c0 UTILE A TRUMP,\u2026<\/div>\n<p><\/a><\/article>\n<article><a href=\"https:\/\/www.dagospia.com\/politica\/dagoreport-responsabilita-maggiore-nel-pastrocchio-grazia-nicole-minetti-472434\"><\/p>\n<div class=\"img-wrapper\"><img decoding=\"async\" src=\"https:\/\/static.dagospia.com\/img\/patch\/04-2026\/nicole-minetti-carlo-nordio-francesca-nanni-2257547_600_q50.webp\" alt=\"nicole minetti carlo nordio francesca nanni \" loading=\"lazy\"><\/div>\n<div class=\"excerpt\">DAGOREPORT \u2013 TEMPI SEMPRE PIU&#8217; CUPI PER L&#8217;EX INVINCIBILE ARMATA BRANCA-MELONI &#8211;\u00a0LA RESPONSABILIT\u00c0\u2026<\/div>\n<p><\/a><\/article>\n<article><a href=\"https:\/\/www.dagospia.com\/politica\/flash-come-si-e-arrivati-licenziamento-beatrice-venezi-c-e-ragione-piu-472316\"><\/p>\n<div class=\"img-wrapper\"><img decoding=\"async\" src=\"https:\/\/static.dagospia.com\/img\/patch\/04-2026\/meloni-buttafuoco-fenice-venezi-colabianchi-giuli-brugnaro-2257163_600_q50.webp\" alt=\"meloni buttafuoco fenice venezi colabianchi giuli brugnaro\" loading=\"lazy\"><\/div>\n<div class=\"excerpt\">FLASH! \u2013 DIETRO LA CACCIATA\u00a0DI BEATRICE VENEZI C&#8217;E&#8217; UNA RAGIONE PI\u00d9\u00a0\u201cPOLITICA\u201d CHE MUSICALE: A FINE\u2026<\/div>\n<p><\/a><\/article>\n<article><a href=\"https:\/\/www.dagospia.com\/sport\/caso-rocchi-abodi-giorgetti-l-idea-commissariare-figc-meloni-considera-472320\"><\/p>\n<div class=\"img-wrapper\"><img decoding=\"async\" src=\"https:\/\/static.dagospia.com\/img\/patch\/04-2026\/giovanni-malago-giorgia-meloni-giancarlo-giorgetti-andrea-abodi-gianluca-rocchi-2257188_600_q50.webp\" alt=\"giovanni malago giorgia meloni giancarlo giorgetti andrea abodi gianluca rocchi \" loading=\"lazy\"><\/div>\n<div class=\"excerpt\">DAGOREPORT &#8211; IL CASO ROCCHI E&#8217; ARRIVATO COME IL CACIO SUI MACCHERONI PER ABODI E GIORGETTI,\u2026<\/div>\n<p><\/a><\/article>\n<article><a href=\"https:\/\/www.dagospia.com\/politica\/dagoreport-uniche-pompe-non-piacciono-trump-quelle-benzina-e-vero-472319\"><\/p>\n<div class=\"img-wrapper\"><img decoding=\"async\" src=\"https:\/\/static.dagospia.com\/img\/patch\/04-2026\/donald-trump-benzinaio-benzina-petrolio-greggio-2251186_600_q50.webp\" alt=\"donald trump benzinaio benzina petrolio greggio \" loading=\"lazy\"><\/div>\n<div class=\"excerpt\">DAGOREPORT \u2013 LE UNICHE POMPE CHE NON PIACCIONO A TRUMP SONO QUELLE DI BENZINA! \u00c8 VERO CHE LE\u2026<\/div>\n<p><\/a><\/article>\n<article><a href=\"https:\/\/www.dagospia.com\/media-tv\/dagoreport-la-repubblica-atene-theodore-kyriakou-idee-repubblica-472317\"><\/p>\n<div class=\"img-wrapper\"><img decoding=\"async\" src=\"https:\/\/static.dagospia.com\/img\/patch\/04-2026\/kyriakou-repubblica-radio-capital-tv8-2257164_600_q50.webp\" alt=\"kyriakou repubblica radio capital tv8\" loading=\"lazy\"><\/div>\n<div class=\"excerpt\">DAGOREPORT &#8211; \u201cLA REPUBBLICA\u201d DI ATENE \u2013 THEODORE KYRIAKOU VUOLE CAPIRE CHE DIREZIONE DARE AL GRUPPO\u2026<\/div>\n<p><\/a><\/article>\n<article><a href=\"https:\/\/www.dagospia.com\/politica\/dagoreport-giorgia-meloni-questa-volta-fa-bene-incazzarsi-giancarlo-472264\"><\/p>\n<div class=\"img-wrapper\"><img decoding=\"async\" src=\"https:\/\/static.dagospia.com\/img\/patch\/04-2026\/giorgia-meloni-giancarlo-giorgetti-daria-perrotta-2257041_600_q50.webp\" alt=\"giorgia meloni giancarlo giorgetti daria perrotta \" loading=\"lazy\"><\/div>\n<div class=\"excerpt\">DAGOREPORT \u2013\u00a0GIORGIA MELONI QUESTA VOLTA FA BENE A INCAZZARSI CON GIANCARLO GIORGETTI:\u00a0IL\u2026<\/div>\n<p><\/a><\/article>\n<article><a href=\"https:\/\/www.dagospia.com\/cafonal\/dagoreport-promemoria-per-sopravvivere-terremoto-digitale-in-occasione-472535\"><\/p>\n<div class=\"img-wrapper\"><img decoding=\"async\" src=\"https:\/\/static.dagospia.com\/img\/patch\/04-2026\/2026masi-2257859_600_q50.webp\" alt=\"2026masi \" loading=\"lazy\"><\/div>\n<div class=\"excerpt\">DAGOREPORT: \u201cPROMEMORIA\u201d PER SOPRAVVIVERE AL TERREMOTO DIGITALE &#8211; IN OCCASIONE DELLA RISTAMPA DEL\u2026<\/div>\n<p><\/a><\/article>\n<article><a href=\"https:\/\/www.dagospia.com\/cafonal\/sacco-cafonal-serata-speciale-cinema-barberini-roma-un-sacco-bello-472427\"><\/p>\n<div class=\"img-wrapper\"><img decoding=\"async\" src=\"https:\/\/static.dagospia.com\/img\/patch\/04-2026\/cafonal-verdone-un-sacco-bello-2257470_600_q50.webp\" alt loading=\"lazy\"><\/div>\n<div class=\"excerpt\">UN SACCO CAFONAL!\u00a0\u2013 SERATA SPECIALE AL CINEMA BARBERINI A ROMA: \u201cUN SACCO BELLO\u201d NELLA VERSIONE\u2026<\/div>\n<p><\/a><\/article>\n<article><a href=\"https:\/\/www.dagospia.com\/cafonal\/pardo-max-giusti-metti-sera-cena-eminenze-gricie-dell-edonismo-472056\"><\/p>\n<div class=\"img-wrapper\"><img decoding=\"async\" src=\"https:\/\/static.dagospia.com\/img\/patch\/04-2026\/ristorante-la-pisanella-2256575_600_q50.webp\" alt loading=\"lazy\"><\/div>\n<div class=\"excerpt\">DA PARDO A MAX GIUSTI: METTI UNA SERA A CENA LE \u201cEMINENZE GRICIE\u201d DELL\u2019EDONISMO ROMANELLO \u2013 AL\u2026<\/div>\n<p><\/a><\/article>\n<article><a href=\"https:\/\/www.dagospia.com\/cafonal\/ne-andavo-quella-roma-nella-capitale-in-zona-talenti-intitolato-parco-remo-472030\"><\/p>\n<div class=\"img-wrapper\"><img decoding=\"async\" src=\"https:\/\/static.dagospia.com\/img\/patch\/04-2026\/inaugurazione-del-parco-remo-remotti-massimiliano-bruno-nicola-pistoia-michela-a-2256496_600_q50.webp\" alt=\"inaugurazione del parco remo remotti - massimiliano bruno nicola pistoia michela andreozzi luisa pistoia sabina guzzanti stefano fresi tommaso zanello piotta federica remotti - 5\" loading=\"lazy\"><\/div>\n<div class=\"excerpt\">VIDEO!&#8221;ME NE ANDAVO DA QUELLA ROMA\u2026!&#8221; NELLA CAPITALE, IN ZONA TALENTI, E\u2019 STATO INTITOLATO UN PARCO\u2026<\/div>\n<p><\/a><\/article>\n<article><a href=\"https:\/\/www.dagospia.com\/cafonal\/cafonal-all-opera-mi-porti-luca-guadagnino-maggio-fiorentino-the-death-471907\"><\/p>\n<div class=\"img-wrapper\"><img decoding=\"async\" src=\"https:\/\/static.dagospia.com\/img\/patch\/04-2026\/guadagnino-2256066_600_q50.webp\" alt=\"guadagnino\" loading=\"lazy\"><\/div>\n<div class=\"excerpt\">CAFONAL ALL\u2019OPERA &#8211; MI PORTI UN LUCA GUADAGNINO A FIRENZE \u2013 IL REGISTA PORTA IN SCENA AL MAGGIO\u2026<\/div>\n<p><\/a><\/article>\n<article><a href=\"https:\/\/www.dagospia.com\/cafonal\/cafonal-pallitto-chanel-totti-metri-trash-figlia-pupone-diventa-471192\"><\/p>\n<div class=\"img-wrapper\"><img decoding=\"async\" src=\"https:\/\/static.dagospia.com\/img\/patch\/04-2026\/2026pallitto-2253852_600_q50.webp\" alt loading=\"lazy\"><\/div>\n<div class=\"excerpt\">CAFONAL \u2013 PALLITTO-CHANEL TOTTI: TRE METRI SOPRA IL TRASH! LA FIGLIA DEL PUPONE DIVENTA LA\u2026<\/div>\n<p><\/a><\/article>\n<p>[analyse_source url=&#8221;https:\/\/www.dagospia.com\/politica\/carlo-nordio-in-uruguay-c-e-andato-davvero-in-visita-ufficiale-dall-1-3-472624&#8243;]<\/p>\n","protected":false},"excerpt":{"rendered":"<p>[analyse_image type=&#8221;featured&#8221; src=&#8221;https:\/\/static.dagospia.com\/img\/patch\/04-2026\/carlo-nordio-nicole-minetti-2258064_600_q50.webp&#8221;] 30 apr 2026 13:42 CARLO NORDIO IN URUGUAY C\u2019\u00c8\u00a0ANDATO DAVVERO, MA IN VISITA UFFICIALE: DALL\u20191 AL 3 MARZO, IL MINISTRO DELLA GIUSTIZIA ERA A MONTEVIDEO PER L\u2019INSEDIAMENTO DEL PRESIDENTE, YAMUNDU ORSI. MA NEGA DI ESSERE MAI STATO AL RANCH DI GIUSEPPE CIPRIANI E NICOLE MINETTI, A PUNTA DEL ESTE, COME INVECE HA [&hellip;]<\/p>\n","protected":false},"author":1,"featured_media":0,"comment_status":"open","ping_status":"","sticky":false,"template":"","format":"standard","meta":{"footnotes":""},"categories":[87],"tags":[226,149],"class_list":["post-1910830","post","type-post","status-publish","format-standard","hentry","category-italy","tag-crawlmanager","tag-dagospia-com"],"_links":{"self":[{"href":"https:\/\/analyse.optim.biz\/index.php?rest_route=\/wp\/v2\/posts\/1910830","targetHints":{"allow":["GET"]}}],"collection":[{"href":"https:\/\/analyse.optim.biz\/index.php?rest_route=\/wp\/v2\/posts"}],"about":[{"href":"https:\/\/analyse.optim.biz\/index.php?rest_route=\/wp\/v2\/types\/post"}],"author":[{"embeddable":true,"href":"https:\/\/analyse.optim.biz\/index.php?rest_route=\/wp\/v2\/users\/1"}],"replies":[{"embeddable":true,"href":"https:\/\/analyse.optim.biz\/index.php?rest_route=%2Fwp%2Fv2%2Fcomments&post=1910830"}],"version-history":[{"count":0,"href":"https:\/\/analyse.optim.biz\/index.php?rest_route=\/wp\/v2\/posts\/1910830\/revisions"}],"wp:attachment":[{"href":"https:\/\/analyse.optim.biz\/index.php?rest_route=%2Fwp%2Fv2%2Fmedia&parent=1910830"}],"wp:term":[{"taxonomy":"category","embeddable":true,"href":"https:\/\/analyse.optim.biz\/index.php?rest_route=%2Fwp%2Fv2%2Fcategories&post=1910830"},{"taxonomy":"post_tag","embeddable":true,"href":"https:\/\/analyse.optim.biz\/index.php?rest_route=%2Fwp%2Fv2%2Ftags&post=1910830"}],"curies":[{"name":"wp","href":"https:\/\/api.w.org\/{rel}","templated":true}]}}