{"id":1910808,"date":"2026-04-30T10:33:21","date_gmt":"2026-04-30T07:33:21","guid":{"rendered":"https:\/\/analyse.optim.biz\/?p=1910808"},"modified":"2026-04-30T10:33:21","modified_gmt":"2026-04-30T07:33:21","slug":"il-fatto-ha-la-prova-che-smentisce-nicole-minetti-nellistanza-di-grazia-presentata","status":"publish","type":"post","link":"https:\/\/analyse.optim.biz\/?p=1910808","title":{"rendered":"&#8216;il fatto&#8217; ha la &#8216;prova&#8217; che smentisce nicole minetti! nell\u2019istanza di grazia presentata &#8230;"},"content":{"rendered":"<p>[analyse_image type=&#8221;featured&#8221; src=&#8221;https:\/\/static.dagospia.com\/img\/patch\/04-2026\/nicole-minetti-uruguay-2258056_600_q50.webp&#8221;]<\/p>\n<article>\n<div class=\"img-wrapper\"><img decoding=\"async\" src=\"https:\/\/static.dagospia.com\/img\/patch\/04-2026\/nicole-minetti-uruguay-2258056_600_q50.webp\" alt=\"nicole minetti uruguay \"><time class=\"data-ora\">30 apr 2026 12:33<\/time><\/div>\n<p>\u201cIL FATTO\u201d HA LA \u201cPROVA\u201d CHE SMENTISCE NICOLE MINETTI!\u00a0<span>NELL\u2019ISTANZA DI GRAZIA PRESENTATA DALL\u2019EX IGIENISTA DENTALE CARA A BERLUSCONI, IL BAMBINO<\/span> ADOTTATO INSIEME AL COMPAGNO, GIUSEPPE CIPRIANI, <span>VENIVA DEFINITO \u201cABBANDONATO ALLA NASCITA\u201d<\/span>,\u00a0MA NON \u00c8\u00a0COS\u00cc. IL QUOTIDIANO PUBBLICA LA SENTENZA DEL TRIBUNALE URUGUAIANO CHE STABIL\u00cc LA \u201cSEPARAZIONE DEFINITIVA\u201d DEL PICCOLO DALLA FAMIGLIA DI ORIGINE:<span>\u00a0IL BIMBO NON FU MAI \u201cABBANDONATO\u201d, MA AFFIDATO ALL\u2019ENTE STATALE \u201cINAU\u201d DALLA MADRE INDIGENTE<\/span> \u2013\u00a0LA BATTAGLIA LEGALE FU COMBATTUTA CON ARMI IMPARI: I GENITORI BIOLOGICI VIVEVANO IN MISERIA E NON POTEVANO PERMETTERSI UN AVVOCATO. <span>A RAPPRESENTARE IL MINORE ERA MERCEDES NIETO, MORTA CARBONIZZATA NEL GIUGNO 2024 IN CIRCOSTANZE ANCORA MISTERIOSE\u2026<\/span><\/p>\n<div class=\"share-section\">\n                Condividi  questo articolo<\/p>\n<div class=\"socials\"><a href=\"http:\/\/www.facebook.com\/sharer.php?u=http:\/\/www.dagospia.com\/cronache\/il-fatto-prova-smentisce-nicole-minetti-nell-istanza-grazia-presentata-472622\" target=\"_blank\"><img decoding=\"async\" src=\"https:\/\/static.dagospia.com\/img\/icons\/facebook.svg\" alt=\"Condividi su Facebook\"><\/a><a href=\"http:\/\/www.twitter.com\/share?url=http:\/\/www.dagospia.com\/cronache\/il-fatto-prova-smentisce-nicole-minetti-nell-istanza-grazia-presentata-472622&amp;text='IL%20FATTO'%20HA%20LA%20'PROVA'%20CHE%20SMENTISCE%20NICOLE%20MINETTI!%20NELL%E2%80%99ISTANZA%20DI%20GRAZIA%20PRESENTATA%20...\" target=\"_blank\"><img decoding=\"async\" src=\"https:\/\/static.dagospia.com\/img\/icons\/x-icon.png\" alt=\"Condividi su X\"><\/a><a href=\"\/\/www.dagospia.com\/cronache\/il-fatto-prova-smentisce-nicole-minetti-nell-istanza-grazia-presentata-472622\" target=\"_blank\"><img decoding=\"async\" src=\"https:\/\/static.dagospia.com\/img\/icons\/whatsapp.svg\" alt=\"Condividi su Whatsapp\"><\/a><a href=\"mailto:?body=http:\/\/www.dagospia.com\/cronache\/il-fatto-prova-smentisce-nicole-minetti-nell-istanza-grazia-presentata-472622\" target=\"_blank\"><img decoding=\"async\" src=\"https:\/\/static.dagospia.com\/img\/icons\/mail.svg\" alt=\"Invia in email\"><\/a><\/div>\n<\/div>\n<div class=\"content\">\n<p><a href=\"https:\/\/www.dagospia.com\/media-gallery\/dago-fotogallery-509050\/2258052\" class=\"float-right img-wrapper\"><img decoding=\"async\" id=\"2258052\" loading=\"lazy\" src=\"https:\/\/static.dagospia.com\/img\/foto\/04-2026\/il-fatto-quotidiano-la-sentenza-del-tribunale-uruguaiano-sull-adozione-che-sment-2258052_800_q50.webp\"><span class=\"img-title\">il fatto quotidiano &#8211; la sentenza del tribunale uruguaiano sull adozione che smentisce nicole minetti <\/span><\/a><\/p>\n<p class=\"disable\"><strong>\u201cBIMBO ABBANDONATO\u201d: ECCO LA PROVA DALL\u2019URUGUAY CHE SMENTISCE MINETTI<\/strong><\/p>\n<p class=\"disable\"><strong>Estratto dell\u2019articolo di Thomas Mackinson per <a href=\"http:\/\/www.ilfattoquotidiano.it\" target=\"_blank\">\u201cil Fatto quotidiano\u201d<\/a><\/strong><\/p>\n<p class=\"disable\">\u00a0<\/p>\n<p class=\"disable\">\u201cSeparacion Definitiva, adopcion plena y perdida de patria potestad\u201d. Inizia cos\u00ec la Sentencia del 15 febbraio 2023 emessa dal Tribunale di Maldonado. Un documento che il Fatto \u00e8 ora in grado di mostrare.<\/p>\n<p class=\"disable\">\u00a0<\/p>\n<p class=\"disable\">Questa sentenza costituisce la prova di quanto abbiamo ricostruito: il bimbo non era affatto \u201cabbandonato alla nascita\u201d, come viene definito nell\u2019istanza di grazia, ma aveva due genitori biologici, poveri e pieni di problemi.<\/p>\n<p class=\"disable\">\u00a0<\/p>\n<p class=\"disable\">A costoro la patria potest\u00e0 \u00e8 stata sottratta a seguito di una causa civile intentata da Nicole Minetti e dal compagno Giuseppe Cipriani, durata pi\u00f9 di tre anni.<\/p>\n<p class=\"disable\">\u00a0<\/p>\n<p class=\"disable\">[\u2026] \u00a0L\u2019oggetto della causa [\u2026]. \u00e8 l\u2019adozione piena e la perdita della patria potest\u00e0 per la famiglia naturale.<\/p>\n<p class=\"disable\">\u00a0<\/p>\n<p><a href=\"https:\/\/www.dagospia.com\/media-gallery\/dago-fotogallery-509050\/2257606\" class=\"float-left img-wrapper\"><img decoding=\"async\" id=\"2257606\" loading=\"lazy\" src=\"https:\/\/static.dagospia.com\/img\/foto\/04-2026\/giuseppe-cipriani-nicole-minetti-2257606_800_q50.webp\"><span class=\"img-title\">GIUSEPPE CIPRIANI NICOLE MINETTI <\/span><\/a><\/p>\n<p class=\"disable\">Le carte ripercorrono la difficile vita del bambino, nato nel dicembre 2017. Nel 2018 non era stato abbandonato in strada, ma affidato all\u2019ente statale Inau come misura estrema e per massimo 45 giorni a causa della madre indigente e della reclusione del padre in carcere. \u00a0[\u2026] Il testo illustra l\u2019ingresso dei due italiani, presentatisi inizialmente come volontari presso l\u2019ente per l\u2019infanzia Inau.<\/p>\n<p class=\"disable\">\u00a0<\/p>\n<p class=\"disable\">Anche grazie alle loro ingenti risorse, ottengono a fine 2020 una \u201clicenza\u201d per trasferire il minore nella tenuta la Chacra Gin Tonic a La Barra, dove \u2013 secondo le testimonianze raccolte dal Fatto \u2013 si svolgevano le feste con \u201cchicas\u201d, anche minorenni. E Minetti avrebbe fatto da \u201cmadama\u201d come ad Arcore e a Ibiza.<\/p>\n<p class=\"disable\">\u00a0<\/p>\n<p><a href=\"https:\/\/www.dagospia.com\/media-gallery\/dago-fotogallery-509050\/2258053\" class=\"float-right img-wrapper\"><img decoding=\"async\" id=\"2258053\" loading=\"lazy\" src=\"https:\/\/static.dagospia.com\/img\/foto\/04-2026\/punta-del-este-uruguay-2258053_800_q50.webp\"><span class=\"img-title\">Punta del Este &#8211; uruguay <\/span><\/a><\/p>\n<p class=\"disable\">Il documento mette poi a verbale che il 12 ottobre 2021 la coppia porta il bambino negli Usa, al Boston Children&#8217;s Hospital, per sottoporlo a un delicato intervento chirurgico. Anche se la potest\u00e0 piena arriver\u00e0 solo nel luglio 2023.<\/p>\n<p class=\"disable\">\u00a0<\/p>\n<p class=\"disable\">[\u2026] A far vincere questa clamorosa battaglia legale \u00e8 stata anche la schiacciante disparit\u00e0 di mezzi economici. I genitori biologici vivevano in miseria assoluta, tanto che usufruivano del beneficio dell\u2019ausiliatoria de pobreza. Non potevano permettersi un avvocato. A rappresentare il minore era Mercedes Nieto, trovata carbonizzata nel giugno 2024 in circostanze ancora misteriose per cui si indaga per omicidio.<\/p>\n<p class=\"disable\">\u00a0<\/p>\n<p><a href=\"https:\/\/www.dagospia.com\/media-gallery\/dago-fotogallery-509050\/2258051\" class=\"float-left img-wrapper\"><img decoding=\"async\" id=\"2258051\" loading=\"lazy\" src=\"https:\/\/static.dagospia.com\/img\/foto\/04-2026\/il-fatto-quotidiano-la-sentenza-del-tribunale-uruguaiano-sull-adozione-che-sment-2258051_800_q50.webp\"><span class=\"img-title\">il fatto quotidiano &#8211; la sentenza del tribunale uruguaiano sull adozione che smentisce nicole minetti <\/span><\/a><\/p>\n<p class=\"disable\">La giudice elenca i vantaggi che la coppia italiana poteva offrire. Non solo la possibilit\u00e0 di sostenere l\u2019intervento a Boston a loro spese. Il bambino poteva vivere con un tenore di vita altissimo, \u201cfrequentare l\u2019International College Punta del Este\u201d e godere di tutti i privilegi che il lusso dei milioni di Minetti e Cipriani potevano permettergli. [\u2026]<\/p>\n<p class=\"disable\">\u00a0<\/p>\n<p class=\"disable\">Lo scandalo, intanto, ha varcato l\u2019oceano ed \u00e8 arrivato in Parlamento. La senatrice uruguaiana Graciela Barrera de Novo dichiara al Fatto: \u201cHo presentato una formale richiesta di informazioni a diversi ministeri in merito alle notizie emerse sull\u2019adozione del bambino [\u2026]. Per una risposta ci vorranno 20 giorni lavorativi\u201d.<\/p>\n<p class=\"disable\">\u00a0<\/p>\n<p><a href=\"https:\/\/www.dagospia.com\/media-gallery\/dago-fotogallery-509050\/2256291\" class=\"float-right img-wrapper\"><img decoding=\"async\" id=\"2256291\" loading=\"lazy\" src=\"https:\/\/static.dagospia.com\/img\/foto\/04-2026\/giuseppe-cipriani-e-nicole-minetti-2256291_800_q50.webp\"><span class=\"img-title\">giuseppe cipriani e nicole minetti<\/span><\/a><\/p>\n<p class=\"disable\">Le crepe di questa fiaba si allargano a dismisura: testate locali come La Diaria De Maldonado e FM Gente hanno raccolto testimonianze sull\u2019irregolarit\u00e0 di questa adozione, allargando l\u2019inchiesta al dramma delle adozioni forzate e al licenziamento dell\u2019ex direttore dell\u2019Inau di Maldonado, Daniel Guadalupe.<\/p>\n<p class=\"disable\">\u00a0<\/p>\n<p class=\"disable\">Si indaga sulle pressioni interne a un ente finito al centro di una bufera per 114 minori morti negli ultimi cinque anni. Una gigantesca \u201cfabbrica di orfani\u201d da cui due milionari hanno pescato, indisturbati, la chiave per ottenere la grazia di Stato.<\/p>\n<p class=\"disable\">\u00a0<\/p>\n<p class=\"disable\"><strong>QUELLE VERIFICHE MAI PARTITE SULLA GRAZIA A NICOLE MINETTI: COS\u00cc ARRIV\u00d2 IL SOLLECITO DEL MINISTERO ALLA PROCURA<\/strong><\/p>\n<p class=\"disable\"><strong>Estratto dell\u2019articolo di Giovanni Bianconi per il <a href=\"http:\/\/www.corriere.it\" target=\"_blank\">\u201cCorriere della Sera\u201d<\/a><\/strong><\/p>\n<p class=\"disable\">\u00a0<\/p>\n<p class=\"disable\">[\u2026] L\u2019altro punto nodale da chiarire attraverso il Servizio di cooperazione internazionale riguarda \u00able modalit\u00e0\u00bb di adozione del bambino, che al cognome originario ha aggiunto quelli italiani dei genitori adottivi.<\/p>\n<p><a href=\"https:\/\/www.dagospia.com\/media-gallery\/dago-fotogallery-509050\/2258055\" class=\"float-right img-wrapper\"><img decoding=\"async\" id=\"2258055\" loading=\"lazy\" src=\"https:\/\/static.dagospia.com\/img\/foto\/04-2026\/la-mano-di-mario-irarrazabal-a-punta-del-este-uruguay-2258055_800_q50.webp\"><span class=\"img-title\">La Mano di Mario Irarrazabal a Punta del Este.- uruguay <\/span><\/a><\/p>\n<p class=\"disable\">\u00a0<\/p>\n<p class=\"disable\">Un minorenne \u00ababbandonato alla nascita\u00bb, \u00e8 scritto nell\u2019istanza dell\u2019avvocata Calcaterra, che per le gravi patologie di cui soffre \u00abaveva pochissime possibilit\u00e0 di essere adottato; l\u2019unica era un\u2019adozione speciale da parte di una famiglia disposta ad accettare consapevolmente tutte le sue fragilit\u00e0\u00bb.<\/p>\n<p class=\"disable\">\u00a0<\/p>\n<p class=\"disable\">Come la coppia Cipriani-Minetti, che a marzo 2020 ha avviato l\u2019 iter conclusosi il 15 febbraio 2023.<\/p>\n<p class=\"disable\">\u00a0<\/p>\n<p class=\"disable\">Ora gli investigatori cercheranno di approfondire, ma a luglio 2024 il tribunale per i minorenni di Venezia ha gi\u00e0 riconosciuto e dichiarato efficace anche in Italia la sentenza di adozione uruguayana \u00abpronunciata sul presupposto che il minore si trovava in stato di abbandono sin dalla nascita, con separazione definitiva dai genitori biologici, i quali sono stati dichiarati decaduti dalla responsabilit\u00e0 genitoriale\u00bb.<\/p>\n<p><a href=\"https:\/\/www.dagospia.com\/media-gallery\/dago-fotogallery-509050\/2200733\" class=\"float-left img-wrapper\"><img decoding=\"async\" id=\"2200733\" loading=\"lazy\" src=\"https:\/\/static.dagospia.com\/img\/foto\/11-2025\/nicole-minetti-2200733_800_q50.webp\"><span class=\"img-title\">NICOLE MINETTI<\/span><\/a><\/p>\n<p class=\"disable\">\u00a0<\/p>\n<p class=\"disable\">Tutto regolare, ma dopo l\u2019inchiesta giornalistica de Il Fatto i magistrati milanesi vogliono verificare se quel presupposto \u00e8 veritiero [\u2026].<\/p>\n<p class=\"disable\">\u00a0<\/p>\n<p class=\"disable\">I controlli vanno estesi anche alle notizie diffuse sulla morte dell\u2019avvocata dei genitori biologici e di suo marito, per sapere se eventuali indagini su quei decessi coinvolgano in qualche modo Minetti e il suo compagno. \u00a0[\u2026]<\/p>\n<p class=\"disable\">\u00a0<\/p>\n<p class=\"disable\">\u00a0<\/p>\n<p class=\"disable\"><strong>CASO MINETTI, I CONTROLLI SULL\u2019ADOZIONE POLEMICHE IN URUGUAY: FU IRREGOLARE<\/strong><\/p>\n<p class=\"disable\"><strong>Estratto dell\u2019articolo di Francesco Battistini per il \u201c<a href=\"http:\/\/www.corriere.it\" target=\"_blank\">Corriere della Sera\u201d<\/a><\/strong><\/p>\n<p class=\"disable\">\u00a0<\/p>\n<p><a href=\"https:\/\/www.dagospia.com\/media-gallery\/dago-fotogallery-509050\/2257842\" class=\"float-right img-wrapper\"><img decoding=\"async\" id=\"2257842\" loading=\"lazy\" src=\"https:\/\/static.dagospia.com\/img\/foto\/04-2026\/la-grazia-meme-by-emiliano-carli-2257842_800_q50.webp\"><span class=\"img-title\">LA GRAZIA &#8211; MEME BY EMILIANO CARLI <\/span><\/a><\/p>\n<p class=\"disable\">Como el Uruguay no hay . [\u2026] El Paesito \u00e8 piccolo, la gente mormora, dall\u2019Italia chiedono e anche la stampa di qui, adesso, lo strilla: ci fu una \u00abprocedura che \u00e8 sempre stata considerata altamente irregolare\u00bb, dietro l\u2019adozione di quel bimbo, e una fonte interna all\u2019Inau \u2014 l\u2019Istituto per l\u2019infanzia e l\u2019adolescenza \u2014 rivela che il piccolo chiamava quei due \u00abmamma e pap\u00e0\u00bb, questo s\u00ec, e pure chiedeva sempre di loro, ma nei tre anni che ci vollero per l\u2019affidamento pi\u00f9 di qualcosa non quadr\u00f2.<\/p>\n<p class=\"disable\">\u00a0<\/p>\n<p class=\"disable\">Un vice di Carlo Nordio liquida come \u00abballa spaziale\u00bb il fatto che le indagini italiane si limitarono al perimetro di casa nostra e se ne infischiarono del ranch Gin Tonic. Un avvocato di Montevideo, che resta anonimo, ricorda il contrario. E dice che comunque \u00abbastava fare qualche domanda in giro\u00bb.<\/p>\n<p class=\"disable\">\u00a0<\/p>\n<p class=\"disable\">[\u2026] Anche \u00abil compagno potente della fidanzata di Berlusconi\u00bb, come un giornale chiama el se\u00f1or Jos\u00e9 , si vedeva e non si vedeva e adesso anche meno di prima, un po\u2019 come la grande Mano semisepolta. Sbarcano i funzionari dell\u2019Interpol e dell\u2019Europol: altro che Svizzera del Sudamerica, gli (uru)guai di Nicole e il loro fardello da tre anni e 11 mesi stan facendo perdere l\u2019equilibrio perfetto di patrimoni nascosti, pensionati tranquilli, 600 km di coste che portano turismo e reddito.<\/p>\n<p class=\"disable\">\u00a0<\/p>\n<p><a href=\"https:\/\/www.dagospia.com\/media-gallery\/dago-fotogallery-509050\/2257839\" class=\"float-left img-wrapper\"><img decoding=\"async\" id=\"2257839\" loading=\"lazy\" src=\"https:\/\/static.dagospia.com\/img\/foto\/04-2026\/la-ladra-di-bambini-meme-su-nicole-minetti-by-emiliano-carli-2257839_800_q50.webp\"><span class=\"img-title\">la ladra di bambini meme su nicole minetti by emiliano carli <\/span><\/a><\/p>\n<p class=\"disable\">[\u2026] \u00a0\u00abServono prove\u00bb, scrive un giornale. E dunque, nell\u2019ordine: dov\u2019\u00e8 finita la madre naturale del bambino; che morte fu quella dei suoi avvocati d\u2019ufficio che bruciarono vivi \u00abper una stufa malfunzionante\u00bb; chi andava e veniva nel ranch Gin Tonic descritto modello Epstein; chi all\u2019Inau si sogn\u00f2 d\u2019affidare un bambino per nulla orfano a una condannata per i festini di Arcore con le minorenni.<\/p>\n<p class=\"disable\">\u00a0<\/p>\n<p class=\"disable\">A Montevideo spiegano che un\u2019altra famiglia, con entrambi i genitori incensurati, sarebbe stata bocciata e che Minetti avrebbe convinto i giudici che, il reato per cui era stata condannata in Italia, in Uruguay non ha la stessa gravit\u00e0 [\u2026]<\/p>\n<p><a href=\"https:\/\/www.dagospia.com\/media-gallery\/dago-fotogallery-509050\/2257837\" class=\"float-right img-wrapper\"><img decoding=\"async\" id=\"2257837\" loading=\"lazy\" src=\"https:\/\/static.dagospia.com\/img\/foto\/04-2026\/meme-su-nicole-minetti-by-emiliano-carli-2257837_800_q50.webp\"><span class=\"img-title\"> meme su nicole minetti by emiliano carli <\/span><\/a><a href=\"https:\/\/www.dagospia.com\/media-gallery\/dago-fotogallery-509050\/2257665\" class=\"float-right img-wrapper\"><img decoding=\"async\" id=\"2257665\" loading=\"lazy\" src=\"https:\/\/static.dagospia.com\/img\/foto\/04-2026\/nicole-minetti-e-giuseppe-cipriani-2257665_800_q50.webp\"><span class=\"img-title\">NICOLE MINETTI E GIUSEPPE CIPRIANI <\/span><\/a><a href=\"https:\/\/www.dagospia.com\/media-gallery\/dago-fotogallery-509050\/1113982\" class=\"float-right img-wrapper\"><img decoding=\"async\" id=\"1113982\" loading=\"lazy\" src=\"https:\/\/static.dagospia.com\/img\/foto\/02-2019\/nicole-minetti-106-1113982_800_q50.webp\"><span class=\"img-title\">nicole minetti 106<\/span><\/a><a href=\"https:\/\/www.dagospia.com\/media-gallery\/dago-fotogallery-509050\/1113971\" class=\"float-right img-wrapper\"><img decoding=\"async\" id=\"1113971\" loading=\"lazy\" src=\"https:\/\/static.dagospia.com\/img\/foto\/02-2019\/nicole-minetti-57-1113971_800_q50.webp\"><span class=\"img-title\">nicole minetti 57<\/span><\/a><a href=\"https:\/\/www.dagospia.com\/media-gallery\/dago-fotogallery-509050\/1113970\" class=\"float-right img-wrapper\"><img decoding=\"async\" id=\"1113970\" loading=\"lazy\" src=\"https:\/\/static.dagospia.com\/img\/foto\/02-2019\/nicole-minetti-104-1113970_800_q50.webp\"><span class=\"img-title\">nicole minetti 104<\/span><\/a><a href=\"https:\/\/www.dagospia.com\/media-gallery\/dago-fotogallery-509050\/1113968\" class=\"float-right img-wrapper\"><img decoding=\"async\" id=\"1113968\" loading=\"lazy\" src=\"https:\/\/static.dagospia.com\/img\/foto\/02-2019\/nicole-minetti-111-1113968_800_q50.webp\"><span class=\"img-title\">nicole minetti 111<\/span><\/a><a href=\"https:\/\/www.dagospia.com\/media-gallery\/dago-fotogallery-509050\/1113974\" class=\"float-right img-wrapper\"><img decoding=\"async\" id=\"1113974\" loading=\"lazy\" src=\"https:\/\/static.dagospia.com\/img\/foto\/02-2019\/nicole-minetti-94-1113974_800_q50.webp\"><span class=\"img-title\">nicole minetti 94<\/span><\/a><a href=\"https:\/\/www.dagospia.com\/media-gallery\/dago-fotogallery-509050\/1113969\" class=\"float-right img-wrapper\"><img decoding=\"async\" id=\"1113969\" loading=\"lazy\" src=\"https:\/\/static.dagospia.com\/img\/foto\/02-2019\/nicole-minetti-110-1113969_800_q50.webp\"><span class=\"img-title\">nicole minetti 110<\/span><\/a><a href=\"https:\/\/www.dagospia.com\/media-gallery\/dago-fotogallery-509050\/1113973\" class=\"float-right img-wrapper\"><img decoding=\"async\" id=\"1113973\" loading=\"lazy\" src=\"https:\/\/static.dagospia.com\/img\/foto\/02-2019\/nicole-minetti-2-1113973_800_q50.webp\"><span class=\"img-title\">nicole minetti 2<\/span><\/a><a href=\"https:\/\/www.dagospia.com\/media-gallery\/dago-fotogallery-509050\/1113975\" class=\"float-right img-wrapper\"><img decoding=\"async\" id=\"1113975\" loading=\"lazy\" src=\"https:\/\/static.dagospia.com\/img\/foto\/02-2019\/nicole-minetti-80-1113975_800_q50.webp\"><span class=\"img-title\">nicole minetti 80<\/span><\/a><a href=\"https:\/\/www.dagospia.com\/media-gallery\/dago-fotogallery-509050\/1113972\" class=\"float-right img-wrapper\"><img decoding=\"async\" id=\"1113972\" loading=\"lazy\" src=\"https:\/\/static.dagospia.com\/img\/foto\/02-2019\/nicole-minetti-43-1113972_800_q50.webp\"><span class=\"img-title\">nicole minetti 43<\/span><\/a><a href=\"https:\/\/www.dagospia.com\/media-gallery\/dago-fotogallery-509050\/1113979\" class=\"float-right img-wrapper\"><img decoding=\"async\" id=\"1113979\" loading=\"lazy\" src=\"https:\/\/static.dagospia.com\/img\/foto\/02-2019\/nicole-minetti-41-1113979_800_q50.webp\"><span class=\"img-title\">nicole minetti 41<\/span><\/a><a href=\"https:\/\/www.dagospia.com\/media-gallery\/dago-fotogallery-509050\/1113976\" class=\"float-right img-wrapper\"><img decoding=\"async\" id=\"1113976\" loading=\"lazy\" src=\"https:\/\/static.dagospia.com\/img\/foto\/02-2019\/nicole-minetti-96-1113976_800_q50.webp\"><span class=\"img-title\">nicole minetti 96<\/span><\/a><a href=\"https:\/\/www.dagospia.com\/media-gallery\/dago-fotogallery-509050\/1113977\" class=\"float-right img-wrapper\"><img decoding=\"async\" id=\"1113977\" loading=\"lazy\" src=\"https:\/\/static.dagospia.com\/img\/foto\/02-2019\/nicole-minetti-82-1113977_800_q50.webp\"><span class=\"img-title\">nicole minetti 82<\/span><\/a><a href=\"https:\/\/www.dagospia.com\/media-gallery\/dago-fotogallery-509050\/1113980\" class=\"float-right img-wrapper\"><img decoding=\"async\" id=\"1113980\" loading=\"lazy\" src=\"https:\/\/static.dagospia.com\/img\/foto\/02-2019\/nicole-minetti-69-1113980_800_q50.webp\"><span class=\"img-title\">nicole minetti 69<\/span><\/a><a href=\"https:\/\/www.dagospia.com\/media-gallery\/dago-fotogallery-509050\/1113978\" class=\"float-right img-wrapper\"><img decoding=\"async\" id=\"1113978\" loading=\"lazy\" src=\"https:\/\/static.dagospia.com\/img\/foto\/02-2019\/nicole-minetti-55-1113978_800_q50.webp\"><span class=\"img-title\">nicole minetti 55<\/span><\/a><a href=\"https:\/\/www.dagospia.com\/media-gallery\/dago-fotogallery-509050\/1113981\" class=\"float-right img-wrapper\"><img decoding=\"async\" id=\"1113981\" loading=\"lazy\" src=\"https:\/\/static.dagospia.com\/img\/foto\/02-2019\/nicole-minetti-112-1113981_800_q50.webp\"><span class=\"img-title\">nicole minetti 112<\/span><\/a><a href=\"https:\/\/www.dagospia.com\/media-gallery\/dago-fotogallery-509050\/2257838\" class=\"float-right img-wrapper\"><img decoding=\"async\" id=\"2257838\" loading=\"lazy\" src=\"https:\/\/static.dagospia.com\/img\/foto\/04-2026\/mai-dire-uruguay-meme-su-carlo-nordio-e-nicole-minetti-by-50-sfumature-di-cattiv-2257838_800_q50.webp\"><span class=\"img-title\">mai dire uruguay meme su carlo nordio e nicole minetti by 50 sfumature di cattiveria <\/span><\/a><\/p>\n<\/div>\n<div class=\"share-section\">\n                Condividi  questo articolo<\/p>\n<div class=\"socials\"><a href=\"https:\/\/www.dagospia.com\/cronache\/il-fatto-prova-smentisce-nicole-minetti-nell-istanza-grazia-presentata-472622\"><img decoding=\"async\" src=\"https:\/\/static.dagospia.com\/img\/icons\/facebook.svg\" alt=\"Condividi su Facebook\"><\/a><a href=\"https:\/\/www.dagospia.com\/cronache\/il-fatto-prova-smentisce-nicole-minetti-nell-istanza-grazia-presentata-472622\"><img decoding=\"async\" src=\"https:\/\/static.dagospia.com\/img\/icons\/x-icon.png\" alt=\"Condividi su X\"><\/a><a href=\"https:\/\/www.dagospia.com\/cronache\/il-fatto-prova-smentisce-nicole-minetti-nell-istanza-grazia-presentata-472622\"><img decoding=\"async\" src=\"https:\/\/static.dagospia.com\/img\/icons\/whatsapp.svg\" alt=\"Condividi su Whatsapp\"><\/a><a href=\"https:\/\/www.dagospia.com\/cronache\/il-fatto-prova-smentisce-nicole-minetti-nell-istanza-grazia-presentata-472622\"><img decoding=\"async\" src=\"https:\/\/static.dagospia.com\/img\/icons\/mail.svg\" alt=\"Invia in email\"><\/a><\/div>\n<\/div>\n<\/article>\n<div class=\"content\">\n<p><a href=\"https:\/\/www.dagospia.com\/media-gallery\/dago-fotogallery-509050\/2258052\" class=\"float-right img-wrapper\"><img decoding=\"async\" id=\"2258052\" loading=\"lazy\" src=\"https:\/\/static.dagospia.com\/img\/foto\/04-2026\/il-fatto-quotidiano-la-sentenza-del-tribunale-uruguaiano-sull-adozione-che-sment-2258052_800_q50.webp\"><span class=\"img-title\">il fatto quotidiano &#8211; la sentenza del tribunale uruguaiano sull adozione che smentisce nicole minetti <\/span><\/a><\/p>\n<p class=\"disable\"><strong>\u201cBIMBO ABBANDONATO\u201d: ECCO LA PROVA DALL\u2019URUGUAY CHE SMENTISCE MINETTI<\/strong><\/p>\n<p class=\"disable\"><strong>Estratto dell\u2019articolo di Thomas Mackinson per <a href=\"http:\/\/www.ilfattoquotidiano.it\" target=\"_blank\">\u201cil Fatto quotidiano\u201d<\/a><\/strong><\/p>\n<p class=\"disable\">\u00a0<\/p>\n<p class=\"disable\">\u201cSeparacion Definitiva, adopcion plena y perdida de patria potestad\u201d. Inizia cos\u00ec la Sentencia del 15 febbraio 2023 emessa dal Tribunale di Maldonado. Un documento che il Fatto \u00e8 ora in grado di mostrare.<\/p>\n<p class=\"disable\">\u00a0<\/p>\n<p class=\"disable\">Questa sentenza costituisce la prova di quanto abbiamo ricostruito: il bimbo non era affatto \u201cabbandonato alla nascita\u201d, come viene definito nell\u2019istanza di grazia, ma aveva due genitori biologici, poveri e pieni di problemi.<\/p>\n<p class=\"disable\">\u00a0<\/p>\n<p class=\"disable\">A costoro la patria potest\u00e0 \u00e8 stata sottratta a seguito di una causa civile intentata da Nicole Minetti e dal compagno Giuseppe Cipriani, durata pi\u00f9 di tre anni.<\/p>\n<p class=\"disable\">\u00a0<\/p>\n<p class=\"disable\">[\u2026] \u00a0L\u2019oggetto della causa [\u2026]. \u00e8 l\u2019adozione piena e la perdita della patria potest\u00e0 per la famiglia naturale.<\/p>\n<p class=\"disable\">\u00a0<\/p>\n<p><a href=\"https:\/\/www.dagospia.com\/media-gallery\/dago-fotogallery-509050\/2257606\" class=\"float-left img-wrapper\"><img decoding=\"async\" id=\"2257606\" loading=\"lazy\" src=\"https:\/\/static.dagospia.com\/img\/foto\/04-2026\/giuseppe-cipriani-nicole-minetti-2257606_800_q50.webp\"><span class=\"img-title\">GIUSEPPE CIPRIANI NICOLE MINETTI <\/span><\/a><\/p>\n<p class=\"disable\">Le carte ripercorrono la difficile vita del bambino, nato nel dicembre 2017. Nel 2018 non era stato abbandonato in strada, ma affidato all\u2019ente statale Inau come misura estrema e per massimo 45 giorni a causa della madre indigente e della reclusione del padre in carcere. \u00a0[\u2026] Il testo illustra l\u2019ingresso dei due italiani, presentatisi inizialmente come volontari presso l\u2019ente per l\u2019infanzia Inau.<\/p>\n<p class=\"disable\">\u00a0<\/p>\n<p class=\"disable\">Anche grazie alle loro ingenti risorse, ottengono a fine 2020 una \u201clicenza\u201d per trasferire il minore nella tenuta la Chacra Gin Tonic a La Barra, dove \u2013 secondo le testimonianze raccolte dal Fatto \u2013 si svolgevano le feste con \u201cchicas\u201d, anche minorenni. E Minetti avrebbe fatto da \u201cmadama\u201d come ad Arcore e a Ibiza.<\/p>\n<p class=\"disable\">\u00a0<\/p>\n<p><a href=\"https:\/\/www.dagospia.com\/media-gallery\/dago-fotogallery-509050\/2258053\" class=\"float-right img-wrapper\"><img decoding=\"async\" id=\"2258053\" loading=\"lazy\" src=\"https:\/\/static.dagospia.com\/img\/foto\/04-2026\/punta-del-este-uruguay-2258053_800_q50.webp\"><span class=\"img-title\">Punta del Este &#8211; uruguay <\/span><\/a><\/p>\n<p class=\"disable\">Il documento mette poi a verbale che il 12 ottobre 2021 la coppia porta il bambino negli Usa, al Boston Children&#8217;s Hospital, per sottoporlo a un delicato intervento chirurgico. Anche se la potest\u00e0 piena arriver\u00e0 solo nel luglio 2023.<\/p>\n<p class=\"disable\">\u00a0<\/p>\n<p class=\"disable\">[\u2026] A far vincere questa clamorosa battaglia legale \u00e8 stata anche la schiacciante disparit\u00e0 di mezzi economici. I genitori biologici vivevano in miseria assoluta, tanto che usufruivano del beneficio dell\u2019ausiliatoria de pobreza. Non potevano permettersi un avvocato. A rappresentare il minore era Mercedes Nieto, trovata carbonizzata nel giugno 2024 in circostanze ancora misteriose per cui si indaga per omicidio.<\/p>\n<p class=\"disable\">\u00a0<\/p>\n<p><a href=\"https:\/\/www.dagospia.com\/media-gallery\/dago-fotogallery-509050\/2258051\" class=\"float-left img-wrapper\"><img decoding=\"async\" id=\"2258051\" loading=\"lazy\" src=\"https:\/\/static.dagospia.com\/img\/foto\/04-2026\/il-fatto-quotidiano-la-sentenza-del-tribunale-uruguaiano-sull-adozione-che-sment-2258051_800_q50.webp\"><span class=\"img-title\">il fatto quotidiano &#8211; la sentenza del tribunale uruguaiano sull adozione che smentisce nicole minetti <\/span><\/a><\/p>\n<p class=\"disable\">La giudice elenca i vantaggi che la coppia italiana poteva offrire. Non solo la possibilit\u00e0 di sostenere l\u2019intervento a Boston a loro spese. Il bambino poteva vivere con un tenore di vita altissimo, \u201cfrequentare l\u2019International College Punta del Este\u201d e godere di tutti i privilegi che il lusso dei milioni di Minetti e Cipriani potevano permettergli. [\u2026]<\/p>\n<p class=\"disable\">\u00a0<\/p>\n<p class=\"disable\">Lo scandalo, intanto, ha varcato l\u2019oceano ed \u00e8 arrivato in Parlamento. La senatrice uruguaiana Graciela Barrera de Novo dichiara al Fatto: \u201cHo presentato una formale richiesta di informazioni a diversi ministeri in merito alle notizie emerse sull\u2019adozione del bambino [\u2026]. Per una risposta ci vorranno 20 giorni lavorativi\u201d.<\/p>\n<p class=\"disable\">\u00a0<\/p>\n<p><a href=\"https:\/\/www.dagospia.com\/media-gallery\/dago-fotogallery-509050\/2256291\" class=\"float-right img-wrapper\"><img decoding=\"async\" id=\"2256291\" loading=\"lazy\" src=\"https:\/\/static.dagospia.com\/img\/foto\/04-2026\/giuseppe-cipriani-e-nicole-minetti-2256291_800_q50.webp\"><span class=\"img-title\">giuseppe cipriani e nicole minetti<\/span><\/a><\/p>\n<p class=\"disable\">Le crepe di questa fiaba si allargano a dismisura: testate locali come La Diaria De Maldonado e FM Gente hanno raccolto testimonianze sull\u2019irregolarit\u00e0 di questa adozione, allargando l\u2019inchiesta al dramma delle adozioni forzate e al licenziamento dell\u2019ex direttore dell\u2019Inau di Maldonado, Daniel Guadalupe.<\/p>\n<p class=\"disable\">\u00a0<\/p>\n<p class=\"disable\">Si indaga sulle pressioni interne a un ente finito al centro di una bufera per 114 minori morti negli ultimi cinque anni. Una gigantesca \u201cfabbrica di orfani\u201d da cui due milionari hanno pescato, indisturbati, la chiave per ottenere la grazia di Stato.<\/p>\n<p class=\"disable\">\u00a0<\/p>\n<p class=\"disable\"><strong>QUELLE VERIFICHE MAI PARTITE SULLA GRAZIA A NICOLE MINETTI: COS\u00cc ARRIV\u00d2 IL SOLLECITO DEL MINISTERO ALLA PROCURA<\/strong><\/p>\n<p class=\"disable\"><strong>Estratto dell\u2019articolo di Giovanni Bianconi per il <a href=\"http:\/\/www.corriere.it\" target=\"_blank\">\u201cCorriere della Sera\u201d<\/a><\/strong><\/p>\n<p class=\"disable\">\u00a0<\/p>\n<p class=\"disable\">[\u2026] L\u2019altro punto nodale da chiarire attraverso il Servizio di cooperazione internazionale riguarda \u00able modalit\u00e0\u00bb di adozione del bambino, che al cognome originario ha aggiunto quelli italiani dei genitori adottivi.<\/p>\n<p><a href=\"https:\/\/www.dagospia.com\/media-gallery\/dago-fotogallery-509050\/2258055\" class=\"float-right img-wrapper\"><img decoding=\"async\" id=\"2258055\" loading=\"lazy\" src=\"https:\/\/static.dagospia.com\/img\/foto\/04-2026\/la-mano-di-mario-irarrazabal-a-punta-del-este-uruguay-2258055_800_q50.webp\"><span class=\"img-title\">La Mano di Mario Irarrazabal a Punta del Este.- uruguay <\/span><\/a><\/p>\n<p class=\"disable\">\u00a0<\/p>\n<p class=\"disable\">Un minorenne \u00ababbandonato alla nascita\u00bb, \u00e8 scritto nell\u2019istanza dell\u2019avvocata Calcaterra, che per le gravi patologie di cui soffre \u00abaveva pochissime possibilit\u00e0 di essere adottato; l\u2019unica era un\u2019adozione speciale da parte di una famiglia disposta ad accettare consapevolmente tutte le sue fragilit\u00e0\u00bb.<\/p>\n<p class=\"disable\">\u00a0<\/p>\n<p class=\"disable\">Come la coppia Cipriani-Minetti, che a marzo 2020 ha avviato l\u2019 iter conclusosi il 15 febbraio 2023.<\/p>\n<p class=\"disable\">\u00a0<\/p>\n<p class=\"disable\">Ora gli investigatori cercheranno di approfondire, ma a luglio 2024 il tribunale per i minorenni di Venezia ha gi\u00e0 riconosciuto e dichiarato efficace anche in Italia la sentenza di adozione uruguayana \u00abpronunciata sul presupposto che il minore si trovava in stato di abbandono sin dalla nascita, con separazione definitiva dai genitori biologici, i quali sono stati dichiarati decaduti dalla responsabilit\u00e0 genitoriale\u00bb.<\/p>\n<p><a href=\"https:\/\/www.dagospia.com\/media-gallery\/dago-fotogallery-509050\/2200733\" class=\"float-left img-wrapper\"><img decoding=\"async\" id=\"2200733\" loading=\"lazy\" src=\"https:\/\/static.dagospia.com\/img\/foto\/11-2025\/nicole-minetti-2200733_800_q50.webp\"><span class=\"img-title\">NICOLE MINETTI<\/span><\/a><\/p>\n<p class=\"disable\">\u00a0<\/p>\n<p class=\"disable\">Tutto regolare, ma dopo l\u2019inchiesta giornalistica de Il Fatto i magistrati milanesi vogliono verificare se quel presupposto \u00e8 veritiero [\u2026].<\/p>\n<p class=\"disable\">\u00a0<\/p>\n<p class=\"disable\">I controlli vanno estesi anche alle notizie diffuse sulla morte dell\u2019avvocata dei genitori biologici e di suo marito, per sapere se eventuali indagini su quei decessi coinvolgano in qualche modo Minetti e il suo compagno. \u00a0[\u2026]<\/p>\n<p class=\"disable\">\u00a0<\/p>\n<p class=\"disable\">\u00a0<\/p>\n<p class=\"disable\"><strong>CASO MINETTI, I CONTROLLI SULL\u2019ADOZIONE POLEMICHE IN URUGUAY: FU IRREGOLARE<\/strong><\/p>\n<p class=\"disable\"><strong>Estratto dell\u2019articolo di Francesco Battistini per il \u201c<a href=\"http:\/\/www.corriere.it\" target=\"_blank\">Corriere della Sera\u201d<\/a><\/strong><\/p>\n<p class=\"disable\">\u00a0<\/p>\n<p><a href=\"https:\/\/www.dagospia.com\/media-gallery\/dago-fotogallery-509050\/2257842\" class=\"float-right img-wrapper\"><img decoding=\"async\" id=\"2257842\" loading=\"lazy\" src=\"https:\/\/static.dagospia.com\/img\/foto\/04-2026\/la-grazia-meme-by-emiliano-carli-2257842_800_q50.webp\"><span class=\"img-title\">LA GRAZIA &#8211; MEME BY EMILIANO CARLI <\/span><\/a><\/p>\n<p class=\"disable\">Como el Uruguay no hay . [\u2026] El Paesito \u00e8 piccolo, la gente mormora, dall\u2019Italia chiedono e anche la stampa di qui, adesso, lo strilla: ci fu una \u00abprocedura che \u00e8 sempre stata considerata altamente irregolare\u00bb, dietro l\u2019adozione di quel bimbo, e una fonte interna all\u2019Inau \u2014 l\u2019Istituto per l\u2019infanzia e l\u2019adolescenza \u2014 rivela che il piccolo chiamava quei due \u00abmamma e pap\u00e0\u00bb, questo s\u00ec, e pure chiedeva sempre di loro, ma nei tre anni che ci vollero per l\u2019affidamento pi\u00f9 di qualcosa non quadr\u00f2.<\/p>\n<p class=\"disable\">\u00a0<\/p>\n<p class=\"disable\">Un vice di Carlo Nordio liquida come \u00abballa spaziale\u00bb il fatto che le indagini italiane si limitarono al perimetro di casa nostra e se ne infischiarono del ranch Gin Tonic. Un avvocato di Montevideo, che resta anonimo, ricorda il contrario. E dice che comunque \u00abbastava fare qualche domanda in giro\u00bb.<\/p>\n<p class=\"disable\">\u00a0<\/p>\n<p class=\"disable\">[\u2026] Anche \u00abil compagno potente della fidanzata di Berlusconi\u00bb, come un giornale chiama el se\u00f1or Jos\u00e9 , si vedeva e non si vedeva e adesso anche meno di prima, un po\u2019 come la grande Mano semisepolta. Sbarcano i funzionari dell\u2019Interpol e dell\u2019Europol: altro che Svizzera del Sudamerica, gli (uru)guai di Nicole e il loro fardello da tre anni e 11 mesi stan facendo perdere l\u2019equilibrio perfetto di patrimoni nascosti, pensionati tranquilli, 600 km di coste che portano turismo e reddito.<\/p>\n<p class=\"disable\">\u00a0<\/p>\n<p><a href=\"https:\/\/www.dagospia.com\/media-gallery\/dago-fotogallery-509050\/2257839\" class=\"float-left img-wrapper\"><img decoding=\"async\" id=\"2257839\" loading=\"lazy\" src=\"https:\/\/static.dagospia.com\/img\/foto\/04-2026\/la-ladra-di-bambini-meme-su-nicole-minetti-by-emiliano-carli-2257839_800_q50.webp\"><span class=\"img-title\">la ladra di bambini meme su nicole minetti by emiliano carli <\/span><\/a><\/p>\n<p class=\"disable\">[\u2026] \u00a0\u00abServono prove\u00bb, scrive un giornale. E dunque, nell\u2019ordine: dov\u2019\u00e8 finita la madre naturale del bambino; che morte fu quella dei suoi avvocati d\u2019ufficio che bruciarono vivi \u00abper una stufa malfunzionante\u00bb; chi andava e veniva nel ranch Gin Tonic descritto modello Epstein; chi all\u2019Inau si sogn\u00f2 d\u2019affidare un bambino per nulla orfano a una condannata per i festini di Arcore con le minorenni.<\/p>\n<p class=\"disable\">\u00a0<\/p>\n<p class=\"disable\">A Montevideo spiegano che un\u2019altra famiglia, con entrambi i genitori incensurati, sarebbe stata bocciata e che Minetti avrebbe convinto i giudici che, il reato per cui era stata condannata in Italia, in Uruguay non ha la stessa gravit\u00e0 [\u2026]<\/p>\n<p><a href=\"https:\/\/www.dagospia.com\/media-gallery\/dago-fotogallery-509050\/2257837\" class=\"float-right img-wrapper\"><img decoding=\"async\" id=\"2257837\" loading=\"lazy\" src=\"https:\/\/static.dagospia.com\/img\/foto\/04-2026\/meme-su-nicole-minetti-by-emiliano-carli-2257837_800_q50.webp\"><span class=\"img-title\"> meme su nicole minetti by emiliano carli <\/span><\/a><a href=\"https:\/\/www.dagospia.com\/media-gallery\/dago-fotogallery-509050\/2257665\" class=\"float-right img-wrapper\"><img decoding=\"async\" id=\"2257665\" loading=\"lazy\" src=\"https:\/\/static.dagospia.com\/img\/foto\/04-2026\/nicole-minetti-e-giuseppe-cipriani-2257665_800_q50.webp\"><span class=\"img-title\">NICOLE MINETTI E GIUSEPPE CIPRIANI <\/span><\/a><a href=\"https:\/\/www.dagospia.com\/media-gallery\/dago-fotogallery-509050\/1113982\" class=\"float-right img-wrapper\"><img decoding=\"async\" id=\"1113982\" loading=\"lazy\" src=\"https:\/\/static.dagospia.com\/img\/foto\/02-2019\/nicole-minetti-106-1113982_800_q50.webp\"><span class=\"img-title\">nicole minetti 106<\/span><\/a><a href=\"https:\/\/www.dagospia.com\/media-gallery\/dago-fotogallery-509050\/1113971\" class=\"float-right img-wrapper\"><img decoding=\"async\" id=\"1113971\" loading=\"lazy\" src=\"https:\/\/static.dagospia.com\/img\/foto\/02-2019\/nicole-minetti-57-1113971_800_q50.webp\"><span class=\"img-title\">nicole minetti 57<\/span><\/a><a href=\"https:\/\/www.dagospia.com\/media-gallery\/dago-fotogallery-509050\/1113970\" class=\"float-right img-wrapper\"><img decoding=\"async\" id=\"1113970\" loading=\"lazy\" src=\"https:\/\/static.dagospia.com\/img\/foto\/02-2019\/nicole-minetti-104-1113970_800_q50.webp\"><span class=\"img-title\">nicole minetti 104<\/span><\/a><a href=\"https:\/\/www.dagospia.com\/media-gallery\/dago-fotogallery-509050\/1113968\" class=\"float-right img-wrapper\"><img decoding=\"async\" id=\"1113968\" loading=\"lazy\" src=\"https:\/\/static.dagospia.com\/img\/foto\/02-2019\/nicole-minetti-111-1113968_800_q50.webp\"><span class=\"img-title\">nicole minetti 111<\/span><\/a><a href=\"https:\/\/www.dagospia.com\/media-gallery\/dago-fotogallery-509050\/1113974\" class=\"float-right img-wrapper\"><img decoding=\"async\" id=\"1113974\" loading=\"lazy\" src=\"https:\/\/static.dagospia.com\/img\/foto\/02-2019\/nicole-minetti-94-1113974_800_q50.webp\"><span class=\"img-title\">nicole minetti 94<\/span><\/a><a href=\"https:\/\/www.dagospia.com\/media-gallery\/dago-fotogallery-509050\/1113969\" class=\"float-right img-wrapper\"><img decoding=\"async\" id=\"1113969\" loading=\"lazy\" src=\"https:\/\/static.dagospia.com\/img\/foto\/02-2019\/nicole-minetti-110-1113969_800_q50.webp\"><span class=\"img-title\">nicole minetti 110<\/span><\/a><a href=\"https:\/\/www.dagospia.com\/media-gallery\/dago-fotogallery-509050\/1113973\" class=\"float-right img-wrapper\"><img decoding=\"async\" id=\"1113973\" loading=\"lazy\" src=\"https:\/\/static.dagospia.com\/img\/foto\/02-2019\/nicole-minetti-2-1113973_800_q50.webp\"><span class=\"img-title\">nicole minetti 2<\/span><\/a><a href=\"https:\/\/www.dagospia.com\/media-gallery\/dago-fotogallery-509050\/1113975\" class=\"float-right img-wrapper\"><img decoding=\"async\" id=\"1113975\" loading=\"lazy\" src=\"https:\/\/static.dagospia.com\/img\/foto\/02-2019\/nicole-minetti-80-1113975_800_q50.webp\"><span class=\"img-title\">nicole minetti 80<\/span><\/a><a href=\"https:\/\/www.dagospia.com\/media-gallery\/dago-fotogallery-509050\/1113972\" class=\"float-right img-wrapper\"><img decoding=\"async\" id=\"1113972\" loading=\"lazy\" src=\"https:\/\/static.dagospia.com\/img\/foto\/02-2019\/nicole-minetti-43-1113972_800_q50.webp\"><span class=\"img-title\">nicole minetti 43<\/span><\/a><a href=\"https:\/\/www.dagospia.com\/media-gallery\/dago-fotogallery-509050\/1113979\" class=\"float-right img-wrapper\"><img decoding=\"async\" id=\"1113979\" loading=\"lazy\" src=\"https:\/\/static.dagospia.com\/img\/foto\/02-2019\/nicole-minetti-41-1113979_800_q50.webp\"><span class=\"img-title\">nicole minetti 41<\/span><\/a><a href=\"https:\/\/www.dagospia.com\/media-gallery\/dago-fotogallery-509050\/1113976\" class=\"float-right img-wrapper\"><img decoding=\"async\" id=\"1113976\" loading=\"lazy\" src=\"https:\/\/static.dagospia.com\/img\/foto\/02-2019\/nicole-minetti-96-1113976_800_q50.webp\"><span class=\"img-title\">nicole minetti 96<\/span><\/a><a href=\"https:\/\/www.dagospia.com\/media-gallery\/dago-fotogallery-509050\/1113977\" class=\"float-right img-wrapper\"><img decoding=\"async\" id=\"1113977\" loading=\"lazy\" src=\"https:\/\/static.dagospia.com\/img\/foto\/02-2019\/nicole-minetti-82-1113977_800_q50.webp\"><span class=\"img-title\">nicole minetti 82<\/span><\/a><a href=\"https:\/\/www.dagospia.com\/media-gallery\/dago-fotogallery-509050\/1113980\" class=\"float-right img-wrapper\"><img decoding=\"async\" id=\"1113980\" loading=\"lazy\" src=\"https:\/\/static.dagospia.com\/img\/foto\/02-2019\/nicole-minetti-69-1113980_800_q50.webp\"><span class=\"img-title\">nicole minetti 69<\/span><\/a><a href=\"https:\/\/www.dagospia.com\/media-gallery\/dago-fotogallery-509050\/1113978\" class=\"float-right img-wrapper\"><img decoding=\"async\" id=\"1113978\" loading=\"lazy\" src=\"https:\/\/static.dagospia.com\/img\/foto\/02-2019\/nicole-minetti-55-1113978_800_q50.webp\"><span class=\"img-title\">nicole minetti 55<\/span><\/a><a href=\"https:\/\/www.dagospia.com\/media-gallery\/dago-fotogallery-509050\/1113981\" class=\"float-right img-wrapper\"><img decoding=\"async\" id=\"1113981\" loading=\"lazy\" src=\"https:\/\/static.dagospia.com\/img\/foto\/02-2019\/nicole-minetti-112-1113981_800_q50.webp\"><span class=\"img-title\">nicole minetti 112<\/span><\/a><a href=\"https:\/\/www.dagospia.com\/media-gallery\/dago-fotogallery-509050\/2257838\" class=\"float-right img-wrapper\"><img decoding=\"async\" id=\"2257838\" loading=\"lazy\" src=\"https:\/\/static.dagospia.com\/img\/foto\/04-2026\/mai-dire-uruguay-meme-su-carlo-nordio-e-nicole-minetti-by-50-sfumature-di-cattiv-2257838_800_q50.webp\"><span class=\"img-title\">mai dire uruguay meme su carlo nordio e nicole minetti by 50 sfumature di cattiveria <\/span><\/a><\/p>\n<\/div>\n<article><a href=\"https:\/\/www.dagospia.com\/politica\/dagoreport-dopo-referendum-diluvio-voto-22-23-marzo-aperto-voragine-472554\"><\/p>\n<div class=\"img-wrapper\"><img decoding=\"async\" src=\"https:\/\/static.dagospia.com\/img\/patch\/04-2026\/giorgia-meloni-matteo-salvini-antonio-tajani-nicole-minetti-carlo-nordio-2257887_600_q50.webp\" alt=\"giorgia meloni matteo salvini antonio tajani nicole minetti carlo nordio \" loading=\"lazy\"><time class=\"data-ora\">30 apr 15:22<\/time><\/div>\n<div class=\"excerpt\">\n<p>DAGOREPORT \u2013 <span>DOPO IL REFERENDUM, IL DILUVIO: IL VOTO DEL 22-23 MARZO HA APERTO UNA VORAGINE CHE STA INGHIOTTENDO GLI INQUILINI DI PALAZZO CHIGI, MENTRE SI RESPIRA GIA&#8217; ARIA DI SMOBILITAZIONE NEGLI APPARATI DI STATO\u00a0<\/span>&#8211; OGNI GIORNO C\u2019\u00c8\u00a0UNA CADUTA D&#8217;IMMAGINE PER IL GOVERNO MELONI (DAL CASO PIANTEDOSI-CONTE A QUELLO MINETTI, DAGLI SCAZZI TRA GIULI E BUTTAFUOCO AL RIBALTONE IN MPS FINO ALLO SPIONE DEL DEO), A CUI SI AGGIUNGE L&#8217;IMPLOSIONE DI FRATELLI D&#8217;ITALIA E LA GUERRA DI LOGORAMENTO DI SALVINI E LE VELLEIT\u00c0\u00a0MODERATE DELLA NUOVA FORZA ITALIA BY MARINA BERLUSCONI \u2013 <span>PER LA DUCETTA LA PAURA DI CROLLARE E DI FINIRE DI COLPO DALL&#8217;ALTARE ALLA POVERE, COME E&#8217; GIA&#8217; SUCCESSO PER RENZI, SALVINI, DI MAIO E CONTE, E&#8217; ALTISSIMA<\/span> &#8211; A LIVELLO INTERNAZIONALE, DOPO IL \u201cVAFFA\u201d DI TRUMP, LA DUCETTA \u00c8\u00a0ISOLATA (MERZ NON SI FA TIRARE PER LA GIACCHETTA) E NON HA PI\u00d9\u00a0UN EURO DA SPENDERE PER LE MANCETTE PRE-ELETTORALI \u2013 <span>SOLO L\u2019INAZIONE DELL\u2019OPPOSIZIONE LE PERMETTE DI STARE ANCORA INCOLLATA A PALAZZO CHIGI E, GRAZIE ALL\u2019APPARATO MEDIATICO \u201cFIANCHEGGIATORE\u201d, DI \u201cINSABBIARE\u201d MOLTE BEGHE POLITICHE<\/span>. MA GLI ITALIANI NON HANNO L\u2019ANELLO AL NASO: SONO LORO A PAGARE 2 EURO AL LITRO IL GASOLIO\u2026<\/p>\n<\/div>\n<p><\/a><\/article>\n<article><a href=\"https:\/\/www.dagospia.com\/politica\/dagoreport-habemus-trionnale-dopo-aver-buttato-al-fuoco-biennale-472562\"><\/p>\n<div class=\"img-wrapper\"><img decoding=\"async\" src=\"https:\/\/static.dagospia.com\/img\/patch\/04-2026\/triennale-giuli-la-russa-trione-beppe-sala-2257913_600_q50.webp\" alt=\"triennale giuli la russa trione beppe sala\" loading=\"lazy\"><time class=\"data-ora\">29 apr 18:54<\/time><\/div>\n<div class=\"excerpt\">\n<p>DAGOREPORT: HABEMUS &#8220;TRIONNALE&#8221;! &#8211; <span>DOPO AVER BUTTATO-AL-FUOCO LA BIENNALE, IL MINISTRO GIULI-VO ORA SI \u00c8 FATTO BOCCIARE DAL SINDACO DI MILANO LA SUA CANDIDATA ANDR\u00c9E RUTH SHAMMAH<\/span>, FACENDOSI IMPORRE VINCENZO TRIONE, STORICO E CRITICO D\u2019ARTE, COAUTORE CON LA PENNA ROSSA DI TOMASO MONTANARI DI UN LIBRO INTITOLATO \u201cCONTRO LE MOSTRE\u201d (QUELLE FATTE DAGLI ALTRI) &#8211; <span>SEGNALE POCO GIULI-VO PER I CAMERATI ROMANI DELLA MELONI IL VIA LIBERA SU TRIONE CHE AVREBBE DATO IGNAZIO LA RUSSA<\/span>, \u201cPADRONE\u201d DI MILANO E DINTORNI (VEDI CI\u00d2 CHE SUCCEDE ALLA PINACOTECA DI BRERA BY CRESPI) &#8211; <span>FORZA ITALIA \u00c8 RIUSCITA A FAR ENTRARE, DIREBBE MARINA B. \u2018\u2019UN VOLTO NUOVO\u2019\u2019:<\/span> DAVIDE RAMPELLO CHE DELLA TRIENNALE \u00c8 GI\u00c0 STATO PRESIDENTE UN\u2019ERA GEOLOGICA FA\u2026<\/p>\n<\/div>\n<p><\/a><\/article>\n<article><a href=\"https:\/\/www.dagospia.com\/cafonal\/dagoreport-promemoria-per-sopravvivere-terremoto-digitale-in-occasione-472535\"><\/p>\n<div class=\"img-wrapper\"><img decoding=\"async\" src=\"https:\/\/static.dagospia.com\/img\/patch\/04-2026\/2026masi-2257859_600_q50.webp\" alt=\"2026masi \" loading=\"lazy\"><time class=\"data-ora\">29 apr 15:53<\/time><\/div>\n<div class=\"excerpt\">\n<p><span>DAGOREPORT: \u201cPROMEMORIA\u201d PER SOPRAVVIVERE AL TERREMOTO DIGITALE &#8211; <\/span>IN OCCASIONE DELLA RISTAMPA DEL LIBRO DI MAURO MASI, UN GRAN PARTERRE SI \u00c8 DATO APPUNTAMENTO AL MALAGOLIANO CIRCOLO ANIENE &#8211; PER ANALIZZARE LE PROBLEMATICHE CONNESSE ALL\u2019IA PER NON RIPETERE GLI ERRORI FATTI CON INTERNET QUANDO NEGLI ANNI \u201880 E \u201890 SI DECISE DI NON REGOLAMENTARE LA RETE, <span>HANNO AFFERRATO IL MICROFONO L\u2019EX CONSOB, PAOLO SAVONA, L\u2019INOSSIDABILE GIANNI LETTA, ROBERTO SOMMELLA DI \u2018\u2019MF\u201d, IL LEGHISTA RAI ANTONIO MARANO<\/span> \u2013 IN PLATEA, GIORGIO ASSUMMA, LUCIO PRESTA, MICHELE GUARD\u00cc, BARBARA PALOMBELLI, BELLAVISTA CALTAGIRONE, ROBERTO VACCARELLA, GIANNI MILITO, TIBERIO TIMPERI\u2026<\/p>\n<\/div>\n<p><\/a><\/article>\n<article><a href=\"https:\/\/www.dagospia.com\/politica\/dagoreport-occhi-orecchie-puntate-washington-visita-re-carlo-sara-472429\"><\/p>\n<div class=\"img-wrapper\"><img decoding=\"async\" src=\"https:\/\/static.dagospia.com\/img\/patch\/04-2026\/donald-trump-xi-jinping-re-carlo-iii-paolo-zampolli-mohammed-bin-zayed-al-nahyan-2257479_600_q50.webp\" alt=\"donald trump xi jinping re carlo iii paolo zampolli mohammed bin zayed al nahyan\" loading=\"lazy\"><time class=\"data-ora\">28 apr 19:59<\/time><\/div>\n<div class=\"excerpt\">\n<p>DAGOREPORT \u2013 OCCHI E ORECCHIE PUNTATE SU WASHINGTON: <span>LA VISITA DI RE CARLO SAR\u00c0 UTILE A TRUMP, SEMPRE PIU\u2019 ISOLATO, CHE HA BISOGNO DI RINSALDARE LA STORICA ALLEANZA CON LA GRAN BRETAGNA<\/span> \u2013 IL PETROLIO COSTA, GLI ELETTORI SONO INCAZZATI: WASHINGTON VUOLE ACCELERARE SULLA PACE CON L\u2019IRAN. MA <span>GLI AYATOLLAH MOLLERANNO SOLO QUANDO LO ORDINER\u00c0 LORO IL \u201cPADRONCINO\u201d XI JINPING<\/span> (L\u2019INCONTRO A PECHINO DEL 14-15 MAGGIO SAR\u00c0 UNA NUOVA YALTA?) \u2013 EMIRATI INGOLFATI: ABU DHABI CHIEDE UNA \u201cSWAP LINE\u201d D\u2019EMERGENZA A WASHINGTON, E IL TYCOON NON PU\u00d2 DIRE DI NO \u2013 <span>LA TESTA PLATINATA DI DONALD ZAMPILLA DI\u2026ZAMPOLLI:<\/span> IL PASTICCIACCIO DEL SUO INVIATO SPECIALE E LE POSSIBILI RIVELAZIONI DELLA SUA EX, AMANDA UNGARO, NON SONO UNA MINCHIATA\u2026<\/p>\n<\/div>\n<p><\/a><\/article>\n<article><a href=\"https:\/\/www.dagospia.com\/politica\/dagoreport-responsabilita-maggiore-nel-pastrocchio-grazia-nicole-minetti-472434\"><\/p>\n<div class=\"img-wrapper\"><img decoding=\"async\" src=\"https:\/\/static.dagospia.com\/img\/patch\/04-2026\/nicole-minetti-carlo-nordio-francesca-nanni-2257547_600_q50.webp\" alt=\"nicole minetti carlo nordio francesca nanni \" loading=\"lazy\"><time class=\"data-ora\">28 apr 19:31<\/time><\/div>\n<div class=\"excerpt\">\n<p>DAGOREPORT \u2013 <span>TEMPI SEMPRE PIU&#8217; CUPI PER L&#8217;EX INVINCIBILE ARMATA BRANCA-MELONI<\/span> &#8211;\u00a0LA RESPONSABILIT\u00c0 NEL PASTROCCHIO DELLA GRAZIA A NICOLE MINETTI PESA, IN PRIMIS, SUL CAPOCCIONE DEL MINISTRO NORDIO &#8211; <span>LA PROCURA GENERALE DELLA CORTE D&#8217;APPELLO DI MILANO, GUIDATA DA FRANCESCA NANNI<\/span>, SI E&#8217; PRECIPITATA A DICHIARARE CHE L&#8217;ISTRUTTORIA SULLA PRATICA MINETTI SI E&#8217; ATTENUTA ALLE INDICAZIONI DEL MINISTERO DELLA GIUSTIZIA: VERIFICARE LA VERIDICITA&#8217; DI QUANTO AFFERMATO NELLA DOMANDA DI GRAZIA\u00a0SULLA CONDOTTA DI VITA DELLA MINETTI IN ITALIA &#8211; <span>NULLA E&#8217; STATO APPROFONDITO SULLE ATTIVITA&#8217; IN URUGUAY (TRA ESCORT E FESTINI) DELL\u2019EX IGIENISTA DENTALE DI BERLUSCONI<\/span> E DEL SUO COMPAGNO GIUSEPPE CIPRIANI, SODALE D&#8217;AFFARI CON EPSTEIN \u2013 DALLA PROCURA DI MILANO, LA PRATICA MINETTI E&#8217; TORNATA AL MINISTERO DI NORDIO CHE, DATO IL SUO PARERE POSITIVO, L&#8217;HA INVIATA AL QUIRINALE &#8211;<span> L&#8217;ACCERTAMENTO\u00a0DI QUANTO RIVELATO DAL \u201cFATTO QUOTIDIANO\u201d,\u00a0RENDEREBBE INEVITABILI LE DIMISSIONI DI NORDIO, GI\u00c0 PROTAGONISTA CON LA &#8220;ZARINA&#8221; GIUSI BARTOLOZZI, DI UNA SERIE DI FIGURACCE E DISASTRI<\/span>: ALMASRI,\u00a0GLI ATTACCHI AL CSM E AI MAGISTRATI, LA BATOSTA DEL REFERENDUM SULLA GIUSTIZIA, ECCETERA &#8211; (LA REVOCA DELLA GRAZIA SAREBBE LA PRIMA VOLTA NELLA STORIA DELLA REPUBBLICA&#8230;)<\/p>\n<\/div>\n<p><\/a><\/article>\n<article><a href=\"https:\/\/www.dagospia.com\/politica\/flash-come-si-e-arrivati-licenziamento-beatrice-venezi-c-e-ragione-piu-472316\"><\/p>\n<div class=\"img-wrapper\"><img decoding=\"async\" src=\"https:\/\/static.dagospia.com\/img\/patch\/04-2026\/meloni-buttafuoco-fenice-venezi-colabianchi-giuli-brugnaro-2257163_600_q50.webp\" alt=\"meloni buttafuoco fenice venezi colabianchi giuli brugnaro\" loading=\"lazy\"><time class=\"data-ora\">27 apr 20:12<\/time><\/div>\n<div class=\"excerpt\">\n<p>FLASH! \u2013 <span>DIETRO LA CACCIATA\u00a0DI BEATRICE VENEZI C&#8217;E&#8217; UNA RAGIONE PI\u00d9\u00a0\u201cPOLITICA\u201d CHE MUSICALE: A FINE MAGGIO SI VOTA A VENEZIA PER IL NUOVO SINDACO <\/span>CHE PRENDERA&#8217; IL POSTO DI BRUGNARO, GRAN SPONSOR DELLA\u00a0\u201cBACCHETTA NERA\u201d (COME ANCHE IL MAL-DESTRO ZAIA) &#8211; <span>QUANDO MELONI HA SBIRCIATO I SONDAGGI RISERVATI <\/span>CHE VEDE IL CENTROSINISTRA AVANTI, SOSPINTO DALLO SCANDALOSO CASO-VENEZI (CHE STRAPPA ALLA DESTRA\u00a04-5%), GLI OTOLITI SONO ANDATI IN TILT &#8211; <span>E ALLA PRIMA OCCASIONE, CON LE IMPROVVIDE DICHIARAZIONI DI \u201cBEATROCE\u201d CONTRO L\u2019ORCHESTRA, \u00c8\u00a0STATA LICENZIATA &#8211;\u00a0<\/span>LO STESSO &#8221;SENTIMENT&#8221; VALE PER BUTTAFUOCO, MA IL PRESIDENTE DELLA BIENNALE, PIU&#8217; FURBO, NON OFFRE PER ORA IL FIANCO PER LIQUIDARLO &#8211; <span>E SE VENISSE CACCIATO, A DIFFERENZA DI VENEZI, HA L&#8217;\u201cINTELLIGHENZIA\u201d DEI SINISTRATI<\/span> CHE LODA L&#8217;INTELLETTUALITA&#8217; DEL FASCIO-MUSULMANO CHE APRE IL PADIGLIONE AI RUSSI&#8230;.<\/p>\n<\/div>\n<p><\/a><\/article>\n<article><a href=\"https:\/\/www.dagospia.com\/politica\/caso-minetti-ranucci-bomba-nordio-marzo-e-in-uruguay-nel-ranch-cipriani-472461\"><\/p>\n<div class=\"img-wrapper\"><img decoding=\"async\" src=\"https:\/\/static.dagospia.com\/img\/patch\/04-2026\/nicole-minetti-2257565_600_q50.webp\" alt=\"nicole minetti nordio meloni cipriani ranucci\" loading=\"lazy\"><\/div>\n<div class=\"excerpt\">SUL PASTROCCHIO DELLA GRAZIA A NICOLE MINETTI SIGFRIDO RANUCCI SGANCIA LA BOMBA A \u201c\u00c8 SEMPRE\u2026<\/div>\n<p><\/a><\/article>\n<article><a href=\"https:\/\/www.dagospia.com\/cronache\/michael-jackson-mi-abbasso-i-pantaloncini-mentre-giocavo-game-boy-470026\"><\/p>\n<div class=\"img-wrapper\"><img decoding=\"async\" src=\"https:\/\/static.dagospia.com\/img\/patch\/04-2026\/michael-jackson-aldo-cascio-2250437_600_q50.webp\" alt=\"michael jackson aldo cascio \" loading=\"lazy\"><\/div>\n<div class=\"excerpt\">\u201cMICHAEL JACKSON MI ABBASS\u00d2 I PANTALONCINI MENTRE GIOCAVO AL GAME BOY\u201d \u2013 LE TESTIMONIANZE DEI\u2026<\/div>\n<p><\/a><\/article>\n<article><a href=\"https:\/\/www.dagospia.com\/sport\/psg-bayern-5-4-uno-spot-per-calcio-magie-pali-errori-difensivi-9gol-472458\"><\/p>\n<div class=\"img-wrapper\"><img decoding=\"async\" src=\"https:\/\/static.dagospia.com\/img\/patch\/04-2026\/psg-bayern-monaco-2257555_600_q50.webp\" alt=\"psg bayern monaco\" loading=\"lazy\"><\/div>\n<div class=\"excerpt\">VIDEO-PSG-BAYERN 5-4: UNO SPOT PER IL CALCIO&#8230;DA TIK TOK! MAGIE, ERRORI DIFENSIVI, PALI E NOVE GOL\u2026<\/div>\n<p><\/a><\/article>\n<article><a href=\"https:\/\/www.dagospia.com\/media-tv\/pillole-gossip-elodie-franceska-limonano-pochi-passi-472290\"><\/p>\n<div class=\"img-wrapper\"><img decoding=\"async\" src=\"https:\/\/static.dagospia.com\/img\/patch\/04-2026\/pillole-avanti-gossip-2257085_600_q50.webp\" alt=\"pillole avanti gossip\" loading=\"lazy\"><\/div>\n<div class=\"excerpt\">PILLOLE DI GOSSIP! IL TRIANGOLO, S\u00cc! 25 APRILE\u00a0ELODIE E FRANCESKA SI SONO RITROVATE A POCHI PASSI\u2026<\/div>\n<p><\/a><\/article>\n<article><a href=\"https:\/\/www.dagospia.com\/media-tv\/con-mollato-corazze-riconoscete-49enne-parla-chi-compagno-472501\"><\/p>\n<div class=\"img-wrapper\"><img decoding=\"async\" src=\"https:\/\/static.dagospia.com\/img\/patch\/04-2026\/michelle-hunziker-2257659_600_q50.webp\" alt=\"michelle hunziker\" loading=\"lazy\"><\/div>\n<div class=\"excerpt\">\u201cCON LUI HO MOLLATO LE CORAZZE, TUTTI I MURI DI BERLINO CHE AVEVO COSTRUITO INTORNO A ME\u201d \u2013 LA\u2026<\/div>\n<p><\/a><\/article>\n<article><a href=\"https:\/\/www.dagospia.com\/politica\/dagoreport-dopo-referendum-diluvio-voto-22-23-marzo-aperto-voragine-472554\"><\/p>\n<div class=\"img-wrapper\"><img decoding=\"async\" src=\"https:\/\/static.dagospia.com\/img\/patch\/04-2026\/giorgia-meloni-matteo-salvini-antonio-tajani-nicole-minetti-carlo-nordio-2257887_600_q50.webp\" alt=\"giorgia meloni matteo salvini antonio tajani nicole minetti carlo nordio \" loading=\"lazy\"><\/div>\n<div class=\"excerpt\">DAGOREPORT \u2013 DOPO IL REFERENDUM, IL DILUVIO: IL VOTO DEL 22-23 MARZO HA APERTO UNA VORAGINE CHE STA\u2026<\/div>\n<p><\/a><\/article>\n<article><a href=\"https:\/\/www.dagospia.com\/politica\/dagoreport-habemus-trionnale-dopo-aver-buttato-al-fuoco-biennale-472562\"><\/p>\n<div class=\"img-wrapper\"><img decoding=\"async\" src=\"https:\/\/static.dagospia.com\/img\/patch\/04-2026\/triennale-giuli-la-russa-trione-beppe-sala-2257913_600_q50.webp\" alt=\"triennale giuli la russa trione beppe sala\" loading=\"lazy\"><\/div>\n<div class=\"excerpt\">DAGOREPORT: HABEMUS &#8220;TRIONNALE&#8221;! &#8211; DOPO AVER BUTTATO-AL-FUOCO LA BIENNALE, IL MINISTRO GIULI-VO ORA\u2026<\/div>\n<p><\/a><\/article>\n<article><a href=\"https:\/\/www.dagospia.com\/cafonal\/dagoreport-promemoria-per-sopravvivere-terremoto-digitale-in-occasione-472535\"><\/p>\n<div class=\"img-wrapper\"><img decoding=\"async\" src=\"https:\/\/static.dagospia.com\/img\/patch\/04-2026\/2026masi-2257859_600_q50.webp\" alt=\"2026masi \" loading=\"lazy\"><\/div>\n<div class=\"excerpt\">DAGOREPORT: \u201cPROMEMORIA\u201d PER SOPRAVVIVERE AL TERREMOTO DIGITALE &#8211; IN OCCASIONE DELLA RISTAMPA DEL\u2026<\/div>\n<p><\/a><\/article>\n<article><a href=\"https:\/\/www.dagospia.com\/politica\/dagoreport-occhi-orecchie-puntate-washington-visita-re-carlo-sara-472429\"><\/p>\n<div class=\"img-wrapper\"><img decoding=\"async\" src=\"https:\/\/static.dagospia.com\/img\/patch\/04-2026\/donald-trump-xi-jinping-re-carlo-iii-paolo-zampolli-mohammed-bin-zayed-al-nahyan-2257479_600_q50.webp\" alt=\"donald trump xi jinping re carlo iii paolo zampolli mohammed bin zayed al nahyan\" loading=\"lazy\"><\/div>\n<div class=\"excerpt\">DAGOREPORT \u2013 OCCHI E ORECCHIE PUNTATE SU WASHINGTON: LA VISITA DI RE CARLO SAR\u00c0 UTILE A TRUMP,\u2026<\/div>\n<p><\/a><\/article>\n<article><a href=\"https:\/\/www.dagospia.com\/politica\/dagoreport-responsabilita-maggiore-nel-pastrocchio-grazia-nicole-minetti-472434\"><\/p>\n<div class=\"img-wrapper\"><img decoding=\"async\" src=\"https:\/\/static.dagospia.com\/img\/patch\/04-2026\/nicole-minetti-carlo-nordio-francesca-nanni-2257547_600_q50.webp\" alt=\"nicole minetti carlo nordio francesca nanni \" loading=\"lazy\"><\/div>\n<div class=\"excerpt\">DAGOREPORT \u2013 TEMPI SEMPRE PIU&#8217; CUPI PER L&#8217;EX INVINCIBILE ARMATA BRANCA-MELONI &#8211;\u00a0LA RESPONSABILIT\u00c0\u2026<\/div>\n<p><\/a><\/article>\n<article><a href=\"https:\/\/www.dagospia.com\/politica\/flash-come-si-e-arrivati-licenziamento-beatrice-venezi-c-e-ragione-piu-472316\"><\/p>\n<div class=\"img-wrapper\"><img decoding=\"async\" src=\"https:\/\/static.dagospia.com\/img\/patch\/04-2026\/meloni-buttafuoco-fenice-venezi-colabianchi-giuli-brugnaro-2257163_600_q50.webp\" alt=\"meloni buttafuoco fenice venezi colabianchi giuli brugnaro\" loading=\"lazy\"><\/div>\n<div class=\"excerpt\">FLASH! \u2013 DIETRO LA CACCIATA\u00a0DI BEATRICE VENEZI C&#8217;E&#8217; UNA RAGIONE PI\u00d9\u00a0\u201cPOLITICA\u201d CHE MUSICALE: A FINE\u2026<\/div>\n<p><\/a><\/article>\n<article><a href=\"https:\/\/www.dagospia.com\/sport\/caso-rocchi-abodi-giorgetti-l-idea-commissariare-figc-meloni-considera-472320\"><\/p>\n<div class=\"img-wrapper\"><img decoding=\"async\" src=\"https:\/\/static.dagospia.com\/img\/patch\/04-2026\/giovanni-malago-giorgia-meloni-giancarlo-giorgetti-andrea-abodi-gianluca-rocchi-2257188_600_q50.webp\" alt=\"giovanni malago giorgia meloni giancarlo giorgetti andrea abodi gianluca rocchi \" loading=\"lazy\"><\/div>\n<div class=\"excerpt\">DAGOREPORT &#8211; IL CASO ROCCHI E&#8217; ARRIVATO COME IL CACIO SUI MACCHERONI PER ABODI E GIORGETTI,\u2026<\/div>\n<p><\/a><\/article>\n<article><a href=\"https:\/\/www.dagospia.com\/politica\/dagoreport-uniche-pompe-non-piacciono-trump-quelle-benzina-e-vero-472319\"><\/p>\n<div class=\"img-wrapper\"><img decoding=\"async\" src=\"https:\/\/static.dagospia.com\/img\/patch\/04-2026\/donald-trump-benzinaio-benzina-petrolio-greggio-2251186_600_q50.webp\" alt=\"donald trump benzinaio benzina petrolio greggio \" loading=\"lazy\"><\/div>\n<div class=\"excerpt\">DAGOREPORT \u2013 LE UNICHE POMPE CHE NON PIACCIONO A TRUMP SONO QUELLE DI BENZINA! \u00c8 VERO CHE LE\u2026<\/div>\n<p><\/a><\/article>\n<article><a href=\"https:\/\/www.dagospia.com\/media-tv\/dagoreport-la-repubblica-atene-theodore-kyriakou-idee-repubblica-472317\"><\/p>\n<div class=\"img-wrapper\"><img decoding=\"async\" src=\"https:\/\/static.dagospia.com\/img\/patch\/04-2026\/kyriakou-repubblica-radio-capital-tv8-2257164_600_q50.webp\" alt=\"kyriakou repubblica radio capital tv8\" loading=\"lazy\"><\/div>\n<div class=\"excerpt\">DAGOREPORT &#8211; \u201cLA REPUBBLICA\u201d DI ATENE \u2013 THEODORE KYRIAKOU VUOLE CAPIRE CHE DIREZIONE DARE AL GRUPPO\u2026<\/div>\n<p><\/a><\/article>\n<article><a href=\"https:\/\/www.dagospia.com\/politica\/dagoreport-giorgia-meloni-questa-volta-fa-bene-incazzarsi-giancarlo-472264\"><\/p>\n<div class=\"img-wrapper\"><img decoding=\"async\" src=\"https:\/\/static.dagospia.com\/img\/patch\/04-2026\/giorgia-meloni-giancarlo-giorgetti-daria-perrotta-2257041_600_q50.webp\" alt=\"giorgia meloni giancarlo giorgetti daria perrotta \" loading=\"lazy\"><\/div>\n<div class=\"excerpt\">DAGOREPORT \u2013\u00a0GIORGIA MELONI QUESTA VOLTA FA BENE A INCAZZARSI CON GIANCARLO GIORGETTI:\u00a0IL\u2026<\/div>\n<p><\/a><\/article>\n<article><a href=\"https:\/\/www.dagospia.com\/cafonal\/dagoreport-promemoria-per-sopravvivere-terremoto-digitale-in-occasione-472535\"><\/p>\n<div class=\"img-wrapper\"><img decoding=\"async\" src=\"https:\/\/static.dagospia.com\/img\/patch\/04-2026\/2026masi-2257859_600_q50.webp\" alt=\"2026masi \" loading=\"lazy\"><\/div>\n<div class=\"excerpt\">DAGOREPORT: \u201cPROMEMORIA\u201d PER SOPRAVVIVERE AL TERREMOTO DIGITALE &#8211; IN OCCASIONE DELLA RISTAMPA DEL\u2026<\/div>\n<p><\/a><\/article>\n<article><a href=\"https:\/\/www.dagospia.com\/cafonal\/sacco-cafonal-serata-speciale-cinema-barberini-roma-un-sacco-bello-472427\"><\/p>\n<div class=\"img-wrapper\"><img decoding=\"async\" src=\"https:\/\/static.dagospia.com\/img\/patch\/04-2026\/cafonal-verdone-un-sacco-bello-2257470_600_q50.webp\" alt loading=\"lazy\"><\/div>\n<div class=\"excerpt\">UN SACCO CAFONAL!\u00a0\u2013 SERATA SPECIALE AL CINEMA BARBERINI A ROMA: \u201cUN SACCO BELLO\u201d NELLA VERSIONE\u2026<\/div>\n<p><\/a><\/article>\n<article><a href=\"https:\/\/www.dagospia.com\/cafonal\/pardo-max-giusti-metti-sera-cena-eminenze-gricie-dell-edonismo-472056\"><\/p>\n<div class=\"img-wrapper\"><img decoding=\"async\" src=\"https:\/\/static.dagospia.com\/img\/patch\/04-2026\/ristorante-la-pisanella-2256575_600_q50.webp\" alt loading=\"lazy\"><\/div>\n<div class=\"excerpt\">DA PARDO A MAX GIUSTI: METTI UNA SERA A CENA LE \u201cEMINENZE GRICIE\u201d DELL\u2019EDONISMO ROMANELLO \u2013 AL\u2026<\/div>\n<p><\/a><\/article>\n<article><a href=\"https:\/\/www.dagospia.com\/cafonal\/ne-andavo-quella-roma-nella-capitale-in-zona-talenti-intitolato-parco-remo-472030\"><\/p>\n<div class=\"img-wrapper\"><img decoding=\"async\" src=\"https:\/\/static.dagospia.com\/img\/patch\/04-2026\/inaugurazione-del-parco-remo-remotti-massimiliano-bruno-nicola-pistoia-michela-a-2256496_600_q50.webp\" alt=\"inaugurazione del parco remo remotti - massimiliano bruno nicola pistoia michela andreozzi luisa pistoia sabina guzzanti stefano fresi tommaso zanello piotta federica remotti - 5\" loading=\"lazy\"><\/div>\n<div class=\"excerpt\">VIDEO!&#8221;ME NE ANDAVO DA QUELLA ROMA\u2026!&#8221; NELLA CAPITALE, IN ZONA TALENTI, E\u2019 STATO INTITOLATO UN PARCO\u2026<\/div>\n<p><\/a><\/article>\n<article><a href=\"https:\/\/www.dagospia.com\/cafonal\/cafonal-all-opera-mi-porti-luca-guadagnino-maggio-fiorentino-the-death-471907\"><\/p>\n<div class=\"img-wrapper\"><img decoding=\"async\" src=\"https:\/\/static.dagospia.com\/img\/patch\/04-2026\/guadagnino-2256066_600_q50.webp\" alt=\"guadagnino\" loading=\"lazy\"><\/div>\n<div class=\"excerpt\">CAFONAL ALL\u2019OPERA &#8211; MI PORTI UN LUCA GUADAGNINO A FIRENZE \u2013 IL REGISTA PORTA IN SCENA AL MAGGIO\u2026<\/div>\n<p><\/a><\/article>\n<article><a href=\"https:\/\/www.dagospia.com\/cafonal\/cafonal-pallitto-chanel-totti-metri-trash-figlia-pupone-diventa-471192\"><\/p>\n<div class=\"img-wrapper\"><img decoding=\"async\" src=\"https:\/\/static.dagospia.com\/img\/patch\/04-2026\/2026pallitto-2253852_600_q50.webp\" alt loading=\"lazy\"><\/div>\n<div class=\"excerpt\">CAFONAL \u2013 PALLITTO-CHANEL TOTTI: TRE METRI SOPRA IL TRASH! LA FIGLIA DEL PUPONE DIVENTA LA\u2026<\/div>\n<p><\/a><\/article>\n<p>[analyse_source url=&#8221;https:\/\/www.dagospia.com\/cronache\/il-fatto-prova-smentisce-nicole-minetti-nell-istanza-grazia-presentata-472622&#8243;]<\/p>\n","protected":false},"excerpt":{"rendered":"<p>[analyse_image type=&#8221;featured&#8221; src=&#8221;https:\/\/static.dagospia.com\/img\/patch\/04-2026\/nicole-minetti-uruguay-2258056_600_q50.webp&#8221;] 30 apr 2026 12:33 \u201cIL FATTO\u201d HA LA \u201cPROVA\u201d CHE SMENTISCE NICOLE MINETTI!\u00a0NELL\u2019ISTANZA DI GRAZIA PRESENTATA DALL\u2019EX IGIENISTA DENTALE CARA A BERLUSCONI, IL BAMBINO ADOTTATO INSIEME AL COMPAGNO, GIUSEPPE CIPRIANI, VENIVA DEFINITO \u201cABBANDONATO ALLA NASCITA\u201d,\u00a0MA NON \u00c8\u00a0COS\u00cc. IL QUOTIDIANO PUBBLICA LA SENTENZA DEL TRIBUNALE URUGUAIANO CHE STABIL\u00cc LA \u201cSEPARAZIONE DEFINITIVA\u201d DEL PICCOLO [&hellip;]<\/p>\n","protected":false},"author":1,"featured_media":0,"comment_status":"open","ping_status":"","sticky":false,"template":"","format":"standard","meta":{"footnotes":""},"categories":[87],"tags":[226,149],"class_list":["post-1910808","post","type-post","status-publish","format-standard","hentry","category-italy","tag-crawlmanager","tag-dagospia-com"],"_links":{"self":[{"href":"https:\/\/analyse.optim.biz\/index.php?rest_route=\/wp\/v2\/posts\/1910808","targetHints":{"allow":["GET"]}}],"collection":[{"href":"https:\/\/analyse.optim.biz\/index.php?rest_route=\/wp\/v2\/posts"}],"about":[{"href":"https:\/\/analyse.optim.biz\/index.php?rest_route=\/wp\/v2\/types\/post"}],"author":[{"embeddable":true,"href":"https:\/\/analyse.optim.biz\/index.php?rest_route=\/wp\/v2\/users\/1"}],"replies":[{"embeddable":true,"href":"https:\/\/analyse.optim.biz\/index.php?rest_route=%2Fwp%2Fv2%2Fcomments&post=1910808"}],"version-history":[{"count":0,"href":"https:\/\/analyse.optim.biz\/index.php?rest_route=\/wp\/v2\/posts\/1910808\/revisions"}],"wp:attachment":[{"href":"https:\/\/analyse.optim.biz\/index.php?rest_route=%2Fwp%2Fv2%2Fmedia&parent=1910808"}],"wp:term":[{"taxonomy":"category","embeddable":true,"href":"https:\/\/analyse.optim.biz\/index.php?rest_route=%2Fwp%2Fv2%2Fcategories&post=1910808"},{"taxonomy":"post_tag","embeddable":true,"href":"https:\/\/analyse.optim.biz\/index.php?rest_route=%2Fwp%2Fv2%2Ftags&post=1910808"}],"curies":[{"name":"wp","href":"https:\/\/api.w.org\/{rel}","templated":true}]}}