{"id":1910785,"date":"2026-04-30T09:52:00","date_gmt":"2026-04-30T06:52:00","guid":{"rendered":"https:\/\/analyse.optim.biz\/?p=1910785"},"modified":"2026-04-30T09:52:00","modified_gmt":"2026-04-30T06:52:00","slug":"biennale-degli-scazzi-in-laguna-arrivano-gli-ispettori-del-mic-e-buttafuoco-si-incazza","status":"publish","type":"post","link":"https:\/\/analyse.optim.biz\/?p=1910785","title":{"rendered":"Biennale degli scazzi \u2013 in laguna arrivano gli ispettori del mic e buttafuoco si incazza&#8230;"},"content":{"rendered":"<p>[analyse_image type=&#8221;featured&#8221; src=&#8221;https:\/\/static.dagospia.com\/img\/patch\/03-2026\/alessandro-giuli-pietrangelo-buttafuoco-la-biennale-venezia-2244140_600_q50.webp&#8221;]<\/p>\n<article>\n<div class=\"img-wrapper\"><img decoding=\"async\" src=\"https:\/\/static.dagospia.com\/img\/patch\/03-2026\/alessandro-giuli-pietrangelo-buttafuoco-la-biennale-venezia-2244140_600_q50.webp\" alt=\"alessandro giuli pietrangelo buttafuoco la biennale venezia \"><time class=\"data-ora\">30 apr 2026 11:52<\/time><\/div>\n<p>UNA BIENNALE DA PERDERE LA FACCIA &#8211;<span>\u00a0A VENEZIA ARRIVANO GLI ISPETTORI DEL MINISTERO DELLA CULTURA E BRUXELLES SOSTIENE LA LINEA DURA DI GIULI CONTRO BUTTAFUOCO (COLPEVOLE DI AVER APERTO LE PORTE AI RUSSI) &#8211;<\/span>\u00a0IL COMMISSARIO EUROPEO ALLA CULTURA MICALLEF ANNUNCIA CHE NON METTER\u00c0 PIEDE NEI GIARDINI DELL&#8217;ESPOSIZIONE <span>\u201cFINO A QUANDO LA RUSSIA SAR\u00c0 INVITATA\u201d <\/span>\u2013 SOTTO ESAME ANCHE LA DECISIONE DI ESTROMETTERE DAI PREMI LA FEDERAZIONE RUSSA E LO STATO EBRAICO &#8211; <span>I RUSSI CURANO L&#8217;ALLESTIMENTO DEL PADIGLIONE: LA DELEGAZIONE DI MOSCA \u00c8 GUIDATA DALLA COMMISSARIA PUTINIANA KARNEEVA<\/span> IN SOCIET\u00c0 CON LA FIGLIA DI LAVROV\u2026<\/p>\n<div class=\"share-section\">\n                Condividi  questo articolo<\/p>\n<div class=\"socials\"><a href=\"http:\/\/www.facebook.com\/sharer.php?u=http:\/\/www.dagospia.com\/media-tv\/biennale-degli-scazzi-in-laguna-arrivano-gli-ispettori-mic-buttafuoco-si-472612\" target=\"_blank\"><img decoding=\"async\" src=\"https:\/\/static.dagospia.com\/img\/icons\/facebook.svg\" alt=\"Condividi su Facebook\"><\/a><a href=\"http:\/\/www.twitter.com\/share?url=http:\/\/www.dagospia.com\/media-tv\/biennale-degli-scazzi-in-laguna-arrivano-gli-ispettori-mic-buttafuoco-si-472612&amp;text=BIENNALE%20DEGLI%20SCAZZI%20%E2%80%93%20IN%20LAGUNA%20ARRIVANO%20GLI%20ISPETTORI%20DEL%20MIC%20E%20BUTTAFUOCO%20SI%20INCAZZA...\" target=\"_blank\"><img decoding=\"async\" src=\"https:\/\/static.dagospia.com\/img\/icons\/x-icon.png\" alt=\"Condividi su X\"><\/a><a href=\"\/\/www.dagospia.com\/media-tv\/biennale-degli-scazzi-in-laguna-arrivano-gli-ispettori-mic-buttafuoco-si-472612\" target=\"_blank\"><img decoding=\"async\" src=\"https:\/\/static.dagospia.com\/img\/icons\/whatsapp.svg\" alt=\"Condividi su Whatsapp\"><\/a><a href=\"mailto:?body=http:\/\/www.dagospia.com\/media-tv\/biennale-degli-scazzi-in-laguna-arrivano-gli-ispettori-mic-buttafuoco-si-472612\" target=\"_blank\"><img decoding=\"async\" src=\"https:\/\/static.dagospia.com\/img\/icons\/mail.svg\" alt=\"Invia in email\"><\/a><\/div>\n<\/div>\n<div class=\"content\">\n<p class=\"disable\"><strong>Serena Riformato per <a href=\"http:\/\/repubblica\" target=\"_blank\">la Repubblica &#8211; Estratti<\/a><\/strong><\/p>\n<p class=\"disable\">\u00a0<\/p>\n<p><a href=\"https:\/\/www.dagospia.com\/media-gallery\/dago-fotogallery-509040\/2243238\" class=\"float-right img-wrapper\"><img decoding=\"async\" id=\"2243238\" loading=\"lazy\" src=\"https:\/\/static.dagospia.com\/img\/foto\/03-2026\/alessandro-giuli-e-pietrangelo-buttafuoco-2243238_800_q50.webp\"><span class=\"img-title\">ALESSANDRO GIULI E PIETRANGELO BUTTAFUOCO<\/span><\/a><\/p>\n<p class=\"disable\">A Ca&#8217; Giustinian, la sede della Biennale a Venezia, \u00e8 una giornata nera. Intorno alle 15 arrivano gli ispettori del Collegio romano. Nel tardo pomeriggio, il commissario europeo alla Cultura Glenn Micallef annuncia che non metter\u00e0 piede nei Giardini dell&#8217;esposizione \u00abfino a quando la Russia sar\u00e0 invitata\u00bb. E tuttavia, insospettabilmente, la ragione dei controlli del Mic \u2013 gi\u00e0 ventilati a marzo \u2013 non \u00e8 da cercare nel padiglione del Cremlino.<\/p>\n<p class=\"disable\">\u00a0<\/p>\n<p class=\"disable\">Il focolaio, questa volta, \u00e8 altrove. Dopo la decisione della giuria di estromettere dalla premiazione la Federazione russa e lo Stato ebraico, gli avvocati dell&#8217;artista israeliano Belu-Simion Fainaru hanno diffidato la fondazione, evocando la Corte europea dei diritti dell&#8217;uomo e minacciando un ricorso.<\/p>\n<p class=\"disable\">\u00a0<\/p>\n<p class=\"disable\">La contestazione \u00e8 grave: \u00abSono vittima di una discriminazione razziale\u00bb, argomenta lo scultore al telefono con Repubblica. Convinto che l&#8217;esclusione sia addirittura mossa da sentimenti di \u00abantisemitismo\u00bb (nonostante l&#8217;intenzione dichiarata dalla giuria fosse colpire due Paesi i cui leader sono accusati di crimini contro l&#8217;umanit\u00e0 dalla Cpi).<\/p>\n<p class=\"disable\">\u00a0<\/p>\n<p class=\"disable\">Sta di fatto che nelle acque della laguna sta nascendo un nuovo problema legale. E cos\u00ec, nonostante i rapporti tesi, il presidente Pietrangelo Buttafuoco e il direttore generale Andrea Del Mercato, in questo caso, avrebbero citofonato a Roma per capire come uscirne senza creare un nuovo caso diplomatico o arrivare in tribunale.<\/p>\n<p><a href=\"https:\/\/www.dagospia.com\/media-gallery\/dago-fotogallery-509040\/2255910\" class=\"float-left img-wrapper\"><img decoding=\"async\" id=\"2255910\" loading=\"lazy\" src=\"https:\/\/static.dagospia.com\/img\/foto\/04-2026\/padiglione-usa-biennale-2255910_800_q50.webp\"><span class=\"img-title\">padiglione usa biennale<\/span><\/a><\/p>\n<p class=\"disable\">\u00a0<\/p>\n<p class=\"disable\">La diffida dell&#8217;avvocato di Fainaru sarebbe stata girata sia al ministero della Cultura che a palazzo Chigi. A quel punto il Collegio romano ha risposto, s\u00ec, ma forse non nel modo auspicato dalla fondazione: gi\u00e0 marted\u00ec sera l&#8217;istituzione culturale era informata della visita ministeriale.<\/p>\n<p class=\"disable\">\u00a0<\/p>\n<p class=\"disable\">Gli ispettori arrivati ieri a Venezia sono quattro, guidati da Angelo Piero Cappello, il direttore della creativit\u00e0 contemporanea del Mic. Saranno l\u00ec anche oggi e poi ripartiranno. Parlando con i suoi collaboratori, Giuli ha cercato di smorzare il suono &#8220;punitivo&#8221; dell&#8217;ispezione: \u00abAndiamo l\u00ec con gli estintori, non con i lanciafiamme\u00bb.<\/p>\n<p class=\"disable\">\u00a0<\/p>\n<p><a href=\"https:\/\/www.dagospia.com\/media-gallery\/dago-fotogallery-509040\/2242198\" class=\"float-right img-wrapper\"><img decoding=\"async\" id=\"2242198\" loading=\"lazy\" src=\"https:\/\/static.dagospia.com\/img\/foto\/03-2026\/alessandro-giuli-pietrangelo-buttafuoco-2242198_800_q50.webp\"><span class=\"img-title\">alessandro giuli pietrangelo buttafuoco<\/span><\/a><\/p>\n<p class=\"disable\">Lettura che non coincide con lo stato d&#8217;animo con cui il presidente Buttafuoco \u2013 irritato, riferiscono \u2013 ha accolto lo slancio ispettivo del Mic. Ieri, intanto, per contenere l&#8217;incendio, il ministro ha sentito al telefono l&#8217;artista Fainaru, a cui ha assicurato \u00abche la sua opera sar\u00e0 valorizzata in Italia attraverso una iniziativa promossa dal ministero della Cultura\u00bb. Ci sar\u00e0 un incontro al Collegio romano dopo la pre-apertura dell&#8217;esposizione.<\/p>\n<p class=\"disable\">\u00a0<\/p>\n<p class=\"disable\">Ma il nodo rimane lontano dalla risoluzione: a un primo vaglio, il regolamento della fondazione non prevede che la giuria possa escludere dei Paesi dai premi, quale che sia la ragione. Fainaru per questo tira in causa proprio l&#8217;istituzione lagunare: \u00abDevono difendere i miei diritti umani, i giurati non hanno alcun titolo per fare scelte politiche\u00bb.<\/p>\n<p class=\"disable\">\u00a0<\/p>\n<p class=\"disable\">Una grana dopo l&#8217;altra, mentre si avvicina il 9 maggio, la data dell&#8217;inaugurazione. Le sedie vuote cominciano a moltiplicarsi, sempre pi\u00f9 pesanti: dopo quella di Giuli e del commissario Ue alla Cultura, sono attese altre defezioni dal resto d&#8217;Europa, in polemica con lo spazio del Cremlino. Del governo per ora l&#8217;unico confermato \u00e8 sempre il vicepremier Matteo Salvini (&#8230;)<\/p>\n<p class=\"disable\">\u00a0<\/p>\n<p><a href=\"https:\/\/www.dagospia.com\/media-gallery\/dago-fotogallery-509040\/2255905\" class=\"float-left img-wrapper\"><img decoding=\"async\" id=\"2255905\" loading=\"lazy\" src=\"https:\/\/static.dagospia.com\/img\/foto\/04-2026\/la-biennale-2255905_800_q50.webp\"><span class=\"img-title\">la biennale<\/span><\/a><\/p>\n<p class=\"disable\"><strong>I RUSSI GI\u00c0 AL LAVORO CURANO L&#8217;ALLESTIMENTO DEL PADIGLIONE<\/strong><\/p>\n<p class=\"disable\"><strong>Brunella Giovara per<a href=\"http:\/\/www.repubblica.it\" target=\"_blank\"> la Repubblica &#8211; Estratti\u00a0<\/a><\/strong><\/p>\n<p class=\"disable\">\u00a0<\/p>\n<p class=\"disable\">Tira un&#8217;aria di burrasca \u2014 non solo meteo \u2014 su questo grazioso Padiglione russo, che riapre i finestroni sulla laguna e si riempie dei suoi legittimi proprietari. I russi, arrivati senza fanfara e gi\u00e0 al lavoro per allestire la loro performance. Come minimo, rischiano alte grida di protesta, lanci di uova marce, buuh. Ma chi se ne importa, l&#8217;importante \u00e8 esserci, all&#8217;appuntamento del 5 maggio, preinaugurazione della Biennale, e vedremo come andr\u00e0.<\/p>\n<p class=\"disable\">\u00a0<\/p>\n<p><a href=\"https:\/\/www.dagospia.com\/media-gallery\/dago-fotogallery-509040\/2242753\" class=\"float-right img-wrapper\"><img decoding=\"async\" id=\"2242753\" loading=\"lazy\" src=\"https:\/\/static.dagospia.com\/img\/foto\/03-2026\/padiglione-della-russia-alla-biennale-di-venezia-2242753_800_q50.webp\"><span class=\"img-title\">PADIGLIONE DELLA RUSSIA ALLA BIENNALE DI VENEZIA<\/span><\/a><\/p>\n<p class=\"disable\">Intanto, tutta l&#8217;area resta proibita per via dei lavori in corso, e soprattutto questa, la villa costruita nel 1914 \u2014 lo zar Nicola II ancora regnante \u2014 dall&#8217;architetto Aleksej Shchusev, che dieci anni dopo progett\u00f2 il mausoleo di Lenin, sulla piazza Rossa. Nulla \u00e8 cambiato, da allora, in questo padiglione di un tenue verde, a parte una corona di telecamere e l&#8217;impianto di condizionamento.<\/p>\n<p class=\"disable\">\u00a0<\/p>\n<p class=\"disable\">Sul tetto a vetrate vola ancora l&#8217;aquila bicipite, tornata simbolo della Russia dopo la fine dell&#8217;Unione Sovietica, ma qui nessuno aveva mai pensato di toglierla, e l\u00ec \u00e8 rimasta.<\/p>\n<p><a href=\"https:\/\/www.dagospia.com\/media-gallery\/dago-fotogallery-509040\/2242515\" class=\"float-left img-wrapper\"><img decoding=\"async\" id=\"2242515\" loading=\"lazy\" src=\"https:\/\/static.dagospia.com\/img\/foto\/03-2026\/anastasia-karneeva-2242515_800_q50.webp\"><span class=\"img-title\">Anastasia Karneeva<\/span><\/a><\/p>\n<p class=\"disable\">\u00a0<\/p>\n<p class=\"disable\">(\u2026) Su tutto vigila la commissaria Anastasia Karneeva, intravista dietro i finestroni e poco propensa al dialogo, neanche con l&#8217;intercessione di un moldavo di buona volont\u00e0, \u00abla commissaria parla inglese, spagnolo e russo. Che lingua sceglie?\u00bb. Ma poi lei non si affaccia, e adieu.<\/p>\n<p class=\"disable\">\u00a0<\/p>\n<p class=\"disable\">Ma forse \u00e8 meglio cos\u00ec, perch\u00e9 la temibile Karneeva \u00e8 putiniana di ferro, e tutti sbattono i tacchi al suo cospetto. Figlia di Nikolaj Volobuoev, vice amministratore delegato di Rostec (settore difesa e alte tecnologie), studi a Londra, e prima direttrice di Christie&#8217;s a Mosca, nel 2008. Socia di affari in SmartArt (consulenze artistiche) con Ekaterina Vinokurova, figlia del ministro degli Esteri, Sergej Lavrov. Insomma, due famiglie di primo piano nella Russia di oggi, collezioniste d&#8217;arte e anche di molte sanzioni. Usa e Ue.<\/p>\n<p class=\"disable\">\u00a0<\/p>\n<p class=\"disable\">Cosa succeder\u00e0, se gi\u00e0 ora si pensa a come tenere separati gli artisti ucraini (che hanno spazio all&#8217;Arsenale) da quelli russi, e gi\u00e0 ieri qualcuno si disperava \u2014 su e gi\u00f9 tra i vialetti \u2014 pensando a come proteggere gli israeliani, da eventuali contestazioni, o peggio, e speriamo di no.<\/p>\n<p><a href=\"https:\/\/www.dagospia.com\/media-gallery\/dago-fotogallery-509040\/2242752\" class=\"float-right img-wrapper\"><img decoding=\"async\" id=\"2242752\" loading=\"lazy\" src=\"https:\/\/static.dagospia.com\/img\/foto\/03-2026\/padiglione-della-russia-alla-biennale-di-venezia-2242752_800_q50.webp\"><span class=\"img-title\">PADIGLIONE DELLA RUSSIA ALLA BIENNALE DI VENEZIA<\/span><\/a><\/p>\n<p class=\"disable\">\u00a0<\/p>\n<p class=\"disable\">\u00a0<\/p>\n<p><a href=\"https:\/\/www.dagospia.com\/media-gallery\/dago-fotogallery-509040\/2211923\" class=\"float-right img-wrapper\"><img decoding=\"async\" id=\"2211923\" loading=\"lazy\" src=\"https:\/\/static.dagospia.com\/img\/foto\/12-2025\/sergei-lavrov-foto-lapresse-2211923_800_q50.webp\"><span class=\"img-title\">SERGEI LAVROV &#8211; FOTO LAPRESSE <\/span><\/a><\/p>\n<p class=\"disable\">\u00a0<\/p>\n<\/div>\n<div class=\"share-section\">\n                Condividi  questo articolo<\/p>\n<div class=\"socials\"><a href=\"https:\/\/www.dagospia.com\/media-tv\/biennale-degli-scazzi-in-laguna-arrivano-gli-ispettori-mic-buttafuoco-si-472612\"><img decoding=\"async\" src=\"https:\/\/static.dagospia.com\/img\/icons\/facebook.svg\" alt=\"Condividi su Facebook\"><\/a><a href=\"https:\/\/www.dagospia.com\/media-tv\/biennale-degli-scazzi-in-laguna-arrivano-gli-ispettori-mic-buttafuoco-si-472612\"><img decoding=\"async\" src=\"https:\/\/static.dagospia.com\/img\/icons\/x-icon.png\" alt=\"Condividi su X\"><\/a><a href=\"https:\/\/www.dagospia.com\/media-tv\/biennale-degli-scazzi-in-laguna-arrivano-gli-ispettori-mic-buttafuoco-si-472612\"><img decoding=\"async\" src=\"https:\/\/static.dagospia.com\/img\/icons\/whatsapp.svg\" alt=\"Condividi su Whatsapp\"><\/a><a href=\"https:\/\/www.dagospia.com\/media-tv\/biennale-degli-scazzi-in-laguna-arrivano-gli-ispettori-mic-buttafuoco-si-472612\"><img decoding=\"async\" src=\"https:\/\/static.dagospia.com\/img\/icons\/mail.svg\" alt=\"Invia in email\"><\/a><\/div>\n<\/div>\n<\/article>\n<div class=\"content\">\n<p class=\"disable\"><strong>Serena Riformato per <a href=\"http:\/\/repubblica\" target=\"_blank\">la Repubblica &#8211; Estratti<\/a><\/strong><\/p>\n<p class=\"disable\">\u00a0<\/p>\n<p><a href=\"https:\/\/www.dagospia.com\/media-gallery\/dago-fotogallery-509040\/2243238\" class=\"float-right img-wrapper\"><img decoding=\"async\" id=\"2243238\" loading=\"lazy\" src=\"https:\/\/static.dagospia.com\/img\/foto\/03-2026\/alessandro-giuli-e-pietrangelo-buttafuoco-2243238_800_q50.webp\"><span class=\"img-title\">ALESSANDRO GIULI E PIETRANGELO BUTTAFUOCO<\/span><\/a><\/p>\n<p class=\"disable\">A Ca&#8217; Giustinian, la sede della Biennale a Venezia, \u00e8 una giornata nera. Intorno alle 15 arrivano gli ispettori del Collegio romano. Nel tardo pomeriggio, il commissario europeo alla Cultura Glenn Micallef annuncia che non metter\u00e0 piede nei Giardini dell&#8217;esposizione \u00abfino a quando la Russia sar\u00e0 invitata\u00bb. E tuttavia, insospettabilmente, la ragione dei controlli del Mic \u2013 gi\u00e0 ventilati a marzo \u2013 non \u00e8 da cercare nel padiglione del Cremlino.<\/p>\n<p class=\"disable\">\u00a0<\/p>\n<p class=\"disable\">Il focolaio, questa volta, \u00e8 altrove. Dopo la decisione della giuria di estromettere dalla premiazione la Federazione russa e lo Stato ebraico, gli avvocati dell&#8217;artista israeliano Belu-Simion Fainaru hanno diffidato la fondazione, evocando la Corte europea dei diritti dell&#8217;uomo e minacciando un ricorso.<\/p>\n<p class=\"disable\">\u00a0<\/p>\n<p class=\"disable\">La contestazione \u00e8 grave: \u00abSono vittima di una discriminazione razziale\u00bb, argomenta lo scultore al telefono con Repubblica. Convinto che l&#8217;esclusione sia addirittura mossa da sentimenti di \u00abantisemitismo\u00bb (nonostante l&#8217;intenzione dichiarata dalla giuria fosse colpire due Paesi i cui leader sono accusati di crimini contro l&#8217;umanit\u00e0 dalla Cpi).<\/p>\n<p class=\"disable\">\u00a0<\/p>\n<p class=\"disable\">Sta di fatto che nelle acque della laguna sta nascendo un nuovo problema legale. E cos\u00ec, nonostante i rapporti tesi, il presidente Pietrangelo Buttafuoco e il direttore generale Andrea Del Mercato, in questo caso, avrebbero citofonato a Roma per capire come uscirne senza creare un nuovo caso diplomatico o arrivare in tribunale.<\/p>\n<p><a href=\"https:\/\/www.dagospia.com\/media-gallery\/dago-fotogallery-509040\/2255910\" class=\"float-left img-wrapper\"><img decoding=\"async\" id=\"2255910\" loading=\"lazy\" src=\"https:\/\/static.dagospia.com\/img\/foto\/04-2026\/padiglione-usa-biennale-2255910_800_q50.webp\"><span class=\"img-title\">padiglione usa biennale<\/span><\/a><\/p>\n<p class=\"disable\">\u00a0<\/p>\n<p class=\"disable\">La diffida dell&#8217;avvocato di Fainaru sarebbe stata girata sia al ministero della Cultura che a palazzo Chigi. A quel punto il Collegio romano ha risposto, s\u00ec, ma forse non nel modo auspicato dalla fondazione: gi\u00e0 marted\u00ec sera l&#8217;istituzione culturale era informata della visita ministeriale.<\/p>\n<p class=\"disable\">\u00a0<\/p>\n<p class=\"disable\">Gli ispettori arrivati ieri a Venezia sono quattro, guidati da Angelo Piero Cappello, il direttore della creativit\u00e0 contemporanea del Mic. Saranno l\u00ec anche oggi e poi ripartiranno. Parlando con i suoi collaboratori, Giuli ha cercato di smorzare il suono &#8220;punitivo&#8221; dell&#8217;ispezione: \u00abAndiamo l\u00ec con gli estintori, non con i lanciafiamme\u00bb.<\/p>\n<p class=\"disable\">\u00a0<\/p>\n<p><a href=\"https:\/\/www.dagospia.com\/media-gallery\/dago-fotogallery-509040\/2242198\" class=\"float-right img-wrapper\"><img decoding=\"async\" id=\"2242198\" loading=\"lazy\" src=\"https:\/\/static.dagospia.com\/img\/foto\/03-2026\/alessandro-giuli-pietrangelo-buttafuoco-2242198_800_q50.webp\"><span class=\"img-title\">alessandro giuli pietrangelo buttafuoco<\/span><\/a><\/p>\n<p class=\"disable\">Lettura che non coincide con lo stato d&#8217;animo con cui il presidente Buttafuoco \u2013 irritato, riferiscono \u2013 ha accolto lo slancio ispettivo del Mic. Ieri, intanto, per contenere l&#8217;incendio, il ministro ha sentito al telefono l&#8217;artista Fainaru, a cui ha assicurato \u00abche la sua opera sar\u00e0 valorizzata in Italia attraverso una iniziativa promossa dal ministero della Cultura\u00bb. Ci sar\u00e0 un incontro al Collegio romano dopo la pre-apertura dell&#8217;esposizione.<\/p>\n<p class=\"disable\">\u00a0<\/p>\n<p class=\"disable\">Ma il nodo rimane lontano dalla risoluzione: a un primo vaglio, il regolamento della fondazione non prevede che la giuria possa escludere dei Paesi dai premi, quale che sia la ragione. Fainaru per questo tira in causa proprio l&#8217;istituzione lagunare: \u00abDevono difendere i miei diritti umani, i giurati non hanno alcun titolo per fare scelte politiche\u00bb.<\/p>\n<p class=\"disable\">\u00a0<\/p>\n<p class=\"disable\">Una grana dopo l&#8217;altra, mentre si avvicina il 9 maggio, la data dell&#8217;inaugurazione. Le sedie vuote cominciano a moltiplicarsi, sempre pi\u00f9 pesanti: dopo quella di Giuli e del commissario Ue alla Cultura, sono attese altre defezioni dal resto d&#8217;Europa, in polemica con lo spazio del Cremlino. Del governo per ora l&#8217;unico confermato \u00e8 sempre il vicepremier Matteo Salvini (&#8230;)<\/p>\n<p class=\"disable\">\u00a0<\/p>\n<p><a href=\"https:\/\/www.dagospia.com\/media-gallery\/dago-fotogallery-509040\/2255905\" class=\"float-left img-wrapper\"><img decoding=\"async\" id=\"2255905\" loading=\"lazy\" src=\"https:\/\/static.dagospia.com\/img\/foto\/04-2026\/la-biennale-2255905_800_q50.webp\"><span class=\"img-title\">la biennale<\/span><\/a><\/p>\n<p class=\"disable\"><strong>I RUSSI GI\u00c0 AL LAVORO CURANO L&#8217;ALLESTIMENTO DEL PADIGLIONE<\/strong><\/p>\n<p class=\"disable\"><strong>Brunella Giovara per<a href=\"http:\/\/www.repubblica.it\" target=\"_blank\"> la Repubblica &#8211; Estratti\u00a0<\/a><\/strong><\/p>\n<p class=\"disable\">\u00a0<\/p>\n<p class=\"disable\">Tira un&#8217;aria di burrasca \u2014 non solo meteo \u2014 su questo grazioso Padiglione russo, che riapre i finestroni sulla laguna e si riempie dei suoi legittimi proprietari. I russi, arrivati senza fanfara e gi\u00e0 al lavoro per allestire la loro performance. Come minimo, rischiano alte grida di protesta, lanci di uova marce, buuh. Ma chi se ne importa, l&#8217;importante \u00e8 esserci, all&#8217;appuntamento del 5 maggio, preinaugurazione della Biennale, e vedremo come andr\u00e0.<\/p>\n<p class=\"disable\">\u00a0<\/p>\n<p><a href=\"https:\/\/www.dagospia.com\/media-gallery\/dago-fotogallery-509040\/2242753\" class=\"float-right img-wrapper\"><img decoding=\"async\" id=\"2242753\" loading=\"lazy\" src=\"https:\/\/static.dagospia.com\/img\/foto\/03-2026\/padiglione-della-russia-alla-biennale-di-venezia-2242753_800_q50.webp\"><span class=\"img-title\">PADIGLIONE DELLA RUSSIA ALLA BIENNALE DI VENEZIA<\/span><\/a><\/p>\n<p class=\"disable\">Intanto, tutta l&#8217;area resta proibita per via dei lavori in corso, e soprattutto questa, la villa costruita nel 1914 \u2014 lo zar Nicola II ancora regnante \u2014 dall&#8217;architetto Aleksej Shchusev, che dieci anni dopo progett\u00f2 il mausoleo di Lenin, sulla piazza Rossa. Nulla \u00e8 cambiato, da allora, in questo padiglione di un tenue verde, a parte una corona di telecamere e l&#8217;impianto di condizionamento.<\/p>\n<p class=\"disable\">\u00a0<\/p>\n<p class=\"disable\">Sul tetto a vetrate vola ancora l&#8217;aquila bicipite, tornata simbolo della Russia dopo la fine dell&#8217;Unione Sovietica, ma qui nessuno aveva mai pensato di toglierla, e l\u00ec \u00e8 rimasta.<\/p>\n<p><a href=\"https:\/\/www.dagospia.com\/media-gallery\/dago-fotogallery-509040\/2242515\" class=\"float-left img-wrapper\"><img decoding=\"async\" id=\"2242515\" loading=\"lazy\" src=\"https:\/\/static.dagospia.com\/img\/foto\/03-2026\/anastasia-karneeva-2242515_800_q50.webp\"><span class=\"img-title\">Anastasia Karneeva<\/span><\/a><\/p>\n<p class=\"disable\">\u00a0<\/p>\n<p class=\"disable\">(\u2026) Su tutto vigila la commissaria Anastasia Karneeva, intravista dietro i finestroni e poco propensa al dialogo, neanche con l&#8217;intercessione di un moldavo di buona volont\u00e0, \u00abla commissaria parla inglese, spagnolo e russo. Che lingua sceglie?\u00bb. Ma poi lei non si affaccia, e adieu.<\/p>\n<p class=\"disable\">\u00a0<\/p>\n<p class=\"disable\">Ma forse \u00e8 meglio cos\u00ec, perch\u00e9 la temibile Karneeva \u00e8 putiniana di ferro, e tutti sbattono i tacchi al suo cospetto. Figlia di Nikolaj Volobuoev, vice amministratore delegato di Rostec (settore difesa e alte tecnologie), studi a Londra, e prima direttrice di Christie&#8217;s a Mosca, nel 2008. Socia di affari in SmartArt (consulenze artistiche) con Ekaterina Vinokurova, figlia del ministro degli Esteri, Sergej Lavrov. Insomma, due famiglie di primo piano nella Russia di oggi, collezioniste d&#8217;arte e anche di molte sanzioni. Usa e Ue.<\/p>\n<p class=\"disable\">\u00a0<\/p>\n<p class=\"disable\">Cosa succeder\u00e0, se gi\u00e0 ora si pensa a come tenere separati gli artisti ucraini (che hanno spazio all&#8217;Arsenale) da quelli russi, e gi\u00e0 ieri qualcuno si disperava \u2014 su e gi\u00f9 tra i vialetti \u2014 pensando a come proteggere gli israeliani, da eventuali contestazioni, o peggio, e speriamo di no.<\/p>\n<p><a href=\"https:\/\/www.dagospia.com\/media-gallery\/dago-fotogallery-509040\/2242752\" class=\"float-right img-wrapper\"><img decoding=\"async\" id=\"2242752\" loading=\"lazy\" src=\"https:\/\/static.dagospia.com\/img\/foto\/03-2026\/padiglione-della-russia-alla-biennale-di-venezia-2242752_800_q50.webp\"><span class=\"img-title\">PADIGLIONE DELLA RUSSIA ALLA BIENNALE DI VENEZIA<\/span><\/a><\/p>\n<p class=\"disable\">\u00a0<\/p>\n<p class=\"disable\">\u00a0<\/p>\n<p><a href=\"https:\/\/www.dagospia.com\/media-gallery\/dago-fotogallery-509040\/2211923\" class=\"float-right img-wrapper\"><img decoding=\"async\" id=\"2211923\" loading=\"lazy\" src=\"https:\/\/static.dagospia.com\/img\/foto\/12-2025\/sergei-lavrov-foto-lapresse-2211923_800_q50.webp\"><span class=\"img-title\">SERGEI LAVROV &#8211; FOTO LAPRESSE <\/span><\/a><\/p>\n<p class=\"disable\">\u00a0<\/p>\n<\/div>\n<article><a href=\"https:\/\/www.dagospia.com\/politica\/dagoreport-dopo-referendum-diluvio-voto-22-23-marzo-aperto-voragine-472554\"><\/p>\n<div class=\"img-wrapper\"><img decoding=\"async\" src=\"https:\/\/static.dagospia.com\/img\/patch\/04-2026\/giorgia-meloni-matteo-salvini-antonio-tajani-nicole-minetti-carlo-nordio-2257887_600_q50.webp\" alt=\"giorgia meloni matteo salvini antonio tajani nicole minetti carlo nordio \" loading=\"lazy\"><time class=\"data-ora\">30 apr 15:22<\/time><\/div>\n<div class=\"excerpt\">\n<p>DAGOREPORT \u2013 <span>DOPO IL REFERENDUM, IL DILUVIO: IL VOTO DEL 22-23 MARZO HA APERTO UNA VORAGINE CHE STA INGHIOTTENDO GLI INQUILINI DI PALAZZO CHIGI, MENTRE SI RESPIRA GIA&#8217; ARIA DI SMOBILITAZIONE NEGLI APPARATI DI STATO\u00a0<\/span>&#8211; OGNI GIORNO C\u2019\u00c8\u00a0UNA CADUTA D&#8217;IMMAGINE PER IL GOVERNO MELONI (DAL CASO PIANTEDOSI-CONTE A QUELLO MINETTI, DAGLI SCAZZI TRA GIULI E BUTTAFUOCO AL RIBALTONE IN MPS FINO ALLO SPIONE DEL DEO), A CUI SI AGGIUNGE L&#8217;IMPLOSIONE DI FRATELLI D&#8217;ITALIA E LA GUERRA DI LOGORAMENTO DI SALVINI E LE VELLEIT\u00c0\u00a0MODERATE DELLA NUOVA FORZA ITALIA BY MARINA BERLUSCONI \u2013 <span>PER LA DUCETTA LA PAURA DI CROLLARE E DI FINIRE DI COLPO DALL&#8217;ALTARE ALLA POVERE, COME E&#8217; GIA&#8217; SUCCESSO PER RENZI, SALVINI, DI MAIO E CONTE, E&#8217; ALTISSIMA<\/span> &#8211; A LIVELLO INTERNAZIONALE, DOPO IL \u201cVAFFA\u201d DI TRUMP, LA DUCETTA \u00c8\u00a0ISOLATA (MERZ NON SI FA TIRARE PER LA GIACCHETTA) E NON HA PI\u00d9\u00a0UN EURO DA SPENDERE PER LE MANCETTE PRE-ELETTORALI \u2013 <span>SOLO L\u2019INAZIONE DELL\u2019OPPOSIZIONE LE PERMETTE DI STARE ANCORA INCOLLATA A PALAZZO CHIGI E, GRAZIE ALL\u2019APPARATO MEDIATICO \u201cFIANCHEGGIATORE\u201d, DI \u201cINSABBIARE\u201d MOLTE BEGHE POLITICHE<\/span>. MA GLI ITALIANI NON HANNO L\u2019ANELLO AL NASO: SONO LORO A PAGARE 2 EURO AL LITRO IL GASOLIO\u2026<\/p>\n<\/div>\n<p><\/a><\/article>\n<article><a href=\"https:\/\/www.dagospia.com\/politica\/dagoreport-habemus-trionnale-dopo-aver-buttato-al-fuoco-biennale-472562\"><\/p>\n<div class=\"img-wrapper\"><img decoding=\"async\" src=\"https:\/\/static.dagospia.com\/img\/patch\/04-2026\/triennale-giuli-la-russa-trione-beppe-sala-2257913_600_q50.webp\" alt=\"triennale giuli la russa trione beppe sala\" loading=\"lazy\"><time class=\"data-ora\">29 apr 18:54<\/time><\/div>\n<div class=\"excerpt\">\n<p>DAGOREPORT: HABEMUS &#8220;TRIONNALE&#8221;! &#8211; <span>DOPO AVER BUTTATO-AL-FUOCO LA BIENNALE, IL MINISTRO GIULI-VO ORA SI \u00c8 FATTO BOCCIARE DAL SINDACO DI MILANO LA SUA CANDIDATA ANDR\u00c9E RUTH SHAMMAH<\/span>, FACENDOSI IMPORRE VINCENZO TRIONE, STORICO E CRITICO D\u2019ARTE, COAUTORE CON LA PENNA ROSSA DI TOMASO MONTANARI DI UN LIBRO INTITOLATO \u201cCONTRO LE MOSTRE\u201d (QUELLE FATTE DAGLI ALTRI) &#8211; <span>SEGNALE POCO GIULI-VO PER I CAMERATI ROMANI DELLA MELONI IL VIA LIBERA SU TRIONE CHE AVREBBE DATO IGNAZIO LA RUSSA<\/span>, \u201cPADRONE\u201d DI MILANO E DINTORNI (VEDI CI\u00d2 CHE SUCCEDE ALLA PINACOTECA DI BRERA BY CRESPI) &#8211; <span>FORZA ITALIA \u00c8 RIUSCITA A FAR ENTRARE, DIREBBE MARINA B. \u2018\u2019UN VOLTO NUOVO\u2019\u2019:<\/span> DAVIDE RAMPELLO CHE DELLA TRIENNALE \u00c8 GI\u00c0 STATO PRESIDENTE UN\u2019ERA GEOLOGICA FA\u2026<\/p>\n<\/div>\n<p><\/a><\/article>\n<article><a href=\"https:\/\/www.dagospia.com\/cafonal\/dagoreport-promemoria-per-sopravvivere-terremoto-digitale-in-occasione-472535\"><\/p>\n<div class=\"img-wrapper\"><img decoding=\"async\" src=\"https:\/\/static.dagospia.com\/img\/patch\/04-2026\/2026masi-2257859_600_q50.webp\" alt=\"2026masi \" loading=\"lazy\"><time class=\"data-ora\">29 apr 15:53<\/time><\/div>\n<div class=\"excerpt\">\n<p><span>DAGOREPORT: \u201cPROMEMORIA\u201d PER SOPRAVVIVERE AL TERREMOTO DIGITALE &#8211; <\/span>IN OCCASIONE DELLA RISTAMPA DEL LIBRO DI MAURO MASI, UN GRAN PARTERRE SI \u00c8 DATO APPUNTAMENTO AL MALAGOLIANO CIRCOLO ANIENE &#8211; PER ANALIZZARE LE PROBLEMATICHE CONNESSE ALL\u2019IA PER NON RIPETERE GLI ERRORI FATTI CON INTERNET QUANDO NEGLI ANNI \u201880 E \u201890 SI DECISE DI NON REGOLAMENTARE LA RETE, <span>HANNO AFFERRATO IL MICROFONO L\u2019EX CONSOB, PAOLO SAVONA, L\u2019INOSSIDABILE GIANNI LETTA, ROBERTO SOMMELLA DI \u2018\u2019MF\u201d, IL LEGHISTA RAI ANTONIO MARANO<\/span> \u2013 IN PLATEA, GIORGIO ASSUMMA, LUCIO PRESTA, MICHELE GUARD\u00cc, BARBARA PALOMBELLI, BELLAVISTA CALTAGIRONE, ROBERTO VACCARELLA, GIANNI MILITO, TIBERIO TIMPERI\u2026<\/p>\n<\/div>\n<p><\/a><\/article>\n<article><a href=\"https:\/\/www.dagospia.com\/politica\/dagoreport-occhi-orecchie-puntate-washington-visita-re-carlo-sara-472429\"><\/p>\n<div class=\"img-wrapper\"><img decoding=\"async\" src=\"https:\/\/static.dagospia.com\/img\/patch\/04-2026\/donald-trump-xi-jinping-re-carlo-iii-paolo-zampolli-mohammed-bin-zayed-al-nahyan-2257479_600_q50.webp\" alt=\"donald trump xi jinping re carlo iii paolo zampolli mohammed bin zayed al nahyan\" loading=\"lazy\"><time class=\"data-ora\">28 apr 19:59<\/time><\/div>\n<div class=\"excerpt\">\n<p>DAGOREPORT \u2013 OCCHI E ORECCHIE PUNTATE SU WASHINGTON: <span>LA VISITA DI RE CARLO SAR\u00c0 UTILE A TRUMP, SEMPRE PIU\u2019 ISOLATO, CHE HA BISOGNO DI RINSALDARE LA STORICA ALLEANZA CON LA GRAN BRETAGNA<\/span> \u2013 IL PETROLIO COSTA, GLI ELETTORI SONO INCAZZATI: WASHINGTON VUOLE ACCELERARE SULLA PACE CON L\u2019IRAN. MA <span>GLI AYATOLLAH MOLLERANNO SOLO QUANDO LO ORDINER\u00c0 LORO IL \u201cPADRONCINO\u201d XI JINPING<\/span> (L\u2019INCONTRO A PECHINO DEL 14-15 MAGGIO SAR\u00c0 UNA NUOVA YALTA?) \u2013 EMIRATI INGOLFATI: ABU DHABI CHIEDE UNA \u201cSWAP LINE\u201d D\u2019EMERGENZA A WASHINGTON, E IL TYCOON NON PU\u00d2 DIRE DI NO \u2013 <span>LA TESTA PLATINATA DI DONALD ZAMPILLA DI\u2026ZAMPOLLI:<\/span> IL PASTICCIACCIO DEL SUO INVIATO SPECIALE E LE POSSIBILI RIVELAZIONI DELLA SUA EX, AMANDA UNGARO, NON SONO UNA MINCHIATA\u2026<\/p>\n<\/div>\n<p><\/a><\/article>\n<article><a href=\"https:\/\/www.dagospia.com\/politica\/dagoreport-responsabilita-maggiore-nel-pastrocchio-grazia-nicole-minetti-472434\"><\/p>\n<div class=\"img-wrapper\"><img decoding=\"async\" src=\"https:\/\/static.dagospia.com\/img\/patch\/04-2026\/nicole-minetti-carlo-nordio-francesca-nanni-2257547_600_q50.webp\" alt=\"nicole minetti carlo nordio francesca nanni \" loading=\"lazy\"><time class=\"data-ora\">28 apr 19:31<\/time><\/div>\n<div class=\"excerpt\">\n<p>DAGOREPORT \u2013 <span>TEMPI SEMPRE PIU&#8217; CUPI PER L&#8217;EX INVINCIBILE ARMATA BRANCA-MELONI<\/span> &#8211;\u00a0LA RESPONSABILIT\u00c0 NEL PASTROCCHIO DELLA GRAZIA A NICOLE MINETTI PESA, IN PRIMIS, SUL CAPOCCIONE DEL MINISTRO NORDIO &#8211; <span>LA PROCURA GENERALE DELLA CORTE D&#8217;APPELLO DI MILANO, GUIDATA DA FRANCESCA NANNI<\/span>, SI E&#8217; PRECIPITATA A DICHIARARE CHE L&#8217;ISTRUTTORIA SULLA PRATICA MINETTI SI E&#8217; ATTENUTA ALLE INDICAZIONI DEL MINISTERO DELLA GIUSTIZIA: VERIFICARE LA VERIDICITA&#8217; DI QUANTO AFFERMATO NELLA DOMANDA DI GRAZIA\u00a0SULLA CONDOTTA DI VITA DELLA MINETTI IN ITALIA &#8211; <span>NULLA E&#8217; STATO APPROFONDITO SULLE ATTIVITA&#8217; IN URUGUAY (TRA ESCORT E FESTINI) DELL\u2019EX IGIENISTA DENTALE DI BERLUSCONI<\/span> E DEL SUO COMPAGNO GIUSEPPE CIPRIANI, SODALE D&#8217;AFFARI CON EPSTEIN \u2013 DALLA PROCURA DI MILANO, LA PRATICA MINETTI E&#8217; TORNATA AL MINISTERO DI NORDIO CHE, DATO IL SUO PARERE POSITIVO, L&#8217;HA INVIATA AL QUIRINALE &#8211;<span> L&#8217;ACCERTAMENTO\u00a0DI QUANTO RIVELATO DAL \u201cFATTO QUOTIDIANO\u201d,\u00a0RENDEREBBE INEVITABILI LE DIMISSIONI DI NORDIO, GI\u00c0 PROTAGONISTA CON LA &#8220;ZARINA&#8221; GIUSI BARTOLOZZI, DI UNA SERIE DI FIGURACCE E DISASTRI<\/span>: ALMASRI,\u00a0GLI ATTACCHI AL CSM E AI MAGISTRATI, LA BATOSTA DEL REFERENDUM SULLA GIUSTIZIA, ECCETERA &#8211; (LA REVOCA DELLA GRAZIA SAREBBE LA PRIMA VOLTA NELLA STORIA DELLA REPUBBLICA&#8230;)<\/p>\n<\/div>\n<p><\/a><\/article>\n<article><a href=\"https:\/\/www.dagospia.com\/politica\/flash-come-si-e-arrivati-licenziamento-beatrice-venezi-c-e-ragione-piu-472316\"><\/p>\n<div class=\"img-wrapper\"><img decoding=\"async\" src=\"https:\/\/static.dagospia.com\/img\/patch\/04-2026\/meloni-buttafuoco-fenice-venezi-colabianchi-giuli-brugnaro-2257163_600_q50.webp\" alt=\"meloni buttafuoco fenice venezi colabianchi giuli brugnaro\" loading=\"lazy\"><time class=\"data-ora\">27 apr 20:12<\/time><\/div>\n<div class=\"excerpt\">\n<p>FLASH! \u2013 <span>DIETRO LA CACCIATA\u00a0DI BEATRICE VENEZI C&#8217;E&#8217; UNA RAGIONE PI\u00d9\u00a0\u201cPOLITICA\u201d CHE MUSICALE: A FINE MAGGIO SI VOTA A VENEZIA PER IL NUOVO SINDACO <\/span>CHE PRENDERA&#8217; IL POSTO DI BRUGNARO, GRAN SPONSOR DELLA\u00a0\u201cBACCHETTA NERA\u201d (COME ANCHE IL MAL-DESTRO ZAIA) &#8211; <span>QUANDO MELONI HA SBIRCIATO I SONDAGGI RISERVATI <\/span>CHE VEDE IL CENTROSINISTRA AVANTI, SOSPINTO DALLO SCANDALOSO CASO-VENEZI (CHE STRAPPA ALLA DESTRA\u00a04-5%), GLI OTOLITI SONO ANDATI IN TILT &#8211; <span>E ALLA PRIMA OCCASIONE, CON LE IMPROVVIDE DICHIARAZIONI DI \u201cBEATROCE\u201d CONTRO L\u2019ORCHESTRA, \u00c8\u00a0STATA LICENZIATA &#8211;\u00a0<\/span>LO STESSO &#8221;SENTIMENT&#8221; VALE PER BUTTAFUOCO, MA IL PRESIDENTE DELLA BIENNALE, PIU&#8217; FURBO, NON OFFRE PER ORA IL FIANCO PER LIQUIDARLO &#8211; <span>E SE VENISSE CACCIATO, A DIFFERENZA DI VENEZI, HA L&#8217;\u201cINTELLIGHENZIA\u201d DEI SINISTRATI<\/span> CHE LODA L&#8217;INTELLETTUALITA&#8217; DEL FASCIO-MUSULMANO CHE APRE IL PADIGLIONE AI RUSSI&#8230;.<\/p>\n<\/div>\n<p><\/a><\/article>\n<article><a href=\"https:\/\/www.dagospia.com\/politica\/caso-minetti-ranucci-bomba-nordio-marzo-e-in-uruguay-nel-ranch-cipriani-472461\"><\/p>\n<div class=\"img-wrapper\"><img decoding=\"async\" src=\"https:\/\/static.dagospia.com\/img\/patch\/04-2026\/nicole-minetti-2257565_600_q50.webp\" alt=\"nicole minetti nordio meloni cipriani ranucci\" loading=\"lazy\"><\/div>\n<div class=\"excerpt\">SUL PASTROCCHIO DELLA GRAZIA A NICOLE MINETTI SIGFRIDO RANUCCI SGANCIA LA BOMBA A \u201c\u00c8 SEMPRE\u2026<\/div>\n<p><\/a><\/article>\n<article><a href=\"https:\/\/www.dagospia.com\/cronache\/michael-jackson-mi-abbasso-i-pantaloncini-mentre-giocavo-game-boy-470026\"><\/p>\n<div class=\"img-wrapper\"><img decoding=\"async\" src=\"https:\/\/static.dagospia.com\/img\/patch\/04-2026\/michael-jackson-aldo-cascio-2250437_600_q50.webp\" alt=\"michael jackson aldo cascio \" loading=\"lazy\"><\/div>\n<div class=\"excerpt\">\u201cMICHAEL JACKSON MI ABBASS\u00d2 I PANTALONCINI MENTRE GIOCAVO AL GAME BOY\u201d \u2013 LE TESTIMONIANZE DEI\u2026<\/div>\n<p><\/a><\/article>\n<article><a href=\"https:\/\/www.dagospia.com\/sport\/psg-bayern-5-4-uno-spot-per-calcio-magie-pali-errori-difensivi-9gol-472458\"><\/p>\n<div class=\"img-wrapper\"><img decoding=\"async\" src=\"https:\/\/static.dagospia.com\/img\/patch\/04-2026\/psg-bayern-monaco-2257555_600_q50.webp\" alt=\"psg bayern monaco\" loading=\"lazy\"><\/div>\n<div class=\"excerpt\">VIDEO-PSG-BAYERN 5-4: UNO SPOT PER IL CALCIO&#8230;DA TIK TOK! MAGIE, ERRORI DIFENSIVI, PALI E NOVE GOL\u2026<\/div>\n<p><\/a><\/article>\n<article><a href=\"https:\/\/www.dagospia.com\/media-tv\/pillole-gossip-elodie-franceska-limonano-pochi-passi-472290\"><\/p>\n<div class=\"img-wrapper\"><img decoding=\"async\" src=\"https:\/\/static.dagospia.com\/img\/patch\/04-2026\/pillole-avanti-gossip-2257085_600_q50.webp\" alt=\"pillole avanti gossip\" loading=\"lazy\"><\/div>\n<div class=\"excerpt\">PILLOLE DI GOSSIP! IL TRIANGOLO, S\u00cc! 25 APRILE\u00a0ELODIE E FRANCESKA SI SONO RITROVATE A POCHI PASSI\u2026<\/div>\n<p><\/a><\/article>\n<article><a href=\"https:\/\/www.dagospia.com\/media-tv\/con-mollato-corazze-riconoscete-49enne-parla-chi-compagno-472501\"><\/p>\n<div class=\"img-wrapper\"><img decoding=\"async\" src=\"https:\/\/static.dagospia.com\/img\/patch\/04-2026\/michelle-hunziker-2257659_600_q50.webp\" alt=\"michelle hunziker\" loading=\"lazy\"><\/div>\n<div class=\"excerpt\">\u201cCON LUI HO MOLLATO LE CORAZZE, TUTTI I MURI DI BERLINO CHE AVEVO COSTRUITO INTORNO A ME\u201d \u2013 LA\u2026<\/div>\n<p><\/a><\/article>\n<article><a href=\"https:\/\/www.dagospia.com\/politica\/dagoreport-dopo-referendum-diluvio-voto-22-23-marzo-aperto-voragine-472554\"><\/p>\n<div class=\"img-wrapper\"><img decoding=\"async\" src=\"https:\/\/static.dagospia.com\/img\/patch\/04-2026\/giorgia-meloni-matteo-salvini-antonio-tajani-nicole-minetti-carlo-nordio-2257887_600_q50.webp\" alt=\"giorgia meloni matteo salvini antonio tajani nicole minetti carlo nordio \" loading=\"lazy\"><\/div>\n<div class=\"excerpt\">DAGOREPORT \u2013 DOPO IL REFERENDUM, IL DILUVIO: IL VOTO DEL 22-23 MARZO HA APERTO UNA VORAGINE CHE STA\u2026<\/div>\n<p><\/a><\/article>\n<article><a href=\"https:\/\/www.dagospia.com\/politica\/dagoreport-habemus-trionnale-dopo-aver-buttato-al-fuoco-biennale-472562\"><\/p>\n<div class=\"img-wrapper\"><img decoding=\"async\" src=\"https:\/\/static.dagospia.com\/img\/patch\/04-2026\/triennale-giuli-la-russa-trione-beppe-sala-2257913_600_q50.webp\" alt=\"triennale giuli la russa trione beppe sala\" loading=\"lazy\"><\/div>\n<div class=\"excerpt\">DAGOREPORT: HABEMUS &#8220;TRIONNALE&#8221;! &#8211; DOPO AVER BUTTATO-AL-FUOCO LA BIENNALE, IL MINISTRO GIULI-VO ORA\u2026<\/div>\n<p><\/a><\/article>\n<article><a href=\"https:\/\/www.dagospia.com\/cafonal\/dagoreport-promemoria-per-sopravvivere-terremoto-digitale-in-occasione-472535\"><\/p>\n<div class=\"img-wrapper\"><img decoding=\"async\" src=\"https:\/\/static.dagospia.com\/img\/patch\/04-2026\/2026masi-2257859_600_q50.webp\" alt=\"2026masi \" loading=\"lazy\"><\/div>\n<div class=\"excerpt\">DAGOREPORT: \u201cPROMEMORIA\u201d PER SOPRAVVIVERE AL TERREMOTO DIGITALE &#8211; IN OCCASIONE DELLA RISTAMPA DEL\u2026<\/div>\n<p><\/a><\/article>\n<article><a href=\"https:\/\/www.dagospia.com\/politica\/dagoreport-occhi-orecchie-puntate-washington-visita-re-carlo-sara-472429\"><\/p>\n<div class=\"img-wrapper\"><img decoding=\"async\" src=\"https:\/\/static.dagospia.com\/img\/patch\/04-2026\/donald-trump-xi-jinping-re-carlo-iii-paolo-zampolli-mohammed-bin-zayed-al-nahyan-2257479_600_q50.webp\" alt=\"donald trump xi jinping re carlo iii paolo zampolli mohammed bin zayed al nahyan\" loading=\"lazy\"><\/div>\n<div class=\"excerpt\">DAGOREPORT \u2013 OCCHI E ORECCHIE PUNTATE SU WASHINGTON: LA VISITA DI RE CARLO SAR\u00c0 UTILE A TRUMP,\u2026<\/div>\n<p><\/a><\/article>\n<article><a href=\"https:\/\/www.dagospia.com\/politica\/dagoreport-responsabilita-maggiore-nel-pastrocchio-grazia-nicole-minetti-472434\"><\/p>\n<div class=\"img-wrapper\"><img decoding=\"async\" src=\"https:\/\/static.dagospia.com\/img\/patch\/04-2026\/nicole-minetti-carlo-nordio-francesca-nanni-2257547_600_q50.webp\" alt=\"nicole minetti carlo nordio francesca nanni \" loading=\"lazy\"><\/div>\n<div class=\"excerpt\">DAGOREPORT \u2013 TEMPI SEMPRE PIU&#8217; CUPI PER L&#8217;EX INVINCIBILE ARMATA BRANCA-MELONI &#8211;\u00a0LA RESPONSABILIT\u00c0\u2026<\/div>\n<p><\/a><\/article>\n<article><a href=\"https:\/\/www.dagospia.com\/politica\/flash-come-si-e-arrivati-licenziamento-beatrice-venezi-c-e-ragione-piu-472316\"><\/p>\n<div class=\"img-wrapper\"><img decoding=\"async\" src=\"https:\/\/static.dagospia.com\/img\/patch\/04-2026\/meloni-buttafuoco-fenice-venezi-colabianchi-giuli-brugnaro-2257163_600_q50.webp\" alt=\"meloni buttafuoco fenice venezi colabianchi giuli brugnaro\" loading=\"lazy\"><\/div>\n<div class=\"excerpt\">FLASH! \u2013 DIETRO LA CACCIATA\u00a0DI BEATRICE VENEZI C&#8217;E&#8217; UNA RAGIONE PI\u00d9\u00a0\u201cPOLITICA\u201d CHE MUSICALE: A FINE\u2026<\/div>\n<p><\/a><\/article>\n<article><a href=\"https:\/\/www.dagospia.com\/sport\/caso-rocchi-abodi-giorgetti-l-idea-commissariare-figc-meloni-considera-472320\"><\/p>\n<div class=\"img-wrapper\"><img decoding=\"async\" src=\"https:\/\/static.dagospia.com\/img\/patch\/04-2026\/giovanni-malago-giorgia-meloni-giancarlo-giorgetti-andrea-abodi-gianluca-rocchi-2257188_600_q50.webp\" alt=\"giovanni malago giorgia meloni giancarlo giorgetti andrea abodi gianluca rocchi \" loading=\"lazy\"><\/div>\n<div class=\"excerpt\">DAGOREPORT &#8211; IL CASO ROCCHI E&#8217; ARRIVATO COME IL CACIO SUI MACCHERONI PER ABODI E GIORGETTI,\u2026<\/div>\n<p><\/a><\/article>\n<article><a href=\"https:\/\/www.dagospia.com\/politica\/dagoreport-uniche-pompe-non-piacciono-trump-quelle-benzina-e-vero-472319\"><\/p>\n<div class=\"img-wrapper\"><img decoding=\"async\" src=\"https:\/\/static.dagospia.com\/img\/patch\/04-2026\/donald-trump-benzinaio-benzina-petrolio-greggio-2251186_600_q50.webp\" alt=\"donald trump benzinaio benzina petrolio greggio \" loading=\"lazy\"><\/div>\n<div class=\"excerpt\">DAGOREPORT \u2013 LE UNICHE POMPE CHE NON PIACCIONO A TRUMP SONO QUELLE DI BENZINA! \u00c8 VERO CHE LE\u2026<\/div>\n<p><\/a><\/article>\n<article><a href=\"https:\/\/www.dagospia.com\/media-tv\/dagoreport-la-repubblica-atene-theodore-kyriakou-idee-repubblica-472317\"><\/p>\n<div class=\"img-wrapper\"><img decoding=\"async\" src=\"https:\/\/static.dagospia.com\/img\/patch\/04-2026\/kyriakou-repubblica-radio-capital-tv8-2257164_600_q50.webp\" alt=\"kyriakou repubblica radio capital tv8\" loading=\"lazy\"><\/div>\n<div class=\"excerpt\">DAGOREPORT &#8211; \u201cLA REPUBBLICA\u201d DI ATENE \u2013 THEODORE KYRIAKOU VUOLE CAPIRE CHE DIREZIONE DARE AL GRUPPO\u2026<\/div>\n<p><\/a><\/article>\n<article><a href=\"https:\/\/www.dagospia.com\/politica\/dagoreport-giorgia-meloni-questa-volta-fa-bene-incazzarsi-giancarlo-472264\"><\/p>\n<div class=\"img-wrapper\"><img decoding=\"async\" src=\"https:\/\/static.dagospia.com\/img\/patch\/04-2026\/giorgia-meloni-giancarlo-giorgetti-daria-perrotta-2257041_600_q50.webp\" alt=\"giorgia meloni giancarlo giorgetti daria perrotta \" loading=\"lazy\"><\/div>\n<div class=\"excerpt\">DAGOREPORT \u2013\u00a0GIORGIA MELONI QUESTA VOLTA FA BENE A INCAZZARSI CON GIANCARLO GIORGETTI:\u00a0IL\u2026<\/div>\n<p><\/a><\/article>\n<article><a href=\"https:\/\/www.dagospia.com\/cafonal\/dagoreport-promemoria-per-sopravvivere-terremoto-digitale-in-occasione-472535\"><\/p>\n<div class=\"img-wrapper\"><img decoding=\"async\" src=\"https:\/\/static.dagospia.com\/img\/patch\/04-2026\/2026masi-2257859_600_q50.webp\" alt=\"2026masi \" loading=\"lazy\"><\/div>\n<div class=\"excerpt\">DAGOREPORT: \u201cPROMEMORIA\u201d PER SOPRAVVIVERE AL TERREMOTO DIGITALE &#8211; IN OCCASIONE DELLA RISTAMPA DEL\u2026<\/div>\n<p><\/a><\/article>\n<article><a href=\"https:\/\/www.dagospia.com\/cafonal\/sacco-cafonal-serata-speciale-cinema-barberini-roma-un-sacco-bello-472427\"><\/p>\n<div class=\"img-wrapper\"><img decoding=\"async\" src=\"https:\/\/static.dagospia.com\/img\/patch\/04-2026\/cafonal-verdone-un-sacco-bello-2257470_600_q50.webp\" alt loading=\"lazy\"><\/div>\n<div class=\"excerpt\">UN SACCO CAFONAL!\u00a0\u2013 SERATA SPECIALE AL CINEMA BARBERINI A ROMA: \u201cUN SACCO BELLO\u201d NELLA VERSIONE\u2026<\/div>\n<p><\/a><\/article>\n<article><a href=\"https:\/\/www.dagospia.com\/cafonal\/pardo-max-giusti-metti-sera-cena-eminenze-gricie-dell-edonismo-472056\"><\/p>\n<div class=\"img-wrapper\"><img decoding=\"async\" src=\"https:\/\/static.dagospia.com\/img\/patch\/04-2026\/ristorante-la-pisanella-2256575_600_q50.webp\" alt loading=\"lazy\"><\/div>\n<div class=\"excerpt\">DA PARDO A MAX GIUSTI: METTI UNA SERA A CENA LE \u201cEMINENZE GRICIE\u201d DELL\u2019EDONISMO ROMANELLO \u2013 AL\u2026<\/div>\n<p><\/a><\/article>\n<article><a href=\"https:\/\/www.dagospia.com\/cafonal\/ne-andavo-quella-roma-nella-capitale-in-zona-talenti-intitolato-parco-remo-472030\"><\/p>\n<div class=\"img-wrapper\"><img decoding=\"async\" src=\"https:\/\/static.dagospia.com\/img\/patch\/04-2026\/inaugurazione-del-parco-remo-remotti-massimiliano-bruno-nicola-pistoia-michela-a-2256496_600_q50.webp\" alt=\"inaugurazione del parco remo remotti - massimiliano bruno nicola pistoia michela andreozzi luisa pistoia sabina guzzanti stefano fresi tommaso zanello piotta federica remotti - 5\" loading=\"lazy\"><\/div>\n<div class=\"excerpt\">VIDEO!&#8221;ME NE ANDAVO DA QUELLA ROMA\u2026!&#8221; NELLA CAPITALE, IN ZONA TALENTI, E\u2019 STATO INTITOLATO UN PARCO\u2026<\/div>\n<p><\/a><\/article>\n<article><a href=\"https:\/\/www.dagospia.com\/cafonal\/cafonal-all-opera-mi-porti-luca-guadagnino-maggio-fiorentino-the-death-471907\"><\/p>\n<div class=\"img-wrapper\"><img decoding=\"async\" src=\"https:\/\/static.dagospia.com\/img\/patch\/04-2026\/guadagnino-2256066_600_q50.webp\" alt=\"guadagnino\" loading=\"lazy\"><\/div>\n<div class=\"excerpt\">CAFONAL ALL\u2019OPERA &#8211; MI PORTI UN LUCA GUADAGNINO A FIRENZE \u2013 IL REGISTA PORTA IN SCENA AL MAGGIO\u2026<\/div>\n<p><\/a><\/article>\n<article><a href=\"https:\/\/www.dagospia.com\/cafonal\/cafonal-pallitto-chanel-totti-metri-trash-figlia-pupone-diventa-471192\"><\/p>\n<div class=\"img-wrapper\"><img decoding=\"async\" src=\"https:\/\/static.dagospia.com\/img\/patch\/04-2026\/2026pallitto-2253852_600_q50.webp\" alt loading=\"lazy\"><\/div>\n<div class=\"excerpt\">CAFONAL \u2013 PALLITTO-CHANEL TOTTI: TRE METRI SOPRA IL TRASH! LA FIGLIA DEL PUPONE DIVENTA LA\u2026<\/div>\n<p><\/a><\/article>\n<p>[analyse_source url=&#8221;https:\/\/www.dagospia.com\/media-tv\/biennale-degli-scazzi-in-laguna-arrivano-gli-ispettori-mic-buttafuoco-si-472612&#8243;]<\/p>\n","protected":false},"excerpt":{"rendered":"<p>[analyse_image type=&#8221;featured&#8221; src=&#8221;https:\/\/static.dagospia.com\/img\/patch\/03-2026\/alessandro-giuli-pietrangelo-buttafuoco-la-biennale-venezia-2244140_600_q50.webp&#8221;] 30 apr 2026 11:52 UNA BIENNALE DA PERDERE LA FACCIA &#8211;\u00a0A VENEZIA ARRIVANO GLI ISPETTORI DEL MINISTERO DELLA CULTURA E BRUXELLES SOSTIENE LA LINEA DURA DI GIULI CONTRO BUTTAFUOCO (COLPEVOLE DI AVER APERTO LE PORTE AI RUSSI) &#8211;\u00a0IL COMMISSARIO EUROPEO ALLA CULTURA MICALLEF ANNUNCIA CHE NON METTER\u00c0 PIEDE NEI GIARDINI DELL&#8217;ESPOSIZIONE \u201cFINO [&hellip;]<\/p>\n","protected":false},"author":1,"featured_media":0,"comment_status":"open","ping_status":"","sticky":false,"template":"","format":"standard","meta":{"footnotes":""},"categories":[87],"tags":[226,149],"class_list":["post-1910785","post","type-post","status-publish","format-standard","hentry","category-italy","tag-crawlmanager","tag-dagospia-com"],"_links":{"self":[{"href":"https:\/\/analyse.optim.biz\/index.php?rest_route=\/wp\/v2\/posts\/1910785","targetHints":{"allow":["GET"]}}],"collection":[{"href":"https:\/\/analyse.optim.biz\/index.php?rest_route=\/wp\/v2\/posts"}],"about":[{"href":"https:\/\/analyse.optim.biz\/index.php?rest_route=\/wp\/v2\/types\/post"}],"author":[{"embeddable":true,"href":"https:\/\/analyse.optim.biz\/index.php?rest_route=\/wp\/v2\/users\/1"}],"replies":[{"embeddable":true,"href":"https:\/\/analyse.optim.biz\/index.php?rest_route=%2Fwp%2Fv2%2Fcomments&post=1910785"}],"version-history":[{"count":0,"href":"https:\/\/analyse.optim.biz\/index.php?rest_route=\/wp\/v2\/posts\/1910785\/revisions"}],"wp:attachment":[{"href":"https:\/\/analyse.optim.biz\/index.php?rest_route=%2Fwp%2Fv2%2Fmedia&parent=1910785"}],"wp:term":[{"taxonomy":"category","embeddable":true,"href":"https:\/\/analyse.optim.biz\/index.php?rest_route=%2Fwp%2Fv2%2Fcategories&post=1910785"},{"taxonomy":"post_tag","embeddable":true,"href":"https:\/\/analyse.optim.biz\/index.php?rest_route=%2Fwp%2Fv2%2Ftags&post=1910785"}],"curies":[{"name":"wp","href":"https:\/\/api.w.org\/{rel}","templated":true}]}}