{"id":1910780,"date":"2026-04-30T09:36:00","date_gmt":"2026-04-30T06:36:00","guid":{"rendered":"https:\/\/analyse.optim.biz\/?p=1910780"},"modified":"2026-04-30T09:36:00","modified_gmt":"2026-04-30T06:36:00","slug":"nordio-nel-bunker-il-ministro-della-giustizia-si-chiude-negli-uffici-di-via-arenula","status":"publish","type":"post","link":"https:\/\/analyse.optim.biz\/?p=1910780","title":{"rendered":"Nordio nel bunker \u2013 il ministro della giustizia si chiude negli uffici di via arenula &#8230;"},"content":{"rendered":"<p>[analyse_image type=&#8221;featured&#8221; src=&#8221;https:\/\/static.dagospia.com\/img\/patch\/04-2026\/carlo-nordio-nicole-minetti-2258041_600_q50.webp&#8221;]<\/p>\n<article>\n<div class=\"img-wrapper\"><img decoding=\"async\" src=\"https:\/\/static.dagospia.com\/img\/patch\/04-2026\/carlo-nordio-nicole-minetti-2258041_600_q50.webp\" alt=\"carlo nordio nicole minetti \"><time class=\"data-ora\">30 apr 2026 11:36<\/time><\/div>\n<p>NORDIO NEL BUNKER \u2013 <span>IL MINISTRO DELLA GIUSTIZIA SI CHIUDE NEGLI UFFICI DI VIA ARENULA DOPO L\u2019ENNESIMO PASTROCCHIO DELLA GRAZIA A NICOLE MINETTI &#8211;\u00a0<\/span>LA LINEA DI FRATELLI D\u2019ITALIA: \u00c8 STATO DIFFUSO UN DOSSIER AI PARLAMENTARI IN CUI SI INVITA A TENERE IL PUNTO: \u201c\u00c8\u00a0SCORRETTO TENTARE DI ADDEBITARE AL MINISTRO DELLA GIUSTIZIA RESPONSABILIT\u00c0; SE DAGLI ULTERIORI ACCERTAMENTI DOVESSERO EMERGERE CONDOTTE ILLECITE O TENTATIVI DI TRARRE IN INGANNO LE ISTITUZIONI, SAR\u00c0 OPPORTUNO CHE I RESPONSABILI NE RISPONDANO\u201d. <span>MORALE DELLA FAVA: SI CONTINUA AD ADDITARE LA PROCURA GENERALE, CHE PER\u00d2 HA AGITO SU INDICAZIONE DEL MINISTERO (CHE NON HA RICHIESTO ULTERIORI APPROFONDIMENTI)<\/span><\/p>\n<div class=\"share-section\">\n                Condividi  questo articolo<\/p>\n<div class=\"socials\"><a href=\"http:\/\/www.facebook.com\/sharer.php?u=http:\/\/www.dagospia.com\/politica\/nordio-nel-bunker-ministro-giustizia-si-chiude-negli-uffici-via-arenula-472609\" target=\"_blank\"><img decoding=\"async\" src=\"https:\/\/static.dagospia.com\/img\/icons\/facebook.svg\" alt=\"Condividi su Facebook\"><\/a><a href=\"http:\/\/www.twitter.com\/share?url=http:\/\/www.dagospia.com\/politica\/nordio-nel-bunker-ministro-giustizia-si-chiude-negli-uffici-via-arenula-472609&amp;text=NORDIO%20NEL%20BUNKER%20%E2%80%93%20IL%20MINISTRO%20DELLA%20GIUSTIZIA%20SI%20CHIUDE%20NEGLI%20UFFICI%20DI%20VIA%20ARENULA%20...\" target=\"_blank\"><img decoding=\"async\" src=\"https:\/\/static.dagospia.com\/img\/icons\/x-icon.png\" alt=\"Condividi su X\"><\/a><a href=\"\/\/www.dagospia.com\/politica\/nordio-nel-bunker-ministro-giustizia-si-chiude-negli-uffici-via-arenula-472609\" target=\"_blank\"><img decoding=\"async\" src=\"https:\/\/static.dagospia.com\/img\/icons\/whatsapp.svg\" alt=\"Condividi su Whatsapp\"><\/a><a href=\"mailto:?body=http:\/\/www.dagospia.com\/politica\/nordio-nel-bunker-ministro-giustizia-si-chiude-negli-uffici-via-arenula-472609\" target=\"_blank\"><img decoding=\"async\" src=\"https:\/\/static.dagospia.com\/img\/icons\/mail.svg\" alt=\"Invia in email\"><\/a><\/div>\n<\/div>\n<div class=\"content\">\n<p class=\"disable\"><strong>Estratto dell\u2019articolo di Concetto Vecchio e Gabriella Cerami per <a href=\"http:\/\/www.repubblica.it\" target=\"_blank\">&#8220;la Repubblica\u201d<\/a><\/strong><\/p>\n<p class=\"disable\">\u00a0<\/p>\n<p><a href=\"https:\/\/www.dagospia.com\/media-gallery\/dago-fotogallery-509037\/2257838\" class=\"float-right img-wrapper\"><img decoding=\"async\" id=\"2257838\" loading=\"lazy\" src=\"https:\/\/static.dagospia.com\/img\/foto\/04-2026\/mai-dire-uruguay-meme-su-carlo-nordio-e-nicole-minetti-by-50-sfumature-di-cattiv-2257838_800_q50.webp\"><span class=\"img-title\">mai dire uruguay meme su carlo nordio e nicole minetti by 50 sfumature di cattiveria <\/span><\/a><\/p>\n<p class=\"disable\">Asserragliato nel suo ufficio. Carlo Nordio ha disdetto tutti gli appuntamenti fuori da queste mura. Il ministero della Giustizia \u00e8 diventato il fortino nel quale rifugiarsi in attesa che sulla sua scrivania arrivino nuove carte dalla procura generale di Milano per stabilire se c&#8217;erano o no i presupposti per concedere la grazia a Nicole Minetti.<\/p>\n<p class=\"disable\">\u00a0<\/p>\n<p class=\"disable\">Ieri pomeriggio il Guardasigilli era atteso alla Camera per la presentazione del decimo rapporto Censis sull&#8217;avvocatura 2026, ma non ha mai varcato il portone di Montecitorio. Ad affrontare le domande dei cronisti \u00a0[\u2026] \u00e8 stato mandato il suo vice Francesco Paolo Sisto dopo per\u00f2 aver stabilito la linea da seguire in un incontro avuto al mattino, in via Arenula, con il ministro e l&#8217;altro vice Andrea Ostellari.<\/p>\n<p class=\"disable\">\u00a0<\/p>\n<p class=\"disable\">Nordio \u00e8 nervoso. Ma l&#8217;immagine che vuole dare di s\u00e9 \u00e8 di chi porta avanti il suo lavoro, tra la firma di un&#8217;intesa con i sindacati e un incontro con l&#8217;Associazione nazionale magistrati. [\u2026]<\/p>\n<p class=\"disable\">\u00a0<\/p>\n<p><a href=\"https:\/\/www.dagospia.com\/media-gallery\/dago-fotogallery-509037\/2200733\" class=\"float-left img-wrapper\"><img decoding=\"async\" id=\"2200733\" loading=\"lazy\" src=\"https:\/\/static.dagospia.com\/img\/foto\/11-2025\/nicole-minetti-2200733_800_q50.webp\"><span class=\"img-title\">NICOLE MINETTI<\/span><\/a><\/p>\n<p class=\"disable\">\u00abAbbiamo documenti che dimostrano che abbiamo ottemperato le procedure al 101%\u00bb, ha detto. Ma i nodi restano: se ad esempio il ministero abbia indicato alla procura un perimetro di indagine per la pratica della grazia solo nazionale e non estesa all&#8217;Uruguay, paese d&#8217;origine del bambino adottato. La difesa viene affidata a Sisto, in transatlantico a Montecitorio: \u00abNon so chi l&#8217;ha raccontata questa balla. Noi non diamo indicazioni. La procura agisce in assoluta libert\u00e0 qualitativa e quantitativa. Non c&#8217;\u00e8 nessun perimetro\u00bb.<\/p>\n<p class=\"disable\">\u00a0<\/p>\n<p class=\"disable\">Il viceministro prova a derubricare il tutto a una questione \u00abnon politica\u00bb ma \u00abgiuridica: qualcuno dice che la grazia si pu\u00f2 revocare, qualcuno che bisogna annullarla perch\u00e9 siamo di fronte a una patologia del procedimento amministrativo per non veridicit\u00e0 dei presupposti e a me piace pi\u00f9 la seconda soluzione\u00bb.<\/p>\n<p class=\"disable\">\u00a0<\/p>\n<p><a href=\"https:\/\/www.dagospia.com\/media-gallery\/dago-fotogallery-509037\/2244726\" class=\"float-right img-wrapper\"><img decoding=\"async\" id=\"2244726\" loading=\"lazy\" src=\"https:\/\/static.dagospia.com\/img\/foto\/03-2026\/carlo-nordio-beve-uno-spritz-2244726_800_q50.webp\"><span class=\"img-title\">carlo nordio beve uno spritz <\/span><\/a><\/p>\n<p class=\"disable\">Al Quirinale aspettano l&#8217;esito dell&#8217;inchiesta della Procura generale senza sposare alcuna tesi. Ci tengono a ribadire che la lettera inviata l&#8217;altro giorno dal presidente della Repubblica Sergio Mattarella al ministro Nordio, quella in cui sono stati chiesti chiarimenti con \u00abcortese urgenza\u00bb, non implicava una critica al Guardasigilli che aveva avuto modo di valutare le stesse carte poi finite sul tavolo del capo dello Stato.<\/p>\n<p class=\"disable\">\u00a0<\/p>\n<p class=\"disable\">La domanda di grazia, presentata nel luglio scorso dai legali di Minetti, era arrivata all&#8217;ufficio &#8220;Comparto grazie&#8221; del Quirinale, che com&#8217;\u00e8 prassi, l&#8217;ha poi inviata al ministero affinch\u00e9 avviasse l&#8217;iter delle verifiche con la procura generale di Milano.<\/p>\n<p class=\"disable\">\u00a0<\/p>\n<p><a href=\"https:\/\/www.dagospia.com\/media-gallery\/dago-fotogallery-509037\/2200735\" class=\"float-right img-wrapper\"><img decoding=\"async\" id=\"2200735\" loading=\"lazy\" src=\"https:\/\/static.dagospia.com\/img\/foto\/11-2025\/nicole-minetti-2200735_800_q50.webp\"><span class=\"img-title\">NICOLE MINETTI<\/span><\/a><\/p>\n<p class=\"disable\">Il presidente della Repubblica dice s\u00ec o no soltanto davanti ai casi istruiti. Nel caso di Nicole Minetti ci\u00f2 \u00e8 avvenuto il 18 febbraio. Oggi Mattarella sar\u00e0 a Pontedera, alla Piaggio, per la tradizionale visita a una fabbrica in occasione della festa del Primo maggio. Sono 80 anni della Vespa. \u00c8 la prima uscita pubblica dopo la lettera a Nordio. Ma oggi il presidente parler\u00e0 di lavoro e non del caso Minetti.<\/p>\n<p class=\"disable\">\u00a0<\/p>\n<p class=\"disable\">Che per\u00f2 continua a far discutere tra i corridoi di Montecitorio. Fratelli d&#8217;Italia ha preparato un dossier a uso interno in cui si spiega che \u00e8 \u00abscorretto tentare di addebitare al ministro della Giustizia responsabilit\u00e0\u00bb e \u00abse dagli ulteriori accertamenti dovessero emergere condotte illecite o tentativi di trarre in inganno le istituzioni, sar\u00e0 opportuno che i responsabili ne rispondano\u00bb. Il dito viene puntato ancora contro la procura generale.<\/p>\n<p><a href=\"https:\/\/www.dagospia.com\/media-gallery\/dago-fotogallery-509037\/2257234\" class=\"float-right img-wrapper\"><img decoding=\"async\" id=\"2257234\" loading=\"lazy\" src=\"https:\/\/static.dagospia.com\/img\/foto\/04-2026\/nicole-minetti-e-grazia-ricevuta-da-sergio-mattarella-vignetta-by-vukic-2257234_800_q50.webp\"><span class=\"img-title\">nicole minetti e grazia ricevuta da sergio mattarella &#8211; vignetta by vukic<\/span><\/a><a href=\"https:\/\/www.dagospia.com\/media-gallery\/dago-fotogallery-509037\/2257569\" class=\"float-right img-wrapper\"><img decoding=\"async\" id=\"2257569\" loading=\"lazy\" src=\"https:\/\/static.dagospia.com\/img\/foto\/04-2026\/carlo-nordio-2257569_800_q50.webp\"><span class=\"img-title\">carlo nordio<\/span><\/a><a href=\"https:\/\/www.dagospia.com\/media-gallery\/dago-fotogallery-509037\/2256790\" class=\"float-right img-wrapper\"><img decoding=\"async\" id=\"2256790\" loading=\"lazy\" src=\"https:\/\/static.dagospia.com\/img\/foto\/04-2026\/sergio-mattarella-giorgia-meloni-25-aprile-2256790_800_q50.webp\"><span class=\"img-title\">SERGIO MATTARELLA GIORGIA MELONI 25 APRILE <\/span><\/a><\/p>\n<p><a href=\"https:\/\/www.dagospia.com\/media-gallery\/dago-fotogallery-509037\/2039305\" class=\"float-right img-wrapper\"><img decoding=\"async\" id=\"2039305\" loading=\"lazy\" src=\"https:\/\/static.dagospia.com\/img\/foto\/09-2024\/nicole-minetti-2039305_800_q50.webp\"><span class=\"img-title\">nicole minetti<\/span><\/a><a href=\"https:\/\/www.dagospia.com\/media-gallery\/dago-fotogallery-509037\/2257570\" class=\"float-right img-wrapper\"><img decoding=\"async\" id=\"2257570\" loading=\"lazy\" src=\"https:\/\/static.dagospia.com\/img\/foto\/04-2026\/sigfrido-ranucci-e-carlo-nordio-e-sempre-cartabianca-2257570_800_q50.webp\"><span class=\"img-title\">sigfrido ranucci e carlo nordio &#8211; e sempre cartabianca<\/span><\/a><a href=\"https:\/\/www.dagospia.com\/media-gallery\/dago-fotogallery-509037\/2039303\" class=\"float-right img-wrapper\"><img decoding=\"async\" id=\"2039303\" loading=\"lazy\" src=\"https:\/\/static.dagospia.com\/img\/foto\/09-2024\/nicole-minetti-2-2039303_800_q50.webp\"><span class=\"img-title\">nicole minetti 2<\/span><\/a><a href=\"https:\/\/www.dagospia.com\/media-gallery\/dago-fotogallery-509037\/2242677\" class=\"float-right img-wrapper\"><img decoding=\"async\" id=\"2242677\" loading=\"lazy\" src=\"https:\/\/static.dagospia.com\/img\/foto\/03-2026\/carlo-nordio-e-giusi-bartolozzi-2242677_800_q50.webp\"><span class=\"img-title\">carlo nordio e giusi bartolozzi<\/span><\/a><a href=\"https:\/\/www.dagospia.com\/media-gallery\/dago-fotogallery-509037\/2242367\" class=\"float-right img-wrapper\"><img decoding=\"async\" id=\"2242367\" loading=\"lazy\" src=\"https:\/\/static.dagospia.com\/img\/foto\/03-2026\/giusi-bartolozzi-andrea-delmastro-carlo-nordio-foto-lapresse-2242367_800_q50.webp\"><span class=\"img-title\">giusi bartolozzi andrea delmastro carlo nordio foto lapresse <\/span><\/a><a href=\"https:\/\/www.dagospia.com\/media-gallery\/dago-fotogallery-509037\/2257837\" class=\"float-right img-wrapper\"><img decoding=\"async\" id=\"2257837\" loading=\"lazy\" src=\"https:\/\/static.dagospia.com\/img\/foto\/04-2026\/meme-su-nicole-minetti-by-emiliano-carli-2257837_800_q50.webp\"><span class=\"img-title\"> meme su nicole minetti by emiliano carli <\/span><\/a><a href=\"https:\/\/www.dagospia.com\/media-gallery\/dago-fotogallery-509037\/2257665\" class=\"float-right img-wrapper\"><img decoding=\"async\" id=\"2257665\" loading=\"lazy\" src=\"https:\/\/static.dagospia.com\/img\/foto\/04-2026\/nicole-minetti-e-giuseppe-cipriani-2257665_800_q50.webp\"><span class=\"img-title\">NICOLE MINETTI E GIUSEPPE CIPRIANI <\/span><\/a><a href=\"https:\/\/www.dagospia.com\/media-gallery\/dago-fotogallery-509037\/2242803\" class=\"float-right img-wrapper\"><img decoding=\"async\" id=\"2242803\" loading=\"lazy\" src=\"https:\/\/static.dagospia.com\/img\/foto\/03-2026\/manifesto-con-giorgia-meloni-e-carlo-nordio-bruciato-alla-manifestazione-per-il--2242803_800_q50.webp\"><span class=\"img-title\">manifesto con Giorgia Meloni e Carlo Nordio bruciato alla manifestazione per il no al referendum a roma<\/span><\/a><a href=\"https:\/\/www.dagospia.com\/media-gallery\/dago-fotogallery-509037\/2257313\" class=\"float-right img-wrapper\"><img decoding=\"async\" id=\"2257313\" loading=\"lazy\" src=\"https:\/\/static.dagospia.com\/img\/foto\/04-2026\/vignetta-ellekappa-carlo-nordio-e-nicole-minetti-2257313_800_q50.webp\"><span class=\"img-title\">VIGNETTA ELLEKAPPA &#8211; CARLO NORDIO E NICOLE MINETTI<\/span><\/a><\/p>\n<\/div>\n<div class=\"share-section\">\n                Condividi  questo articolo<\/p>\n<div class=\"socials\"><a href=\"https:\/\/www.dagospia.com\/politica\/nordio-nel-bunker-ministro-giustizia-si-chiude-negli-uffici-via-arenula-472609\"><img decoding=\"async\" src=\"https:\/\/static.dagospia.com\/img\/icons\/facebook.svg\" alt=\"Condividi su Facebook\"><\/a><a href=\"https:\/\/www.dagospia.com\/politica\/nordio-nel-bunker-ministro-giustizia-si-chiude-negli-uffici-via-arenula-472609\"><img decoding=\"async\" src=\"https:\/\/static.dagospia.com\/img\/icons\/x-icon.png\" alt=\"Condividi su X\"><\/a><a href=\"https:\/\/www.dagospia.com\/politica\/nordio-nel-bunker-ministro-giustizia-si-chiude-negli-uffici-via-arenula-472609\"><img decoding=\"async\" src=\"https:\/\/static.dagospia.com\/img\/icons\/whatsapp.svg\" alt=\"Condividi su Whatsapp\"><\/a><a href=\"https:\/\/www.dagospia.com\/politica\/nordio-nel-bunker-ministro-giustizia-si-chiude-negli-uffici-via-arenula-472609\"><img decoding=\"async\" src=\"https:\/\/static.dagospia.com\/img\/icons\/mail.svg\" alt=\"Invia in email\"><\/a><\/div>\n<\/div>\n<\/article>\n<div class=\"content\">\n<p class=\"disable\"><strong>Estratto dell\u2019articolo di Concetto Vecchio e Gabriella Cerami per <a href=\"http:\/\/www.repubblica.it\" target=\"_blank\">&#8220;la Repubblica\u201d<\/a><\/strong><\/p>\n<p class=\"disable\">\u00a0<\/p>\n<p><a href=\"https:\/\/www.dagospia.com\/media-gallery\/dago-fotogallery-509037\/2257838\" class=\"float-right img-wrapper\"><img decoding=\"async\" id=\"2257838\" loading=\"lazy\" src=\"https:\/\/static.dagospia.com\/img\/foto\/04-2026\/mai-dire-uruguay-meme-su-carlo-nordio-e-nicole-minetti-by-50-sfumature-di-cattiv-2257838_800_q50.webp\"><span class=\"img-title\">mai dire uruguay meme su carlo nordio e nicole minetti by 50 sfumature di cattiveria <\/span><\/a><\/p>\n<p class=\"disable\">Asserragliato nel suo ufficio. Carlo Nordio ha disdetto tutti gli appuntamenti fuori da queste mura. Il ministero della Giustizia \u00e8 diventato il fortino nel quale rifugiarsi in attesa che sulla sua scrivania arrivino nuove carte dalla procura generale di Milano per stabilire se c&#8217;erano o no i presupposti per concedere la grazia a Nicole Minetti.<\/p>\n<p class=\"disable\">\u00a0<\/p>\n<p class=\"disable\">Ieri pomeriggio il Guardasigilli era atteso alla Camera per la presentazione del decimo rapporto Censis sull&#8217;avvocatura 2026, ma non ha mai varcato il portone di Montecitorio. Ad affrontare le domande dei cronisti \u00a0[\u2026] \u00e8 stato mandato il suo vice Francesco Paolo Sisto dopo per\u00f2 aver stabilito la linea da seguire in un incontro avuto al mattino, in via Arenula, con il ministro e l&#8217;altro vice Andrea Ostellari.<\/p>\n<p class=\"disable\">\u00a0<\/p>\n<p class=\"disable\">Nordio \u00e8 nervoso. Ma l&#8217;immagine che vuole dare di s\u00e9 \u00e8 di chi porta avanti il suo lavoro, tra la firma di un&#8217;intesa con i sindacati e un incontro con l&#8217;Associazione nazionale magistrati. [\u2026]<\/p>\n<p class=\"disable\">\u00a0<\/p>\n<p><a href=\"https:\/\/www.dagospia.com\/media-gallery\/dago-fotogallery-509037\/2200733\" class=\"float-left img-wrapper\"><img decoding=\"async\" id=\"2200733\" loading=\"lazy\" src=\"https:\/\/static.dagospia.com\/img\/foto\/11-2025\/nicole-minetti-2200733_800_q50.webp\"><span class=\"img-title\">NICOLE MINETTI<\/span><\/a><\/p>\n<p class=\"disable\">\u00abAbbiamo documenti che dimostrano che abbiamo ottemperato le procedure al 101%\u00bb, ha detto. Ma i nodi restano: se ad esempio il ministero abbia indicato alla procura un perimetro di indagine per la pratica della grazia solo nazionale e non estesa all&#8217;Uruguay, paese d&#8217;origine del bambino adottato. La difesa viene affidata a Sisto, in transatlantico a Montecitorio: \u00abNon so chi l&#8217;ha raccontata questa balla. Noi non diamo indicazioni. La procura agisce in assoluta libert\u00e0 qualitativa e quantitativa. Non c&#8217;\u00e8 nessun perimetro\u00bb.<\/p>\n<p class=\"disable\">\u00a0<\/p>\n<p class=\"disable\">Il viceministro prova a derubricare il tutto a una questione \u00abnon politica\u00bb ma \u00abgiuridica: qualcuno dice che la grazia si pu\u00f2 revocare, qualcuno che bisogna annullarla perch\u00e9 siamo di fronte a una patologia del procedimento amministrativo per non veridicit\u00e0 dei presupposti e a me piace pi\u00f9 la seconda soluzione\u00bb.<\/p>\n<p class=\"disable\">\u00a0<\/p>\n<p><a href=\"https:\/\/www.dagospia.com\/media-gallery\/dago-fotogallery-509037\/2244726\" class=\"float-right img-wrapper\"><img decoding=\"async\" id=\"2244726\" loading=\"lazy\" src=\"https:\/\/static.dagospia.com\/img\/foto\/03-2026\/carlo-nordio-beve-uno-spritz-2244726_800_q50.webp\"><span class=\"img-title\">carlo nordio beve uno spritz <\/span><\/a><\/p>\n<p class=\"disable\">Al Quirinale aspettano l&#8217;esito dell&#8217;inchiesta della Procura generale senza sposare alcuna tesi. Ci tengono a ribadire che la lettera inviata l&#8217;altro giorno dal presidente della Repubblica Sergio Mattarella al ministro Nordio, quella in cui sono stati chiesti chiarimenti con \u00abcortese urgenza\u00bb, non implicava una critica al Guardasigilli che aveva avuto modo di valutare le stesse carte poi finite sul tavolo del capo dello Stato.<\/p>\n<p class=\"disable\">\u00a0<\/p>\n<p class=\"disable\">La domanda di grazia, presentata nel luglio scorso dai legali di Minetti, era arrivata all&#8217;ufficio &#8220;Comparto grazie&#8221; del Quirinale, che com&#8217;\u00e8 prassi, l&#8217;ha poi inviata al ministero affinch\u00e9 avviasse l&#8217;iter delle verifiche con la procura generale di Milano.<\/p>\n<p class=\"disable\">\u00a0<\/p>\n<p><a href=\"https:\/\/www.dagospia.com\/media-gallery\/dago-fotogallery-509037\/2200735\" class=\"float-right img-wrapper\"><img decoding=\"async\" id=\"2200735\" loading=\"lazy\" src=\"https:\/\/static.dagospia.com\/img\/foto\/11-2025\/nicole-minetti-2200735_800_q50.webp\"><span class=\"img-title\">NICOLE MINETTI<\/span><\/a><\/p>\n<p class=\"disable\">Il presidente della Repubblica dice s\u00ec o no soltanto davanti ai casi istruiti. Nel caso di Nicole Minetti ci\u00f2 \u00e8 avvenuto il 18 febbraio. Oggi Mattarella sar\u00e0 a Pontedera, alla Piaggio, per la tradizionale visita a una fabbrica in occasione della festa del Primo maggio. Sono 80 anni della Vespa. \u00c8 la prima uscita pubblica dopo la lettera a Nordio. Ma oggi il presidente parler\u00e0 di lavoro e non del caso Minetti.<\/p>\n<p class=\"disable\">\u00a0<\/p>\n<p class=\"disable\">Che per\u00f2 continua a far discutere tra i corridoi di Montecitorio. Fratelli d&#8217;Italia ha preparato un dossier a uso interno in cui si spiega che \u00e8 \u00abscorretto tentare di addebitare al ministro della Giustizia responsabilit\u00e0\u00bb e \u00abse dagli ulteriori accertamenti dovessero emergere condotte illecite o tentativi di trarre in inganno le istituzioni, sar\u00e0 opportuno che i responsabili ne rispondano\u00bb. Il dito viene puntato ancora contro la procura generale.<\/p>\n<p><a href=\"https:\/\/www.dagospia.com\/media-gallery\/dago-fotogallery-509037\/2257234\" class=\"float-right img-wrapper\"><img decoding=\"async\" id=\"2257234\" loading=\"lazy\" src=\"https:\/\/static.dagospia.com\/img\/foto\/04-2026\/nicole-minetti-e-grazia-ricevuta-da-sergio-mattarella-vignetta-by-vukic-2257234_800_q50.webp\"><span class=\"img-title\">nicole minetti e grazia ricevuta da sergio mattarella &#8211; vignetta by vukic<\/span><\/a><a href=\"https:\/\/www.dagospia.com\/media-gallery\/dago-fotogallery-509037\/2257569\" class=\"float-right img-wrapper\"><img decoding=\"async\" id=\"2257569\" loading=\"lazy\" src=\"https:\/\/static.dagospia.com\/img\/foto\/04-2026\/carlo-nordio-2257569_800_q50.webp\"><span class=\"img-title\">carlo nordio<\/span><\/a><a href=\"https:\/\/www.dagospia.com\/media-gallery\/dago-fotogallery-509037\/2256790\" class=\"float-right img-wrapper\"><img decoding=\"async\" id=\"2256790\" loading=\"lazy\" src=\"https:\/\/static.dagospia.com\/img\/foto\/04-2026\/sergio-mattarella-giorgia-meloni-25-aprile-2256790_800_q50.webp\"><span class=\"img-title\">SERGIO MATTARELLA GIORGIA MELONI 25 APRILE <\/span><\/a><\/p>\n<p><a href=\"https:\/\/www.dagospia.com\/media-gallery\/dago-fotogallery-509037\/2039305\" class=\"float-right img-wrapper\"><img decoding=\"async\" id=\"2039305\" loading=\"lazy\" src=\"https:\/\/static.dagospia.com\/img\/foto\/09-2024\/nicole-minetti-2039305_800_q50.webp\"><span class=\"img-title\">nicole minetti<\/span><\/a><a href=\"https:\/\/www.dagospia.com\/media-gallery\/dago-fotogallery-509037\/2257570\" class=\"float-right img-wrapper\"><img decoding=\"async\" id=\"2257570\" loading=\"lazy\" src=\"https:\/\/static.dagospia.com\/img\/foto\/04-2026\/sigfrido-ranucci-e-carlo-nordio-e-sempre-cartabianca-2257570_800_q50.webp\"><span class=\"img-title\">sigfrido ranucci e carlo nordio &#8211; e sempre cartabianca<\/span><\/a><a href=\"https:\/\/www.dagospia.com\/media-gallery\/dago-fotogallery-509037\/2039303\" class=\"float-right img-wrapper\"><img decoding=\"async\" id=\"2039303\" loading=\"lazy\" src=\"https:\/\/static.dagospia.com\/img\/foto\/09-2024\/nicole-minetti-2-2039303_800_q50.webp\"><span class=\"img-title\">nicole minetti 2<\/span><\/a><a href=\"https:\/\/www.dagospia.com\/media-gallery\/dago-fotogallery-509037\/2242677\" class=\"float-right img-wrapper\"><img decoding=\"async\" id=\"2242677\" loading=\"lazy\" src=\"https:\/\/static.dagospia.com\/img\/foto\/03-2026\/carlo-nordio-e-giusi-bartolozzi-2242677_800_q50.webp\"><span class=\"img-title\">carlo nordio e giusi bartolozzi<\/span><\/a><a href=\"https:\/\/www.dagospia.com\/media-gallery\/dago-fotogallery-509037\/2242367\" class=\"float-right img-wrapper\"><img decoding=\"async\" id=\"2242367\" loading=\"lazy\" src=\"https:\/\/static.dagospia.com\/img\/foto\/03-2026\/giusi-bartolozzi-andrea-delmastro-carlo-nordio-foto-lapresse-2242367_800_q50.webp\"><span class=\"img-title\">giusi bartolozzi andrea delmastro carlo nordio foto lapresse <\/span><\/a><a href=\"https:\/\/www.dagospia.com\/media-gallery\/dago-fotogallery-509037\/2257837\" class=\"float-right img-wrapper\"><img decoding=\"async\" id=\"2257837\" loading=\"lazy\" src=\"https:\/\/static.dagospia.com\/img\/foto\/04-2026\/meme-su-nicole-minetti-by-emiliano-carli-2257837_800_q50.webp\"><span class=\"img-title\"> meme su nicole minetti by emiliano carli <\/span><\/a><a href=\"https:\/\/www.dagospia.com\/media-gallery\/dago-fotogallery-509037\/2257665\" class=\"float-right img-wrapper\"><img decoding=\"async\" id=\"2257665\" loading=\"lazy\" src=\"https:\/\/static.dagospia.com\/img\/foto\/04-2026\/nicole-minetti-e-giuseppe-cipriani-2257665_800_q50.webp\"><span class=\"img-title\">NICOLE MINETTI E GIUSEPPE CIPRIANI <\/span><\/a><a href=\"https:\/\/www.dagospia.com\/media-gallery\/dago-fotogallery-509037\/2242803\" class=\"float-right img-wrapper\"><img decoding=\"async\" id=\"2242803\" loading=\"lazy\" src=\"https:\/\/static.dagospia.com\/img\/foto\/03-2026\/manifesto-con-giorgia-meloni-e-carlo-nordio-bruciato-alla-manifestazione-per-il--2242803_800_q50.webp\"><span class=\"img-title\">manifesto con Giorgia Meloni e Carlo Nordio bruciato alla manifestazione per il no al referendum a roma<\/span><\/a><a href=\"https:\/\/www.dagospia.com\/media-gallery\/dago-fotogallery-509037\/2257313\" class=\"float-right img-wrapper\"><img decoding=\"async\" id=\"2257313\" loading=\"lazy\" src=\"https:\/\/static.dagospia.com\/img\/foto\/04-2026\/vignetta-ellekappa-carlo-nordio-e-nicole-minetti-2257313_800_q50.webp\"><span class=\"img-title\">VIGNETTA ELLEKAPPA &#8211; CARLO NORDIO E NICOLE MINETTI<\/span><\/a><\/p>\n<\/div>\n<article><a href=\"https:\/\/www.dagospia.com\/politica\/dagoreport-dopo-referendum-diluvio-voto-22-23-marzo-aperto-voragine-472554\"><\/p>\n<div class=\"img-wrapper\"><img decoding=\"async\" src=\"https:\/\/static.dagospia.com\/img\/patch\/04-2026\/giorgia-meloni-matteo-salvini-antonio-tajani-nicole-minetti-carlo-nordio-2257887_600_q50.webp\" alt=\"giorgia meloni matteo salvini antonio tajani nicole minetti carlo nordio \" loading=\"lazy\"><time class=\"data-ora\">30 apr 15:22<\/time><\/div>\n<div class=\"excerpt\">\n<p>DAGOREPORT \u2013 <span>DOPO IL REFERENDUM, IL DILUVIO: IL VOTO DEL 22-23 MARZO HA APERTO UNA VORAGINE CHE STA INGHIOTTENDO GLI INQUILINI DI PALAZZO CHIGI, MENTRE SI RESPIRA GIA&#8217; ARIA DI SMOBILITAZIONE NEGLI APPARATI DI STATO\u00a0<\/span>&#8211; OGNI GIORNO C\u2019\u00c8\u00a0UNA CADUTA D&#8217;IMMAGINE PER IL GOVERNO MELONI (DAL CASO PIANTEDOSI-CONTE A QUELLO MINETTI, DAGLI SCAZZI TRA GIULI E BUTTAFUOCO AL RIBALTONE IN MPS FINO ALLO SPIONE DEL DEO), A CUI SI AGGIUNGE L&#8217;IMPLOSIONE DI FRATELLI D&#8217;ITALIA E LA GUERRA DI LOGORAMENTO DI SALVINI E LE VELLEIT\u00c0\u00a0MODERATE DELLA NUOVA FORZA ITALIA BY MARINA BERLUSCONI \u2013 <span>PER LA DUCETTA LA PAURA DI CROLLARE E DI FINIRE DI COLPO DALL&#8217;ALTARE ALLA POVERE, COME E&#8217; GIA&#8217; SUCCESSO PER RENZI, SALVINI, DI MAIO E CONTE, E&#8217; ALTISSIMA<\/span> &#8211; A LIVELLO INTERNAZIONALE, DOPO IL \u201cVAFFA\u201d DI TRUMP, LA DUCETTA \u00c8\u00a0ISOLATA (MERZ NON SI FA TIRARE PER LA GIACCHETTA) E NON HA PI\u00d9\u00a0UN EURO DA SPENDERE PER LE MANCETTE PRE-ELETTORALI \u2013 <span>SOLO L\u2019INAZIONE DELL\u2019OPPOSIZIONE LE PERMETTE DI STARE ANCORA INCOLLATA A PALAZZO CHIGI E, GRAZIE ALL\u2019APPARATO MEDIATICO \u201cFIANCHEGGIATORE\u201d, DI \u201cINSABBIARE\u201d MOLTE BEGHE POLITICHE<\/span>. MA GLI ITALIANI NON HANNO L\u2019ANELLO AL NASO: SONO LORO A PAGARE 2 EURO AL LITRO IL GASOLIO\u2026<\/p>\n<\/div>\n<p><\/a><\/article>\n<article><a href=\"https:\/\/www.dagospia.com\/politica\/dagoreport-habemus-trionnale-dopo-aver-buttato-al-fuoco-biennale-472562\"><\/p>\n<div class=\"img-wrapper\"><img decoding=\"async\" src=\"https:\/\/static.dagospia.com\/img\/patch\/04-2026\/triennale-giuli-la-russa-trione-beppe-sala-2257913_600_q50.webp\" alt=\"triennale giuli la russa trione beppe sala\" loading=\"lazy\"><time class=\"data-ora\">29 apr 18:54<\/time><\/div>\n<div class=\"excerpt\">\n<p>DAGOREPORT: HABEMUS &#8220;TRIONNALE&#8221;! &#8211; <span>DOPO AVER BUTTATO-AL-FUOCO LA BIENNALE, IL MINISTRO GIULI-VO ORA SI \u00c8 FATTO BOCCIARE DAL SINDACO DI MILANO LA SUA CANDIDATA ANDR\u00c9E RUTH SHAMMAH<\/span>, FACENDOSI IMPORRE VINCENZO TRIONE, STORICO E CRITICO D\u2019ARTE, COAUTORE CON LA PENNA ROSSA DI TOMASO MONTANARI DI UN LIBRO INTITOLATO \u201cCONTRO LE MOSTRE\u201d (QUELLE FATTE DAGLI ALTRI) &#8211; <span>SEGNALE POCO GIULI-VO PER I CAMERATI ROMANI DELLA MELONI IL VIA LIBERA SU TRIONE CHE AVREBBE DATO IGNAZIO LA RUSSA<\/span>, \u201cPADRONE\u201d DI MILANO E DINTORNI (VEDI CI\u00d2 CHE SUCCEDE ALLA PINACOTECA DI BRERA BY CRESPI) &#8211; <span>FORZA ITALIA \u00c8 RIUSCITA A FAR ENTRARE, DIREBBE MARINA B. \u2018\u2019UN VOLTO NUOVO\u2019\u2019:<\/span> DAVIDE RAMPELLO CHE DELLA TRIENNALE \u00c8 GI\u00c0 STATO PRESIDENTE UN\u2019ERA GEOLOGICA FA\u2026<\/p>\n<\/div>\n<p><\/a><\/article>\n<article><a href=\"https:\/\/www.dagospia.com\/cafonal\/dagoreport-promemoria-per-sopravvivere-terremoto-digitale-in-occasione-472535\"><\/p>\n<div class=\"img-wrapper\"><img decoding=\"async\" src=\"https:\/\/static.dagospia.com\/img\/patch\/04-2026\/2026masi-2257859_600_q50.webp\" alt=\"2026masi \" loading=\"lazy\"><time class=\"data-ora\">29 apr 15:53<\/time><\/div>\n<div class=\"excerpt\">\n<p><span>DAGOREPORT: \u201cPROMEMORIA\u201d PER SOPRAVVIVERE AL TERREMOTO DIGITALE &#8211; <\/span>IN OCCASIONE DELLA RISTAMPA DEL LIBRO DI MAURO MASI, UN GRAN PARTERRE SI \u00c8 DATO APPUNTAMENTO AL MALAGOLIANO CIRCOLO ANIENE &#8211; PER ANALIZZARE LE PROBLEMATICHE CONNESSE ALL\u2019IA PER NON RIPETERE GLI ERRORI FATTI CON INTERNET QUANDO NEGLI ANNI \u201880 E \u201890 SI DECISE DI NON REGOLAMENTARE LA RETE, <span>HANNO AFFERRATO IL MICROFONO L\u2019EX CONSOB, PAOLO SAVONA, L\u2019INOSSIDABILE GIANNI LETTA, ROBERTO SOMMELLA DI \u2018\u2019MF\u201d, IL LEGHISTA RAI ANTONIO MARANO<\/span> \u2013 IN PLATEA, GIORGIO ASSUMMA, LUCIO PRESTA, MICHELE GUARD\u00cc, BARBARA PALOMBELLI, BELLAVISTA CALTAGIRONE, ROBERTO VACCARELLA, GIANNI MILITO, TIBERIO TIMPERI\u2026<\/p>\n<\/div>\n<p><\/a><\/article>\n<article><a href=\"https:\/\/www.dagospia.com\/politica\/dagoreport-occhi-orecchie-puntate-washington-visita-re-carlo-sara-472429\"><\/p>\n<div class=\"img-wrapper\"><img decoding=\"async\" src=\"https:\/\/static.dagospia.com\/img\/patch\/04-2026\/donald-trump-xi-jinping-re-carlo-iii-paolo-zampolli-mohammed-bin-zayed-al-nahyan-2257479_600_q50.webp\" alt=\"donald trump xi jinping re carlo iii paolo zampolli mohammed bin zayed al nahyan\" loading=\"lazy\"><time class=\"data-ora\">28 apr 19:59<\/time><\/div>\n<div class=\"excerpt\">\n<p>DAGOREPORT \u2013 OCCHI E ORECCHIE PUNTATE SU WASHINGTON: <span>LA VISITA DI RE CARLO SAR\u00c0 UTILE A TRUMP, SEMPRE PIU\u2019 ISOLATO, CHE HA BISOGNO DI RINSALDARE LA STORICA ALLEANZA CON LA GRAN BRETAGNA<\/span> \u2013 IL PETROLIO COSTA, GLI ELETTORI SONO INCAZZATI: WASHINGTON VUOLE ACCELERARE SULLA PACE CON L\u2019IRAN. MA <span>GLI AYATOLLAH MOLLERANNO SOLO QUANDO LO ORDINER\u00c0 LORO IL \u201cPADRONCINO\u201d XI JINPING<\/span> (L\u2019INCONTRO A PECHINO DEL 14-15 MAGGIO SAR\u00c0 UNA NUOVA YALTA?) \u2013 EMIRATI INGOLFATI: ABU DHABI CHIEDE UNA \u201cSWAP LINE\u201d D\u2019EMERGENZA A WASHINGTON, E IL TYCOON NON PU\u00d2 DIRE DI NO \u2013 <span>LA TESTA PLATINATA DI DONALD ZAMPILLA DI\u2026ZAMPOLLI:<\/span> IL PASTICCIACCIO DEL SUO INVIATO SPECIALE E LE POSSIBILI RIVELAZIONI DELLA SUA EX, AMANDA UNGARO, NON SONO UNA MINCHIATA\u2026<\/p>\n<\/div>\n<p><\/a><\/article>\n<article><a href=\"https:\/\/www.dagospia.com\/politica\/dagoreport-responsabilita-maggiore-nel-pastrocchio-grazia-nicole-minetti-472434\"><\/p>\n<div class=\"img-wrapper\"><img decoding=\"async\" src=\"https:\/\/static.dagospia.com\/img\/patch\/04-2026\/nicole-minetti-carlo-nordio-francesca-nanni-2257547_600_q50.webp\" alt=\"nicole minetti carlo nordio francesca nanni \" loading=\"lazy\"><time class=\"data-ora\">28 apr 19:31<\/time><\/div>\n<div class=\"excerpt\">\n<p>DAGOREPORT \u2013 <span>TEMPI SEMPRE PIU&#8217; CUPI PER L&#8217;EX INVINCIBILE ARMATA BRANCA-MELONI<\/span> &#8211;\u00a0LA RESPONSABILIT\u00c0 NEL PASTROCCHIO DELLA GRAZIA A NICOLE MINETTI PESA, IN PRIMIS, SUL CAPOCCIONE DEL MINISTRO NORDIO &#8211; <span>LA PROCURA GENERALE DELLA CORTE D&#8217;APPELLO DI MILANO, GUIDATA DA FRANCESCA NANNI<\/span>, SI E&#8217; PRECIPITATA A DICHIARARE CHE L&#8217;ISTRUTTORIA SULLA PRATICA MINETTI SI E&#8217; ATTENUTA ALLE INDICAZIONI DEL MINISTERO DELLA GIUSTIZIA: VERIFICARE LA VERIDICITA&#8217; DI QUANTO AFFERMATO NELLA DOMANDA DI GRAZIA\u00a0SULLA CONDOTTA DI VITA DELLA MINETTI IN ITALIA &#8211; <span>NULLA E&#8217; STATO APPROFONDITO SULLE ATTIVITA&#8217; IN URUGUAY (TRA ESCORT E FESTINI) DELL\u2019EX IGIENISTA DENTALE DI BERLUSCONI<\/span> E DEL SUO COMPAGNO GIUSEPPE CIPRIANI, SODALE D&#8217;AFFARI CON EPSTEIN \u2013 DALLA PROCURA DI MILANO, LA PRATICA MINETTI E&#8217; TORNATA AL MINISTERO DI NORDIO CHE, DATO IL SUO PARERE POSITIVO, L&#8217;HA INVIATA AL QUIRINALE &#8211;<span> L&#8217;ACCERTAMENTO\u00a0DI QUANTO RIVELATO DAL \u201cFATTO QUOTIDIANO\u201d,\u00a0RENDEREBBE INEVITABILI LE DIMISSIONI DI NORDIO, GI\u00c0 PROTAGONISTA CON LA &#8220;ZARINA&#8221; GIUSI BARTOLOZZI, DI UNA SERIE DI FIGURACCE E DISASTRI<\/span>: ALMASRI,\u00a0GLI ATTACCHI AL CSM E AI MAGISTRATI, LA BATOSTA DEL REFERENDUM SULLA GIUSTIZIA, ECCETERA &#8211; (LA REVOCA DELLA GRAZIA SAREBBE LA PRIMA VOLTA NELLA STORIA DELLA REPUBBLICA&#8230;)<\/p>\n<\/div>\n<p><\/a><\/article>\n<article><a href=\"https:\/\/www.dagospia.com\/politica\/flash-come-si-e-arrivati-licenziamento-beatrice-venezi-c-e-ragione-piu-472316\"><\/p>\n<div class=\"img-wrapper\"><img decoding=\"async\" src=\"https:\/\/static.dagospia.com\/img\/patch\/04-2026\/meloni-buttafuoco-fenice-venezi-colabianchi-giuli-brugnaro-2257163_600_q50.webp\" alt=\"meloni buttafuoco fenice venezi colabianchi giuli brugnaro\" loading=\"lazy\"><time class=\"data-ora\">27 apr 20:12<\/time><\/div>\n<div class=\"excerpt\">\n<p>FLASH! \u2013 <span>DIETRO LA CACCIATA\u00a0DI BEATRICE VENEZI C&#8217;E&#8217; UNA RAGIONE PI\u00d9\u00a0\u201cPOLITICA\u201d CHE MUSICALE: A FINE MAGGIO SI VOTA A VENEZIA PER IL NUOVO SINDACO <\/span>CHE PRENDERA&#8217; IL POSTO DI BRUGNARO, GRAN SPONSOR DELLA\u00a0\u201cBACCHETTA NERA\u201d (COME ANCHE IL MAL-DESTRO ZAIA) &#8211; <span>QUANDO MELONI HA SBIRCIATO I SONDAGGI RISERVATI <\/span>CHE VEDE IL CENTROSINISTRA AVANTI, SOSPINTO DALLO SCANDALOSO CASO-VENEZI (CHE STRAPPA ALLA DESTRA\u00a04-5%), GLI OTOLITI SONO ANDATI IN TILT &#8211; <span>E ALLA PRIMA OCCASIONE, CON LE IMPROVVIDE DICHIARAZIONI DI \u201cBEATROCE\u201d CONTRO L\u2019ORCHESTRA, \u00c8\u00a0STATA LICENZIATA &#8211;\u00a0<\/span>LO STESSO &#8221;SENTIMENT&#8221; VALE PER BUTTAFUOCO, MA IL PRESIDENTE DELLA BIENNALE, PIU&#8217; FURBO, NON OFFRE PER ORA IL FIANCO PER LIQUIDARLO &#8211; <span>E SE VENISSE CACCIATO, A DIFFERENZA DI VENEZI, HA L&#8217;\u201cINTELLIGHENZIA\u201d DEI SINISTRATI<\/span> CHE LODA L&#8217;INTELLETTUALITA&#8217; DEL FASCIO-MUSULMANO CHE APRE IL PADIGLIONE AI RUSSI&#8230;.<\/p>\n<\/div>\n<p><\/a><\/article>\n<article><a href=\"https:\/\/www.dagospia.com\/politica\/caso-minetti-ranucci-bomba-nordio-marzo-e-in-uruguay-nel-ranch-cipriani-472461\"><\/p>\n<div class=\"img-wrapper\"><img decoding=\"async\" src=\"https:\/\/static.dagospia.com\/img\/patch\/04-2026\/nicole-minetti-2257565_600_q50.webp\" alt=\"nicole minetti nordio meloni cipriani ranucci\" loading=\"lazy\"><\/div>\n<div class=\"excerpt\">SUL PASTROCCHIO DELLA GRAZIA A NICOLE MINETTI SIGFRIDO RANUCCI SGANCIA LA BOMBA A \u201c\u00c8 SEMPRE\u2026<\/div>\n<p><\/a><\/article>\n<article><a href=\"https:\/\/www.dagospia.com\/cronache\/michael-jackson-mi-abbasso-i-pantaloncini-mentre-giocavo-game-boy-470026\"><\/p>\n<div class=\"img-wrapper\"><img decoding=\"async\" src=\"https:\/\/static.dagospia.com\/img\/patch\/04-2026\/michael-jackson-aldo-cascio-2250437_600_q50.webp\" alt=\"michael jackson aldo cascio \" loading=\"lazy\"><\/div>\n<div class=\"excerpt\">\u201cMICHAEL JACKSON MI ABBASS\u00d2 I PANTALONCINI MENTRE GIOCAVO AL GAME BOY\u201d \u2013 LE TESTIMONIANZE DEI\u2026<\/div>\n<p><\/a><\/article>\n<article><a href=\"https:\/\/www.dagospia.com\/sport\/psg-bayern-5-4-uno-spot-per-calcio-magie-pali-errori-difensivi-9gol-472458\"><\/p>\n<div class=\"img-wrapper\"><img decoding=\"async\" src=\"https:\/\/static.dagospia.com\/img\/patch\/04-2026\/psg-bayern-monaco-2257555_600_q50.webp\" alt=\"psg bayern monaco\" loading=\"lazy\"><\/div>\n<div class=\"excerpt\">VIDEO-PSG-BAYERN 5-4: UNO SPOT PER IL CALCIO&#8230;DA TIK TOK! MAGIE, ERRORI DIFENSIVI, PALI E NOVE GOL\u2026<\/div>\n<p><\/a><\/article>\n<article><a href=\"https:\/\/www.dagospia.com\/media-tv\/pillole-gossip-elodie-franceska-limonano-pochi-passi-472290\"><\/p>\n<div class=\"img-wrapper\"><img decoding=\"async\" src=\"https:\/\/static.dagospia.com\/img\/patch\/04-2026\/pillole-avanti-gossip-2257085_600_q50.webp\" alt=\"pillole avanti gossip\" loading=\"lazy\"><\/div>\n<div class=\"excerpt\">PILLOLE DI GOSSIP! IL TRIANGOLO, S\u00cc! 25 APRILE\u00a0ELODIE E FRANCESKA SI SONO RITROVATE A POCHI PASSI\u2026<\/div>\n<p><\/a><\/article>\n<article><a href=\"https:\/\/www.dagospia.com\/media-tv\/con-mollato-corazze-riconoscete-49enne-parla-chi-compagno-472501\"><\/p>\n<div class=\"img-wrapper\"><img decoding=\"async\" src=\"https:\/\/static.dagospia.com\/img\/patch\/04-2026\/michelle-hunziker-2257659_600_q50.webp\" alt=\"michelle hunziker\" loading=\"lazy\"><\/div>\n<div class=\"excerpt\">\u201cCON LUI HO MOLLATO LE CORAZZE, TUTTI I MURI DI BERLINO CHE AVEVO COSTRUITO INTORNO A ME\u201d \u2013 LA\u2026<\/div>\n<p><\/a><\/article>\n<article><a href=\"https:\/\/www.dagospia.com\/politica\/dagoreport-dopo-referendum-diluvio-voto-22-23-marzo-aperto-voragine-472554\"><\/p>\n<div class=\"img-wrapper\"><img decoding=\"async\" src=\"https:\/\/static.dagospia.com\/img\/patch\/04-2026\/giorgia-meloni-matteo-salvini-antonio-tajani-nicole-minetti-carlo-nordio-2257887_600_q50.webp\" alt=\"giorgia meloni matteo salvini antonio tajani nicole minetti carlo nordio \" loading=\"lazy\"><\/div>\n<div class=\"excerpt\">DAGOREPORT \u2013 DOPO IL REFERENDUM, IL DILUVIO: IL VOTO DEL 22-23 MARZO HA APERTO UNA VORAGINE CHE STA\u2026<\/div>\n<p><\/a><\/article>\n<article><a href=\"https:\/\/www.dagospia.com\/politica\/dagoreport-habemus-trionnale-dopo-aver-buttato-al-fuoco-biennale-472562\"><\/p>\n<div class=\"img-wrapper\"><img decoding=\"async\" src=\"https:\/\/static.dagospia.com\/img\/patch\/04-2026\/triennale-giuli-la-russa-trione-beppe-sala-2257913_600_q50.webp\" alt=\"triennale giuli la russa trione beppe sala\" loading=\"lazy\"><\/div>\n<div class=\"excerpt\">DAGOREPORT: HABEMUS &#8220;TRIONNALE&#8221;! &#8211; DOPO AVER BUTTATO-AL-FUOCO LA BIENNALE, IL MINISTRO GIULI-VO ORA\u2026<\/div>\n<p><\/a><\/article>\n<article><a href=\"https:\/\/www.dagospia.com\/cafonal\/dagoreport-promemoria-per-sopravvivere-terremoto-digitale-in-occasione-472535\"><\/p>\n<div class=\"img-wrapper\"><img decoding=\"async\" src=\"https:\/\/static.dagospia.com\/img\/patch\/04-2026\/2026masi-2257859_600_q50.webp\" alt=\"2026masi \" loading=\"lazy\"><\/div>\n<div class=\"excerpt\">DAGOREPORT: \u201cPROMEMORIA\u201d PER SOPRAVVIVERE AL TERREMOTO DIGITALE &#8211; IN OCCASIONE DELLA RISTAMPA DEL\u2026<\/div>\n<p><\/a><\/article>\n<article><a href=\"https:\/\/www.dagospia.com\/politica\/dagoreport-occhi-orecchie-puntate-washington-visita-re-carlo-sara-472429\"><\/p>\n<div class=\"img-wrapper\"><img decoding=\"async\" src=\"https:\/\/static.dagospia.com\/img\/patch\/04-2026\/donald-trump-xi-jinping-re-carlo-iii-paolo-zampolli-mohammed-bin-zayed-al-nahyan-2257479_600_q50.webp\" alt=\"donald trump xi jinping re carlo iii paolo zampolli mohammed bin zayed al nahyan\" loading=\"lazy\"><\/div>\n<div class=\"excerpt\">DAGOREPORT \u2013 OCCHI E ORECCHIE PUNTATE SU WASHINGTON: LA VISITA DI RE CARLO SAR\u00c0 UTILE A TRUMP,\u2026<\/div>\n<p><\/a><\/article>\n<article><a href=\"https:\/\/www.dagospia.com\/politica\/dagoreport-responsabilita-maggiore-nel-pastrocchio-grazia-nicole-minetti-472434\"><\/p>\n<div class=\"img-wrapper\"><img decoding=\"async\" src=\"https:\/\/static.dagospia.com\/img\/patch\/04-2026\/nicole-minetti-carlo-nordio-francesca-nanni-2257547_600_q50.webp\" alt=\"nicole minetti carlo nordio francesca nanni \" loading=\"lazy\"><\/div>\n<div class=\"excerpt\">DAGOREPORT \u2013 TEMPI SEMPRE PIU&#8217; CUPI PER L&#8217;EX INVINCIBILE ARMATA BRANCA-MELONI &#8211;\u00a0LA RESPONSABILIT\u00c0\u2026<\/div>\n<p><\/a><\/article>\n<article><a href=\"https:\/\/www.dagospia.com\/politica\/flash-come-si-e-arrivati-licenziamento-beatrice-venezi-c-e-ragione-piu-472316\"><\/p>\n<div class=\"img-wrapper\"><img decoding=\"async\" src=\"https:\/\/static.dagospia.com\/img\/patch\/04-2026\/meloni-buttafuoco-fenice-venezi-colabianchi-giuli-brugnaro-2257163_600_q50.webp\" alt=\"meloni buttafuoco fenice venezi colabianchi giuli brugnaro\" loading=\"lazy\"><\/div>\n<div class=\"excerpt\">FLASH! \u2013 DIETRO LA CACCIATA\u00a0DI BEATRICE VENEZI C&#8217;E&#8217; UNA RAGIONE PI\u00d9\u00a0\u201cPOLITICA\u201d CHE MUSICALE: A FINE\u2026<\/div>\n<p><\/a><\/article>\n<article><a href=\"https:\/\/www.dagospia.com\/sport\/caso-rocchi-abodi-giorgetti-l-idea-commissariare-figc-meloni-considera-472320\"><\/p>\n<div class=\"img-wrapper\"><img decoding=\"async\" src=\"https:\/\/static.dagospia.com\/img\/patch\/04-2026\/giovanni-malago-giorgia-meloni-giancarlo-giorgetti-andrea-abodi-gianluca-rocchi-2257188_600_q50.webp\" alt=\"giovanni malago giorgia meloni giancarlo giorgetti andrea abodi gianluca rocchi \" loading=\"lazy\"><\/div>\n<div class=\"excerpt\">DAGOREPORT &#8211; IL CASO ROCCHI E&#8217; ARRIVATO COME IL CACIO SUI MACCHERONI PER ABODI E GIORGETTI,\u2026<\/div>\n<p><\/a><\/article>\n<article><a href=\"https:\/\/www.dagospia.com\/politica\/dagoreport-uniche-pompe-non-piacciono-trump-quelle-benzina-e-vero-472319\"><\/p>\n<div class=\"img-wrapper\"><img decoding=\"async\" src=\"https:\/\/static.dagospia.com\/img\/patch\/04-2026\/donald-trump-benzinaio-benzina-petrolio-greggio-2251186_600_q50.webp\" alt=\"donald trump benzinaio benzina petrolio greggio \" loading=\"lazy\"><\/div>\n<div class=\"excerpt\">DAGOREPORT \u2013 LE UNICHE POMPE CHE NON PIACCIONO A TRUMP SONO QUELLE DI BENZINA! \u00c8 VERO CHE LE\u2026<\/div>\n<p><\/a><\/article>\n<article><a href=\"https:\/\/www.dagospia.com\/media-tv\/dagoreport-la-repubblica-atene-theodore-kyriakou-idee-repubblica-472317\"><\/p>\n<div class=\"img-wrapper\"><img decoding=\"async\" src=\"https:\/\/static.dagospia.com\/img\/patch\/04-2026\/kyriakou-repubblica-radio-capital-tv8-2257164_600_q50.webp\" alt=\"kyriakou repubblica radio capital tv8\" loading=\"lazy\"><\/div>\n<div class=\"excerpt\">DAGOREPORT &#8211; \u201cLA REPUBBLICA\u201d DI ATENE \u2013 THEODORE KYRIAKOU VUOLE CAPIRE CHE DIREZIONE DARE AL GRUPPO\u2026<\/div>\n<p><\/a><\/article>\n<article><a href=\"https:\/\/www.dagospia.com\/politica\/dagoreport-giorgia-meloni-questa-volta-fa-bene-incazzarsi-giancarlo-472264\"><\/p>\n<div class=\"img-wrapper\"><img decoding=\"async\" src=\"https:\/\/static.dagospia.com\/img\/patch\/04-2026\/giorgia-meloni-giancarlo-giorgetti-daria-perrotta-2257041_600_q50.webp\" alt=\"giorgia meloni giancarlo giorgetti daria perrotta \" loading=\"lazy\"><\/div>\n<div class=\"excerpt\">DAGOREPORT \u2013\u00a0GIORGIA MELONI QUESTA VOLTA FA BENE A INCAZZARSI CON GIANCARLO GIORGETTI:\u00a0IL\u2026<\/div>\n<p><\/a><\/article>\n<article><a href=\"https:\/\/www.dagospia.com\/cafonal\/dagoreport-promemoria-per-sopravvivere-terremoto-digitale-in-occasione-472535\"><\/p>\n<div class=\"img-wrapper\"><img decoding=\"async\" src=\"https:\/\/static.dagospia.com\/img\/patch\/04-2026\/2026masi-2257859_600_q50.webp\" alt=\"2026masi \" loading=\"lazy\"><\/div>\n<div class=\"excerpt\">DAGOREPORT: \u201cPROMEMORIA\u201d PER SOPRAVVIVERE AL TERREMOTO DIGITALE &#8211; IN OCCASIONE DELLA RISTAMPA DEL\u2026<\/div>\n<p><\/a><\/article>\n<article><a href=\"https:\/\/www.dagospia.com\/cafonal\/sacco-cafonal-serata-speciale-cinema-barberini-roma-un-sacco-bello-472427\"><\/p>\n<div class=\"img-wrapper\"><img decoding=\"async\" src=\"https:\/\/static.dagospia.com\/img\/patch\/04-2026\/cafonal-verdone-un-sacco-bello-2257470_600_q50.webp\" alt loading=\"lazy\"><\/div>\n<div class=\"excerpt\">UN SACCO CAFONAL!\u00a0\u2013 SERATA SPECIALE AL CINEMA BARBERINI A ROMA: \u201cUN SACCO BELLO\u201d NELLA VERSIONE\u2026<\/div>\n<p><\/a><\/article>\n<article><a href=\"https:\/\/www.dagospia.com\/cafonal\/pardo-max-giusti-metti-sera-cena-eminenze-gricie-dell-edonismo-472056\"><\/p>\n<div class=\"img-wrapper\"><img decoding=\"async\" src=\"https:\/\/static.dagospia.com\/img\/patch\/04-2026\/ristorante-la-pisanella-2256575_600_q50.webp\" alt loading=\"lazy\"><\/div>\n<div class=\"excerpt\">DA PARDO A MAX GIUSTI: METTI UNA SERA A CENA LE \u201cEMINENZE GRICIE\u201d DELL\u2019EDONISMO ROMANELLO \u2013 AL\u2026<\/div>\n<p><\/a><\/article>\n<article><a href=\"https:\/\/www.dagospia.com\/cafonal\/ne-andavo-quella-roma-nella-capitale-in-zona-talenti-intitolato-parco-remo-472030\"><\/p>\n<div class=\"img-wrapper\"><img decoding=\"async\" src=\"https:\/\/static.dagospia.com\/img\/patch\/04-2026\/inaugurazione-del-parco-remo-remotti-massimiliano-bruno-nicola-pistoia-michela-a-2256496_600_q50.webp\" alt=\"inaugurazione del parco remo remotti - massimiliano bruno nicola pistoia michela andreozzi luisa pistoia sabina guzzanti stefano fresi tommaso zanello piotta federica remotti - 5\" loading=\"lazy\"><\/div>\n<div class=\"excerpt\">VIDEO!&#8221;ME NE ANDAVO DA QUELLA ROMA\u2026!&#8221; NELLA CAPITALE, IN ZONA TALENTI, E\u2019 STATO INTITOLATO UN PARCO\u2026<\/div>\n<p><\/a><\/article>\n<article><a href=\"https:\/\/www.dagospia.com\/cafonal\/cafonal-all-opera-mi-porti-luca-guadagnino-maggio-fiorentino-the-death-471907\"><\/p>\n<div class=\"img-wrapper\"><img decoding=\"async\" src=\"https:\/\/static.dagospia.com\/img\/patch\/04-2026\/guadagnino-2256066_600_q50.webp\" alt=\"guadagnino\" loading=\"lazy\"><\/div>\n<div class=\"excerpt\">CAFONAL ALL\u2019OPERA &#8211; MI PORTI UN LUCA GUADAGNINO A FIRENZE \u2013 IL REGISTA PORTA IN SCENA AL MAGGIO\u2026<\/div>\n<p><\/a><\/article>\n<article><a href=\"https:\/\/www.dagospia.com\/cafonal\/cafonal-pallitto-chanel-totti-metri-trash-figlia-pupone-diventa-471192\"><\/p>\n<div class=\"img-wrapper\"><img decoding=\"async\" src=\"https:\/\/static.dagospia.com\/img\/patch\/04-2026\/2026pallitto-2253852_600_q50.webp\" alt loading=\"lazy\"><\/div>\n<div class=\"excerpt\">CAFONAL \u2013 PALLITTO-CHANEL TOTTI: TRE METRI SOPRA IL TRASH! LA FIGLIA DEL PUPONE DIVENTA LA\u2026<\/div>\n<p><\/a><\/article>\n<p>[analyse_source url=&#8221;https:\/\/www.dagospia.com\/politica\/nordio-nel-bunker-ministro-giustizia-si-chiude-negli-uffici-via-arenula-472609&#8243;]<\/p>\n","protected":false},"excerpt":{"rendered":"<p>[analyse_image type=&#8221;featured&#8221; src=&#8221;https:\/\/static.dagospia.com\/img\/patch\/04-2026\/carlo-nordio-nicole-minetti-2258041_600_q50.webp&#8221;] 30 apr 2026 11:36 NORDIO NEL BUNKER \u2013 IL MINISTRO DELLA GIUSTIZIA SI CHIUDE NEGLI UFFICI DI VIA ARENULA DOPO L\u2019ENNESIMO PASTROCCHIO DELLA GRAZIA A NICOLE MINETTI &#8211;\u00a0LA LINEA DI FRATELLI D\u2019ITALIA: \u00c8 STATO DIFFUSO UN DOSSIER AI PARLAMENTARI IN CUI SI INVITA A TENERE IL PUNTO: \u201c\u00c8\u00a0SCORRETTO TENTARE DI ADDEBITARE AL [&hellip;]<\/p>\n","protected":false},"author":1,"featured_media":0,"comment_status":"open","ping_status":"","sticky":false,"template":"","format":"standard","meta":{"footnotes":""},"categories":[87],"tags":[226,149],"class_list":["post-1910780","post","type-post","status-publish","format-standard","hentry","category-italy","tag-crawlmanager","tag-dagospia-com"],"_links":{"self":[{"href":"https:\/\/analyse.optim.biz\/index.php?rest_route=\/wp\/v2\/posts\/1910780","targetHints":{"allow":["GET"]}}],"collection":[{"href":"https:\/\/analyse.optim.biz\/index.php?rest_route=\/wp\/v2\/posts"}],"about":[{"href":"https:\/\/analyse.optim.biz\/index.php?rest_route=\/wp\/v2\/types\/post"}],"author":[{"embeddable":true,"href":"https:\/\/analyse.optim.biz\/index.php?rest_route=\/wp\/v2\/users\/1"}],"replies":[{"embeddable":true,"href":"https:\/\/analyse.optim.biz\/index.php?rest_route=%2Fwp%2Fv2%2Fcomments&post=1910780"}],"version-history":[{"count":0,"href":"https:\/\/analyse.optim.biz\/index.php?rest_route=\/wp\/v2\/posts\/1910780\/revisions"}],"wp:attachment":[{"href":"https:\/\/analyse.optim.biz\/index.php?rest_route=%2Fwp%2Fv2%2Fmedia&parent=1910780"}],"wp:term":[{"taxonomy":"category","embeddable":true,"href":"https:\/\/analyse.optim.biz\/index.php?rest_route=%2Fwp%2Fv2%2Fcategories&post=1910780"},{"taxonomy":"post_tag","embeddable":true,"href":"https:\/\/analyse.optim.biz\/index.php?rest_route=%2Fwp%2Fv2%2Ftags&post=1910780"}],"curies":[{"name":"wp","href":"https:\/\/api.w.org\/{rel}","templated":true}]}}