{"id":1910754,"date":"2026-04-30T07:35:31","date_gmt":"2026-04-30T04:35:31","guid":{"rendered":"https:\/\/analyse.optim.biz\/?p=1910754"},"modified":"2026-04-30T07:35:31","modified_gmt":"2026-04-30T04:35:31","slug":"non-ritengo-di-aver-fallito-mi-sento-un-capro-espiatorio-gabriele-gravina-parla-a-otto-e-mezzo","status":"publish","type":"post","link":"https:\/\/analyse.optim.biz\/?p=1910754","title":{"rendered":"\u2018non ritengo di aver fallito, mi sento un capro espiatorio&#8217;\u2013 gabriele gravina parla a otto e mezzo"},"content":{"rendered":"<p>[analyse_image type=&#8221;featured&#8221; src=&#8221;https:\/\/static.dagospia.com\/img\/patch\/04-2026\/gabriele-gravina-evelina-christillin-carlo-verdelli-pierluigi-pardo-2257960_600_q50.webp&#8221;]<\/p>\n<article>\n<div class=\"img-wrapper\"><img decoding=\"async\" src=\"https:\/\/static.dagospia.com\/img\/patch\/04-2026\/gabriele-gravina-evelina-christillin-carlo-verdelli-pierluigi-pardo-2257960_600_q50.webp\" alt=\"gabriele gravina evelina christillin carlo verdelli pierluigi pardo\"><time class=\"data-ora\">30 apr 2026 09:35<\/time><\/div>\n<p><span>A &#8220;OTTO E MEZZO&#8221; VA IN ONDA L&#8217;ASSOLUZIONE, CON BEATIFICAZIONE ANNESSA, DI GABRIELE GRAVINA, INCAPACE DI FARE UN BRICIOLO DI AUTOCRITICA: &#8220;<\/span><span>NON RITENGO DI AVER FALLITO, MI SENTO UN CAPRO ESPIATORIO\u201d <\/span>\u2013 LILLI GRUBER E&#8217; L&#8217;UNICA CHE PROVA A INCHIODARE\u00a0 L&#8217;EX\u00a0PRESIDENTE FIGC CHE VIENE INVECE ALLISCIATO DALL&#8217;INSOPPORTABILE EQUILIBRISMO DI PARDO, DA VERDELLI E DALL&#8217;EVANESCENTE CHRISTILLIN (INVECE DI PORRE DOMANDE CAZZUTE SEMBRANO UN POOL DI AVVOCATI DI GRAVINA) \u2013 L&#8217;EX PRESIDENTE<span>\u00a0CIANCIA DI \u201cISTERIE ISTITUZIONALI\u201d, DESCRIVE LA FIGC COME FOSSE IL CONSIGLIO SICUREZZA DELL\u2019ONU<\/span> BLOCCATO DAL \u201cDIRITTO DI VETO\u201d, <span>SI SCHIERA CONTRO IL COMMISSARIAMENTO E SPARA UN SILURO CONTRO IL NEMICO LOTITO ACCUSANDOLO DI<\/span>\u00a0<span>&#8220;CONFLITTO DI INTERESSI\u201d<\/span> \u2013 IL NO AL RIPESCAGGIO, IL CASO ARBITRI (&#8220;SI GETTA FANGO SENZA SAPERE NULLA\u201d), LA SFIDA ABETE- MALAG\u00d2: &#8220;NON TIRO LE VOLATE&#8221; \u2013\u00a0<span>CARLO VERDELLI NON CI STA E SCRIVE A DAGOSPIA:\u00a0&#8220;SINCERAMENTE NON MI PARE DI AVER CONFORTATO GRAVINA<\/span>. AL CONTRARIO. SE RIVEDETE IL MIO INTERVENTO, DAVVERO NON CAPISCO DI COSA DOVREI VERGOGNARMI&#8221; &#8211; I LETTORI POSSONO FARSI UN&#8217;IDEA: GRUBER CHIEDE &#8220;QUALI SONO LE RESPONSABILITA&#8217; DEL PRESIDENTE GRAVINA?&#8221;. ECCO COME RISPONDE VERDELLI&#8230; &#8211; VIDEO<\/p>\n<div class=\"share-section\">\n                Condividi  questo articolo<\/p>\n<div class=\"socials\"><a href=\"http:\/\/www.facebook.com\/sharer.php?u=http:\/\/www.dagospia.com\/sport\/non-ritengo-aver-fallito-mi-sento-capro-espiatorio-gabriele-gravina-472577\" target=\"_blank\"><img decoding=\"async\" src=\"https:\/\/static.dagospia.com\/img\/icons\/facebook.svg\" alt=\"Condividi su Facebook\"><\/a><a href=\"http:\/\/www.twitter.com\/share?url=http:\/\/www.dagospia.com\/sport\/non-ritengo-aver-fallito-mi-sento-capro-espiatorio-gabriele-gravina-472577&amp;text=%20%E2%80%98NON%20RITENGO%20DI%20AVER%20FALLITO,%20MI%20SENTO%20UN%20CAPRO%20ESPIATORIO'%E2%80%93%20GABRIELE%20GRAVINA%20PARLA%20A%20OTTO%20E%20MEZZO\" target=\"_blank\"><img decoding=\"async\" src=\"https:\/\/static.dagospia.com\/img\/icons\/x-icon.png\" alt=\"Condividi su X\"><\/a><a href=\"\/\/www.dagospia.com\/sport\/non-ritengo-aver-fallito-mi-sento-capro-espiatorio-gabriele-gravina-472577\" target=\"_blank\"><img decoding=\"async\" src=\"https:\/\/static.dagospia.com\/img\/icons\/whatsapp.svg\" alt=\"Condividi su Whatsapp\"><\/a><a href=\"mailto:?body=http:\/\/www.dagospia.com\/sport\/non-ritengo-aver-fallito-mi-sento-capro-espiatorio-gabriele-gravina-472577\" target=\"_blank\"><img decoding=\"async\" src=\"https:\/\/static.dagospia.com\/img\/icons\/mail.svg\" alt=\"Invia in email\"><\/a><\/div>\n<\/div>\n<div class=\"content\">\n<div>\n<h6>CARLO VERDELLI A OTTO MEZZO &#8211; PROCESSO AL CALCIO <\/h6>\n<p><video controls=\"controls\"><source src=\"https:\/\/static.dagospia.com\/video\/04-2026\/CARLO_VERDELLI_A_OTTO_MEZZO_PROCESSO_AL_CALCIO-4800.mp4\" type=\"video\/mp4\" \/><\/video><\/div>\n<p class=\"disable\"><strong>LA REPLICA DI CARLO VERDELLI<\/strong><\/p>\n<p class=\"disable\">&#8220;Sinceramente non mi pare di averlo (Gravina, ndr) confortato. Al contrario. Se rivedete il mio intervento, davvero non capisco di cosa dovrei vergognarmi. Un abbraccio, Carlo&#8221;<\/p>\n<p class=\"disable\">\u00a0<\/p>\n<p class=\"disable\"><strong>DAGOREPORT<\/strong><\/p>\n<p class=\"disable\"><a href=\"https:\/\/www.dagospia.com\/sport\/figc-non-serve-cazzo-presidente-dimissionario-gravina-certifica-470312\">https:\/\/www.dagospia.com\/sport\/figc-non-serve-cazzo-presidente-dimissionario-gravina-certifica-470312<\/a><\/p>\n<p class=\"disable\">\u00a0<\/p>\n<p class=\"disable\"><a href=\"https:\/\/www.la7.it\/otto-e-mezzo\/rivedila7\/otto-e-mezzo-29-04-2026-642970\">https:\/\/www.la7.it\/otto-e-mezzo\/rivedila7\/otto-e-mezzo-29-04-2026-642970<\/a><\/p>\n<p class=\"disable\">\u00a0<\/p>\n<p class=\"disable\"><strong>Elisabetta Esposito per <a href=\"http:\/\/gazzetta\" target=\"_blank\">gazzetta.it\u00a0<\/a><\/strong><\/p>\n<p class=\"disable\">\u00a0<\/p>\n<p><a href=\"https:\/\/www.dagospia.com\/media-gallery\/dago-fotogallery-509005\/2257954\" class=\"float-right img-wrapper\"><img decoding=\"async\" id=\"2257954\" loading=\"lazy\" src=\"https:\/\/static.dagospia.com\/img\/foto\/04-2026\/gabriele-gravina-a-otto-e-mezzo-2257954_800_q50.webp\"><span class=\"img-title\">GABRIELE GRAVINA A OTTO E MEZZO<\/span><\/a><\/p>\n<p class=\"disable\">Con il calcio alle prese con una nuova bufera (che fortunatamente sta assumendo contorni meno preoccupanti di quanto si temesse), torna a parlare il presidente dimissionario della Figc, Gabriele Gravina. Ospite di Lilli Gruber a &#8220;Otto e mezzo&#8221;, su La 7, il (quasi) ex numero uno della Federazione ha dichiarato: &#8220;Non sono stato costretto a dimettermi, nella maniera pi\u00f9 assoluta.<\/p>\n<p class=\"disable\">\u00a0<\/p>\n<p class=\"disable\">\u00c8 stata una mia scelta personale. Avevo assunto un impegno verso tutti i tifosi italiani di andare al Mondiale e purtroppo non ho mantenuto fede a questo impegno. \u00c8 stato giusto dimettersi, un gesto d&#8217;amore e di responsabilit\u00e0. Non sono propenso a subire pressioni, ragiono con la mia testa e la mia lucidit\u00e0, e questo \u00e8 stato un atto di responsabilit\u00e0 verso la Federazione. Erano in atto isterie istituzionali di ogni genere, era bene non sovraesporre la Figc. E ho sentito falsit\u00e0, tante falsit\u00e0&#8221;.<\/p>\n<p><a href=\"https:\/\/www.dagospia.com\/media-gallery\/dago-fotogallery-509005\/2244969\" class=\"float-left img-wrapper\"><img decoding=\"async\" id=\"2244969\" loading=\"lazy\" src=\"https:\/\/static.dagospia.com\/img\/foto\/03-2026\/gabriele-gravina-foto-mezzelani-gmt-0006-2244969_800_q50.webp\"><span class=\"img-title\">gabriele gravina foto mezzelani gmt 0006<\/span><\/a><\/p>\n<p class=\"disable\">\u00a0<\/p>\n<p class=\"disable\">Sulla sua posizione ha detto: &#8220;Non ritengo di aver fallito. Se parliamo di piccoli episodi, certo, ho fallito, ma se vogliamo parlare dell&#8217;attivit\u00e0 in tutte le sue forme e nei progetti realizzati, le nostra Federazione \u00e8 tra le pi\u00f9 apprezzate in Europa e nel mondo&#8221;. E ancora: &#8220;Gli italiani attribuiscono alla Figc responsabilit\u00e0 che non ha, c&#8217;\u00e8 confusioni di ruoli. Per tre volte non siamo andati ai Mondiali e lo schema \u00e8 lo stesso, cercare un capro espiatorio.<\/p>\n<p class=\"disable\">\u00a0<\/p>\n<p><a href=\"https:\/\/www.dagospia.com\/media-gallery\/dago-fotogallery-509005\/2257953\" class=\"float-right img-wrapper\"><img decoding=\"async\" id=\"2257953\" loading=\"lazy\" src=\"https:\/\/static.dagospia.com\/img\/foto\/04-2026\/gabriele-gravina-a-otto-e-mezzo-2257953_800_q50.webp\"><span class=\"img-title\">GABRIELE GRAVINA A OTTO E MEZZO<\/span><\/a><\/p>\n<p class=\"disable\">Tutti sono convinti che i giocatori della Nazionale dipendano dalla Figc, ma esistono i campionati, le Leghe e certe regole, leggi e statuti che bisogna rispettare. Avete presente il diritto di intesa? Sarebbe il cosiddetto diritto di veto, per di fatto impedisce di fare molte riforme. Non puoi attivare un meccanismo in questo senso se tutti non sono d&#8217;accordo&#8221;.<\/p>\n<p class=\"disable\">\u00a0<\/p>\n<p class=\"disable\"><strong>il commissariamento\u2014\u00a0<\/strong> Quanto al commissariamento reclamato dalla politica: &#8220;\u00c8 contrario all&#8217;autonomia dello sport, agli statuti, alla Uefa e alla Fifa. Ho sentito parlare di commissariamento per modifiche che potrebbero fare autonomamente. Il rapporto tra sport e politica \u00e8 pi\u00f9 stretto di quanto si possa immaginare.<\/p>\n<p class=\"disable\">\u00a0<\/p>\n<p class=\"disable\">Lo sport \u00e8 economia, identit\u00e0, cultura. Capisco che il politico abbia interesse a rivolgersi a una platea cos\u00ec ampia, ma c&#8217;\u00e8 bisogno dell&#8217;autonomia. Se si tenta di invadere il campo altrui si attua il principio della rottura e della rottura istituzionale&#8221;.<\/p>\n<p><a href=\"https:\/\/www.dagospia.com\/media-gallery\/dago-fotogallery-509005\/2249495\" class=\"float-left img-wrapper\"><img decoding=\"async\" id=\"2249495\" loading=\"lazy\" src=\"https:\/\/static.dagospia.com\/img\/foto\/04-2026\/abodi-gravina-2249495_800_q50.webp\"><span class=\"img-title\">abodi gravina<\/span><\/a><\/p>\n<p class=\"disable\">\u00a0<\/p>\n<p class=\"disable\"><strong>su lotito\u2014\u00a0<\/strong> Poi una stoccata a Claudio Lotito: &#8220;Vi sembra normale che partecipi alla Commissione cultura del Senato un soggetto che \u00e8 presidente della Lazio, che \u00e8 stato per vent&#8217;anni nel Consiglio federale prima di essere sconfitto due anni fa e che ora parla di disastro? C&#8217;\u00e8 conflitto di interessi.<\/p>\n<p class=\"disable\">\u00a0<\/p>\n<p class=\"disable\">Sento parlare di modifica della legge 91\/1981 che \u00e8 stata abrogata e di &#8216;vincolo sportivo&#8217;, che questo governo ha tolto. C&#8217;\u00e8 qualcosa che non torna. Chiediamo rispetto per il calcio. Io forse ho sbagliato i tempi, a volte bisogna avere il coraggio di fare riforme impopolari, all&#8217;interno e all&#8217;esterno del calcio, come per il diritto d&#8217;intesa, che si potrebbe cambiare con un principio informatore&#8221;.<\/p>\n<p><a href=\"https:\/\/www.dagospia.com\/media-gallery\/dago-fotogallery-509005\/2076170\" class=\"float-right img-wrapper\"><img decoding=\"async\" id=\"2076170\" loading=\"lazy\" src=\"https:\/\/static.dagospia.com\/img\/foto\/12-2024\/lotito-gravina-2076170_800_q50.webp\"><span class=\"img-title\">lotito gravina<\/span><\/a><\/p>\n<p class=\"disable\">\u00a0<\/p>\n<p class=\"disable\"><strong>la nazionale\u2014\u00a0<\/strong> Gravina ha parlato anche della Nazionale: &#8220;Stiamo valutando il lavoro della Federazione sulla base di una sola Nazionale, ma ce ne sono tante, maschili e femminili.. Gattuso? Per me era assolutamente l&#8217;uomo giusto. Era il migliore, in quel momento avevamo bisogno di qualcuno che facesse riscoprire ai ragazzi i valori e l&#8217;attaccamento alla maglia, ma purtroppo \u00e8 mancato il risultato sportivo. Il ripescaggio? Mi sembra un&#8217;idea fantasiosa e vergognosa. Si sta negoziando sulla passione dei tifosi italiani, che sono gli unici a meritare di andare ai Mondiali&#8221;.<\/p>\n<p class=\"disable\">\u00a0<\/p>\n<p class=\"disable\"><strong>prospettive\u2014\u00a0 <\/strong>Quindi uno sguardo al futuro e alla corsa per il prossimo presidente: &#8220;Malag\u00f2 e Abete sono due ottimi dirigenti, ma ho preso l&#8217;impegno solenne di non tirare la volata a nessuno&#8221;. E sul caso arbitri: &#8220;Perch\u00e9 siamo garantisti solo a corrente alternata? Dietro quel ruolo di designatore c&#8217;\u00e8 un uomo, una vita, una famiglia. Dovremmo essere garantisti, stiamo buttando fango senza sapere nulla&#8221;.<\/p>\n<p><a href=\"https:\/\/www.dagospia.com\/media-gallery\/dago-fotogallery-509005\/2244964\" class=\"float-left img-wrapper\"><img decoding=\"async\" id=\"2244964\" loading=\"lazy\" src=\"https:\/\/static.dagospia.com\/img\/foto\/03-2026\/gabriele-gravina-foto-mezzelani-gmt-0005-2244964_800_q50.webp\"><span class=\"img-title\">gabriele gravina foto mezzelani gmt 0005<\/span><\/a><\/p>\n<p class=\"disable\">\u00a0<\/p>\n<p class=\"disable\">La chiusura \u00e8 sui suoi progetti: &#8220;Scendere in politica? In tanti hanno provato a coinvolgermi. Non rinnego il mio orientamento, sono moderato di centro tendendo a sinistra. Gi\u00e0 faccio politica, niente candidature&#8221;.<\/p>\n<p><a href=\"https:\/\/www.dagospia.com\/media-gallery\/dago-fotogallery-509005\/2258036\" class=\"float-right img-wrapper\"><img decoding=\"async\" id=\"2258036\" loading=\"lazy\" src=\"https:\/\/static.dagospia.com\/img\/foto\/04-2026\/pierluigi-pardo-otto-e-mezzo-2258036_800_q50.webp\"><span class=\"img-title\">pierluigi pardo otto e mezzo <\/span><\/a><a href=\"https:\/\/www.dagospia.com\/media-gallery\/dago-fotogallery-509005\/2258033\" class=\"float-right img-wrapper\"><img decoding=\"async\" id=\"2258033\" loading=\"lazy\" src=\"https:\/\/static.dagospia.com\/img\/foto\/04-2026\/carlo-verdelli-lilli-gruber-otto-e-mezzo-2258033_800_q50.webp\"><span class=\"img-title\">carlo verdelli lilli gruber otto e mezzo <\/span><\/a><a href=\"https:\/\/www.dagospia.com\/media-gallery\/dago-fotogallery-509005\/2258035\" class=\"float-right img-wrapper\"><img decoding=\"async\" id=\"2258035\" loading=\"lazy\" src=\"https:\/\/static.dagospia.com\/img\/foto\/04-2026\/lilli-gruber-pierluigi-pardo-gabriele-gravina-otto-e-mezzo-2258035_800_q50.webp\"><span class=\"img-title\">lilli gruber pierluigi pardo gabriele gravina otto e mezzo <\/span><\/a><a href=\"https:\/\/www.dagospia.com\/media-gallery\/dago-fotogallery-509005\/2258034\" class=\"float-left img-wrapper\"><img decoding=\"async\" id=\"2258034\" loading=\"lazy\" src=\"https:\/\/static.dagospia.com\/img\/foto\/04-2026\/carlo-verdelli-gabriele-gravina-otto-e-mezzo-2258034_800_q50.webp\"><span class=\"img-title\">carlo verdelli gabriele gravina otto e mezzo <\/span><\/a><\/p>\n<p><a href=\"https:\/\/www.dagospia.com\/media-gallery\/dago-fotogallery-509005\/2252388\" class=\"float-right img-wrapper\"><img decoding=\"async\" id=\"2252388\" loading=\"lazy\" src=\"https:\/\/static.dagospia.com\/img\/foto\/04-2026\/gabriele-gravina-andriy-shevchenko-claudia-conte-2252388_800_q50.webp\"><span class=\"img-title\">gabriele gravina andriy shevchenko claudia conte<\/span><\/a><a href=\"https:\/\/www.dagospia.com\/media-gallery\/dago-fotogallery-509005\/2249493\" class=\"float-right img-wrapper\"><img decoding=\"async\" id=\"2249493\" loading=\"lazy\" src=\"https:\/\/static.dagospia.com\/img\/foto\/04-2026\/abodi-gravina-2249493_800_q50.webp\"><span class=\"img-title\">abodi gravina<\/span><\/a><a href=\"https:\/\/www.dagospia.com\/media-gallery\/dago-fotogallery-509005\/2249259\" class=\"float-right img-wrapper\"><img decoding=\"async\" id=\"2249259\" loading=\"lazy\" src=\"https:\/\/static.dagospia.com\/img\/foto\/04-2026\/gattuso-bastoni-gravina-2249259_800_q50.webp\"><span class=\"img-title\">GATTUSO BASTONI GRAVINA<\/span><\/a><a href=\"https:\/\/www.dagospia.com\/media-gallery\/dago-fotogallery-509005\/1961602\" class=\"float-right img-wrapper\"><img decoding=\"async\" id=\"1961602\" loading=\"lazy\" src=\"https:\/\/static.dagospia.com\/img\/foto\/03-2024\/giuseppe-gravina-claudio-lotito-1961602_800_q50.webp\"><span class=\"img-title\"> GIUSEPPE GRAVINA &#8211; CLAUDIO LOTITO<\/span><\/a><a href=\"https:\/\/www.dagospia.com\/media-gallery\/dago-fotogallery-509005\/2249218\" class=\"float-right img-wrapper\"><img decoding=\"async\" id=\"2249218\" loading=\"lazy\" src=\"https:\/\/static.dagospia.com\/img\/foto\/04-2026\/gravina-buonfiglio-2249218_800_q50.webp\"><span class=\"img-title\">GRAVINA BUONFIGLIO<\/span><\/a><a href=\"https:\/\/www.dagospia.com\/media-gallery\/dago-fotogallery-509005\/2245037\" class=\"float-right img-wrapper\"><img decoding=\"async\" id=\"2245037\" loading=\"lazy\" src=\"https:\/\/static.dagospia.com\/img\/foto\/03-2026\/gabriele-gravina-foto-mezzelani-gmt-0008-2245037_800_q50.webp\"><span class=\"img-title\">gabriele gravina foto mezzelani gmt 0008<\/span><\/a><a href=\"https:\/\/www.dagospia.com\/media-gallery\/dago-fotogallery-509005\/2249029\" class=\"float-right img-wrapper\"><img decoding=\"async\" id=\"2249029\" loading=\"lazy\" src=\"https:\/\/static.dagospia.com\/img\/foto\/04-2026\/gravina-2249029_800_q50.webp\"><span class=\"img-title\">gravina<\/span><\/a><a href=\"https:\/\/www.dagospia.com\/media-gallery\/dago-fotogallery-509005\/2244972\" class=\"float-right img-wrapper\"><img decoding=\"async\" id=\"2244972\" loading=\"lazy\" src=\"https:\/\/static.dagospia.com\/img\/foto\/03-2026\/gabriele-gravina-foto-mezzelani-gmt-0007-2244972_800_q50.webp\"><span class=\"img-title\">gabriele gravina foto mezzelani gmt 0007<\/span><\/a><a href=\"https:\/\/www.dagospia.com\/media-gallery\/dago-fotogallery-509005\/2252390\" class=\"float-right img-wrapper\"><img decoding=\"async\" id=\"2252390\" loading=\"lazy\" src=\"https:\/\/static.dagospia.com\/img\/foto\/04-2026\/gabriele-gravina-claudia-conte-2252390_800_q50.webp\"><span class=\"img-title\">gabriele gravina claudia conte<\/span><\/a><\/p>\n<\/div>\n<div class=\"share-section\">\n                Condividi  questo articolo<\/p>\n<div class=\"socials\"><a href=\"https:\/\/www.dagospia.com\/sport\/non-ritengo-aver-fallito-mi-sento-capro-espiatorio-gabriele-gravina-472577\"><img decoding=\"async\" src=\"https:\/\/static.dagospia.com\/img\/icons\/facebook.svg\" alt=\"Condividi su Facebook\"><\/a><a href=\"https:\/\/www.dagospia.com\/sport\/non-ritengo-aver-fallito-mi-sento-capro-espiatorio-gabriele-gravina-472577\"><img decoding=\"async\" src=\"https:\/\/static.dagospia.com\/img\/icons\/x-icon.png\" alt=\"Condividi su X\"><\/a><a href=\"https:\/\/www.dagospia.com\/sport\/non-ritengo-aver-fallito-mi-sento-capro-espiatorio-gabriele-gravina-472577\"><img decoding=\"async\" src=\"https:\/\/static.dagospia.com\/img\/icons\/whatsapp.svg\" alt=\"Condividi su Whatsapp\"><\/a><a href=\"https:\/\/www.dagospia.com\/sport\/non-ritengo-aver-fallito-mi-sento-capro-espiatorio-gabriele-gravina-472577\"><img decoding=\"async\" src=\"https:\/\/static.dagospia.com\/img\/icons\/mail.svg\" alt=\"Invia in email\"><\/a><\/div>\n<\/div>\n<\/article>\n<div class=\"content\">\n<div>\n<h6>CARLO VERDELLI A OTTO MEZZO &#8211; PROCESSO AL CALCIO <\/h6>\n<p><video controls=\"controls\"><source src=\"https:\/\/static.dagospia.com\/video\/04-2026\/CARLO_VERDELLI_A_OTTO_MEZZO_PROCESSO_AL_CALCIO-4800.mp4\" type=\"video\/mp4\" \/><\/video><\/div>\n<p class=\"disable\"><strong>LA REPLICA DI CARLO VERDELLI<\/strong><\/p>\n<p class=\"disable\">&#8220;Sinceramente non mi pare di averlo (Gravina, ndr) confortato. Al contrario. Se rivedete il mio intervento, davvero non capisco di cosa dovrei vergognarmi. Un abbraccio, Carlo&#8221;<\/p>\n<p class=\"disable\">\u00a0<\/p>\n<p class=\"disable\"><strong>DAGOREPORT<\/strong><\/p>\n<p class=\"disable\"><a href=\"https:\/\/www.dagospia.com\/sport\/figc-non-serve-cazzo-presidente-dimissionario-gravina-certifica-470312\">https:\/\/www.dagospia.com\/sport\/figc-non-serve-cazzo-presidente-dimissionario-gravina-certifica-470312<\/a><\/p>\n<p class=\"disable\">\u00a0<\/p>\n<p class=\"disable\"><a href=\"https:\/\/www.la7.it\/otto-e-mezzo\/rivedila7\/otto-e-mezzo-29-04-2026-642970\">https:\/\/www.la7.it\/otto-e-mezzo\/rivedila7\/otto-e-mezzo-29-04-2026-642970<\/a><\/p>\n<p class=\"disable\">\u00a0<\/p>\n<p class=\"disable\"><strong>Elisabetta Esposito per <a href=\"http:\/\/gazzetta\" target=\"_blank\">gazzetta.it\u00a0<\/a><\/strong><\/p>\n<p class=\"disable\">\u00a0<\/p>\n<p><a href=\"https:\/\/www.dagospia.com\/media-gallery\/dago-fotogallery-509005\/2257954\" class=\"float-right img-wrapper\"><img decoding=\"async\" id=\"2257954\" loading=\"lazy\" src=\"https:\/\/static.dagospia.com\/img\/foto\/04-2026\/gabriele-gravina-a-otto-e-mezzo-2257954_800_q50.webp\"><span class=\"img-title\">GABRIELE GRAVINA A OTTO E MEZZO<\/span><\/a><\/p>\n<p class=\"disable\">Con il calcio alle prese con una nuova bufera (che fortunatamente sta assumendo contorni meno preoccupanti di quanto si temesse), torna a parlare il presidente dimissionario della Figc, Gabriele Gravina. Ospite di Lilli Gruber a &#8220;Otto e mezzo&#8221;, su La 7, il (quasi) ex numero uno della Federazione ha dichiarato: &#8220;Non sono stato costretto a dimettermi, nella maniera pi\u00f9 assoluta.<\/p>\n<p class=\"disable\">\u00a0<\/p>\n<p class=\"disable\">\u00c8 stata una mia scelta personale. Avevo assunto un impegno verso tutti i tifosi italiani di andare al Mondiale e purtroppo non ho mantenuto fede a questo impegno. \u00c8 stato giusto dimettersi, un gesto d&#8217;amore e di responsabilit\u00e0. Non sono propenso a subire pressioni, ragiono con la mia testa e la mia lucidit\u00e0, e questo \u00e8 stato un atto di responsabilit\u00e0 verso la Federazione. Erano in atto isterie istituzionali di ogni genere, era bene non sovraesporre la Figc. E ho sentito falsit\u00e0, tante falsit\u00e0&#8221;.<\/p>\n<p><a href=\"https:\/\/www.dagospia.com\/media-gallery\/dago-fotogallery-509005\/2244969\" class=\"float-left img-wrapper\"><img decoding=\"async\" id=\"2244969\" loading=\"lazy\" src=\"https:\/\/static.dagospia.com\/img\/foto\/03-2026\/gabriele-gravina-foto-mezzelani-gmt-0006-2244969_800_q50.webp\"><span class=\"img-title\">gabriele gravina foto mezzelani gmt 0006<\/span><\/a><\/p>\n<p class=\"disable\">\u00a0<\/p>\n<p class=\"disable\">Sulla sua posizione ha detto: &#8220;Non ritengo di aver fallito. Se parliamo di piccoli episodi, certo, ho fallito, ma se vogliamo parlare dell&#8217;attivit\u00e0 in tutte le sue forme e nei progetti realizzati, le nostra Federazione \u00e8 tra le pi\u00f9 apprezzate in Europa e nel mondo&#8221;. E ancora: &#8220;Gli italiani attribuiscono alla Figc responsabilit\u00e0 che non ha, c&#8217;\u00e8 confusioni di ruoli. Per tre volte non siamo andati ai Mondiali e lo schema \u00e8 lo stesso, cercare un capro espiatorio.<\/p>\n<p class=\"disable\">\u00a0<\/p>\n<p><a href=\"https:\/\/www.dagospia.com\/media-gallery\/dago-fotogallery-509005\/2257953\" class=\"float-right img-wrapper\"><img decoding=\"async\" id=\"2257953\" loading=\"lazy\" src=\"https:\/\/static.dagospia.com\/img\/foto\/04-2026\/gabriele-gravina-a-otto-e-mezzo-2257953_800_q50.webp\"><span class=\"img-title\">GABRIELE GRAVINA A OTTO E MEZZO<\/span><\/a><\/p>\n<p class=\"disable\">Tutti sono convinti che i giocatori della Nazionale dipendano dalla Figc, ma esistono i campionati, le Leghe e certe regole, leggi e statuti che bisogna rispettare. Avete presente il diritto di intesa? Sarebbe il cosiddetto diritto di veto, per di fatto impedisce di fare molte riforme. Non puoi attivare un meccanismo in questo senso se tutti non sono d&#8217;accordo&#8221;.<\/p>\n<p class=\"disable\">\u00a0<\/p>\n<p class=\"disable\"><strong>il commissariamento\u2014\u00a0<\/strong> Quanto al commissariamento reclamato dalla politica: &#8220;\u00c8 contrario all&#8217;autonomia dello sport, agli statuti, alla Uefa e alla Fifa. Ho sentito parlare di commissariamento per modifiche che potrebbero fare autonomamente. Il rapporto tra sport e politica \u00e8 pi\u00f9 stretto di quanto si possa immaginare.<\/p>\n<p class=\"disable\">\u00a0<\/p>\n<p class=\"disable\">Lo sport \u00e8 economia, identit\u00e0, cultura. Capisco che il politico abbia interesse a rivolgersi a una platea cos\u00ec ampia, ma c&#8217;\u00e8 bisogno dell&#8217;autonomia. Se si tenta di invadere il campo altrui si attua il principio della rottura e della rottura istituzionale&#8221;.<\/p>\n<p><a href=\"https:\/\/www.dagospia.com\/media-gallery\/dago-fotogallery-509005\/2249495\" class=\"float-left img-wrapper\"><img decoding=\"async\" id=\"2249495\" loading=\"lazy\" src=\"https:\/\/static.dagospia.com\/img\/foto\/04-2026\/abodi-gravina-2249495_800_q50.webp\"><span class=\"img-title\">abodi gravina<\/span><\/a><\/p>\n<p class=\"disable\">\u00a0<\/p>\n<p class=\"disable\"><strong>su lotito\u2014\u00a0<\/strong> Poi una stoccata a Claudio Lotito: &#8220;Vi sembra normale che partecipi alla Commissione cultura del Senato un soggetto che \u00e8 presidente della Lazio, che \u00e8 stato per vent&#8217;anni nel Consiglio federale prima di essere sconfitto due anni fa e che ora parla di disastro? C&#8217;\u00e8 conflitto di interessi.<\/p>\n<p class=\"disable\">\u00a0<\/p>\n<p class=\"disable\">Sento parlare di modifica della legge 91\/1981 che \u00e8 stata abrogata e di &#8216;vincolo sportivo&#8217;, che questo governo ha tolto. C&#8217;\u00e8 qualcosa che non torna. Chiediamo rispetto per il calcio. Io forse ho sbagliato i tempi, a volte bisogna avere il coraggio di fare riforme impopolari, all&#8217;interno e all&#8217;esterno del calcio, come per il diritto d&#8217;intesa, che si potrebbe cambiare con un principio informatore&#8221;.<\/p>\n<p><a href=\"https:\/\/www.dagospia.com\/media-gallery\/dago-fotogallery-509005\/2076170\" class=\"float-right img-wrapper\"><img decoding=\"async\" id=\"2076170\" loading=\"lazy\" src=\"https:\/\/static.dagospia.com\/img\/foto\/12-2024\/lotito-gravina-2076170_800_q50.webp\"><span class=\"img-title\">lotito gravina<\/span><\/a><\/p>\n<p class=\"disable\">\u00a0<\/p>\n<p class=\"disable\"><strong>la nazionale\u2014\u00a0<\/strong> Gravina ha parlato anche della Nazionale: &#8220;Stiamo valutando il lavoro della Federazione sulla base di una sola Nazionale, ma ce ne sono tante, maschili e femminili.. Gattuso? Per me era assolutamente l&#8217;uomo giusto. Era il migliore, in quel momento avevamo bisogno di qualcuno che facesse riscoprire ai ragazzi i valori e l&#8217;attaccamento alla maglia, ma purtroppo \u00e8 mancato il risultato sportivo. Il ripescaggio? Mi sembra un&#8217;idea fantasiosa e vergognosa. Si sta negoziando sulla passione dei tifosi italiani, che sono gli unici a meritare di andare ai Mondiali&#8221;.<\/p>\n<p class=\"disable\">\u00a0<\/p>\n<p class=\"disable\"><strong>prospettive\u2014\u00a0 <\/strong>Quindi uno sguardo al futuro e alla corsa per il prossimo presidente: &#8220;Malag\u00f2 e Abete sono due ottimi dirigenti, ma ho preso l&#8217;impegno solenne di non tirare la volata a nessuno&#8221;. E sul caso arbitri: &#8220;Perch\u00e9 siamo garantisti solo a corrente alternata? Dietro quel ruolo di designatore c&#8217;\u00e8 un uomo, una vita, una famiglia. Dovremmo essere garantisti, stiamo buttando fango senza sapere nulla&#8221;.<\/p>\n<p><a href=\"https:\/\/www.dagospia.com\/media-gallery\/dago-fotogallery-509005\/2244964\" class=\"float-left img-wrapper\"><img decoding=\"async\" id=\"2244964\" loading=\"lazy\" src=\"https:\/\/static.dagospia.com\/img\/foto\/03-2026\/gabriele-gravina-foto-mezzelani-gmt-0005-2244964_800_q50.webp\"><span class=\"img-title\">gabriele gravina foto mezzelani gmt 0005<\/span><\/a><\/p>\n<p class=\"disable\">\u00a0<\/p>\n<p class=\"disable\">La chiusura \u00e8 sui suoi progetti: &#8220;Scendere in politica? In tanti hanno provato a coinvolgermi. Non rinnego il mio orientamento, sono moderato di centro tendendo a sinistra. Gi\u00e0 faccio politica, niente candidature&#8221;.<\/p>\n<p><a href=\"https:\/\/www.dagospia.com\/media-gallery\/dago-fotogallery-509005\/2258036\" class=\"float-right img-wrapper\"><img decoding=\"async\" id=\"2258036\" loading=\"lazy\" src=\"https:\/\/static.dagospia.com\/img\/foto\/04-2026\/pierluigi-pardo-otto-e-mezzo-2258036_800_q50.webp\"><span class=\"img-title\">pierluigi pardo otto e mezzo <\/span><\/a><a href=\"https:\/\/www.dagospia.com\/media-gallery\/dago-fotogallery-509005\/2258033\" class=\"float-right img-wrapper\"><img decoding=\"async\" id=\"2258033\" loading=\"lazy\" src=\"https:\/\/static.dagospia.com\/img\/foto\/04-2026\/carlo-verdelli-lilli-gruber-otto-e-mezzo-2258033_800_q50.webp\"><span class=\"img-title\">carlo verdelli lilli gruber otto e mezzo <\/span><\/a><a href=\"https:\/\/www.dagospia.com\/media-gallery\/dago-fotogallery-509005\/2258035\" class=\"float-right img-wrapper\"><img decoding=\"async\" id=\"2258035\" loading=\"lazy\" src=\"https:\/\/static.dagospia.com\/img\/foto\/04-2026\/lilli-gruber-pierluigi-pardo-gabriele-gravina-otto-e-mezzo-2258035_800_q50.webp\"><span class=\"img-title\">lilli gruber pierluigi pardo gabriele gravina otto e mezzo <\/span><\/a><a href=\"https:\/\/www.dagospia.com\/media-gallery\/dago-fotogallery-509005\/2258034\" class=\"float-left img-wrapper\"><img decoding=\"async\" id=\"2258034\" loading=\"lazy\" src=\"https:\/\/static.dagospia.com\/img\/foto\/04-2026\/carlo-verdelli-gabriele-gravina-otto-e-mezzo-2258034_800_q50.webp\"><span class=\"img-title\">carlo verdelli gabriele gravina otto e mezzo <\/span><\/a><\/p>\n<p><a href=\"https:\/\/www.dagospia.com\/media-gallery\/dago-fotogallery-509005\/2252388\" class=\"float-right img-wrapper\"><img decoding=\"async\" id=\"2252388\" loading=\"lazy\" src=\"https:\/\/static.dagospia.com\/img\/foto\/04-2026\/gabriele-gravina-andriy-shevchenko-claudia-conte-2252388_800_q50.webp\"><span class=\"img-title\">gabriele gravina andriy shevchenko claudia conte<\/span><\/a><a href=\"https:\/\/www.dagospia.com\/media-gallery\/dago-fotogallery-509005\/2249493\" class=\"float-right img-wrapper\"><img decoding=\"async\" id=\"2249493\" loading=\"lazy\" src=\"https:\/\/static.dagospia.com\/img\/foto\/04-2026\/abodi-gravina-2249493_800_q50.webp\"><span class=\"img-title\">abodi gravina<\/span><\/a><a href=\"https:\/\/www.dagospia.com\/media-gallery\/dago-fotogallery-509005\/2249259\" class=\"float-right img-wrapper\"><img decoding=\"async\" id=\"2249259\" loading=\"lazy\" src=\"https:\/\/static.dagospia.com\/img\/foto\/04-2026\/gattuso-bastoni-gravina-2249259_800_q50.webp\"><span class=\"img-title\">GATTUSO BASTONI GRAVINA<\/span><\/a><a href=\"https:\/\/www.dagospia.com\/media-gallery\/dago-fotogallery-509005\/1961602\" class=\"float-right img-wrapper\"><img decoding=\"async\" id=\"1961602\" loading=\"lazy\" src=\"https:\/\/static.dagospia.com\/img\/foto\/03-2024\/giuseppe-gravina-claudio-lotito-1961602_800_q50.webp\"><span class=\"img-title\"> GIUSEPPE GRAVINA &#8211; CLAUDIO LOTITO<\/span><\/a><a href=\"https:\/\/www.dagospia.com\/media-gallery\/dago-fotogallery-509005\/2249218\" class=\"float-right img-wrapper\"><img decoding=\"async\" id=\"2249218\" loading=\"lazy\" src=\"https:\/\/static.dagospia.com\/img\/foto\/04-2026\/gravina-buonfiglio-2249218_800_q50.webp\"><span class=\"img-title\">GRAVINA BUONFIGLIO<\/span><\/a><a href=\"https:\/\/www.dagospia.com\/media-gallery\/dago-fotogallery-509005\/2245037\" class=\"float-right img-wrapper\"><img decoding=\"async\" id=\"2245037\" loading=\"lazy\" src=\"https:\/\/static.dagospia.com\/img\/foto\/03-2026\/gabriele-gravina-foto-mezzelani-gmt-0008-2245037_800_q50.webp\"><span class=\"img-title\">gabriele gravina foto mezzelani gmt 0008<\/span><\/a><a href=\"https:\/\/www.dagospia.com\/media-gallery\/dago-fotogallery-509005\/2249029\" class=\"float-right img-wrapper\"><img decoding=\"async\" id=\"2249029\" loading=\"lazy\" src=\"https:\/\/static.dagospia.com\/img\/foto\/04-2026\/gravina-2249029_800_q50.webp\"><span class=\"img-title\">gravina<\/span><\/a><a href=\"https:\/\/www.dagospia.com\/media-gallery\/dago-fotogallery-509005\/2244972\" class=\"float-right img-wrapper\"><img decoding=\"async\" id=\"2244972\" loading=\"lazy\" src=\"https:\/\/static.dagospia.com\/img\/foto\/03-2026\/gabriele-gravina-foto-mezzelani-gmt-0007-2244972_800_q50.webp\"><span class=\"img-title\">gabriele gravina foto mezzelani gmt 0007<\/span><\/a><a href=\"https:\/\/www.dagospia.com\/media-gallery\/dago-fotogallery-509005\/2252390\" class=\"float-right img-wrapper\"><img decoding=\"async\" id=\"2252390\" loading=\"lazy\" src=\"https:\/\/static.dagospia.com\/img\/foto\/04-2026\/gabriele-gravina-claudia-conte-2252390_800_q50.webp\"><span class=\"img-title\">gabriele gravina claudia conte<\/span><\/a><\/p>\n<\/div>\n<article><a href=\"https:\/\/www.dagospia.com\/politica\/dagoreport-dopo-referendum-diluvio-voto-22-23-marzo-aperto-voragine-472554\"><\/p>\n<div class=\"img-wrapper\"><img decoding=\"async\" src=\"https:\/\/static.dagospia.com\/img\/patch\/04-2026\/giorgia-meloni-matteo-salvini-antonio-tajani-nicole-minetti-carlo-nordio-2257887_600_q50.webp\" alt=\"giorgia meloni matteo salvini antonio tajani nicole minetti carlo nordio \" loading=\"lazy\"><time class=\"data-ora\">30 apr 15:22<\/time><\/div>\n<div class=\"excerpt\">\n<p>DAGOREPORT \u2013 <span>DOPO IL REFERENDUM, IL DILUVIO: IL VOTO DEL 22-23 MARZO HA APERTO UNA VORAGINE CHE STA INGHIOTTENDO GLI INQUILINI DI PALAZZO CHIGI, MENTRE SI RESPIRA GIA&#8217; ARIA DI SMOBILITAZIONE NEGLI APPARATI DI STATO\u00a0<\/span>&#8211; OGNI GIORNO C\u2019\u00c8\u00a0UNA CADUTA D&#8217;IMMAGINE PER IL GOVERNO MELONI (DAL CASO PIANTEDOSI-CONTE A QUELLO MINETTI, DAGLI SCAZZI TRA GIULI E BUTTAFUOCO AL RIBALTONE IN MPS FINO ALLO SPIONE DEL DEO), A CUI SI AGGIUNGE L&#8217;IMPLOSIONE DI FRATELLI D&#8217;ITALIA E LA GUERRA DI LOGORAMENTO DI SALVINI E LE VELLEIT\u00c0\u00a0MODERATE DELLA NUOVA FORZA ITALIA BY MARINA BERLUSCONI \u2013 <span>PER LA DUCETTA LA PAURA DI CROLLARE E DI FINIRE DI COLPO DALL&#8217;ALTARE ALLA POVERE, COME E&#8217; GIA&#8217; SUCCESSO PER RENZI, SALVINI, DI MAIO E CONTE, E&#8217; ALTISSIMA<\/span> &#8211; A LIVELLO INTERNAZIONALE, DOPO IL \u201cVAFFA\u201d DI TRUMP, LA DUCETTA \u00c8\u00a0ISOLATA (MERZ NON SI FA TIRARE PER LA GIACCHETTA) E NON HA PI\u00d9\u00a0UN EURO DA SPENDERE PER LE MANCETTE PRE-ELETTORALI \u2013 <span>SOLO L\u2019INAZIONE DELL\u2019OPPOSIZIONE LE PERMETTE DI STARE ANCORA INCOLLATA A PALAZZO CHIGI E, GRAZIE ALL\u2019APPARATO MEDIATICO \u201cFIANCHEGGIATORE\u201d, DI \u201cINSABBIARE\u201d MOLTE BEGHE POLITICHE<\/span>. MA GLI ITALIANI NON HANNO L\u2019ANELLO AL NASO: SONO LORO A PAGARE 2 EURO AL LITRO IL GASOLIO\u2026<\/p>\n<\/div>\n<p><\/a><\/article>\n<article><a href=\"https:\/\/www.dagospia.com\/politica\/dagoreport-habemus-trionnale-dopo-aver-buttato-al-fuoco-biennale-472562\"><\/p>\n<div class=\"img-wrapper\"><img decoding=\"async\" src=\"https:\/\/static.dagospia.com\/img\/patch\/04-2026\/triennale-giuli-la-russa-trione-beppe-sala-2257913_600_q50.webp\" alt=\"triennale giuli la russa trione beppe sala\" loading=\"lazy\"><time class=\"data-ora\">29 apr 18:54<\/time><\/div>\n<div class=\"excerpt\">\n<p>DAGOREPORT: HABEMUS &#8220;TRIONNALE&#8221;! &#8211; <span>DOPO AVER BUTTATO-AL-FUOCO LA BIENNALE, IL MINISTRO GIULI-VO ORA SI \u00c8 FATTO BOCCIARE DAL SINDACO DI MILANO LA SUA CANDIDATA ANDR\u00c9E RUTH SHAMMAH<\/span>, FACENDOSI IMPORRE VINCENZO TRIONE, STORICO E CRITICO D\u2019ARTE, COAUTORE CON LA PENNA ROSSA DI TOMASO MONTANARI DI UN LIBRO INTITOLATO \u201cCONTRO LE MOSTRE\u201d (QUELLE FATTE DAGLI ALTRI) &#8211; <span>SEGNALE POCO GIULI-VO PER I CAMERATI ROMANI DELLA MELONI IL VIA LIBERA SU TRIONE CHE AVREBBE DATO IGNAZIO LA RUSSA<\/span>, \u201cPADRONE\u201d DI MILANO E DINTORNI (VEDI CI\u00d2 CHE SUCCEDE ALLA PINACOTECA DI BRERA BY CRESPI) &#8211; <span>FORZA ITALIA \u00c8 RIUSCITA A FAR ENTRARE, DIREBBE MARINA B. \u2018\u2019UN VOLTO NUOVO\u2019\u2019:<\/span> DAVIDE RAMPELLO CHE DELLA TRIENNALE \u00c8 GI\u00c0 STATO PRESIDENTE UN\u2019ERA GEOLOGICA FA\u2026<\/p>\n<\/div>\n<p><\/a><\/article>\n<article><a href=\"https:\/\/www.dagospia.com\/cafonal\/dagoreport-promemoria-per-sopravvivere-terremoto-digitale-in-occasione-472535\"><\/p>\n<div class=\"img-wrapper\"><img decoding=\"async\" src=\"https:\/\/static.dagospia.com\/img\/patch\/04-2026\/2026masi-2257859_600_q50.webp\" alt=\"2026masi \" loading=\"lazy\"><time class=\"data-ora\">29 apr 15:53<\/time><\/div>\n<div class=\"excerpt\">\n<p><span>DAGOREPORT: \u201cPROMEMORIA\u201d PER SOPRAVVIVERE AL TERREMOTO DIGITALE &#8211; <\/span>IN OCCASIONE DELLA RISTAMPA DEL LIBRO DI MAURO MASI, UN GRAN PARTERRE SI \u00c8 DATO APPUNTAMENTO AL MALAGOLIANO CIRCOLO ANIENE &#8211; PER ANALIZZARE LE PROBLEMATICHE CONNESSE ALL\u2019IA PER NON RIPETERE GLI ERRORI FATTI CON INTERNET QUANDO NEGLI ANNI \u201880 E \u201890 SI DECISE DI NON REGOLAMENTARE LA RETE, <span>HANNO AFFERRATO IL MICROFONO L\u2019EX CONSOB, PAOLO SAVONA, L\u2019INOSSIDABILE GIANNI LETTA, ROBERTO SOMMELLA DI \u2018\u2019MF\u201d, IL LEGHISTA RAI ANTONIO MARANO<\/span> \u2013 IN PLATEA, GIORGIO ASSUMMA, LUCIO PRESTA, MICHELE GUARD\u00cc, BARBARA PALOMBELLI, BELLAVISTA CALTAGIRONE, ROBERTO VACCARELLA, GIANNI MILITO, TIBERIO TIMPERI\u2026<\/p>\n<\/div>\n<p><\/a><\/article>\n<article><a href=\"https:\/\/www.dagospia.com\/politica\/dagoreport-occhi-orecchie-puntate-washington-visita-re-carlo-sara-472429\"><\/p>\n<div class=\"img-wrapper\"><img decoding=\"async\" src=\"https:\/\/static.dagospia.com\/img\/patch\/04-2026\/donald-trump-xi-jinping-re-carlo-iii-paolo-zampolli-mohammed-bin-zayed-al-nahyan-2257479_600_q50.webp\" alt=\"donald trump xi jinping re carlo iii paolo zampolli mohammed bin zayed al nahyan\" loading=\"lazy\"><time class=\"data-ora\">28 apr 19:59<\/time><\/div>\n<div class=\"excerpt\">\n<p>DAGOREPORT \u2013 OCCHI E ORECCHIE PUNTATE SU WASHINGTON: <span>LA VISITA DI RE CARLO SAR\u00c0 UTILE A TRUMP, SEMPRE PIU\u2019 ISOLATO, CHE HA BISOGNO DI RINSALDARE LA STORICA ALLEANZA CON LA GRAN BRETAGNA<\/span> \u2013 IL PETROLIO COSTA, GLI ELETTORI SONO INCAZZATI: WASHINGTON VUOLE ACCELERARE SULLA PACE CON L\u2019IRAN. MA <span>GLI AYATOLLAH MOLLERANNO SOLO QUANDO LO ORDINER\u00c0 LORO IL \u201cPADRONCINO\u201d XI JINPING<\/span> (L\u2019INCONTRO A PECHINO DEL 14-15 MAGGIO SAR\u00c0 UNA NUOVA YALTA?) \u2013 EMIRATI INGOLFATI: ABU DHABI CHIEDE UNA \u201cSWAP LINE\u201d D\u2019EMERGENZA A WASHINGTON, E IL TYCOON NON PU\u00d2 DIRE DI NO \u2013 <span>LA TESTA PLATINATA DI DONALD ZAMPILLA DI\u2026ZAMPOLLI:<\/span> IL PASTICCIACCIO DEL SUO INVIATO SPECIALE E LE POSSIBILI RIVELAZIONI DELLA SUA EX, AMANDA UNGARO, NON SONO UNA MINCHIATA\u2026<\/p>\n<\/div>\n<p><\/a><\/article>\n<article><a href=\"https:\/\/www.dagospia.com\/politica\/dagoreport-responsabilita-maggiore-nel-pastrocchio-grazia-nicole-minetti-472434\"><\/p>\n<div class=\"img-wrapper\"><img decoding=\"async\" src=\"https:\/\/static.dagospia.com\/img\/patch\/04-2026\/nicole-minetti-carlo-nordio-francesca-nanni-2257547_600_q50.webp\" alt=\"nicole minetti carlo nordio francesca nanni \" loading=\"lazy\"><time class=\"data-ora\">28 apr 19:31<\/time><\/div>\n<div class=\"excerpt\">\n<p>DAGOREPORT \u2013 <span>TEMPI SEMPRE PIU&#8217; CUPI PER L&#8217;EX INVINCIBILE ARMATA BRANCA-MELONI<\/span> &#8211;\u00a0LA RESPONSABILIT\u00c0 NEL PASTROCCHIO DELLA GRAZIA A NICOLE MINETTI PESA, IN PRIMIS, SUL CAPOCCIONE DEL MINISTRO NORDIO &#8211; <span>LA PROCURA GENERALE DELLA CORTE D&#8217;APPELLO DI MILANO, GUIDATA DA FRANCESCA NANNI<\/span>, SI E&#8217; PRECIPITATA A DICHIARARE CHE L&#8217;ISTRUTTORIA SULLA PRATICA MINETTI SI E&#8217; ATTENUTA ALLE INDICAZIONI DEL MINISTERO DELLA GIUSTIZIA: VERIFICARE LA VERIDICITA&#8217; DI QUANTO AFFERMATO NELLA DOMANDA DI GRAZIA\u00a0SULLA CONDOTTA DI VITA DELLA MINETTI IN ITALIA &#8211; <span>NULLA E&#8217; STATO APPROFONDITO SULLE ATTIVITA&#8217; IN URUGUAY (TRA ESCORT E FESTINI) DELL\u2019EX IGIENISTA DENTALE DI BERLUSCONI<\/span> E DEL SUO COMPAGNO GIUSEPPE CIPRIANI, SODALE D&#8217;AFFARI CON EPSTEIN \u2013 DALLA PROCURA DI MILANO, LA PRATICA MINETTI E&#8217; TORNATA AL MINISTERO DI NORDIO CHE, DATO IL SUO PARERE POSITIVO, L&#8217;HA INVIATA AL QUIRINALE &#8211;<span> L&#8217;ACCERTAMENTO\u00a0DI QUANTO RIVELATO DAL \u201cFATTO QUOTIDIANO\u201d,\u00a0RENDEREBBE INEVITABILI LE DIMISSIONI DI NORDIO, GI\u00c0 PROTAGONISTA CON LA &#8220;ZARINA&#8221; GIUSI BARTOLOZZI, DI UNA SERIE DI FIGURACCE E DISASTRI<\/span>: ALMASRI,\u00a0GLI ATTACCHI AL CSM E AI MAGISTRATI, LA BATOSTA DEL REFERENDUM SULLA GIUSTIZIA, ECCETERA &#8211; (LA REVOCA DELLA GRAZIA SAREBBE LA PRIMA VOLTA NELLA STORIA DELLA REPUBBLICA&#8230;)<\/p>\n<\/div>\n<p><\/a><\/article>\n<article><a href=\"https:\/\/www.dagospia.com\/politica\/flash-come-si-e-arrivati-licenziamento-beatrice-venezi-c-e-ragione-piu-472316\"><\/p>\n<div class=\"img-wrapper\"><img decoding=\"async\" src=\"https:\/\/static.dagospia.com\/img\/patch\/04-2026\/meloni-buttafuoco-fenice-venezi-colabianchi-giuli-brugnaro-2257163_600_q50.webp\" alt=\"meloni buttafuoco fenice venezi colabianchi giuli brugnaro\" loading=\"lazy\"><time class=\"data-ora\">27 apr 20:12<\/time><\/div>\n<div class=\"excerpt\">\n<p>FLASH! \u2013 <span>DIETRO LA CACCIATA\u00a0DI BEATRICE VENEZI C&#8217;E&#8217; UNA RAGIONE PI\u00d9\u00a0\u201cPOLITICA\u201d CHE MUSICALE: A FINE MAGGIO SI VOTA A VENEZIA PER IL NUOVO SINDACO <\/span>CHE PRENDERA&#8217; IL POSTO DI BRUGNARO, GRAN SPONSOR DELLA\u00a0\u201cBACCHETTA NERA\u201d (COME ANCHE IL MAL-DESTRO ZAIA) &#8211; <span>QUANDO MELONI HA SBIRCIATO I SONDAGGI RISERVATI <\/span>CHE VEDE IL CENTROSINISTRA AVANTI, SOSPINTO DALLO SCANDALOSO CASO-VENEZI (CHE STRAPPA ALLA DESTRA\u00a04-5%), GLI OTOLITI SONO ANDATI IN TILT &#8211; <span>E ALLA PRIMA OCCASIONE, CON LE IMPROVVIDE DICHIARAZIONI DI \u201cBEATROCE\u201d CONTRO L\u2019ORCHESTRA, \u00c8\u00a0STATA LICENZIATA &#8211;\u00a0<\/span>LO STESSO &#8221;SENTIMENT&#8221; VALE PER BUTTAFUOCO, MA IL PRESIDENTE DELLA BIENNALE, PIU&#8217; FURBO, NON OFFRE PER ORA IL FIANCO PER LIQUIDARLO &#8211; <span>E SE VENISSE CACCIATO, A DIFFERENZA DI VENEZI, HA L&#8217;\u201cINTELLIGHENZIA\u201d DEI SINISTRATI<\/span> CHE LODA L&#8217;INTELLETTUALITA&#8217; DEL FASCIO-MUSULMANO CHE APRE IL PADIGLIONE AI RUSSI&#8230;.<\/p>\n<\/div>\n<p><\/a><\/article>\n<article><a href=\"https:\/\/www.dagospia.com\/politica\/caso-minetti-ranucci-bomba-nordio-marzo-e-in-uruguay-nel-ranch-cipriani-472461\"><\/p>\n<div class=\"img-wrapper\"><img decoding=\"async\" src=\"https:\/\/static.dagospia.com\/img\/patch\/04-2026\/nicole-minetti-2257565_600_q50.webp\" alt=\"nicole minetti nordio meloni cipriani ranucci\" loading=\"lazy\"><\/div>\n<div class=\"excerpt\">SUL PASTROCCHIO DELLA GRAZIA A NICOLE MINETTI SIGFRIDO RANUCCI SGANCIA LA BOMBA A \u201c\u00c8 SEMPRE\u2026<\/div>\n<p><\/a><\/article>\n<article><a href=\"https:\/\/www.dagospia.com\/cronache\/michael-jackson-mi-abbasso-i-pantaloncini-mentre-giocavo-game-boy-470026\"><\/p>\n<div class=\"img-wrapper\"><img decoding=\"async\" src=\"https:\/\/static.dagospia.com\/img\/patch\/04-2026\/michael-jackson-aldo-cascio-2250437_600_q50.webp\" alt=\"michael jackson aldo cascio \" loading=\"lazy\"><\/div>\n<div class=\"excerpt\">\u201cMICHAEL JACKSON MI ABBASS\u00d2 I PANTALONCINI MENTRE GIOCAVO AL GAME BOY\u201d \u2013 LE TESTIMONIANZE DEI\u2026<\/div>\n<p><\/a><\/article>\n<article><a href=\"https:\/\/www.dagospia.com\/sport\/psg-bayern-5-4-uno-spot-per-calcio-magie-pali-errori-difensivi-9gol-472458\"><\/p>\n<div class=\"img-wrapper\"><img decoding=\"async\" src=\"https:\/\/static.dagospia.com\/img\/patch\/04-2026\/psg-bayern-monaco-2257555_600_q50.webp\" alt=\"psg bayern monaco\" loading=\"lazy\"><\/div>\n<div class=\"excerpt\">VIDEO-PSG-BAYERN 5-4: UNO SPOT PER IL CALCIO&#8230;DA TIK TOK! MAGIE, ERRORI DIFENSIVI, PALI E NOVE GOL\u2026<\/div>\n<p><\/a><\/article>\n<article><a href=\"https:\/\/www.dagospia.com\/media-tv\/pillole-gossip-elodie-franceska-limonano-pochi-passi-472290\"><\/p>\n<div class=\"img-wrapper\"><img decoding=\"async\" src=\"https:\/\/static.dagospia.com\/img\/patch\/04-2026\/pillole-avanti-gossip-2257085_600_q50.webp\" alt=\"pillole avanti gossip\" loading=\"lazy\"><\/div>\n<div class=\"excerpt\">PILLOLE DI GOSSIP! IL TRIANGOLO, S\u00cc! 25 APRILE\u00a0ELODIE E FRANCESKA SI SONO RITROVATE A POCHI PASSI\u2026<\/div>\n<p><\/a><\/article>\n<article><a href=\"https:\/\/www.dagospia.com\/media-tv\/con-mollato-corazze-riconoscete-49enne-parla-chi-compagno-472501\"><\/p>\n<div class=\"img-wrapper\"><img decoding=\"async\" src=\"https:\/\/static.dagospia.com\/img\/patch\/04-2026\/michelle-hunziker-2257659_600_q50.webp\" alt=\"michelle hunziker\" loading=\"lazy\"><\/div>\n<div class=\"excerpt\">\u201cCON LUI HO MOLLATO LE CORAZZE, TUTTI I MURI DI BERLINO CHE AVEVO COSTRUITO INTORNO A ME\u201d \u2013 LA\u2026<\/div>\n<p><\/a><\/article>\n<article><a href=\"https:\/\/www.dagospia.com\/politica\/dagoreport-dopo-referendum-diluvio-voto-22-23-marzo-aperto-voragine-472554\"><\/p>\n<div class=\"img-wrapper\"><img decoding=\"async\" src=\"https:\/\/static.dagospia.com\/img\/patch\/04-2026\/giorgia-meloni-matteo-salvini-antonio-tajani-nicole-minetti-carlo-nordio-2257887_600_q50.webp\" alt=\"giorgia meloni matteo salvini antonio tajani nicole minetti carlo nordio \" loading=\"lazy\"><\/div>\n<div class=\"excerpt\">DAGOREPORT \u2013 DOPO IL REFERENDUM, IL DILUVIO: IL VOTO DEL 22-23 MARZO HA APERTO UNA VORAGINE CHE STA\u2026<\/div>\n<p><\/a><\/article>\n<article><a href=\"https:\/\/www.dagospia.com\/politica\/dagoreport-habemus-trionnale-dopo-aver-buttato-al-fuoco-biennale-472562\"><\/p>\n<div class=\"img-wrapper\"><img decoding=\"async\" src=\"https:\/\/static.dagospia.com\/img\/patch\/04-2026\/triennale-giuli-la-russa-trione-beppe-sala-2257913_600_q50.webp\" alt=\"triennale giuli la russa trione beppe sala\" loading=\"lazy\"><\/div>\n<div class=\"excerpt\">DAGOREPORT: HABEMUS &#8220;TRIONNALE&#8221;! &#8211; DOPO AVER BUTTATO-AL-FUOCO LA BIENNALE, IL MINISTRO GIULI-VO ORA\u2026<\/div>\n<p><\/a><\/article>\n<article><a href=\"https:\/\/www.dagospia.com\/cafonal\/dagoreport-promemoria-per-sopravvivere-terremoto-digitale-in-occasione-472535\"><\/p>\n<div class=\"img-wrapper\"><img decoding=\"async\" src=\"https:\/\/static.dagospia.com\/img\/patch\/04-2026\/2026masi-2257859_600_q50.webp\" alt=\"2026masi \" loading=\"lazy\"><\/div>\n<div class=\"excerpt\">DAGOREPORT: \u201cPROMEMORIA\u201d PER SOPRAVVIVERE AL TERREMOTO DIGITALE &#8211; IN OCCASIONE DELLA RISTAMPA DEL\u2026<\/div>\n<p><\/a><\/article>\n<article><a href=\"https:\/\/www.dagospia.com\/politica\/dagoreport-occhi-orecchie-puntate-washington-visita-re-carlo-sara-472429\"><\/p>\n<div class=\"img-wrapper\"><img decoding=\"async\" src=\"https:\/\/static.dagospia.com\/img\/patch\/04-2026\/donald-trump-xi-jinping-re-carlo-iii-paolo-zampolli-mohammed-bin-zayed-al-nahyan-2257479_600_q50.webp\" alt=\"donald trump xi jinping re carlo iii paolo zampolli mohammed bin zayed al nahyan\" loading=\"lazy\"><\/div>\n<div class=\"excerpt\">DAGOREPORT \u2013 OCCHI E ORECCHIE PUNTATE SU WASHINGTON: LA VISITA DI RE CARLO SAR\u00c0 UTILE A TRUMP,\u2026<\/div>\n<p><\/a><\/article>\n<article><a href=\"https:\/\/www.dagospia.com\/politica\/dagoreport-responsabilita-maggiore-nel-pastrocchio-grazia-nicole-minetti-472434\"><\/p>\n<div class=\"img-wrapper\"><img decoding=\"async\" src=\"https:\/\/static.dagospia.com\/img\/patch\/04-2026\/nicole-minetti-carlo-nordio-francesca-nanni-2257547_600_q50.webp\" alt=\"nicole minetti carlo nordio francesca nanni \" loading=\"lazy\"><\/div>\n<div class=\"excerpt\">DAGOREPORT \u2013 TEMPI SEMPRE PIU&#8217; CUPI PER L&#8217;EX INVINCIBILE ARMATA BRANCA-MELONI &#8211;\u00a0LA RESPONSABILIT\u00c0\u2026<\/div>\n<p><\/a><\/article>\n<article><a href=\"https:\/\/www.dagospia.com\/politica\/flash-come-si-e-arrivati-licenziamento-beatrice-venezi-c-e-ragione-piu-472316\"><\/p>\n<div class=\"img-wrapper\"><img decoding=\"async\" src=\"https:\/\/static.dagospia.com\/img\/patch\/04-2026\/meloni-buttafuoco-fenice-venezi-colabianchi-giuli-brugnaro-2257163_600_q50.webp\" alt=\"meloni buttafuoco fenice venezi colabianchi giuli brugnaro\" loading=\"lazy\"><\/div>\n<div class=\"excerpt\">FLASH! \u2013 DIETRO LA CACCIATA\u00a0DI BEATRICE VENEZI C&#8217;E&#8217; UNA RAGIONE PI\u00d9\u00a0\u201cPOLITICA\u201d CHE MUSICALE: A FINE\u2026<\/div>\n<p><\/a><\/article>\n<article><a href=\"https:\/\/www.dagospia.com\/sport\/caso-rocchi-abodi-giorgetti-l-idea-commissariare-figc-meloni-considera-472320\"><\/p>\n<div class=\"img-wrapper\"><img decoding=\"async\" src=\"https:\/\/static.dagospia.com\/img\/patch\/04-2026\/giovanni-malago-giorgia-meloni-giancarlo-giorgetti-andrea-abodi-gianluca-rocchi-2257188_600_q50.webp\" alt=\"giovanni malago giorgia meloni giancarlo giorgetti andrea abodi gianluca rocchi \" loading=\"lazy\"><\/div>\n<div class=\"excerpt\">DAGOREPORT &#8211; IL CASO ROCCHI E&#8217; ARRIVATO COME IL CACIO SUI MACCHERONI PER ABODI E GIORGETTI,\u2026<\/div>\n<p><\/a><\/article>\n<article><a href=\"https:\/\/www.dagospia.com\/politica\/dagoreport-uniche-pompe-non-piacciono-trump-quelle-benzina-e-vero-472319\"><\/p>\n<div class=\"img-wrapper\"><img decoding=\"async\" src=\"https:\/\/static.dagospia.com\/img\/patch\/04-2026\/donald-trump-benzinaio-benzina-petrolio-greggio-2251186_600_q50.webp\" alt=\"donald trump benzinaio benzina petrolio greggio \" loading=\"lazy\"><\/div>\n<div class=\"excerpt\">DAGOREPORT \u2013 LE UNICHE POMPE CHE NON PIACCIONO A TRUMP SONO QUELLE DI BENZINA! \u00c8 VERO CHE LE\u2026<\/div>\n<p><\/a><\/article>\n<article><a href=\"https:\/\/www.dagospia.com\/media-tv\/dagoreport-la-repubblica-atene-theodore-kyriakou-idee-repubblica-472317\"><\/p>\n<div class=\"img-wrapper\"><img decoding=\"async\" src=\"https:\/\/static.dagospia.com\/img\/patch\/04-2026\/kyriakou-repubblica-radio-capital-tv8-2257164_600_q50.webp\" alt=\"kyriakou repubblica radio capital tv8\" loading=\"lazy\"><\/div>\n<div class=\"excerpt\">DAGOREPORT &#8211; \u201cLA REPUBBLICA\u201d DI ATENE \u2013 THEODORE KYRIAKOU VUOLE CAPIRE CHE DIREZIONE DARE AL GRUPPO\u2026<\/div>\n<p><\/a><\/article>\n<article><a href=\"https:\/\/www.dagospia.com\/politica\/dagoreport-giorgia-meloni-questa-volta-fa-bene-incazzarsi-giancarlo-472264\"><\/p>\n<div class=\"img-wrapper\"><img decoding=\"async\" src=\"https:\/\/static.dagospia.com\/img\/patch\/04-2026\/giorgia-meloni-giancarlo-giorgetti-daria-perrotta-2257041_600_q50.webp\" alt=\"giorgia meloni giancarlo giorgetti daria perrotta \" loading=\"lazy\"><\/div>\n<div class=\"excerpt\">DAGOREPORT \u2013\u00a0GIORGIA MELONI QUESTA VOLTA FA BENE A INCAZZARSI CON GIANCARLO GIORGETTI:\u00a0IL\u2026<\/div>\n<p><\/a><\/article>\n<article><a href=\"https:\/\/www.dagospia.com\/cafonal\/dagoreport-promemoria-per-sopravvivere-terremoto-digitale-in-occasione-472535\"><\/p>\n<div class=\"img-wrapper\"><img decoding=\"async\" src=\"https:\/\/static.dagospia.com\/img\/patch\/04-2026\/2026masi-2257859_600_q50.webp\" alt=\"2026masi \" loading=\"lazy\"><\/div>\n<div class=\"excerpt\">DAGOREPORT: \u201cPROMEMORIA\u201d PER SOPRAVVIVERE AL TERREMOTO DIGITALE &#8211; IN OCCASIONE DELLA RISTAMPA DEL\u2026<\/div>\n<p><\/a><\/article>\n<article><a href=\"https:\/\/www.dagospia.com\/cafonal\/sacco-cafonal-serata-speciale-cinema-barberini-roma-un-sacco-bello-472427\"><\/p>\n<div class=\"img-wrapper\"><img decoding=\"async\" src=\"https:\/\/static.dagospia.com\/img\/patch\/04-2026\/cafonal-verdone-un-sacco-bello-2257470_600_q50.webp\" alt loading=\"lazy\"><\/div>\n<div class=\"excerpt\">UN SACCO CAFONAL!\u00a0\u2013 SERATA SPECIALE AL CINEMA BARBERINI A ROMA: \u201cUN SACCO BELLO\u201d NELLA VERSIONE\u2026<\/div>\n<p><\/a><\/article>\n<article><a href=\"https:\/\/www.dagospia.com\/cafonal\/pardo-max-giusti-metti-sera-cena-eminenze-gricie-dell-edonismo-472056\"><\/p>\n<div class=\"img-wrapper\"><img decoding=\"async\" src=\"https:\/\/static.dagospia.com\/img\/patch\/04-2026\/ristorante-la-pisanella-2256575_600_q50.webp\" alt loading=\"lazy\"><\/div>\n<div class=\"excerpt\">DA PARDO A MAX GIUSTI: METTI UNA SERA A CENA LE \u201cEMINENZE GRICIE\u201d DELL\u2019EDONISMO ROMANELLO \u2013 AL\u2026<\/div>\n<p><\/a><\/article>\n<article><a href=\"https:\/\/www.dagospia.com\/cafonal\/ne-andavo-quella-roma-nella-capitale-in-zona-talenti-intitolato-parco-remo-472030\"><\/p>\n<div class=\"img-wrapper\"><img decoding=\"async\" src=\"https:\/\/static.dagospia.com\/img\/patch\/04-2026\/inaugurazione-del-parco-remo-remotti-massimiliano-bruno-nicola-pistoia-michela-a-2256496_600_q50.webp\" alt=\"inaugurazione del parco remo remotti - massimiliano bruno nicola pistoia michela andreozzi luisa pistoia sabina guzzanti stefano fresi tommaso zanello piotta federica remotti - 5\" loading=\"lazy\"><\/div>\n<div class=\"excerpt\">VIDEO!&#8221;ME NE ANDAVO DA QUELLA ROMA\u2026!&#8221; NELLA CAPITALE, IN ZONA TALENTI, E\u2019 STATO INTITOLATO UN PARCO\u2026<\/div>\n<p><\/a><\/article>\n<article><a href=\"https:\/\/www.dagospia.com\/cafonal\/cafonal-all-opera-mi-porti-luca-guadagnino-maggio-fiorentino-the-death-471907\"><\/p>\n<div class=\"img-wrapper\"><img decoding=\"async\" src=\"https:\/\/static.dagospia.com\/img\/patch\/04-2026\/guadagnino-2256066_600_q50.webp\" alt=\"guadagnino\" loading=\"lazy\"><\/div>\n<div class=\"excerpt\">CAFONAL ALL\u2019OPERA &#8211; MI PORTI UN LUCA GUADAGNINO A FIRENZE \u2013 IL REGISTA PORTA IN SCENA AL MAGGIO\u2026<\/div>\n<p><\/a><\/article>\n<article><a href=\"https:\/\/www.dagospia.com\/cafonal\/cafonal-pallitto-chanel-totti-metri-trash-figlia-pupone-diventa-471192\"><\/p>\n<div class=\"img-wrapper\"><img decoding=\"async\" src=\"https:\/\/static.dagospia.com\/img\/patch\/04-2026\/2026pallitto-2253852_600_q50.webp\" alt loading=\"lazy\"><\/div>\n<div class=\"excerpt\">CAFONAL \u2013 PALLITTO-CHANEL TOTTI: TRE METRI SOPRA IL TRASH! LA FIGLIA DEL PUPONE DIVENTA LA\u2026<\/div>\n<p><\/a><\/article>\n<p>[analyse_source url=&#8221;https:\/\/www.dagospia.com\/sport\/non-ritengo-aver-fallito-mi-sento-capro-espiatorio-gabriele-gravina-472577&#8243;]<\/p>\n","protected":false},"excerpt":{"rendered":"<p>[analyse_image type=&#8221;featured&#8221; src=&#8221;https:\/\/static.dagospia.com\/img\/patch\/04-2026\/gabriele-gravina-evelina-christillin-carlo-verdelli-pierluigi-pardo-2257960_600_q50.webp&#8221;] 30 apr 2026 09:35 A &#8220;OTTO E MEZZO&#8221; VA IN ONDA L&#8217;ASSOLUZIONE, CON BEATIFICAZIONE ANNESSA, DI GABRIELE GRAVINA, INCAPACE DI FARE UN BRICIOLO DI AUTOCRITICA: &#8220;NON RITENGO DI AVER FALLITO, MI SENTO UN CAPRO ESPIATORIO\u201d \u2013 LILLI GRUBER E&#8217; L&#8217;UNICA CHE PROVA A INCHIODARE\u00a0 L&#8217;EX\u00a0PRESIDENTE FIGC CHE VIENE INVECE ALLISCIATO DALL&#8217;INSOPPORTABILE EQUILIBRISMO [&hellip;]<\/p>\n","protected":false},"author":1,"featured_media":0,"comment_status":"open","ping_status":"","sticky":false,"template":"","format":"standard","meta":{"footnotes":""},"categories":[87],"tags":[226,149],"class_list":["post-1910754","post","type-post","status-publish","format-standard","hentry","category-italy","tag-crawlmanager","tag-dagospia-com"],"_links":{"self":[{"href":"https:\/\/analyse.optim.biz\/index.php?rest_route=\/wp\/v2\/posts\/1910754","targetHints":{"allow":["GET"]}}],"collection":[{"href":"https:\/\/analyse.optim.biz\/index.php?rest_route=\/wp\/v2\/posts"}],"about":[{"href":"https:\/\/analyse.optim.biz\/index.php?rest_route=\/wp\/v2\/types\/post"}],"author":[{"embeddable":true,"href":"https:\/\/analyse.optim.biz\/index.php?rest_route=\/wp\/v2\/users\/1"}],"replies":[{"embeddable":true,"href":"https:\/\/analyse.optim.biz\/index.php?rest_route=%2Fwp%2Fv2%2Fcomments&post=1910754"}],"version-history":[{"count":0,"href":"https:\/\/analyse.optim.biz\/index.php?rest_route=\/wp\/v2\/posts\/1910754\/revisions"}],"wp:attachment":[{"href":"https:\/\/analyse.optim.biz\/index.php?rest_route=%2Fwp%2Fv2%2Fmedia&parent=1910754"}],"wp:term":[{"taxonomy":"category","embeddable":true,"href":"https:\/\/analyse.optim.biz\/index.php?rest_route=%2Fwp%2Fv2%2Fcategories&post=1910754"},{"taxonomy":"post_tag","embeddable":true,"href":"https:\/\/analyse.optim.biz\/index.php?rest_route=%2Fwp%2Fv2%2Ftags&post=1910754"}],"curies":[{"name":"wp","href":"https:\/\/api.w.org\/{rel}","templated":true}]}}