{"id":1910745,"date":"2026-04-30T06:45:00","date_gmt":"2026-04-30T03:45:00","guid":{"rendered":"https:\/\/analyse.optim.biz\/?p=1910745"},"modified":"2026-04-30T06:45:00","modified_gmt":"2026-04-30T03:45:00","slug":"in-camera-eitan-bondi-aveva-un-arsenale-il-cecchino-del-25-aprile-che-ha-sparato-a-2-attivisti","status":"publish","type":"post","link":"https:\/\/analyse.optim.biz\/?p=1910745","title":{"rendered":"\u2018in camera eitan bondi aveva un arsenale\u2019 \u2013 il cecchino del 25 aprile che ha sparato a 2 attivisti.."},"content":{"rendered":"<p>[analyse_image type=&#8221;featured&#8221; src=&#8221;https:\/\/static.dagospia.com\/img\/patch\/04-2026\/eitan-bondi-2257942_600_q50.webp&#8221;]<\/p>\n<article>\n<div class=\"img-wrapper\"><img decoding=\"async\" src=\"https:\/\/static.dagospia.com\/img\/patch\/04-2026\/eitan-bondi-2257942_600_q50.webp\" alt=\"eitan bondi\"><time class=\"data-ora\">30 apr 2026 08:45<\/time><\/div>\n<p><span>\u201cIN CAMERA EITAN BONDI AVEVA UN ARSENALE\u201d \u2013<\/span> IL RAGAZZO CHE HA SPARATO CON UNA PISTOLA DA SOFTAIR CONTRO DUE ATTIVISTI DELL\u2019ANPI A ROMA, LO SCORSO 25 APRILE, \u00c8 UN GIOVANE DELLA COMUNIT\u00c0 EBRAICA &#8211; <span>IN CASA AVEVA COLTELLI, PISTOLE, FUCILI E MUNIZIONI: HA DETTO DI FAR PARTE DELLA \u201cBRIGATA EBRAICA\u201d<\/span>\u00a0&#8211; E AGGIUNGE: \u201cNON VOLEVO UCCIDERE NESSUNO\u201d &#8211; GLI INQUIRENTI CERCANO DI CAPIRE SE BONDI ABBIA AVUTO A CHE FARE CON AZIONI VIOLENTE CONTRO LA GALASSIA PRO-PAL (DALL\u2019ATTACCO ALL\u2019AULA AUTOGESTITA NELL\u2019UNIVERSIT\u00c0 ROMA TRE ALLO SFREGIO AL MURALE DEDICATO A HANDALA) &#8211; IL PADRE DI EITAN HA ALLE SPALLE UNA STORIA SEGNATA DA DIPENDENZE, CARCERE <span>E ANCHE UN\u2019ACCUSA DI RAPINA AGGRAVATA DA ODIO RAZZIALE \u2013 UN VICINO: \u201cEITAN ERA DIVENTATO UN ESTREMISTA\u201d<\/span><\/p>\n<div class=\"share-section\">\n                Condividi  questo articolo<\/p>\n<div class=\"socials\"><a href=\"http:\/\/www.facebook.com\/sharer.php?u=http:\/\/www.dagospia.com\/cronache\/in-camera-eitan-bondi-arsenale-cecchino-25-aprile-sparato-2-attivisti-472575\" target=\"_blank\"><img decoding=\"async\" src=\"https:\/\/static.dagospia.com\/img\/icons\/facebook.svg\" alt=\"Condividi su Facebook\"><\/a><a href=\"http:\/\/www.twitter.com\/share?url=http:\/\/www.dagospia.com\/cronache\/in-camera-eitan-bondi-arsenale-cecchino-25-aprile-sparato-2-attivisti-472575&amp;text=%E2%80%98IN%20CAMERA%20EITAN%20BONDI%20AVEVA%20UN%20ARSENALE%E2%80%99%20%E2%80%93%20IL%20CECCHINO%20DEL%2025%20APRILE%20CHE%20HA%20SPARATO%20A%202%20ATTIVISTI..\" target=\"_blank\"><img decoding=\"async\" src=\"https:\/\/static.dagospia.com\/img\/icons\/x-icon.png\" alt=\"Condividi su X\"><\/a><a href=\"\/\/www.dagospia.com\/cronache\/in-camera-eitan-bondi-arsenale-cecchino-25-aprile-sparato-2-attivisti-472575\" target=\"_blank\"><img decoding=\"async\" src=\"https:\/\/static.dagospia.com\/img\/icons\/whatsapp.svg\" alt=\"Condividi su Whatsapp\"><\/a><a href=\"mailto:?body=http:\/\/www.dagospia.com\/cronache\/in-camera-eitan-bondi-arsenale-cecchino-25-aprile-sparato-2-attivisti-472575\" target=\"_blank\"><img decoding=\"async\" src=\"https:\/\/static.dagospia.com\/img\/icons\/mail.svg\" alt=\"Invia in email\"><\/a><\/div>\n<\/div>\n<div class=\"content\">\n<p class=\"disable\"><strong>Andrea Ossino per <a href=\"http:\/\/www.repubblica.it\" target=\"_blank\">repubblica.it &#8211; Estratti<\/a><\/strong><\/p>\n<p class=\"disable\">\u00a0<\/p>\n<p class=\"disable\">Il fermo arriva nella notte, dopo una perquisizione e la scoperta di un arsenale: coltelli, fucili, pistole, munizioni e armi ad aria compressa. Eitan Bond\u00ec, 21 anni, vicino alla comunit\u00e0 ebraica di Roma, viene fermato nella sua cameretta adornata con bandiere israeliane e accompagnato in questura. Millanta di far parte della \u201cBrigata ebraica\u201d e ammette di aver sparato una raffica di piombini con una pistola da softair contro due persone che indossavano un fazzoletto dell\u2019Anpi: \u00abMa non volevo uccidere nessuno\u00bb.<\/p>\n<p><a href=\"https:\/\/www.dagospia.com\/media-gallery\/dago-fotogallery-509003\/2257944\" class=\"float-right img-wrapper\"><img decoding=\"async\" id=\"2257944\" loading=\"lazy\" src=\"https:\/\/static.dagospia.com\/img\/foto\/04-2026\/eitan-bondi-2257944_800_q50.webp\"><span class=\"img-title\">eitan bondi<\/span><\/a><\/p>\n<p class=\"disable\">\u00a0<\/p>\n<p class=\"disable\">Sono i fatti avvenuti il 25 aprile ai margini del parco Schuster, dove migliaia di persone festeggiavano la Liberazione. Dopo tre giorni \u00e8 stato rintracciato e ieri la procura ha chiesto la convalida dell\u2019arresto. Ora il ragazzo \u00e8 nel carcere di Regina Coeli, in attesa di essere interrogato dal giudice. L\u2019accusa \u00e8 pesante: detenzione di armi e tentato omicidio.\u00a0<\/p>\n<p class=\"disable\">\u00a0<\/p>\n<p class=\"disable\">(&#8230;)<\/p>\n<p class=\"disable\">\u00a0<\/p>\n<p class=\"disable\">Il procuratore Francesco Lo Voi e la pm Lucia Lotti stanno analizzando anche altri fatti, eventuali collegamenti, possibili tracce lasciate nel cellulare sequestrato al ventunenne. Dal 7 ottobre, infatti, la cronaca racconta di eventi non trascurabili, come lo strappo di manifesti pro-Palestina fuori dal centro sociale La Strada, l\u2019attacco all\u2019aula autogestita nell\u2019Universit\u00e0 Roma Tre e lo sfregio al murale dedicato a Handala, il personaggio a fumetti simbolo della sofferenza del popolo palestinese e dell\u2019infanzia negata. Occorre capire se Eitan Bond\u00ec abbia avuto a che fare con queste azioni, se sia legato a un gruppo radicalizzato.<\/p>\n<p class=\"disable\">\u00a0<\/p>\n<p class=\"disable\">Il racconto<\/p>\n<p class=\"disable\">Lui, agente immobiliare che trascorre il fine settimana lavorando come rider, ha un precedente per una modesta truffa assicurativa, nessun crimine violento. Sostiene di appartenere alla Brigata ebraica. Un\u2019affermazione smentita dai diretti interessati. Dicono di non conoscerlo. Non \u00e8 dei loro. Non lo \u00e8 mai stato. Anzi, a Roma non c\u2019\u00e8 nessun esponente ufficiale della Brigata, che trova il suo perimetro a Milano. Il direttore del museo, Davide Riccardo Romano, \u00e8 netto: \u00abLa Brigata ebraica ha combattuto per la libert\u00e0 e la dignit\u00e0 umana. Strumentalizzarne il nome per giustificare o coprire comportamenti violenti \u00e8 un oltraggio\u00bb. La comunit\u00e0 ebraica di Roma prende le distanze. Il presidente Victor Fadlun condanna, parla di sgomento e rifiuto di ogni violenza.<\/p>\n<p class=\"disable\">\u00a0<\/p>\n<p class=\"disable\">(&#8230;)<\/p>\n<p class=\"disable\">\u00a0<\/p>\n<p class=\"disable\"><strong>EITAN BOND\u00cc, DALLA SINAGOGA AL FANATISMO, LO SGOMENTO DELLA MADRE: \u201cNON CE NE SIAMO ACCORTI\u201d<\/strong><\/p>\n<p><a href=\"https:\/\/www.dagospia.com\/media-gallery\/dago-fotogallery-509003\/2257946\" class=\"float-left img-wrapper\"><img decoding=\"async\" id=\"2257946\" loading=\"lazy\" src=\"https:\/\/static.dagospia.com\/img\/foto\/04-2026\/eitan-bondi-2257946_800_q50.webp\"><span class=\"img-title\">eitan bondi<\/span><\/a><\/p>\n<p class=\"disable\"><strong>Marco Carta per <a href=\"http:\/\/www.repubblica.it\" target=\"_blank\">repubblica.it &#8211; Estratti<\/a><\/strong><\/p>\n<p class=\"disable\">\u00a0<\/p>\n<p class=\"disable\">\u00a0<\/p>\n<p class=\"disable\">Non voglio parlare, sto cercando di capire quello che \u00e8 successo. Non me ne faccio una ragione\u00bb. Eleonora ha gli occhi sbarrati mentre risponde a chi prova a confortarla dall\u2019uscio della sua casa in zona Marconi. Tiene la porta socchiusa, come a voler limitare il contatto con l\u2019esterno. Suo figlio, Eitan Bond\u00ec, da ieri mattina \u00e8 nel carcere di Regina Coeli. L\u2019accusa \u00e8 pesante: tentato omicidio. Ha sparato con una pistola ad aria compressa contro due attivisti dell\u2019Anpi durante il corteo del 25 aprile.<\/p>\n<p class=\"disable\">\u00a0<\/p>\n<p class=\"disable\">\u00a0<\/p>\n<p class=\"disable\">Nell\u2019abitazione del ragazzo, che ha 21 anni, la polizia ha trovato bandiere israeliane, gadget sionisti, coltelli, pistole, fucili e munizioni. \u00abCome \u00e8 possibile che non mi sia accorta di nulla?\u00bb, ripete la donna, che poi chiede di essere lasciata in pace. \u00abNon posso parlare\u00bb, aggiunge.\u00a0<\/p>\n<p class=\"disable\">\u00a0<\/p>\n<p class=\"disable\">(&#8230;)<\/p>\n<p class=\"disable\">\u00a0<\/p>\n<p><a href=\"https:\/\/www.dagospia.com\/media-gallery\/dago-fotogallery-509003\/2257945\" class=\"float-right img-wrapper\"><img decoding=\"async\" id=\"2257945\" loading=\"lazy\" src=\"https:\/\/static.dagospia.com\/img\/foto\/04-2026\/eitan-bondi-2257945_800_q50.webp\"><span class=\"img-title\">eitan bondi<\/span><\/a><\/p>\n<p class=\"disable\">Della comunit\u00e0 capitolina Eitan Bond\u00ec \u00e8 uno degli iscritti. Si era diplomato al liceo linguistico Renzo Levi, al Portico d\u2019Ottavia, nel Ghetto ebraico di Roma. Un percorso non semplice, concluso con fatica, anche con il supporto del sostegno scolastico. \u00abSono stato vittima di bullismo\u00bb, aveva raccontato Eitan ai suoi amici. Poi l\u2019iscrizione alla Sapienza, facolt\u00e0 di Architettura, senza per\u00f2 riuscire a ingranare.<\/p>\n<p class=\"disable\">\u00a0<\/p>\n<p class=\"disable\">Per questo, a gennaio, decide di cambiare. Vuole diventare indipendente e non gravare sulla madre, che da sola si occupa di tre figli. Il padre non vive pi\u00f9 in casa da tempo: alle spalle ha problemi con la giustizia, un carattere difficile e una storia segnata da dipendenze e periodi in carcere, tra cui un\u2019accusa di rapina aggravata dall\u2019odio razziale.<\/p>\n<p class=\"disable\">\u00a0<\/p>\n<p class=\"disable\">Eitan, insomma, prova a diventare grande. \u00abDurante la settimana lavorava in un\u2019agenzia immobiliare del centro\u00bb, racconta una collega del ragazzo, che rimane coinvolto anche in una truffa assicurativa. \u00abIl weekend faceva il rider\u00bb. Sempre in giro con il motorino, che sistemava e ridipingeva di continuo. \u00abL\u2019ho visto crescere \u2014 aggiunge un vicino \u2014 La famiglia la conosciamo. Sono ebrei come tanti altri che vivono qui. Per\u00f2 negli ultimi mesi era diventato pi\u00f9 rigido. Un estremista\u00bb.<\/p>\n<p class=\"disable\">\u00a0<\/p>\n<p class=\"disable\">\u00a0<\/p>\n<p class=\"disable\">In molti indicano una data: il 7 ottobre 2023, il giorno dell\u2019attacco di Hamas. Da l\u00ec, raccontano, qualcosa cambia. Le discussioni pi\u00f9 accese, le posizioni pi\u00f9 nette, la sua come quella degli amici che incontra tra una birreria di via Fermi e la sinagoga a pochi passi da casa. Per segnare la sua appartenenza aveva appeso una bandiera d\u2019Israele alla finestra, proprio nei giorni in cui Netanyahu veniva messo sotto accusa per la guerra in Palestina.<\/p>\n<p class=\"disable\">\u00a0<\/p>\n<p class=\"disable\">Un gesto che aveva creato tensioni nel condominio. \u00abAlla fine l\u2019ha tolta\u00bb, ricorda un altro vicino. Ora gli investigatori cercano di capire perch\u00e9 il ventunenne custodisse un piccolo arsenale. Qualcuno, questa \u00e8 una delle ipotesi, potrebbe averlo arruolato in una sorta di servizio di vigilanza informale. Poi ci sono le indagini sull\u2019agguato. Le immagini sono chiare: il 25 aprile Eitan ha fatto tutto da solo. Ha preso il motorino, ha raggiunto parco Schuster, ha sparato contro Rossana Gabrieli e Nicola Fasciano. Entrambi indossavano il fazzoletto dell\u2019Anpi al collo.<\/p>\n<p class=\"disable\">\u00a0<\/p>\n<p><a href=\"https:\/\/www.dagospia.com\/media-gallery\/dago-fotogallery-509003\/2257943\" class=\"float-left img-wrapper\"><img decoding=\"async\" id=\"2257943\" loading=\"lazy\" src=\"https:\/\/static.dagospia.com\/img\/foto\/04-2026\/eitan-bondi-2257943_800_q50.webp\"><span class=\"img-title\">eitan bondi<\/span><\/a><\/p>\n<p class=\"disable\">Dopo aver esploso i colpi ad aria compressa Eitan \u00e8 ritornato verso casa. Si \u00e8 chiuso nella sua cameretta. Ha ripreso la sua vita. Come se nulla fosse. \u00abNon ci siamo accorti di niente\u00bb, ripete la madre. Ma forse Eitan aveva annunciato la sua azione a qualcuno. Per questo nel suo telefono si cercano possibili complici e si analizza il passato.<\/p>\n<p class=\"disable\">\u00a0<\/p>\n<p class=\"disable\">Anche perch\u00e9 sono numerosi gli episodi negli ultimi due anni avvenuti nel quartiere tra Marconi e Ostiense, soprattutto contro la galassia proPal: aggressioni, provocazioni, manifesti strappati, scritte, bombe carta. Di sicuro un filo diretto territoriale lega il giovane alla cosiddetta brigata ebraica \u201cDario Vitali\u201d, gruppo d\u2019azione di estrema destra dedicato al militare ebreo e dichiaratamente fascista Dario Vitali.<\/p>\n<\/div>\n<div class=\"share-section\">\n                Condividi  questo articolo<\/p>\n<div class=\"socials\"><a href=\"https:\/\/www.dagospia.com\/cronache\/in-camera-eitan-bondi-arsenale-cecchino-25-aprile-sparato-2-attivisti-472575\"><img decoding=\"async\" src=\"https:\/\/static.dagospia.com\/img\/icons\/facebook.svg\" alt=\"Condividi su Facebook\"><\/a><a href=\"https:\/\/www.dagospia.com\/cronache\/in-camera-eitan-bondi-arsenale-cecchino-25-aprile-sparato-2-attivisti-472575\"><img decoding=\"async\" src=\"https:\/\/static.dagospia.com\/img\/icons\/x-icon.png\" alt=\"Condividi su X\"><\/a><a href=\"https:\/\/www.dagospia.com\/cronache\/in-camera-eitan-bondi-arsenale-cecchino-25-aprile-sparato-2-attivisti-472575\"><img decoding=\"async\" src=\"https:\/\/static.dagospia.com\/img\/icons\/whatsapp.svg\" alt=\"Condividi su Whatsapp\"><\/a><a href=\"https:\/\/www.dagospia.com\/cronache\/in-camera-eitan-bondi-arsenale-cecchino-25-aprile-sparato-2-attivisti-472575\"><img decoding=\"async\" src=\"https:\/\/static.dagospia.com\/img\/icons\/mail.svg\" alt=\"Invia in email\"><\/a><\/div>\n<\/div>\n<\/article>\n<div class=\"content\">\n<p class=\"disable\"><strong>Andrea Ossino per <a href=\"http:\/\/www.repubblica.it\" target=\"_blank\">repubblica.it &#8211; Estratti<\/a><\/strong><\/p>\n<p class=\"disable\">\u00a0<\/p>\n<p class=\"disable\">Il fermo arriva nella notte, dopo una perquisizione e la scoperta di un arsenale: coltelli, fucili, pistole, munizioni e armi ad aria compressa. Eitan Bond\u00ec, 21 anni, vicino alla comunit\u00e0 ebraica di Roma, viene fermato nella sua cameretta adornata con bandiere israeliane e accompagnato in questura. Millanta di far parte della \u201cBrigata ebraica\u201d e ammette di aver sparato una raffica di piombini con una pistola da softair contro due persone che indossavano un fazzoletto dell\u2019Anpi: \u00abMa non volevo uccidere nessuno\u00bb.<\/p>\n<p><a href=\"https:\/\/www.dagospia.com\/media-gallery\/dago-fotogallery-509003\/2257944\" class=\"float-right img-wrapper\"><img decoding=\"async\" id=\"2257944\" loading=\"lazy\" src=\"https:\/\/static.dagospia.com\/img\/foto\/04-2026\/eitan-bondi-2257944_800_q50.webp\"><span class=\"img-title\">eitan bondi<\/span><\/a><\/p>\n<p class=\"disable\">\u00a0<\/p>\n<p class=\"disable\">Sono i fatti avvenuti il 25 aprile ai margini del parco Schuster, dove migliaia di persone festeggiavano la Liberazione. Dopo tre giorni \u00e8 stato rintracciato e ieri la procura ha chiesto la convalida dell\u2019arresto. Ora il ragazzo \u00e8 nel carcere di Regina Coeli, in attesa di essere interrogato dal giudice. L\u2019accusa \u00e8 pesante: detenzione di armi e tentato omicidio.\u00a0<\/p>\n<p class=\"disable\">\u00a0<\/p>\n<p class=\"disable\">(&#8230;)<\/p>\n<p class=\"disable\">\u00a0<\/p>\n<p class=\"disable\">Il procuratore Francesco Lo Voi e la pm Lucia Lotti stanno analizzando anche altri fatti, eventuali collegamenti, possibili tracce lasciate nel cellulare sequestrato al ventunenne. Dal 7 ottobre, infatti, la cronaca racconta di eventi non trascurabili, come lo strappo di manifesti pro-Palestina fuori dal centro sociale La Strada, l\u2019attacco all\u2019aula autogestita nell\u2019Universit\u00e0 Roma Tre e lo sfregio al murale dedicato a Handala, il personaggio a fumetti simbolo della sofferenza del popolo palestinese e dell\u2019infanzia negata. Occorre capire se Eitan Bond\u00ec abbia avuto a che fare con queste azioni, se sia legato a un gruppo radicalizzato.<\/p>\n<p class=\"disable\">\u00a0<\/p>\n<p class=\"disable\">Il racconto<\/p>\n<p class=\"disable\">Lui, agente immobiliare che trascorre il fine settimana lavorando come rider, ha un precedente per una modesta truffa assicurativa, nessun crimine violento. Sostiene di appartenere alla Brigata ebraica. Un\u2019affermazione smentita dai diretti interessati. Dicono di non conoscerlo. Non \u00e8 dei loro. Non lo \u00e8 mai stato. Anzi, a Roma non c\u2019\u00e8 nessun esponente ufficiale della Brigata, che trova il suo perimetro a Milano. Il direttore del museo, Davide Riccardo Romano, \u00e8 netto: \u00abLa Brigata ebraica ha combattuto per la libert\u00e0 e la dignit\u00e0 umana. Strumentalizzarne il nome per giustificare o coprire comportamenti violenti \u00e8 un oltraggio\u00bb. La comunit\u00e0 ebraica di Roma prende le distanze. Il presidente Victor Fadlun condanna, parla di sgomento e rifiuto di ogni violenza.<\/p>\n<p class=\"disable\">\u00a0<\/p>\n<p class=\"disable\">(&#8230;)<\/p>\n<p class=\"disable\">\u00a0<\/p>\n<p class=\"disable\"><strong>EITAN BOND\u00cc, DALLA SINAGOGA AL FANATISMO, LO SGOMENTO DELLA MADRE: \u201cNON CE NE SIAMO ACCORTI\u201d<\/strong><\/p>\n<p><a href=\"https:\/\/www.dagospia.com\/media-gallery\/dago-fotogallery-509003\/2257946\" class=\"float-left img-wrapper\"><img decoding=\"async\" id=\"2257946\" loading=\"lazy\" src=\"https:\/\/static.dagospia.com\/img\/foto\/04-2026\/eitan-bondi-2257946_800_q50.webp\"><span class=\"img-title\">eitan bondi<\/span><\/a><\/p>\n<p class=\"disable\"><strong>Marco Carta per <a href=\"http:\/\/www.repubblica.it\" target=\"_blank\">repubblica.it &#8211; Estratti<\/a><\/strong><\/p>\n<p class=\"disable\">\u00a0<\/p>\n<p class=\"disable\">\u00a0<\/p>\n<p class=\"disable\">Non voglio parlare, sto cercando di capire quello che \u00e8 successo. Non me ne faccio una ragione\u00bb. Eleonora ha gli occhi sbarrati mentre risponde a chi prova a confortarla dall\u2019uscio della sua casa in zona Marconi. Tiene la porta socchiusa, come a voler limitare il contatto con l\u2019esterno. Suo figlio, Eitan Bond\u00ec, da ieri mattina \u00e8 nel carcere di Regina Coeli. L\u2019accusa \u00e8 pesante: tentato omicidio. Ha sparato con una pistola ad aria compressa contro due attivisti dell\u2019Anpi durante il corteo del 25 aprile.<\/p>\n<p class=\"disable\">\u00a0<\/p>\n<p class=\"disable\">\u00a0<\/p>\n<p class=\"disable\">Nell\u2019abitazione del ragazzo, che ha 21 anni, la polizia ha trovato bandiere israeliane, gadget sionisti, coltelli, pistole, fucili e munizioni. \u00abCome \u00e8 possibile che non mi sia accorta di nulla?\u00bb, ripete la donna, che poi chiede di essere lasciata in pace. \u00abNon posso parlare\u00bb, aggiunge.\u00a0<\/p>\n<p class=\"disable\">\u00a0<\/p>\n<p class=\"disable\">(&#8230;)<\/p>\n<p class=\"disable\">\u00a0<\/p>\n<p><a href=\"https:\/\/www.dagospia.com\/media-gallery\/dago-fotogallery-509003\/2257945\" class=\"float-right img-wrapper\"><img decoding=\"async\" id=\"2257945\" loading=\"lazy\" src=\"https:\/\/static.dagospia.com\/img\/foto\/04-2026\/eitan-bondi-2257945_800_q50.webp\"><span class=\"img-title\">eitan bondi<\/span><\/a><\/p>\n<p class=\"disable\">Della comunit\u00e0 capitolina Eitan Bond\u00ec \u00e8 uno degli iscritti. Si era diplomato al liceo linguistico Renzo Levi, al Portico d\u2019Ottavia, nel Ghetto ebraico di Roma. Un percorso non semplice, concluso con fatica, anche con il supporto del sostegno scolastico. \u00abSono stato vittima di bullismo\u00bb, aveva raccontato Eitan ai suoi amici. Poi l\u2019iscrizione alla Sapienza, facolt\u00e0 di Architettura, senza per\u00f2 riuscire a ingranare.<\/p>\n<p class=\"disable\">\u00a0<\/p>\n<p class=\"disable\">Per questo, a gennaio, decide di cambiare. Vuole diventare indipendente e non gravare sulla madre, che da sola si occupa di tre figli. Il padre non vive pi\u00f9 in casa da tempo: alle spalle ha problemi con la giustizia, un carattere difficile e una storia segnata da dipendenze e periodi in carcere, tra cui un\u2019accusa di rapina aggravata dall\u2019odio razziale.<\/p>\n<p class=\"disable\">\u00a0<\/p>\n<p class=\"disable\">Eitan, insomma, prova a diventare grande. \u00abDurante la settimana lavorava in un\u2019agenzia immobiliare del centro\u00bb, racconta una collega del ragazzo, che rimane coinvolto anche in una truffa assicurativa. \u00abIl weekend faceva il rider\u00bb. Sempre in giro con il motorino, che sistemava e ridipingeva di continuo. \u00abL\u2019ho visto crescere \u2014 aggiunge un vicino \u2014 La famiglia la conosciamo. Sono ebrei come tanti altri che vivono qui. Per\u00f2 negli ultimi mesi era diventato pi\u00f9 rigido. Un estremista\u00bb.<\/p>\n<p class=\"disable\">\u00a0<\/p>\n<p class=\"disable\">\u00a0<\/p>\n<p class=\"disable\">In molti indicano una data: il 7 ottobre 2023, il giorno dell\u2019attacco di Hamas. Da l\u00ec, raccontano, qualcosa cambia. Le discussioni pi\u00f9 accese, le posizioni pi\u00f9 nette, la sua come quella degli amici che incontra tra una birreria di via Fermi e la sinagoga a pochi passi da casa. Per segnare la sua appartenenza aveva appeso una bandiera d\u2019Israele alla finestra, proprio nei giorni in cui Netanyahu veniva messo sotto accusa per la guerra in Palestina.<\/p>\n<p class=\"disable\">\u00a0<\/p>\n<p class=\"disable\">Un gesto che aveva creato tensioni nel condominio. \u00abAlla fine l\u2019ha tolta\u00bb, ricorda un altro vicino. Ora gli investigatori cercano di capire perch\u00e9 il ventunenne custodisse un piccolo arsenale. Qualcuno, questa \u00e8 una delle ipotesi, potrebbe averlo arruolato in una sorta di servizio di vigilanza informale. Poi ci sono le indagini sull\u2019agguato. Le immagini sono chiare: il 25 aprile Eitan ha fatto tutto da solo. Ha preso il motorino, ha raggiunto parco Schuster, ha sparato contro Rossana Gabrieli e Nicola Fasciano. Entrambi indossavano il fazzoletto dell\u2019Anpi al collo.<\/p>\n<p class=\"disable\">\u00a0<\/p>\n<p><a href=\"https:\/\/www.dagospia.com\/media-gallery\/dago-fotogallery-509003\/2257943\" class=\"float-left img-wrapper\"><img decoding=\"async\" id=\"2257943\" loading=\"lazy\" src=\"https:\/\/static.dagospia.com\/img\/foto\/04-2026\/eitan-bondi-2257943_800_q50.webp\"><span class=\"img-title\">eitan bondi<\/span><\/a><\/p>\n<p class=\"disable\">Dopo aver esploso i colpi ad aria compressa Eitan \u00e8 ritornato verso casa. Si \u00e8 chiuso nella sua cameretta. Ha ripreso la sua vita. Come se nulla fosse. \u00abNon ci siamo accorti di niente\u00bb, ripete la madre. Ma forse Eitan aveva annunciato la sua azione a qualcuno. Per questo nel suo telefono si cercano possibili complici e si analizza il passato.<\/p>\n<p class=\"disable\">\u00a0<\/p>\n<p class=\"disable\">Anche perch\u00e9 sono numerosi gli episodi negli ultimi due anni avvenuti nel quartiere tra Marconi e Ostiense, soprattutto contro la galassia proPal: aggressioni, provocazioni, manifesti strappati, scritte, bombe carta. Di sicuro un filo diretto territoriale lega il giovane alla cosiddetta brigata ebraica \u201cDario Vitali\u201d, gruppo d\u2019azione di estrema destra dedicato al militare ebreo e dichiaratamente fascista Dario Vitali.<\/p>\n<\/div>\n<article><a href=\"https:\/\/www.dagospia.com\/politica\/dagoreport-dopo-referendum-diluvio-voto-22-23-marzo-aperto-voragine-472554\"><\/p>\n<div class=\"img-wrapper\"><img decoding=\"async\" src=\"https:\/\/static.dagospia.com\/img\/patch\/04-2026\/giorgia-meloni-matteo-salvini-antonio-tajani-nicole-minetti-carlo-nordio-2257887_600_q50.webp\" alt=\"giorgia meloni matteo salvini antonio tajani nicole minetti carlo nordio \" loading=\"lazy\"><time class=\"data-ora\">30 apr 15:22<\/time><\/div>\n<div class=\"excerpt\">\n<p>DAGOREPORT \u2013 <span>DOPO IL REFERENDUM, IL DILUVIO: IL VOTO DEL 22-23 MARZO HA APERTO UNA VORAGINE CHE STA INGHIOTTENDO GLI INQUILINI DI PALAZZO CHIGI, MENTRE SI RESPIRA GIA&#8217; ARIA DI SMOBILITAZIONE NEGLI APPARATI DI STATO\u00a0<\/span>&#8211; OGNI GIORNO C\u2019\u00c8\u00a0UNA CADUTA D&#8217;IMMAGINE PER IL GOVERNO MELONI (DAL CASO PIANTEDOSI-CONTE A QUELLO MINETTI, DAGLI SCAZZI TRA GIULI E BUTTAFUOCO AL RIBALTONE IN MPS FINO ALLO SPIONE DEL DEO), A CUI SI AGGIUNGE L&#8217;IMPLOSIONE DI FRATELLI D&#8217;ITALIA E LA GUERRA DI LOGORAMENTO DI SALVINI E LE VELLEIT\u00c0\u00a0MODERATE DELLA NUOVA FORZA ITALIA BY MARINA BERLUSCONI \u2013 <span>PER LA DUCETTA LA PAURA DI CROLLARE E DI FINIRE DI COLPO DALL&#8217;ALTARE ALLA POVERE, COME E&#8217; GIA&#8217; SUCCESSO PER RENZI, SALVINI, DI MAIO E CONTE, E&#8217; ALTISSIMA<\/span> &#8211; A LIVELLO INTERNAZIONALE, DOPO IL \u201cVAFFA\u201d DI TRUMP, LA DUCETTA \u00c8\u00a0ISOLATA (MERZ NON SI FA TIRARE PER LA GIACCHETTA) E NON HA PI\u00d9\u00a0UN EURO DA SPENDERE PER LE MANCETTE PRE-ELETTORALI \u2013 <span>SOLO L\u2019INAZIONE DELL\u2019OPPOSIZIONE LE PERMETTE DI STARE ANCORA INCOLLATA A PALAZZO CHIGI E, GRAZIE ALL\u2019APPARATO MEDIATICO \u201cFIANCHEGGIATORE\u201d, DI \u201cINSABBIARE\u201d MOLTE BEGHE POLITICHE<\/span>. MA GLI ITALIANI NON HANNO L\u2019ANELLO AL NASO: SONO LORO A PAGARE 2 EURO AL LITRO IL GASOLIO\u2026<\/p>\n<\/div>\n<p><\/a><\/article>\n<article><a href=\"https:\/\/www.dagospia.com\/politica\/dagoreport-habemus-trionnale-dopo-aver-buttato-al-fuoco-biennale-472562\"><\/p>\n<div class=\"img-wrapper\"><img decoding=\"async\" src=\"https:\/\/static.dagospia.com\/img\/patch\/04-2026\/triennale-giuli-la-russa-trione-beppe-sala-2257913_600_q50.webp\" alt=\"triennale giuli la russa trione beppe sala\" loading=\"lazy\"><time class=\"data-ora\">29 apr 18:54<\/time><\/div>\n<div class=\"excerpt\">\n<p>DAGOREPORT: HABEMUS &#8220;TRIONNALE&#8221;! &#8211; <span>DOPO AVER BUTTATO-AL-FUOCO LA BIENNALE, IL MINISTRO GIULI-VO ORA SI \u00c8 FATTO BOCCIARE DAL SINDACO DI MILANO LA SUA CANDIDATA ANDR\u00c9E RUTH SHAMMAH<\/span>, FACENDOSI IMPORRE VINCENZO TRIONE, STORICO E CRITICO D\u2019ARTE, COAUTORE CON LA PENNA ROSSA DI TOMASO MONTANARI DI UN LIBRO INTITOLATO \u201cCONTRO LE MOSTRE\u201d (QUELLE FATTE DAGLI ALTRI) &#8211; <span>SEGNALE POCO GIULI-VO PER I CAMERATI ROMANI DELLA MELONI IL VIA LIBERA SU TRIONE CHE AVREBBE DATO IGNAZIO LA RUSSA<\/span>, \u201cPADRONE\u201d DI MILANO E DINTORNI (VEDI CI\u00d2 CHE SUCCEDE ALLA PINACOTECA DI BRERA BY CRESPI) &#8211; <span>FORZA ITALIA \u00c8 RIUSCITA A FAR ENTRARE, DIREBBE MARINA B. \u2018\u2019UN VOLTO NUOVO\u2019\u2019:<\/span> DAVIDE RAMPELLO CHE DELLA TRIENNALE \u00c8 GI\u00c0 STATO PRESIDENTE UN\u2019ERA GEOLOGICA FA\u2026<\/p>\n<\/div>\n<p><\/a><\/article>\n<article><a href=\"https:\/\/www.dagospia.com\/cafonal\/dagoreport-promemoria-per-sopravvivere-terremoto-digitale-in-occasione-472535\"><\/p>\n<div class=\"img-wrapper\"><img decoding=\"async\" src=\"https:\/\/static.dagospia.com\/img\/patch\/04-2026\/2026masi-2257859_600_q50.webp\" alt=\"2026masi \" loading=\"lazy\"><time class=\"data-ora\">29 apr 15:53<\/time><\/div>\n<div class=\"excerpt\">\n<p><span>DAGOREPORT: \u201cPROMEMORIA\u201d PER SOPRAVVIVERE AL TERREMOTO DIGITALE &#8211; <\/span>IN OCCASIONE DELLA RISTAMPA DEL LIBRO DI MAURO MASI, UN GRAN PARTERRE SI \u00c8 DATO APPUNTAMENTO AL MALAGOLIANO CIRCOLO ANIENE &#8211; PER ANALIZZARE LE PROBLEMATICHE CONNESSE ALL\u2019IA PER NON RIPETERE GLI ERRORI FATTI CON INTERNET QUANDO NEGLI ANNI \u201880 E \u201890 SI DECISE DI NON REGOLAMENTARE LA RETE, <span>HANNO AFFERRATO IL MICROFONO L\u2019EX CONSOB, PAOLO SAVONA, L\u2019INOSSIDABILE GIANNI LETTA, ROBERTO SOMMELLA DI \u2018\u2019MF\u201d, IL LEGHISTA RAI ANTONIO MARANO<\/span> \u2013 IN PLATEA, GIORGIO ASSUMMA, LUCIO PRESTA, MICHELE GUARD\u00cc, BARBARA PALOMBELLI, BELLAVISTA CALTAGIRONE, ROBERTO VACCARELLA, GIANNI MILITO, TIBERIO TIMPERI\u2026<\/p>\n<\/div>\n<p><\/a><\/article>\n<article><a href=\"https:\/\/www.dagospia.com\/politica\/dagoreport-occhi-orecchie-puntate-washington-visita-re-carlo-sara-472429\"><\/p>\n<div class=\"img-wrapper\"><img decoding=\"async\" src=\"https:\/\/static.dagospia.com\/img\/patch\/04-2026\/donald-trump-xi-jinping-re-carlo-iii-paolo-zampolli-mohammed-bin-zayed-al-nahyan-2257479_600_q50.webp\" alt=\"donald trump xi jinping re carlo iii paolo zampolli mohammed bin zayed al nahyan\" loading=\"lazy\"><time class=\"data-ora\">28 apr 19:59<\/time><\/div>\n<div class=\"excerpt\">\n<p>DAGOREPORT \u2013 OCCHI E ORECCHIE PUNTATE SU WASHINGTON: <span>LA VISITA DI RE CARLO SAR\u00c0 UTILE A TRUMP, SEMPRE PIU\u2019 ISOLATO, CHE HA BISOGNO DI RINSALDARE LA STORICA ALLEANZA CON LA GRAN BRETAGNA<\/span> \u2013 IL PETROLIO COSTA, GLI ELETTORI SONO INCAZZATI: WASHINGTON VUOLE ACCELERARE SULLA PACE CON L\u2019IRAN. MA <span>GLI AYATOLLAH MOLLERANNO SOLO QUANDO LO ORDINER\u00c0 LORO IL \u201cPADRONCINO\u201d XI JINPING<\/span> (L\u2019INCONTRO A PECHINO DEL 14-15 MAGGIO SAR\u00c0 UNA NUOVA YALTA?) \u2013 EMIRATI INGOLFATI: ABU DHABI CHIEDE UNA \u201cSWAP LINE\u201d D\u2019EMERGENZA A WASHINGTON, E IL TYCOON NON PU\u00d2 DIRE DI NO \u2013 <span>LA TESTA PLATINATA DI DONALD ZAMPILLA DI\u2026ZAMPOLLI:<\/span> IL PASTICCIACCIO DEL SUO INVIATO SPECIALE E LE POSSIBILI RIVELAZIONI DELLA SUA EX, AMANDA UNGARO, NON SONO UNA MINCHIATA\u2026<\/p>\n<\/div>\n<p><\/a><\/article>\n<article><a href=\"https:\/\/www.dagospia.com\/politica\/dagoreport-responsabilita-maggiore-nel-pastrocchio-grazia-nicole-minetti-472434\"><\/p>\n<div class=\"img-wrapper\"><img decoding=\"async\" src=\"https:\/\/static.dagospia.com\/img\/patch\/04-2026\/nicole-minetti-carlo-nordio-francesca-nanni-2257547_600_q50.webp\" alt=\"nicole minetti carlo nordio francesca nanni \" loading=\"lazy\"><time class=\"data-ora\">28 apr 19:31<\/time><\/div>\n<div class=\"excerpt\">\n<p>DAGOREPORT \u2013 <span>TEMPI SEMPRE PIU&#8217; CUPI PER L&#8217;EX INVINCIBILE ARMATA BRANCA-MELONI<\/span> &#8211;\u00a0LA RESPONSABILIT\u00c0 NEL PASTROCCHIO DELLA GRAZIA A NICOLE MINETTI PESA, IN PRIMIS, SUL CAPOCCIONE DEL MINISTRO NORDIO &#8211; <span>LA PROCURA GENERALE DELLA CORTE D&#8217;APPELLO DI MILANO, GUIDATA DA FRANCESCA NANNI<\/span>, SI E&#8217; PRECIPITATA A DICHIARARE CHE L&#8217;ISTRUTTORIA SULLA PRATICA MINETTI SI E&#8217; ATTENUTA ALLE INDICAZIONI DEL MINISTERO DELLA GIUSTIZIA: VERIFICARE LA VERIDICITA&#8217; DI QUANTO AFFERMATO NELLA DOMANDA DI GRAZIA\u00a0SULLA CONDOTTA DI VITA DELLA MINETTI IN ITALIA &#8211; <span>NULLA E&#8217; STATO APPROFONDITO SULLE ATTIVITA&#8217; IN URUGUAY (TRA ESCORT E FESTINI) DELL\u2019EX IGIENISTA DENTALE DI BERLUSCONI<\/span> E DEL SUO COMPAGNO GIUSEPPE CIPRIANI, SODALE D&#8217;AFFARI CON EPSTEIN \u2013 DALLA PROCURA DI MILANO, LA PRATICA MINETTI E&#8217; TORNATA AL MINISTERO DI NORDIO CHE, DATO IL SUO PARERE POSITIVO, L&#8217;HA INVIATA AL QUIRINALE &#8211;<span> L&#8217;ACCERTAMENTO\u00a0DI QUANTO RIVELATO DAL \u201cFATTO QUOTIDIANO\u201d,\u00a0RENDEREBBE INEVITABILI LE DIMISSIONI DI NORDIO, GI\u00c0 PROTAGONISTA CON LA &#8220;ZARINA&#8221; GIUSI BARTOLOZZI, DI UNA SERIE DI FIGURACCE E DISASTRI<\/span>: ALMASRI,\u00a0GLI ATTACCHI AL CSM E AI MAGISTRATI, LA BATOSTA DEL REFERENDUM SULLA GIUSTIZIA, ECCETERA &#8211; (LA REVOCA DELLA GRAZIA SAREBBE LA PRIMA VOLTA NELLA STORIA DELLA REPUBBLICA&#8230;)<\/p>\n<\/div>\n<p><\/a><\/article>\n<article><a href=\"https:\/\/www.dagospia.com\/politica\/flash-come-si-e-arrivati-licenziamento-beatrice-venezi-c-e-ragione-piu-472316\"><\/p>\n<div class=\"img-wrapper\"><img decoding=\"async\" src=\"https:\/\/static.dagospia.com\/img\/patch\/04-2026\/meloni-buttafuoco-fenice-venezi-colabianchi-giuli-brugnaro-2257163_600_q50.webp\" alt=\"meloni buttafuoco fenice venezi colabianchi giuli brugnaro\" loading=\"lazy\"><time class=\"data-ora\">27 apr 20:12<\/time><\/div>\n<div class=\"excerpt\">\n<p>FLASH! \u2013 <span>DIETRO LA CACCIATA\u00a0DI BEATRICE VENEZI C&#8217;E&#8217; UNA RAGIONE PI\u00d9\u00a0\u201cPOLITICA\u201d CHE MUSICALE: A FINE MAGGIO SI VOTA A VENEZIA PER IL NUOVO SINDACO <\/span>CHE PRENDERA&#8217; IL POSTO DI BRUGNARO, GRAN SPONSOR DELLA\u00a0\u201cBACCHETTA NERA\u201d (COME ANCHE IL MAL-DESTRO ZAIA) &#8211; <span>QUANDO MELONI HA SBIRCIATO I SONDAGGI RISERVATI <\/span>CHE VEDE IL CENTROSINISTRA AVANTI, SOSPINTO DALLO SCANDALOSO CASO-VENEZI (CHE STRAPPA ALLA DESTRA\u00a04-5%), GLI OTOLITI SONO ANDATI IN TILT &#8211; <span>E ALLA PRIMA OCCASIONE, CON LE IMPROVVIDE DICHIARAZIONI DI \u201cBEATROCE\u201d CONTRO L\u2019ORCHESTRA, \u00c8\u00a0STATA LICENZIATA &#8211;\u00a0<\/span>LO STESSO &#8221;SENTIMENT&#8221; VALE PER BUTTAFUOCO, MA IL PRESIDENTE DELLA BIENNALE, PIU&#8217; FURBO, NON OFFRE PER ORA IL FIANCO PER LIQUIDARLO &#8211; <span>E SE VENISSE CACCIATO, A DIFFERENZA DI VENEZI, HA L&#8217;\u201cINTELLIGHENZIA\u201d DEI SINISTRATI<\/span> CHE LODA L&#8217;INTELLETTUALITA&#8217; DEL FASCIO-MUSULMANO CHE APRE IL PADIGLIONE AI RUSSI&#8230;.<\/p>\n<\/div>\n<p><\/a><\/article>\n<article><a href=\"https:\/\/www.dagospia.com\/politica\/caso-minetti-ranucci-bomba-nordio-marzo-e-in-uruguay-nel-ranch-cipriani-472461\"><\/p>\n<div class=\"img-wrapper\"><img decoding=\"async\" src=\"https:\/\/static.dagospia.com\/img\/patch\/04-2026\/nicole-minetti-2257565_600_q50.webp\" alt=\"nicole minetti nordio meloni cipriani ranucci\" loading=\"lazy\"><\/div>\n<div class=\"excerpt\">SUL PASTROCCHIO DELLA GRAZIA A NICOLE MINETTI SIGFRIDO RANUCCI SGANCIA LA BOMBA A \u201c\u00c8 SEMPRE\u2026<\/div>\n<p><\/a><\/article>\n<article><a href=\"https:\/\/www.dagospia.com\/cronache\/michael-jackson-mi-abbasso-i-pantaloncini-mentre-giocavo-game-boy-470026\"><\/p>\n<div class=\"img-wrapper\"><img decoding=\"async\" src=\"https:\/\/static.dagospia.com\/img\/patch\/04-2026\/michael-jackson-aldo-cascio-2250437_600_q50.webp\" alt=\"michael jackson aldo cascio \" loading=\"lazy\"><\/div>\n<div class=\"excerpt\">\u201cMICHAEL JACKSON MI ABBASS\u00d2 I PANTALONCINI MENTRE GIOCAVO AL GAME BOY\u201d \u2013 LE TESTIMONIANZE DEI\u2026<\/div>\n<p><\/a><\/article>\n<article><a href=\"https:\/\/www.dagospia.com\/sport\/psg-bayern-5-4-uno-spot-per-calcio-magie-pali-errori-difensivi-9gol-472458\"><\/p>\n<div class=\"img-wrapper\"><img decoding=\"async\" src=\"https:\/\/static.dagospia.com\/img\/patch\/04-2026\/psg-bayern-monaco-2257555_600_q50.webp\" alt=\"psg bayern monaco\" loading=\"lazy\"><\/div>\n<div class=\"excerpt\">VIDEO-PSG-BAYERN 5-4: UNO SPOT PER IL CALCIO&#8230;DA TIK TOK! MAGIE, ERRORI DIFENSIVI, PALI E NOVE GOL\u2026<\/div>\n<p><\/a><\/article>\n<article><a href=\"https:\/\/www.dagospia.com\/media-tv\/pillole-gossip-elodie-franceska-limonano-pochi-passi-472290\"><\/p>\n<div class=\"img-wrapper\"><img decoding=\"async\" src=\"https:\/\/static.dagospia.com\/img\/patch\/04-2026\/pillole-avanti-gossip-2257085_600_q50.webp\" alt=\"pillole avanti gossip\" loading=\"lazy\"><\/div>\n<div class=\"excerpt\">PILLOLE DI GOSSIP! IL TRIANGOLO, S\u00cc! 25 APRILE\u00a0ELODIE E FRANCESKA SI SONO RITROVATE A POCHI PASSI\u2026<\/div>\n<p><\/a><\/article>\n<article><a href=\"https:\/\/www.dagospia.com\/media-tv\/con-mollato-corazze-riconoscete-49enne-parla-chi-compagno-472501\"><\/p>\n<div class=\"img-wrapper\"><img decoding=\"async\" src=\"https:\/\/static.dagospia.com\/img\/patch\/04-2026\/michelle-hunziker-2257659_600_q50.webp\" alt=\"michelle hunziker\" loading=\"lazy\"><\/div>\n<div class=\"excerpt\">\u201cCON LUI HO MOLLATO LE CORAZZE, TUTTI I MURI DI BERLINO CHE AVEVO COSTRUITO INTORNO A ME\u201d \u2013 LA\u2026<\/div>\n<p><\/a><\/article>\n<article><a href=\"https:\/\/www.dagospia.com\/politica\/dagoreport-dopo-referendum-diluvio-voto-22-23-marzo-aperto-voragine-472554\"><\/p>\n<div class=\"img-wrapper\"><img decoding=\"async\" src=\"https:\/\/static.dagospia.com\/img\/patch\/04-2026\/giorgia-meloni-matteo-salvini-antonio-tajani-nicole-minetti-carlo-nordio-2257887_600_q50.webp\" alt=\"giorgia meloni matteo salvini antonio tajani nicole minetti carlo nordio \" loading=\"lazy\"><\/div>\n<div class=\"excerpt\">DAGOREPORT \u2013 DOPO IL REFERENDUM, IL DILUVIO: IL VOTO DEL 22-23 MARZO HA APERTO UNA VORAGINE CHE STA\u2026<\/div>\n<p><\/a><\/article>\n<article><a href=\"https:\/\/www.dagospia.com\/politica\/dagoreport-habemus-trionnale-dopo-aver-buttato-al-fuoco-biennale-472562\"><\/p>\n<div class=\"img-wrapper\"><img decoding=\"async\" src=\"https:\/\/static.dagospia.com\/img\/patch\/04-2026\/triennale-giuli-la-russa-trione-beppe-sala-2257913_600_q50.webp\" alt=\"triennale giuli la russa trione beppe sala\" loading=\"lazy\"><\/div>\n<div class=\"excerpt\">DAGOREPORT: HABEMUS &#8220;TRIONNALE&#8221;! &#8211; DOPO AVER BUTTATO-AL-FUOCO LA BIENNALE, IL MINISTRO GIULI-VO ORA\u2026<\/div>\n<p><\/a><\/article>\n<article><a href=\"https:\/\/www.dagospia.com\/cafonal\/dagoreport-promemoria-per-sopravvivere-terremoto-digitale-in-occasione-472535\"><\/p>\n<div class=\"img-wrapper\"><img decoding=\"async\" src=\"https:\/\/static.dagospia.com\/img\/patch\/04-2026\/2026masi-2257859_600_q50.webp\" alt=\"2026masi \" loading=\"lazy\"><\/div>\n<div class=\"excerpt\">DAGOREPORT: \u201cPROMEMORIA\u201d PER SOPRAVVIVERE AL TERREMOTO DIGITALE &#8211; IN OCCASIONE DELLA RISTAMPA DEL\u2026<\/div>\n<p><\/a><\/article>\n<article><a href=\"https:\/\/www.dagospia.com\/politica\/dagoreport-occhi-orecchie-puntate-washington-visita-re-carlo-sara-472429\"><\/p>\n<div class=\"img-wrapper\"><img decoding=\"async\" src=\"https:\/\/static.dagospia.com\/img\/patch\/04-2026\/donald-trump-xi-jinping-re-carlo-iii-paolo-zampolli-mohammed-bin-zayed-al-nahyan-2257479_600_q50.webp\" alt=\"donald trump xi jinping re carlo iii paolo zampolli mohammed bin zayed al nahyan\" loading=\"lazy\"><\/div>\n<div class=\"excerpt\">DAGOREPORT \u2013 OCCHI E ORECCHIE PUNTATE SU WASHINGTON: LA VISITA DI RE CARLO SAR\u00c0 UTILE A TRUMP,\u2026<\/div>\n<p><\/a><\/article>\n<article><a href=\"https:\/\/www.dagospia.com\/politica\/dagoreport-responsabilita-maggiore-nel-pastrocchio-grazia-nicole-minetti-472434\"><\/p>\n<div class=\"img-wrapper\"><img decoding=\"async\" src=\"https:\/\/static.dagospia.com\/img\/patch\/04-2026\/nicole-minetti-carlo-nordio-francesca-nanni-2257547_600_q50.webp\" alt=\"nicole minetti carlo nordio francesca nanni \" loading=\"lazy\"><\/div>\n<div class=\"excerpt\">DAGOREPORT \u2013 TEMPI SEMPRE PIU&#8217; CUPI PER L&#8217;EX INVINCIBILE ARMATA BRANCA-MELONI &#8211;\u00a0LA RESPONSABILIT\u00c0\u2026<\/div>\n<p><\/a><\/article>\n<article><a href=\"https:\/\/www.dagospia.com\/politica\/flash-come-si-e-arrivati-licenziamento-beatrice-venezi-c-e-ragione-piu-472316\"><\/p>\n<div class=\"img-wrapper\"><img decoding=\"async\" src=\"https:\/\/static.dagospia.com\/img\/patch\/04-2026\/meloni-buttafuoco-fenice-venezi-colabianchi-giuli-brugnaro-2257163_600_q50.webp\" alt=\"meloni buttafuoco fenice venezi colabianchi giuli brugnaro\" loading=\"lazy\"><\/div>\n<div class=\"excerpt\">FLASH! \u2013 DIETRO LA CACCIATA\u00a0DI BEATRICE VENEZI C&#8217;E&#8217; UNA RAGIONE PI\u00d9\u00a0\u201cPOLITICA\u201d CHE MUSICALE: A FINE\u2026<\/div>\n<p><\/a><\/article>\n<article><a href=\"https:\/\/www.dagospia.com\/sport\/caso-rocchi-abodi-giorgetti-l-idea-commissariare-figc-meloni-considera-472320\"><\/p>\n<div class=\"img-wrapper\"><img decoding=\"async\" src=\"https:\/\/static.dagospia.com\/img\/patch\/04-2026\/giovanni-malago-giorgia-meloni-giancarlo-giorgetti-andrea-abodi-gianluca-rocchi-2257188_600_q50.webp\" alt=\"giovanni malago giorgia meloni giancarlo giorgetti andrea abodi gianluca rocchi \" loading=\"lazy\"><\/div>\n<div class=\"excerpt\">DAGOREPORT &#8211; IL CASO ROCCHI E&#8217; ARRIVATO COME IL CACIO SUI MACCHERONI PER ABODI E GIORGETTI,\u2026<\/div>\n<p><\/a><\/article>\n<article><a href=\"https:\/\/www.dagospia.com\/politica\/dagoreport-uniche-pompe-non-piacciono-trump-quelle-benzina-e-vero-472319\"><\/p>\n<div class=\"img-wrapper\"><img decoding=\"async\" src=\"https:\/\/static.dagospia.com\/img\/patch\/04-2026\/donald-trump-benzinaio-benzina-petrolio-greggio-2251186_600_q50.webp\" alt=\"donald trump benzinaio benzina petrolio greggio \" loading=\"lazy\"><\/div>\n<div class=\"excerpt\">DAGOREPORT \u2013 LE UNICHE POMPE CHE NON PIACCIONO A TRUMP SONO QUELLE DI BENZINA! \u00c8 VERO CHE LE\u2026<\/div>\n<p><\/a><\/article>\n<article><a href=\"https:\/\/www.dagospia.com\/media-tv\/dagoreport-la-repubblica-atene-theodore-kyriakou-idee-repubblica-472317\"><\/p>\n<div class=\"img-wrapper\"><img decoding=\"async\" src=\"https:\/\/static.dagospia.com\/img\/patch\/04-2026\/kyriakou-repubblica-radio-capital-tv8-2257164_600_q50.webp\" alt=\"kyriakou repubblica radio capital tv8\" loading=\"lazy\"><\/div>\n<div class=\"excerpt\">DAGOREPORT &#8211; \u201cLA REPUBBLICA\u201d DI ATENE \u2013 THEODORE KYRIAKOU VUOLE CAPIRE CHE DIREZIONE DARE AL GRUPPO\u2026<\/div>\n<p><\/a><\/article>\n<article><a href=\"https:\/\/www.dagospia.com\/politica\/dagoreport-giorgia-meloni-questa-volta-fa-bene-incazzarsi-giancarlo-472264\"><\/p>\n<div class=\"img-wrapper\"><img decoding=\"async\" src=\"https:\/\/static.dagospia.com\/img\/patch\/04-2026\/giorgia-meloni-giancarlo-giorgetti-daria-perrotta-2257041_600_q50.webp\" alt=\"giorgia meloni giancarlo giorgetti daria perrotta \" loading=\"lazy\"><\/div>\n<div class=\"excerpt\">DAGOREPORT \u2013\u00a0GIORGIA MELONI QUESTA VOLTA FA BENE A INCAZZARSI CON GIANCARLO GIORGETTI:\u00a0IL\u2026<\/div>\n<p><\/a><\/article>\n<article><a href=\"https:\/\/www.dagospia.com\/cafonal\/dagoreport-promemoria-per-sopravvivere-terremoto-digitale-in-occasione-472535\"><\/p>\n<div class=\"img-wrapper\"><img decoding=\"async\" src=\"https:\/\/static.dagospia.com\/img\/patch\/04-2026\/2026masi-2257859_600_q50.webp\" alt=\"2026masi \" loading=\"lazy\"><\/div>\n<div class=\"excerpt\">DAGOREPORT: \u201cPROMEMORIA\u201d PER SOPRAVVIVERE AL TERREMOTO DIGITALE &#8211; IN OCCASIONE DELLA RISTAMPA DEL\u2026<\/div>\n<p><\/a><\/article>\n<article><a href=\"https:\/\/www.dagospia.com\/cafonal\/sacco-cafonal-serata-speciale-cinema-barberini-roma-un-sacco-bello-472427\"><\/p>\n<div class=\"img-wrapper\"><img decoding=\"async\" src=\"https:\/\/static.dagospia.com\/img\/patch\/04-2026\/cafonal-verdone-un-sacco-bello-2257470_600_q50.webp\" alt loading=\"lazy\"><\/div>\n<div class=\"excerpt\">UN SACCO CAFONAL!\u00a0\u2013 SERATA SPECIALE AL CINEMA BARBERINI A ROMA: \u201cUN SACCO BELLO\u201d NELLA VERSIONE\u2026<\/div>\n<p><\/a><\/article>\n<article><a href=\"https:\/\/www.dagospia.com\/cafonal\/pardo-max-giusti-metti-sera-cena-eminenze-gricie-dell-edonismo-472056\"><\/p>\n<div class=\"img-wrapper\"><img decoding=\"async\" src=\"https:\/\/static.dagospia.com\/img\/patch\/04-2026\/ristorante-la-pisanella-2256575_600_q50.webp\" alt loading=\"lazy\"><\/div>\n<div class=\"excerpt\">DA PARDO A MAX GIUSTI: METTI UNA SERA A CENA LE \u201cEMINENZE GRICIE\u201d DELL\u2019EDONISMO ROMANELLO \u2013 AL\u2026<\/div>\n<p><\/a><\/article>\n<article><a href=\"https:\/\/www.dagospia.com\/cafonal\/ne-andavo-quella-roma-nella-capitale-in-zona-talenti-intitolato-parco-remo-472030\"><\/p>\n<div class=\"img-wrapper\"><img decoding=\"async\" src=\"https:\/\/static.dagospia.com\/img\/patch\/04-2026\/inaugurazione-del-parco-remo-remotti-massimiliano-bruno-nicola-pistoia-michela-a-2256496_600_q50.webp\" alt=\"inaugurazione del parco remo remotti - massimiliano bruno nicola pistoia michela andreozzi luisa pistoia sabina guzzanti stefano fresi tommaso zanello piotta federica remotti - 5\" loading=\"lazy\"><\/div>\n<div class=\"excerpt\">VIDEO!&#8221;ME NE ANDAVO DA QUELLA ROMA\u2026!&#8221; NELLA CAPITALE, IN ZONA TALENTI, E\u2019 STATO INTITOLATO UN PARCO\u2026<\/div>\n<p><\/a><\/article>\n<article><a href=\"https:\/\/www.dagospia.com\/cafonal\/cafonal-all-opera-mi-porti-luca-guadagnino-maggio-fiorentino-the-death-471907\"><\/p>\n<div class=\"img-wrapper\"><img decoding=\"async\" src=\"https:\/\/static.dagospia.com\/img\/patch\/04-2026\/guadagnino-2256066_600_q50.webp\" alt=\"guadagnino\" loading=\"lazy\"><\/div>\n<div class=\"excerpt\">CAFONAL ALL\u2019OPERA &#8211; MI PORTI UN LUCA GUADAGNINO A FIRENZE \u2013 IL REGISTA PORTA IN SCENA AL MAGGIO\u2026<\/div>\n<p><\/a><\/article>\n<article><a href=\"https:\/\/www.dagospia.com\/cafonal\/cafonal-pallitto-chanel-totti-metri-trash-figlia-pupone-diventa-471192\"><\/p>\n<div class=\"img-wrapper\"><img decoding=\"async\" src=\"https:\/\/static.dagospia.com\/img\/patch\/04-2026\/2026pallitto-2253852_600_q50.webp\" alt loading=\"lazy\"><\/div>\n<div class=\"excerpt\">CAFONAL \u2013 PALLITTO-CHANEL TOTTI: TRE METRI SOPRA IL TRASH! LA FIGLIA DEL PUPONE DIVENTA LA\u2026<\/div>\n<p><\/a><\/article>\n<p>[analyse_source url=&#8221;https:\/\/www.dagospia.com\/cronache\/in-camera-eitan-bondi-arsenale-cecchino-25-aprile-sparato-2-attivisti-472575&#8243;]<\/p>\n","protected":false},"excerpt":{"rendered":"<p>[analyse_image type=&#8221;featured&#8221; src=&#8221;https:\/\/static.dagospia.com\/img\/patch\/04-2026\/eitan-bondi-2257942_600_q50.webp&#8221;] 30 apr 2026 08:45 \u201cIN CAMERA EITAN BONDI AVEVA UN ARSENALE\u201d \u2013 IL RAGAZZO CHE HA SPARATO CON UNA PISTOLA DA SOFTAIR CONTRO DUE ATTIVISTI DELL\u2019ANPI A ROMA, LO SCORSO 25 APRILE, \u00c8 UN GIOVANE DELLA COMUNIT\u00c0 EBRAICA &#8211; IN CASA AVEVA COLTELLI, PISTOLE, FUCILI E MUNIZIONI: HA DETTO DI FAR PARTE [&hellip;]<\/p>\n","protected":false},"author":1,"featured_media":0,"comment_status":"open","ping_status":"","sticky":false,"template":"","format":"standard","meta":{"footnotes":""},"categories":[87],"tags":[226,149],"class_list":["post-1910745","post","type-post","status-publish","format-standard","hentry","category-italy","tag-crawlmanager","tag-dagospia-com"],"_links":{"self":[{"href":"https:\/\/analyse.optim.biz\/index.php?rest_route=\/wp\/v2\/posts\/1910745","targetHints":{"allow":["GET"]}}],"collection":[{"href":"https:\/\/analyse.optim.biz\/index.php?rest_route=\/wp\/v2\/posts"}],"about":[{"href":"https:\/\/analyse.optim.biz\/index.php?rest_route=\/wp\/v2\/types\/post"}],"author":[{"embeddable":true,"href":"https:\/\/analyse.optim.biz\/index.php?rest_route=\/wp\/v2\/users\/1"}],"replies":[{"embeddable":true,"href":"https:\/\/analyse.optim.biz\/index.php?rest_route=%2Fwp%2Fv2%2Fcomments&post=1910745"}],"version-history":[{"count":0,"href":"https:\/\/analyse.optim.biz\/index.php?rest_route=\/wp\/v2\/posts\/1910745\/revisions"}],"wp:attachment":[{"href":"https:\/\/analyse.optim.biz\/index.php?rest_route=%2Fwp%2Fv2%2Fmedia&parent=1910745"}],"wp:term":[{"taxonomy":"category","embeddable":true,"href":"https:\/\/analyse.optim.biz\/index.php?rest_route=%2Fwp%2Fv2%2Fcategories&post=1910745"},{"taxonomy":"post_tag","embeddable":true,"href":"https:\/\/analyse.optim.biz\/index.php?rest_route=%2Fwp%2Fv2%2Ftags&post=1910745"}],"curies":[{"name":"wp","href":"https:\/\/api.w.org\/{rel}","templated":true}]}}