{"id":1910719,"date":"2026-04-30T08:51:00","date_gmt":"2026-04-30T05:51:00","guid":{"rendered":"https:\/\/analyse.optim.biz\/?p=1910719"},"modified":"2026-04-30T08:51:00","modified_gmt":"2026-04-30T05:51:00","slug":"il-grido-dallarme-di-gad-lerner-dopo-il-caso-eitan-bondi-vengono-evocati-nuclei-paramilitari","status":"publish","type":"post","link":"https:\/\/analyse.optim.biz\/?p=1910719","title":{"rendered":"Il grido d\u2019allarme di gad lerner dopo il caso eitan bondi. vengono evocati nuclei paramilitari"},"content":{"rendered":"<p>[analyse_image type=&#8221;featured&#8221; src=&#8221;https:\/\/static.dagospia.com\/img\/patch\/04-2026\/gad-lerner-eitan-bondi-2257969_600_q50.webp&#8221;]<\/p>\n<article>\n<div class=\"img-wrapper\"><img decoding=\"async\" src=\"https:\/\/static.dagospia.com\/img\/patch\/04-2026\/gad-lerner-eitan-bondi-2257969_600_q50.webp\" alt=\"gad lerner eitan bondi\"><time class=\"data-ora\">30 apr 2026 10:51<\/time><\/div>\n<p><span>\u201cBASTA OMERT\u00c0 DALL\u2019ALTO PER QUESTI ESTREMISTI SOSPINTI AL FANATISMO. VENGANO DISCIOLTI QUESTI NUCLEI PARAMILITARI. CHI SA PARLI\u201d <\/span>\u2013 GAD LERNER DOPO IL CASO EITAN BONDI, IL CECCHINO DEL 25 APRILE, APPARTENENTE ALLA COMUNITA\u2019 EBRAICA, DENUNCIA LA \u201cDEGENERAZIONE SQUADRISTICA\u201d DI \u201c<span>ELEMENTI CHE IN NOME DELL\u2019AUTODIFESA MINACCIANO E AGGREDISCONO NELLE SCUOLE E PER STRADA CHI INDIVIDUANO COME NEMICO DI ISRAELE\u201d<\/span> \u2013 MA CHI FA PARTE DI QUESTI NUCLEI PARAMILITARI? SONO VENTENNI CHE FREQUENTANO PALESTRE E CURVE, &#8220;MAGNANO COME SCROFE&#8221;, SI SCONTRANO CON I PRO PAL E INVOCANO L\u2019AUTODIFESA: \u201cNON TOLLEREREMO PI\u00d9 L\u2019ANTISEMITISMO\u201d<\/p>\n<div class=\"share-section\">\n                Condividi  questo articolo<\/p>\n<div class=\"socials\"><a href=\"http:\/\/www.facebook.com\/sharer.php?u=http:\/\/www.dagospia.com\/cronache\/grido-d-allarme-gad-lerner-dopo-caso-eitan-bondi-vengono-evocati-nuclei-472585\" target=\"_blank\"><img decoding=\"async\" src=\"https:\/\/static.dagospia.com\/img\/icons\/facebook.svg\" alt=\"Condividi su Facebook\"><\/a><a href=\"http:\/\/www.twitter.com\/share?url=http:\/\/www.dagospia.com\/cronache\/grido-d-allarme-gad-lerner-dopo-caso-eitan-bondi-vengono-evocati-nuclei-472585&amp;text=IL%20GRIDO%20D%E2%80%99ALLARME%20DI%20GAD%20LERNER%20DOPO%20IL%20CASO%20EITAN%20BONDI.%20VENGONO%20EVOCATI%20NUCLEI%20PARAMILITARI\" target=\"_blank\"><img decoding=\"async\" src=\"https:\/\/static.dagospia.com\/img\/icons\/x-icon.png\" alt=\"Condividi su X\"><\/a><a href=\"\/\/www.dagospia.com\/cronache\/grido-d-allarme-gad-lerner-dopo-caso-eitan-bondi-vengono-evocati-nuclei-472585\" target=\"_blank\"><img decoding=\"async\" src=\"https:\/\/static.dagospia.com\/img\/icons\/whatsapp.svg\" alt=\"Condividi su Whatsapp\"><\/a><a href=\"mailto:?body=http:\/\/www.dagospia.com\/cronache\/grido-d-allarme-gad-lerner-dopo-caso-eitan-bondi-vengono-evocati-nuclei-472585\" target=\"_blank\"><img decoding=\"async\" src=\"https:\/\/static.dagospia.com\/img\/icons\/mail.svg\" alt=\"Invia in email\"><\/a><\/div>\n<\/div>\n<div class=\"content\">\n<p class=\"disable\"><strong>Fabrizio Caccia e Rinaldo Frignani Per Il <a href=\"http:\/\/www.corriere.it\" target=\"_blank\">&#8220;Corriere della Sera&#8221; &#8211; Estratti<\/a><\/strong><\/p>\n<p class=\"disable\">\u00a0<\/p>\n<p><a href=\"https:\/\/www.dagospia.com\/media-gallery\/dago-fotogallery-509013\/2209091\" class=\"float-right img-wrapper\"><img decoding=\"async\" id=\"2209091\" loading=\"lazy\" src=\"https:\/\/static.dagospia.com\/img\/foto\/12-2025\/gad-lerner-profondo-nord-2209091_800_q50.webp\"><span class=\"img-title\">gad lerner profondo nord <\/span><\/a><\/p>\n<p class=\"disable\">(&#8230;)\u00a0 \u00abSono ragazzi normali che studiano, si divertono, vanno allo stadio insieme e quando si ritrovano magnano come scrofe&#8230;\u00bb, dice un anziano verace del Ghetto che non sa dire, per\u00f2, se Eitan Bond\u00ec, il ventunenne sparatore di Parco Schuster, appartenesse al gruppo delle sciarpette giallorosse.<\/p>\n<p class=\"disable\">\u00a0<\/p>\n<p class=\"disable\">Intanto, per\u00f2, Gad Lerner, che il 4 ottobre scorso sal\u00ec sul palco di San Giovanni davanti a migliaia di persone che cantavano Free Palestine ed esord\u00ec dicendo: \u00abSono un sionista\u00bb, ieri su Facebook, dopo l\u2019arresto di Bond\u00ec, ha pubblicato un post che \u00e8 suonato come un allarme.<\/p>\n<p class=\"disable\">\u00a0<\/p>\n<p class=\"disable\">\u00abDa tempo denunciamo una degenerazione squadristica di elementi che in nome dell\u2019autodifesa minacciano e aggrediscono nelle scuole e per strada chi individuano come nemico di Israele \u2014 ha scritto \u2014. Basta omert\u00e0 dall\u2019alto per questi estremisti sospinti al fanatismo da leader irresponsabili. Vengano disciolti questi nuclei paramilitari. Chi sa parli\u00bb.<\/p>\n<p><a href=\"https:\/\/www.dagospia.com\/media-gallery\/dago-fotogallery-509013\/2257946\" class=\"float-left img-wrapper\"><img decoding=\"async\" id=\"2257946\" loading=\"lazy\" src=\"https:\/\/static.dagospia.com\/img\/foto\/04-2026\/eitan-bondi-2257946_800_q50.webp\"><span class=\"img-title\">eitan bondi<\/span><\/a><\/p>\n<p class=\"disable\">\u00a0<\/p>\n<p class=\"disable\">Addirittura nuclei paramilitari? \u00abRicordano i servizi d\u2019ordine degli anni \u201970 dei gruppi extraparlamentari \u2014 racconta Lerner \u2014, giovani ebrei che col mito della sicurezza si addestrano oggi nelle palestre romane per sentirsi all\u2019altezza di assicurare il presidio dei loro quartieri. Come fossero loro stessi di Tsahal, militarizzati\u00bb .<\/p>\n<p class=\"disable\">\u00a0<\/p>\n<p class=\"disable\">\u00abIn Italia viviamo male, i nostri ragazzi a Roma vengono scortati fin dall\u2019asilo\u00bb, aveva detto il mese scorso la neo presidente dell\u2019Ucei, Livia Ottolenghi. Ma la sindrome d\u2019accerchiamento alla lunga pu\u00f2 produrre reazioni scellerate, come sabato al Parco Schuster. O lettere di minacce come quelle spedite all\u2019Anpi dal sedicente \u00abGruppo sionistico giovanile\u00bb.<\/p>\n<p class=\"disable\">\u00a0<\/p>\n<p><a href=\"https:\/\/www.dagospia.com\/media-gallery\/dago-fotogallery-509013\/2141073\" class=\"float-right img-wrapper\"><img decoding=\"async\" id=\"2141073\" loading=\"lazy\" src=\"https:\/\/static.dagospia.com\/img\/foto\/06-2025\/gad-lerner-alla-manifestazione-pro-gaza-2141073_800_q50.webp\"><span class=\"img-title\">GAD LERNER ALLA MANIFESTAZIONE PRO GAZA<\/span><\/a><\/p>\n<p class=\"disable\">Solo una minoranza, certo, ma questa frangia di ventenni fa paura. Angelo Sermoneta, 78 anni, il leggendario presidente del \u00abCircolo \u201948\u00bb, a cui pure le mani prudevano molto in giovent\u00f9, non \u00e8 d\u2019accordo per\u00f2 con Gad Lerner: \u00abNiente mostri, per favore, Eitan Bond\u00ec ha fatto danni enormi alla Comunit\u00e0 col suo gesto, ma l\u2019ha fatto a forza di riempirsi la testa di idiozie, perch\u00e9 l\u2019arma superiore a tutte, altro che softair, si chiama propaganda\u00bb.<\/p>\n<p class=\"disable\">\u00a0<\/p>\n<p class=\"disable\">Il 2 ottobre scorso nel cortile del liceo \u00abCaravillani\u00bb, a Monteverde, un gruppo di studenti intonando Free Palestine scaten\u00f2 la reazione violenta di decine di ebrei che pregavano nella vicina sinagoga.<\/p>\n<p><a href=\"https:\/\/www.dagospia.com\/media-gallery\/dago-fotogallery-509013\/2257944\" class=\"float-left img-wrapper\"><img decoding=\"async\" id=\"2257944\" loading=\"lazy\" src=\"https:\/\/static.dagospia.com\/img\/foto\/04-2026\/eitan-bondi-2257944_800_q50.webp\"><span class=\"img-title\">eitan bondi<\/span><\/a><\/p>\n<p class=\"disable\">\u00a0<\/p>\n<p class=\"disable\">A uno degli studenti, \u00abebreo dissidente\u00bb, ricorda Gad Lerner, venne strappata una ciocca di capelli. La realt\u00e0 \u00e8 che si soffia sul fuoco da entrambe le parti: all\u2019imbrattamento delle pietre d\u2019inciampo e perfino della targa del piccolo Stefano Gaj Tach\u00e9, ucciso dai terroristi palestinesi nel 1982 davanti al Tempio Maggiore, si \u00e8 risposto a settembre con l\u2019ordigno al centro sociale \u00ab La Strada\u00bb alla Garbatella.<\/p>\n<p class=\"disable\">\u00a0<\/p>\n<p class=\"disable\">Una contrapposizione continua, anche feroce, come negli anniversari del 25 Aprile a Porta San Paolo post 7 ottobre.<\/p>\n<p class=\"disable\">\u00a0<\/p>\n<p class=\"disable\">O negli assalti ai licei. Quello al Manara del 2025, ad esempio, firmato dalla \u00abBrigata Dario Vitali\u00bb, l\u2019ardito ebreo della Grande Guerra, poi fascista.<\/p>\n<p class=\"disable\">\u00a0<\/p>\n<p class=\"disable\">Nella rivendicazione gli attivisti con il simbolo del teschio con la rosa fra i denti e la Stella di David, annunciarono: \u00abNon saranno pi\u00f9 tollerate azioni di bullismo e antisemite volte ad allontanare studenti ebrei dai licei pubblici\u00bb.<\/p>\n<p class=\"disable\">\u00a0<\/p>\n<p class=\"disable\">E poi ci sono le aggressioni: l\u2019ultima in viale Marconi a un dirigente della Comunit\u00e0 perch\u00e9 indossava la kippah. Prima ancora all\u2019influencer italo-palestinese Karem Rohana e a Chef Rubio \u2014 gi\u00e0 denunciato dalla Comunit\u00e0 per diffamazione aggravata e istigazione alla violenza \u2014 che parl\u00f2 di \u00absquadraccia sionista\u00bb.<\/p>\n<p><a href=\"https:\/\/www.dagospia.com\/media-gallery\/dago-fotogallery-509013\/1851287\" class=\"float-right img-wrapper\"><img decoding=\"async\" id=\"1851287\" loading=\"lazy\" src=\"https:\/\/static.dagospia.com\/img\/foto\/06-2023\/gad-lerner-ai-funerali-di-silvio-berlusconi-1851287_800_q50.webp\"><span class=\"img-title\">GAD LERNER AI FUNERALI DI SILVIO BERLUSCONI <\/span><\/a><a href=\"https:\/\/www.dagospia.com\/media-gallery\/dago-fotogallery-509013\/1849277\" class=\"float-right img-wrapper\"><img decoding=\"async\" id=\"1849277\" loading=\"lazy\" src=\"https:\/\/static.dagospia.com\/img\/foto\/06-2023\/gad-lerner-dopo-inter-manchester-city-1849277_800_q50.webp\"><span class=\"img-title\">gad lerner dopo inter manchester city<\/span><\/a><\/p>\n<p class=\"disable\">\u00a0<\/p>\n<\/div>\n<div class=\"share-section\">\n                Condividi  questo articolo<\/p>\n<div class=\"socials\"><a href=\"https:\/\/www.dagospia.com\/cronache\/grido-d-allarme-gad-lerner-dopo-caso-eitan-bondi-vengono-evocati-nuclei-472585\"><img decoding=\"async\" src=\"https:\/\/static.dagospia.com\/img\/icons\/facebook.svg\" alt=\"Condividi su Facebook\"><\/a><a href=\"https:\/\/www.dagospia.com\/cronache\/grido-d-allarme-gad-lerner-dopo-caso-eitan-bondi-vengono-evocati-nuclei-472585\"><img decoding=\"async\" src=\"https:\/\/static.dagospia.com\/img\/icons\/x-icon.png\" alt=\"Condividi su X\"><\/a><a href=\"https:\/\/www.dagospia.com\/cronache\/grido-d-allarme-gad-lerner-dopo-caso-eitan-bondi-vengono-evocati-nuclei-472585\"><img decoding=\"async\" src=\"https:\/\/static.dagospia.com\/img\/icons\/whatsapp.svg\" alt=\"Condividi su Whatsapp\"><\/a><a href=\"https:\/\/www.dagospia.com\/cronache\/grido-d-allarme-gad-lerner-dopo-caso-eitan-bondi-vengono-evocati-nuclei-472585\"><img decoding=\"async\" src=\"https:\/\/static.dagospia.com\/img\/icons\/mail.svg\" alt=\"Invia in email\"><\/a><\/div>\n<\/div>\n<\/article>\n<div class=\"content\">\n<p class=\"disable\"><strong>Fabrizio Caccia e Rinaldo Frignani Per Il <a href=\"http:\/\/www.corriere.it\" target=\"_blank\">&#8220;Corriere della Sera&#8221; &#8211; Estratti<\/a><\/strong><\/p>\n<p class=\"disable\">\u00a0<\/p>\n<p><a href=\"https:\/\/www.dagospia.com\/media-gallery\/dago-fotogallery-509013\/2209091\" class=\"float-right img-wrapper\"><img decoding=\"async\" id=\"2209091\" loading=\"lazy\" src=\"https:\/\/static.dagospia.com\/img\/foto\/12-2025\/gad-lerner-profondo-nord-2209091_800_q50.webp\"><span class=\"img-title\">gad lerner profondo nord <\/span><\/a><\/p>\n<p class=\"disable\">(&#8230;)\u00a0 \u00abSono ragazzi normali che studiano, si divertono, vanno allo stadio insieme e quando si ritrovano magnano come scrofe&#8230;\u00bb, dice un anziano verace del Ghetto che non sa dire, per\u00f2, se Eitan Bond\u00ec, il ventunenne sparatore di Parco Schuster, appartenesse al gruppo delle sciarpette giallorosse.<\/p>\n<p class=\"disable\">\u00a0<\/p>\n<p class=\"disable\">Intanto, per\u00f2, Gad Lerner, che il 4 ottobre scorso sal\u00ec sul palco di San Giovanni davanti a migliaia di persone che cantavano Free Palestine ed esord\u00ec dicendo: \u00abSono un sionista\u00bb, ieri su Facebook, dopo l\u2019arresto di Bond\u00ec, ha pubblicato un post che \u00e8 suonato come un allarme.<\/p>\n<p class=\"disable\">\u00a0<\/p>\n<p class=\"disable\">\u00abDa tempo denunciamo una degenerazione squadristica di elementi che in nome dell\u2019autodifesa minacciano e aggrediscono nelle scuole e per strada chi individuano come nemico di Israele \u2014 ha scritto \u2014. Basta omert\u00e0 dall\u2019alto per questi estremisti sospinti al fanatismo da leader irresponsabili. Vengano disciolti questi nuclei paramilitari. Chi sa parli\u00bb.<\/p>\n<p><a href=\"https:\/\/www.dagospia.com\/media-gallery\/dago-fotogallery-509013\/2257946\" class=\"float-left img-wrapper\"><img decoding=\"async\" id=\"2257946\" loading=\"lazy\" src=\"https:\/\/static.dagospia.com\/img\/foto\/04-2026\/eitan-bondi-2257946_800_q50.webp\"><span class=\"img-title\">eitan bondi<\/span><\/a><\/p>\n<p class=\"disable\">\u00a0<\/p>\n<p class=\"disable\">Addirittura nuclei paramilitari? \u00abRicordano i servizi d\u2019ordine degli anni \u201970 dei gruppi extraparlamentari \u2014 racconta Lerner \u2014, giovani ebrei che col mito della sicurezza si addestrano oggi nelle palestre romane per sentirsi all\u2019altezza di assicurare il presidio dei loro quartieri. Come fossero loro stessi di Tsahal, militarizzati\u00bb .<\/p>\n<p class=\"disable\">\u00a0<\/p>\n<p class=\"disable\">\u00abIn Italia viviamo male, i nostri ragazzi a Roma vengono scortati fin dall\u2019asilo\u00bb, aveva detto il mese scorso la neo presidente dell\u2019Ucei, Livia Ottolenghi. Ma la sindrome d\u2019accerchiamento alla lunga pu\u00f2 produrre reazioni scellerate, come sabato al Parco Schuster. O lettere di minacce come quelle spedite all\u2019Anpi dal sedicente \u00abGruppo sionistico giovanile\u00bb.<\/p>\n<p class=\"disable\">\u00a0<\/p>\n<p><a href=\"https:\/\/www.dagospia.com\/media-gallery\/dago-fotogallery-509013\/2141073\" class=\"float-right img-wrapper\"><img decoding=\"async\" id=\"2141073\" loading=\"lazy\" src=\"https:\/\/static.dagospia.com\/img\/foto\/06-2025\/gad-lerner-alla-manifestazione-pro-gaza-2141073_800_q50.webp\"><span class=\"img-title\">GAD LERNER ALLA MANIFESTAZIONE PRO GAZA<\/span><\/a><\/p>\n<p class=\"disable\">Solo una minoranza, certo, ma questa frangia di ventenni fa paura. Angelo Sermoneta, 78 anni, il leggendario presidente del \u00abCircolo \u201948\u00bb, a cui pure le mani prudevano molto in giovent\u00f9, non \u00e8 d\u2019accordo per\u00f2 con Gad Lerner: \u00abNiente mostri, per favore, Eitan Bond\u00ec ha fatto danni enormi alla Comunit\u00e0 col suo gesto, ma l\u2019ha fatto a forza di riempirsi la testa di idiozie, perch\u00e9 l\u2019arma superiore a tutte, altro che softair, si chiama propaganda\u00bb.<\/p>\n<p class=\"disable\">\u00a0<\/p>\n<p class=\"disable\">Il 2 ottobre scorso nel cortile del liceo \u00abCaravillani\u00bb, a Monteverde, un gruppo di studenti intonando Free Palestine scaten\u00f2 la reazione violenta di decine di ebrei che pregavano nella vicina sinagoga.<\/p>\n<p><a href=\"https:\/\/www.dagospia.com\/media-gallery\/dago-fotogallery-509013\/2257944\" class=\"float-left img-wrapper\"><img decoding=\"async\" id=\"2257944\" loading=\"lazy\" src=\"https:\/\/static.dagospia.com\/img\/foto\/04-2026\/eitan-bondi-2257944_800_q50.webp\"><span class=\"img-title\">eitan bondi<\/span><\/a><\/p>\n<p class=\"disable\">\u00a0<\/p>\n<p class=\"disable\">A uno degli studenti, \u00abebreo dissidente\u00bb, ricorda Gad Lerner, venne strappata una ciocca di capelli. La realt\u00e0 \u00e8 che si soffia sul fuoco da entrambe le parti: all\u2019imbrattamento delle pietre d\u2019inciampo e perfino della targa del piccolo Stefano Gaj Tach\u00e9, ucciso dai terroristi palestinesi nel 1982 davanti al Tempio Maggiore, si \u00e8 risposto a settembre con l\u2019ordigno al centro sociale \u00ab La Strada\u00bb alla Garbatella.<\/p>\n<p class=\"disable\">\u00a0<\/p>\n<p class=\"disable\">Una contrapposizione continua, anche feroce, come negli anniversari del 25 Aprile a Porta San Paolo post 7 ottobre.<\/p>\n<p class=\"disable\">\u00a0<\/p>\n<p class=\"disable\">O negli assalti ai licei. Quello al Manara del 2025, ad esempio, firmato dalla \u00abBrigata Dario Vitali\u00bb, l\u2019ardito ebreo della Grande Guerra, poi fascista.<\/p>\n<p class=\"disable\">\u00a0<\/p>\n<p class=\"disable\">Nella rivendicazione gli attivisti con il simbolo del teschio con la rosa fra i denti e la Stella di David, annunciarono: \u00abNon saranno pi\u00f9 tollerate azioni di bullismo e antisemite volte ad allontanare studenti ebrei dai licei pubblici\u00bb.<\/p>\n<p class=\"disable\">\u00a0<\/p>\n<p class=\"disable\">E poi ci sono le aggressioni: l\u2019ultima in viale Marconi a un dirigente della Comunit\u00e0 perch\u00e9 indossava la kippah. Prima ancora all\u2019influencer italo-palestinese Karem Rohana e a Chef Rubio \u2014 gi\u00e0 denunciato dalla Comunit\u00e0 per diffamazione aggravata e istigazione alla violenza \u2014 che parl\u00f2 di \u00absquadraccia sionista\u00bb.<\/p>\n<p><a href=\"https:\/\/www.dagospia.com\/media-gallery\/dago-fotogallery-509013\/1851287\" class=\"float-right img-wrapper\"><img decoding=\"async\" id=\"1851287\" loading=\"lazy\" src=\"https:\/\/static.dagospia.com\/img\/foto\/06-2023\/gad-lerner-ai-funerali-di-silvio-berlusconi-1851287_800_q50.webp\"><span class=\"img-title\">GAD LERNER AI FUNERALI DI SILVIO BERLUSCONI <\/span><\/a><a href=\"https:\/\/www.dagospia.com\/media-gallery\/dago-fotogallery-509013\/1849277\" class=\"float-right img-wrapper\"><img decoding=\"async\" id=\"1849277\" loading=\"lazy\" src=\"https:\/\/static.dagospia.com\/img\/foto\/06-2023\/gad-lerner-dopo-inter-manchester-city-1849277_800_q50.webp\"><span class=\"img-title\">gad lerner dopo inter manchester city<\/span><\/a><\/p>\n<p class=\"disable\">\u00a0<\/p>\n<\/div>\n<article><a href=\"https:\/\/www.dagospia.com\/politica\/dagoreport-dopo-referendum-diluvio-voto-22-23-marzo-aperto-voragine-472554\"><\/p>\n<div class=\"img-wrapper\"><img decoding=\"async\" src=\"https:\/\/static.dagospia.com\/img\/patch\/04-2026\/giorgia-meloni-matteo-salvini-antonio-tajani-nicole-minetti-carlo-nordio-2257887_600_q50.webp\" alt=\"giorgia meloni matteo salvini antonio tajani nicole minetti carlo nordio \" loading=\"lazy\"><time class=\"data-ora\">30 apr 15:22<\/time><\/div>\n<div class=\"excerpt\">\n<p>DAGOREPORT \u2013 <span>DOPO IL REFERENDUM, IL DILUVIO: IL VOTO DEL 22-23 MARZO HA APERTO UNA VORAGINE CHE STA INGHIOTTENDO GLI INQUILINI DI PALAZZO CHIGI, MENTRE SI RESPIRA GIA&#8217; ARIA DI SMOBILITAZIONE NEGLI APPARATI DI STATO\u00a0<\/span>&#8211; OGNI GIORNO C\u2019\u00c8\u00a0UNA CADUTA D&#8217;IMMAGINE PER IL GOVERNO MELONI (DAL CASO PIANTEDOSI-CONTE A QUELLO MINETTI, DAGLI SCAZZI TRA GIULI E BUTTAFUOCO AL RIBALTONE IN MPS FINO ALLO SPIONE DEL DEO), A CUI SI AGGIUNGE L&#8217;IMPLOSIONE DI FRATELLI D&#8217;ITALIA E LA GUERRA DI LOGORAMENTO DI SALVINI E LE VELLEIT\u00c0\u00a0MODERATE DELLA NUOVA FORZA ITALIA BY MARINA BERLUSCONI \u2013 <span>PER LA DUCETTA LA PAURA DI CROLLARE E DI FINIRE DI COLPO DALL&#8217;ALTARE ALLA POVERE, COME E&#8217; GIA&#8217; SUCCESSO PER RENZI, SALVINI, DI MAIO E CONTE, E&#8217; ALTISSIMA<\/span> &#8211; A LIVELLO INTERNAZIONALE, DOPO IL \u201cVAFFA\u201d DI TRUMP, LA DUCETTA \u00c8\u00a0ISOLATA (MERZ NON SI FA TIRARE PER LA GIACCHETTA) E NON HA PI\u00d9\u00a0UN EURO DA SPENDERE PER LE MANCETTE PRE-ELETTORALI \u2013 <span>SOLO L\u2019INAZIONE DELL\u2019OPPOSIZIONE LE PERMETTE DI STARE ANCORA INCOLLATA A PALAZZO CHIGI E, GRAZIE ALL\u2019APPARATO MEDIATICO \u201cFIANCHEGGIATORE\u201d, DI \u201cINSABBIARE\u201d MOLTE BEGHE POLITICHE<\/span>. MA GLI ITALIANI NON HANNO L\u2019ANELLO AL NASO: SONO LORO A PAGARE 2 EURO AL LITRO IL GASOLIO\u2026<\/p>\n<\/div>\n<p><\/a><\/article>\n<article><a href=\"https:\/\/www.dagospia.com\/politica\/dagoreport-habemus-trionnale-dopo-aver-buttato-al-fuoco-biennale-472562\"><\/p>\n<div class=\"img-wrapper\"><img decoding=\"async\" src=\"https:\/\/static.dagospia.com\/img\/patch\/04-2026\/triennale-giuli-la-russa-trione-beppe-sala-2257913_600_q50.webp\" alt=\"triennale giuli la russa trione beppe sala\" loading=\"lazy\"><time class=\"data-ora\">29 apr 18:54<\/time><\/div>\n<div class=\"excerpt\">\n<p>DAGOREPORT: HABEMUS &#8220;TRIONNALE&#8221;! &#8211; <span>DOPO AVER BUTTATO-AL-FUOCO LA BIENNALE, IL MINISTRO GIULI-VO ORA SI \u00c8 FATTO BOCCIARE DAL SINDACO DI MILANO LA SUA CANDIDATA ANDR\u00c9E RUTH SHAMMAH<\/span>, FACENDOSI IMPORRE VINCENZO TRIONE, STORICO E CRITICO D\u2019ARTE, COAUTORE CON LA PENNA ROSSA DI TOMASO MONTANARI DI UN LIBRO INTITOLATO \u201cCONTRO LE MOSTRE\u201d (QUELLE FATTE DAGLI ALTRI) &#8211; <span>SEGNALE POCO GIULI-VO PER I CAMERATI ROMANI DELLA MELONI IL VIA LIBERA SU TRIONE CHE AVREBBE DATO IGNAZIO LA RUSSA<\/span>, \u201cPADRONE\u201d DI MILANO E DINTORNI (VEDI CI\u00d2 CHE SUCCEDE ALLA PINACOTECA DI BRERA BY CRESPI) &#8211; <span>FORZA ITALIA \u00c8 RIUSCITA A FAR ENTRARE, DIREBBE MARINA B. \u2018\u2019UN VOLTO NUOVO\u2019\u2019:<\/span> DAVIDE RAMPELLO CHE DELLA TRIENNALE \u00c8 GI\u00c0 STATO PRESIDENTE UN\u2019ERA GEOLOGICA FA\u2026<\/p>\n<\/div>\n<p><\/a><\/article>\n<article><a href=\"https:\/\/www.dagospia.com\/cafonal\/dagoreport-promemoria-per-sopravvivere-terremoto-digitale-in-occasione-472535\"><\/p>\n<div class=\"img-wrapper\"><img decoding=\"async\" src=\"https:\/\/static.dagospia.com\/img\/patch\/04-2026\/2026masi-2257859_600_q50.webp\" alt=\"2026masi \" loading=\"lazy\"><time class=\"data-ora\">29 apr 15:53<\/time><\/div>\n<div class=\"excerpt\">\n<p><span>DAGOREPORT: \u201cPROMEMORIA\u201d PER SOPRAVVIVERE AL TERREMOTO DIGITALE &#8211; <\/span>IN OCCASIONE DELLA RISTAMPA DEL LIBRO DI MAURO MASI, UN GRAN PARTERRE SI \u00c8 DATO APPUNTAMENTO AL MALAGOLIANO CIRCOLO ANIENE &#8211; PER ANALIZZARE LE PROBLEMATICHE CONNESSE ALL\u2019IA PER NON RIPETERE GLI ERRORI FATTI CON INTERNET QUANDO NEGLI ANNI \u201880 E \u201890 SI DECISE DI NON REGOLAMENTARE LA RETE, <span>HANNO AFFERRATO IL MICROFONO L\u2019EX CONSOB, PAOLO SAVONA, L\u2019INOSSIDABILE GIANNI LETTA, ROBERTO SOMMELLA DI \u2018\u2019MF\u201d, IL LEGHISTA RAI ANTONIO MARANO<\/span> \u2013 IN PLATEA, GIORGIO ASSUMMA, LUCIO PRESTA, MICHELE GUARD\u00cc, BARBARA PALOMBELLI, BELLAVISTA CALTAGIRONE, ROBERTO VACCARELLA, GIANNI MILITO, TIBERIO TIMPERI\u2026<\/p>\n<\/div>\n<p><\/a><\/article>\n<article><a href=\"https:\/\/www.dagospia.com\/politica\/dagoreport-occhi-orecchie-puntate-washington-visita-re-carlo-sara-472429\"><\/p>\n<div class=\"img-wrapper\"><img decoding=\"async\" src=\"https:\/\/static.dagospia.com\/img\/patch\/04-2026\/donald-trump-xi-jinping-re-carlo-iii-paolo-zampolli-mohammed-bin-zayed-al-nahyan-2257479_600_q50.webp\" alt=\"donald trump xi jinping re carlo iii paolo zampolli mohammed bin zayed al nahyan\" loading=\"lazy\"><time class=\"data-ora\">28 apr 19:59<\/time><\/div>\n<div class=\"excerpt\">\n<p>DAGOREPORT \u2013 OCCHI E ORECCHIE PUNTATE SU WASHINGTON: <span>LA VISITA DI RE CARLO SAR\u00c0 UTILE A TRUMP, SEMPRE PIU\u2019 ISOLATO, CHE HA BISOGNO DI RINSALDARE LA STORICA ALLEANZA CON LA GRAN BRETAGNA<\/span> \u2013 IL PETROLIO COSTA, GLI ELETTORI SONO INCAZZATI: WASHINGTON VUOLE ACCELERARE SULLA PACE CON L\u2019IRAN. MA <span>GLI AYATOLLAH MOLLERANNO SOLO QUANDO LO ORDINER\u00c0 LORO IL \u201cPADRONCINO\u201d XI JINPING<\/span> (L\u2019INCONTRO A PECHINO DEL 14-15 MAGGIO SAR\u00c0 UNA NUOVA YALTA?) \u2013 EMIRATI INGOLFATI: ABU DHABI CHIEDE UNA \u201cSWAP LINE\u201d D\u2019EMERGENZA A WASHINGTON, E IL TYCOON NON PU\u00d2 DIRE DI NO \u2013 <span>LA TESTA PLATINATA DI DONALD ZAMPILLA DI\u2026ZAMPOLLI:<\/span> IL PASTICCIACCIO DEL SUO INVIATO SPECIALE E LE POSSIBILI RIVELAZIONI DELLA SUA EX, AMANDA UNGARO, NON SONO UNA MINCHIATA\u2026<\/p>\n<\/div>\n<p><\/a><\/article>\n<article><a href=\"https:\/\/www.dagospia.com\/politica\/dagoreport-responsabilita-maggiore-nel-pastrocchio-grazia-nicole-minetti-472434\"><\/p>\n<div class=\"img-wrapper\"><img decoding=\"async\" src=\"https:\/\/static.dagospia.com\/img\/patch\/04-2026\/nicole-minetti-carlo-nordio-francesca-nanni-2257547_600_q50.webp\" alt=\"nicole minetti carlo nordio francesca nanni \" loading=\"lazy\"><time class=\"data-ora\">28 apr 19:31<\/time><\/div>\n<div class=\"excerpt\">\n<p>DAGOREPORT \u2013 <span>TEMPI SEMPRE PIU&#8217; CUPI PER L&#8217;EX INVINCIBILE ARMATA BRANCA-MELONI<\/span> &#8211;\u00a0LA RESPONSABILIT\u00c0 NEL PASTROCCHIO DELLA GRAZIA A NICOLE MINETTI PESA, IN PRIMIS, SUL CAPOCCIONE DEL MINISTRO NORDIO &#8211; <span>LA PROCURA GENERALE DELLA CORTE D&#8217;APPELLO DI MILANO, GUIDATA DA FRANCESCA NANNI<\/span>, SI E&#8217; PRECIPITATA A DICHIARARE CHE L&#8217;ISTRUTTORIA SULLA PRATICA MINETTI SI E&#8217; ATTENUTA ALLE INDICAZIONI DEL MINISTERO DELLA GIUSTIZIA: VERIFICARE LA VERIDICITA&#8217; DI QUANTO AFFERMATO NELLA DOMANDA DI GRAZIA\u00a0SULLA CONDOTTA DI VITA DELLA MINETTI IN ITALIA &#8211; <span>NULLA E&#8217; STATO APPROFONDITO SULLE ATTIVITA&#8217; IN URUGUAY (TRA ESCORT E FESTINI) DELL\u2019EX IGIENISTA DENTALE DI BERLUSCONI<\/span> E DEL SUO COMPAGNO GIUSEPPE CIPRIANI, SODALE D&#8217;AFFARI CON EPSTEIN \u2013 DALLA PROCURA DI MILANO, LA PRATICA MINETTI E&#8217; TORNATA AL MINISTERO DI NORDIO CHE, DATO IL SUO PARERE POSITIVO, L&#8217;HA INVIATA AL QUIRINALE &#8211;<span> L&#8217;ACCERTAMENTO\u00a0DI QUANTO RIVELATO DAL \u201cFATTO QUOTIDIANO\u201d,\u00a0RENDEREBBE INEVITABILI LE DIMISSIONI DI NORDIO, GI\u00c0 PROTAGONISTA CON LA &#8220;ZARINA&#8221; GIUSI BARTOLOZZI, DI UNA SERIE DI FIGURACCE E DISASTRI<\/span>: ALMASRI,\u00a0GLI ATTACCHI AL CSM E AI MAGISTRATI, LA BATOSTA DEL REFERENDUM SULLA GIUSTIZIA, ECCETERA &#8211; (LA REVOCA DELLA GRAZIA SAREBBE LA PRIMA VOLTA NELLA STORIA DELLA REPUBBLICA&#8230;)<\/p>\n<\/div>\n<p><\/a><\/article>\n<article><a href=\"https:\/\/www.dagospia.com\/politica\/flash-come-si-e-arrivati-licenziamento-beatrice-venezi-c-e-ragione-piu-472316\"><\/p>\n<div class=\"img-wrapper\"><img decoding=\"async\" src=\"https:\/\/static.dagospia.com\/img\/patch\/04-2026\/meloni-buttafuoco-fenice-venezi-colabianchi-giuli-brugnaro-2257163_600_q50.webp\" alt=\"meloni buttafuoco fenice venezi colabianchi giuli brugnaro\" loading=\"lazy\"><time class=\"data-ora\">27 apr 20:12<\/time><\/div>\n<div class=\"excerpt\">\n<p>FLASH! \u2013 <span>DIETRO LA CACCIATA\u00a0DI BEATRICE VENEZI C&#8217;E&#8217; UNA RAGIONE PI\u00d9\u00a0\u201cPOLITICA\u201d CHE MUSICALE: A FINE MAGGIO SI VOTA A VENEZIA PER IL NUOVO SINDACO <\/span>CHE PRENDERA&#8217; IL POSTO DI BRUGNARO, GRAN SPONSOR DELLA\u00a0\u201cBACCHETTA NERA\u201d (COME ANCHE IL MAL-DESTRO ZAIA) &#8211; <span>QUANDO MELONI HA SBIRCIATO I SONDAGGI RISERVATI <\/span>CHE VEDE IL CENTROSINISTRA AVANTI, SOSPINTO DALLO SCANDALOSO CASO-VENEZI (CHE STRAPPA ALLA DESTRA\u00a04-5%), GLI OTOLITI SONO ANDATI IN TILT &#8211; <span>E ALLA PRIMA OCCASIONE, CON LE IMPROVVIDE DICHIARAZIONI DI \u201cBEATROCE\u201d CONTRO L\u2019ORCHESTRA, \u00c8\u00a0STATA LICENZIATA &#8211;\u00a0<\/span>LO STESSO &#8221;SENTIMENT&#8221; VALE PER BUTTAFUOCO, MA IL PRESIDENTE DELLA BIENNALE, PIU&#8217; FURBO, NON OFFRE PER ORA IL FIANCO PER LIQUIDARLO &#8211; <span>E SE VENISSE CACCIATO, A DIFFERENZA DI VENEZI, HA L&#8217;\u201cINTELLIGHENZIA\u201d DEI SINISTRATI<\/span> CHE LODA L&#8217;INTELLETTUALITA&#8217; DEL FASCIO-MUSULMANO CHE APRE IL PADIGLIONE AI RUSSI&#8230;.<\/p>\n<\/div>\n<p><\/a><\/article>\n<article><a href=\"https:\/\/www.dagospia.com\/politica\/caso-minetti-ranucci-bomba-nordio-marzo-e-in-uruguay-nel-ranch-cipriani-472461\"><\/p>\n<div class=\"img-wrapper\"><img decoding=\"async\" src=\"https:\/\/static.dagospia.com\/img\/patch\/04-2026\/nicole-minetti-2257565_600_q50.webp\" alt=\"nicole minetti nordio meloni cipriani ranucci\" loading=\"lazy\"><\/div>\n<div class=\"excerpt\">SUL PASTROCCHIO DELLA GRAZIA A NICOLE MINETTI SIGFRIDO RANUCCI SGANCIA LA BOMBA A \u201c\u00c8 SEMPRE\u2026<\/div>\n<p><\/a><\/article>\n<article><a href=\"https:\/\/www.dagospia.com\/cronache\/michael-jackson-mi-abbasso-i-pantaloncini-mentre-giocavo-game-boy-470026\"><\/p>\n<div class=\"img-wrapper\"><img decoding=\"async\" src=\"https:\/\/static.dagospia.com\/img\/patch\/04-2026\/michael-jackson-aldo-cascio-2250437_600_q50.webp\" alt=\"michael jackson aldo cascio \" loading=\"lazy\"><\/div>\n<div class=\"excerpt\">\u201cMICHAEL JACKSON MI ABBASS\u00d2 I PANTALONCINI MENTRE GIOCAVO AL GAME BOY\u201d \u2013 LE TESTIMONIANZE DEI\u2026<\/div>\n<p><\/a><\/article>\n<article><a href=\"https:\/\/www.dagospia.com\/sport\/psg-bayern-5-4-uno-spot-per-calcio-magie-pali-errori-difensivi-9gol-472458\"><\/p>\n<div class=\"img-wrapper\"><img decoding=\"async\" src=\"https:\/\/static.dagospia.com\/img\/patch\/04-2026\/psg-bayern-monaco-2257555_600_q50.webp\" alt=\"psg bayern monaco\" loading=\"lazy\"><\/div>\n<div class=\"excerpt\">VIDEO-PSG-BAYERN 5-4: UNO SPOT PER IL CALCIO&#8230;DA TIK TOK! MAGIE, ERRORI DIFENSIVI, PALI E NOVE GOL\u2026<\/div>\n<p><\/a><\/article>\n<article><a href=\"https:\/\/www.dagospia.com\/media-tv\/pillole-gossip-elodie-franceska-limonano-pochi-passi-472290\"><\/p>\n<div class=\"img-wrapper\"><img decoding=\"async\" src=\"https:\/\/static.dagospia.com\/img\/patch\/04-2026\/pillole-avanti-gossip-2257085_600_q50.webp\" alt=\"pillole avanti gossip\" loading=\"lazy\"><\/div>\n<div class=\"excerpt\">PILLOLE DI GOSSIP! IL TRIANGOLO, S\u00cc! 25 APRILE\u00a0ELODIE E FRANCESKA SI SONO RITROVATE A POCHI PASSI\u2026<\/div>\n<p><\/a><\/article>\n<article><a href=\"https:\/\/www.dagospia.com\/media-tv\/con-mollato-corazze-riconoscete-49enne-parla-chi-compagno-472501\"><\/p>\n<div class=\"img-wrapper\"><img decoding=\"async\" src=\"https:\/\/static.dagospia.com\/img\/patch\/04-2026\/michelle-hunziker-2257659_600_q50.webp\" alt=\"michelle hunziker\" loading=\"lazy\"><\/div>\n<div class=\"excerpt\">\u201cCON LUI HO MOLLATO LE CORAZZE, TUTTI I MURI DI BERLINO CHE AVEVO COSTRUITO INTORNO A ME\u201d \u2013 LA\u2026<\/div>\n<p><\/a><\/article>\n<article><a href=\"https:\/\/www.dagospia.com\/politica\/dagoreport-dopo-referendum-diluvio-voto-22-23-marzo-aperto-voragine-472554\"><\/p>\n<div class=\"img-wrapper\"><img decoding=\"async\" src=\"https:\/\/static.dagospia.com\/img\/patch\/04-2026\/giorgia-meloni-matteo-salvini-antonio-tajani-nicole-minetti-carlo-nordio-2257887_600_q50.webp\" alt=\"giorgia meloni matteo salvini antonio tajani nicole minetti carlo nordio \" loading=\"lazy\"><\/div>\n<div class=\"excerpt\">DAGOREPORT \u2013 DOPO IL REFERENDUM, IL DILUVIO: IL VOTO DEL 22-23 MARZO HA APERTO UNA VORAGINE CHE STA\u2026<\/div>\n<p><\/a><\/article>\n<article><a href=\"https:\/\/www.dagospia.com\/politica\/dagoreport-habemus-trionnale-dopo-aver-buttato-al-fuoco-biennale-472562\"><\/p>\n<div class=\"img-wrapper\"><img decoding=\"async\" src=\"https:\/\/static.dagospia.com\/img\/patch\/04-2026\/triennale-giuli-la-russa-trione-beppe-sala-2257913_600_q50.webp\" alt=\"triennale giuli la russa trione beppe sala\" loading=\"lazy\"><\/div>\n<div class=\"excerpt\">DAGOREPORT: HABEMUS &#8220;TRIONNALE&#8221;! &#8211; DOPO AVER BUTTATO-AL-FUOCO LA BIENNALE, IL MINISTRO GIULI-VO ORA\u2026<\/div>\n<p><\/a><\/article>\n<article><a href=\"https:\/\/www.dagospia.com\/cafonal\/dagoreport-promemoria-per-sopravvivere-terremoto-digitale-in-occasione-472535\"><\/p>\n<div class=\"img-wrapper\"><img decoding=\"async\" src=\"https:\/\/static.dagospia.com\/img\/patch\/04-2026\/2026masi-2257859_600_q50.webp\" alt=\"2026masi \" loading=\"lazy\"><\/div>\n<div class=\"excerpt\">DAGOREPORT: \u201cPROMEMORIA\u201d PER SOPRAVVIVERE AL TERREMOTO DIGITALE &#8211; IN OCCASIONE DELLA RISTAMPA DEL\u2026<\/div>\n<p><\/a><\/article>\n<article><a href=\"https:\/\/www.dagospia.com\/politica\/dagoreport-occhi-orecchie-puntate-washington-visita-re-carlo-sara-472429\"><\/p>\n<div class=\"img-wrapper\"><img decoding=\"async\" src=\"https:\/\/static.dagospia.com\/img\/patch\/04-2026\/donald-trump-xi-jinping-re-carlo-iii-paolo-zampolli-mohammed-bin-zayed-al-nahyan-2257479_600_q50.webp\" alt=\"donald trump xi jinping re carlo iii paolo zampolli mohammed bin zayed al nahyan\" loading=\"lazy\"><\/div>\n<div class=\"excerpt\">DAGOREPORT \u2013 OCCHI E ORECCHIE PUNTATE SU WASHINGTON: LA VISITA DI RE CARLO SAR\u00c0 UTILE A TRUMP,\u2026<\/div>\n<p><\/a><\/article>\n<article><a href=\"https:\/\/www.dagospia.com\/politica\/dagoreport-responsabilita-maggiore-nel-pastrocchio-grazia-nicole-minetti-472434\"><\/p>\n<div class=\"img-wrapper\"><img decoding=\"async\" src=\"https:\/\/static.dagospia.com\/img\/patch\/04-2026\/nicole-minetti-carlo-nordio-francesca-nanni-2257547_600_q50.webp\" alt=\"nicole minetti carlo nordio francesca nanni \" loading=\"lazy\"><\/div>\n<div class=\"excerpt\">DAGOREPORT \u2013 TEMPI SEMPRE PIU&#8217; CUPI PER L&#8217;EX INVINCIBILE ARMATA BRANCA-MELONI &#8211;\u00a0LA RESPONSABILIT\u00c0\u2026<\/div>\n<p><\/a><\/article>\n<article><a href=\"https:\/\/www.dagospia.com\/politica\/flash-come-si-e-arrivati-licenziamento-beatrice-venezi-c-e-ragione-piu-472316\"><\/p>\n<div class=\"img-wrapper\"><img decoding=\"async\" src=\"https:\/\/static.dagospia.com\/img\/patch\/04-2026\/meloni-buttafuoco-fenice-venezi-colabianchi-giuli-brugnaro-2257163_600_q50.webp\" alt=\"meloni buttafuoco fenice venezi colabianchi giuli brugnaro\" loading=\"lazy\"><\/div>\n<div class=\"excerpt\">FLASH! \u2013 DIETRO LA CACCIATA\u00a0DI BEATRICE VENEZI C&#8217;E&#8217; UNA RAGIONE PI\u00d9\u00a0\u201cPOLITICA\u201d CHE MUSICALE: A FINE\u2026<\/div>\n<p><\/a><\/article>\n<article><a href=\"https:\/\/www.dagospia.com\/sport\/caso-rocchi-abodi-giorgetti-l-idea-commissariare-figc-meloni-considera-472320\"><\/p>\n<div class=\"img-wrapper\"><img decoding=\"async\" src=\"https:\/\/static.dagospia.com\/img\/patch\/04-2026\/giovanni-malago-giorgia-meloni-giancarlo-giorgetti-andrea-abodi-gianluca-rocchi-2257188_600_q50.webp\" alt=\"giovanni malago giorgia meloni giancarlo giorgetti andrea abodi gianluca rocchi \" loading=\"lazy\"><\/div>\n<div class=\"excerpt\">DAGOREPORT &#8211; IL CASO ROCCHI E&#8217; ARRIVATO COME IL CACIO SUI MACCHERONI PER ABODI E GIORGETTI,\u2026<\/div>\n<p><\/a><\/article>\n<article><a href=\"https:\/\/www.dagospia.com\/politica\/dagoreport-uniche-pompe-non-piacciono-trump-quelle-benzina-e-vero-472319\"><\/p>\n<div class=\"img-wrapper\"><img decoding=\"async\" src=\"https:\/\/static.dagospia.com\/img\/patch\/04-2026\/donald-trump-benzinaio-benzina-petrolio-greggio-2251186_600_q50.webp\" alt=\"donald trump benzinaio benzina petrolio greggio \" loading=\"lazy\"><\/div>\n<div class=\"excerpt\">DAGOREPORT \u2013 LE UNICHE POMPE CHE NON PIACCIONO A TRUMP SONO QUELLE DI BENZINA! \u00c8 VERO CHE LE\u2026<\/div>\n<p><\/a><\/article>\n<article><a href=\"https:\/\/www.dagospia.com\/media-tv\/dagoreport-la-repubblica-atene-theodore-kyriakou-idee-repubblica-472317\"><\/p>\n<div class=\"img-wrapper\"><img decoding=\"async\" src=\"https:\/\/static.dagospia.com\/img\/patch\/04-2026\/kyriakou-repubblica-radio-capital-tv8-2257164_600_q50.webp\" alt=\"kyriakou repubblica radio capital tv8\" loading=\"lazy\"><\/div>\n<div class=\"excerpt\">DAGOREPORT &#8211; \u201cLA REPUBBLICA\u201d DI ATENE \u2013 THEODORE KYRIAKOU VUOLE CAPIRE CHE DIREZIONE DARE AL GRUPPO\u2026<\/div>\n<p><\/a><\/article>\n<article><a href=\"https:\/\/www.dagospia.com\/politica\/dagoreport-giorgia-meloni-questa-volta-fa-bene-incazzarsi-giancarlo-472264\"><\/p>\n<div class=\"img-wrapper\"><img decoding=\"async\" src=\"https:\/\/static.dagospia.com\/img\/patch\/04-2026\/giorgia-meloni-giancarlo-giorgetti-daria-perrotta-2257041_600_q50.webp\" alt=\"giorgia meloni giancarlo giorgetti daria perrotta \" loading=\"lazy\"><\/div>\n<div class=\"excerpt\">DAGOREPORT \u2013\u00a0GIORGIA MELONI QUESTA VOLTA FA BENE A INCAZZARSI CON GIANCARLO GIORGETTI:\u00a0IL\u2026<\/div>\n<p><\/a><\/article>\n<article><a href=\"https:\/\/www.dagospia.com\/cafonal\/dagoreport-promemoria-per-sopravvivere-terremoto-digitale-in-occasione-472535\"><\/p>\n<div class=\"img-wrapper\"><img decoding=\"async\" src=\"https:\/\/static.dagospia.com\/img\/patch\/04-2026\/2026masi-2257859_600_q50.webp\" alt=\"2026masi \" loading=\"lazy\"><\/div>\n<div class=\"excerpt\">DAGOREPORT: \u201cPROMEMORIA\u201d PER SOPRAVVIVERE AL TERREMOTO DIGITALE &#8211; IN OCCASIONE DELLA RISTAMPA DEL\u2026<\/div>\n<p><\/a><\/article>\n<article><a href=\"https:\/\/www.dagospia.com\/cafonal\/sacco-cafonal-serata-speciale-cinema-barberini-roma-un-sacco-bello-472427\"><\/p>\n<div class=\"img-wrapper\"><img decoding=\"async\" src=\"https:\/\/static.dagospia.com\/img\/patch\/04-2026\/cafonal-verdone-un-sacco-bello-2257470_600_q50.webp\" alt loading=\"lazy\"><\/div>\n<div class=\"excerpt\">UN SACCO CAFONAL!\u00a0\u2013 SERATA SPECIALE AL CINEMA BARBERINI A ROMA: \u201cUN SACCO BELLO\u201d NELLA VERSIONE\u2026<\/div>\n<p><\/a><\/article>\n<article><a href=\"https:\/\/www.dagospia.com\/cafonal\/pardo-max-giusti-metti-sera-cena-eminenze-gricie-dell-edonismo-472056\"><\/p>\n<div class=\"img-wrapper\"><img decoding=\"async\" src=\"https:\/\/static.dagospia.com\/img\/patch\/04-2026\/ristorante-la-pisanella-2256575_600_q50.webp\" alt loading=\"lazy\"><\/div>\n<div class=\"excerpt\">DA PARDO A MAX GIUSTI: METTI UNA SERA A CENA LE \u201cEMINENZE GRICIE\u201d DELL\u2019EDONISMO ROMANELLO \u2013 AL\u2026<\/div>\n<p><\/a><\/article>\n<article><a href=\"https:\/\/www.dagospia.com\/cafonal\/ne-andavo-quella-roma-nella-capitale-in-zona-talenti-intitolato-parco-remo-472030\"><\/p>\n<div class=\"img-wrapper\"><img decoding=\"async\" src=\"https:\/\/static.dagospia.com\/img\/patch\/04-2026\/inaugurazione-del-parco-remo-remotti-massimiliano-bruno-nicola-pistoia-michela-a-2256496_600_q50.webp\" alt=\"inaugurazione del parco remo remotti - massimiliano bruno nicola pistoia michela andreozzi luisa pistoia sabina guzzanti stefano fresi tommaso zanello piotta federica remotti - 5\" loading=\"lazy\"><\/div>\n<div class=\"excerpt\">VIDEO!&#8221;ME NE ANDAVO DA QUELLA ROMA\u2026!&#8221; NELLA CAPITALE, IN ZONA TALENTI, E\u2019 STATO INTITOLATO UN PARCO\u2026<\/div>\n<p><\/a><\/article>\n<article><a href=\"https:\/\/www.dagospia.com\/cafonal\/cafonal-all-opera-mi-porti-luca-guadagnino-maggio-fiorentino-the-death-471907\"><\/p>\n<div class=\"img-wrapper\"><img decoding=\"async\" src=\"https:\/\/static.dagospia.com\/img\/patch\/04-2026\/guadagnino-2256066_600_q50.webp\" alt=\"guadagnino\" loading=\"lazy\"><\/div>\n<div class=\"excerpt\">CAFONAL ALL\u2019OPERA &#8211; MI PORTI UN LUCA GUADAGNINO A FIRENZE \u2013 IL REGISTA PORTA IN SCENA AL MAGGIO\u2026<\/div>\n<p><\/a><\/article>\n<article><a href=\"https:\/\/www.dagospia.com\/cafonal\/cafonal-pallitto-chanel-totti-metri-trash-figlia-pupone-diventa-471192\"><\/p>\n<div class=\"img-wrapper\"><img decoding=\"async\" src=\"https:\/\/static.dagospia.com\/img\/patch\/04-2026\/2026pallitto-2253852_600_q50.webp\" alt loading=\"lazy\"><\/div>\n<div class=\"excerpt\">CAFONAL \u2013 PALLITTO-CHANEL TOTTI: TRE METRI SOPRA IL TRASH! LA FIGLIA DEL PUPONE DIVENTA LA\u2026<\/div>\n<p><\/a><\/article>\n<p>[analyse_source url=&#8221;https:\/\/www.dagospia.com\/cronache\/grido-d-allarme-gad-lerner-dopo-caso-eitan-bondi-vengono-evocati-nuclei-472585&#8243;]<\/p>\n","protected":false},"excerpt":{"rendered":"<p>[analyse_image type=&#8221;featured&#8221; src=&#8221;https:\/\/static.dagospia.com\/img\/patch\/04-2026\/gad-lerner-eitan-bondi-2257969_600_q50.webp&#8221;] 30 apr 2026 10:51 \u201cBASTA OMERT\u00c0 DALL\u2019ALTO PER QUESTI ESTREMISTI SOSPINTI AL FANATISMO. VENGANO DISCIOLTI QUESTI NUCLEI PARAMILITARI. CHI SA PARLI\u201d \u2013 GAD LERNER DOPO IL CASO EITAN BONDI, IL CECCHINO DEL 25 APRILE, APPARTENENTE ALLA COMUNITA\u2019 EBRAICA, DENUNCIA LA \u201cDEGENERAZIONE SQUADRISTICA\u201d DI \u201cELEMENTI CHE IN NOME DELL\u2019AUTODIFESA MINACCIANO E AGGREDISCONO NELLE [&hellip;]<\/p>\n","protected":false},"author":1,"featured_media":0,"comment_status":"open","ping_status":"","sticky":false,"template":"","format":"standard","meta":{"footnotes":""},"categories":[87],"tags":[226,149],"class_list":["post-1910719","post","type-post","status-publish","format-standard","hentry","category-italy","tag-crawlmanager","tag-dagospia-com"],"_links":{"self":[{"href":"https:\/\/analyse.optim.biz\/index.php?rest_route=\/wp\/v2\/posts\/1910719","targetHints":{"allow":["GET"]}}],"collection":[{"href":"https:\/\/analyse.optim.biz\/index.php?rest_route=\/wp\/v2\/posts"}],"about":[{"href":"https:\/\/analyse.optim.biz\/index.php?rest_route=\/wp\/v2\/types\/post"}],"author":[{"embeddable":true,"href":"https:\/\/analyse.optim.biz\/index.php?rest_route=\/wp\/v2\/users\/1"}],"replies":[{"embeddable":true,"href":"https:\/\/analyse.optim.biz\/index.php?rest_route=%2Fwp%2Fv2%2Fcomments&post=1910719"}],"version-history":[{"count":0,"href":"https:\/\/analyse.optim.biz\/index.php?rest_route=\/wp\/v2\/posts\/1910719\/revisions"}],"wp:attachment":[{"href":"https:\/\/analyse.optim.biz\/index.php?rest_route=%2Fwp%2Fv2%2Fmedia&parent=1910719"}],"wp:term":[{"taxonomy":"category","embeddable":true,"href":"https:\/\/analyse.optim.biz\/index.php?rest_route=%2Fwp%2Fv2%2Fcategories&post=1910719"},{"taxonomy":"post_tag","embeddable":true,"href":"https:\/\/analyse.optim.biz\/index.php?rest_route=%2Fwp%2Fv2%2Ftags&post=1910719"}],"curies":[{"name":"wp","href":"https:\/\/api.w.org\/{rel}","templated":true}]}}