{"id":191025,"date":"2014-12-03T20:06:45","date_gmt":"2014-12-03T17:06:45","guid":{"rendered":"https:\/\/analyse.optim.biz\/?p=191025"},"modified":"2014-12-03T20:06:45","modified_gmt":"2014-12-03T17:06:45","slug":"klaus-iohannis-romania-are-nevoie-de-un-nou-guvern-unul-de-centru-dreapta","status":"publish","type":"post","link":"https:\/\/analyse.optim.biz\/?p=191025","title":{"rendered":"Klaus Iohannis: Rom\u00e2nia are nevoie de un nou Guvern, unul de centru-dreapta"},"content":{"rendered":"<div class=\"entry data-app-meta data-app-meta-article\" data-embed-base-url-canonical=\"https:\/\/www.digi24.ro\/embed\/stiri\/actualitate\/politica\/klaus-iohannis-romania-are-nevoie-de-un-nou-guvern-unul-de-centru-dreapta-330159\">\n<p data-index=\"1\">Klaus Iohannis a pledat \u00een interviul pentru publica\u0163ia La Repubblica pentru punerea \u00een aplicare a programului s\u0103u politic \u015fi a subliniat c\u0103 pentru acest lucru este necesar un nou guvern, cu o politic\u0103 de centru-dreapta.<\/p>\n<p data-index=\"2\">\u201eVoi fi un pre\u015fedinte care se va g\u00e2ndi permanent la interesele na\u0163ionale, nu la cele de partid, pentru a \u00eendruma liderii politici pe c\u0103i convergente. Dar cred c\u0103 va fi necesar un Guvern mai eficient, capabil de viziuni pe termen lung \u015fi c\u0103ruia politicile de centru-dreapta \u00eei pot oferi solu\u0163iile necesare\u201d, a spus Klaus Iohannis.<\/p>\n<p data-index=\"3\">Pre\u015fedintele ales a precizat c\u0103 obiectivul s\u0103u este consolidarea \u015fi extinderea parteneriatului cu Statele Unite, cu Uniunea European\u0103 \u015fi NATO. De asemenea, s-a referit \u015fi la rela\u0163iile cu Moscova.<\/p>\n<p data-index=\"4\">\u201e\u00cen prezent, situa\u0163ia este mai dificil\u0103. Este necesar\u0103 o ac\u0163iune comun\u0103 la nivel european. \u00cen momentul de fa\u0163\u0103, rela\u0163ia cu Rusia este influen\u0163at\u0103 de criza din Ucraina \u015fi de percep\u0163ia privind o politic\u0103 agresiv\u0103, incompatibil\u0103 cu dreptul interna\u0163ional. C\u00e2nd vor fi dep\u0103\u015fite aceste obstacole, putem reexamina rela\u0163iile cu Moscova\u201d, a ad\u0103ugat Klaus Iohannis.<\/p>\n<p data-index=\"5\">\u00cen privin\u0163a situa\u0163iei din Uniunea European\u0103, Klaus Iohannis a declarat c\u0103 trebuie evitat\u0103 o Europ\u0103 cu dou\u0103 viteze \u015fi c\u0103 viseaz\u0103 la o Europ\u0103 mai puternic\u0103, unit\u0103 de valori \u015fi principii comune.<\/p>\n<p data-index=\"6\">Ieri, <a href=\"https:\/\/www.digi24.ro\/Stiri\/Digi24\/Actualitate\/Politica\/Blaga+Nu+vom+vota+bugetul+Dupa+1+februarie+introducem+motiune+de\" data-skip-linkfix=\"1\">Vasile Blaga declarat<\/a> c\u0103 PNL va introduce o mo\u0163iune de cenzur\u0103 \u00een februarie anul viitor \u0219i a precizat c\u0103 alegerile anticipate sunt calea cea mai corect\u0103 de accedere la guvernare.<\/p>\n<\/div>\n<p> Source URL: https:\/\/www.digi24.ro\/stiri\/actualitate\/politica\/klaus-iohannis-romania-are-nevoie-de-un-nou-guvern-unul-de-centru-dreapta-330159<\/p>\n","protected":false},"excerpt":{"rendered":"<p>Klaus Iohannis a pledat \u00een interviul pentru publica\u0163ia La Repubblica pentru punerea \u00een aplicare a programului s\u0103u politic \u015fi a subliniat c\u0103 pentru acest lucru este necesar un nou guvern, cu o politic\u0103 de centru-dreapta. \u201eVoi fi un pre\u015fedinte care se va g\u00e2ndi permanent la interesele na\u0163ionale, nu la cele de partid, pentru a \u00eendruma [&hellip;]<\/p>\n","protected":false},"author":1,"featured_media":191026,"comment_status":"open","ping_status":"","sticky":false,"template":"","format":"standard","meta":{"footnotes":""},"categories":[2],"tags":[11],"class_list":["post-191025","post","type-post","status-publish","format-standard","has-post-thumbnail","hentry","category-politics","tag-digi24"],"_links":{"self":[{"href":"https:\/\/analyse.optim.biz\/index.php?rest_route=\/wp\/v2\/posts\/191025","targetHints":{"allow":["GET"]}}],"collection":[{"href":"https:\/\/analyse.optim.biz\/index.php?rest_route=\/wp\/v2\/posts"}],"about":[{"href":"https:\/\/analyse.optim.biz\/index.php?rest_route=\/wp\/v2\/types\/post"}],"author":[{"embeddable":true,"href":"https:\/\/analyse.optim.biz\/index.php?rest_route=\/wp\/v2\/users\/1"}],"replies":[{"embeddable":true,"href":"https:\/\/analyse.optim.biz\/index.php?rest_route=%2Fwp%2Fv2%2Fcomments&post=191025"}],"version-history":[{"count":0,"href":"https:\/\/analyse.optim.biz\/index.php?rest_route=\/wp\/v2\/posts\/191025\/revisions"}],"wp:featuredmedia":[{"embeddable":true,"href":"https:\/\/analyse.optim.biz\/index.php?rest_route=\/wp\/v2\/media\/191026"}],"wp:attachment":[{"href":"https:\/\/analyse.optim.biz\/index.php?rest_route=%2Fwp%2Fv2%2Fmedia&parent=191025"}],"wp:term":[{"taxonomy":"category","embeddable":true,"href":"https:\/\/analyse.optim.biz\/index.php?rest_route=%2Fwp%2Fv2%2Fcategories&post=191025"},{"taxonomy":"post_tag","embeddable":true,"href":"https:\/\/analyse.optim.biz\/index.php?rest_route=%2Fwp%2Fv2%2Ftags&post=191025"}],"curies":[{"name":"wp","href":"https:\/\/api.w.org\/{rel}","templated":true}]}}