{"id":1910080,"date":"2026-04-29T15:52:23","date_gmt":"2026-04-29T12:52:23","guid":{"rendered":"https:\/\/analyse.optim.biz\/?p=1910080"},"modified":"2026-04-29T15:52:23","modified_gmt":"2026-04-29T12:52:23","slug":"ce-efecte-poate-avea-criza-politica-asupra-programului-safe","status":"publish","type":"post","link":"https:\/\/analyse.optim.biz\/?p=1910080","title":{"rendered":"Ce efecte poate avea criza politic\u0103 asupra programului SAFE"},"content":{"rendered":"<p>[analyse_image type=&#8221;featured&#8221; src=&#8221;https:\/\/ziardesuceava.ro\/wp-content\/uploads\/2026\/04\/78465.jpg&#8221;]<\/p>\n<div class=\"post-content clearfix\">\n<div class=\"blog-post-thumb\"><img loading=\"lazy\" decoding=\"async\" width=\"750\" height=\"500\" src=\"https:\/\/ziardesuceava.ro\/wp-content\/uploads\/2026\/04\/78465.jpg\" class=\"attachment-inhype-blog-thumb size-inhype-blog-thumb wp-post-image\" alt><\/div>\n<div class=\"entry-content\">\n<p>Luna mai e decisiv\u0103 pentru Rom\u00e2nia \u00een privin\u021ba semn\u0103rii contractelor finan\u021bate prin SAFE. Parte din proiecte au fost aprobate de Parlament, dar riscul c\u0103derii guvernului \u0219i al unei crize prelungite ar putea complica lucrurile.<\/p>\n<div>\n<p>Rom\u00e2nia are un guvern minoritar f\u0103r\u0103 sus\u021binere \u00een Parlament \u0219i ar putea c\u0103dea s\u0103pt\u0103m\u00e2na viitoare, c\u00e2nd e programat votul pentru o mo\u021biune de cenzur\u0103 depus\u0103 de social-democra\u021bi \u0219i extremi\u0219tii de dreapta. \u00cen acest context complicat, au ap\u0103rut nori negri deasupra programului SAFE, chiar dac\u0103 o parte din proiecte au fost aprobate mar\u021bi, 28 aprilie, \u00een comisiile pentru ap\u0103rare din Camera Deputa\u021bilor \u0219i Senat.<\/p>\n<p>Liderul forma\u021biunii extremiste AUR, George Simion, i-a cerut premierului Ilie Bolojan s\u0103 nu semneze \u00een aceast\u0103 perioad\u0103 niciun contract important, inclusiv \u00een domeniul ap\u0103r\u0103rii, \u0219i i-a amenin\u021bat pe func\u021bionarii publici c\u0103 vor fi tra\u0219i la r\u0103spundere dac\u0103 \u00ee\u0219i pun semn\u0103tur\u0103 pe contracte.<\/p>\n<p>Mo\u021biunea de cenzur\u0103 a fost semnat\u0103 de 254 de parlamentari \u0219i dac\u0103 to\u021bi ace\u0219tia o \u0219i voteaz\u0103, guvernul va fi demis. De\u0219i liderul AUR vrea s\u0103 ajung\u0103 la putere, pre\u0219edintele Nicu\u0219or Dan a spus mar\u021bi c\u0103 niciunul dintre partidele pro-europene nu vrea s\u0103 fac\u0103 un guvern cu for\u021be antioccidentale. El a salutat direc\u021bia pro-european\u0103 \u0219i responsabilitatea celor care au aprobat proiectele SAFE gestionate de Ministerul Ap\u0103r\u0103rii \u00een Parlament, \u00een valoare de 8,33 miliarde de euro, din cele aproape 17 miliarde de euro alocate Rom\u00e2niei. Restul proiectelor sunt \u00een gestionarea altor ministere, ministrul ap\u0103r\u0103rii Radu Miru\u021b\u0103 preciz\u00e2nd c\u0103 \u0219i acestea vor fi ajunge \u00een Parlament.\u00a0<\/p>\n<p><span>Acuza\u021bii de corup\u021bie<\/span><\/p>\n<p>Dup\u0103 votul din Parlament, Ministerul Ap\u0103r\u0103rii are timp p\u00e2n\u0103 pe 31 mai s\u0103 semneze contractele pentru a primi finan\u021barea. Ministrul Ap\u0103r\u0103rii, Radu Miru\u021b\u0103, a declarat c\u0103 nu mai sunt \u201dalte piedici politice\u201d \u00een calea programului european de finan\u021bare pentru achizi\u021bii militare.<\/p>\n<p>Dar dezbaterile din Parlament au scos la iveal\u0103 critici la adresa programului, at\u00e2t parlamentari AUR, c\u00e2t \u0219i PSD, ar\u0103t\u00e2ndu-\u0219i nemul\u021bumirea fa\u021b\u0103 de faptul c\u0103 nu se produc mai multe echipamente \u00een Rom\u00e2nia.<\/p>\n<p>Ei au f\u0103cut o compara\u021bie cu Polonia, \u00een timp ce ministrul Ap\u0103r\u0103rii le-a explicat c\u0103 referin\u021ba ar trebui s\u0103 fie situa\u021bia \u00een care se afl\u0103 multe fabrici din industria na\u021bional\u0103 de ap\u0103rare \u201dprin care cre\u0219te vegeta\u021bie, \u00een care plou\u0103 \u00een\u0103untru\u201d. Unele dintre ele vor fi revitalizate prin intermediul SAFE, a spus ministrul Miru\u021b\u0103.<\/p>\n<p>Una dintre cele mai mari provoc\u0103ri va fi cea privind construirea a patru nave la \u0219antierul naval Mangalia 2 Mai. \u00cen prezent, acesta este de\u021binut de stat, dar e \u00een faliment.<\/p>\n<p>Profit\u00e2nd de SAFE, Bucure\u0219tiul a decis s\u0103 paseze chestiunea \u00een curtea Rheinmetall.<\/p>\n<p>\u00centrebat cum e posibil ca p\u00e2n\u0103 \u00een 2030 \u0219antierul naval s\u0103 fie pus pe picioare \u0219i s\u0103 produc\u0103 patru nave, Miru\u021b\u0103 a precizat c\u0103, potrivit unui contract cu Rheinmetall, compania german\u0103 trebuie s\u0103 modernizeze \u0219antierul \u0219i s\u0103 furnizeze navele, \u00een caz contrar va pl\u0103ti desp\u0103gubiri.\u00a0 <\/p>\n<p>Senatorul extremist Mircia Chelaru a criticat faptul c\u0103 nu \u201de un plan na\u021bional, ci unul transna\u021bional, de consolidare a industriei europene\u201d. Proiectele nu r\u0103spund \u201dconceptului de independen\u021b\u0103 solidar\u0103\u201d, anume de a produce c\u00e2t mai mult \u00een \u021bar\u0103.<\/p>\n<p>R\u0103zvan P\u00eerc\u0103l\u0103bescu, directorul general al celei mai importante companii din ap\u0103rare ROMARM sus\u021bine c\u0103 se poate produce \u00een Rom\u00e2nia \u201dtot ce au nevoie\u201d for\u021bele armate. Pe de alt\u0103 parte, el sus\u021bine c\u0103 firmele din domeniul ap\u0103r\u0103rii nu ar fi fost consultate \u0219i nu crede c\u0103 \u201dse va ajunge la rezultatul scontat\u201d.<\/p>\n<p>De cealalt\u0103 parte, Miru\u021b\u0103 acuz\u0103 unele firme c\u0103 au umflat pre\u021bul cu 30% \u00een programul SAFE \u0219i estimeaz\u0103 c\u0103 \u00eentre 50% \u0219i 60% dintre echipamente ar putea fi produse \u00een Rom\u00e2nia.<\/p>\n<p>\u201dIdeea c\u0103 Rom\u00e2nia ar avea peste noaptea \u0219i capacitatea fizic\u0103 de a produce la acest volum, dar \u0219i cuno\u0219tin\u021bele tehnice pentru armament de \u00eenalt\u0103 clas\u0103 cred c\u0103 e u\u0219or populist\u0103\u201d, a comentat consultantul politic Cristian Andrei, directorul Agen\u021biei de Rating Politic.<\/p>\n<p>\u201dAi nevoie nu doar s\u0103 declari o industrie strategic\u0103, cum e cea militar\u0103, dar s\u0103 te \u021bii de planul \u0103sta ni\u0219te zeci de ani. Inclusiv de a investi \u00een inovare unde exist\u0103 expertiz\u0103 \u0219i curaj dar nu sunt tot timpul puse \u00een valoare\u201d, a explicat Andrei pentru Espress.ro.<\/p>\n<p>\u201dMai realist\u0103\u201d este \u201dcondi\u021bionarea de acel transfer de tehnologie sau astfel de lucruri hibride, la pachet cu achizi\u021biile\u201d, a mai spus el.<\/p>\n<p><span>Interese majore<\/span><\/p>\n<p>Dincolo de problemele de implementare a proiectelor, un risc vine \u0219i din partea AUR, care a criticat de la \u00eenceput programul european.\u201dRespingem ideea conform c\u0103reia creditul va fi contractat de Rom\u00e2nia \u00een condi\u021bii a\u0219a-zis avantajoase. Acest credit se va ad\u0103uga la datoria extern\u0103\u201d, a explicat \u00een toamna anului trecut unul dintre liderii partidului Petri\u0219or Peiu, care a cerut guvernului s\u0103 nu accepte suma, al c\u0103rei nivel este \u201dnefiresc de ridicat\u201d.<\/p>\n<p>Tot anul trecut, parlamentarii partidului au votat \u00eempotriva proiectului de lege care permite armatei s\u0103 doboare dronele ce p\u0103trund \u00een spa\u021biul aerian al \u021b\u0103rii, c\u00e2t \u0219i a legii privind desf\u0103\u0219urarea pe timp de pace a misiunilor militare \u00een \u021bar\u0103. Mai mult, AUR a contestat cele dou\u0103 legi privind dronele la CCR, care a respins contesta\u021bia.<\/p>\n<p>De asemenea, mai mul\u021bi membri AUR, printre care unii cu simpatii proruse, au criticat frecvent cre\u0219terea bugetului pentru ap\u0103rare.<\/p>\n<p>Pe 28 aprilie, liderul AUR George Simion a recurs inclusive la amenin\u021b\u0103ri pentru premier \u0219i func\u021bionarii publici care semneaz\u0103 contracte \u00een aceast\u0103 perioad\u0103.\u201d Sunt interese majore, sunt miliarde de euro pe care Rom\u00e2nia le semneaz\u0103 prin primul ministru \u0219i prin mini\u0219trii s\u0103i \u0219i \u00een\u021belegem de ce exist\u0103 aceast\u0103 grij\u0103\u201d, a declarat George Simion, ad\u0103ug\u00e2nd rom\u00e2nii nu au voie s\u0103 beneficieze de contractele de armament \u0219i energie.<\/p>\n<p>El a f\u0103cut apel la Ilie Bolojan s\u0103 \u00eenceteze s\u0103 se aga\u021be de scaun \u0219i \u201ds\u0103 nu semneze \u00een perioada asta niciun contract, nici de armament, nici de energie\u201d.<\/p>\n<p>\u201dFiecare leu\u021b cheltuit va fi controlat \u0219i orice func\u021bionar public din Rom\u00e2nia care \u00ee\u0219i pune semn\u0103tura pe astfel de contracte care nu dau dovad\u0103 de transparen\u021b\u0103 \u0219i pot fi b\u0103nuite de corup\u021bie, va fi tras la r\u0103spundere\u201d, a mai spus el.<\/p>\n<p><span>Modelul Orban<\/span><\/p>\n<p>Printre cei mai \u00eengrijora\u021bi de soarta proiectelor europene se num\u0103r\u0103 eurodeputatul Siegfried Mure\u0219an, apreciind c\u0103 mo\u021biunea de cenzur\u0103 ar putea s\u0103 coste Rom\u00e2nia aproape 50 de miliarde de euro, adic\u0103 banii din SAFE, PNRR \u0219i 20 de miliarde de euro fonduri de coeziune din exerci\u021biul financiar 2021 \u2013 2027.<\/p>\n<p>Banii pentru SAFE \u0219i PNRR vin doar dac\u0103 sunt \u201dimplementate m\u0103surile \u0219i reformele de modernizare agreate de premierul Bolojan cu Comisia European\u0103\u201d, afirm\u0103 eurodeputatul liberal.<\/p>\n<p>O demitere a premierului care a negociat m\u0103surile \u201dpune \u00een real pericol fondurile pentru Rom\u00e2nia\u201d, a declarat mar\u021bi Mure\u0219an.<\/p>\n<p>Lui i se pare c\u0103 \u00een ultimul timp liderii Partidului Social-Democrat s-au inspirat public din modelul de guvernare a lui Victor Orban, reamintind \u00een ce situa\u021bie se afl\u0103 Ungaria cu peste 20 de miliarde de euro blocate din Mecanismul european de redresare \u0219i rezilien\u021b\u0103 \u0219i din fondurile structurale \u0219i de coeziune.\u00a0<\/p>\n<p>Liderul PSD sorin Grindeanu d\u0103 asigur\u0103ri c\u0103 partidul s\u0103u sus\u021bine SAFE \u0219i toat\u0103 agenda proeuropean\u0103.<\/p>\n<p>Consultantul politic Cristian Andrei consider\u0103 c\u0103 pericolul e \u201dmai mare\u201d dac\u0103 va exista o criz\u0103 prelungit\u0103 \u0219i un guvern f\u0103r\u0103 prea multe puteri care s\u0103 nu poat\u0103 duce la cap\u0103t contractarea p\u00e2n\u0103 la 31 mai.<\/p>\n<p>El a precizat pentru Espress.ro c\u0103 momentan exist\u0103 \u201dun minim consens politic\u201d ca proiectele s\u0103 mearg\u0103 mai departe a\u0219a cum au fost negociate.\u00a0\u00cen opinia sa, o alian\u021b\u0103 a PSD cu AUR la guvernare care s\u0103 for\u021beze acum schimb\u0103ri de busol\u0103 strategic\u0103 e \u201dmai pu\u021bin probabil\u0103\u201d, fiind \u201ddoar o sperietoare a PSD \u00een negocierile pentru formarea noului cabinet\u201d.\u00a0PSD \u201dfolose\u0219te AUR pe post de levier pentru a ob\u021bine mai multe lucruri\u201d \u00een negocierile cu PNL \u0219i Nicu\u0219or Dan, spune Andrei.<\/p>\n<p>El crede c\u0103 SAFE \u0219i PNRR ar putea fi modificate, doar dac\u0103 \u00een PSD are loc \u201do preluare ostil\u0103 complet\u0103 de c\u0103tre o tab\u0103r\u0103 pro-AUR\u201d.\u00a0<\/p>\n<p>\u00cens\u0103 doi politicieni importan\u021bi v\u0103d deja o \u201dapropiere\u201d a PSD de AUR, cel pu\u021bin la nivel de limbaj.Deputata Victoria Stoiciu, care \u0219i-a dat demisia din PSD dup\u0103 depunerea mo\u021biunii, remarc\u0103 \u00eens\u0103 cum social-democra\u021bii \u0219i-au asumat limbajul AUR \u00een textul mo\u021biunii: \u201dBirocra\u021bie transna\u021bional\u0103\u201d, \u201dmodel str\u0103in impus\u201d, \u201dRom\u00e2nia tratat\u0103 ca o colonie\u201d, \u201dideologie progresist\u0103 excesiv\u0103\u201d.<\/p>\n<p>\u0218i liderului USR (Renew) Dominic Fritz i-a s\u0103rit \u00een ochi textul mo\u021biunii scris \u201d\u00eentr-o limb\u0103 copiat\u0103 din manualele care circul\u0103 la Moscova\u201d. El spune c\u0103 PSD \u201dcu greu mai poate fi considerat un partid pro-european\u201d dac\u0103 voteaz\u0103 mo\u021biunea de cenzur\u0103.<\/p>\n<\/div>\n<\/div>\n<div class=\"inhype-social-share-fixed sidebar-position-right\">\n<div class=\"post-social-wrapper\">\n<div class=\"post-social-title\"><span class=\"post-social-title-text\">Share<\/span><\/div>\n<\/div>\n<\/div>\n<\/div>\n<p>[analyse_source url=&#8221;https:\/\/ziardesuceava.ro\/ce-efecte-poate-avea-criza-politica-asupra-programului-safe\/&#8221;]<\/p>\n","protected":false},"excerpt":{"rendered":"<p>[analyse_image type=&#8221;featured&#8221; src=&#8221;https:\/\/ziardesuceava.ro\/wp-content\/uploads\/2026\/04\/78465.jpg&#8221;] Luna mai e decisiv\u0103 pentru Rom\u00e2nia \u00een privin\u021ba semn\u0103rii contractelor finan\u021bate prin SAFE. Parte din proiecte au fost aprobate de Parlament, dar riscul c\u0103derii guvernului \u0219i al unei crize prelungite ar putea complica lucrurile. Rom\u00e2nia are un guvern minoritar f\u0103r\u0103 sus\u021binere \u00een Parlament \u0219i ar putea c\u0103dea s\u0103pt\u0103m\u00e2na viitoare, c\u00e2nd e programat [&hellip;]<\/p>\n","protected":false},"author":1,"featured_media":0,"comment_status":"open","ping_status":"","sticky":false,"template":"","format":"standard","meta":{"footnotes":""},"categories":[89],"tags":[226,171],"class_list":["post-1910080","post","type-post","status-publish","format-standard","hentry","category-romania","tag-crawlmanager","tag-ziardesuceava-ro"],"_links":{"self":[{"href":"https:\/\/analyse.optim.biz\/index.php?rest_route=\/wp\/v2\/posts\/1910080","targetHints":{"allow":["GET"]}}],"collection":[{"href":"https:\/\/analyse.optim.biz\/index.php?rest_route=\/wp\/v2\/posts"}],"about":[{"href":"https:\/\/analyse.optim.biz\/index.php?rest_route=\/wp\/v2\/types\/post"}],"author":[{"embeddable":true,"href":"https:\/\/analyse.optim.biz\/index.php?rest_route=\/wp\/v2\/users\/1"}],"replies":[{"embeddable":true,"href":"https:\/\/analyse.optim.biz\/index.php?rest_route=%2Fwp%2Fv2%2Fcomments&post=1910080"}],"version-history":[{"count":0,"href":"https:\/\/analyse.optim.biz\/index.php?rest_route=\/wp\/v2\/posts\/1910080\/revisions"}],"wp:attachment":[{"href":"https:\/\/analyse.optim.biz\/index.php?rest_route=%2Fwp%2Fv2%2Fmedia&parent=1910080"}],"wp:term":[{"taxonomy":"category","embeddable":true,"href":"https:\/\/analyse.optim.biz\/index.php?rest_route=%2Fwp%2Fv2%2Fcategories&post=1910080"},{"taxonomy":"post_tag","embeddable":true,"href":"https:\/\/analyse.optim.biz\/index.php?rest_route=%2Fwp%2Fv2%2Ftags&post=1910080"}],"curies":[{"name":"wp","href":"https:\/\/api.w.org\/{rel}","templated":true}]}}