{"id":1910079,"date":"2026-04-29T14:51:36","date_gmt":"2026-04-29T11:51:36","guid":{"rendered":"https:\/\/analyse.optim.biz\/?p=1910079"},"modified":"2026-04-29T14:51:36","modified_gmt":"2026-04-29T11:51:36","slug":"nica-ii-explica-lui-weber-ca-motiunea-psd-aur-e-despre-bolojan-si-politica-de-austeritate-salbatica","status":"publish","type":"post","link":"https:\/\/analyse.optim.biz\/?p=1910079","title":{"rendered":"Nica \u00eei explic\u0103 lui Weber c\u0103 mo\u021biunea PSD-AUR e despre Bolojan \u0219i politica de austeritate s\u0103lbatic\u0103"},"content":{"rendered":"<p>[analyse_image type=&#8221;featured&#8221; src=&#8221;https:\/\/ziardesuceava.ro\/wp-content\/uploads\/2026\/04\/78477-1024&#215;683.jpg&#8221;]<\/p>\n<div class=\"post-content clearfix\">\n<div class=\"blog-post-thumb\"><img loading=\"lazy\" decoding=\"async\" width=\"1140\" height=\"694\" src=\"https:\/\/ziardesuceava.ro\/wp-content\/uploads\/2026\/04\/78477-1140x694.jpg\" class=\"attachment-inhype-blog-thumb size-inhype-blog-thumb wp-post-image\" alt><\/div>\n<div class=\"entry-content\">\n<div>\n<p class=\"fara-orfani lead\">Contrele \u00eentre sociali\u0219tii \u0219i popularii europeni din cauza mo\u021biunii de cenzur\u0103 AUR-PSD au continuat \u0219i miercuri \u00een plenul Parlamentului European.<\/p>\n<div class=\"continut-articol\">\n<p>Liderul popularilor europeni (PPE) Manfred Weber a \u00eentrebat-o pe pre\u0219edinta sociali\u0219tilor europeni (S&amp;D) Iratxe Garcia care e motivul mo\u021biunii de cenzur\u0103 depus\u0103 de AUR \u0219i PSD, dup\u0103 ce social-democra\u021bii s-au angajat anul trecut \u00eempreun\u0103 cu PNL s\u0103 fac\u0103 reforme.<\/p>\n<p>\u201dDac\u0103 PPE ar face acela\u0219i lucru \u00eempotriva unui premier socialist, s\u0103 pun\u0103 un premier socialist sub semnul \u00eentreb\u0103rii, \u00eempreun\u0103 cu un partid populist de dreapta, \u0219ti\u021bi c\u0103 am avea mii de ini\u021biative \u00een PE\u201d, a remarcat Weber.<\/p>\n<p>El a mai \u00eentrebat-o pe Iraxte Garcia dac\u0103 sociali\u0219tii rom\u00e2ni doresc s\u0103 mearg\u0103 mai departe \u0219i s\u0103 colaboreze \u00een viitor cu extremi\u0219tii de dreapta.<\/p>\n<p>Cei doi au mai avut un schimb de replici de la distan\u021b\u0103 luni \u0219i mar\u021bi, Weber declar\u00e2nd c\u0103 situa\u021bia de la Bucure\u0219ti este \u201ddestul de \u00eengrijor\u0103toare\u201d, \u00een timp ce Garcia i-a ap\u0103rat pe social-democra\u021bii rom\u00e2ni.<\/p>\n<p>Ast\u0103zi, replica a venit din partea liderului sociali\u0219tilor rom\u00e2ni din PE, Dan Nica.<\/p>\n<p>Acesta i-a spus lui Weber c\u0103 mo\u021biunea este despre Ilie Bolojan, care \u201ds-a legat cu lan\u021bul de caloriferul din Palatul Victoria \u0219i refuz\u0103 s\u0103 plece, de\u0219i i s-a retras sprijinul politic\u201d.<\/p>\n<p>Bolojan \u201da dus o politic\u0103 de austeritate s\u0103lbatic\u0103, a dus la s\u0103r\u0103cirea a milioane de rom\u00e2ni, cre\u0219terea \u0219omajului \u0219i o activitate economic\u0103 care a fost supus\u0103 unui mare stres\u201d, a explicat Nica.<\/p>\n<p>\u201dNoi am ales s\u0103-i sus\u021binem pe cei 80% din rom\u00e2ni care spun c\u0103 aceast\u0103 politic\u0103 trebuie s\u0103 \u00eenceteze, iar decizia PSD e clar\u0103: coali\u021bie proeuropean\u0103 sau opozi\u021bie\u201d, a mai spus el.<\/p>\n<p>\u201dDomnule Weber, dvs i-a\u021bi ales pe cei 20%, cred c\u0103 gre\u0219i\u021bi\u201d, a conchis Nica.<\/p>\n<iframe loading=\"lazy\" src=\"https:\/\/www.facebook.com\/plugins\/video.php?height=476&amp;href=https%3A%2F%2Fwww.facebook.com%2Freel%2F935708839291996%2F&amp;show_text=false&amp;width=267&amp;t=0\" width=\"267\" height=\"476\" scrolling=\"no\" frameborder allowfullscreen=\"true\" allow=\"autoplay; clipboard-write; encrypted-media; picture-in-picture; web-share\"><\/iframe>\n<\/div>\n<\/div>\n<\/div>\n<div class=\"inhype-social-share-fixed sidebar-position-right\">\n<div class=\"post-social-wrapper\">\n<div class=\"post-social-title\"><span class=\"post-social-title-text\">Share<\/span><\/div>\n<\/div>\n<\/div>\n<\/div>\n<p>[analyse_source url=&#8221;https:\/\/ziardesuceava.ro\/nica-ii-explica-lui-weber-ca-motiunea-psd-aur-e-despre-bolojan-si-politica-de-austeritate-salbatica\/&#8221;]<\/p>\n","protected":false},"excerpt":{"rendered":"<p>[analyse_image type=&#8221;featured&#8221; src=&#8221;https:\/\/ziardesuceava.ro\/wp-content\/uploads\/2026\/04\/78477-1024&#215;683.jpg&#8221;] Contrele \u00eentre sociali\u0219tii \u0219i popularii europeni din cauza mo\u021biunii de cenzur\u0103 AUR-PSD au continuat \u0219i miercuri \u00een plenul Parlamentului European. Liderul popularilor europeni (PPE) Manfred Weber a \u00eentrebat-o pe pre\u0219edinta sociali\u0219tilor europeni (S&amp;D) Iratxe Garcia care e motivul mo\u021biunii de cenzur\u0103 depus\u0103 de AUR \u0219i PSD, dup\u0103 ce social-democra\u021bii s-au angajat anul [&hellip;]<\/p>\n","protected":false},"author":1,"featured_media":0,"comment_status":"open","ping_status":"","sticky":false,"template":"","format":"standard","meta":{"footnotes":""},"categories":[89],"tags":[226,171],"class_list":["post-1910079","post","type-post","status-publish","format-standard","hentry","category-romania","tag-crawlmanager","tag-ziardesuceava-ro"],"_links":{"self":[{"href":"https:\/\/analyse.optim.biz\/index.php?rest_route=\/wp\/v2\/posts\/1910079","targetHints":{"allow":["GET"]}}],"collection":[{"href":"https:\/\/analyse.optim.biz\/index.php?rest_route=\/wp\/v2\/posts"}],"about":[{"href":"https:\/\/analyse.optim.biz\/index.php?rest_route=\/wp\/v2\/types\/post"}],"author":[{"embeddable":true,"href":"https:\/\/analyse.optim.biz\/index.php?rest_route=\/wp\/v2\/users\/1"}],"replies":[{"embeddable":true,"href":"https:\/\/analyse.optim.biz\/index.php?rest_route=%2Fwp%2Fv2%2Fcomments&post=1910079"}],"version-history":[{"count":0,"href":"https:\/\/analyse.optim.biz\/index.php?rest_route=\/wp\/v2\/posts\/1910079\/revisions"}],"wp:attachment":[{"href":"https:\/\/analyse.optim.biz\/index.php?rest_route=%2Fwp%2Fv2%2Fmedia&parent=1910079"}],"wp:term":[{"taxonomy":"category","embeddable":true,"href":"https:\/\/analyse.optim.biz\/index.php?rest_route=%2Fwp%2Fv2%2Fcategories&post=1910079"},{"taxonomy":"post_tag","embeddable":true,"href":"https:\/\/analyse.optim.biz\/index.php?rest_route=%2Fwp%2Fv2%2Ftags&post=1910079"}],"curies":[{"name":"wp","href":"https:\/\/api.w.org\/{rel}","templated":true}]}}