{"id":1909860,"date":"2026-04-29T14:55:53","date_gmt":"2026-04-29T11:55:53","guid":{"rendered":"https:\/\/analyse.optim.biz\/?p=1909860"},"modified":"2026-04-29T14:55:53","modified_gmt":"2026-04-29T11:55:53","slug":"aquatim-spala-retelele-de-distributie-ce-localitati-sunt-afectate-si-ce-trebuie-sa-stie-consumatorii","status":"publish","type":"post","link":"https:\/\/analyse.optim.biz\/?p=1909860","title":{"rendered":"Aquatim spal\u0103 re\u021belele de distribu\u021bie: ce localit\u0103\u021bi sunt afectate \u0219i ce trebuie s\u0103 \u0219tie consumatorii"},"content":{"rendered":"<p>[analyse_image type=&#8221;featured&#8221; src=&#8221;https:\/\/orasul-timisoara.ro\/wp-content\/uploads\/2023\/08\/apa-de-baut.jpg&#8221;]<\/p>\n<article id=\"post-38492\" class=\"td-post-template-7 post-38492 post type-post status-publish format-standard has-post-thumbnail category-featured category-investitii-in-timisoara category-stiri-timisoara tag-alimentare-apa tag-apa-tulbure-2 tag-aquatim tag-bethausen tag-distributie-apa tag-lucrari-retea tag-mentenanta-retea-2 tag-presiune-apa tag-timis td-container-wrap\">\n<div class=\"td-full-screen-header-image-wrap\">\n<div class=\"td-container td-post-header\">\n<div class=\"td-crumb-container\">\n<div class=\"entry-crumbs\"><span><a title=\"Vede\u021bi toate articolele \u00een Investitii in Timisoara\" class=\"entry-crumb\" href=\"https:\/\/orasul-timisoara.ro\/local-category\/investitii-in-timisoara\/\">Investitii in Timisoara<\/a><\/span><span class=\"td-bred-no-url-last\">Aquatim spal\u0103 re\u021belele de distribu\u021bie: ce localit\u0103\u021bi sunt afectate \u0219i ce trebuie&#8230;<\/span><\/div>\n<\/div>\n<div class=\"td-post-header-holder\">\n<div class=\"td-parallax-header\">\n<header class=\"td-post-title\">\n<ul class=\"td-category\">\n<li class=\"entry-category\"><a href=\"https:\/\/orasul-timisoara.ro\/local-category\/investitii-in-timisoara\/\">Investitii in Timisoara<\/a><\/li>\n<li class=\"entry-category\"><a href=\"https:\/\/orasul-timisoara.ro\/local-category\/stiri-timisoara\/\">\u0218tiri Locale<\/a><\/li>\n<\/ul>\n<h1 class=\"entry-title\">Aquatim spal\u0103 re\u021belele de distribu\u021bie: ce localit\u0103\u021bi sunt afectate \u0219i ce trebuie s\u0103 \u0219tie consumatorii<\/h1>\n<div class=\"td-module-meta-info\">\n<div class=\"td-post-author-name\">\n<div class=\"td-author-by\">De c\u0103tre<\/div>\n<p><a href=\"https:\/\/orasul-timisoara.ro\/author\/timisoara\/\">redactia<\/a><\/p>\n<div class=\"td-author-line\"> &#8211; <\/div>\n<\/div>\n<p><span class=\"td-post-date\"><time class=\"entry-date updated td-module-date\" datetime=\"2026-04-29T17:55:53+03:00\">29\/04\/2026<\/time><\/span><\/div>\n<\/header>\n<\/div>\n<\/div>\n<\/div>\n<div id=\"td-full-screen-header-image\" class=\"td-image-gradient-style7\"><img decoding=\"async\" class=\"td-backstretch\" src=\"https:\/\/orasul-timisoara.ro\/wp-content\/uploads\/2023\/08\/apa-de-baut.jpg\"><\/div>\n<\/div>\n<div class=\"td-container\">\n<div class=\"td-pb-row\">\n<div class=\"td-pb-span8 td-main-content\" role=\"main\">\n<div class=\"td-ss-main-content\">\n<div class=\"td-post-sharing-top\">\n<div class=\"td-post-sharing-classic\"><iframe title=\"topFacebookLike\" frameborder src=\"https:\/\/www.facebook.com\/plugins\/like.php?href=https:\/\/orasul-timisoara.ro\/local-38492\/&amp;layout=button_count&amp;show_faces=false&amp;width=105&amp;action=like&amp;colorscheme=light&amp;height=21\"><\/iframe><\/div>\n<div id=\"td_social_sharing_article_top\" class=\"td-post-sharing td-ps-bg td-ps-notext td-post-sharing-style1 \">\n<div class=\"td-post-sharing-visible\"><a class=\"td-social-sharing-button td-social-sharing-button-js td-social-network td-social-facebook\" href=\"https:\/\/www.facebook.com\/sharer.php?u=https%3A%2F%2Forasul-timisoara.ro%2Flocal-38492%2F\" title=\"Facebook\"><\/p>\n<div class=\"td-social-but-text\">Facebook<\/div>\n<p><\/a><a class=\"td-social-sharing-button td-social-sharing-button-js td-social-network td-social-twitter\" href=\"https:\/\/twitter.com\/intent\/tweet?text=Aquatim+spal%C4%83+re%C8%9Belele+de+distribu%C8%9Bie%3A+ce+localit%C4%83%C8%9Bi+sunt+afectate+%C8%99i+ce+trebuie+s%C4%83+%C8%99tie+consumatorii&amp;url=https%3A%2F%2Forasul-timisoara.ro%2Flocal-38492%2F&amp;via=orasultm\" title=\"Twitter\"><\/p>\n<div class=\"td-social-but-text\">Twitter<\/div>\n<p><\/a><a class=\"td-social-sharing-button td-social-sharing-button-js td-social-network td-social-whatsapp\" href=\"https:\/\/api.whatsapp.com\/send?text=Aquatim+spal%C4%83+re%C8%9Belele+de+distribu%C8%9Bie%3A+ce+localit%C4%83%C8%9Bi+sunt+afectate+%C8%99i+ce+trebuie+s%C4%83+%C8%99tie+consumatorii%20%0A%0A%20https:\/\/orasul-timisoara.ro\/local-38492\/\" title=\"WhatsApp\"><\/p>\n<div class=\"td-social-but-text\">WhatsApp<\/div>\n<p><\/a><a class=\"td-social-sharing-button td-social-sharing-button-js td-social-network td-social-linkedin\" href=\"https:\/\/www.linkedin.com\/shareArticle?mini=true&amp;url=https:\/\/orasul-timisoara.ro\/local-38492\/&amp;title=Aquatim+spal%C4%83+re%C8%9Belele+de+distribu%C8%9Bie%3A+ce+localit%C4%83%C8%9Bi+sunt+afectate+%C8%99i+ce+trebuie+s%C4%83+%C8%99tie+consumatorii\" title=\"Linkedin\"><\/p>\n<div class=\"td-social-but-text\">Linkedin<\/div>\n<p><\/a><a class=\"td-social-sharing-button td-social-sharing-button-js td-social-network td-social-reddit\" href=\"https:\/\/reddit.com\/submit?url=https:\/\/orasul-timisoara.ro\/local-38492\/&amp;title=Aquatim+spal%C4%83+re%C8%9Belele+de+distribu%C8%9Bie%3A+ce+localit%C4%83%C8%9Bi+sunt+afectate+%C8%99i+ce+trebuie+s%C4%83+%C8%99tie+consumatorii\" title=\"ReddIt\"><\/p>\n<div class=\"td-social-but-text\">ReddIt<\/div>\n<p><\/a><a class=\"td-social-sharing-button td-social-sharing-button-js td-social-network td-social-mail\" href=\"mailto:?subject=Aquatim%20spal%C4%83%20re%C8%9Belele%20de%20distribu%C8%9Bie:%20ce%20localit%C4%83%C8%9Bi%20sunt%20afectate%20%C8%99i%20ce%20trebuie%20s%C4%83%20%C8%99tie%20consumatorii&amp;body=https:\/\/orasul-timisoara.ro\/local-38492\/\" title=\"Email\"><\/p>\n<div class=\"td-social-but-text\">Email<\/div>\n<p><\/a><a class=\"td-social-sharing-button td-social-sharing-button-js td-social-network td-social-print\" href=\"https:\/\/orasul-timisoara.ro\/local-38492\/\" title=\"Imprimare\"><\/p>\n<div class=\"td-social-but-text\">Imprimare<\/div>\n<p><\/a><\/div>\n<\/div>\n<\/div>\n<div class=\"td-post-content tagdiv-type\">\n<p>Locuitorii din mai multe localit\u0103\u021bi din jude\u021bul Timi\u0219 vor resim\u021bi joi, 30 aprilie, o sc\u0103dere a presiunii apei la robinete, ca urmare a unor lucr\u0103ri programate de \u00eentre\u021binere a re\u021belei de distribu\u021bie. Interven\u021bia este anun\u021bat\u0103 de operatorul regional de ap\u0103 \u0219i canalizare Aquatim \u0219i se va desf\u0103\u0219ura \u00een intervalul orar 9:00 \u2013 14:00.<\/p>\n<p>Potrivit companiei, vor fi afectate localit\u0103\u021bile Bethausen, Leucu\u0219e\u0219ti, Cladova \u0219i Cutina, unde echipele tehnice vor efectua opera\u021biuni de sp\u0103lare a conductelor. Aceste lucr\u0103ri fac parte din programul periodic de mentenan\u021b\u0103 preventiv\u0103 \u0219i au rolul de a men\u021bine calitatea apei potabile la standarde corespunz\u0103toare.<\/p>\n<p>Sp\u0103larea re\u021belelor de distribu\u021bie este o procedur\u0103 tehnic\u0103 esen\u021bial\u0103, utilizat\u0103 pentru \u00eendep\u0103rtarea depunerilor acumulate \u00een timp pe interiorul conductelor. Astfel de interven\u021bii contribuie la prevenirea problemelor legate de calitatea apei \u0219i la func\u021bionarea eficient\u0103 a \u00eentregului sistem de alimentare.<\/p>\n<p>Reprezentan\u021bii Aquatim atrag aten\u021bia c\u0103, dup\u0103 finalizarea lucr\u0103rilor \u0219i revenirea la parametrii normali de func\u021bionare, este posibil ca apa de la robinet s\u0103 prezinte temporar un aspect tulbure. Acest fenomen este cauzat de antrenarea particulelor depuse \u00een re\u021bea \u0219i, de regul\u0103, dispare \u00eentr-un timp scurt.<\/p>\n<p>Consumatorii sunt sf\u0103tui\u021bi s\u0103 evite utilizarea apei \u00een scopuri menajere imediat dup\u0103 reluarea aliment\u0103rii, p\u00e2n\u0103 c\u00e2nd aceasta devine complet limpede. De asemenea, este recomandat\u0103 l\u0103sarea apei s\u0103 curg\u0103 c\u00e2teva minute pentru eliminarea eventualelor impurit\u0103\u021bi.<\/p>\n<p>Aceste lucr\u0103ri programate reflect\u0103 eforturile operatorului de a asigura servicii de calitate \u0219i de a preveni eventuale disfunc\u021bionalit\u0103\u021bi \u00een re\u021beaua de distribu\u021bie a apei potabile din jude\u021b.<\/p>\n<\/div>\n<footer>\n<div class=\"td-post-source-tags\">\n<ul class=\"td-tags td-post-small-box clearfix\">\n<li><span>ETICHETE<\/span><\/li>\n<li><a href=\"https:\/\/orasul-timisoara.ro\/local-tag\/alimentare-apa\/\">alimentare apa<\/a><\/li>\n<li><a href=\"https:\/\/orasul-timisoara.ro\/local-tag\/apa-tulbure-2\/\">apa tulbure<\/a><\/li>\n<li><a href=\"https:\/\/orasul-timisoara.ro\/local-tag\/aquatim\/\">aquatim<\/a><\/li>\n<li><a href=\"https:\/\/orasul-timisoara.ro\/local-tag\/bethausen\/\">bethausen<\/a><\/li>\n<li><a href=\"https:\/\/orasul-timisoara.ro\/local-tag\/distributie-apa\/\">distributie apa<\/a><\/li>\n<li><a href=\"https:\/\/orasul-timisoara.ro\/local-tag\/lucrari-retea\/\">lucrari retea<\/a><\/li>\n<li><a href=\"https:\/\/orasul-timisoara.ro\/local-tag\/mentenanta-retea-2\/\">mentenanta retea<\/a><\/li>\n<li><a href=\"https:\/\/orasul-timisoara.ro\/local-tag\/presiune-apa\/\">presiune apa<\/a><\/li>\n<li><a href=\"https:\/\/orasul-timisoara.ro\/local-tag\/timis\/\">timis<\/a><\/li>\n<\/ul>\n<\/div>\n<div class=\"td-post-sharing-bottom\">\n<div class=\"td-post-sharing-classic\"><iframe title=\"bottomFacebookLike\" frameborder src=\"https:\/\/www.facebook.com\/plugins\/like.php?href=https:\/\/orasul-timisoara.ro\/local-38492\/&amp;layout=button_count&amp;show_faces=false&amp;width=105&amp;action=like&amp;colorscheme=light&amp;height=21\"><\/iframe><\/div>\n<div id=\"td_social_sharing_article_bottom\" class=\"td-post-sharing td-ps-bg td-ps-notext td-post-sharing-style1 \">\n<div class=\"td-post-sharing-visible\"><a class=\"td-social-sharing-button td-social-sharing-button-js td-social-network td-social-facebook\" href=\"https:\/\/www.facebook.com\/sharer.php?u=https%3A%2F%2Forasul-timisoara.ro%2Flocal-38492%2F\" title=\"Facebook\"><\/p>\n<div class=\"td-social-but-text\">Facebook<\/div>\n<p><\/a><a class=\"td-social-sharing-button td-social-sharing-button-js td-social-network td-social-twitter\" href=\"https:\/\/twitter.com\/intent\/tweet?text=Aquatim+spal%C4%83+re%C8%9Belele+de+distribu%C8%9Bie%3A+ce+localit%C4%83%C8%9Bi+sunt+afectate+%C8%99i+ce+trebuie+s%C4%83+%C8%99tie+consumatorii&amp;url=https%3A%2F%2Forasul-timisoara.ro%2Flocal-38492%2F&amp;via=orasultm\" title=\"Twitter\"><\/p>\n<div class=\"td-social-but-text\">Twitter<\/div>\n<p><\/a><a class=\"td-social-sharing-button td-social-sharing-button-js td-social-network td-social-whatsapp\" href=\"https:\/\/api.whatsapp.com\/send?text=Aquatim+spal%C4%83+re%C8%9Belele+de+distribu%C8%9Bie%3A+ce+localit%C4%83%C8%9Bi+sunt+afectate+%C8%99i+ce+trebuie+s%C4%83+%C8%99tie+consumatorii%20%0A%0A%20https:\/\/orasul-timisoara.ro\/local-38492\/\" title=\"WhatsApp\"><\/p>\n<div class=\"td-social-but-text\">WhatsApp<\/div>\n<p><\/a><a class=\"td-social-sharing-button td-social-sharing-button-js td-social-network td-social-linkedin\" href=\"https:\/\/www.linkedin.com\/shareArticle?mini=true&amp;url=https:\/\/orasul-timisoara.ro\/local-38492\/&amp;title=Aquatim+spal%C4%83+re%C8%9Belele+de+distribu%C8%9Bie%3A+ce+localit%C4%83%C8%9Bi+sunt+afectate+%C8%99i+ce+trebuie+s%C4%83+%C8%99tie+consumatorii\" title=\"Linkedin\"><\/p>\n<div class=\"td-social-but-text\">Linkedin<\/div>\n<p><\/a><a class=\"td-social-sharing-button td-social-sharing-button-js td-social-network td-social-reddit\" href=\"https:\/\/reddit.com\/submit?url=https:\/\/orasul-timisoara.ro\/local-38492\/&amp;title=Aquatim+spal%C4%83+re%C8%9Belele+de+distribu%C8%9Bie%3A+ce+localit%C4%83%C8%9Bi+sunt+afectate+%C8%99i+ce+trebuie+s%C4%83+%C8%99tie+consumatorii\" title=\"ReddIt\"><\/p>\n<div class=\"td-social-but-text\">ReddIt<\/div>\n<p><\/a><a class=\"td-social-sharing-button td-social-sharing-button-js td-social-network td-social-mail\" href=\"mailto:?subject=Aquatim%20spal%C4%83%20re%C8%9Belele%20de%20distribu%C8%9Bie:%20ce%20localit%C4%83%C8%9Bi%20sunt%20afectate%20%C8%99i%20ce%20trebuie%20s%C4%83%20%C8%99tie%20consumatorii&amp;body=https:\/\/orasul-timisoara.ro\/local-38492\/\" title=\"Email\"><\/p>\n<div class=\"td-social-but-text\">Email<\/div>\n<p><\/a><a class=\"td-social-sharing-button td-social-sharing-button-js td-social-network td-social-print\" href=\"https:\/\/orasul-timisoara.ro\/local-38492\/\" title=\"Imprimare\"><\/p>\n<div class=\"td-social-but-text\">Imprimare<\/div>\n<p><\/a><\/div>\n<\/div>\n<\/div>\n<div class=\"td-block-row td-post-next-prev\">\n<div class=\"td-block-span6 td-post-prev-post\">\n<div class=\"td-post-next-prev-content\"><span>Articolul precedent<\/span><a href=\"https:\/\/orasul-timisoara.ro\/local-38488\/\">Stagiune estival\u0103 \u00een Parcul Rozelor: teatru, oper\u0103, film \u0219i Alphaville la Timi\u0219oara<\/a><\/div>\n<\/div>\n<div class=\"td-block-span6 td-post-next-post\">\n<div class=\"td-post-next-prev-content\"><span>Articolul urm\u0103tor<\/span><a href=\"https:\/\/orasul-timisoara.ro\/local-38494\/\">Start de sezon \u00een for\u021b\u0103 pentru cicli\u0219tii de la C.S. Tibiscus Timi\u0219oara<\/a><\/div>\n<\/div>\n<\/div>\n<div class=\"td-author-name vcard author\"><span class=\"fn\"><a href=\"https:\/\/orasul-timisoara.ro\/author\/timisoara\/\">redactia<\/a><\/span><\/div>\n<p><span class=\"td-page-meta\"><\/span><span class=\"td-page-meta\"><span class=\"td-page-meta\"><\/span><\/span><span class=\"td-page-meta\"><\/span><\/footer>\n<div class=\"td_block_wrap td_block_related_posts tdi_3 td_with_ajax_pagination td-pb-border-top td_block_template_8\" data-td-block-uid=\"tdi_3\">\n<h4 class=\"td-related-title td-block-title\"><a id=\"tdi_4\" class=\"td-related-left td-cur-simple-item\" data-td_filter_value data-td_block_id=\"tdi_3\" href=\"https:\/\/orasul-timisoara.ro\/local-38492\/\">ARTICOLE SIMILARE<\/a><a id=\"tdi_5\" class=\"td-related-right\" data-td_filter_value=\"td_related_more_from_author\" data-td_block_id=\"tdi_3\" href=\"https:\/\/orasul-timisoara.ro\/local-38492\/\">DE LA ACELA\u0218I AUTOR<\/a><\/h4>\n<div id=\"tdi_3\" class=\"td_block_inner\">\n<div class=\"td-related-row\">\n<div class=\"td-related-span4\">\n<div class=\"td_module_related_posts td-animation-stack td_mod_related_posts\">\n<div class=\"td-module-image\">\n<div class=\"td-module-thumb\"><a href=\"https:\/\/orasul-timisoara.ro\/local-38480\/\" rel=\"bookmark\" class=\"td-image-wrap \" title=\"\u00centreruperi de ap\u0103 \u00een P\u0103dureni \u0219i Satchinez: lucr\u0103ri programate anun\u021bate de Aquatim\"><img loading=\"lazy\" decoding=\"async\" class=\"entry-thumb\" src=\"https:\/\/orasul-timisoara.ro\/wp-content\/uploads\/2025\/09\/apa-imbuteliata-raft-magazin-436x300.jpg\" alt title=\"\u00centreruperi de ap\u0103 \u00een P\u0103dureni \u0219i Satchinez: lucr\u0103ri programate anun\u021bate de Aquatim\" width=\"218\" height=\"150\"><\/a><\/div>\n<\/div>\n<div class=\"item-details\">\n<h3 class=\"entry-title td-module-title\"><a href=\"https:\/\/orasul-timisoara.ro\/local-38480\/\" rel=\"bookmark\" title=\"\u00centreruperi de ap\u0103 \u00een P\u0103dureni \u0219i Satchinez: lucr\u0103ri programate anun\u021bate de Aquatim\">\u00centreruperi de ap\u0103 \u00een P\u0103dureni \u0219i Satchinez: lucr\u0103ri programate anun\u021bate de Aquatim<\/a><\/h3>\n<\/div>\n<\/div>\n<\/div>\n<div class=\"td-related-span4\">\n<div class=\"td_module_related_posts td-animation-stack td_mod_related_posts\">\n<div class=\"td-module-image\">\n<div class=\"td-module-thumb\"><a href=\"https:\/\/orasul-timisoara.ro\/local-38388\/\" rel=\"bookmark\" class=\"td-image-wrap \" title=\"\u00centreruperi de ap\u0103 \u0219i presiune sc\u0103zut\u0103 \u00een Timi\u0219: programul lucr\u0103rilor Aquatim din 27\u201330 aprilie\"><img loading=\"lazy\" decoding=\"async\" class=\"entry-thumb\" src=\"https:\/\/orasul-timisoara.ro\/wp-content\/uploads\/2026\/04\/pa-sat-picatura-436x300.jpg\" alt title=\"\u00centreruperi de ap\u0103 \u0219i presiune sc\u0103zut\u0103 \u00een Timi\u0219: programul lucr\u0103rilor Aquatim din 27\u201330 aprilie\" width=\"218\" height=\"150\"><\/a><\/div>\n<\/div>\n<div class=\"item-details\">\n<h3 class=\"entry-title td-module-title\"><a href=\"https:\/\/orasul-timisoara.ro\/local-38388\/\" rel=\"bookmark\" title=\"\u00centreruperi de ap\u0103 \u0219i presiune sc\u0103zut\u0103 \u00een Timi\u0219: programul lucr\u0103rilor Aquatim din 27\u201330 aprilie\">\u00centreruperi de ap\u0103 \u0219i presiune sc\u0103zut\u0103 \u00een Timi\u0219: programul lucr\u0103rilor Aquatim din 27\u201330 aprilie<\/a><\/h3>\n<\/div>\n<\/div>\n<\/div>\n<div class=\"td-related-span4\">\n<div class=\"td_module_related_posts td-animation-stack td_mod_related_posts\">\n<div class=\"td-module-image\">\n<div class=\"td-module-thumb\"><a href=\"https:\/\/orasul-timisoara.ro\/local-38357\/\" rel=\"bookmark\" class=\"td-image-wrap \" title=\"Aquatim extinde montarea contoarelor inteligente \u00een Timi\u0219oara: noi str\u0103zi vizate\"><img loading=\"lazy\" decoding=\"async\" class=\"entry-thumb\" src=\"https:\/\/orasul-timisoara.ro\/wp-content\/uploads\/2026\/03\/aquatim-contoare-inteligente-436x300.jpg\" alt title=\"Aquatim extinde montarea contoarelor inteligente \u00een Timi\u0219oara: noi str\u0103zi vizate\" width=\"218\" height=\"150\"><\/a><\/div>\n<\/div>\n<div class=\"item-details\">\n<h3 class=\"entry-title td-module-title\"><a href=\"https:\/\/orasul-timisoara.ro\/local-38357\/\" rel=\"bookmark\" title=\"Aquatim extinde montarea contoarelor inteligente \u00een Timi\u0219oara: noi str\u0103zi vizate\">Aquatim extinde montarea contoarelor inteligente \u00een Timi\u0219oara: noi str\u0103zi vizate<\/a><\/h3>\n<\/div>\n<\/div>\n<\/div>\n<\/div>\n<\/div>\n<\/div>\n<div class=\"comments\" id=\"comments\">\n<div id=\"respond\" class=\"comment-respond\">\n<h3 id=\"reply-title\" class=\"comment-reply-title\">L\u0102SA\u021aI UN MESAJ<\/h3>\n<div class=\"comment-form-input-wrap td-form-comment\">\n<div class=\"td-warning-comment\">V\u0103 rug\u0103m s\u0103 introduce\u021bi comentariul dvs.!<\/div>\n<\/div>\n<div class=\"comment-form-input-wrap td-form-author\">\n<div class=\"td-warning-author\">Introduce\u021bi aici numele dvs.<\/div>\n<\/div>\n<div class=\"comment-form-input-wrap td-form-email\">\n<div class=\"td-warning-email-error\">A\u021bi introdus o adres\u0103 de e-mail incorect\u0103!<\/div>\n<div class=\"td-warning-email\">V\u0103 rug\u0103m s\u0103 introduce\u021bi adresa dvs. de e-mail aici<\/div>\n<\/div>\n<\/div>\n<p class=\"akismet_comment_form_privacy_notice\">Acest site folose\u0219te Akismet pentru a reduce spamul. <a href=\"https:\/\/akismet.com\/privacy\/\" target=\"_blank\" rel=\"nofollow noopener\">Afl\u0103 cum sunt procesate datele comentariilor tale<\/a>.<\/p>\n<\/div>\n<\/div>\n<\/div>\n<div class=\"td-pb-span4 td-main-sidebar\" role=\"complementary\">\n<div class=\"td-ss-main-sidebar\">\n<aside id=\"block-4\" class=\"td_block_template_8 widget block-4 widget_block widget_media_image\">\n<figure class=\"wp-block-image size-full\"><img loading=\"lazy\" decoding=\"async\" width=\"336\" height=\"280\" src=\"https:\/\/orasul-timisoara.ro\/wp-content\/uploads\/2024\/11\/ReTIM-Abonamentul-Verde-Google-Ads-336x280px.gif\" alt class=\"wp-image-29257\"><\/figure>\n<\/aside>\n<div class=\"td_block_wrap td_block_social_counter td_block_widget tdi_6 td-social-style5 td-social-boxed td-pb-border-top td_block_template_8\">\n<div class=\"td-block-title-wrap\">\n<h4 class=\"td-block-title\"><span>Urm\u0103re\u0219te-ne pe Social Media<\/span><\/h4>\n<\/div>\n<div class=\"td-social-list\">\n<div class=\"td_social_type td-pb-margin-side td_social_facebook\">\n<div class=\"td-social-box\"><span class=\"td_social_info td_social_info_counter\">344,595<\/span><span class=\"td_social_info td_social_info_name\">Fani<\/span><span class=\"td_social_button\"><a href=\"https:\/\/www.facebook.com\/247timisoara\" target=\"_blank\" rel=\"nofollow\">\u00cemi place<\/a><\/span><\/div>\n<\/div>\n<div class=\"td_social_type td-pb-margin-side td_social_instagram\">\n<div class=\"td-social-box\"><span class=\"td_social_info td_social_info_counter\">4,416<\/span><span class=\"td_social_info td_social_info_name\">Cititori<\/span><span class=\"td_social_button\"><a href=\"https:\/\/instagram.com\/orasultimisoararo\/\" target=\"_blank\" rel=\"nofollow\">Conecta\u021bi-v\u0103<\/a><\/span><\/div>\n<\/div>\n<div class=\"td_social_type td-pb-margin-side td_social_rss\">\n<div class=\"td-social-box\"><span class=\"td_social_info td_social_info_counter\">12,506<\/span><span class=\"td_social_info td_social_info_name\">Cititori<\/span><span class=\"td_social_button\"><a href=\"https:\/\/orasul-timisoara.ro\/feed\/\" target=\"_blank\" rel=\"nofollow\">Conecta\u021bi-v\u0103<\/a><\/span><\/div>\n<\/div>\n<div class=\"td_social_type td-pb-margin-side td_social_tiktok\">\n<div class=\"td-social-box\"><span class=\"td_social_info td_social_info_counter\">1,500<\/span><span class=\"td_social_info td_social_info_name\">Cititori<\/span><span class=\"td_social_button\"><a href=\"https:\/\/www.tiktok.com\/@orasultimisoara\" target=\"_blank\" rel=\"nofollow\">Conecta\u021bi-v\u0103<\/a><\/span><\/div>\n<\/div>\n<div class=\"td_social_type td-pb-margin-side td_social_twitter\">\n<div class=\"td-social-box\"><span class=\"td_social_info td_social_info_counter\">1,595<\/span><span class=\"td_social_info td_social_info_name\">Cititori<\/span><span class=\"td_social_button\"><a href=\"https:\/\/twitter.com\/orasultm\" target=\"_blank\" rel=\"nofollow\">Conecta\u021bi-v\u0103<\/a><\/span><\/div>\n<\/div>\n<div class=\"td_social_type td-pb-margin-side td_social_youtube\">\n<div class=\"td-social-box\"><span class=\"td_social_info td_social_info_counter\">3,506<\/span><span class=\"td_social_info td_social_info_name\">Abona\u021bi<\/span><span class=\"td_social_button\"><a href=\"https:\/\/www.youtube.com\/channel\/UCQNsQvs2XCSIm1Z-AHRturw?sub_confirmation=1\" target=\"_blank\" rel=\"nofollow\">Abona\u021bi-v\u0103<\/a><\/span><\/div>\n<\/div>\n<\/div>\n<\/div>\n<aside id=\"text-7\" class=\"td_block_template_8 widget text-7 widget_text\">\n<h4 class=\"td-block-title\"><span>C\u0103ut\u0103ri populare pe OTM<\/span><\/h4>\n<div class=\"textwidget\"><a href=\"https:\/\/orasul-timisoara.ro\/?s=timisoara\"><span>Timisoara<\/span><\/a><a href=\"https:\/\/orasul-timisoara.ro\/?s=calin+dobra\"><span>Calin Dobra<\/span><\/a><a href=\"https:\/\/orasul-timisoara.ro\/?s=primaria+timisoara\"><span>Primaria Timisoara<\/span><\/a><a href=\"https:\/\/orasul-timisoara.ro\/?s=dominic+fritz\"><span>Dominic Fritz<\/span><\/a><a href=\"https:\/\/orasul-timisoara.ro\/?s=nicolae+robu\"><span>Nicolae Robu<\/span><\/a><a href=\"https:\/\/orasul-timisoara.ro\/?s=consiliul+local+timisoara\">Consiliul Local Timisoara<\/a><a href=\"https:\/\/orasul-timisoara.ro\/?s=consiliul+judetean+timis\"><span>Consiliul Judetean Timis<\/span><\/a><a href=\"https:\/\/orasul-timisoara.ro\/?s=cjt\"><span>CJT<\/span><\/a><a href=\"https:\/\/orasul-timisoara.ro\/?s=Alfred+Simonis\"><span>Alfred Simonis<\/span><\/a><a href=\"https:\/\/orasul-timisoara.ro\/?s=PNL\"><span>PNL<\/span><\/a><a href=\"https:\/\/orasul-timisoara.ro\/?s=coronavirus\"><span>coronavirus<\/span><\/a><a href=\"https:\/\/orasul-timisoara.ro\/?s=teatru+timisoara\">teatru Timisoara<\/a><a href=\"https:\/\/orasul-timisoara.ro\/?s=restaurante\"><span>restaurante Timisoara<\/span><\/a><a href=\"https:\/\/orasul-timisoara.ro\/?s=diskoteka\"><span>Diskoteka<\/span><\/a><a href=\"https:\/\/orasul-timisoara.ro\/?s=iulius+town\"><span>Iulius Town<\/span><\/a><a href=\"https:\/\/orasul-timisoara.ro\/?s=iulius+mall\"><span>Iulius Mall<\/span><\/a><a href=\"https:\/\/orasul-timisoara.ro\/?s=stpt\"><span>STPT<\/span><\/a><a href=\"https:\/\/orasul-timisoara.ro\/?s=alin+nica\"><span>Alin Nica<\/span><\/a><a href=\"https:\/\/orasul-timisoara.ro\/?s=psd\"><span>PSD<\/span><\/a><a href=\"https:\/\/orasul-timisoara.ro\/?s=aeroport\"><span>Aeroportul International Timisoara<\/span><\/a><a href=\"https:\/\/orasul-timisoara.ro\/?s=babes\"><span>Spitalul Victor Babes Timisoara<\/span><\/a><a href=\"https:\/\/orasul-timisoara.ro\/?s=poli\"><span>Poli Timi\u0219oara<\/span><\/a><a href=\"https:\/\/orasul-timisoara.ro\/?s=carantina\"><span>carantina<\/span><\/a><a href=\"https:\/\/orasul-timisoara.ro\/?s=aquatim\"><span>Aquatim<\/span><\/a><a href=\"https:\/\/orasul-timisoara.ro\/local-category\/stiri-timisoara\/\"><span>Stiri Timisoara<\/span><\/a><a href=\"https:\/\/orasul-timisoara.ro\/local-category\/investitii-in-timisoara\/\"><span>Investi\u021bii in Timi\u0219oara<\/span><\/a><a href=\"https:\/\/orasul-timisoara.ro\/local-9463\/\"><span>shaorma<\/span><\/a><a href=\"https:\/\/orasul-timisoara.ro\/?s=trafic\"><span>trafic rutier<\/span><\/a><a href=\"https:\/\/orasul-timisoara.ro\/?s=politia\"><span>politia locala timisoara<\/span><\/a><a href=\"https:\/\/orasul-timisoara.ro\/?s=roxana\"><span>Roxana Iliescu<\/span><\/a><a href=\"https:\/\/orasul-timisoara.ro\/?s=colterm\"><span>Colterm<\/span><\/a><a href=\"https:\/\/orasul-timisoara.ro\/?s=latcau\"><span>Ruben La\u021bc\u0103u<\/span><\/a><a href=\"https:\/\/orasul-timisoara.ro\/?s=timis\"><span>\u0218tiri din Timi\u0219<\/span><\/a><a href=\"https:\/\/orasul-timisoara.ro\/?s=spital\"><span>Spitale din Timi\u0219oara<\/span><\/a><a href=\"https:\/\/orasul-timisoara.ro\/?s=tabara\"><span>Cosmin Tab\u0103r\u0103<\/span><\/a><\/div>\n<\/aside>\n<aside id=\"rss-2\" class=\"td_block_template_8 widget rss-2 widget_rss\">\n<h4 class=\"td-block-title\"><span><a class=\"rsswidget rss-widget-feed\" href=\"https:\/\/fashionfridays.ro\/feed\"><img decoding=\"async\" class=\"rss-widget-icon\" width=\"14\" height=\"14\" src=\"https:\/\/orasul-timisoara.ro\/wp-includes\/images\/rss.png\" alt=\"RSS\" loading=\"lazy\"><\/a><a class=\"rsswidget rss-widget-title\" href=\"https:\/\/fashionfridays.ro\/\">Fashion Fridays<\/a><\/span><\/h4>\n<ul>\n<li><a class=\"rsswidget\" href=\"https:\/\/fashionfridays.ro\/romania-devine-a-29-a-piata-vogue-o-noua-era-pentru-industria-locala-de-moda\/\">Rom\u00e2nia devine a 29-a pia\u021b\u0103 Vogue: o nou\u0103 er\u0103 pentru industria local\u0103 de mod\u0103<\/a>\n<div class=\"rssSummary\">Revista Vogue \u00ee\u0219i extinde prezen\u021ba global\u0103 \u0219i va fi lansat\u0103 oficial \u00een Rom\u00e2nia \u00een prim\u0103vara anului 2027, marc\u00e2nd intrarea pe cea de-a 29-a pia\u021b\u0103 interna\u021bional\u0103. Proiectul este realizat \u00een parteneriat cu AEMME Publishing, o companie media recent \u00eenfiin\u021bat\u0103, care va publica edi\u021bia local\u0103 sub licen\u021b\u0103. Noua edi\u021bie, Vogue Rom\u00e2nia, \u00ee\u0219i propune s\u0103 combine autoritatea global\u0103 [\u2026]<\/div>\n<\/li>\n<\/ul>\n<\/aside>\n<aside id=\"rss-4\" class=\"td_block_template_8 widget rss-4 widget_rss\">\n<h4 class=\"td-block-title\"><span><a class=\"rsswidget rss-widget-feed\" href=\"https:\/\/emasini.ro\/feed\"><img decoding=\"async\" class=\"rss-widget-icon\" width=\"14\" height=\"14\" src=\"https:\/\/orasul-timisoara.ro\/wp-includes\/images\/rss.png\" alt=\"RSS\" loading=\"lazy\"><\/a><a class=\"rsswidget rss-widget-title\" href=\"https:\/\/emasini.ro\/\">eMasini<\/a><\/span><\/h4>\n<ul>\n<li><a class=\"rsswidget\" href=\"https:\/\/emasini.ro\/traficul-rutier-sub-analiza-recensamant-national-pentru-modernizarea-infrastructurii\/\">Traficul rutier, sub analiz\u0103: recens\u0103m\u00e2nt na\u021bional pentru modernizarea infrastructurii<\/a>\n<div class=\"rssSummary\">Compania Na\u021bional\u0103 de Administrare a Infrastructurii Rutiere, prin Centrul de Studii Tehnice Rutiere \u0219i Informatic\u0103, preg\u0103te\u0219te una dintre cele mai importante ac\u021biuni de colectare de date din domeniul transporturilor: Recens\u0103m\u00e2ntul General de Circula\u021bie Rutier\u0103. Demersul are un rol strategic \u00een fundamentarea deciziilor privind dezvoltarea \u0219i modernizarea infrastructurii rutiere din Rom\u00e2nia. Ac\u021biunea este coordonat\u0103 de CNAIR, [\u2026]<\/div>\n<\/li>\n<\/ul>\n<\/aside>\n<\/div>\n<\/div>\n<\/div>\n<\/div>\n<\/article>\n<div class=\"td-post-content tagdiv-type\">\n<p>Locuitorii din mai multe localit\u0103\u021bi din jude\u021bul Timi\u0219 vor resim\u021bi joi, 30 aprilie, o sc\u0103dere a presiunii apei la robinete, ca urmare a unor lucr\u0103ri programate de \u00eentre\u021binere a re\u021belei de distribu\u021bie. Interven\u021bia este anun\u021bat\u0103 de operatorul regional de ap\u0103 \u0219i canalizare Aquatim \u0219i se va desf\u0103\u0219ura \u00een intervalul orar 9:00 \u2013 14:00.<\/p>\n<p>Potrivit companiei, vor fi afectate localit\u0103\u021bile Bethausen, Leucu\u0219e\u0219ti, Cladova \u0219i Cutina, unde echipele tehnice vor efectua opera\u021biuni de sp\u0103lare a conductelor. Aceste lucr\u0103ri fac parte din programul periodic de mentenan\u021b\u0103 preventiv\u0103 \u0219i au rolul de a men\u021bine calitatea apei potabile la standarde corespunz\u0103toare.<\/p>\n<p>Sp\u0103larea re\u021belelor de distribu\u021bie este o procedur\u0103 tehnic\u0103 esen\u021bial\u0103, utilizat\u0103 pentru \u00eendep\u0103rtarea depunerilor acumulate \u00een timp pe interiorul conductelor. Astfel de interven\u021bii contribuie la prevenirea problemelor legate de calitatea apei \u0219i la func\u021bionarea eficient\u0103 a \u00eentregului sistem de alimentare.<\/p>\n<p>Reprezentan\u021bii Aquatim atrag aten\u021bia c\u0103, dup\u0103 finalizarea lucr\u0103rilor \u0219i revenirea la parametrii normali de func\u021bionare, este posibil ca apa de la robinet s\u0103 prezinte temporar un aspect tulbure. Acest fenomen este cauzat de antrenarea particulelor depuse \u00een re\u021bea \u0219i, de regul\u0103, dispare \u00eentr-un timp scurt.<\/p>\n<p>Consumatorii sunt sf\u0103tui\u021bi s\u0103 evite utilizarea apei \u00een scopuri menajere imediat dup\u0103 reluarea aliment\u0103rii, p\u00e2n\u0103 c\u00e2nd aceasta devine complet limpede. De asemenea, este recomandat\u0103 l\u0103sarea apei s\u0103 curg\u0103 c\u00e2teva minute pentru eliminarea eventualelor impurit\u0103\u021bi.<\/p>\n<p>Aceste lucr\u0103ri programate reflect\u0103 eforturile operatorului de a asigura servicii de calitate \u0219i de a preveni eventuale disfunc\u021bionalit\u0103\u021bi \u00een re\u021beaua de distribu\u021bie a apei potabile din jude\u021b.<\/p>\n<\/div>\n<p>[analyse_source url=&#8221;https:\/\/orasul-timisoara.ro\/local-38492\/&#8221;]<\/p>\n","protected":false},"excerpt":{"rendered":"<p>[analyse_image type=&#8221;featured&#8221; src=&#8221;https:\/\/orasul-timisoara.ro\/wp-content\/uploads\/2023\/08\/apa-de-baut.jpg&#8221;] Investitii in TimisoaraAquatim spal\u0103 re\u021belele de distribu\u021bie: ce localit\u0103\u021bi sunt afectate \u0219i ce trebuie&#8230; Investitii in Timisoara \u0218tiri Locale Aquatim spal\u0103 re\u021belele de distribu\u021bie: ce localit\u0103\u021bi sunt afectate \u0219i ce trebuie s\u0103 \u0219tie consumatorii De c\u0103tre redactia &#8211; 29\/04\/2026 Facebook Twitter WhatsApp Linkedin ReddIt Email Imprimare Locuitorii din mai multe localit\u0103\u021bi din [&hellip;]<\/p>\n","protected":false},"author":1,"featured_media":0,"comment_status":"open","ping_status":"","sticky":false,"template":"","format":"standard","meta":{"footnotes":""},"categories":[89],"tags":[226,189],"class_list":["post-1909860","post","type-post","status-publish","format-standard","hentry","category-romania","tag-crawlmanager","tag-orasul-timisoara-ro"],"_links":{"self":[{"href":"https:\/\/analyse.optim.biz\/index.php?rest_route=\/wp\/v2\/posts\/1909860","targetHints":{"allow":["GET"]}}],"collection":[{"href":"https:\/\/analyse.optim.biz\/index.php?rest_route=\/wp\/v2\/posts"}],"about":[{"href":"https:\/\/analyse.optim.biz\/index.php?rest_route=\/wp\/v2\/types\/post"}],"author":[{"embeddable":true,"href":"https:\/\/analyse.optim.biz\/index.php?rest_route=\/wp\/v2\/users\/1"}],"replies":[{"embeddable":true,"href":"https:\/\/analyse.optim.biz\/index.php?rest_route=%2Fwp%2Fv2%2Fcomments&post=1909860"}],"version-history":[{"count":0,"href":"https:\/\/analyse.optim.biz\/index.php?rest_route=\/wp\/v2\/posts\/1909860\/revisions"}],"wp:attachment":[{"href":"https:\/\/analyse.optim.biz\/index.php?rest_route=%2Fwp%2Fv2%2Fmedia&parent=1909860"}],"wp:term":[{"taxonomy":"category","embeddable":true,"href":"https:\/\/analyse.optim.biz\/index.php?rest_route=%2Fwp%2Fv2%2Fcategories&post=1909860"},{"taxonomy":"post_tag","embeddable":true,"href":"https:\/\/analyse.optim.biz\/index.php?rest_route=%2Fwp%2Fv2%2Ftags&post=1909860"}],"curies":[{"name":"wp","href":"https:\/\/api.w.org\/{rel}","templated":true}]}}