{"id":1909849,"date":"2026-04-29T05:59:41","date_gmt":"2026-04-29T02:59:41","guid":{"rendered":"https:\/\/analyse.optim.biz\/?p=1909849"},"modified":"2026-04-29T05:59:41","modified_gmt":"2026-04-29T02:59:41","slug":"gheorghe-piperea-il-demoleaza-pe-nazistul-dan-barna","status":"publish","type":"post","link":"https:\/\/analyse.optim.biz\/?p=1909849","title":{"rendered":"Gheorghe Piperea \u00eel demoleaz\u0103 pe nazistul Dan Barna"},"content":{"rendered":"<p>[analyse_image type=&#8221;featured&#8221; src=&#8221;https:\/\/ortodoxinfo.ro\/wp-content\/uploads\/2025\/03\/Piperea-1000&#215;600-1.jpg&#8221;]<\/p>\n<article id=\"post-224793\" class=\"post-224793 post type-post status-publish format-standard has-post-thumbnail category-suveranism\">\n<header class=\"single-header\">\n<h1 class=\"s-title fw-headline\">Gheorghe Piperea \u00eel demoleaz\u0103 pe nazistul Dan Barna<\/h1>\n<div class=\"single-meta meta-s-default yes-0\">\n<div class=\"smeta-in\"><a class=\"meta-el meta-avatar\" href=\"https:\/\/ortodoxinfo.ro\/author\/redactor\/\"><img loading=\"lazy\" decoding=\"async\" alt=\"OrtodoxINFO\" src=\"https:\/\/secure.gravatar.com\/avatar\/21010332354a182ce4de6016685c5586f21c51866d0ec5bc8ef383240b3c3e02?s=120&amp;r=g\" class=\"avatar avatar-120 photo\" height=\"120\" width=\"120\"><\/a><\/p>\n<div class=\"smeta-sec\">\n<div class=\"p-meta\">\n<div class=\"meta-inner is-meta\"><span class=\"meta-el meta-date\"><time datetime=\"2026-04-29T08:59:41+03:00\">29 aprilie 2026<\/time><\/span><span class=\"meta-el meta-category meta-bold\"><a class=\"meta-separate category-20289\" href=\"https:\/\/ortodoxinfo.ro\/category\/suveranism\/\">Suveranism<\/a><\/span><span class=\"meta-el meta-view\">16k vizualiz\u0103ri\t\t<\/span><span class=\"meta-el meta-comment mobile-last-meta tablet-last-meta\"><a href=\"https:\/\/ortodoxinfo.ro\/2026\/04\/29\/gheorghe-piperea-il-demoleaza-pe-nazistul-dan-barna\/#comments\">2 comentarii<\/a><\/span><\/div>\n<\/div>\n<\/div>\n<\/div>\n<div class=\"smeta-extra\">\n<div class=\"t-shared-sec tooltips-n has-read-meta is-color\">\n<div class=\"t-shared-header is-meta\"><span class=\"share-label\">Share<\/span><\/div>\n<\/div>\n<div class=\"single-right-meta single-time-read is-meta\"><span class=\"meta-el meta-read\">6 Min Read<\/span><\/div>\n<\/div>\n<\/div>\n<\/header>\n<div class=\"grid-container\">\n<div class=\"s-ct\">\n<div class=\"s-feat-outer\">\n<div class=\"s-feat\">\n<div class=\"featured-lightbox-trigger\" data-source=\"https:\/\/ortodoxinfo.ro\/wp-content\/uploads\/2025\/03\/Piperea-1000x600-1.jpg\" data-caption data-attribution><img fetchpriority=\"high\" decoding=\"async\" width=\"860\" height=\"516\" src=\"https:\/\/ortodoxinfo.ro\/wp-content\/uploads\/2025\/03\/Piperea-1000x600-1-860x516.jpg\" class=\"attachment-foxiz_crop_o1 size-foxiz_crop_o1 wp-post-image\" alt loading=\"eager\"><\/div>\n<\/div>\n<\/div>\n<div class=\"s-ct-wrap has-lsl\">\n<div class=\"s-ct-inner\">\n<div class=\"l-shared-sec-outer show-mobile\">\n<div class=\"l-shared-sec\">\n<div class=\"l-shared-header meta-text\"><span class=\"share-label\">SHARE<\/span><\/div>\n<\/div>\n<\/div>\n<div class=\"e-ct-outer\">\n<div class=\"entry-content rbct clearfix is-highlight-shares\">\n<p>\u00centr-o dezbatere de ieri, din Parlamentul European, la Euro News Rom\u00e2nia, la care am participat, Dan Barna, ex-vice-premier \u00een guvernul C\u00ee\u021bu, fix \u00een perioada c\u00e2nd s-a scris PNRR, a declarat c\u0103 miza demiterii lui Bolojan este suma de 26 de miliarde de euro pe care Rom\u00e2nia o s\u0103 \u00eei piard\u0103.<\/p>\n<div class=\"inline-single-ad ad_single_index alignfull\">\n<div class=\"ad-wrap ad-script-wrap\">\n<div class=\"ad-script non-adsense edge-padding\">\n<div>\n\u203c\ufe0f\u203c\ufe0f NU recunoa\u0219tem ca pre\u0219edinte al Rom\u00e2niei pe marioneta retard\u0103 Nicu\u0219or Dan! Rom\u00e2ni, boicota\u021bi aceast\u0103 f\u0103c\u0103tur\u0103, care ne face \u021bara de r\u00e2s! NU rom\u00e2nii l-au votat pe Nicusoro\u0219 &#8211; cu unele excep\u021bii de persoane infantile, manipulabile \u0219i chiar idioate &#8211; ci l-au ajutat Maia Soro\u0219, Emanuel Macrou \u0219i tr\u0103d\u0103torii de la B.E.C. \u0219i CCR!<br \/>\n La \u00eenchisoare cu cei care au fraudat alegerile!\n<\/div>\n<\/div>\n<\/div>\n<\/div>\n<p>Nu \u0219tiu dac\u0103 s-a dat \u00eenregistrarea la televiziunea Politehnicii din Bucure\u0219ti care \u0219i-a atribuit franciza Euro News, a\u0219a c\u0103 v\u0103 zic aici, \u00een rezumat con\u021binutul dialogului meu cu \u201ccolegul\u201d Barna, cel care depl\u00e2nge amarnic faptul c\u0103 nu mai suntem \u00eencarcera\u021bi \u00een \u201ccordonul sanitar\u201d.<\/p>\n<p>C\u00e2nd zice 26 de miliarde, Barna se refer\u0103 la PNRR, din care ar mai fi de \u201cluat\u201d 10 miliarde de la UE, precum \u0219i la SAFE, din care ar fi de \u201cluat\u201d 16 miliarde de la \u00eemprumut\u0103tori.<br \/>\nDe fapt, din PNRR ar mai fi teoretic de luat 5 mld, c\u0103ci alte 5 mld au fost ireversibil pierdute de Bolojan, de \u201ceficient\u201d ce a fost cu jaloanele. Restul de 5 mld se pierd \u0219i astea \u2013 nu sunt \u0219anse de atingere a jaloanelor \u00een cele 4 luni de program care mai sunt de parcurs. Li se trage useri\u0219tilor tot de la Bolojan, iar nu de la mo\u021biune. Ca s\u0103 nu mai vorbim c\u0103 bani de p\u00e2n\u0103 acum pot lua calea invers\u0103: chiar \u0219i \u00een caz de doar 5% nerealizare a programelor deja \u00een derulare, pentru care s-au accesat deja bani din PNRR, se poate ajunge la restituirea \u00eentregii finan\u021b\u0103ri. Deci, nu lu\u0103m bani de la UE. Restituim bani c\u0103tre UE. A\u0219a au scris PNRR idio\u021bii care l-au scris\u2026<br \/>\nDin SAFE, doar 4 miliarde euro ar putea intra \u00een \u021bar\u0103. Restul de 12 miliarde se duc \u00een Fran\u021ba, Germania, Ungaria, pe armament livrat \u00een 2030 (asta teoretic, c\u0103ci livrarea ar putea fi am\u00e2nat\u0103 pentru 2035). P\u00e2n\u0103 atunci Rusia redevine prietenul economic \u0219i geopolitic al Germaniei \u0219i Fran\u021bei, c\u0103ci are gaz, petrol, minerale rare, cereale \u0219i \u00eengr\u0103\u0219aminte chimice ieftine de v\u00e2nzare.<br \/>\n\u00cen plus, lumea uit\u0103 c\u0103 SAFE este contestat la CJUE de c\u0103tre Parlamentul UE \u0219i poate fi anulat. Pre\u0219edintele Poloniei, Nawrocki, a blocat prin veto programul SAFE pentru Polonia, iar 8 state membre, inclusiv Germania, l-au refuzat.<\/p>\n<p>De altfel, Barna braveaz\u0103 c\u00e2nd spune c\u0103 aceste dou\u0103 programe sunt mize pentru rom\u00e2ni \u0219i Rom\u00e2nia.<\/p>\n<p>Nu. Nici vorb\u0103. Aceste dou\u0103 programe sunt mize doar pentru usere, ong \u2013 urile \u0219i consultan\u021bii din jurul usr \u0219i corpora\u021biile care sus\u021bin usere. Singurul lucru care a mers bine \u00een PNRR a fost consultan\u021ba : 2 miliarde de euro s-au turnat \u00een \u201cstudii\u201d, proiecte verzi proste\u0219ti, pungi ecologice de plastic \u0219i alte chestii \u201e\u00een\u021belepte\u201d de genul celor din povestea lui Creang\u0103 despre D\u0103nil\u0103 Prepeleac.<\/p>\n<p>PNRR nu doar c\u0103 a fost inutil \u0219i costisitor, dar a \u0219i venit cu condi\u021bionalit\u0103\u021bi care au distrus bruma de economie industrial\u0103 pe care o mai aveam, f\u0103c\u00e2nd \u021bara o simpl\u0103 pia\u021b\u0103 de desfacere pentru importuri. Totul sub imperativul obsesiilor climatice ale birocra\u021biei UEropene. Nu a fost nimic care s\u0103 redreseze \u021bara dup\u0103 catastrofa din plandemie (gestionat\u0103 infrac\u021bional de useri\u0219ti \u0219i Arafat, btw), iar cuv\u00e2ntul \u201crezilien\u021b\u0103\u201d provoac\u0103 r\u00e2sul: e at\u00e2t de rezistent\u0103 economia Rom\u00e2niei, dup\u0103 4 ani de PNRR, \u00eenc\u00e2t chiar Barna &amp; co vorbesc de risc de faliment de \u021bar\u0103\u2026<br \/>\nDeci, de a\u0219a bani, rom\u00e2nii \u0219i Rom\u00e2nia mai bine s-ar lipsi\u2026 Sunt, efectiv, pernicio\u0219i, provoac\u0103 boal\u0103 economic\u0103 \u0219i captivitate politic\u0103.<\/p>\n<p>Iar SAFE, un \u00eemprumut pentru care s-ar pl\u0103ti dob\u00e2nd\u0103 imediat, dar care ar duce la \u00eenarmare cu pu\u0219coace \u0219i tancuri roz prin 2030-2035, este un biznis pentru consultan\u021bi \u0219i pentru corpora\u021biile franco-germane, o nou\u0103 \u201cafacere Skoda\u201d (un scandal de miliarde din perioada interbelic\u0103). Nu v\u0103d de ce Rom\u00e2nia, dac\u0103 tot se \u00eenscrie pe calea \u00eenarm\u0103rii, nu o face cu for\u021be industriale proprii \u0219i cu alian\u021be comerciale corecte, f\u0103r\u0103 \u201ccontractant\u201d impus de Germania \u0219i Fran\u021ba. Nu \u0219tiu de ce SAFE nu ar fi dezb\u0103tut \u00een Parlament \u0219i, eventual, respins, dac\u0103 e nociv pentru Rom\u00e2nia. Nu \u0219tiu de ce am avea \u00eencredere c\u0103 e unica solu\u021bie doar pentru c\u0103 a\u0219a ne asigur\u0103 mini\u0219trii useri\u0219ti.<\/p>\n<p>A pretinde cur\u0103\u021barea economiei de efectele nocive ale PNRR \u0219i \u00eenarmarea \u00een scop defensiv, rapid\u0103, corect\u0103, ferit\u0103 de corup\u021bie, eficient\u0103, nu e opinie pro-ru\u0219i dec\u00e2t \u00een mintea populat\u0103 de cli\u0219ee \u0219i interese pecuniare private a useri\u0219tilor.<\/p>\n<p>Not\u0103: reamintesc c\u0103, atunci c\u00e2nd era vice-premier \u00een Guvernul C\u00ee\u021bu, Barna spus c\u0103 \u201clac\u0103tul pe u\u0219\u0103 este cel mai conving\u0103tor argument\u201d. Desigur, nu se referea la \u00eencarcerarea celor care au furat un miliard cu ocazia achizi\u021biei \u201cvaccinului\u201d anti-covid, pentru care azi Rom\u00e2nia trebuie s\u0103 achite corpora\u021biei \u2013 moloch Pfizer \u0219i o tax\u0103 suplimentar\u0103 de jmeker de 666 de milioane de euro. Se referea la cei care refuzau vaccinarea \u0219i care, astfel, l\u0103sau neutilizate un surplus de 100 de milioane de doze (v\u0103 reamintesc c\u0103 idio\u021bii de C\u00ee\u021bu &amp; co achizi\u021bionaser\u0103 120 de milioane de doze). Ei urmau s\u0103 fie \u00eencuia\u021bi cu lac\u0103tul, pe dinafar\u0103, ca s\u0103 fie for\u021ba\u021bi s\u0103 fac\u0103 vaccinul sau s\u0103 moar\u0103. Acesta este adev\u0103ratul extremism \u0219i este foarte hitlerist. F\u0103r\u0103 nazi\u0219ti \u00een func\u021bii publice!<\/p>\n<\/div>\n<\/div>\n<\/div>\n<div class=\"e-shared-sec entry-sec\">\n<div class=\"e-shared-header h4\"><span>Distribuie<\/span><\/div>\n<div class=\"rbbsl tooltips-n effect-fadeout is-bg\"><a class=\"share-action share-trigger icon-facebook\" aria-label=\"Share on Facebook\" href=\"https:\/\/www.facebook.com\/sharer.php?u=https%3A%2F%2Fortodoxinfo.ro%2F2026%2F04%2F29%2Fgheorghe-piperea-il-demoleaza-pe-nazistul-dan-barna%2F\" data-title=\"Facebook\" rel=\"nofollow\"><span>Facebook<\/span><\/a><a class=\"share-action share-trigger icon-twitter\" aria-label=\"Share on X\" href=\"https:\/\/twitter.com\/intent\/tweet?text=Gheorghe+Piperea+%C3%AEl+demoleaz%C4%83+pe+nazistul+Dan+Barna&amp;url=https%3A%2F%2Fortodoxinfo.ro%2F2026%2F04%2F29%2Fgheorghe-piperea-il-demoleaza-pe-nazistul-dan-barna%2F&amp;via=ortodoxinforo\" data-title=\"X\" rel=\"nofollow\"><span>X<\/span><\/a><a class=\"share-action icon-whatsapp is-web\" aria-label=\"Share on Whatsapp\" href=\"https:\/\/web.whatsapp.com\/send?text=Gheorghe+Piperea+%C3%AEl+demoleaz%C4%83+pe+nazistul+Dan+Barna%20%E2%98%9E%20https%3A%2F%2Fortodoxinfo.ro%2F2026%2F04%2F29%2Fgheorghe-piperea-il-demoleaza-pe-nazistul-dan-barna%2F\" target=\"_blank\" data-title=\"WhatsApp\" rel=\"nofollow\"><span>Whatsapp<\/span><\/a><a class=\"share-action icon-whatsapp is-mobile\" aria-label=\"Share on Whatsapp\" href=\"\/\/send?text=Gheorghe+Piperea+%C3%AEl+demoleaz%C4%83+pe+nazistul+Dan+Barna%20%E2%98%9E%20https%3A%2F%2Fortodoxinfo.ro%2F2026%2F04%2F29%2Fgheorghe-piperea-il-demoleaza-pe-nazistul-dan-barna%2F\" target=\"_blank\" data-title=\"WhatsApp\" rel=\"nofollow\"><span>Whatsapp<\/span><\/a><a class=\"share-action share-trigger icon-telegram\" aria-label=\"Share on Telegram\" href=\"https:\/\/t.me\/share\/?url=https%3A%2F%2Fortodoxinfo.ro%2F2026%2F04%2F29%2Fgheorghe-piperea-il-demoleaza-pe-nazistul-dan-barna%2F&amp;text=Gheorghe+Piperea+%C3%AEl+demoleaz%C4%83+pe+nazistul+Dan+Barna\" data-title=\"Telegram\" rel=\"nofollow\"><span>Telegram<\/span><\/a><a class=\"share-action icon-copy copy-trigger\" aria-label=\"Copy Link\" href=\"https:\/\/ortodoxinfo.ro\/2026\/04\/29\/gheorghe-piperea-il-demoleaza-pe-nazistul-dan-barna\/\" data-copied=\"Copied!\" data-link=\"https:\/\/ortodoxinfo.ro\/2026\/04\/29\/gheorghe-piperea-il-demoleaza-pe-nazistul-dan-barna\/\" rel=\"nofollow\" data-copy=\"Copy Link\"><span>Copy Link<\/span><\/a><a class=\"share-action icon-print\" aria-label=\"Print\" rel=\"nofollow\" data-title=\"Print\"><span>Print<\/span><\/a><\/div>\n<\/div>\n<\/div>\n<div id=\"tabs\" class=\"dntplgn_form_wrapper\"><span><\/p>\n<h2>\u0218tirile sunt sub cenzur\u0103! Sprijini\u021bi OrtodoxINFO!<\/h2>\n<p>Guvernul nu dore\u0219te aflarea adev\u0103rului despre lovitura de stat \u0219i \u00eengenuncherea Rom\u00e2niei. \u00cencerc\u0103m s\u0103 men\u021binem viu acest site \u0219i s\u0103 v\u0103 punem la dispozi\u021bie informa\u021bii care s\u0103 fac\u0103 lumin\u0103 \u00een cea mai mare provocare pe care o tr\u0103im. Jurnalismul independent al portalului OrtodoxINFO func\u021bioneaz\u0103 strict cu ajutorul cititorilor.<br \/>\nNe pute\u021bi sprijini printr-o <b><a href=\"https:\/\/ortodoxinfo.ro\/donatii\/\">dona\u021bie bancar\u0103<\/a> sau prin PayPal, complet\u00e2nd formularul de mai jos.<\/b><\/span><\/p>\n<ul>\n<li><a href=\"https:\/\/ortodoxinfo.ro\/2026\/04\/29\/gheorghe-piperea-il-demoleaza-pe-nazistul-dan-barna\/#tabs-1\">Dona\u021bie lunar\u0103<\/a><\/li>\n<li><a href=\"https:\/\/ortodoxinfo.ro\/2026\/04\/29\/gheorghe-piperea-il-demoleaza-pe-nazistul-dan-barna\/#tabs-2\">Doar acum<\/a><\/li>\n<\/ul>\n<div id=\"tabs-1\"><img loading=\"lazy\" decoding=\"async\" alt border=\"0\" src=\"https:\/\/www.paypalobjects.com\/en_US\/i\/scr\/pixel.gif\" width=\"1\" height=\"1\"><\/div>\n<div id=\"tabs-2\">\n<p>\t\t     \u20ac<\/p>\n<p>\t\t    <img loading=\"lazy\" decoding=\"async\" alt border=\"0\" src=\"https:\/\/www.paypalobjects.com\/en_US\/i\/scr\/pixel.gif\" width=\"1\" height=\"1\"><\/div>\n<p>Mul\u021bumim celor care ne-au ajutat p\u00e2n\u0103 acum!\n\t<\/p><\/div>\n<div class=\"comment-box-wrap entry-sec\">\n<div class=\"comment-box-header\"><span class=\"h3\">2 comentarii<\/span><\/div>\n<div class=\"comment-holder\">\n<div id=\"comments\" class=\"comments-area\">\n<div class=\"rb-section\">\n<ul class=\"comment-list entry\">\n<li id=\"comment-248966\" class=\"comment even thread-even depth-1\">\n<article id=\"div-comment-248966\" class=\"comment-body\">\n<footer class=\"comment-meta\">\n<div class=\"comment-author vcard\"><img loading=\"lazy\" decoding=\"async\" alt src=\"https:\/\/secure.gravatar.com\/avatar\/132fd989bad4ee2d55aa9692aa73d0475d12ca598eaa976fcddf813d6586cb5e?s=100&amp;r=g\" class=\"avatar avatar-100 photo\" height=\"100\" width=\"100\"><b class=\"fn\">Magda<\/b><span class=\"says\">spune:<\/span><\/div>\n<div class=\"comment-metadata\"><a href=\"https:\/\/ortodoxinfo.ro\/2026\/04\/29\/gheorghe-piperea-il-demoleaza-pe-nazistul-dan-barna\/#comment-248966\"><time datetime=\"2026-04-29T11:26:43+03:00\">29 aprilie 2026 la 11:26<\/time><\/a><\/div>\n<\/footer>\n<div class=\"comment-content\">\n<p>C\u00e2nd vom \u00een\u021belege oare, c\u0103 na\u021bional socialismul nu e nazismul prezentat de a\u0219a zi\u0219ii alia\u021bi masoni, \u00eenving\u0103tori \u00een al doilea r\u0103zboi mondial, adic\u0103 doctrina mor\u021bii \u0219i a urii, cu cu totul altceva, doctrina libert\u0103\u021bii \u0219i a luptei \u00eempotriva comunismului iudeo masonic, a bancherilor sionisti din familia Rotschild. \u00eempotriva globalismului impus de ei, \u00eempotriva sistemului financiar bancar bazat pe datorie \u0219i dob\u00e2nda impus de alia\u021bii anglo \u2013 americani masoni, la ordinele bancherilor interna\u021bionali, prin care bancherii au inrobit toate na\u021biunile, lupta \u00eempotriva UE, adic\u0103 a planului Kalergi, creat pentru distrugerea rasei albe europene, interzis de na\u021bional socialisti, lupta \u00eempotriva plutocratiilor occidentale mincinoase \u0219i a imperiului britanic inperialist, care ne vor duce direct \u00een noua ordine mondial\u0103, cu guvernul mondial masonic al alia\u021bilor, c\u00e2\u0219tig\u0103tori ai celui de al doilea r\u0103zboi mondial, comunist, condus de evreii masoni \u0219i de bancherii interna\u021bionali, atunci vom \u00eenceta s\u0103 mai folosim acest termen peiorativ, la adresa adev\u0103ra\u021bilor eroi ai umanit\u0103\u021bii , vom restabili adev\u0103rul istoric \u0219i vom lupta \u0219i noi \u00eempotriva tiraniei globalist \u2013 progresiste impuse de aceia\u0219i tirani ai umanit\u0103\u021bii, ca \u0219i atunci.<\/p>\n<\/div>\n<div class=\"reply\"><a rel=\"nofollow\" class=\"comment-reply-link\" href=\"https:\/\/ortodoxinfo.ro\/2026\/04\/29\/gheorghe-piperea-il-demoleaza-pe-nazistul-dan-barna\/?replytocom=248966#respond\" data-commentid=\"248966\" data-postid=\"224793\" data-belowelement=\"div-comment-248966\" data-respondelement=\"respond\" data-replyto=\"R\u0103spunde-i lui Magda\" aria-label=\"R\u0103spunde-i lui Magda\">R\u0103spunde<\/a><\/div>\n<\/article>\n<\/li>\n<li id=\"comment-249000\" class=\"comment odd alt thread-odd thread-alt depth-1\">\n<article id=\"div-comment-249000\" class=\"comment-body\">\n<footer class=\"comment-meta\">\n<div class=\"comment-author vcard\"><img loading=\"lazy\" decoding=\"async\" alt src=\"https:\/\/secure.gravatar.com\/avatar\/99d2ca359933d31ed7256eedda0bb70a59d22f44afc84ca02da5fd668b37383f?s=100&amp;r=g\" class=\"avatar avatar-100 photo\" height=\"100\" width=\"100\"><b class=\"fn\">Arpa<\/b><span class=\"says\">spune:<\/span><\/div>\n<div class=\"comment-metadata\"><a href=\"https:\/\/ortodoxinfo.ro\/2026\/04\/29\/gheorghe-piperea-il-demoleaza-pe-nazistul-dan-barna\/#comment-249000\"><time datetime=\"2026-04-29T17:50:02+03:00\">29 aprilie 2026 la 17:50<\/time><\/a><\/div>\n<\/footer>\n<div class=\"comment-content\">\n<p>Hitler nu a fost nici un erou ,a fost omul Rotschildzilor -nu te mai am\u0103gi cu eroi umani care te scap\u0103 de r\u0103ii din lumea asta ,c\u00e2nd va veni Antihristul crezi c\u0103 vreun conduc\u0103tor de stat poate s\u0103-i stea \u00eempotriv\u0103?<\/p>\n<\/div>\n<div class=\"reply\"><a rel=\"nofollow\" class=\"comment-reply-link\" href=\"https:\/\/ortodoxinfo.ro\/2026\/04\/29\/gheorghe-piperea-il-demoleaza-pe-nazistul-dan-barna\/?replytocom=249000#respond\" data-commentid=\"249000\" data-postid=\"224793\" data-belowelement=\"div-comment-249000\" data-respondelement=\"respond\" data-replyto=\"R\u0103spunde-i lui Arpa\" aria-label=\"R\u0103spunde-i lui Arpa\">R\u0103spunde<\/a><\/div>\n<\/article>\n<\/li>\n<\/ul>\n<\/div>\n<div id=\"respond\" class=\"comment-respond\">\n<h3 id=\"reply-title\" class=\"comment-reply-title\">Las\u0103 un r\u0103spuns <small><a rel=\"nofollow\" id=\"cancel-comment-reply-link\" href=\"https:\/\/ortodoxinfo.ro\/2026\/04\/29\/gheorghe-piperea-il-demoleaza-pe-nazistul-dan-barna\/#respond\">Anuleaz\u0103 r\u0103spunsul<\/a><\/small><\/h3>\n<p class=\"comment-notes\"><span id=\"email-notes\">Adresa ta de email nu va fi publicat\u0103.<\/span><span class=\"required-field-message\">C\u00e2mpurile obligatorii sunt marcate cu <span class=\"required\">*<\/span><\/span><\/p>\n<\/div>\n<\/div>\n<\/div>\n<\/div>\n<\/div>\n<div class=\"sidebar-wrap single-sidebar\">\n<div class=\"sidebar-inner clearfix\">\n<div id=\"widget-post-2\" class=\"widget rb-section w-sidebar clearfix widget-post\">\n<div class=\"block-h widget-heading heading-layout-1\">\n<div class=\"heading-inner\">\n<h4 class=\"heading-title\"><span>Articole recente<\/span><\/h4>\n<\/div>\n<\/div>\n<div class=\"widget-p-listing\">\n<div class=\"p-wrap p-small p-list-small-2\" data-pid=\"224968\">\n<div class=\"feat-holder\">\n<div class=\"p-featured ratio-v1\"><a class=\"p-flink\" href=\"https:\/\/ortodoxinfo.ro\/2026\/04\/29\/euro-a-depasit-pragul-de-51-lei-in-spatiul-public-se-acrediteaza-ideea-ca-ar-fi-din-cauza-debarcarii-guvernului-bolojaf-romanii-au-fost-speriati-cu-aceeasi-marota-si-la-alegerile-fraudate-din-2025\/\" title=\"Euro a dep\u0103\u0219it pragul de 5,1 lei: \u00cen spa\u021biul public se acrediteaz\u0103 ideea c\u0103 ar fi din cauza debarc\u0103rii Guvernului Bolojaf | Rom\u00e2nii au fost speria\u021bi cu aceea\u0219i marot\u0103 \u0219i la alegerile FRAUDATE din 2025\"><img decoding=\"async\" width=\"150\" height=\"150\" src=\"https:\/\/ortodoxinfo.ro\/wp-content\/uploads\/2026\/04\/Nicusor-Dan-Ilie-Bolojan-e1750250703901-150x150.jpg\" class=\"featured-img wp-post-image\" alt loading=\"lazy\"><\/a><\/div>\n<\/div>\n<div class=\"p-content\">\n<h5 class=\"entry-title\"><a class=\"p-url\" href=\"https:\/\/ortodoxinfo.ro\/2026\/04\/29\/euro-a-depasit-pragul-de-51-lei-in-spatiul-public-se-acrediteaza-ideea-ca-ar-fi-din-cauza-debarcarii-guvernului-bolojaf-romanii-au-fost-speriati-cu-aceeasi-marota-si-la-alegerile-fraudate-din-2025\/\" rel=\"bookmark\">Euro a dep\u0103\u0219it pragul de 5,1 lei: \u00cen spa\u021biul public se acrediteaz\u0103 ideea c\u0103 ar fi din cauza debarc\u0103rii Guvernului Bolojaf | Rom\u00e2nii au fost speria\u021bi cu aceea\u0219i marot\u0103 \u0219i la alegerile FRAUDATE din 2025<\/a><\/h5>\n<div class=\"p-meta\">\n<div class=\"meta-inner is-meta\"><span class=\"meta-el meta-date\"><time datetime=\"2026-04-29T21:53:37+03:00\">29 aprilie 2026<\/time><\/span><span class=\"meta-el meta-category meta-bold\"><a class=\"meta-separate category-19885\" href=\"https:\/\/ortodoxinfo.ro\/category\/anti-sistem\/anti-romanism\/asasinii-tarii\/\">Asasinii \u021b\u0103rii<\/a><\/span><span class=\"meta-el meta-view\">3k vizualiz\u0103ri\t\t<\/span><\/div>\n<\/div>\n<\/div>\n<\/div>\n<div class=\"p-wrap p-small p-list-small-2\" data-pid=\"224896\">\n<div class=\"feat-holder\">\n<div class=\"p-featured ratio-v1\"><a class=\"p-flink\" href=\"https:\/\/ortodoxinfo.ro\/2026\/04\/29\/ccr-anuleaza-numirile-din-tvr-si-radio-romania-la-sesizarea-aur-parlamentul-va-fi-obligat-sa-reia-procedura\/\" title=\"CCR anuleaz\u0103 numirile din TVR \u0219i Radio Rom\u00e2nia, la sesizarea AUR. Parlamentul va fi obligat s\u0103 reia procedura\"><img decoding=\"async\" width=\"150\" height=\"150\" src=\"https:\/\/ortodoxinfo.ro\/wp-content\/uploads\/2026\/04\/ccr-anuleaz-numirile-din-tvr-i-radio-rom-nia-la-sesizarea-aur-parlamentul-va-fi-obligat-s-reia-proce-150x150.jpeg\" class=\"featured-img wp-post-image\" alt loading=\"lazy\"><\/a><\/div>\n<\/div>\n<div class=\"p-content\">\n<h5 class=\"entry-title\"><a class=\"p-url\" href=\"https:\/\/ortodoxinfo.ro\/2026\/04\/29\/ccr-anuleaza-numirile-din-tvr-si-radio-romania-la-sesizarea-aur-parlamentul-va-fi-obligat-sa-reia-procedura\/\" rel=\"bookmark\">CCR anuleaz\u0103 numirile din TVR \u0219i Radio Rom\u00e2nia, la sesizarea AUR. Parlamentul va fi obligat s\u0103 reia procedura<\/a><\/h5>\n<div class=\"p-meta\">\n<div class=\"meta-inner is-meta\"><span class=\"meta-el meta-date\"><time datetime=\"2026-04-29T17:14:23+03:00\">29 aprilie 2026<\/time><\/span><span class=\"meta-el meta-category meta-bold\"><a class=\"meta-separate category-19866\" href=\"https:\/\/ortodoxinfo.ro\/category\/lupta-pentru-romania\/\">Lupt\u0103 pentru Rom\u00e2nia<\/a><\/span><span class=\"meta-el meta-view\">4k vizualiz\u0103ri\t\t<\/span><\/div>\n<\/div>\n<\/div>\n<\/div>\n<div class=\"p-wrap p-small p-list-small-2\" data-pid=\"224766\">\n<div class=\"feat-holder\">\n<div class=\"p-featured ratio-v1\"><a class=\"p-flink\" href=\"https:\/\/ortodoxinfo.ro\/2026\/04\/29\/spalat-pe-creier-charles-al-iii-lea-a-sustinut-in-congresul-sua-un-discurs-in-favoarea-nato-a-ucrainei-si-a-agendei-climatice\/\" title=\"Sp\u0103lat pe creier, Charles al III-lea a sus\u021binut \u00een Congresul SUA un discurs \u00een favoarea NATO, a Ucrainei \u0219i a agendei climatice\"><img decoding=\"async\" width=\"150\" height=\"150\" src=\"https:\/\/ortodoxinfo.ro\/wp-content\/uploads\/2026\/04\/regele-charles-al-iii-lea-a-tinut-in-congresul-sua-un-discurs-pro-nato-pro-ucraina-si-in-apararea-ag-150x150.jpeg\" class=\"featured-img wp-post-image\" alt loading=\"lazy\"><\/a><\/div>\n<\/div>\n<div class=\"p-content\">\n<h5 class=\"entry-title\"><a class=\"p-url\" href=\"https:\/\/ortodoxinfo.ro\/2026\/04\/29\/spalat-pe-creier-charles-al-iii-lea-a-sustinut-in-congresul-sua-un-discurs-in-favoarea-nato-a-ucrainei-si-a-agendei-climatice\/\" rel=\"bookmark\">Sp\u0103lat pe creier, Charles al III-lea a sus\u021binut \u00een Congresul SUA un discurs \u00een favoarea NATO, a Ucrainei \u0219i a agendei climatice<\/a><\/h5>\n<div class=\"p-meta\">\n<div class=\"meta-inner is-meta\"><span class=\"meta-el meta-date\"><time datetime=\"2026-04-29T06:53:39+03:00\">29 aprilie 2026<\/time><\/span><span class=\"meta-el meta-category meta-bold\"><a class=\"meta-separate category-1848\" href=\"https:\/\/ortodoxinfo.ro\/category\/anti-sistem\/reducerea-populatiei\/incalzirea-globala\/\">Incalzirea global\u0103<\/a><\/span><span class=\"meta-el meta-view\">9.1k vizualiz\u0103ri\t\t<\/span><\/div>\n<\/div>\n<\/div>\n<\/div>\n<div class=\"p-wrap p-small p-list-small-2\" data-pid=\"224722\">\n<div class=\"feat-holder\">\n<div class=\"p-featured ratio-v1\"><a class=\"p-flink\" href=\"https:\/\/ortodoxinfo.ro\/2026\/04\/28\/escrocheria-safe-10-miliarde-nu-vor-ajunge-in-romania-se-vor-opri-in-germania-franta-si-ucraina\/\" title=\"Escrocheria SAFE: 10 miliarde nu vor ajunge \u00een Rom\u00e2nia, se vor opri \u00een Germania, Fran\u021ba \u0219i Ucraina\"><img decoding=\"async\" width=\"150\" height=\"150\" src=\"https:\/\/ortodoxinfo.ro\/wp-content\/uploads\/2026\/04\/safe-150x150.webp\" class=\"featured-img wp-post-image\" alt loading=\"lazy\"><\/a><\/div>\n<\/div>\n<div class=\"p-content\">\n<h5 class=\"entry-title\"><a class=\"p-url\" href=\"https:\/\/ortodoxinfo.ro\/2026\/04\/28\/escrocheria-safe-10-miliarde-nu-vor-ajunge-in-romania-se-vor-opri-in-germania-franta-si-ucraina\/\" rel=\"bookmark\">Escrocheria SAFE: 10 miliarde nu vor ajunge \u00een Rom\u00e2nia, se vor opri \u00een Germania, Fran\u021ba \u0219i Ucraina<\/a><\/h5>\n<div class=\"p-meta\">\n<div class=\"meta-inner is-meta\"><span class=\"meta-el meta-date\"><time datetime=\"2026-04-28T22:50:07+03:00\">28 aprilie 2026<\/time><\/span><span class=\"meta-el meta-category meta-bold\"><a class=\"meta-separate category-19885\" href=\"https:\/\/ortodoxinfo.ro\/category\/anti-sistem\/anti-romanism\/asasinii-tarii\/\">Asasinii \u021b\u0103rii<\/a><\/span><span class=\"meta-el meta-view\">8.9k vizualiz\u0103ri\t\t<\/span><\/div>\n<\/div>\n<\/div>\n<\/div>\n<\/div>\n<\/div>\n<div id=\"custom_html-2\" class=\"widget_text widget rb-section w-sidebar clearfix widget_custom_html\">\n<div class=\"block-h widget-heading heading-layout-1\">\n<div class=\"heading-inner\">\n<h4 class=\"heading-title\"><span>DONA\u021aII \u00een cont bancar<\/span><\/h4>\n<\/div>\n<\/div>\n<div class=\"textwidget custom-html-widget\">\n<table class=\"donatii\">\n<tbody>\n<tr>\n<th colspan=\"2\"><strong><span>ASMIB<\/span><\/strong><\/th>\n<\/tr>\n<tr>\n<th>Cont LEI<\/th>\n<td>RO67CECEB00030RON2081955<\/td>\n<\/tr>\n<tr>\n<th>Cont EURO<\/th>\n<td>RO33CECEB000C1EUR2081978<\/td>\n<\/tr>\n<tr>\n<th>Cod SWIFT<\/th>\n<td>CECEROBU<\/td>\n<\/tr>\n<tr>\n<th colspan=\"2\"><strong>CEC BANK SA<\/strong><\/th>\n<\/tr>\n<\/tbody>\n<\/table>\n<\/div>\n<\/div>\n<\/div>\n<\/div>\n<\/div>\n<\/article>\n<div class=\"entry-content rbct clearfix is-highlight-shares\">\n<p>\u00centr-o dezbatere de ieri, din Parlamentul European, la Euro News Rom\u00e2nia, la care am participat, Dan Barna, ex-vice-premier \u00een guvernul C\u00ee\u021bu, fix \u00een perioada c\u00e2nd s-a scris PNRR, a declarat c\u0103 miza demiterii lui Bolojan este suma de 26 de miliarde de euro pe care Rom\u00e2nia o s\u0103 \u00eei piard\u0103.<\/p>\n<div class=\"inline-single-ad ad_single_index alignfull\">\n<div class=\"ad-wrap ad-script-wrap\">\n<div class=\"ad-script non-adsense edge-padding\">\n<div>\n\u203c\ufe0f\u203c\ufe0f NU recunoa\u0219tem ca pre\u0219edinte al Rom\u00e2niei pe marioneta retard\u0103 Nicu\u0219or Dan! Rom\u00e2ni, boicota\u021bi aceast\u0103 f\u0103c\u0103tur\u0103, care ne face \u021bara de r\u00e2s! NU rom\u00e2nii l-au votat pe Nicusoro\u0219 &#8211; cu unele excep\u021bii de persoane infantile, manipulabile \u0219i chiar idioate &#8211; ci l-au ajutat Maia Soro\u0219, Emanuel Macrou \u0219i tr\u0103d\u0103torii de la B.E.C. \u0219i CCR!<br \/>\n La \u00eenchisoare cu cei care au fraudat alegerile!\n<\/div>\n<\/div>\n<\/div>\n<\/div>\n<p>Nu \u0219tiu dac\u0103 s-a dat \u00eenregistrarea la televiziunea Politehnicii din Bucure\u0219ti care \u0219i-a atribuit franciza Euro News, a\u0219a c\u0103 v\u0103 zic aici, \u00een rezumat con\u021binutul dialogului meu cu \u201ccolegul\u201d Barna, cel care depl\u00e2nge amarnic faptul c\u0103 nu mai suntem \u00eencarcera\u021bi \u00een \u201ccordonul sanitar\u201d.<\/p>\n<p>C\u00e2nd zice 26 de miliarde, Barna se refer\u0103 la PNRR, din care ar mai fi de \u201cluat\u201d 10 miliarde de la UE, precum \u0219i la SAFE, din care ar fi de \u201cluat\u201d 16 miliarde de la \u00eemprumut\u0103tori.<br \/>\nDe fapt, din PNRR ar mai fi teoretic de luat 5 mld, c\u0103ci alte 5 mld au fost ireversibil pierdute de Bolojan, de \u201ceficient\u201d ce a fost cu jaloanele. Restul de 5 mld se pierd \u0219i astea \u2013 nu sunt \u0219anse de atingere a jaloanelor \u00een cele 4 luni de program care mai sunt de parcurs. Li se trage useri\u0219tilor tot de la Bolojan, iar nu de la mo\u021biune. Ca s\u0103 nu mai vorbim c\u0103 bani de p\u00e2n\u0103 acum pot lua calea invers\u0103: chiar \u0219i \u00een caz de doar 5% nerealizare a programelor deja \u00een derulare, pentru care s-au accesat deja bani din PNRR, se poate ajunge la restituirea \u00eentregii finan\u021b\u0103ri. Deci, nu lu\u0103m bani de la UE. Restituim bani c\u0103tre UE. A\u0219a au scris PNRR idio\u021bii care l-au scris\u2026<br \/>\nDin SAFE, doar 4 miliarde euro ar putea intra \u00een \u021bar\u0103. Restul de 12 miliarde se duc \u00een Fran\u021ba, Germania, Ungaria, pe armament livrat \u00een 2030 (asta teoretic, c\u0103ci livrarea ar putea fi am\u00e2nat\u0103 pentru 2035). P\u00e2n\u0103 atunci Rusia redevine prietenul economic \u0219i geopolitic al Germaniei \u0219i Fran\u021bei, c\u0103ci are gaz, petrol, minerale rare, cereale \u0219i \u00eengr\u0103\u0219aminte chimice ieftine de v\u00e2nzare.<br \/>\n\u00cen plus, lumea uit\u0103 c\u0103 SAFE este contestat la CJUE de c\u0103tre Parlamentul UE \u0219i poate fi anulat. Pre\u0219edintele Poloniei, Nawrocki, a blocat prin veto programul SAFE pentru Polonia, iar 8 state membre, inclusiv Germania, l-au refuzat.<\/p>\n<p>De altfel, Barna braveaz\u0103 c\u00e2nd spune c\u0103 aceste dou\u0103 programe sunt mize pentru rom\u00e2ni \u0219i Rom\u00e2nia.<\/p>\n<p>Nu. Nici vorb\u0103. Aceste dou\u0103 programe sunt mize doar pentru usere, ong \u2013 urile \u0219i consultan\u021bii din jurul usr \u0219i corpora\u021biile care sus\u021bin usere. Singurul lucru care a mers bine \u00een PNRR a fost consultan\u021ba : 2 miliarde de euro s-au turnat \u00een \u201cstudii\u201d, proiecte verzi proste\u0219ti, pungi ecologice de plastic \u0219i alte chestii \u201e\u00een\u021belepte\u201d de genul celor din povestea lui Creang\u0103 despre D\u0103nil\u0103 Prepeleac.<\/p>\n<p>PNRR nu doar c\u0103 a fost inutil \u0219i costisitor, dar a \u0219i venit cu condi\u021bionalit\u0103\u021bi care au distrus bruma de economie industrial\u0103 pe care o mai aveam, f\u0103c\u00e2nd \u021bara o simpl\u0103 pia\u021b\u0103 de desfacere pentru importuri. Totul sub imperativul obsesiilor climatice ale birocra\u021biei UEropene. Nu a fost nimic care s\u0103 redreseze \u021bara dup\u0103 catastrofa din plandemie (gestionat\u0103 infrac\u021bional de useri\u0219ti \u0219i Arafat, btw), iar cuv\u00e2ntul \u201crezilien\u021b\u0103\u201d provoac\u0103 r\u00e2sul: e at\u00e2t de rezistent\u0103 economia Rom\u00e2niei, dup\u0103 4 ani de PNRR, \u00eenc\u00e2t chiar Barna &amp; co vorbesc de risc de faliment de \u021bar\u0103\u2026<br \/>\nDeci, de a\u0219a bani, rom\u00e2nii \u0219i Rom\u00e2nia mai bine s-ar lipsi\u2026 Sunt, efectiv, pernicio\u0219i, provoac\u0103 boal\u0103 economic\u0103 \u0219i captivitate politic\u0103.<\/p>\n<p>Iar SAFE, un \u00eemprumut pentru care s-ar pl\u0103ti dob\u00e2nd\u0103 imediat, dar care ar duce la \u00eenarmare cu pu\u0219coace \u0219i tancuri roz prin 2030-2035, este un biznis pentru consultan\u021bi \u0219i pentru corpora\u021biile franco-germane, o nou\u0103 \u201cafacere Skoda\u201d (un scandal de miliarde din perioada interbelic\u0103). Nu v\u0103d de ce Rom\u00e2nia, dac\u0103 tot se \u00eenscrie pe calea \u00eenarm\u0103rii, nu o face cu for\u021be industriale proprii \u0219i cu alian\u021be comerciale corecte, f\u0103r\u0103 \u201ccontractant\u201d impus de Germania \u0219i Fran\u021ba. Nu \u0219tiu de ce SAFE nu ar fi dezb\u0103tut \u00een Parlament \u0219i, eventual, respins, dac\u0103 e nociv pentru Rom\u00e2nia. Nu \u0219tiu de ce am avea \u00eencredere c\u0103 e unica solu\u021bie doar pentru c\u0103 a\u0219a ne asigur\u0103 mini\u0219trii useri\u0219ti.<\/p>\n<p>A pretinde cur\u0103\u021barea economiei de efectele nocive ale PNRR \u0219i \u00eenarmarea \u00een scop defensiv, rapid\u0103, corect\u0103, ferit\u0103 de corup\u021bie, eficient\u0103, nu e opinie pro-ru\u0219i dec\u00e2t \u00een mintea populat\u0103 de cli\u0219ee \u0219i interese pecuniare private a useri\u0219tilor.<\/p>\n<p>Not\u0103: reamintesc c\u0103, atunci c\u00e2nd era vice-premier \u00een Guvernul C\u00ee\u021bu, Barna spus c\u0103 \u201clac\u0103tul pe u\u0219\u0103 este cel mai conving\u0103tor argument\u201d. Desigur, nu se referea la \u00eencarcerarea celor care au furat un miliard cu ocazia achizi\u021biei \u201cvaccinului\u201d anti-covid, pentru care azi Rom\u00e2nia trebuie s\u0103 achite corpora\u021biei \u2013 moloch Pfizer \u0219i o tax\u0103 suplimentar\u0103 de jmeker de 666 de milioane de euro. Se referea la cei care refuzau vaccinarea \u0219i care, astfel, l\u0103sau neutilizate un surplus de 100 de milioane de doze (v\u0103 reamintesc c\u0103 idio\u021bii de C\u00ee\u021bu &amp; co achizi\u021bionaser\u0103 120 de milioane de doze). Ei urmau s\u0103 fie \u00eencuia\u021bi cu lac\u0103tul, pe dinafar\u0103, ca s\u0103 fie for\u021ba\u021bi s\u0103 fac\u0103 vaccinul sau s\u0103 moar\u0103. Acesta este adev\u0103ratul extremism \u0219i este foarte hitlerist. F\u0103r\u0103 nazi\u0219ti \u00een func\u021bii publice!<\/p>\n<\/div>\n<p>[analyse_source url=&#8221;https:\/\/ortodoxinfo.ro\/2026\/04\/29\/gheorghe-piperea-il-demoleaza-pe-nazistul-dan-barna\/&#8221;]<\/p>\n","protected":false},"excerpt":{"rendered":"<p>[analyse_image type=&#8221;featured&#8221; src=&#8221;https:\/\/ortodoxinfo.ro\/wp-content\/uploads\/2025\/03\/Piperea-1000&#215;600-1.jpg&#8221;] Gheorghe Piperea \u00eel demoleaz\u0103 pe nazistul Dan Barna 29 aprilie 2026Suveranism16k vizualiz\u0103ri 2 comentarii Share 6 Min Read SHARE \u00centr-o dezbatere de ieri, din Parlamentul European, la Euro News Rom\u00e2nia, la care am participat, Dan Barna, ex-vice-premier \u00een guvernul C\u00ee\u021bu, fix \u00een perioada c\u00e2nd s-a scris PNRR, a declarat c\u0103 miza demiterii [&hellip;]<\/p>\n","protected":false},"author":1,"featured_media":0,"comment_status":"open","ping_status":"","sticky":false,"template":"","format":"standard","meta":{"footnotes":""},"categories":[89],"tags":[226,94],"class_list":["post-1909849","post","type-post","status-publish","format-standard","hentry","category-romania","tag-crawlmanager","tag-ortodoxinfo-ro"],"_links":{"self":[{"href":"https:\/\/analyse.optim.biz\/index.php?rest_route=\/wp\/v2\/posts\/1909849","targetHints":{"allow":["GET"]}}],"collection":[{"href":"https:\/\/analyse.optim.biz\/index.php?rest_route=\/wp\/v2\/posts"}],"about":[{"href":"https:\/\/analyse.optim.biz\/index.php?rest_route=\/wp\/v2\/types\/post"}],"author":[{"embeddable":true,"href":"https:\/\/analyse.optim.biz\/index.php?rest_route=\/wp\/v2\/users\/1"}],"replies":[{"embeddable":true,"href":"https:\/\/analyse.optim.biz\/index.php?rest_route=%2Fwp%2Fv2%2Fcomments&post=1909849"}],"version-history":[{"count":0,"href":"https:\/\/analyse.optim.biz\/index.php?rest_route=\/wp\/v2\/posts\/1909849\/revisions"}],"wp:attachment":[{"href":"https:\/\/analyse.optim.biz\/index.php?rest_route=%2Fwp%2Fv2%2Fmedia&parent=1909849"}],"wp:term":[{"taxonomy":"category","embeddable":true,"href":"https:\/\/analyse.optim.biz\/index.php?rest_route=%2Fwp%2Fv2%2Fcategories&post=1909849"},{"taxonomy":"post_tag","embeddable":true,"href":"https:\/\/analyse.optim.biz\/index.php?rest_route=%2Fwp%2Fv2%2Ftags&post=1909849"}],"curies":[{"name":"wp","href":"https:\/\/api.w.org\/{rel}","templated":true}]}}