{"id":1909848,"date":"2026-04-29T03:53:39","date_gmt":"2026-04-29T00:53:39","guid":{"rendered":"https:\/\/analyse.optim.biz\/?p=1909848"},"modified":"2026-04-29T03:53:39","modified_gmt":"2026-04-29T00:53:39","slug":"spalat-pe-creier-charles-al-iii-lea-a-sustinut-in-congresul-sua-un-discurs-in-favoarea-nato-a-ucrainei-si-a-agendei-climatice","status":"publish","type":"post","link":"https:\/\/analyse.optim.biz\/?p=1909848","title":{"rendered":"Sp\u0103lat pe creier, Charles al III-lea a sus\u021binut \u00een Congresul SUA un discurs \u00een favoarea NATO, a Ucrainei \u0219i a agendei climatice"},"content":{"rendered":"<p>[analyse_image type=&#8221;featured&#8221; src=&#8221;https:\/\/ortodoxinfo.ro\/wp-content\/uploads\/2026\/04\/regele-charles-al-iii-lea-a-tinut-in-congresul-sua-un-discurs-pro-nato-pro-ucraina-si-in-apararea-ag.jpeg&#8221;]<\/p>\n<article id=\"post-224766\" class=\"post-224766 post type-post status-publish format-standard has-post-thumbnail category-incalzirea-globala category-neo-marxism\">\n<header class=\"single-header\">\n<h1 class=\"s-title fw-headline\">Sp\u0103lat pe creier, Charles al III-lea a sus\u021binut \u00een Congresul SUA un discurs \u00een favoarea NATO, a Ucrainei \u0219i a agendei climatice<\/h1>\n<div class=\"single-meta meta-s-default yes-0\">\n<div class=\"smeta-in\"><a class=\"meta-el meta-avatar\" href=\"https:\/\/ortodoxinfo.ro\/author\/redactor\/\"><img loading=\"lazy\" decoding=\"async\" alt=\"OrtodoxINFO\" src=\"https:\/\/secure.gravatar.com\/avatar\/21010332354a182ce4de6016685c5586f21c51866d0ec5bc8ef383240b3c3e02?s=120&amp;r=g\" class=\"avatar avatar-120 photo\" height=\"120\" width=\"120\"><\/a><\/p>\n<div class=\"smeta-sec\">\n<div class=\"p-meta\">\n<div class=\"meta-inner is-meta\"><span class=\"meta-el meta-date\"><time datetime=\"2026-04-29T06:53:39+03:00\">29 aprilie 2026<\/time><\/span><span class=\"meta-el meta-category meta-bold\"><a class=\"meta-separate category-1848\" href=\"https:\/\/ortodoxinfo.ro\/category\/anti-sistem\/reducerea-populatiei\/incalzirea-globala\/\">Incalzirea global\u0103<\/a><\/span><span class=\"meta-el meta-view\">9.1k vizualiz\u0103ri\t\t<\/span><span class=\"meta-el meta-comment mobile-last-meta tablet-last-meta\"><a href=\"https:\/\/ortodoxinfo.ro\/2026\/04\/29\/spalat-pe-creier-charles-al-iii-lea-a-sustinut-in-congresul-sua-un-discurs-in-favoarea-nato-a-ucrainei-si-a-agendei-climatice\/#comments\">1 comentariu<\/a><\/span><\/div>\n<\/div>\n<\/div>\n<\/div>\n<div class=\"smeta-extra\">\n<div class=\"t-shared-sec tooltips-n has-read-meta is-color\">\n<div class=\"t-shared-header is-meta\"><span class=\"share-label\">Share<\/span><\/div>\n<\/div>\n<div class=\"single-right-meta single-time-read is-meta\"><span class=\"meta-el meta-read\">10 Min Read<\/span><\/div>\n<\/div>\n<\/div>\n<\/header>\n<div class=\"grid-container\">\n<div class=\"s-ct\">\n<div class=\"s-feat-outer\">\n<div class=\"s-feat\">\n<div class=\"featured-lightbox-trigger\" data-source=\"https:\/\/ortodoxinfo.ro\/wp-content\/uploads\/2026\/04\/regele-charles-al-iii-lea-a-tinut-in-congresul-sua-un-discurs-pro-nato-pro-ucraina-si-in-apararea-ag.jpeg\" data-caption data-attribution><img fetchpriority=\"high\" decoding=\"async\" width=\"860\" height=\"452\" src=\"https:\/\/ortodoxinfo.ro\/wp-content\/uploads\/2026\/04\/regele-charles-al-iii-lea-a-tinut-in-congresul-sua-un-discurs-pro-nato-pro-ucraina-si-in-apararea-ag-860x452.jpeg\" class=\"attachment-foxiz_crop_o1 size-foxiz_crop_o1 wp-post-image\" alt loading=\"eager\"><\/div>\n<\/div>\n<\/div>\n<div class=\"s-ct-wrap has-lsl\">\n<div class=\"s-ct-inner\">\n<div class=\"l-shared-sec-outer show-mobile\">\n<div class=\"l-shared-sec\">\n<div class=\"l-shared-header meta-text\"><span class=\"share-label\">SHARE<\/span><\/div>\n<\/div>\n<\/div>\n<div class=\"e-ct-outer\">\n<div class=\"entry-content rbct clearfix is-highlight-shares\">\n<p><strong>\u00cen fa\u021ba Congresului american, regele Charles al III-lea a livrat un discurs al continuit\u0103\u021bii atlantice clasice, ap\u0103r\u00e2nd explicit NATO, sus\u021binerea Ucrainei \u0219i necesitatea ac\u021biunii \u00een fa\u021ba crizei climatice. Mesajul s\u0103u vine \u00eens\u0103 \u00eentr-un moment politic \u00een care noua majoritate de tip MAGA din Statele Unite a fost construit\u0103 exact pe contestarea acestor piloni ai ordinii interna\u021bionale post-R\u0103zboi Rece. F\u0103r\u0103 a intra direct \u00een confruntare politic\u0103 intern\u0103, interven\u021bia suveranului britanic func\u021bioneaz\u0103 ca o reafirmare a vechii arhitecturi occidentale, \u00eentr-un climat american \u00een care aceasta este tot mai disputat\u0103, scrie Le <a href=\"https:\/\/www.lefigaro.fr\/international\/a-washington-charles-iii-s-adresse-au-congres-et-indirectement-a-donald-trump-20260429\" target=\"_blank\" rel=\"noopener\">Figaro<\/a>.<\/strong><\/p>\n<div class=\"inline-single-ad ad_single_index alignfull\">\n<div class=\"ad-wrap ad-script-wrap\">\n<div class=\"ad-script non-adsense edge-padding\">\n<div>\n\u203c\ufe0f\u203c\ufe0f NU recunoa\u0219tem ca pre\u0219edinte al Rom\u00e2niei pe marioneta retard\u0103 Nicu\u0219or Dan! Rom\u00e2ni, boicota\u021bi aceast\u0103 f\u0103c\u0103tur\u0103, care ne face \u021bara de r\u00e2s! NU rom\u00e2nii l-au votat pe Nicusoro\u0219 &#8211; cu unele excep\u021bii de persoane infantile, manipulabile \u0219i chiar idioate &#8211; ci l-au ajutat Maia Soro\u0219, Emanuel Macrou \u0219i tr\u0103d\u0103torii de la B.E.C. \u0219i CCR!<br \/>\n La \u00eenchisoare cu cei care au fraudat alegerile!\n<\/div>\n<\/div>\n<\/div>\n<\/div>\n<p>Cu ocazia vizitei sale de stat \u00een Statele Unite, regele Charles al III-lea s-a deplasat la Capitoliu pentru a sus\u021bine un discurs \u00een fa\u021ba Congresului american, la Washington, pe 28 aprilie 2026.<\/p>\n<p>Regele Marii Britanii a rostit un discurs cald \u0219i plin de umor, dar \u00een care a reamintit f\u0103r\u0103 ambiguit\u0103\u021bi importan\u021ba unei alian\u021be transatlantice puse la \u00eencercare de Donald Trump.<\/p>\n<p>NATO, Ucraina \u0219i Royal Navy s-au num\u0103rat printre temele abordate de suveran \u00een discursul s\u0103u de mar\u021bi dup\u0103-amiaz\u0103. De\u0219i Donald Trump a fost absent de la Capitoliu din motive protocolare, era dificil s\u0103 nu interpretezi observa\u021biile regelui \u2014 formulate pe un ton politicos, dar lipsit de echivoc \u2014 ca replici adresate unui pre\u0219edinte american care denigreaz\u0103 Alian\u021ba Atlantic\u0103, abandoneaz\u0103 Ucraina \u0219i ironizeaz\u0103 marina britanic\u0103. Reamintind importan\u021ba leg\u0103turilor dintre Statele Unite \u0219i \u021bara sa, suveranul a insistat asupra valorilor comune, dup\u0103 luni de provoc\u0103ri din partea lui Donald Trump, care au declan\u0219at cea mai grav\u0103 criz\u0103 de \u00eencredere \u00een rela\u021biile transatlantice din ultimele genera\u021bii.<\/p>\n<p>Cu c\u0103ldur\u0103 \u0219i un anumit umor, Charles al III-lea le-a reamintit ale\u0219ilor americani c\u00e2teva principii fundamentale ale unei republici pe care au fondat-o r\u0103zvr\u0103tindu-se \u00eempotriva Coroanei sale acum 250 de ani. Primul rege britanic care se adreseaz\u0103 Congresului american \u0219i al doilea suveran care face acest lucru dup\u0103 mama sa, regina Elizabeth a II-a, \u00een 1991, Charles al III-lea a evocat cu elegan\u021b\u0103 episodul independen\u021bei fostelor colonii britanice pentru a sublinia un trecut comun. \u201eFi\u021bi siguri, doamnelor \u0219i domnilor, c\u0103 nu m\u0103 aflu aici \u00een cadrul vreunei manevre de culise\u201d, a spus regele, st\u00e2rnind r\u00e2sete \u00een sal\u0103. Descendent \u00eendep\u0103rtat al lui George al III-lea, ultimul rege al Americii, el a invocat spiritul Declara\u021biei de Independen\u021b\u0103 din 1776 pentru a admite c\u0103 \u201edac\u0103 parteneriatul nostru s-a n\u0103scut dintr-un diferend, el nu este mai pu\u021bin solid\u201d.<\/p>\n<p>\u201eRela\u021biile dintre popoarele noastre dep\u0103\u0219esc cei 250 de ani, ele se \u00eentind pe mai bine de patru secole\u201d, a insistat Charles al III-lea. \u201eEste remarcabil s\u0103 m\u0103 g\u00e2ndesc c\u0103 sunt al 19-lea din linia noastr\u0103 de suverani care urm\u0103re\u0219te zilnic afacerile Americii; de aceea, cu cel mai mare respect pentru Congresul Statelor Unite, aceast\u0103 cetate a democra\u021biei creat\u0103 pentru a reprezenta vocea \u00eentregului popor american, pentru a promova drepturile \u0219i libert\u0103\u021bile sacre, m\u0103 prezint ast\u0103zi \u00een fa\u021ba acestei ilustre adun\u0103ri.\u201d<\/p>\n<p><strong>O pledoarie pentru Alian\u021ba Atlantic\u0103<\/strong><\/p>\n<p>Regele l-a citat pe Oscar Wilde pentru a aminti c\u0103 \u021bara sa \u201eare totul \u00een comun cu America, cu excep\u021bia limbii\u201d. Referin\u021ba la \u201eFantoma din Canterville\u201d, unde o familie american\u0103 se mut\u0103 \u00eentr-un castel englez b\u00e2ntuit, nu a fost singura aluzie literar\u0103 la ne\u00een\u021belegerile dintre vechiul regat \u0219i marea republic\u0103. El l-a parafrazat \u0219i pe Charles Dickens, subliniind c\u0103 independen\u021ba american\u0103 ar fi putut fi numit\u0103 \u201epovestea celor doi George\u201d, opun\u00e2ndu-i pe George Washington \u0219i pe str\u0103mo\u0219ul s\u0103u, regele George al III-lea.<\/p>\n<p>\u201eP\u0103rin\u021bii fondatori au fost rebeli \u00eendr\u0103zne\u021bi \u0219i imaginativi, anima\u021bi de o cauz\u0103\u201d, a recunoscut Charles al III-lea, aduc\u00e2nd un omagiu fo\u0219tilor supu\u0219i revolta\u021bi \u00eempotriva Coroanei. Dar a insistat mai ales asupra mo\u0219tenirii comune: \u201eNa\u021biunile noastre sunt, \u00een realitate, pe aceea\u0219i lungime de und\u0103, rod al unor tradi\u021bii democratice, juridice \u0219i sociale comune, \u00een care este ancorat\u0103 guvernarea noastr\u0103. P\u00e2n\u0103 \u00een prezent, sprijinindu-se constant pe aceste valori \u0219i tradi\u021bii, cele dou\u0103 \u021b\u0103ri ale noastre au g\u0103sit \u00eentotdeauna o cale de a se \u00een\u021belege.\u201d<\/p>\n<p>Aceste apeluri la lunga prietenie dintre Regatul Unit \u0219i Statele Unite aveau rolul de a reaminti importan\u021ba unei rela\u021bii aflate \u00eentr-o criz\u0103 profund\u0103 de \u00eencredere, declan\u0219at\u0103 de pre\u0219edintele american. Dar, spre deosebire de al\u021bi \u0219efi de stat care au \u00eencercat s\u0103-l tempereze adopt\u00e2nd o atitudine conciliant\u0103, Charles al III-lea a ales s\u0103 reaminteasc\u0103 principii \u0219i fapte \u2014 replici directe la atacurile recente ale lui Trump. El a vorbit despre importan\u021ba credin\u021bei cre\u0219tine, dar pentru a pleda pentru o \u201emai bun\u0103 \u00een\u021belegere interconfesional\u0103\u201d \u0219i pentru respectul reciproc \u00eentre credincio\u0219i de diferite religii. A insistat, de asemenea, asupra importan\u021bei Alian\u021bei Atlantice, fa\u021b\u0103 de care Donald Trump manifest\u0103 o ostilitate aproape personal\u0103. \u201eAceast\u0103 alian\u021b\u0103 face parte din ceea ce Henry Kissinger descria drept o viziune ambi\u021bioas\u0103 a unui parteneriat atlantic sprijinit pe doi piloni, Europa \u0219i America\u201d, a declarat regele. \u201eAcest parteneriat este mai important ast\u0103zi ca niciodat\u0103.\u201d<\/p>\n<p><strong>\u201eO epoc\u0103 mai instabil\u0103 \u0219i mai periculoas\u0103\u201d<\/strong><\/p>\n<p>Charles al III-lea a reamintit c\u0103 primul suveran britanic aflat pe tron care a pus piciorul \u00een America a fost bunicul s\u0103u, regele George al VI-lea, \u00een 1939, \u201e\u00eentr-un moment \u00een care for\u021bele fascismului c\u00e2\u0219tigau teren \u00een Europa\u2026 La scurt timp, Statele Unite ni s-au al\u0103turat pentru a ap\u0103ra libertatea. Valorile noastre comune au prevalat\u201d. \u201eAst\u0103zi, intr\u0103m \u00eentr-o nou\u0103 er\u0103 care, din multe puncte de vedere, este mai instabil\u0103 \u0219i mai periculoas\u0103 dec\u00e2t lumea despre care a vorbit r\u0103posata mea mam\u0103 \u00een aceast\u0103 cl\u0103dire, \u00een 1991\u201d, a avertizat regele. \u201eProvoc\u0103rile cu care ne confrunt\u0103m sunt prea mari pentru ca o singur\u0103 na\u021biune s\u0103 le poat\u0103 gestiona singur\u0103. \u00cen acest mediu imprevizibil, alian\u021ba noastr\u0103 nu \u00ee\u0219i poate permite s\u0103 stea pe lauri \u0219i nici s\u0103 presupun\u0103 c\u0103 principiile sale fondatoare vor d\u0103inui de la sine\u2026 Parteneriatul nostru este indispensabil.\u201d<\/p>\n<p>Regele a r\u0103spuns indirect \u0219i ironiilor lui Donald Trump la adresa marinei britanice, amintind c\u0103 a servit \u201ecu o m\u00e2ndrie imens\u0103 \u00een Royal Navy\u201d, urm\u00e2nd tradi\u021bia tat\u0103lui s\u0103u, prin\u021bul Philip, a bunicului s\u0103u, George al VI-lea, a unchiului s\u0103u, Lord Mountbatten, \u0219i a str\u0103bunicului s\u0103u, George al V-lea.<\/p>\n<p>El a replicat, politicos dar f\u0103r\u0103 echivoc, \u0219i afirma\u021biilor lui Trump potrivit c\u0103rora NATO \u201enu a fost niciodat\u0103 acolo pentru noi\u201d, precum \u0219i minimaliz\u0103rii sacrificiului solda\u021bilor britanici \u00een Afganistan.<\/p>\n<p><strong>Urgen\u021ba ucrainean\u0103<\/strong><\/p>\n<p>\u201eAnul acesta marcheaz\u0103 \u0219i 25 de ani de la 11 septembrie\u201d, a spus Charles, care urma s\u0103 participe la o ceremonie comemorativ\u0103 la New York. \u201eAm fost al\u0103turi de voi atunci \u0219i suntem al\u0103turi de voi \u0219i ast\u0103zi.\u201d El a reamintit c\u0103 NATO a invocat atunci pentru prima dat\u0103 articolul 5 \u0219i c\u0103 alia\u021bii au ac\u021bionat \u00eempreun\u0103, a\u0219a cum au f\u0103cut-o de-a lungul secolului trecut.<\/p>\n<p>\u201eAst\u0103zi, aceea\u0219i determinare neclintit\u0103 este necesar\u0103 pentru ap\u0103rarea Ucrainei \u0219i a poporului s\u0103u at\u00e2t de curajos\u201d, a continuat regele, \u00eentr-o critic\u0103 clar\u0103 la adresa lui Trump, care a oprit ajutorul militar pentru Kiev, \u0219i indirect la adresa vicepre\u0219edintelui JD Vance.<\/p>\n<p>\u201eAngajamentul \u0219i expertiza for\u021belor armate ale Statelor Unite \u0219i ale alia\u021bilor lor sunt \u00een centrul NATO\u201d, a subliniat el, evoc\u00e2nd leg\u0103turi de securitate \u0219i informa\u021bii construite \u00een decenii. \u201eIdealurile noastre comune nu sunt esen\u021biale doar pentru ap\u0103rarea libert\u0103\u021bii \u0219i egalit\u0103\u021bii, ci constituie \u0219i fundamentul prosperit\u0103\u021bii noastre comune, al statului de drept \u0219i al unei justi\u021bii independente\u201d, a ad\u0103ugat regele.<\/p>\n<p><strong>Provocarea climatic\u0103<\/strong><\/p>\n<p>Chiar \u0219i concluzia discursului, dedicat\u0103 protec\u021biei naturii, a marcat o distan\u021bare politicoas\u0103 fa\u021b\u0103 de politicile de dereglementare ale administra\u021biei Trump. \u201eGenera\u021bia noastr\u0103 trebuie s\u0103 decid\u0103 cum r\u0103spunde colapsului sistemelor naturale\u2026 pe care le ignor\u0103m pe propriul risc\u201d, a avertizat el.<\/p>\n<p>\u201eCuvintele Americii au greutate \u0219i sens, iar ac\u021biunile acestei mari na\u021biuni conteaz\u0103 \u0219i mai mult\u201d, a \u00eencheiat Charles al III-lea, \u00eentr-un mesaj limpede, f\u0103r\u0103 a fi nevoie s\u0103-l numeasc\u0103 pe destinatar.<\/p>\n<\/div>\n<\/div>\n<\/div>\n<div class=\"e-shared-sec entry-sec\">\n<div class=\"e-shared-header h4\"><span>Distribuie<\/span><\/div>\n<div class=\"rbbsl tooltips-n effect-fadeout is-bg\"><a class=\"share-action share-trigger icon-facebook\" aria-label=\"Share on Facebook\" href=\"https:\/\/www.facebook.com\/sharer.php?u=https%3A%2F%2Fortodoxinfo.ro%2F2026%2F04%2F29%2Fspalat-pe-creier-charles-al-iii-lea-a-sustinut-in-congresul-sua-un-discurs-in-favoarea-nato-a-ucrainei-si-a-agendei-climatice%2F\" data-title=\"Facebook\" rel=\"nofollow\"><span>Facebook<\/span><\/a><a class=\"share-action share-trigger icon-twitter\" aria-label=\"Share on X\" href=\"https:\/\/twitter.com\/intent\/tweet?text=Sp%C4%83lat+pe+creier%2C+Charles+al+III-lea+a+sus%C8%9Binut+%C3%AEn+Congresul+SUA+un+discurs+%C3%AEn+favoarea+NATO%2C+a+Ucrainei+%C8%99i+a+agendei+climatice&amp;url=https%3A%2F%2Fortodoxinfo.ro%2F2026%2F04%2F29%2Fspalat-pe-creier-charles-al-iii-lea-a-sustinut-in-congresul-sua-un-discurs-in-favoarea-nato-a-ucrainei-si-a-agendei-climatice%2F&amp;via=ortodoxinforo\" data-title=\"X\" rel=\"nofollow\"><span>X<\/span><\/a><a class=\"share-action icon-whatsapp is-web\" aria-label=\"Share on Whatsapp\" href=\"https:\/\/web.whatsapp.com\/send?text=Sp%C4%83lat+pe+creier%2C+Charles+al+III-lea+a+sus%C8%9Binut+%C3%AEn+Congresul+SUA+un+discurs+%C3%AEn+favoarea+NATO%2C+a+Ucrainei+%C8%99i+a+agendei+climatice%20%E2%98%9E%20https%3A%2F%2Fortodoxinfo.ro%2F2026%2F04%2F29%2Fspalat-pe-creier-charles-al-iii-lea-a-sustinut-in-congresul-sua-un-discurs-in-favoarea-nato-a-ucrainei-si-a-agendei-climatice%2F\" target=\"_blank\" data-title=\"WhatsApp\" rel=\"nofollow\"><span>Whatsapp<\/span><\/a><a class=\"share-action icon-whatsapp is-mobile\" aria-label=\"Share on Whatsapp\" href=\"\/\/send?text=Sp%C4%83lat+pe+creier%2C+Charles+al+III-lea+a+sus%C8%9Binut+%C3%AEn+Congresul+SUA+un+discurs+%C3%AEn+favoarea+NATO%2C+a+Ucrainei+%C8%99i+a+agendei+climatice%20%E2%98%9E%20https%3A%2F%2Fortodoxinfo.ro%2F2026%2F04%2F29%2Fspalat-pe-creier-charles-al-iii-lea-a-sustinut-in-congresul-sua-un-discurs-in-favoarea-nato-a-ucrainei-si-a-agendei-climatice%2F\" target=\"_blank\" data-title=\"WhatsApp\" rel=\"nofollow\"><span>Whatsapp<\/span><\/a><a class=\"share-action share-trigger icon-telegram\" aria-label=\"Share on Telegram\" href=\"https:\/\/t.me\/share\/?url=https%3A%2F%2Fortodoxinfo.ro%2F2026%2F04%2F29%2Fspalat-pe-creier-charles-al-iii-lea-a-sustinut-in-congresul-sua-un-discurs-in-favoarea-nato-a-ucrainei-si-a-agendei-climatice%2F&amp;text=Sp%C4%83lat+pe+creier%2C+Charles+al+III-lea+a+sus%C8%9Binut+%C3%AEn+Congresul+SUA+un+discurs+%C3%AEn+favoarea+NATO%2C+a+Ucrainei+%C8%99i+a+agendei+climatice\" data-title=\"Telegram\" rel=\"nofollow\"><span>Telegram<\/span><\/a><a class=\"share-action icon-copy copy-trigger\" aria-label=\"Copy Link\" href=\"https:\/\/ortodoxinfo.ro\/2026\/04\/29\/spalat-pe-creier-charles-al-iii-lea-a-sustinut-in-congresul-sua-un-discurs-in-favoarea-nato-a-ucrainei-si-a-agendei-climatice\/\" data-copied=\"Copied!\" data-link=\"https:\/\/ortodoxinfo.ro\/2026\/04\/29\/spalat-pe-creier-charles-al-iii-lea-a-sustinut-in-congresul-sua-un-discurs-in-favoarea-nato-a-ucrainei-si-a-agendei-climatice\/\" rel=\"nofollow\" data-copy=\"Copy Link\"><span>Copy Link<\/span><\/a><a class=\"share-action icon-print\" aria-label=\"Print\" rel=\"nofollow\" data-title=\"Print\"><span>Print<\/span><\/a><\/div>\n<\/div>\n<\/div>\n<div id=\"tabs\" class=\"dntplgn_form_wrapper\"><span><\/p>\n<h2>\u0218tirile sunt sub cenzur\u0103! Sprijini\u021bi OrtodoxINFO!<\/h2>\n<p>Guvernul nu dore\u0219te aflarea adev\u0103rului despre lovitura de stat \u0219i \u00eengenuncherea Rom\u00e2niei. \u00cencerc\u0103m s\u0103 men\u021binem viu acest site \u0219i s\u0103 v\u0103 punem la dispozi\u021bie informa\u021bii care s\u0103 fac\u0103 lumin\u0103 \u00een cea mai mare provocare pe care o tr\u0103im. Jurnalismul independent al portalului OrtodoxINFO func\u021bioneaz\u0103 strict cu ajutorul cititorilor.<br \/>\nNe pute\u021bi sprijini printr-o <b><a href=\"https:\/\/ortodoxinfo.ro\/donatii\/\">dona\u021bie bancar\u0103<\/a> sau prin PayPal, complet\u00e2nd formularul de mai jos.<\/b><\/span><\/p>\n<ul>\n<li><a href=\"https:\/\/ortodoxinfo.ro\/2026\/04\/29\/spalat-pe-creier-charles-al-iii-lea-a-sustinut-in-congresul-sua-un-discurs-in-favoarea-nato-a-ucrainei-si-a-agendei-climatice\/#tabs-1\">Dona\u021bie lunar\u0103<\/a><\/li>\n<li><a href=\"https:\/\/ortodoxinfo.ro\/2026\/04\/29\/spalat-pe-creier-charles-al-iii-lea-a-sustinut-in-congresul-sua-un-discurs-in-favoarea-nato-a-ucrainei-si-a-agendei-climatice\/#tabs-2\">Doar acum<\/a><\/li>\n<\/ul>\n<div id=\"tabs-1\"><img loading=\"lazy\" decoding=\"async\" alt border=\"0\" src=\"https:\/\/www.paypalobjects.com\/en_US\/i\/scr\/pixel.gif\" width=\"1\" height=\"1\"><\/div>\n<div id=\"tabs-2\">\n<p>\t\t     \u20ac<\/p>\n<p>\t\t    <img loading=\"lazy\" decoding=\"async\" alt border=\"0\" src=\"https:\/\/www.paypalobjects.com\/en_US\/i\/scr\/pixel.gif\" width=\"1\" height=\"1\"><\/div>\n<p>Mul\u021bumim celor care ne-au ajutat p\u00e2n\u0103 acum!\n\t<\/p><\/div>\n<div class=\"comment-box-wrap entry-sec\">\n<div class=\"comment-box-header\"><span class=\"h3\">1 comentariu<\/span><\/div>\n<div class=\"comment-holder\">\n<div id=\"comments\" class=\"comments-area\">\n<div class=\"rb-section\">\n<ul class=\"comment-list entry\">\n<li id=\"comment-248964\" class=\"comment even thread-even depth-1\">\n<article id=\"div-comment-248964\" class=\"comment-body\">\n<footer class=\"comment-meta\">\n<div class=\"comment-author vcard\"><img loading=\"lazy\" decoding=\"async\" alt src=\"https:\/\/secure.gravatar.com\/avatar\/af99a26cfedaef559486f3867eafe5c272c88454fab3768b5a52dfd3d497f448?s=100&amp;r=g\" class=\"avatar avatar-100 photo\" height=\"100\" width=\"100\"><b class=\"fn\">vlad tepes<\/b><span class=\"says\">spune:<\/span><\/div>\n<div class=\"comment-metadata\"><a href=\"https:\/\/ortodoxinfo.ro\/2026\/04\/29\/spalat-pe-creier-charles-al-iii-lea-a-sustinut-in-congresul-sua-un-discurs-in-favoarea-nato-a-ucrainei-si-a-agendei-climatice\/#comment-248964\"><time datetime=\"2026-04-29T10:27:17+03:00\">29 aprilie 2026 la 10:27<\/time><\/a><\/div>\n<\/footer>\n<div class=\"comment-content\">\n<p>Reptila britanica nu se dezminte, sustinand in continuare Vechea Ordine Mondiala, bazata \u201epe reguli, democratie, drepturile omului si dolar\u201d(si alte vrajeli de acest tip), in realitate, o Ordine bazata pe state mari si puternice ale Occidentului Colectiv care au dreptul sa jefuiasca la greu statele-Colonii. Problema pt Reptila Charles si pt ceilalti sustinatori ai acestui tip de ordine mondiala, este aceea ca acesta nu se mai poate sustine in mod natural, caci statele Lumii se indreapta spre o ordine multipolara, in care vor importante vor fi relatiile bilatereale, suveranitatea, economia, industria si resursele proprii.<\/p>\n<\/div>\n<div class=\"reply\"><a rel=\"nofollow\" class=\"comment-reply-link\" href=\"https:\/\/ortodoxinfo.ro\/2026\/04\/29\/spalat-pe-creier-charles-al-iii-lea-a-sustinut-in-congresul-sua-un-discurs-in-favoarea-nato-a-ucrainei-si-a-agendei-climatice\/?replytocom=248964#respond\" data-commentid=\"248964\" data-postid=\"224766\" data-belowelement=\"div-comment-248964\" data-respondelement=\"respond\" data-replyto=\"R\u0103spunde-i lui vlad tepes\" aria-label=\"R\u0103spunde-i lui vlad tepes\">R\u0103spunde<\/a><\/div>\n<\/article>\n<\/li>\n<\/ul>\n<\/div>\n<div id=\"respond\" class=\"comment-respond\">\n<h3 id=\"reply-title\" class=\"comment-reply-title\">Las\u0103 un r\u0103spuns <small><a rel=\"nofollow\" id=\"cancel-comment-reply-link\" href=\"https:\/\/ortodoxinfo.ro\/2026\/04\/29\/spalat-pe-creier-charles-al-iii-lea-a-sustinut-in-congresul-sua-un-discurs-in-favoarea-nato-a-ucrainei-si-a-agendei-climatice\/#respond\">Anuleaz\u0103 r\u0103spunsul<\/a><\/small><\/h3>\n<p class=\"comment-notes\"><span id=\"email-notes\">Adresa ta de email nu va fi publicat\u0103.<\/span><span class=\"required-field-message\">C\u00e2mpurile obligatorii sunt marcate cu <span class=\"required\">*<\/span><\/span><\/p>\n<\/div>\n<\/div>\n<\/div>\n<\/div>\n<\/div>\n<div class=\"sidebar-wrap single-sidebar\">\n<div class=\"sidebar-inner clearfix\">\n<div id=\"widget-post-2\" class=\"widget rb-section w-sidebar clearfix widget-post\">\n<div class=\"block-h widget-heading heading-layout-1\">\n<div class=\"heading-inner\">\n<h4 class=\"heading-title\"><span>Articole recente<\/span><\/h4>\n<\/div>\n<\/div>\n<div class=\"widget-p-listing\">\n<div class=\"p-wrap p-small p-list-small-2\" data-pid=\"224968\">\n<div class=\"feat-holder\">\n<div class=\"p-featured ratio-v1\"><a class=\"p-flink\" href=\"https:\/\/ortodoxinfo.ro\/2026\/04\/29\/euro-a-depasit-pragul-de-51-lei-in-spatiul-public-se-acrediteaza-ideea-ca-ar-fi-din-cauza-debarcarii-guvernului-bolojaf-romanii-au-fost-speriati-cu-aceeasi-marota-si-la-alegerile-fraudate-din-2025\/\" title=\"Euro a dep\u0103\u0219it pragul de 5,1 lei: \u00cen spa\u021biul public se acrediteaz\u0103 ideea c\u0103 ar fi din cauza debarc\u0103rii Guvernului Bolojaf | Rom\u00e2nii au fost speria\u021bi cu aceea\u0219i marot\u0103 \u0219i la alegerile FRAUDATE din 2025\"><img decoding=\"async\" width=\"150\" height=\"150\" src=\"https:\/\/ortodoxinfo.ro\/wp-content\/uploads\/2026\/04\/Nicusor-Dan-Ilie-Bolojan-e1750250703901-150x150.jpg\" class=\"featured-img wp-post-image\" alt loading=\"lazy\"><\/a><\/div>\n<\/div>\n<div class=\"p-content\">\n<h5 class=\"entry-title\"><a class=\"p-url\" href=\"https:\/\/ortodoxinfo.ro\/2026\/04\/29\/euro-a-depasit-pragul-de-51-lei-in-spatiul-public-se-acrediteaza-ideea-ca-ar-fi-din-cauza-debarcarii-guvernului-bolojaf-romanii-au-fost-speriati-cu-aceeasi-marota-si-la-alegerile-fraudate-din-2025\/\" rel=\"bookmark\">Euro a dep\u0103\u0219it pragul de 5,1 lei: \u00cen spa\u021biul public se acrediteaz\u0103 ideea c\u0103 ar fi din cauza debarc\u0103rii Guvernului Bolojaf | Rom\u00e2nii au fost speria\u021bi cu aceea\u0219i marot\u0103 \u0219i la alegerile FRAUDATE din 2025<\/a><\/h5>\n<div class=\"p-meta\">\n<div class=\"meta-inner is-meta\"><span class=\"meta-el meta-date\"><time datetime=\"2026-04-29T21:53:37+03:00\">29 aprilie 2026<\/time><\/span><span class=\"meta-el meta-category meta-bold\"><a class=\"meta-separate category-19885\" href=\"https:\/\/ortodoxinfo.ro\/category\/anti-sistem\/anti-romanism\/asasinii-tarii\/\">Asasinii \u021b\u0103rii<\/a><\/span><span class=\"meta-el meta-view\">3k vizualiz\u0103ri\t\t<\/span><\/div>\n<\/div>\n<\/div>\n<\/div>\n<div class=\"p-wrap p-small p-list-small-2\" data-pid=\"224896\">\n<div class=\"feat-holder\">\n<div class=\"p-featured ratio-v1\"><a class=\"p-flink\" href=\"https:\/\/ortodoxinfo.ro\/2026\/04\/29\/ccr-anuleaza-numirile-din-tvr-si-radio-romania-la-sesizarea-aur-parlamentul-va-fi-obligat-sa-reia-procedura\/\" title=\"CCR anuleaz\u0103 numirile din TVR \u0219i Radio Rom\u00e2nia, la sesizarea AUR. Parlamentul va fi obligat s\u0103 reia procedura\"><img decoding=\"async\" width=\"150\" height=\"150\" src=\"https:\/\/ortodoxinfo.ro\/wp-content\/uploads\/2026\/04\/ccr-anuleaz-numirile-din-tvr-i-radio-rom-nia-la-sesizarea-aur-parlamentul-va-fi-obligat-s-reia-proce-150x150.jpeg\" class=\"featured-img wp-post-image\" alt loading=\"lazy\"><\/a><\/div>\n<\/div>\n<div class=\"p-content\">\n<h5 class=\"entry-title\"><a class=\"p-url\" href=\"https:\/\/ortodoxinfo.ro\/2026\/04\/29\/ccr-anuleaza-numirile-din-tvr-si-radio-romania-la-sesizarea-aur-parlamentul-va-fi-obligat-sa-reia-procedura\/\" rel=\"bookmark\">CCR anuleaz\u0103 numirile din TVR \u0219i Radio Rom\u00e2nia, la sesizarea AUR. Parlamentul va fi obligat s\u0103 reia procedura<\/a><\/h5>\n<div class=\"p-meta\">\n<div class=\"meta-inner is-meta\"><span class=\"meta-el meta-date\"><time datetime=\"2026-04-29T17:14:23+03:00\">29 aprilie 2026<\/time><\/span><span class=\"meta-el meta-category meta-bold\"><a class=\"meta-separate category-19866\" href=\"https:\/\/ortodoxinfo.ro\/category\/lupta-pentru-romania\/\">Lupt\u0103 pentru Rom\u00e2nia<\/a><\/span><span class=\"meta-el meta-view\">4k vizualiz\u0103ri\t\t<\/span><\/div>\n<\/div>\n<\/div>\n<\/div>\n<div class=\"p-wrap p-small p-list-small-2\" data-pid=\"224793\">\n<div class=\"feat-holder\">\n<div class=\"p-featured ratio-v1\"><a class=\"p-flink\" href=\"https:\/\/ortodoxinfo.ro\/2026\/04\/29\/gheorghe-piperea-il-demoleaza-pe-nazistul-dan-barna\/\" title=\"Gheorghe Piperea \u00eel demoleaz\u0103 pe nazistul Dan Barna\"><img decoding=\"async\" width=\"150\" height=\"150\" src=\"https:\/\/ortodoxinfo.ro\/wp-content\/uploads\/2025\/03\/Piperea-1000x600-1-150x150.jpg\" class=\"featured-img wp-post-image\" alt loading=\"lazy\"><\/a><\/div>\n<\/div>\n<div class=\"p-content\">\n<h5 class=\"entry-title\"><a class=\"p-url\" href=\"https:\/\/ortodoxinfo.ro\/2026\/04\/29\/gheorghe-piperea-il-demoleaza-pe-nazistul-dan-barna\/\" rel=\"bookmark\">Gheorghe Piperea \u00eel demoleaz\u0103 pe nazistul Dan Barna<\/a><\/h5>\n<div class=\"p-meta\">\n<div class=\"meta-inner is-meta\"><span class=\"meta-el meta-date\"><time datetime=\"2026-04-29T08:59:41+03:00\">29 aprilie 2026<\/time><\/span><span class=\"meta-el meta-category meta-bold\"><a class=\"meta-separate category-20289\" href=\"https:\/\/ortodoxinfo.ro\/category\/suveranism\/\">Suveranism<\/a><\/span><span class=\"meta-el meta-view\">16k vizualiz\u0103ri\t\t<\/span><\/div>\n<\/div>\n<\/div>\n<\/div>\n<div class=\"p-wrap p-small p-list-small-2\" data-pid=\"224722\">\n<div class=\"feat-holder\">\n<div class=\"p-featured ratio-v1\"><a class=\"p-flink\" href=\"https:\/\/ortodoxinfo.ro\/2026\/04\/28\/escrocheria-safe-10-miliarde-nu-vor-ajunge-in-romania-se-vor-opri-in-germania-franta-si-ucraina\/\" title=\"Escrocheria SAFE: 10 miliarde nu vor ajunge \u00een Rom\u00e2nia, se vor opri \u00een Germania, Fran\u021ba \u0219i Ucraina\"><img decoding=\"async\" width=\"150\" height=\"150\" src=\"https:\/\/ortodoxinfo.ro\/wp-content\/uploads\/2026\/04\/safe-150x150.webp\" class=\"featured-img wp-post-image\" alt loading=\"lazy\"><\/a><\/div>\n<\/div>\n<div class=\"p-content\">\n<h5 class=\"entry-title\"><a class=\"p-url\" href=\"https:\/\/ortodoxinfo.ro\/2026\/04\/28\/escrocheria-safe-10-miliarde-nu-vor-ajunge-in-romania-se-vor-opri-in-germania-franta-si-ucraina\/\" rel=\"bookmark\">Escrocheria SAFE: 10 miliarde nu vor ajunge \u00een Rom\u00e2nia, se vor opri \u00een Germania, Fran\u021ba \u0219i Ucraina<\/a><\/h5>\n<div class=\"p-meta\">\n<div class=\"meta-inner is-meta\"><span class=\"meta-el meta-date\"><time datetime=\"2026-04-28T22:50:07+03:00\">28 aprilie 2026<\/time><\/span><span class=\"meta-el meta-category meta-bold\"><a class=\"meta-separate category-19885\" href=\"https:\/\/ortodoxinfo.ro\/category\/anti-sistem\/anti-romanism\/asasinii-tarii\/\">Asasinii \u021b\u0103rii<\/a><\/span><span class=\"meta-el meta-view\">8.9k vizualiz\u0103ri\t\t<\/span><\/div>\n<\/div>\n<\/div>\n<\/div>\n<\/div>\n<\/div>\n<div id=\"custom_html-2\" class=\"widget_text widget rb-section w-sidebar clearfix widget_custom_html\">\n<div class=\"block-h widget-heading heading-layout-1\">\n<div class=\"heading-inner\">\n<h4 class=\"heading-title\"><span>DONA\u021aII \u00een cont bancar<\/span><\/h4>\n<\/div>\n<\/div>\n<div class=\"textwidget custom-html-widget\">\n<table class=\"donatii\">\n<tbody>\n<tr>\n<th colspan=\"2\"><strong><span>ASMIB<\/span><\/strong><\/th>\n<\/tr>\n<tr>\n<th>Cont LEI<\/th>\n<td>RO67CECEB00030RON2081955<\/td>\n<\/tr>\n<tr>\n<th>Cont EURO<\/th>\n<td>RO33CECEB000C1EUR2081978<\/td>\n<\/tr>\n<tr>\n<th>Cod SWIFT<\/th>\n<td>CECEROBU<\/td>\n<\/tr>\n<tr>\n<th colspan=\"2\"><strong>CEC BANK SA<\/strong><\/th>\n<\/tr>\n<\/tbody>\n<\/table>\n<\/div>\n<\/div>\n<\/div>\n<\/div>\n<\/div>\n<\/article>\n<div class=\"entry-content rbct clearfix is-highlight-shares\">\n<p><strong>\u00cen fa\u021ba Congresului american, regele Charles al III-lea a livrat un discurs al continuit\u0103\u021bii atlantice clasice, ap\u0103r\u00e2nd explicit NATO, sus\u021binerea Ucrainei \u0219i necesitatea ac\u021biunii \u00een fa\u021ba crizei climatice. Mesajul s\u0103u vine \u00eens\u0103 \u00eentr-un moment politic \u00een care noua majoritate de tip MAGA din Statele Unite a fost construit\u0103 exact pe contestarea acestor piloni ai ordinii interna\u021bionale post-R\u0103zboi Rece. F\u0103r\u0103 a intra direct \u00een confruntare politic\u0103 intern\u0103, interven\u021bia suveranului britanic func\u021bioneaz\u0103 ca o reafirmare a vechii arhitecturi occidentale, \u00eentr-un climat american \u00een care aceasta este tot mai disputat\u0103, scrie Le <a href=\"https:\/\/www.lefigaro.fr\/international\/a-washington-charles-iii-s-adresse-au-congres-et-indirectement-a-donald-trump-20260429\" target=\"_blank\" rel=\"noopener\">Figaro<\/a>.<\/strong><\/p>\n<div class=\"inline-single-ad ad_single_index alignfull\">\n<div class=\"ad-wrap ad-script-wrap\">\n<div class=\"ad-script non-adsense edge-padding\">\n<div>\n\u203c\ufe0f\u203c\ufe0f NU recunoa\u0219tem ca pre\u0219edinte al Rom\u00e2niei pe marioneta retard\u0103 Nicu\u0219or Dan! Rom\u00e2ni, boicota\u021bi aceast\u0103 f\u0103c\u0103tur\u0103, care ne face \u021bara de r\u00e2s! NU rom\u00e2nii l-au votat pe Nicusoro\u0219 &#8211; cu unele excep\u021bii de persoane infantile, manipulabile \u0219i chiar idioate &#8211; ci l-au ajutat Maia Soro\u0219, Emanuel Macrou \u0219i tr\u0103d\u0103torii de la B.E.C. \u0219i CCR!<br \/>\n La \u00eenchisoare cu cei care au fraudat alegerile!\n<\/div>\n<\/div>\n<\/div>\n<\/div>\n<p>Cu ocazia vizitei sale de stat \u00een Statele Unite, regele Charles al III-lea s-a deplasat la Capitoliu pentru a sus\u021bine un discurs \u00een fa\u021ba Congresului american, la Washington, pe 28 aprilie 2026.<\/p>\n<p>Regele Marii Britanii a rostit un discurs cald \u0219i plin de umor, dar \u00een care a reamintit f\u0103r\u0103 ambiguit\u0103\u021bi importan\u021ba unei alian\u021be transatlantice puse la \u00eencercare de Donald Trump.<\/p>\n<p>NATO, Ucraina \u0219i Royal Navy s-au num\u0103rat printre temele abordate de suveran \u00een discursul s\u0103u de mar\u021bi dup\u0103-amiaz\u0103. De\u0219i Donald Trump a fost absent de la Capitoliu din motive protocolare, era dificil s\u0103 nu interpretezi observa\u021biile regelui \u2014 formulate pe un ton politicos, dar lipsit de echivoc \u2014 ca replici adresate unui pre\u0219edinte american care denigreaz\u0103 Alian\u021ba Atlantic\u0103, abandoneaz\u0103 Ucraina \u0219i ironizeaz\u0103 marina britanic\u0103. Reamintind importan\u021ba leg\u0103turilor dintre Statele Unite \u0219i \u021bara sa, suveranul a insistat asupra valorilor comune, dup\u0103 luni de provoc\u0103ri din partea lui Donald Trump, care au declan\u0219at cea mai grav\u0103 criz\u0103 de \u00eencredere \u00een rela\u021biile transatlantice din ultimele genera\u021bii.<\/p>\n<p>Cu c\u0103ldur\u0103 \u0219i un anumit umor, Charles al III-lea le-a reamintit ale\u0219ilor americani c\u00e2teva principii fundamentale ale unei republici pe care au fondat-o r\u0103zvr\u0103tindu-se \u00eempotriva Coroanei sale acum 250 de ani. Primul rege britanic care se adreseaz\u0103 Congresului american \u0219i al doilea suveran care face acest lucru dup\u0103 mama sa, regina Elizabeth a II-a, \u00een 1991, Charles al III-lea a evocat cu elegan\u021b\u0103 episodul independen\u021bei fostelor colonii britanice pentru a sublinia un trecut comun. \u201eFi\u021bi siguri, doamnelor \u0219i domnilor, c\u0103 nu m\u0103 aflu aici \u00een cadrul vreunei manevre de culise\u201d, a spus regele, st\u00e2rnind r\u00e2sete \u00een sal\u0103. Descendent \u00eendep\u0103rtat al lui George al III-lea, ultimul rege al Americii, el a invocat spiritul Declara\u021biei de Independen\u021b\u0103 din 1776 pentru a admite c\u0103 \u201edac\u0103 parteneriatul nostru s-a n\u0103scut dintr-un diferend, el nu este mai pu\u021bin solid\u201d.<\/p>\n<p>\u201eRela\u021biile dintre popoarele noastre dep\u0103\u0219esc cei 250 de ani, ele se \u00eentind pe mai bine de patru secole\u201d, a insistat Charles al III-lea. \u201eEste remarcabil s\u0103 m\u0103 g\u00e2ndesc c\u0103 sunt al 19-lea din linia noastr\u0103 de suverani care urm\u0103re\u0219te zilnic afacerile Americii; de aceea, cu cel mai mare respect pentru Congresul Statelor Unite, aceast\u0103 cetate a democra\u021biei creat\u0103 pentru a reprezenta vocea \u00eentregului popor american, pentru a promova drepturile \u0219i libert\u0103\u021bile sacre, m\u0103 prezint ast\u0103zi \u00een fa\u021ba acestei ilustre adun\u0103ri.\u201d<\/p>\n<p><strong>O pledoarie pentru Alian\u021ba Atlantic\u0103<\/strong><\/p>\n<p>Regele l-a citat pe Oscar Wilde pentru a aminti c\u0103 \u021bara sa \u201eare totul \u00een comun cu America, cu excep\u021bia limbii\u201d. Referin\u021ba la \u201eFantoma din Canterville\u201d, unde o familie american\u0103 se mut\u0103 \u00eentr-un castel englez b\u00e2ntuit, nu a fost singura aluzie literar\u0103 la ne\u00een\u021belegerile dintre vechiul regat \u0219i marea republic\u0103. El l-a parafrazat \u0219i pe Charles Dickens, subliniind c\u0103 independen\u021ba american\u0103 ar fi putut fi numit\u0103 \u201epovestea celor doi George\u201d, opun\u00e2ndu-i pe George Washington \u0219i pe str\u0103mo\u0219ul s\u0103u, regele George al III-lea.<\/p>\n<p>\u201eP\u0103rin\u021bii fondatori au fost rebeli \u00eendr\u0103zne\u021bi \u0219i imaginativi, anima\u021bi de o cauz\u0103\u201d, a recunoscut Charles al III-lea, aduc\u00e2nd un omagiu fo\u0219tilor supu\u0219i revolta\u021bi \u00eempotriva Coroanei. Dar a insistat mai ales asupra mo\u0219tenirii comune: \u201eNa\u021biunile noastre sunt, \u00een realitate, pe aceea\u0219i lungime de und\u0103, rod al unor tradi\u021bii democratice, juridice \u0219i sociale comune, \u00een care este ancorat\u0103 guvernarea noastr\u0103. P\u00e2n\u0103 \u00een prezent, sprijinindu-se constant pe aceste valori \u0219i tradi\u021bii, cele dou\u0103 \u021b\u0103ri ale noastre au g\u0103sit \u00eentotdeauna o cale de a se \u00een\u021belege.\u201d<\/p>\n<p>Aceste apeluri la lunga prietenie dintre Regatul Unit \u0219i Statele Unite aveau rolul de a reaminti importan\u021ba unei rela\u021bii aflate \u00eentr-o criz\u0103 profund\u0103 de \u00eencredere, declan\u0219at\u0103 de pre\u0219edintele american. Dar, spre deosebire de al\u021bi \u0219efi de stat care au \u00eencercat s\u0103-l tempereze adopt\u00e2nd o atitudine conciliant\u0103, Charles al III-lea a ales s\u0103 reaminteasc\u0103 principii \u0219i fapte \u2014 replici directe la atacurile recente ale lui Trump. El a vorbit despre importan\u021ba credin\u021bei cre\u0219tine, dar pentru a pleda pentru o \u201emai bun\u0103 \u00een\u021belegere interconfesional\u0103\u201d \u0219i pentru respectul reciproc \u00eentre credincio\u0219i de diferite religii. A insistat, de asemenea, asupra importan\u021bei Alian\u021bei Atlantice, fa\u021b\u0103 de care Donald Trump manifest\u0103 o ostilitate aproape personal\u0103. \u201eAceast\u0103 alian\u021b\u0103 face parte din ceea ce Henry Kissinger descria drept o viziune ambi\u021bioas\u0103 a unui parteneriat atlantic sprijinit pe doi piloni, Europa \u0219i America\u201d, a declarat regele. \u201eAcest parteneriat este mai important ast\u0103zi ca niciodat\u0103.\u201d<\/p>\n<p><strong>\u201eO epoc\u0103 mai instabil\u0103 \u0219i mai periculoas\u0103\u201d<\/strong><\/p>\n<p>Charles al III-lea a reamintit c\u0103 primul suveran britanic aflat pe tron care a pus piciorul \u00een America a fost bunicul s\u0103u, regele George al VI-lea, \u00een 1939, \u201e\u00eentr-un moment \u00een care for\u021bele fascismului c\u00e2\u0219tigau teren \u00een Europa\u2026 La scurt timp, Statele Unite ni s-au al\u0103turat pentru a ap\u0103ra libertatea. Valorile noastre comune au prevalat\u201d. \u201eAst\u0103zi, intr\u0103m \u00eentr-o nou\u0103 er\u0103 care, din multe puncte de vedere, este mai instabil\u0103 \u0219i mai periculoas\u0103 dec\u00e2t lumea despre care a vorbit r\u0103posata mea mam\u0103 \u00een aceast\u0103 cl\u0103dire, \u00een 1991\u201d, a avertizat regele. \u201eProvoc\u0103rile cu care ne confrunt\u0103m sunt prea mari pentru ca o singur\u0103 na\u021biune s\u0103 le poat\u0103 gestiona singur\u0103. \u00cen acest mediu imprevizibil, alian\u021ba noastr\u0103 nu \u00ee\u0219i poate permite s\u0103 stea pe lauri \u0219i nici s\u0103 presupun\u0103 c\u0103 principiile sale fondatoare vor d\u0103inui de la sine\u2026 Parteneriatul nostru este indispensabil.\u201d<\/p>\n<p>Regele a r\u0103spuns indirect \u0219i ironiilor lui Donald Trump la adresa marinei britanice, amintind c\u0103 a servit \u201ecu o m\u00e2ndrie imens\u0103 \u00een Royal Navy\u201d, urm\u00e2nd tradi\u021bia tat\u0103lui s\u0103u, prin\u021bul Philip, a bunicului s\u0103u, George al VI-lea, a unchiului s\u0103u, Lord Mountbatten, \u0219i a str\u0103bunicului s\u0103u, George al V-lea.<\/p>\n<p>El a replicat, politicos dar f\u0103r\u0103 echivoc, \u0219i afirma\u021biilor lui Trump potrivit c\u0103rora NATO \u201enu a fost niciodat\u0103 acolo pentru noi\u201d, precum \u0219i minimaliz\u0103rii sacrificiului solda\u021bilor britanici \u00een Afganistan.<\/p>\n<p><strong>Urgen\u021ba ucrainean\u0103<\/strong><\/p>\n<p>\u201eAnul acesta marcheaz\u0103 \u0219i 25 de ani de la 11 septembrie\u201d, a spus Charles, care urma s\u0103 participe la o ceremonie comemorativ\u0103 la New York. \u201eAm fost al\u0103turi de voi atunci \u0219i suntem al\u0103turi de voi \u0219i ast\u0103zi.\u201d El a reamintit c\u0103 NATO a invocat atunci pentru prima dat\u0103 articolul 5 \u0219i c\u0103 alia\u021bii au ac\u021bionat \u00eempreun\u0103, a\u0219a cum au f\u0103cut-o de-a lungul secolului trecut.<\/p>\n<p>\u201eAst\u0103zi, aceea\u0219i determinare neclintit\u0103 este necesar\u0103 pentru ap\u0103rarea Ucrainei \u0219i a poporului s\u0103u at\u00e2t de curajos\u201d, a continuat regele, \u00eentr-o critic\u0103 clar\u0103 la adresa lui Trump, care a oprit ajutorul militar pentru Kiev, \u0219i indirect la adresa vicepre\u0219edintelui JD Vance.<\/p>\n<p>\u201eAngajamentul \u0219i expertiza for\u021belor armate ale Statelor Unite \u0219i ale alia\u021bilor lor sunt \u00een centrul NATO\u201d, a subliniat el, evoc\u00e2nd leg\u0103turi de securitate \u0219i informa\u021bii construite \u00een decenii. \u201eIdealurile noastre comune nu sunt esen\u021biale doar pentru ap\u0103rarea libert\u0103\u021bii \u0219i egalit\u0103\u021bii, ci constituie \u0219i fundamentul prosperit\u0103\u021bii noastre comune, al statului de drept \u0219i al unei justi\u021bii independente\u201d, a ad\u0103ugat regele.<\/p>\n<p><strong>Provocarea climatic\u0103<\/strong><\/p>\n<p>Chiar \u0219i concluzia discursului, dedicat\u0103 protec\u021biei naturii, a marcat o distan\u021bare politicoas\u0103 fa\u021b\u0103 de politicile de dereglementare ale administra\u021biei Trump. \u201eGenera\u021bia noastr\u0103 trebuie s\u0103 decid\u0103 cum r\u0103spunde colapsului sistemelor naturale\u2026 pe care le ignor\u0103m pe propriul risc\u201d, a avertizat el.<\/p>\n<p>\u201eCuvintele Americii au greutate \u0219i sens, iar ac\u021biunile acestei mari na\u021biuni conteaz\u0103 \u0219i mai mult\u201d, a \u00eencheiat Charles al III-lea, \u00eentr-un mesaj limpede, f\u0103r\u0103 a fi nevoie s\u0103-l numeasc\u0103 pe destinatar.<\/p>\n<\/div>\n<p>[analyse_source url=&#8221;https:\/\/ortodoxinfo.ro\/2026\/04\/29\/spalat-pe-creier-charles-al-iii-lea-a-sustinut-in-congresul-sua-un-discurs-in-favoarea-nato-a-ucrainei-si-a-agendei-climatice\/&#8221;]<\/p>\n","protected":false},"excerpt":{"rendered":"<p>[analyse_image type=&#8221;featured&#8221; src=&#8221;https:\/\/ortodoxinfo.ro\/wp-content\/uploads\/2026\/04\/regele-charles-al-iii-lea-a-tinut-in-congresul-sua-un-discurs-pro-nato-pro-ucraina-si-in-apararea-ag.jpeg&#8221;] Sp\u0103lat pe creier, Charles al III-lea a sus\u021binut \u00een Congresul SUA un discurs \u00een favoarea NATO, a Ucrainei \u0219i a agendei climatice 29 aprilie 2026Incalzirea global\u01039.1k vizualiz\u0103ri 1 comentariu Share 10 Min Read SHARE \u00cen fa\u021ba Congresului american, regele Charles al III-lea a livrat un discurs al continuit\u0103\u021bii atlantice clasice, ap\u0103r\u00e2nd explicit [&hellip;]<\/p>\n","protected":false},"author":1,"featured_media":0,"comment_status":"open","ping_status":"","sticky":false,"template":"","format":"standard","meta":{"footnotes":""},"categories":[89],"tags":[226,94],"class_list":["post-1909848","post","type-post","status-publish","format-standard","hentry","category-romania","tag-crawlmanager","tag-ortodoxinfo-ro"],"_links":{"self":[{"href":"https:\/\/analyse.optim.biz\/index.php?rest_route=\/wp\/v2\/posts\/1909848","targetHints":{"allow":["GET"]}}],"collection":[{"href":"https:\/\/analyse.optim.biz\/index.php?rest_route=\/wp\/v2\/posts"}],"about":[{"href":"https:\/\/analyse.optim.biz\/index.php?rest_route=\/wp\/v2\/types\/post"}],"author":[{"embeddable":true,"href":"https:\/\/analyse.optim.biz\/index.php?rest_route=\/wp\/v2\/users\/1"}],"replies":[{"embeddable":true,"href":"https:\/\/analyse.optim.biz\/index.php?rest_route=%2Fwp%2Fv2%2Fcomments&post=1909848"}],"version-history":[{"count":0,"href":"https:\/\/analyse.optim.biz\/index.php?rest_route=\/wp\/v2\/posts\/1909848\/revisions"}],"wp:attachment":[{"href":"https:\/\/analyse.optim.biz\/index.php?rest_route=%2Fwp%2Fv2%2Fmedia&parent=1909848"}],"wp:term":[{"taxonomy":"category","embeddable":true,"href":"https:\/\/analyse.optim.biz\/index.php?rest_route=%2Fwp%2Fv2%2Fcategories&post=1909848"},{"taxonomy":"post_tag","embeddable":true,"href":"https:\/\/analyse.optim.biz\/index.php?rest_route=%2Fwp%2Fv2%2Ftags&post=1909848"}],"curies":[{"name":"wp","href":"https:\/\/api.w.org\/{rel}","templated":true}]}}