{"id":1909847,"date":"2026-04-29T14:14:23","date_gmt":"2026-04-29T11:14:23","guid":{"rendered":"https:\/\/analyse.optim.biz\/?p=1909847"},"modified":"2026-04-29T14:14:23","modified_gmt":"2026-04-29T11:14:23","slug":"ccr-anuleaza-numirile-din-tvr-si-radio-romania-la-sesizarea-aur-parlamentul-va-fi-obligat-sa-reia-procedura","status":"publish","type":"post","link":"https:\/\/analyse.optim.biz\/?p=1909847","title":{"rendered":"CCR anuleaz\u0103 numirile din TVR \u0219i Radio Rom\u00e2nia, la sesizarea AUR. Parlamentul va fi obligat s\u0103 reia procedura"},"content":{"rendered":"<p>[analyse_image type=&#8221;featured&#8221; src=&#8221;https:\/\/ortodoxinfo.ro\/wp-content\/uploads\/2026\/04\/ccr-anuleaz-numirile-din-tvr-i-radio-rom-nia-la-sesizarea-aur-parlamentul-va-fi-obligat-s-reia-proce.jpeg&#8221;]<\/p>\n<article id=\"post-224896\" class=\"post-224896 post type-post status-publish format-standard has-post-thumbnail category-lupta-pentru-romania\">\n<header class=\"single-header\">\n<h1 class=\"s-title fw-headline\">CCR anuleaz\u0103 numirile din TVR \u0219i Radio Rom\u00e2nia, la sesizarea AUR. Parlamentul va fi obligat s\u0103 reia procedura<\/h1>\n<div class=\"single-meta meta-s-default yes-0\">\n<div class=\"smeta-in\"><a class=\"meta-el meta-avatar\" href=\"https:\/\/ortodoxinfo.ro\/author\/redactor\/\"><img loading=\"lazy\" decoding=\"async\" alt=\"OrtodoxINFO\" src=\"https:\/\/secure.gravatar.com\/avatar\/21010332354a182ce4de6016685c5586f21c51866d0ec5bc8ef383240b3c3e02?s=120&amp;r=g\" class=\"avatar avatar-120 photo\" height=\"120\" width=\"120\"><\/a><\/p>\n<div class=\"smeta-sec\">\n<div class=\"p-meta\">\n<div class=\"meta-inner is-meta\"><span class=\"meta-el meta-date\"><time datetime=\"2026-04-29T17:14:23+03:00\">29 aprilie 2026<\/time><\/span><span class=\"meta-el meta-category meta-bold\"><a class=\"meta-separate category-19866\" href=\"https:\/\/ortodoxinfo.ro\/category\/lupta-pentru-romania\/\">Lupt\u0103 pentru Rom\u00e2nia<\/a><\/span><span class=\"meta-el meta-view\">4k vizualiz\u0103ri\t\t<\/span><span class=\"meta-el meta-comment mobile-last-meta tablet-last-meta\"><a href=\"https:\/\/ortodoxinfo.ro\/2026\/04\/29\/ccr-anuleaza-numirile-din-tvr-si-radio-romania-la-sesizarea-aur-parlamentul-va-fi-obligat-sa-reia-procedura\/#respond\">Comentarii<\/a><\/span><\/div>\n<\/div>\n<\/div>\n<\/div>\n<div class=\"smeta-extra\">\n<div class=\"t-shared-sec tooltips-n has-read-meta is-color\">\n<div class=\"t-shared-header is-meta\"><span class=\"share-label\">Share<\/span><\/div>\n<\/div>\n<div class=\"single-right-meta single-time-read is-meta\"><span class=\"meta-el meta-read\">4 Min Read<\/span><\/div>\n<\/div>\n<\/div>\n<\/header>\n<div class=\"grid-container\">\n<div class=\"s-ct\">\n<div class=\"s-feat-outer\">\n<div class=\"s-feat\">\n<div class=\"featured-lightbox-trigger\" data-source=\"https:\/\/ortodoxinfo.ro\/wp-content\/uploads\/2026\/04\/ccr-anuleaz-numirile-din-tvr-i-radio-rom-nia-la-sesizarea-aur-parlamentul-va-fi-obligat-s-reia-proce.jpeg\" data-caption data-attribution><img fetchpriority=\"high\" decoding=\"async\" width=\"860\" height=\"573\" src=\"https:\/\/ortodoxinfo.ro\/wp-content\/uploads\/2026\/04\/ccr-anuleaz-numirile-din-tvr-i-radio-rom-nia-la-sesizarea-aur-parlamentul-va-fi-obligat-s-reia-proce-860x573.jpeg\" class=\"attachment-foxiz_crop_o1 size-foxiz_crop_o1 wp-post-image\" alt loading=\"eager\"><\/div>\n<\/div>\n<\/div>\n<div class=\"s-ct-wrap has-lsl\">\n<div class=\"s-ct-inner\">\n<div class=\"l-shared-sec-outer show-mobile\">\n<div class=\"l-shared-sec\">\n<div class=\"l-shared-header meta-text\"><span class=\"share-label\">SHARE<\/span><\/div>\n<\/div>\n<\/div>\n<div class=\"e-ct-outer\">\n<div class=\"entry-content rbct clearfix is-highlight-shares\">\n<p>Curtea Constitu\u021bional\u0103 a Rom\u00e2niei a tran\u0219at miercuri, 29 aprilie, una dintre disputele politice care au vizat modul de desemnare a conducerilor din institu\u021biile publice de media. Judec\u0103torii constitu\u021bionali au admis sesiz\u0103rile depuse de Alian\u021ba pentru Unirea Rom\u00e2nilor (AUR) \u00een leg\u0103tur\u0103 cu numirile din Consiliile de Administra\u021bie ale Televiziunii Rom\u00e2ne \u0219i Radioului Public. Decizia a fost luat\u0103 cu 6 voturi pentru \u0219i 3 \u00eempotriv\u0103.<\/p>\n<div class=\"inline-single-ad ad_single_index alignfull\">\n<div class=\"ad-wrap ad-script-wrap\">\n<div class=\"ad-script non-adsense edge-padding\">\n<div>\n\u203c\ufe0f\u203c\ufe0f NU recunoa\u0219tem ca pre\u0219edinte al Rom\u00e2niei pe marioneta retard\u0103 Nicu\u0219or Dan! Rom\u00e2ni, boicota\u021bi aceast\u0103 f\u0103c\u0103tur\u0103, care ne face \u021bara de r\u00e2s! NU rom\u00e2nii l-au votat pe Nicusoro\u0219 &#8211; cu unele excep\u021bii de persoane infantile, manipulabile \u0219i chiar idioate &#8211; ci l-au ajutat Maia Soro\u0219, Emanuel Macrou \u0219i tr\u0103d\u0103torii de la B.E.C. \u0219i CCR!<br \/>\n La \u00eenchisoare cu cei care au fraudat alegerile!\n<\/div>\n<\/div>\n<\/div>\n<\/div>\n<p>Hot\u0103r\u00e2rea Cur\u021bii vizeaz\u0103 at\u00e2t structura de conducere a Societ\u0103\u021bii Rom\u00e2ne de Televiziune, c\u00e2t \u0219i pe cea a Societ\u0103\u021bii Rom\u00e2ne de Radiodifuziune. \u00cen urma acestei solu\u021bii, Parlamentul este obligat s\u0103 reia procedurile de numire pentru noile Consilii de Administra\u021bie, \u00een acord cu interpretarea dat\u0103 de judec\u0103torii constitu\u021bionali.<\/p>\n<p>Potrivit sursei citate, efectele deciziei nu se aplic\u0103 retroactiv, men\u021bin\u00e2nd linia jurispruden\u021bei anterioare, inclusiv cea stabilit\u0103 prin Decizia nr. 417\/2014. Practic, activitatea desf\u0103\u0219urat\u0103 p\u00e2n\u0103 \u00een prezent de conducerile celor dou\u0103 institu\u021bii nu este afectat\u0103, \u00eens\u0103 procesul de numire a noilor structuri trebuie reluat de la zero.<\/p>\n<p>\u00cen esen\u021b\u0103, Curtea a re\u021binut c\u0103 Parlamentul are obliga\u021bia de a respecta configura\u021bia politic\u0103 atunci c\u00e2nd stabile\u0219te componen\u021ba acestor consilii, ceea ce presupune o reflectare propor\u021bional\u0103 a for\u021belor din Legislativ.<\/p>\n<p>Sesiz\u0103rile analizate de CCR au fost depuse de AUR dup\u0103 ce plenul reunit al Parlamentului a aprobat noile componen\u021be ale Consiliilor de Administra\u021bie pentru TVR \u0219i Radio Rom\u00e2nia. Procesul a fost precedat de tensiuni \u00een comisiile de cultur\u0103, unde reprezentan\u021bii forma\u021biunii au acuzat modul de \u00eemp\u0103r\u021bire a mandatelor.<\/p>\n<p>\u00cen acel context, senatorul AUR Lauren\u021biu Pl\u0103e\u0219u a vorbit despre un \u201eabuz\u201d, critic\u00e2nd modul \u00een care a fost aplicat algoritmul politic. Ulterior, partidul a contestat oficial hot\u0103r\u00e2rile la Curtea Constitu\u021bional\u0103, sus\u021bin\u00e2nd c\u0103 repartizarea locurilor nu reflect\u0103 corect ponderea politic\u0103 din Parlament.<\/p>\n<p>Nemul\u021bumirile AUR au vizat \u00een special faptul c\u0103 forma\u021biunea ar fi primit un singur loc \u00een fiecare dintre cele dou\u0103 consilii, \u00een condi\u021biile \u00een care, sus\u021bin reprezentan\u021bii s\u0103i, num\u0103rul de mandate din Legislativ ar fi justificat o reprezentare mai mare.<\/p>\n<p>\u201eDe\u0219i configura\u021bia Parlamentului impune o reprezentare echilibrat\u0103, AUR a primit un singur loc \u00een Consiliile de Administra\u021bie ale SRTV \u0219i SRR. \u00cen acela\u0219i timp, PNL, USR \u0219i UDMR, forma\u021biuni cu o pondere inferioar\u0103, au beneficiat de o reprezentare egal\u0103 sau superioar\u0103\u201d, se arat\u0103 \u00een pozi\u021bia invocat\u0103 de forma\u021biune.<\/p>\n<p>Nemul\u021bumirile politice au fost vizibile \u0219i \u00een plenul reunit al Parlamentului, unde parlamentarii AUR au p\u0103r\u0103sit \u0219edin\u021ba \u00een semn de protest. Ace\u0219tia au afi\u0219at pancarte cu mesajul \u201ePSD \u0219i USR, ho\u021bii de la TVR\u201d, acuz\u00e2nd partidele din coali\u021bia de guvernare c\u0103 ar fi influen\u021bat procesul de numire \u00een defavoarea reprezent\u0103rii propor\u021bionale.<\/p>\n<p>Forma\u021biunea a sus\u021binut c\u0103, raportat la num\u0103rul de parlamentari, ar fi trebuit s\u0103 primeasc\u0103 doi reprezentan\u021bi \u00een fiecare dintre consiliile de administra\u021bie ale TVR \u0219i Radio Rom\u00e2nia. \u00cen schimb, AUR a primit acela\u0219i num\u0103r de locuri ca UDMR, de\u0219i diferen\u021ba de mandate dintre cele dou\u0103 forma\u021biuni este semnificativ\u0103, au afirmat reprezentan\u021bii partidului.<\/p>\n<p>\u00cen sesizarea transmis\u0103 Cur\u021bii Constitu\u021bionale, AUR a invocat \u0219i precedente juridice relevante. Printre acestea se afl\u0103 o decizie din 2012, c\u00e2nd PDL a contestat modul de \u00eemp\u0103r\u021bire a locurilor \u00een Consiliul de Administra\u021bie al TVR. Atunci, CCR a admis obiec\u021biile \u0219i a constatat c\u0103 procedura parlamentar\u0103 nu respecta dispozi\u021biile legale privind reprezentativitatea politic\u0103.<\/p>\n<\/div>\n<\/div>\n<\/div>\n<div class=\"e-shared-sec entry-sec\">\n<div class=\"e-shared-header h4\"><span>Distribuie<\/span><\/div>\n<div class=\"rbbsl tooltips-n effect-fadeout is-bg\"><a class=\"share-action share-trigger icon-facebook\" aria-label=\"Share on Facebook\" href=\"https:\/\/www.facebook.com\/sharer.php?u=https%3A%2F%2Fortodoxinfo.ro%2F2026%2F04%2F29%2Fccr-anuleaza-numirile-din-tvr-si-radio-romania-la-sesizarea-aur-parlamentul-va-fi-obligat-sa-reia-procedura%2F\" data-title=\"Facebook\" rel=\"nofollow\"><span>Facebook<\/span><\/a><a class=\"share-action share-trigger icon-twitter\" aria-label=\"Share on X\" href=\"https:\/\/twitter.com\/intent\/tweet?text=CCR+anuleaz%C4%83+numirile+din+TVR+%C8%99i+Radio+Rom%C3%A2nia%2C+la+sesizarea+AUR.+Parlamentul+va+fi+obligat+s%C4%83+reia+procedura&amp;url=https%3A%2F%2Fortodoxinfo.ro%2F2026%2F04%2F29%2Fccr-anuleaza-numirile-din-tvr-si-radio-romania-la-sesizarea-aur-parlamentul-va-fi-obligat-sa-reia-procedura%2F&amp;via=ortodoxinforo\" data-title=\"X\" rel=\"nofollow\"><span>X<\/span><\/a><a class=\"share-action icon-whatsapp is-web\" aria-label=\"Share on Whatsapp\" href=\"https:\/\/web.whatsapp.com\/send?text=CCR+anuleaz%C4%83+numirile+din+TVR+%C8%99i+Radio+Rom%C3%A2nia%2C+la+sesizarea+AUR.+Parlamentul+va+fi+obligat+s%C4%83+reia+procedura%20%E2%98%9E%20https%3A%2F%2Fortodoxinfo.ro%2F2026%2F04%2F29%2Fccr-anuleaza-numirile-din-tvr-si-radio-romania-la-sesizarea-aur-parlamentul-va-fi-obligat-sa-reia-procedura%2F\" target=\"_blank\" data-title=\"WhatsApp\" rel=\"nofollow\"><span>Whatsapp<\/span><\/a><a class=\"share-action icon-whatsapp is-mobile\" aria-label=\"Share on Whatsapp\" href=\"\/\/send?text=CCR+anuleaz%C4%83+numirile+din+TVR+%C8%99i+Radio+Rom%C3%A2nia%2C+la+sesizarea+AUR.+Parlamentul+va+fi+obligat+s%C4%83+reia+procedura%20%E2%98%9E%20https%3A%2F%2Fortodoxinfo.ro%2F2026%2F04%2F29%2Fccr-anuleaza-numirile-din-tvr-si-radio-romania-la-sesizarea-aur-parlamentul-va-fi-obligat-sa-reia-procedura%2F\" target=\"_blank\" data-title=\"WhatsApp\" rel=\"nofollow\"><span>Whatsapp<\/span><\/a><a class=\"share-action share-trigger icon-telegram\" aria-label=\"Share on Telegram\" href=\"https:\/\/t.me\/share\/?url=https%3A%2F%2Fortodoxinfo.ro%2F2026%2F04%2F29%2Fccr-anuleaza-numirile-din-tvr-si-radio-romania-la-sesizarea-aur-parlamentul-va-fi-obligat-sa-reia-procedura%2F&amp;text=CCR+anuleaz%C4%83+numirile+din+TVR+%C8%99i+Radio+Rom%C3%A2nia%2C+la+sesizarea+AUR.+Parlamentul+va+fi+obligat+s%C4%83+reia+procedura\" data-title=\"Telegram\" rel=\"nofollow\"><span>Telegram<\/span><\/a><a class=\"share-action icon-copy copy-trigger\" aria-label=\"Copy Link\" href=\"https:\/\/ortodoxinfo.ro\/2026\/04\/29\/ccr-anuleaza-numirile-din-tvr-si-radio-romania-la-sesizarea-aur-parlamentul-va-fi-obligat-sa-reia-procedura\/\" data-copied=\"Copied!\" data-link=\"https:\/\/ortodoxinfo.ro\/2026\/04\/29\/ccr-anuleaza-numirile-din-tvr-si-radio-romania-la-sesizarea-aur-parlamentul-va-fi-obligat-sa-reia-procedura\/\" rel=\"nofollow\" data-copy=\"Copy Link\"><span>Copy Link<\/span><\/a><a class=\"share-action icon-print\" aria-label=\"Print\" rel=\"nofollow\" data-title=\"Print\"><span>Print<\/span><\/a><\/div>\n<\/div>\n<\/div>\n<div id=\"tabs\" class=\"dntplgn_form_wrapper\"><span><\/p>\n<h2>\u0218tirile sunt sub cenzur\u0103! Sprijini\u021bi OrtodoxINFO!<\/h2>\n<p>Guvernul nu dore\u0219te aflarea adev\u0103rului despre lovitura de stat \u0219i \u00eengenuncherea Rom\u00e2niei. \u00cencerc\u0103m s\u0103 men\u021binem viu acest site \u0219i s\u0103 v\u0103 punem la dispozi\u021bie informa\u021bii care s\u0103 fac\u0103 lumin\u0103 \u00een cea mai mare provocare pe care o tr\u0103im. Jurnalismul independent al portalului OrtodoxINFO func\u021bioneaz\u0103 strict cu ajutorul cititorilor.<br \/>\nNe pute\u021bi sprijini printr-o <b><a href=\"https:\/\/ortodoxinfo.ro\/donatii\/\">dona\u021bie bancar\u0103<\/a> sau prin PayPal, complet\u00e2nd formularul de mai jos.<\/b><\/span><\/p>\n<ul>\n<li><a href=\"https:\/\/ortodoxinfo.ro\/2026\/04\/29\/ccr-anuleaza-numirile-din-tvr-si-radio-romania-la-sesizarea-aur-parlamentul-va-fi-obligat-sa-reia-procedura\/#tabs-1\">Dona\u021bie lunar\u0103<\/a><\/li>\n<li><a href=\"https:\/\/ortodoxinfo.ro\/2026\/04\/29\/ccr-anuleaza-numirile-din-tvr-si-radio-romania-la-sesizarea-aur-parlamentul-va-fi-obligat-sa-reia-procedura\/#tabs-2\">Doar acum<\/a><\/li>\n<\/ul>\n<div id=\"tabs-1\"><img loading=\"lazy\" decoding=\"async\" alt border=\"0\" src=\"https:\/\/www.paypalobjects.com\/en_US\/i\/scr\/pixel.gif\" width=\"1\" height=\"1\"><\/div>\n<div id=\"tabs-2\">\n<p>\t\t     \u20ac<\/p>\n<p>\t\t    <img loading=\"lazy\" decoding=\"async\" alt border=\"0\" src=\"https:\/\/www.paypalobjects.com\/en_US\/i\/scr\/pixel.gif\" width=\"1\" height=\"1\"><\/div>\n<p>Mul\u021bumim celor care ne-au ajutat p\u00e2n\u0103 acum!\n\t<\/p><\/div>\n<div class=\"comment-box-wrap entry-sec\">\n<div class=\"comment-box-header\"><span class=\"h3\">Las\u0103 un comentariu<\/span><\/div>\n<div class=\"comment-holder no-comment\">\n<div id=\"comments\" class=\"comments-area\">\n<div id=\"respond\" class=\"comment-respond\">\n<h3 id=\"reply-title\" class=\"comment-reply-title\">Las\u0103 un r\u0103spuns <small><a rel=\"nofollow\" id=\"cancel-comment-reply-link\" href=\"https:\/\/ortodoxinfo.ro\/2026\/04\/29\/ccr-anuleaza-numirile-din-tvr-si-radio-romania-la-sesizarea-aur-parlamentul-va-fi-obligat-sa-reia-procedura\/#respond\">Anuleaz\u0103 r\u0103spunsul<\/a><\/small><\/h3>\n<p class=\"comment-notes\"><span id=\"email-notes\">Adresa ta de email nu va fi publicat\u0103.<\/span><span class=\"required-field-message\">C\u00e2mpurile obligatorii sunt marcate cu <span class=\"required\">*<\/span><\/span><\/p>\n<\/div>\n<\/div>\n<\/div>\n<\/div>\n<\/div>\n<div class=\"sidebar-wrap single-sidebar\">\n<div class=\"sidebar-inner clearfix\">\n<div id=\"widget-post-2\" class=\"widget rb-section w-sidebar clearfix widget-post\">\n<div class=\"block-h widget-heading heading-layout-1\">\n<div class=\"heading-inner\">\n<h4 class=\"heading-title\"><span>Articole recente<\/span><\/h4>\n<\/div>\n<\/div>\n<div class=\"widget-p-listing\">\n<div class=\"p-wrap p-small p-list-small-2\" data-pid=\"224968\">\n<div class=\"feat-holder\">\n<div class=\"p-featured ratio-v1\"><a class=\"p-flink\" href=\"https:\/\/ortodoxinfo.ro\/2026\/04\/29\/euro-a-depasit-pragul-de-51-lei-in-spatiul-public-se-acrediteaza-ideea-ca-ar-fi-din-cauza-debarcarii-guvernului-bolojaf-romanii-au-fost-speriati-cu-aceeasi-marota-si-la-alegerile-fraudate-din-2025\/\" title=\"Euro a dep\u0103\u0219it pragul de 5,1 lei: \u00cen spa\u021biul public se acrediteaz\u0103 ideea c\u0103 ar fi din cauza debarc\u0103rii Guvernului Bolojaf | Rom\u00e2nii au fost speria\u021bi cu aceea\u0219i marot\u0103 \u0219i la alegerile FRAUDATE din 2025\"><img decoding=\"async\" width=\"150\" height=\"150\" src=\"https:\/\/ortodoxinfo.ro\/wp-content\/uploads\/2026\/04\/Nicusor-Dan-Ilie-Bolojan-e1750250703901-150x150.jpg\" class=\"featured-img wp-post-image\" alt loading=\"lazy\"><\/a><\/div>\n<\/div>\n<div class=\"p-content\">\n<h5 class=\"entry-title\"><a class=\"p-url\" href=\"https:\/\/ortodoxinfo.ro\/2026\/04\/29\/euro-a-depasit-pragul-de-51-lei-in-spatiul-public-se-acrediteaza-ideea-ca-ar-fi-din-cauza-debarcarii-guvernului-bolojaf-romanii-au-fost-speriati-cu-aceeasi-marota-si-la-alegerile-fraudate-din-2025\/\" rel=\"bookmark\">Euro a dep\u0103\u0219it pragul de 5,1 lei: \u00cen spa\u021biul public se acrediteaz\u0103 ideea c\u0103 ar fi din cauza debarc\u0103rii Guvernului Bolojaf | Rom\u00e2nii au fost speria\u021bi cu aceea\u0219i marot\u0103 \u0219i la alegerile FRAUDATE din 2025<\/a><\/h5>\n<div class=\"p-meta\">\n<div class=\"meta-inner is-meta\"><span class=\"meta-el meta-date\"><time datetime=\"2026-04-29T21:53:37+03:00\">29 aprilie 2026<\/time><\/span><span class=\"meta-el meta-category meta-bold\"><a class=\"meta-separate category-19885\" href=\"https:\/\/ortodoxinfo.ro\/category\/anti-sistem\/anti-romanism\/asasinii-tarii\/\">Asasinii \u021b\u0103rii<\/a><\/span><span class=\"meta-el meta-view\">3k vizualiz\u0103ri\t\t<\/span><\/div>\n<\/div>\n<\/div>\n<\/div>\n<div class=\"p-wrap p-small p-list-small-2\" data-pid=\"224793\">\n<div class=\"feat-holder\">\n<div class=\"p-featured ratio-v1\"><a class=\"p-flink\" href=\"https:\/\/ortodoxinfo.ro\/2026\/04\/29\/gheorghe-piperea-il-demoleaza-pe-nazistul-dan-barna\/\" title=\"Gheorghe Piperea \u00eel demoleaz\u0103 pe nazistul Dan Barna\"><img decoding=\"async\" width=\"150\" height=\"150\" src=\"https:\/\/ortodoxinfo.ro\/wp-content\/uploads\/2025\/03\/Piperea-1000x600-1-150x150.jpg\" class=\"featured-img wp-post-image\" alt loading=\"lazy\"><\/a><\/div>\n<\/div>\n<div class=\"p-content\">\n<h5 class=\"entry-title\"><a class=\"p-url\" href=\"https:\/\/ortodoxinfo.ro\/2026\/04\/29\/gheorghe-piperea-il-demoleaza-pe-nazistul-dan-barna\/\" rel=\"bookmark\">Gheorghe Piperea \u00eel demoleaz\u0103 pe nazistul Dan Barna<\/a><\/h5>\n<div class=\"p-meta\">\n<div class=\"meta-inner is-meta\"><span class=\"meta-el meta-date\"><time datetime=\"2026-04-29T08:59:41+03:00\">29 aprilie 2026<\/time><\/span><span class=\"meta-el meta-category meta-bold\"><a class=\"meta-separate category-20289\" href=\"https:\/\/ortodoxinfo.ro\/category\/suveranism\/\">Suveranism<\/a><\/span><span class=\"meta-el meta-view\">16k vizualiz\u0103ri\t\t<\/span><\/div>\n<\/div>\n<\/div>\n<\/div>\n<div class=\"p-wrap p-small p-list-small-2\" data-pid=\"224766\">\n<div class=\"feat-holder\">\n<div class=\"p-featured ratio-v1\"><a class=\"p-flink\" href=\"https:\/\/ortodoxinfo.ro\/2026\/04\/29\/spalat-pe-creier-charles-al-iii-lea-a-sustinut-in-congresul-sua-un-discurs-in-favoarea-nato-a-ucrainei-si-a-agendei-climatice\/\" title=\"Sp\u0103lat pe creier, Charles al III-lea a sus\u021binut \u00een Congresul SUA un discurs \u00een favoarea NATO, a Ucrainei \u0219i a agendei climatice\"><img decoding=\"async\" width=\"150\" height=\"150\" src=\"https:\/\/ortodoxinfo.ro\/wp-content\/uploads\/2026\/04\/regele-charles-al-iii-lea-a-tinut-in-congresul-sua-un-discurs-pro-nato-pro-ucraina-si-in-apararea-ag-150x150.jpeg\" class=\"featured-img wp-post-image\" alt loading=\"lazy\"><\/a><\/div>\n<\/div>\n<div class=\"p-content\">\n<h5 class=\"entry-title\"><a class=\"p-url\" href=\"https:\/\/ortodoxinfo.ro\/2026\/04\/29\/spalat-pe-creier-charles-al-iii-lea-a-sustinut-in-congresul-sua-un-discurs-in-favoarea-nato-a-ucrainei-si-a-agendei-climatice\/\" rel=\"bookmark\">Sp\u0103lat pe creier, Charles al III-lea a sus\u021binut \u00een Congresul SUA un discurs \u00een favoarea NATO, a Ucrainei \u0219i a agendei climatice<\/a><\/h5>\n<div class=\"p-meta\">\n<div class=\"meta-inner is-meta\"><span class=\"meta-el meta-date\"><time datetime=\"2026-04-29T06:53:39+03:00\">29 aprilie 2026<\/time><\/span><span class=\"meta-el meta-category meta-bold\"><a class=\"meta-separate category-1848\" href=\"https:\/\/ortodoxinfo.ro\/category\/anti-sistem\/reducerea-populatiei\/incalzirea-globala\/\">Incalzirea global\u0103<\/a><\/span><span class=\"meta-el meta-view\">9.1k vizualiz\u0103ri\t\t<\/span><\/div>\n<\/div>\n<\/div>\n<\/div>\n<div class=\"p-wrap p-small p-list-small-2\" data-pid=\"224722\">\n<div class=\"feat-holder\">\n<div class=\"p-featured ratio-v1\"><a class=\"p-flink\" href=\"https:\/\/ortodoxinfo.ro\/2026\/04\/28\/escrocheria-safe-10-miliarde-nu-vor-ajunge-in-romania-se-vor-opri-in-germania-franta-si-ucraina\/\" title=\"Escrocheria SAFE: 10 miliarde nu vor ajunge \u00een Rom\u00e2nia, se vor opri \u00een Germania, Fran\u021ba \u0219i Ucraina\"><img decoding=\"async\" width=\"150\" height=\"150\" src=\"https:\/\/ortodoxinfo.ro\/wp-content\/uploads\/2026\/04\/safe-150x150.webp\" class=\"featured-img wp-post-image\" alt loading=\"lazy\"><\/a><\/div>\n<\/div>\n<div class=\"p-content\">\n<h5 class=\"entry-title\"><a class=\"p-url\" href=\"https:\/\/ortodoxinfo.ro\/2026\/04\/28\/escrocheria-safe-10-miliarde-nu-vor-ajunge-in-romania-se-vor-opri-in-germania-franta-si-ucraina\/\" rel=\"bookmark\">Escrocheria SAFE: 10 miliarde nu vor ajunge \u00een Rom\u00e2nia, se vor opri \u00een Germania, Fran\u021ba \u0219i Ucraina<\/a><\/h5>\n<div class=\"p-meta\">\n<div class=\"meta-inner is-meta\"><span class=\"meta-el meta-date\"><time datetime=\"2026-04-28T22:50:07+03:00\">28 aprilie 2026<\/time><\/span><span class=\"meta-el meta-category meta-bold\"><a class=\"meta-separate category-19885\" href=\"https:\/\/ortodoxinfo.ro\/category\/anti-sistem\/anti-romanism\/asasinii-tarii\/\">Asasinii \u021b\u0103rii<\/a><\/span><span class=\"meta-el meta-view\">8.9k vizualiz\u0103ri\t\t<\/span><\/div>\n<\/div>\n<\/div>\n<\/div>\n<\/div>\n<\/div>\n<div id=\"custom_html-2\" class=\"widget_text widget rb-section w-sidebar clearfix widget_custom_html\">\n<div class=\"block-h widget-heading heading-layout-1\">\n<div class=\"heading-inner\">\n<h4 class=\"heading-title\"><span>DONA\u021aII \u00een cont bancar<\/span><\/h4>\n<\/div>\n<\/div>\n<div class=\"textwidget custom-html-widget\">\n<table class=\"donatii\">\n<tbody>\n<tr>\n<th colspan=\"2\"><strong><span>ASMIB<\/span><\/strong><\/th>\n<\/tr>\n<tr>\n<th>Cont LEI<\/th>\n<td>RO67CECEB00030RON2081955<\/td>\n<\/tr>\n<tr>\n<th>Cont EURO<\/th>\n<td>RO33CECEB000C1EUR2081978<\/td>\n<\/tr>\n<tr>\n<th>Cod SWIFT<\/th>\n<td>CECEROBU<\/td>\n<\/tr>\n<tr>\n<th colspan=\"2\"><strong>CEC BANK SA<\/strong><\/th>\n<\/tr>\n<\/tbody>\n<\/table>\n<\/div>\n<\/div>\n<\/div>\n<\/div>\n<\/div>\n<\/article>\n<div class=\"entry-content rbct clearfix is-highlight-shares\">\n<p>Curtea Constitu\u021bional\u0103 a Rom\u00e2niei a tran\u0219at miercuri, 29 aprilie, una dintre disputele politice care au vizat modul de desemnare a conducerilor din institu\u021biile publice de media. Judec\u0103torii constitu\u021bionali au admis sesiz\u0103rile depuse de Alian\u021ba pentru Unirea Rom\u00e2nilor (AUR) \u00een leg\u0103tur\u0103 cu numirile din Consiliile de Administra\u021bie ale Televiziunii Rom\u00e2ne \u0219i Radioului Public. Decizia a fost luat\u0103 cu 6 voturi pentru \u0219i 3 \u00eempotriv\u0103.<\/p>\n<div class=\"inline-single-ad ad_single_index alignfull\">\n<div class=\"ad-wrap ad-script-wrap\">\n<div class=\"ad-script non-adsense edge-padding\">\n<div>\n\u203c\ufe0f\u203c\ufe0f NU recunoa\u0219tem ca pre\u0219edinte al Rom\u00e2niei pe marioneta retard\u0103 Nicu\u0219or Dan! Rom\u00e2ni, boicota\u021bi aceast\u0103 f\u0103c\u0103tur\u0103, care ne face \u021bara de r\u00e2s! NU rom\u00e2nii l-au votat pe Nicusoro\u0219 &#8211; cu unele excep\u021bii de persoane infantile, manipulabile \u0219i chiar idioate &#8211; ci l-au ajutat Maia Soro\u0219, Emanuel Macrou \u0219i tr\u0103d\u0103torii de la B.E.C. \u0219i CCR!<br \/>\n La \u00eenchisoare cu cei care au fraudat alegerile!\n<\/div>\n<\/div>\n<\/div>\n<\/div>\n<p>Hot\u0103r\u00e2rea Cur\u021bii vizeaz\u0103 at\u00e2t structura de conducere a Societ\u0103\u021bii Rom\u00e2ne de Televiziune, c\u00e2t \u0219i pe cea a Societ\u0103\u021bii Rom\u00e2ne de Radiodifuziune. \u00cen urma acestei solu\u021bii, Parlamentul este obligat s\u0103 reia procedurile de numire pentru noile Consilii de Administra\u021bie, \u00een acord cu interpretarea dat\u0103 de judec\u0103torii constitu\u021bionali.<\/p>\n<p>Potrivit sursei citate, efectele deciziei nu se aplic\u0103 retroactiv, men\u021bin\u00e2nd linia jurispruden\u021bei anterioare, inclusiv cea stabilit\u0103 prin Decizia nr. 417\/2014. Practic, activitatea desf\u0103\u0219urat\u0103 p\u00e2n\u0103 \u00een prezent de conducerile celor dou\u0103 institu\u021bii nu este afectat\u0103, \u00eens\u0103 procesul de numire a noilor structuri trebuie reluat de la zero.<\/p>\n<p>\u00cen esen\u021b\u0103, Curtea a re\u021binut c\u0103 Parlamentul are obliga\u021bia de a respecta configura\u021bia politic\u0103 atunci c\u00e2nd stabile\u0219te componen\u021ba acestor consilii, ceea ce presupune o reflectare propor\u021bional\u0103 a for\u021belor din Legislativ.<\/p>\n<p>Sesiz\u0103rile analizate de CCR au fost depuse de AUR dup\u0103 ce plenul reunit al Parlamentului a aprobat noile componen\u021be ale Consiliilor de Administra\u021bie pentru TVR \u0219i Radio Rom\u00e2nia. Procesul a fost precedat de tensiuni \u00een comisiile de cultur\u0103, unde reprezentan\u021bii forma\u021biunii au acuzat modul de \u00eemp\u0103r\u021bire a mandatelor.<\/p>\n<p>\u00cen acel context, senatorul AUR Lauren\u021biu Pl\u0103e\u0219u a vorbit despre un \u201eabuz\u201d, critic\u00e2nd modul \u00een care a fost aplicat algoritmul politic. Ulterior, partidul a contestat oficial hot\u0103r\u00e2rile la Curtea Constitu\u021bional\u0103, sus\u021bin\u00e2nd c\u0103 repartizarea locurilor nu reflect\u0103 corect ponderea politic\u0103 din Parlament.<\/p>\n<p>Nemul\u021bumirile AUR au vizat \u00een special faptul c\u0103 forma\u021biunea ar fi primit un singur loc \u00een fiecare dintre cele dou\u0103 consilii, \u00een condi\u021biile \u00een care, sus\u021bin reprezentan\u021bii s\u0103i, num\u0103rul de mandate din Legislativ ar fi justificat o reprezentare mai mare.<\/p>\n<p>\u201eDe\u0219i configura\u021bia Parlamentului impune o reprezentare echilibrat\u0103, AUR a primit un singur loc \u00een Consiliile de Administra\u021bie ale SRTV \u0219i SRR. \u00cen acela\u0219i timp, PNL, USR \u0219i UDMR, forma\u021biuni cu o pondere inferioar\u0103, au beneficiat de o reprezentare egal\u0103 sau superioar\u0103\u201d, se arat\u0103 \u00een pozi\u021bia invocat\u0103 de forma\u021biune.<\/p>\n<p>Nemul\u021bumirile politice au fost vizibile \u0219i \u00een plenul reunit al Parlamentului, unde parlamentarii AUR au p\u0103r\u0103sit \u0219edin\u021ba \u00een semn de protest. Ace\u0219tia au afi\u0219at pancarte cu mesajul \u201ePSD \u0219i USR, ho\u021bii de la TVR\u201d, acuz\u00e2nd partidele din coali\u021bia de guvernare c\u0103 ar fi influen\u021bat procesul de numire \u00een defavoarea reprezent\u0103rii propor\u021bionale.<\/p>\n<p>Forma\u021biunea a sus\u021binut c\u0103, raportat la num\u0103rul de parlamentari, ar fi trebuit s\u0103 primeasc\u0103 doi reprezentan\u021bi \u00een fiecare dintre consiliile de administra\u021bie ale TVR \u0219i Radio Rom\u00e2nia. \u00cen schimb, AUR a primit acela\u0219i num\u0103r de locuri ca UDMR, de\u0219i diferen\u021ba de mandate dintre cele dou\u0103 forma\u021biuni este semnificativ\u0103, au afirmat reprezentan\u021bii partidului.<\/p>\n<p>\u00cen sesizarea transmis\u0103 Cur\u021bii Constitu\u021bionale, AUR a invocat \u0219i precedente juridice relevante. Printre acestea se afl\u0103 o decizie din 2012, c\u00e2nd PDL a contestat modul de \u00eemp\u0103r\u021bire a locurilor \u00een Consiliul de Administra\u021bie al TVR. Atunci, CCR a admis obiec\u021biile \u0219i a constatat c\u0103 procedura parlamentar\u0103 nu respecta dispozi\u021biile legale privind reprezentativitatea politic\u0103.<\/p>\n<\/div>\n<p>[analyse_source url=&#8221;https:\/\/ortodoxinfo.ro\/2026\/04\/29\/ccr-anuleaza-numirile-din-tvr-si-radio-romania-la-sesizarea-aur-parlamentul-va-fi-obligat-sa-reia-procedura\/&#8221;]<\/p>\n","protected":false},"excerpt":{"rendered":"<p>[analyse_image type=&#8221;featured&#8221; src=&#8221;https:\/\/ortodoxinfo.ro\/wp-content\/uploads\/2026\/04\/ccr-anuleaz-numirile-din-tvr-i-radio-rom-nia-la-sesizarea-aur-parlamentul-va-fi-obligat-s-reia-proce.jpeg&#8221;] CCR anuleaz\u0103 numirile din TVR \u0219i Radio Rom\u00e2nia, la sesizarea AUR. Parlamentul va fi obligat s\u0103 reia procedura 29 aprilie 2026Lupt\u0103 pentru Rom\u00e2nia4k vizualiz\u0103ri Comentarii Share 4 Min Read SHARE Curtea Constitu\u021bional\u0103 a Rom\u00e2niei a tran\u0219at miercuri, 29 aprilie, una dintre disputele politice care au vizat modul de desemnare a conducerilor din [&hellip;]<\/p>\n","protected":false},"author":1,"featured_media":0,"comment_status":"open","ping_status":"","sticky":false,"template":"","format":"standard","meta":{"footnotes":""},"categories":[89],"tags":[226,94],"class_list":["post-1909847","post","type-post","status-publish","format-standard","hentry","category-romania","tag-crawlmanager","tag-ortodoxinfo-ro"],"_links":{"self":[{"href":"https:\/\/analyse.optim.biz\/index.php?rest_route=\/wp\/v2\/posts\/1909847","targetHints":{"allow":["GET"]}}],"collection":[{"href":"https:\/\/analyse.optim.biz\/index.php?rest_route=\/wp\/v2\/posts"}],"about":[{"href":"https:\/\/analyse.optim.biz\/index.php?rest_route=\/wp\/v2\/types\/post"}],"author":[{"embeddable":true,"href":"https:\/\/analyse.optim.biz\/index.php?rest_route=\/wp\/v2\/users\/1"}],"replies":[{"embeddable":true,"href":"https:\/\/analyse.optim.biz\/index.php?rest_route=%2Fwp%2Fv2%2Fcomments&post=1909847"}],"version-history":[{"count":0,"href":"https:\/\/analyse.optim.biz\/index.php?rest_route=\/wp\/v2\/posts\/1909847\/revisions"}],"wp:attachment":[{"href":"https:\/\/analyse.optim.biz\/index.php?rest_route=%2Fwp%2Fv2%2Fmedia&parent=1909847"}],"wp:term":[{"taxonomy":"category","embeddable":true,"href":"https:\/\/analyse.optim.biz\/index.php?rest_route=%2Fwp%2Fv2%2Fcategories&post=1909847"},{"taxonomy":"post_tag","embeddable":true,"href":"https:\/\/analyse.optim.biz\/index.php?rest_route=%2Fwp%2Fv2%2Ftags&post=1909847"}],"curies":[{"name":"wp","href":"https:\/\/api.w.org\/{rel}","templated":true}]}}