{"id":1909807,"date":"2026-04-29T14:13:01","date_gmt":"2026-04-29T11:13:01","guid":{"rendered":"https:\/\/analyse.optim.biz\/?p=1909807"},"modified":"2026-04-29T14:13:01","modified_gmt":"2026-04-29T11:13:01","slug":"buzoianu-atac-la-caracatita-balastierelor-credeti-ca-nu-le-a-vazut-nimeni-in-ultimii-20-de-ani-am","status":"publish","type":"post","link":"https:\/\/analyse.optim.biz\/?p=1909807","title":{"rendered":"Buzoianu, atac la \u201ecaracati\u021ba\u201d balastierelor: \u201eCrede\u021bi c\u0103 nu le-a v\u0103zut nimeni \u00een ultimii 20 de ani? Am&#8230;"},"content":{"rendered":"<p>[analyse_image type=&#8221;featured&#8221; src=&#8221;https:\/\/cdn.adh.reperio.news\/image-e\/ed7bf380-7961-4233-bcb0-2665bda6a193\/index.jpeg?p=f%3Djpeg%26w%3D1200%26h%3D630%26r%3Dcover&#8221;]<\/p>\n<article class=\"svelte-t0js42\">\n<nav>\n<ul class=\"breadcrump svelte-xauq0s\">\n<li class=\"svelte-xauq0s\"><a href=\"\/\" title=\"Adev\u0103rul\" class=\"svelte-xauq0s\">Home<\/a><\/li>\n<li class=\"svelte-xauq0s\"><a href=\"\/politica\" class=\"svelte-xauq0s\">Politic\u0103<\/a><\/li>\n<li class=\"svelte-xauq0s\"><a href=\"https:\/\/adevarul.ro\/politica\/buzoianu-atac-la-caracatita-balastierelor-2526156.html\" class=\"svelte-xauq0s\">Buzoianu, atac la \u201ecaracati\u021ba\u201d balastierelor: \u201eCrede\u021bi c\u0103 nu le-a v\u0103zut nimeni \u00een ultimii 20 de ani? Am deranjat multe grupuri de interese\u201d <\/a><\/li>\n<\/ul>\n<\/nav>\n<p><main class=\"svelte-t0js42\"><\/p>\n<p>Ministrul Mediului, Diana Buzoianu, avertizeaz\u0103 c\u0103 o eventual\u0103 c\u0103dere a Guvernului Bolojan prin mo\u021biune de cenzur\u0103 ar \u00eensemna \u201e\u00eentoarcerea la haos \u0219i la vechile grupuri de interese\u201d. Prezent\u0103 la Interviurile Adev\u0103rul, Buzoianu a acuzat PSD c\u0103 \u00eencearc\u0103 s\u0103 destabilizeze coali\u021bia din cauza reformelor \u0219i a controalelor intensificate \u00een zone sensibile, precum industria lemnului.<\/p>\n<div class=\"_hydratable\" data-props=\"%7B%22data%22%3A%7B%22caption%22%3A%22%22%2C%22embed%22%3A%22https%3A%2F%2Fwww.youtube.com%2Fembed%2FMoG7yGbhv1I%22%2C%22height%22%3A320%2C%22service%22%3A%22youtube%22%2C%22source%22%3A%22https%3A%2F%2Fyoutu.be%2FMoG7yGbhv1I%22%2C%22width%22%3A580%7D%2C%22id%22%3A%221igmGKFd1K%22%2C%22type%22%3A%22embed%22%2C%22lines%22%3A10%2C%22linesAbove%22%3A17%2C%22index%22%3A1%2C%22paragraphsAbove%22%3A1%2C%22percentage%22%3A0.056666666666666664%2C%22linesBellow%22%3A283%7D\" data-context=\"%7B%22parentBlockColumnCount%22%3A%7B%22value%22%3A0%2C%22type%22%3A%22store%2Freadable%22%7D%2C%22parentBlockBackgroundColor%22%3A%7B%22type%22%3A%22store%2Freadable%22%7D%7D\" data-component=\"EditorEmbedViewDefault\">\n<div class=\"container-embed svelte-1bb21e6\"><iframe src=\"https:\/\/www.youtube.com\/embed\/MoG7yGbhv1I\" class=\"embed-youtube svelte-1bb21e6\" width=\"580\" allowfullscreen title=\"embed media\" loading=\"lazy\"><\/iframe><\/div>\n<\/div>\n<h2>Buzoianu anun\u021b\u0103 un succes \u00een instan\u021b\u0103<\/h2>\n<p>Diana Buzoianu, a anun\u021bat o victorie \u00een instan\u021b\u0103 privind un act normativ al Ministerului Mediului, sus\u021bin\u00e2nd c\u0103 hot\u0103r\u00e2rea de guvern contestat\u0103 a fost confirmat\u0103 ca fiind legal\u0103 \u00een prim\u0103 instan\u021b\u0103. Ea a subliniat c\u0103 decizia reprezint\u0103 \u201eo veste foarte bun\u0103\u201d \u0219i a l\u0103udat echipa juridic\u0103 a ministerului pentru ap\u0103rarea cu succes a actului normativ.<\/p>\n<p>Ministrul a sus\u021binut c\u0103, \u00een timpul procesului, au existat presiuni din partea unor case de avocatur\u0103 \u0219i proteste publice, \u00eens\u0103 ministerul a reu\u0219it s\u0103 \u00ee\u0219i men\u021bin\u0103 pozi\u021bia legal\u0103.<i> \u201e\u00cei felicit pe juri\u0219tii de la Minister, deoarece cu juri\u0219tii din Minister am reu\u0219it s\u0103 ap\u0103r\u0103m acest act normativ\u201d,<\/i> a ad\u0103ugat ea.<\/p>\n<p>\u00cen interviu, Buzoianu a criticat modul \u00een care func\u021bioneaz\u0103 actualele alian\u021be parlamentare. Ea a afirmat c\u0103 \u00een Parlament exist\u0103 o majoritate care ar ac\u021biona \u00een mod concertat pentru a bloca sau influen\u021ba decizii politice importante.<\/p>\n<h2>Reforme\u00a0\u00een ciuda blocajelor administrative \u0219i legislative<\/h2>\n<p>Ea a mai sus\u021binut c\u0103 reformele din domeniul mediului au fost posibile \u00een ciuda blocajelor administrative \u0219i legislative, dar c\u0103 ritmul acestora este limitat de cadrul legal actual \u0219i de rezisten\u021ba din interiorul sistemului public.<\/p>\n<p>Ministrul a criticat \u0219i lipsa unor p\u00e2rghii administrative mai puternice pentru mini\u0219tri \u00een ceea ce prive\u0219te func\u021bionarii publici, afirm\u00e2nd c\u0103 actuala legisla\u021bie \u00eengreuneaz\u0103 procesul de reform\u0103 \u0219i de sanc\u021bionare a derapajelor din institu\u021bii. Aceasta a \u00eencheiat subliniind c\u0103 succesul reformelor depinde de voin\u021ba politic\u0103 \u0219i de capacitatea institu\u021biilor de a sus\u021bine schimb\u0103ri structurale, avertiz\u00e2nd c\u0103, \u00een lipsa acestora, progresul administrativ r\u0103m\u00e2ne limitat.<\/p>\n<p><i>\u201eDac\u0103 vrei s\u0103 faci cur\u0103\u021benie, s\u0103 po\u021bi s\u0103 iei ni\u0219te m\u0103suri \u00een momentul \u00een care vezi c\u0103 sunt f\u0103cute derapaje la nivel local, \u00een momentul \u00een care vezi c\u0103 sunt f\u0103cute ilegalit\u0103\u021bi, s\u0103 po\u021bi s\u0103 le iei. Ast\u0103zi, ministrul nu are aceast\u0103 p\u00e2rghie direct\u0103 (&#8230;)\u00a0Toate reformele pe care noi le-am f\u0103cut, care nu au fost pu\u021bine, repet, am scos la iveal\u0103 mii de construc\u021bii ilegale, am d\u0103r\u00e2mat construc\u021bii ilegale, am f\u0103cut controale record de milioane, cu milioane amenzi pentru balastierele ilegale, am scos inspectorul balastierelor. Am dat licita\u021bie public\u0103 transparent\u0103 cu record de operatori la care s-au \u00eenscris plajele din Rom\u00e2nia. Am reu\u0219it s\u0103 scoatem la iveal\u0103 mult mai multe cazuri de lemn t\u0103iat ilegal dec\u00e2t \u00een ultimii ani de zile. Adic\u0103, n-am reu\u0219it s\u0103 facem foarte multe lucruri, dar imagina\u021bi-v\u0103 c\u00e2t de mult mai multe lucruri am fi f\u0103cut dac\u0103 nu eram&#8230; dac\u0103 nu eram bloca\u021bi la fiecare pas de c\u0103tre oamenii din sistem care se v\u0103d c\u0103 sunt acolo pe via\u021b\u0103\u201d, <\/i>a mai spus Buzoianu.<\/p>\n<h2>\u201ePSD \u0219i AUR ac\u021bioneaz\u0103 ca o majoritate \u00een Parlament\u201d<\/h2>\n<p>O eventual\u0103 colaborare \u00eentre PSD \u0219i AUR ar transforma radical echilibrul politic din \u021bara noastr\u0103. Buzoianu a afirmat c\u0103, \u00een opinia sa, \u00een momentul \u00een care PSD ar vota pentru c\u0103derea Guvernului, actuala coali\u021bie ar \u00eenceta s\u0103 mai existe, iar Rom\u00e2nia ar intra \u00eentr-o nou\u0103 realitate politic\u0103 \u00een care PSD \u0219i AUR ar ac\u021biona ca o majoritate parlamentar\u0103 de facto.<\/p>\n<p><i>\u201e\u00cen oricare dintre variantele \u00een care PSD se \u00eentoarce la mas\u0103 \u00een aceea\u0219i guvernare, de fapt el a transmis c\u0103 m\u00e2ine poate s\u0103 voteze orice \u00een Parlament. Noi nu mai avem o coali\u021bie\u201d, <\/i>a declarat ministrul.<\/p>\n<p>Aceasta a sus\u021binut c\u0103, \u00een prezent, exist\u0103 deja o form\u0103 de colaborare indirect\u0103 \u00eentre PSD \u0219i AUR, care s-ar manifesta prin voturi comune \u00een Parlament \u0219i prin blocarea sau promovarea unor proiecte legislative. \u00cen opinia sa, aceast\u0103 situa\u021bie ar permite AUR s\u0103 influen\u021beze deciziile politice majore, chiar f\u0103r\u0103 a face parte oficial din guvernare.<\/p>\n<p><i>\u201eAUR are puterea dat\u0103 de PSD \u0219i legitimitatea dat\u0103 de PSD s\u0103-\u0219i treac\u0103 absolut toate proiectele pe care le vor \u00een Parlament, toate m\u0103surile pe care le vor \u00een Parlament (&#8230;) AUR implicit a ajuns s\u0103 conduc\u0103 \u021bara cu pixul PSD-ului. \u0218i sigur, nici m\u0103car nu vor s\u0103 accepte asta, se numesc c\u0103 sunt \u00een continuare \u00een opozi\u021bie\u201d, <\/i>a afirmat Buzoianu.<\/p>\n<p>Ministrul a criticat \u0219i ideea unei eventuale reconfigur\u0103ri guvernamentale \u00een formula PSD\u2013PNL\u2013UDMR, f\u0103r\u0103 implicarea Uniunea Salva\u021bi Rom\u00e2nia, preciz\u00e2nd c\u0103 USR nu ar mai putea reveni la masa negocierilor \u00een astfel de condi\u021bii.\u00a0<i>\u201eDeci noi nu ne vom a\u0219eza la mas\u0103 dup\u0103 mo\u021biunea de cenzur\u0103. Noi nu vrem s\u0103 mai avem o discu\u021bie \u0219i nu credem c\u0103 mai putem s\u0103 avem o discu\u021bie cu PSD sub aceast\u0103 form\u0103\u201d, <\/i>a subliniat ea.<\/p>\n<h2>Buzoianu, atac la \u201ecaracati\u021ba\u201d balastierelor<\/h2>\n<p>Ministrul Mediului e de p\u0103rere c\u0103 ofensiva politic\u0103 a PSD este alimentat\u0103 de nemul\u021bumirea grupurilor de influen\u021b\u0103 afectate de noile controale riguroase. Diana Buzoianu a subliniat c\u0103 actuala administra\u021bie a lovit direct \u00een re\u021belele de interese care au func\u021bionat nestingherite \u00een ultimele decenii. <\/p>\n<p>\u201e<i>Am deranjat foarte multe grupuri de interese. E un lucru foarte transparent. Grupurile ilegale de balastiere pe care le-am deranjat&#8230; Crede\u021bi c\u0103 nu le-a v\u0103zut nimeni \u00een ultimii 10-20 de ani? Crede\u021bi c\u0103 e confortabil pentru ei s\u0103 se vad\u0103 toat\u0103 caracati\u021ba asta?<\/i>\u201d, a \u00eentrebat retoric ministrul.<\/p>\n<h2>Diana\u00a0Buzoianu acuz\u0103 alian\u021be toxice \u00een Parlament \u0219i avertizeaz\u0103 c\u0103 \u201edestabilizarea Rom\u00e2niei serve\u0219te intereselor externe\u201d<\/h2>\n<p>Ministrul Mediului a lansat acuza\u021bii la adresa unor forma\u021biuni politice din Parlament, sus\u021bin\u00e2nd c\u0103 s-au format<i> \u201ealian\u021be toxice\u201d<\/i> care au contribuit la destabilizarea \u021b\u0103rii prin voturi repetate \u0219i prin promovarea unor amendamente controversate.<\/p>\n<p>Aceasta a afirmat c\u0103 \u00een ultimele luni au fost adoptate \u00een Parlament mai multe m\u0103suri pe care le consider\u0103 toxice. Ministrul a sus\u021binut c\u0103 actuala criz\u0103 politic\u0103 nu este \u00eent\u00e2mpl\u0103toare \u0219i c\u0103 destabilizarea Rom\u00e2niei ar putea servi inclusiv unor interese externe. Aceasta a afirmat c\u0103 <i>\u201eanumite state din Est\u201d<\/i> ar avea de c\u00e2\u0219tigat de pe urma instabilit\u0103\u021bii politice din Rom\u00e2nia. \u00cen acela\u0219i timp, Buzoianu a criticat PSD, acuz\u00e2ndu-l c\u0103 trateaz\u0103 actuala situa\u021bie politic\u0103 <i>\u201eca pe o glum\u0103\u201d.<\/i><\/p>\n<p><i>\u201eAu creat aceast\u0103 alian\u021b\u0103 \u0219i au hr\u0103nit-o constant \u00een ultimele luni de zile, cu zeci de voturi \u00een Parlament, prin care \u0219i-au trecut amendamente toxice, proiecte toxice. Asta este doar un punct maxim la care au ajuns, dar p\u00e2n\u0103 acum, constant, au \u0219antajat \u00een Parlament cu o majoritate. pe care au \u0219i folosit-o pentru a destabiliza \u021bara. \u0218i acum eu vreau s\u0103 \u00eentreb un lucru. Cui \u00eei folose\u0219te destabilizarea \u021b\u0103rii \u00een momentul de fa\u021b\u0103? \u0218i adev\u0103rul este c\u0103 pot s\u0103 m\u0103 uit spre ru\u0219i \u0219i s\u0103 zic c\u0103 sunt ni\u0219te oameni, sunt ni\u0219te state \u00een partea mai de est care sunt tare bucuroase s\u0103 ne vad\u0103 at\u00e2t de destabiliza\u021bi, destabiliza\u021bi inclusiv \u00eentr-un context \u00een care PSD r\u00e2de \u00een acela\u0219i timp \u00een care arunc\u0103 \u021bara \u00een aer. Adic\u0103 lor li se pare o glum\u0103 c\u0103 voteaz\u0103 mo\u021biunea \u0219i dup\u0103 aia \u00een la fel de z\u00e2mb\u0103re\u021bi cred c\u0103 se a\u0219eaz\u0103 la mas\u0103 s\u0103 refac\u0103 farfuria spart\u0103 \u0219i nu func\u021bioneaz\u0103, nu func\u021bioneaz\u0103 lucrurile a\u0219a\u201d, <\/i>a declarat Buzoianu.<\/p>\n<p><a class=\"related-inline svelte-1t8qpgs\" data-gtrack='{\"event\":\"utm_click\",\"data\":{\"event_category\":\"article_related\"}}' href=\"https:\/\/adevarul.ro\/politica\/un-activist-de-mediu-cere-modificarea-oug-pentru-2524728.html\" title=\"Alt articol de interes pentru tine\"><span class=\"inline-title svelte-1t8qpgs\">Un activist de mediu cere modificarea OUG pentru salvarea spa\u021biilor verzi, promovat\u0103 de Diana Buzoianu: \u201eAbordarea este gre\u0219it\u0103\u201d<\/span><\/a><\/p>\n<p>Ministrul a avertizat c\u0103 o eventual\u0103 c\u0103dere a Guvernului ar putea pune \u00een pericol investi\u021bii \u0219i fonduri europene de ordinul zecilor de miliarde de euro.<\/p>\n<h2>Buzoianu: \u00centre PSD \u0219i AUR este o colaborare constant\u0103<\/h2>\n<p>Ministrul a vorbit \u0219i despre rela\u021bia dintre PSD \u0219i AUR, sus\u021bin\u00e2nd c\u0103 \u00eentre cele dou\u0103 forma\u021biuni ar exista o colaborare constant\u0103 \u00een voturile din Parlament, de\u0219i discursul public ar sugera contrariul.<\/p>\n<p><i>\u201eE \u0219i mai amuzant c\u0103 \u00eencearc\u0103 s\u0103-i explice c\u0103 ei nu sunt de fapt \u00eempreun\u0103, dar au efectiv conferin\u021b\u0103 de pres\u0103 comun\u0103\u201d, <\/i>a afirmat aceasta, ad\u0103ug\u00e2nd c\u0103 unele proiecte importante \u00een domeniul mediului ar fi fost blocate cu sprijinul comun al celor dou\u0103 partide.<\/p>\n<p>\u00cen ceea ce prive\u0219te negocierile politice din Parlament, Diana Buzoianu a precizat c\u0103 nu face parte direct din discu\u021biile privind mo\u021biunea de cenzur\u0103, \u00eens\u0103 a subliniat c\u0103 USR \u00ee\u0219i men\u021bine pozi\u021bia ferm\u0103 \u00eempotriva colabor\u0103rii cu PSD \u00een afara unor condi\u021bii clare de reform\u0103 \u0219i echilibru politic.<\/p>\n<h2>\u201ePSD a fost tratat ca partener egal, nu ca \u0219ef pe tarla\u201d<\/h2>\n<p>Totodat\u0103, ea a avertizat c\u0103 orice scenariu politic \u00een care PSD ar ajunge s\u0103 controleze indirect guvernarea ar transforma executivul \u00eentr-un \u201eteatru ieftin\u201d, lipsit de capacitatea real\u0103 de a implementa reforme.<\/p>\n<p><i>\u201ePSD a fost tratat ca partener egal, cu respect, nu ca \u0219ef pe tarla. \u00cen momentul \u00een care transform\u0103m toat\u0103 masa de \u0219ah \u0219i o lu\u0103m \u0219i spunem PSD a devenit, de fapt, singurul partid din guvernare care poate s\u0103 \u0219antajeze \u00een orice moment cu majoritatea, cu partidul extremist \u0219i \u00een orice moment poate s\u0103 ridice, s\u0103 arunce masa \u00een aer, de fapt noi nu mai avem o guvernare, avem un teatru. Iar eu nu \u0219tiu c\u00e2\u021bi rom\u00e2ni sunt dispu\u0219i s\u0103 mai pl\u0103teasc\u0103 s\u0103 vad\u0103 acest teatru, ieftin. Nu cred c\u0103 mai sunt dispu\u0219i\u201d,<\/i> a declarat Buzoianu.<\/p>\n<h2>Buzoianu: Rom\u00e2nia nu \u00ee\u0219i permite c\u0103derea Guvernului. Ar \u00eensemna \u00eentoarcerea la haos \u0219i la vechile grupuri de interese\u201d<\/h2>\n<p>Rom\u00e2nia are nevoie de stabilitate politic\u0103 \u0219i de continuarea reformelor, nu de o criz\u0103 guvernamental\u0103 care ar putea arunca \u021bara \u00eentr-o nou\u0103 perioad\u0103 de incertitudine, a declarat ministrul Mediului, Diana Buzoianu, la Interviurile Adev\u0103rul.<\/p>\n<p>Buzoianu a declarat c\u0103 actuala coali\u021bie va prezenta toate argumentele necesare pentru a demonstra c\u0103 pr\u0103bu\u0219irea Executivului ar servi doar unor grupuri interesate s\u0103 recapete accesul la resursele publice. Potrivit acesteia, adev\u0103rata miz\u0103 nu este doar votul de s\u0103pt\u0103m\u00e2na viitoare, ci consecin\u021bele politice care ar urma dup\u0103 acesta.<\/p>\n<p>Ministrul a acuzat direct PSD c\u0103 ar \u00eencerca s\u0103 destabilizeze actuala coali\u021bie din nemul\u021bumirea provocat\u0103 de m\u0103surile de reform\u0103 \u0219i de controalele intensificate \u00een zone sensibile, precum exploat\u0103rile de balast, industria lemnului \u0219i activitatea unor companii.<\/p>\n<p><i>\u201eDe fapt, realitatea urm\u0103toarelor s\u0103pt\u0103m\u00e2ni este, dac\u0103 noi accept\u0103m c\u0103 Rom\u00e2nia trebuie s\u0103 fie schimbat\u0103 \u00een bine, adic\u0103 cur\u0103\u021bat\u0103, toate aceste lucruri, sau dac\u0103 ced\u0103m \u00een fa\u021ba unui \u0219antaj de majoritate creat\u0103 cu ni\u0219te mi\u0219c\u0103ri extremiste, s\u0103 d\u0103m \u00eenapoi \u00een tot ceea ce ne-am propus s\u0103 facem ca cur\u0103\u021benie \u00een Rom\u00e2nia. <\/i><\/p>\n<p><i>Eu cred c\u0103 ultimul vot al rom\u00e2nilor de fapt a fost un vot clar tran\u0219ant pentru modificare, clar tran\u0219ant pentru cur\u0103\u021benie. Nu \u0219tiu c\u00e2t putem s\u0103 mai ignor\u0103m rom\u00e2nii care sunt din ce \u00een ce mai revolta\u021bi \u0219i care vor s\u0103 vad\u0103 modific\u0103rile astea\u201d,<\/i> a transmis Buzoianu.<\/p>\n<h2>\u201ePSD \u0219i PNL formau un mariaj \u00een care mai degrab\u0103 PNL era considerat accesoriu de c\u0103tre PSD \u00een guvernare\u201d<\/h2>\n<p>\u00cen ceea ce prive\u0219te specula\u021biile privind o posibil\u0103 reconfigurare politic\u0103 \u00eentre PNL \u0219i PSD, Diana Buzoianu a respins ideea unei reveniri la vechea formul\u0103 de guvernare. Ea a subliniat c\u0103 experien\u021ba coabit\u0103rii PSD-PNL a demonstrat limitele unei astfel de alian\u021be \u0219i a sus\u021binut c\u0103 actuala formul\u0103 guvernamental\u0103 a livrat rezultate concrete.<\/p>\n<p><i>\u201ePSD \u0219i PNL formau un mariaj \u00een care mai degrab\u0103 PNL era considerat accesoriu de c\u0103tre PSD \u00een guvernare. \u0218i am v\u0103zut unde a dus asta toat\u0103 Rom\u00e2nia. Nu cred c\u0103 dup\u0103 ce s-a v\u0103zut \u0219i dup\u0103 ce am v\u0103zut cu to\u021bii \u0219i PNL a v\u0103zut c\u0103 se poate s\u0103 fie o guvernare cu mult mai multe rezultate, USR a livrat ni\u0219te rezultate foarte concrete \u00een guvernarea asta\u201d,<\/i> a spus ministrul. <\/p>\n<p>Totodat\u0103, ministrul a precizat c\u0103 partidul s\u0103u nu va participa la nicio construc\u021bie politic\u0103 realizat\u0103 \u00eempotriva intereselor cet\u0103\u021benilor \u0219i a avertizat c\u0103 orice decizie care favorizeaz\u0103 corup\u021bia sau grupurile de influen\u021b\u0103 va avea costuri politice majore.<\/p>\n<p><a class=\"related-inline svelte-1t8qpgs\" data-gtrack='{\"event\":\"utm_click\",\"data\":{\"event_category\":\"article_related\"}}' href=\"https:\/\/adevarul.ro\/politica\/dominic-fritz-reactie-dupa-motiune-este-limba-2526091.html\" title=\"Alt articol de interes pentru tine\"><span class=\"inline-title svelte-1t8qpgs\">Dominic Fritz, reac\u021bie dup\u0103 mo\u021biune: \u201eEste limba pe care AUR a copiat-o din manualele de la Moscova\u201d<\/span><\/a><\/p>\n<h2>Actuala coali\u021bie ar putea continua \u00een aceea\u0219i formul\u0103, spune Buzoianu<\/h2>\n<p>Buzoianu a l\u0103sat \u00eens\u0103 deschis\u0103 posibilitatea continu\u0103rii actualei coali\u021bii, cu o condi\u021bie clar\u0103: mo\u021biunea de cenzur\u0103 s\u0103 nu fie votat\u0103.<\/p>\n<p><i>\u201eDac\u0103 nu trece, da. Deci, dac\u0103 mo\u021biunea de cenzur\u0103 nu este votat\u0103 \u0219i dac\u0103 PSD nu voteaz\u0103 aceast\u0103 mo\u021biune, da, p\u00e2n\u0103 la mo\u021biunea de cenzur\u0103, mie mi se pare c\u0103 este un punct de \u00eentoarcere\u201d, a<\/i> spus ministrul.<\/p>\n<p>Referitor la acuza\u021biile privind presupuse colabor\u0103ri anterioare ale USR cu Alian\u021ba pentru Unirea Rom\u00e2nilor, Diana Buzoianu a respins ferm aceast\u0103 interpretare, explic\u00e2nd c\u0103 forma\u021biunea sa nu a ini\u021biat mo\u021biuni \u00eempreun\u0103 cu AUR \u0219i c\u0103 voturile din trecut nu pot fi comparate cu actualul context politic.<\/p>\n<h2>Diana Buzoianu, la Interviurile Adev\u0103rul<\/h2>\n<p><a href=\"https:\/\/adevarul.ro\/politica\/diana-buzoianu-acuza-psd-ca-pregateste-concursuri-2525186.html\">Un subiect de interes\u00a0<\/a>pentru rom\u00e2ni este legat de\u00a0<a href=\"https:\/\/adevarul.ro\/economie\/ce-se-intampla-cu-rabla-auto-si-baterii-pentru-2521647.html\">programele de mediu<\/a>\u00a0\u201eRabla\u201d \u0219i \u201eCasa Verde\u201d. <\/p>\n<p>Diana Buzoianu va vorbi despre modul \u00een care aceste programe pot continua \u0219i despre perspectivele lor de implementare \u00een perioada urm\u0103toare.<\/p>\n<p><a href=\"https:\/\/adevarul.ro\/economie\/ce-se-intampla-cu-rabla-auto-si-baterii-pentru-2521647.html\">\u00centr-un interviu pentru Adev\u0103rul<\/a>, Diana Buzoianu a declarat c\u0103 programul \u201eRabla\u201d pentru persoane fizice, aflat \u00een analiz\u0103, urmeaz\u0103 s\u0103 fie \u00eembun\u0103t\u0103\u021bit. Aceasta a precizat c\u0103, \u00een func\u021bie de bugetul disponibil, autorit\u0103\u021bile \u00ee\u0219i propun lansarea unei variante actualizate a programului, care ar putea include \u0219i criterii noi privind produc\u0103torii, astfel \u00eenc\u00e2t ace\u0219tia s\u0103 provin\u0103 din Europa.<\/p>\n<p>Totodat\u0103, ministrul a explicat c\u0103, \u00een acest moment, nu a fost propus un<a href=\"https:\/\/adevarul.ro\/economie\/ce-se-intampla-cu-rabla-auto-si-baterii-pentru-2521647.html\"> buget nou pentru panourile fotovoltaice<\/a>, prioritatea fiind lansarea unui program dedicat bateriilor de stocare.\u00a0<\/p>\n<p><i>\u201ePrioritatea este s\u0103 vedem dac\u0103 putem lansa programul pentru baterii de stocare, care cred c\u0103 va ajuta foarte mult at\u00e2t sistemul energetic, c\u00e2t \u0219i la sc\u0103derea facturilor. \u00cencerc\u0103m s\u0103 folosim resursele limitate c\u00e2t mai eficient, pe proiecte care au impact maxim\u201d<\/i>, a transmis Buzoianu.<\/p>\n<p><\/main><\/p>\n<footer class=\"svelte-t0js42\">\n<div class=\"related-wrap related-footer svelte-1t8qpgs\"><span class=\"related-label svelte-1t8qpgs\">Cite\u0219te \u0219i<\/span><a class=\"related svelte-1t8qpgs\" data-gtrack='{\"event\":\"utm_click\",\"data\":{\"event_category\":\"article_related\"}}' href=\"https:\/\/adevarul.ro\/stiri-interne\/evenimente\/reforma-romsilva-continua-ministerul-mediului-a-2526100.html\" title=\"Alt articol de interes pentru tine\"><img decoding=\"async\" class=\"thumb svelte-1t8qpgs\" src=\"https:\/\/cdn.adh.reperio.news\/image-4\/4cd36d83-c05f-4efe-85dd-e88f9752c6b0\/index.jpeg\" alt loading=\"lazy\" width=\"80\" height=\"54\"><span class=\"title svelte-1t8qpgs\">Reforma Romsilva continu\u0103: Ministerul Mediului a c\u00e2\u0219tigat procesul \u00een care Federa\u021bia Silva s-a opus reorganiz\u0103rii<\/span><\/a><\/div>\n<div class=\"meta svelte-t0js42\">\n<div class=\"authors svelte-t0js42\"><a href=\"\/author\/2086\" rel=\"author\" class=\"svelte-t0js42\">Oana Ababei<\/a><\/div>\n<div class=\"tags svelte-12okeyl\"><span class=\"tags-label metaFont svelte-12okeyl\">Cite\u0219te mai multe despre<\/span><\/p>\n<div class=\"tags-list svelte-12okeyl\"><a href=\"\/tag\/exclusiv\" title=\"Ultimele \u0219tiri despre exclusiv\" class=\"tag-pill svelte-12okeyl\">exclusiv<\/a><a href=\"\/tag\/interviurile%20adevarul\" title=\"Ultimele \u0219tiri despre interviurile adevarul\" class=\"tag-pill svelte-12okeyl\">interviurile adevarul<\/a><a href=\"\/tag\/diana%20buzoianu\" title=\"Ultimele \u0219tiri despre diana buzoianu\" class=\"tag-pill svelte-12okeyl\">diana buzoianu<\/a><\/div>\n<\/div>\n<\/div>\n<p><a class=\"moreFromCategory svelte-t0js42\" href=\"\/politica\" title=\"Politic\u0103\">Mai multe din <strong class=\"svelte-t0js42\">Politic\u0103<\/strong> \u203a<\/a><\/footer>\n<\/article>\n<p>[analyse_source url=&#8221;https:\/\/adevarul.ro\/politica\/buzoianu-atac-la-caracatita-balastierelor-2526156.html&#8221;]<\/p>\n","protected":false},"excerpt":{"rendered":"<p>[analyse_image type=&#8221;featured&#8221; src=&#8221;https:\/\/cdn.adh.reperio.news\/image-e\/ed7bf380-7961-4233-bcb0-2665bda6a193\/index.jpeg?p=f%3Djpeg%26w%3D1200%26h%3D630%26r%3Dcover&#8221;] Home Politic\u0103 Buzoianu, atac la \u201ecaracati\u021ba\u201d balastierelor: \u201eCrede\u021bi c\u0103 nu le-a v\u0103zut nimeni \u00een ultimii 20 de ani? Am deranjat multe grupuri de interese\u201d Ministrul Mediului, Diana Buzoianu, avertizeaz\u0103 c\u0103 o eventual\u0103 c\u0103dere a Guvernului Bolojan prin mo\u021biune de cenzur\u0103 ar \u00eensemna \u201e\u00eentoarcerea la haos \u0219i la vechile grupuri de interese\u201d. Prezent\u0103 [&hellip;]<\/p>\n","protected":false},"author":1,"featured_media":0,"comment_status":"open","ping_status":"","sticky":false,"template":"","format":"standard","meta":{"footnotes":""},"categories":[89],"tags":[19,226],"class_list":["post-1909807","post","type-post","status-publish","format-standard","hentry","category-romania","tag-adevarul","tag-crawlmanager"],"_links":{"self":[{"href":"https:\/\/analyse.optim.biz\/index.php?rest_route=\/wp\/v2\/posts\/1909807","targetHints":{"allow":["GET"]}}],"collection":[{"href":"https:\/\/analyse.optim.biz\/index.php?rest_route=\/wp\/v2\/posts"}],"about":[{"href":"https:\/\/analyse.optim.biz\/index.php?rest_route=\/wp\/v2\/types\/post"}],"author":[{"embeddable":true,"href":"https:\/\/analyse.optim.biz\/index.php?rest_route=\/wp\/v2\/users\/1"}],"replies":[{"embeddable":true,"href":"https:\/\/analyse.optim.biz\/index.php?rest_route=%2Fwp%2Fv2%2Fcomments&post=1909807"}],"version-history":[{"count":0,"href":"https:\/\/analyse.optim.biz\/index.php?rest_route=\/wp\/v2\/posts\/1909807\/revisions"}],"wp:attachment":[{"href":"https:\/\/analyse.optim.biz\/index.php?rest_route=%2Fwp%2Fv2%2Fmedia&parent=1909807"}],"wp:term":[{"taxonomy":"category","embeddable":true,"href":"https:\/\/analyse.optim.biz\/index.php?rest_route=%2Fwp%2Fv2%2Fcategories&post=1909807"},{"taxonomy":"post_tag","embeddable":true,"href":"https:\/\/analyse.optim.biz\/index.php?rest_route=%2Fwp%2Fv2%2Ftags&post=1909807"}],"curies":[{"name":"wp","href":"https:\/\/api.w.org\/{rel}","templated":true}]}}