{"id":1909748,"date":"2026-04-29T14:00:25","date_gmt":"2026-04-29T11:00:25","guid":{"rendered":"https:\/\/analyse.optim.biz\/?p=1909748"},"modified":"2026-04-29T14:00:25","modified_gmt":"2026-04-29T11:00:25","slug":"cum-sa-construiesti-un-business-sustenabilantreprenoriat-intre-creativitate-si-crize-economice","status":"publish","type":"post","link":"https:\/\/analyse.optim.biz\/?p=1909748","title":{"rendered":"Cum s\u0103 construie\u0219ti un business sustenabil:antreprenoriat \u00eentre creativitate \u0219i crize economice"},"content":{"rendered":"<p>[analyse_image type=&#8221;featured&#8221; src=&#8221;https:\/\/cdn.adh.reperio.news\/image-4\/49a6f70c-ef08-42dd-a992-7c79697aa485\/index.jpeg?p=f%3Djpeg%26w%3D1200%26h%3D630%26r%3Dcover&#8221;]<\/p>\n<article class=\"svelte-t0js42\">\n<nav>\n<ul class=\"breadcrump svelte-xauq0s\">\n<li class=\"svelte-xauq0s\"><a href=\"\/\" title=\"Adev\u0103rul\" class=\"svelte-xauq0s\">Home<\/a><\/li>\n<li class=\"svelte-xauq0s\"><a href=\"\/video\" class=\"svelte-xauq0s\">Video<\/a><\/li>\n<li class=\"svelte-xauq0s\"><a href=\"\/interviurile-adevarul\" class=\"svelte-xauq0s\">Interviurile Adev\u0103rul<\/a><\/li>\n<li class=\"svelte-xauq0s\"><a href=\"https:\/\/adevarul.ro\/interviurile-adevarul\/cum-sa-construiesti-un-business-2525436.html\" class=\"svelte-xauq0s\">Cum s\u0103 construie\u0219ti un business sustenabil:antreprenoriat \u00eentre creativitate \u0219i crize economice<\/a><\/li>\n<\/ul>\n<\/nav>\n<p><main class=\"svelte-t0js42\"><\/p>\n<div class=\"container-image  svelte-jd4qiv\"><source type=\"image\/webp\" srcset=\"https:\/\/cdn.adh.reperio.news\/image-4\/49a6f70c-ef08-42dd-a992-7c79697aa485\/index.jpeg?p=a%3D1%26co%3D1.05%26w%3D1400%26h%3D750%26r%3Dcontain%26f%3Dwebp 1400w\" media=\"(min-width: 1400px)\" \/><\/div>\n<div class=\"_hydratable\" data-props=\"%7B%22type%22%3A%22video%22%2C%22data%22%3A%7B%22player_options%22%3A%7B%7D%2C%22video%22%3A%7B%22animated%22%3A0%2C%22created_at%22%3A%222026-04-24T11%3A06%3A12.000Z%22%2C%22created_by%22%3A143%2C%22entity_type%22%3A%22media%22%2C%22extension%22%3A%22mp4%22%2C%22id%22%3A%2214ee8d35-3e1b-44a9-8b93-a934f5694c52%22%2C%22origin_duration%22%3A2164640%2C%22origin_hash%22%3Anull%2C%22origin_height%22%3A1080%2C%22origin_name%22%3A%22Cum%20sa%CC%86%20construies%CC%A6ti%20un%20business%20sustenabil.%20Antreprenoriat%20i%CC%82ntre%20creativitate%20s%CC%A6i%20crize%20economice.mp4%22%2C%22origin_size%22%3A1370545739%2C%22origin_width%22%3A1920%2C%22path%22%3A%22video-1%2F14ee8d35-3e1b-44a9-8b93-a934f5694c52%2Findex.m3u8%22%2C%22prevent_prune%22%3A0%2C%22published%22%3A0%2C%22restrict_domains%22%3Anull%2C%22status%22%3A%22ready%22%2C%22thumb%22%3A%22https%3A%2F%2Fcdn.adh.reperio.news%2Fvideo-1%2F14ee8d35-3e1b-44a9-8b93-a934f5694c52%2Fthumb.0000000.jpg%22%2C%22title%22%3A%22Cum%20sa%CC%86%20construies%CC%A6ti%20un%20business%20sustenabil%3A%20antreprenoriat%20i%CC%82ntre%20creativitate%20s%CC%A6i%20crize%20economice%22%2C%22type%22%3A%22video%22%2C%22updated_at%22%3A%222026-04-24T11%3A19%3A53.000Z%22%2C%22url%22%3A%22https%3A%2F%2Fcdn.adh.reperio.news%2Fvideo-1%2F14ee8d35-3e1b-44a9-8b93-a934f5694c52%2Findex.m3u8%22%2C%22video_raw%22%3Anull%2C%22video_thumbnail%22%3A%22thumb.0000000.jpg%22%7D%7D%7D\" data-context=\"%7B%22parentBlockColumnCount%22%3A%7B%22value%22%3A0%2C%22type%22%3A%22store%2Freadable%22%7D%2C%22parentBlockBackgroundColor%22%3A%7B%22type%22%3A%22store%2Freadable%22%7D%7D\" data-component=\"EditorVideoPlayer\"><\/div>\n<p>\u00centr-un<br \/>\ncontext economic marcat de incertitudine, \u00een 2009, Maria Paltin a f\u0103cut o alegere<br \/>\ncare avea s\u0103-i redefineasc\u0103 complet parcursul profesional: a transformat<br \/>\npierderea unui job \u00een \u00eenceputul unui brand.<\/p>\n<p>Cu o formare<br \/>\n\u00een arhitectur\u0103 \u0219i o sensibilitate aparte pentru materialitate, ea creeaz\u0103<br \/>\nast\u0103zi bijuterii din por\u021belan care dep\u0103\u0219esc func\u021bia decorativ\u0103 \u0219i devin forme<br \/>\nde expresie personal\u0103.<\/p>\n<p>Explore\u0103m<br \/>\nteme esen\u021biale pentru industriile creative:<br \/>\nantreprenoriatul \u00een perioade de criz\u0103, construc\u021bia unui business sustenabil,<br \/>\ndefinirea bijuteriei contemporane \u0219i importan\u021ba platformelor de vizibilitate<br \/>\nprecum t\u00e2rgul AUTOR.<\/p>\n<p>Maria<br \/>\nPaltin, arhitect \u0219i designer de bijuteria contemporan\u0103,vorbe\u0219te \u00a0despre:\n<\/p>\n<p>\u2013 cum se na\u0219te un business \u00een vremuri nesigure,<\/p>\n<p>\n\u2013 diferen\u021ba dintre curaj \u0219i nebunie \u00een antreprenoriat,\n<\/p>\n<p>\u2013 ce \u00eenseamn\u0103 bijuteria contemporan\u0103 ast\u0103zi,\n<\/p>\n<p>\u2013 cum \u00ee\u021bi g\u0103se\u0219ti vocea \u00eentr-o pia\u021b\u0103 creativ\u0103\n<\/p>\n<p>\u2013 rolul t\u00e2rgului AUTOR \u00een dezvoltarea designerilor din Rom\u00e2nia<\/p>\n<p><\/main><\/p>\n<footer class=\"svelte-t0js42\">\n<div class=\"meta svelte-t0js42\">\n<div class=\"authors svelte-t0js42\"><a href=\"\/author\/456\" rel=\"author\" class=\"svelte-t0js42\">Antoaneta Banu<\/a><\/div>\n<div class=\"tags svelte-12okeyl\"><span class=\"tags-label metaFont svelte-12okeyl\">Cite\u0219te mai multe despre<\/span><\/p>\n<div class=\"tags-list svelte-12okeyl\"><a href=\"\/tag\/autor\" title=\"Ultimele \u0219tiri despre autor\" class=\"tag-pill svelte-12okeyl\">autor<\/a><\/div>\n<\/div>\n<\/div>\n<p><a class=\"moreFromCategory svelte-t0js42\" href=\"\/interviurile-adevarul\" title=\"Interviurile Adev\u0103rul\">Mai multe din <strong class=\"svelte-t0js42\">Interviurile Adev\u0103rul<\/strong> \u203a<\/a><\/footer>\n<\/article>\n<p>[analyse_source url=&#8221;https:\/\/adevarul.ro\/interviurile-adevarul\/cum-sa-construiesti-un-business-2525436.html&#8221;]<\/p>\n","protected":false},"excerpt":{"rendered":"<p>[analyse_image type=&#8221;featured&#8221; src=&#8221;https:\/\/cdn.adh.reperio.news\/image-4\/49a6f70c-ef08-42dd-a992-7c79697aa485\/index.jpeg?p=f%3Djpeg%26w%3D1200%26h%3D630%26r%3Dcover&#8221;] Home Video Interviurile Adev\u0103rul Cum s\u0103 construie\u0219ti un business sustenabil:antreprenoriat \u00eentre creativitate \u0219i crize economice \u00centr-un context economic marcat de incertitudine, \u00een 2009, Maria Paltin a f\u0103cut o alegere care avea s\u0103-i redefineasc\u0103 complet parcursul profesional: a transformat pierderea unui job \u00een \u00eenceputul unui brand. Cu o formare \u00een arhitectur\u0103 \u0219i o [&hellip;]<\/p>\n","protected":false},"author":1,"featured_media":0,"comment_status":"open","ping_status":"","sticky":false,"template":"","format":"standard","meta":{"footnotes":""},"categories":[89],"tags":[19,226],"class_list":["post-1909748","post","type-post","status-publish","format-standard","hentry","category-romania","tag-adevarul","tag-crawlmanager"],"_links":{"self":[{"href":"https:\/\/analyse.optim.biz\/index.php?rest_route=\/wp\/v2\/posts\/1909748","targetHints":{"allow":["GET"]}}],"collection":[{"href":"https:\/\/analyse.optim.biz\/index.php?rest_route=\/wp\/v2\/posts"}],"about":[{"href":"https:\/\/analyse.optim.biz\/index.php?rest_route=\/wp\/v2\/types\/post"}],"author":[{"embeddable":true,"href":"https:\/\/analyse.optim.biz\/index.php?rest_route=\/wp\/v2\/users\/1"}],"replies":[{"embeddable":true,"href":"https:\/\/analyse.optim.biz\/index.php?rest_route=%2Fwp%2Fv2%2Fcomments&post=1909748"}],"version-history":[{"count":0,"href":"https:\/\/analyse.optim.biz\/index.php?rest_route=\/wp\/v2\/posts\/1909748\/revisions"}],"wp:attachment":[{"href":"https:\/\/analyse.optim.biz\/index.php?rest_route=%2Fwp%2Fv2%2Fmedia&parent=1909748"}],"wp:term":[{"taxonomy":"category","embeddable":true,"href":"https:\/\/analyse.optim.biz\/index.php?rest_route=%2Fwp%2Fv2%2Fcategories&post=1909748"},{"taxonomy":"post_tag","embeddable":true,"href":"https:\/\/analyse.optim.biz\/index.php?rest_route=%2Fwp%2Fv2%2Ftags&post=1909748"}],"curies":[{"name":"wp","href":"https:\/\/api.w.org\/{rel}","templated":true}]}}