{"id":190970,"date":"2014-12-08T22:12:25","date_gmt":"2014-12-08T19:12:25","guid":{"rendered":"https:\/\/analyse.optim.biz\/?p=190970"},"modified":"2014-12-08T22:12:25","modified_gmt":"2014-12-08T19:12:25","slug":"tatiana-niculescu-bran-la-digi24-klaus-iohannis-va-fi-un-presedinte-foarte-bun-si-va-face-schimbari-istorice","status":"publish","type":"post","link":"https:\/\/analyse.optim.biz\/?p=190970","title":{"rendered":"Tatiana Niculescu Bran, la Digi24: \u201eKlaus Iohannis va fi un pre\u0219edinte foarte bun \u0219i va face schimb\u0103ri istorice\u201d"},"content":{"rendered":"<div class=\"entry data-app-meta data-app-meta-article\" data-embed-base-url-canonical=\"https:\/\/www.digi24.ro\/embed\/stiri\/actualitate\/politica\/tatiana-niculescu-bran-la-digi24-klaus-iohannis-va-fi-un-presedinte-foarte-bun-si-va-face-schimbari-istorice-332327\">\n<p data-index=\"1\">Tatiana Niculescu Bran a anun\u021bat, pe Facebook, c\u0103 a acceptat s\u0103 fie purt\u0103torul de cuv\u00e2nt al pre\u0219edintelui, dup\u0103 care, pre\u0219edintele ales, Klaus Iohannis, a confirmat informa\u021bia tot pe Facebook.<\/p>\n<p data-index=\"2\">\u201e<span>Am avut termen de g\u00e2ndire p\u00e2n\u0103 ast\u0103zi \u0219i \u00eentelegerea noastr\u0103 a fost ca, \u00een cazul \u00een care m\u0103 hot\u0103r\u0103sc, s\u0103 fac public\u0103 \u0219tirea, ceea ce am \u0219i f\u0103cut\u201d, a spus Tatiana Niculescu Bran, \u00een \u201eJurnalul de Sear\u0103\u201d.<\/span><\/p>\n<p data-index=\"3\">\u00centrebat\u0103 cu ce a convins-o Klaus Iohannis, aceasta a r\u0103spuns: \u201eCu simpla sa prezen\u021b\u0103 \u0219i prestan\u021b\u0103 \u0219i cu tot ce a f\u0103cut \u00een campania electoral\u0103\u201d<\/p>\n<p data-index=\"4\">\u201e<span>Va fi un pre\u0219edinte foarte bun \u0219i va face schimb\u0103ri istorice. Eu cred \u00een asta pentru c\u0103, altfel, nu m-a\u0219 fi dus la Cotroceni. Sunt convins\u0103 c\u0103 va face schimb\u0103ri de anvergur\u0103. \u0218i \u00een modul de a fi perceput\u0103 Pre\u0219edin\u021bia, \u0219i \u00een raporturile cu opinia public\u0103, \u0219i \u00een raport cu ceea ce se cheam\u0103 interesul public, \u0219i, mai ales, \u00een raportul cu institu\u021biile \u0219i cu credibilitatea lor \u00een ochii cet\u0103\u021benilor. Pentru c\u0103 cet\u0103\u021benii asta a\u0219teapt\u0103: institu\u021bii credibile, institu\u021bii care s\u0103 \u00eei respecte \u0219i care s\u0103 fie respectabile\u201d, a mai spus Tatiana Niculescu Bran.<\/span><\/p>\n<p data-index=\"5\">Klaus Iohannis va fi \u201eun comunicator serios, un comunicator care se \u021bine de cuv\u00e2nt, un comunicator cald, un comunicator care vorbe\u0219te pe \u00een\u021belesul oamenilor\u201d, a ad\u0103ugat viitorul purt\u0103tor de cuv\u00e2nt.<\/p>\n<p data-index=\"6\">\u201e<span>Cred c\u0103 pre\u0219edintele deja a spus, de mai multe ori, c\u0103 va fi, mai cur\u00e2nd, un pre\u0219edinte discret, ceea ce nu \u00eenseamn\u0103 c\u0103 nu va fi un pre\u0219edinte implicat \u00een tot ce se \u00eent\u00e2mpl\u0103. Dar, din punct de vedere mediatic, va fi un pre\u0219edinte care mai mult face \u0219i mai pu\u021bin vorbe\u0219te\u201d, a subliniat Tatiana Niculescu Bran.<\/span><\/p>\n<p data-index=\"7\">\u00centrebat\u0103 ce \u0219tie despre lista viitorilor consilieri preziden\u021biali, aceasta a r\u0103spuns: \u201eDespre viitorii mei colegi nu \u0219tiu nimic, pentru c\u0103 eu sunt \u00een afar\u0103 oric\u0103rui sistem, de orice fel, \u0219i politic, \u0219i institu\u021bional. \u0218i nu \u0219tiu absolut nimic din lista pentru Cotroceni pe care se afl\u0103 ceilal\u021bi consilieri. O vom afla, dup\u0103 cum a spus pre\u0219edintele, cel mai probabil s\u0103pt\u0103m\u00e2na viitoare\u201d.\u00a0<\/p>\n<\/div>\n<p> Source URL: https:\/\/www.digi24.ro\/stiri\/actualitate\/politica\/tatiana-niculescu-bran-la-digi24-klaus-iohannis-va-fi-un-presedinte-foarte-bun-si-va-face-schimbari-istorice-332327<\/p>\n","protected":false},"excerpt":{"rendered":"<p>Tatiana Niculescu Bran a anun\u021bat, pe Facebook, c\u0103 a acceptat s\u0103 fie purt\u0103torul de cuv\u00e2nt al pre\u0219edintelui, dup\u0103 care, pre\u0219edintele ales, Klaus Iohannis, a confirmat informa\u021bia tot pe Facebook. \u201eAm avut termen de g\u00e2ndire p\u00e2n\u0103 ast\u0103zi \u0219i \u00eentelegerea noastr\u0103 a fost ca, \u00een cazul \u00een care m\u0103 hot\u0103r\u0103sc, s\u0103 fac public\u0103 \u0219tirea, ceea ce am [&hellip;]<\/p>\n","protected":false},"author":1,"featured_media":190971,"comment_status":"open","ping_status":"","sticky":false,"template":"","format":"standard","meta":{"footnotes":""},"categories":[2],"tags":[11],"class_list":["post-190970","post","type-post","status-publish","format-standard","has-post-thumbnail","hentry","category-politics","tag-digi24"],"_links":{"self":[{"href":"https:\/\/analyse.optim.biz\/index.php?rest_route=\/wp\/v2\/posts\/190970","targetHints":{"allow":["GET"]}}],"collection":[{"href":"https:\/\/analyse.optim.biz\/index.php?rest_route=\/wp\/v2\/posts"}],"about":[{"href":"https:\/\/analyse.optim.biz\/index.php?rest_route=\/wp\/v2\/types\/post"}],"author":[{"embeddable":true,"href":"https:\/\/analyse.optim.biz\/index.php?rest_route=\/wp\/v2\/users\/1"}],"replies":[{"embeddable":true,"href":"https:\/\/analyse.optim.biz\/index.php?rest_route=%2Fwp%2Fv2%2Fcomments&post=190970"}],"version-history":[{"count":0,"href":"https:\/\/analyse.optim.biz\/index.php?rest_route=\/wp\/v2\/posts\/190970\/revisions"}],"wp:featuredmedia":[{"embeddable":true,"href":"https:\/\/analyse.optim.biz\/index.php?rest_route=\/wp\/v2\/media\/190971"}],"wp:attachment":[{"href":"https:\/\/analyse.optim.biz\/index.php?rest_route=%2Fwp%2Fv2%2Fmedia&parent=190970"}],"wp:term":[{"taxonomy":"category","embeddable":true,"href":"https:\/\/analyse.optim.biz\/index.php?rest_route=%2Fwp%2Fv2%2Fcategories&post=190970"},{"taxonomy":"post_tag","embeddable":true,"href":"https:\/\/analyse.optim.biz\/index.php?rest_route=%2Fwp%2Fv2%2Ftags&post=190970"}],"curies":[{"name":"wp","href":"https:\/\/api.w.org\/{rel}","templated":true}]}}