{"id":1909693,"date":"2026-04-29T14:31:09","date_gmt":"2026-04-29T11:31:09","guid":{"rendered":"https:\/\/analyse.optim.biz\/?p=1909693"},"modified":"2026-04-29T14:31:09","modified_gmt":"2026-04-29T11:31:09","slug":"conditii-mizere-descoperite-de-inspectorii-dsp-intr-un-liceu-din-timisoara-a-ramas-fara-autorizatia-sanitara","status":"publish","type":"post","link":"https:\/\/analyse.optim.biz\/?p=1909693","title":{"rendered":"Condi\u021bii mizere descoperite de inspectorii DSP, \u00eentr-un liceu din Timi\u0219oara! A r\u0103mas f\u0103r\u0103 autoriza\u021bia sanitar\u0103"},"content":{"rendered":"<p>[analyse_image type=&#8221;featured&#8221; src=&#8221;https:\/\/www.sursadevest.ro\/wp-content\/uploads\/2026\/04\/william-shakespeare.png&#8221;]<\/p>\n<p><main id=\"tm-main\"><\/p>\n<div class=\"uk-section-default uk-section\">\n<div class=\"uk-grid-margin uk-container uk-container-xsmall\">\n<div class=\"uk-grid tm-grid-expand uk-child-width-1-1\">\n<div class=\"uk-width-1-1\">\n<h1 class=\"uk-h2 uk-margin uk-text-center\">\n<p>                    Condi\u021bii mizere descoperite de inspectorii DSP, \u00eentr-un liceu din Timi\u0219oara! A r\u0103mas f\u0103r\u0103 autoriza\u021bia sanitar\u0103        <\/p>\n<\/h1>\n<div class=\"uk-panel uk-margin uk-text-center\"><time datetime=\"2026-04-29T16:31:09+02:00\">29 aprilie, 2026<\/time> | <a href=\"https:\/\/www.sursadevest.ro\/author\/petronela\/\">Sursa de Vest<\/a> | <a href=\"https:\/\/www.sursadevest.ro\/categorie\/stiri\/eveniment\/\" rel=\"tag\">Eveniment<\/a>, <a href=\"https:\/\/www.sursadevest.ro\/categorie\/stiri\/\" rel=\"tag\">\u0218tiri<\/a> | <a href=\"https:\/\/www.sursadevest.ro\/conditii-mizere-descoperite-de-inspectorii-dsp-intr-un-liceu-din-timisoara-a-ramas-fara-autorizatia-sanitara\/#respond\">Niciun comentariu<span class=\"screen-reader-text\"> la Condi\u021bii mizere descoperite de inspectorii DSP, \u00eentr-un liceu din Timi\u0219oara! A r\u0103mas f\u0103r\u0103 autoriza\u021bia sanitar\u0103<\/span><\/a><\/div>\n<\/div>\n<\/div>\n<\/div>\n<div class=\"uk-container uk-margin-large\">\n<div class=\"uk-grid tm-grid-expand uk-grid-column-large\">\n<div class=\"uk-width-2-3@m\">\n<nav aria-label=\"Breadcrumb\" class=\"uk-margin-small\">\n<ul class=\"uk-breadcrumb uk-margin-remove-bottom\">\n<li><\/li>\n<li><a href=\"https:\/\/www.sursadevest.ro\/categorie\/stiri\/\"><span>\u0218tiri<\/span><\/a><\/li>\n<li><a href=\"https:\/\/www.sursadevest.ro\/categorie\/stiri\/eveniment\/\"><span>Eveniment<\/span><\/a><\/li>\n<\/ul>\n<\/nav>\n<div class=\"uk-margin\"><source type=\"image\/webp\" srcset=\"\/wp-content\/uploads\/yootheme\/cache\/6f\/william-shakespeare-6fdfb8a0.webp 861w\" sizes=\"(min-width: 861px) 861px\" \/><\/div>\n<div class=\"uk-margin-remove-vertical uk-hidden@m\">\n<div class=\"uk-grid uk-child-width-1-1 uk-child-width-1-2@s uk-grid-small uk-grid-match\">\n<div>\n<div class=\"el-item uk-panel\"><a href=\"https:\/\/xpilatesspa.ro\" target=\"_blank\"><\/p>\n<div class=\"uk-inline-clip uk-transition-toggle\"><source type=\"image\/webp\" srcset=\"\/wp-content\/uploads\/yootheme\/cache\/4f\/WhatsApp-Image-2025-07-16-at-153218_b2c81b10-4f95fb31.webp 768w, \/wp-content\/uploads\/yootheme\/cache\/c3\/WhatsApp-Image-2025-07-16-at-153218_b2c81b10-c35bc934.webp 1024w, \/wp-content\/uploads\/yootheme\/cache\/c8\/WhatsApp-Image-2025-07-16-at-153218_b2c81b10-c8fb1140.webp 1366w, \/wp-content\/uploads\/yootheme\/cache\/8a\/WhatsApp-Image-2025-07-16-at-153218_b2c81b10-8aa1972b.webp 1600w\" sizes=\"(min-width: 1600px) 1600px\" \/><\/div>\n<p><\/a><\/p>\n<div class=\"uk-padding-small uk-margin-remove-first-child\">\n<div class=\"el-meta uk-text-meta uk-margin-small-top\">XPilates &amp; Spa<\/div>\n<div class=\"uk-margin-small-top\"><a href=\"https:\/\/xpilatesspa.ro\" target=\"_blank\" class=\"el-link uk-button uk-button-text\">Vezi detalii<\/a><\/div>\n<\/div>\n<\/div>\n<\/div>\n<\/div>\n<\/div>\n<div class=\"uk-panel uk-margin-remove-top uk-margin-medium-bottom\">\n<p>Condi\u021bii greu de imaginat au fost descoperite, \u00een urma unui control, de inspectorii DSP Timi\u0219, la Liceul Teoretic \u201eWilliam Shakespeare\u201d din Timi\u0219oara, unde \u00eenva\u021b\u0103 1.300 de elevi. <\/p>\n<p>Controlul a fost declan\u0219at \u00een urma unei sesiz\u0103ri f\u0103cute la Ministerul S\u0103n\u0103t\u0103\u021bii, \u00een care erau semnalate mai multe neconformit\u0103\u021bi igienico-sanitare privind condi\u021biile \u00een care unitatea de \u00eenv\u0103\u021b\u0103m\u00e2nt \u00ee\u0219i desf\u0103\u0219oar\u0103 activitatea.<\/p>\n<p>Pic\u0103 tencuiala de pe pere\u021bi, iar umezeala \u0219i igrasia au dus la apari\u021bia mucegaiului \u00een mai multe spa\u021bii. Problemele nu se opresc aici, \u00eens\u0103. Pardoselile din holurile de acces \u0219i din s\u0103lile de clas\u0103 sunt foarte uzate, cu suprafe\u021be neuniforme \u0219i degradate. <\/p>\n<p>Nici exteriorul liceului nu este \u00eentr-o condi\u021bie mai bun\u0103. Fa\u021bada este \u0219i ea deteriorat\u0103, cu tencuial\u0103 c\u0103zut\u0103, infiltra\u021bii de ap\u0103 \u0219i urme de mucegai. \u00centr-o stare la fel de proast\u0103 se afl\u0103 \u0219i curtea interioar\u0103 a unit\u0103\u021bii de \u00eenv\u0103\u021b\u0103m\u00e2nt. <\/p>\n<p>\u00cen plus, inspectorii DSP au constatat c\u0103 num\u0103rul obiectelor sanitare nu este suficient, raportat la num\u0103rul de elevi \u00eenscri\u0219i.<\/p>\n<p>Drept urmare, au fost aplicate sanc\u021biuni, inclusiv retragerea autoriza\u021biei sanitare de func\u021bionare.<\/p>\n<p><em>\u201eInspectorii sanitari au aplicat o amend\u0103 contraven\u021bional\u0103, precum \u0219i sanc\u021biunea complementar\u0103 de anulare a autoriza\u021biei sanitare de func\u021bionare, conform HG nr.857\/2011, av\u00e2nd \u00een vedere faptul c\u0103 unitatea nu mai \u00eendepline\u0219te condi\u021biile asumate prin declara\u021biile pe proprie r\u0103spundere care au stat la baza emiterii autoriza\u021biei sanitare de func\u021bionare\u201d<\/em>, transmite DSP Timi\u0219.<\/p>\n<\/div>\n<nav class=\"uk-text-center\">\n<ul class=\"uk-pagination uk-margin-remove-bottom uk-flex-center\">\n<li><a href=\"https:\/\/www.sursadevest.ro\/tanar-din-timisoara-saltat-de-procurorii-diicot-este-cercetat-pentru-trafic-de-droguri-in-forma-continuata\/\"> Anterior<\/a><\/li>\n<\/ul>\n<\/nav>\n<h3 class=\"uk-h5\">\n<p>                    Distribuie pe re\u021bele de socializare        <\/p>\n<\/h3>\n<div class=\"uk-margin-top uk-margin-remove-bottom\">\n<ul class=\"uk-child-width-auto uk-grid-small uk-flex-inline uk-flex-middle\">\n<li class=\"el-item\">\n<li class=\"el-item\">\n<li class=\"el-item\">\n<li class=\"el-item\"><\/ul>\n<\/div>\n<div class=\"uk-margin\">\n<div id=\"respond\" class=\"comment-respond\">\n<h2 id=\"reply-title\" class=\"el-title uk-h3 uk-heading-bullet\">Las\u0103 un r\u0103spuns <small><a rel=\"nofollow\" id=\"cancel-comment-reply-link\" class=\"uk-link-muted\" href=\"https:\/\/www.sursadevest.ro\/conditii-mizere-descoperite-de-inspectorii-dsp-intr-un-liceu-din-timisoara-a-ramas-fara-autorizatia-sanitara\/?fbclid=IwY2xjawRe9j5leHRuA2FlbQIxMQBzcnRjBmFwcF9pZBAyMjIwMzkxNzg4MjAwODkyAAEeyXTVpg2FXp_w4EC7hA686XbWtpxdk9IrhpZxh8a8a_K5FA9q8HGXJ9KYVz0_aem_VD_-_srwd3y-pEVofyOv9Q#respond\">Anuleaz\u0103 r\u0103spunsul<\/a><\/small><\/h2>\n<p class=\"comment-notes\">Adresa ta de email nu va fi publicat\u0103. C\u00e2mpurile obligatorii sunt marcate cu <span class=\"required\">*<\/span><\/p>\n<div class=\"gglcptch gglcptch_v3\"><\/p>\n<div class=\"gglcptch_error_text\">Perioada de verificare reCAPTCHA a expirat. V\u0103 rug\u0103m s\u0103 re\u00eenc\u0103rca\u021bi pagina.<\/div>\n<\/div>\n<\/div>\n<\/div>\n<hr class=\"uk-margin-large\">\n<h2 class=\"uk-h3 uk-text-left@m uk-text-center\">\n<p>                    Alte articole        <\/p>\n<\/h2>\n<div id=\"template-OEvUe7Lh#0\" class=\"uk-margin\">\n<div class=\"uk-grid uk-child-width-1-1 uk-child-width-1-2@s uk-grid-column-medium uk-grid-match\">\n<div>\n<div class=\"el-item uk-panel uk-margin-remove-first-child\"><a href=\"https:\/\/www.sursadevest.ro\/conditii-mizere-descoperite-de-inspectorii-dsp-intr-un-liceu-din-timisoara-a-ramas-fara-autorizatia-sanitara\/\"><source type=\"image\/webp\" srcset=\"\/wp-content\/uploads\/yootheme\/cache\/d4\/william-shakespeare-d433b12b.webp 610w, \/wp-content\/uploads\/yootheme\/cache\/05\/william-shakespeare-0512bb67.webp 861w\" sizes=\"(min-width: 610px) 610px\" \/><\/a><\/p>\n<div class=\"el-meta uk-h6 uk-text-primary uk-margin-top uk-margin-remove-bottom\"><time datetime=\"2026-04-29T16:31:09+02:00\">29 aprilie, 2026<\/time> | <a href=\"https:\/\/www.sursadevest.ro\/author\/petronela\/\">Sursa de Vest<\/a> | <a href=\"https:\/\/www.sursadevest.ro\/categorie\/stiri\/eveniment\/\" rel=\"tag\">Eveniment<\/a>, <a href=\"https:\/\/www.sursadevest.ro\/categorie\/stiri\/\" rel=\"tag\">\u0218tiri<\/a> | <a href=\"https:\/\/www.sursadevest.ro\/conditii-mizere-descoperite-de-inspectorii-dsp-intr-un-liceu-din-timisoara-a-ramas-fara-autorizatia-sanitara\/#respond\">Niciun comentariu<span class=\"screen-reader-text\"> la Condi\u021bii mizere descoperite de inspectorii DSP, \u00eentr-un liceu din Timi\u0219oara! A r\u0103mas f\u0103r\u0103 autoriza\u021bia sanitar\u0103<\/span><\/a><\/div>\n<h3 class=\"el-title uk-h4 uk-link-reset uk-margin-small-top uk-margin-remove-bottom\"><a href=\"https:\/\/www.sursadevest.ro\/conditii-mizere-descoperite-de-inspectorii-dsp-intr-un-liceu-din-timisoara-a-ramas-fara-autorizatia-sanitara\/\">Condi\u021bii mizere descoperite de inspectorii DSP, \u00eentr-un liceu din Timi\u0219oara! A r\u0103mas f\u0103r\u0103 autoriza\u021bia sanitar\u0103<\/a><\/h3>\n<div class=\"el-content uk-panel uk-margin-small-top\">\n<p>Condi\u021bii greu de imaginat au fost descoperite, \u00een urma unui control, de inspectorii DSP Timi\u0219, la Liceul Teoretic \u201eWilliam Shakespeare\u201d din Timi\u0219oara, unde \u00eenva\u021b\u0103 1.300 de elevi. Controlul a fost declan\u0219at \u00een urma unei sesiz\u0103ri f\u0103cute la Ministerul S\u0103n\u0103t\u0103\u021bii, \u00een care erau semnalate mai multe neconformit\u0103\u021bi igienico-sanitare privind condi\u021biile \u00een care unitatea de \u00eenv\u0103\u021b\u0103m\u00e2nt \u00ee\u0219i [\u2026]<\/p>\n<\/div>\n<div class=\"uk-margin-top\"><a href=\"https:\/\/www.sursadevest.ro\/conditii-mizere-descoperite-de-inspectorii-dsp-intr-un-liceu-din-timisoara-a-ramas-fara-autorizatia-sanitara\/\" class=\"el-link uk-button uk-button-text\">Vezi detalii<\/a><\/div>\n<\/div>\n<\/div>\n<div>\n<div class=\"el-item uk-panel uk-margin-remove-first-child\"><a href=\"https:\/\/www.sursadevest.ro\/tanar-din-timisoara-saltat-de-procurorii-diicot-este-cercetat-pentru-trafic-de-droguri-in-forma-continuata\/\"><img decoding=\"async\" class=\"el-image uk-border-rounded\" src=\"https:\/\/www.sursadevest.ro\/wp-content\/uploads\/2026\/04\/droguri-timisoara2.gif\" alt=\"Drug paraphernalia spread on a dark marble countertop: jars with herbs, grinders, rolling papers, foil, and small containers; police logos appear in the corners, suggesting law enforcement involvement.\" loading=\"lazy\" width=\"610\" height=\"381\"><\/a><\/p>\n<div class=\"el-meta uk-h6 uk-text-primary uk-margin-top uk-margin-remove-bottom\"><time datetime=\"2026-04-29T13:56:07+02:00\">29 aprilie, 2026<\/time> | <a href=\"https:\/\/www.sursadevest.ro\/author\/petronela\/\">Sursa de Vest<\/a> | <a href=\"https:\/\/www.sursadevest.ro\/categorie\/stiri\/eveniment\/\" rel=\"tag\">Eveniment<\/a>, <a href=\"https:\/\/www.sursadevest.ro\/categorie\/stiri\/\" rel=\"tag\">\u0218tiri<\/a> | <a href=\"https:\/\/www.sursadevest.ro\/tanar-din-timisoara-saltat-de-procurorii-diicot-este-cercetat-pentru-trafic-de-droguri-in-forma-continuata\/#respond\">Niciun comentariu<span class=\"screen-reader-text\"> la T\u00e2n\u0103r din Timi\u0219oara, s\u0103ltat de procurorii DIICOT! Este cercetat pentru trafic de droguri \u00een form\u0103 continuat\u0103<\/span><\/a><\/div>\n<h3 class=\"el-title uk-h4 uk-link-reset uk-margin-small-top uk-margin-remove-bottom\"><a href=\"https:\/\/www.sursadevest.ro\/tanar-din-timisoara-saltat-de-procurorii-diicot-este-cercetat-pentru-trafic-de-droguri-in-forma-continuata\/\">T\u00e2n\u0103r din Timi\u0219oara, s\u0103ltat de procurorii DIICOT! Este cercetat pentru trafic de droguri \u00een form\u0103 continuat\u0103<\/a><\/h3>\n<div class=\"el-content uk-panel uk-margin-small-top\">\n<p>Un t\u00e2n\u0103r de 24 de ani din Timi\u0219oara este anchetat pentru trafic de droguri de risc \u0219i mare risc, \u00een form\u0103 continuat\u0103 \u0219i de\u021binere de droguri de risc \u00een vederea consumului propriu. Sursa de Vest See Full Bio<\/p>\n<\/div>\n<div class=\"uk-margin-top\"><a href=\"https:\/\/www.sursadevest.ro\/tanar-din-timisoara-saltat-de-procurorii-diicot-este-cercetat-pentru-trafic-de-droguri-in-forma-continuata\/\" class=\"el-link uk-button uk-button-text\">Vezi detalii<\/a><\/div>\n<\/div>\n<\/div>\n<div>\n<div class=\"el-item uk-panel uk-margin-remove-first-child\"><a href=\"https:\/\/www.sursadevest.ro\/video-criza-pentru-unii-risipa-pentru-altii-primarul-care-arunca-banii-publici-pe-telefoane-publicitate-si-contracte-cu-dedicatie\/\"><img decoding=\"async\" class=\"el-image uk-border-rounded\" src=\"https:\/\/www.sursadevest.ro\/wp-content\/uploads\/2026\/04\/Liebling-buget-primar.gif\" alt=\"Portrait of a man in a blue suit and white shirt standing against an aerial view of a rural town.\" loading=\"lazy\" width=\"610\" height=\"339\"><\/a><\/p>\n<div class=\"el-meta uk-h6 uk-text-primary uk-margin-top uk-margin-remove-bottom\"><time datetime=\"2026-04-29T13:37:20+02:00\">29 aprilie, 2026<\/time> | <a href=\"https:\/\/www.sursadevest.ro\/author\/gelu\/\">Gelu Gheorghe<\/a> | <a href=\"https:\/\/www.sursadevest.ro\/categorie\/stiri\/eveniment\/\" rel=\"tag\">Eveniment<\/a>, <a href=\"https:\/\/www.sursadevest.ro\/categorie\/stiri\/\" rel=\"tag\">\u0218tiri<\/a> | <a href=\"https:\/\/www.sursadevest.ro\/video-criza-pentru-unii-risipa-pentru-altii-primarul-care-arunca-banii-publici-pe-telefoane-publicitate-si-contracte-cu-dedicatie\/#respond\">Niciun comentariu<span class=\"screen-reader-text\"> la Video: Criz\u0103 pentru unii, risip\u0103 pentru al\u021bii! Primarul care arunc\u0103 banii publici pe telefoane, publicitate \u0219i contracte cu dedica\u021bie<\/span><\/a><\/div>\n<h3 class=\"el-title uk-h4 uk-link-reset uk-margin-small-top uk-margin-remove-bottom\"><a href=\"https:\/\/www.sursadevest.ro\/video-criza-pentru-unii-risipa-pentru-altii-primarul-care-arunca-banii-publici-pe-telefoane-publicitate-si-contracte-cu-dedicatie\/\">Video: Criz\u0103 pentru unii, risip\u0103 pentru al\u021bii! Primarul care arunc\u0103 banii publici pe telefoane, publicitate \u0219i contracte cu dedica\u021bie<\/a><\/h3>\n<div class=\"el-content uk-panel uk-margin-small-top\">\n<p>Risip\u0103 de bani publici, pe mofturile primarului. Se \u00eent\u00e2mpl\u0103 \u00eentr-o comun\u0103 din jude\u021bul Timi\u0219, unde edilul a creionat bugetul pentru anul \u00een curs, \u021bin\u00e2nd cont de prietenii \u0219i poftele angaja\u021bilor, nu pe investi\u021biile necesare \u00een localitate. Sursa de Vest See Full Bio<\/p>\n<\/div>\n<div class=\"uk-margin-top\"><a href=\"https:\/\/www.sursadevest.ro\/video-criza-pentru-unii-risipa-pentru-altii-primarul-care-arunca-banii-publici-pe-telefoane-publicitate-si-contracte-cu-dedicatie\/\" class=\"el-link uk-button uk-button-text\">Vezi detalii<\/a><\/div>\n<\/div>\n<\/div>\n<div>\n<div class=\"el-item uk-panel uk-margin-remove-first-child\"><a href=\"https:\/\/www.sursadevest.ro\/barbat-gasit-mort-langa-o-stana-din-timis-prezenta-mai-multe-muscaturi-de-caini-pe-corp-dar-cauza-decesului-nu-a-fost-inca-stabilita\/\"><source type=\"image\/webp\" srcset=\"\/wp-content\/uploads\/yootheme\/cache\/9b\/iml-medicina-legala-9b08ba05.webp 610w, \/wp-content\/uploads\/yootheme\/cache\/7d\/iml-medicina-legala-7da1501f.webp 825w\" sizes=\"(min-width: 610px) 610px\" \/><\/a><\/p>\n<div class=\"el-meta uk-h6 uk-text-primary uk-margin-top uk-margin-remove-bottom\"><time datetime=\"2026-04-29T13:27:18+02:00\">29 aprilie, 2026<\/time> | <a href=\"https:\/\/www.sursadevest.ro\/author\/petronela\/\">Sursa de Vest<\/a> | <a href=\"https:\/\/www.sursadevest.ro\/categorie\/stiri\/eveniment\/\" rel=\"tag\">Eveniment<\/a>, <a href=\"https:\/\/www.sursadevest.ro\/categorie\/stiri\/\" rel=\"tag\">\u0218tiri<\/a> | <a href=\"https:\/\/www.sursadevest.ro\/barbat-gasit-mort-langa-o-stana-din-timis-prezenta-mai-multe-muscaturi-de-caini-pe-corp-dar-cauza-decesului-nu-a-fost-inca-stabilita\/#respond\">Niciun comentariu<span class=\"screen-reader-text\"> la B\u0103rbat g\u0103sit mort, l\u00e2ng\u0103 o st\u00e2n\u0103 din Timi\u0219! Prezenta mai multe mu\u0219c\u0103turi de c\u00e2ini pe corp, dar cauza decesului nu a fost \u00eenc\u0103 stabilit\u0103!<\/span><\/a><\/div>\n<h3 class=\"el-title uk-h4 uk-link-reset uk-margin-small-top uk-margin-remove-bottom\"><a href=\"https:\/\/www.sursadevest.ro\/barbat-gasit-mort-langa-o-stana-din-timis-prezenta-mai-multe-muscaturi-de-caini-pe-corp-dar-cauza-decesului-nu-a-fost-inca-stabilita\/\">B\u0103rbat g\u0103sit mort, l\u00e2ng\u0103 o st\u00e2n\u0103 din Timi\u0219! Prezenta mai multe mu\u0219c\u0103turi de c\u00e2ini pe corp, dar cauza decesului nu a fost \u00eenc\u0103 stabilit\u0103!<\/a><\/h3>\n<div class=\"el-content uk-panel uk-margin-small-top\">\n<p>Un b\u0103rbat din Timi\u0219, ajutor de cioban la o st\u00e2n\u0103 de pe raza localit\u0103\u021bii S\u00e2nmihaiu German, a fost g\u0103sit mort \u00een c\u00e2mp. Pe trupul lui au fost descoperite mai multe urme de mu\u0219c\u0103turi de c\u00e2ini. Sursa de Vest See Full Bio<\/p>\n<\/div>\n<div class=\"uk-margin-top\"><a href=\"https:\/\/www.sursadevest.ro\/barbat-gasit-mort-langa-o-stana-din-timis-prezenta-mai-multe-muscaturi-de-caini-pe-corp-dar-cauza-decesului-nu-a-fost-inca-stabilita\/\" class=\"el-link uk-button uk-button-text\">Vezi detalii<\/a><\/div>\n<\/div>\n<\/div>\n<div>\n<div class=\"el-item uk-panel uk-margin-remove-first-child\"><a href=\"https:\/\/www.sursadevest.ro\/traseele-mai-multor-tramvaie-deviate-ca-urmare-a-lucrarilor-din-piata-traian-cum-vor-circula-garniturile\/\"><source type=\"image\/webp\" srcset=\"\/wp-content\/uploads\/yootheme\/cache\/54\/tramvai-54ae4dac.webp 610w, \/wp-content\/uploads\/yootheme\/cache\/dc\/tramvai-dc3a9206.webp 768w, \/wp-content\/uploads\/yootheme\/cache\/33\/tramvai-339a27e2.webp 935w\" sizes=\"(min-width: 610px) 610px\" \/><\/a><\/p>\n<div class=\"el-meta uk-h6 uk-text-primary uk-margin-top uk-margin-remove-bottom\"><time datetime=\"2026-04-29T13:08:20+02:00\">29 aprilie, 2026<\/time> | <a href=\"https:\/\/www.sursadevest.ro\/author\/petronela\/\">Sursa de Vest<\/a> | <a href=\"https:\/\/www.sursadevest.ro\/categorie\/stiri\/eveniment\/\" rel=\"tag\">Eveniment<\/a>, <a href=\"https:\/\/www.sursadevest.ro\/categorie\/stiri\/\" rel=\"tag\">\u0218tiri<\/a> | <a href=\"https:\/\/www.sursadevest.ro\/traseele-mai-multor-tramvaie-deviate-ca-urmare-a-lucrarilor-din-piata-traian-cum-vor-circula-garniturile\/#respond\">Niciun comentariu<span class=\"screen-reader-text\"> la Traseele mai multor tramvaie, deviate ca urmare a lucr\u0103rilor din Pia\u021ba Traian! Cum vor circula garniturile?<\/span><\/a><\/div>\n<h3 class=\"el-title uk-h4 uk-link-reset uk-margin-small-top uk-margin-remove-bottom\"><a href=\"https:\/\/www.sursadevest.ro\/traseele-mai-multor-tramvaie-deviate-ca-urmare-a-lucrarilor-din-piata-traian-cum-vor-circula-garniturile\/\">Traseele mai multor tramvaie, deviate ca urmare a lucr\u0103rilor din Pia\u021ba Traian! Cum vor circula garniturile?<\/a><\/h3>\n<div class=\"el-content uk-panel uk-margin-small-top\">\n<p>Societatea de Transport Public Timi\u0219oara anun\u021b\u0103 o serie de modific\u0103ri privind circula\u021bia mai multor tramvaie din ora\u015f, ca urmare a lucr\u0103rilor din Pia\u021ba Traian. Sursa de Vest See Full Bio<\/p>\n<\/div>\n<div class=\"uk-margin-top\"><a href=\"https:\/\/www.sursadevest.ro\/traseele-mai-multor-tramvaie-deviate-ca-urmare-a-lucrarilor-din-piata-traian-cum-vor-circula-garniturile\/\" class=\"el-link uk-button uk-button-text\">Vezi detalii<\/a><\/div>\n<\/div>\n<\/div>\n<div>\n<div class=\"el-item uk-panel uk-margin-remove-first-child\"><a href=\"https:\/\/www.sursadevest.ro\/barbat-care-si-a-falsificat-un-document-oficial-prins-de-politistii-de-frontiera-a-primit-interdictie-de-a-intra-in-romania-pentru-o-perioada-de-5-ani\/\"><source type=\"image\/webp\" srcset=\"\/wp-content\/uploads\/yootheme\/cache\/7e\/politia-de-frontiera-7ecb5883.webp 610w, \/wp-content\/uploads\/yootheme\/cache\/c2\/politia-de-frontiera-c24e7deb.webp 865w\" sizes=\"(min-width: 610px) 610px\" \/><\/a><\/p>\n<div class=\"el-meta uk-h6 uk-text-primary uk-margin-top uk-margin-remove-bottom\"><time datetime=\"2026-04-29T12:43:15+02:00\">29 aprilie, 2026<\/time> | <a href=\"https:\/\/www.sursadevest.ro\/author\/petronela\/\">Sursa de Vest<\/a> | <a href=\"https:\/\/www.sursadevest.ro\/categorie\/stiri\/eveniment\/\" rel=\"tag\">Eveniment<\/a>, <a href=\"https:\/\/www.sursadevest.ro\/categorie\/stiri\/\" rel=\"tag\">\u0218tiri<\/a> | <a href=\"https:\/\/www.sursadevest.ro\/barbat-care-si-a-falsificat-un-document-oficial-prins-de-politistii-de-frontiera-a-primit-interdictie-de-a-intra-in-romania-pentru-o-perioada-de-5-ani\/#respond\">Niciun comentariu<span class=\"screen-reader-text\"> la B\u0103rbat care \u0219i-a falsificat un document oficial, prins de poli\u021bi\u0219tii de frontier\u0103! A primit interdic\u021bie de a intra \u00een Rom\u00e2nia, pentru o perioad\u0103 de 5 ani<\/span><\/a><\/div>\n<h3 class=\"el-title uk-h4 uk-link-reset uk-margin-small-top uk-margin-remove-bottom\"><a href=\"https:\/\/www.sursadevest.ro\/barbat-care-si-a-falsificat-un-document-oficial-prins-de-politistii-de-frontiera-a-primit-interdictie-de-a-intra-in-romania-pentru-o-perioada-de-5-ani\/\">B\u0103rbat care \u0219i-a falsificat un document oficial, prins de poli\u021bi\u0219tii de frontier\u0103! A primit interdic\u021bie de a intra \u00een Rom\u00e2nia, pentru o perioad\u0103 de 5 ani<\/a><\/h3>\n<div class=\"el-content uk-panel uk-margin-small-top\">\n<p>Un cet\u0103\u021bean turc care a prezentat un document fals poli\u021bi\u0219tilor de frontier\u0103, \u00een \u00eencercarea de intra \u00een Rom\u00e2nia, este acum cercetat penal. Sursa de Vest See Full Bio<\/p>\n<\/div>\n<div class=\"uk-margin-top\"><a href=\"https:\/\/www.sursadevest.ro\/barbat-care-si-a-falsificat-un-document-oficial-prins-de-politistii-de-frontiera-a-primit-interdictie-de-a-intra-in-romania-pentru-o-perioada-de-5-ani\/\" class=\"el-link uk-button uk-button-text\">Vezi detalii<\/a><\/div>\n<\/div>\n<\/div>\n<div>\n<div class=\"el-item uk-panel uk-margin-remove-first-child\"><a href=\"https:\/\/www.sursadevest.ro\/horticultura-planteaza-250-de-arbori-in-cimitirul-din-calea-sagului\/\"><img decoding=\"async\" class=\"el-image uk-border-rounded\" src=\"https:\/\/www.sursadevest.ro\/wp-content\/uploads\/2026\/04\/horticultura.gif\" alt=\"Row of young trees in black pots with bamboo stakes in a nursery, ready for planting or sale\" loading=\"lazy\" width=\"610\" height=\"381\"><\/a><\/p>\n<div class=\"el-meta uk-h6 uk-text-primary uk-margin-top uk-margin-remove-bottom\"><time datetime=\"2026-04-29T11:26:08+02:00\">29 aprilie, 2026<\/time> | <a href=\"https:\/\/www.sursadevest.ro\/author\/petronela\/\">Sursa de Vest<\/a> | <a href=\"https:\/\/www.sursadevest.ro\/categorie\/stiri\/eveniment\/\" rel=\"tag\">Eveniment<\/a>, <a href=\"https:\/\/www.sursadevest.ro\/categorie\/stiri\/\" rel=\"tag\">\u0218tiri<\/a>, <a href=\"https:\/\/www.sursadevest.ro\/categorie\/uncategorized\/\" rel=\"tag\">Uncategorized<\/a> | <a href=\"https:\/\/www.sursadevest.ro\/horticultura-planteaza-250-de-arbori-in-cimitirul-din-calea-sagului\/#respond\">Niciun comentariu<span class=\"screen-reader-text\"> la Horticultura planteaz\u0103 250 de arbori \u00een cimitirul din Calea \u0218agului<\/span><\/a><\/div>\n<h3 class=\"el-title uk-h4 uk-link-reset uk-margin-small-top uk-margin-remove-bottom\"><a href=\"https:\/\/www.sursadevest.ro\/horticultura-planteaza-250-de-arbori-in-cimitirul-din-calea-sagului\/\">Horticultura planteaz\u0103 250 de arbori \u00een cimitirul din Calea \u0218agului<\/a><\/h3>\n<div class=\"el-content uk-panel uk-margin-small-top\">\n<p>Societatea Horticultura a demarat un proiect de regenerare a arborilor din cimitirul din Calea \u0218agului. Sursa de Vest See Full Bio<\/p>\n<\/div>\n<div class=\"uk-margin-top\"><a href=\"https:\/\/www.sursadevest.ro\/horticultura-planteaza-250-de-arbori-in-cimitirul-din-calea-sagului\/\" class=\"el-link uk-button uk-button-text\">Vezi detalii<\/a><\/div>\n<\/div>\n<\/div>\n<div>\n<div class=\"el-item uk-panel uk-margin-remove-first-child\"><a href=\"https:\/\/www.sursadevest.ro\/foto-cele-mai-recente-imagini-de-pe-santierul-stadionului-lego-a-inceput-amenajarea-parcarii\/\"><img decoding=\"async\" class=\"el-image uk-border-rounded\" src=\"https:\/\/www.sursadevest.ro\/wp-content\/uploads\/2026\/04\/stadionul-lego.gif\" alt=\"Aerial view of a large stadium under construction with steel frame and concrete walls in a residential area, Timisoara.\" loading=\"lazy\" width=\"610\" height=\"381\"><\/a><\/p>\n<div class=\"el-meta uk-h6 uk-text-primary uk-margin-top uk-margin-remove-bottom\"><time datetime=\"2026-04-29T10:20:15+02:00\">29 aprilie, 2026<\/time> | <a href=\"https:\/\/www.sursadevest.ro\/author\/petronela\/\">Sursa de Vest<\/a> | <a href=\"https:\/\/www.sursadevest.ro\/categorie\/stiri\/eveniment\/\" rel=\"tag\">Eveniment<\/a>, <a href=\"https:\/\/www.sursadevest.ro\/categorie\/stiri\/\" rel=\"tag\">\u0218tiri<\/a> | <a href=\"https:\/\/www.sursadevest.ro\/foto-cele-mai-recente-imagini-de-pe-santierul-stadionului-lego-a-inceput-amenajarea-parcarii\/#respond\">Niciun comentariu<span class=\"screen-reader-text\"> la FOTO: Cele mai recente imagini de pe \u0219antierul Stadionului Lego! A \u00eenceput amenajarea parc\u0103rii<\/span><\/a><\/div>\n<h3 class=\"el-title uk-h4 uk-link-reset uk-margin-small-top uk-margin-remove-bottom\"><a href=\"https:\/\/www.sursadevest.ro\/foto-cele-mai-recente-imagini-de-pe-santierul-stadionului-lego-a-inceput-amenajarea-parcarii\/\">FOTO: Cele mai recente imagini de pe \u0219antierul Stadionului Lego! A \u00eenceput amenajarea parc\u0103rii<\/a><\/h3>\n<div class=\"el-content uk-panel uk-margin-small-top\">\n<p>Continu\u0103 lucr\u0103rile pe \u0219antierul Stadionul Eroii Timi\u0219oarei, cunoscut sub numele de Stadionul Lego, din Calea Buzia\u0219ului. Sursa de Vest See Full Bio<\/p>\n<\/div>\n<div class=\"uk-margin-top\"><a href=\"https:\/\/www.sursadevest.ro\/foto-cele-mai-recente-imagini-de-pe-santierul-stadionului-lego-a-inceput-amenajarea-parcarii\/\" class=\"el-link uk-button uk-button-text\">Vezi detalii<\/a><\/div>\n<\/div>\n<\/div>\n<div>\n<div class=\"el-item uk-panel uk-margin-remove-first-child\"><a href=\"https:\/\/www.sursadevest.ro\/gunoiul-devine-un-lux-in-timis-experimentul-esuat-al-lui-simonis-dubleaza-facturile-pentru-colectarea-deseurilor\/\"><img decoding=\"async\" class=\"el-image uk-border-rounded\" src=\"https:\/\/www.sursadevest.ro\/wp-content\/uploads\/2026\/04\/alfred-simonis-groapa-de-gunoi.gif\" alt=\"Man in a blue pinstripe suit speaking at a press conference with a landfill and garbage mound in the background.\" loading=\"lazy\" width=\"610\" height=\"339\"><\/a><\/p>\n<div class=\"el-meta uk-h6 uk-text-primary uk-margin-top uk-margin-remove-bottom\"><time datetime=\"2026-04-29T09:35:30+02:00\">29 aprilie, 2026<\/time> | <a href=\"https:\/\/www.sursadevest.ro\/author\/redactie\/\">Petronela Axinte<\/a> | <a href=\"https:\/\/www.sursadevest.ro\/categorie\/stiri\/administratie\/\" rel=\"tag\">Administra\u021bie<\/a>, <a href=\"https:\/\/www.sursadevest.ro\/categorie\/stiri\/eveniment\/\" rel=\"tag\">Eveniment<\/a>, <a href=\"https:\/\/www.sursadevest.ro\/categorie\/stiri\/\" rel=\"tag\">\u0218tiri<\/a> | <a href=\"https:\/\/www.sursadevest.ro\/gunoiul-devine-un-lux-in-timis-experimentul-esuat-al-lui-simonis-dubleaza-facturile-pentru-colectarea-deseurilor\/#respond\">Niciun comentariu<span class=\"screen-reader-text\"> la Gunoiul devine un lux, \u00een Timi\u0219! Experimentul e\u0219uat al lui Simonis dubleaz\u0103 facturile pentru colectarea de\u0219eurilor<\/span><\/a><\/div>\n<h3 class=\"el-title uk-h4 uk-link-reset uk-margin-small-top uk-margin-remove-bottom\"><a href=\"https:\/\/www.sursadevest.ro\/gunoiul-devine-un-lux-in-timis-experimentul-esuat-al-lui-simonis-dubleaza-facturile-pentru-colectarea-deseurilor\/\">Gunoiul devine un lux, \u00een Timi\u0219! Experimentul e\u0219uat al lui Simonis dubleaz\u0103 facturile pentru colectarea de\u0219eurilor<\/a><\/h3>\n<div class=\"el-content uk-panel uk-margin-small-top\">\n<p>Preocupat doar de prop\u0103\u0219irea lui \u0219i a familiei sale, pre\u0219edintele CJT ia pielea de pe oamenii de r\u00e2nd. Tarifele de salubritate au explodat \u00een ultimele luni, iar acum urmeaz\u0103 o nou\u0103 scumpire. Sursa de Vest See Full Bio<\/p>\n<\/div>\n<div class=\"uk-margin-top\"><a href=\"https:\/\/www.sursadevest.ro\/gunoiul-devine-un-lux-in-timis-experimentul-esuat-al-lui-simonis-dubleaza-facturile-pentru-colectarea-deseurilor\/\" class=\"el-link uk-button uk-button-text\">Vezi detalii<\/a><\/div>\n<\/div>\n<\/div>\n<div>\n<div class=\"el-item uk-panel uk-margin-remove-first-child\"><a href=\"https:\/\/www.sursadevest.ro\/video-zeci-de-case-si-firme-calcate-de-mascati-in-timis-se-ancheteaza-o-frauda-de-6-milioane-de-lei-cu-fonduri-start-up-nation\/\"><img decoding=\"async\" class=\"el-image uk-border-rounded\" src=\"https:\/\/www.sursadevest.ro\/wp-content\/uploads\/2026\/04\/descinderi.gif\" alt=\"Romanian police officers in tactical gear entering a building labeled Politia Romana.\" loading=\"lazy\" width=\"610\" height=\"381\"><\/a><\/p>\n<div class=\"el-meta uk-h6 uk-text-primary uk-margin-top uk-margin-remove-bottom\"><time datetime=\"2026-04-29T08:46:19+02:00\">29 aprilie, 2026<\/time> | <a href=\"https:\/\/www.sursadevest.ro\/author\/petronela\/\">Sursa de Vest<\/a> | <a href=\"https:\/\/www.sursadevest.ro\/categorie\/stiri\/eveniment\/\" rel=\"tag\">Eveniment<\/a>, <a href=\"https:\/\/www.sursadevest.ro\/categorie\/stiri\/\" rel=\"tag\">\u0218tiri<\/a>, <a href=\"https:\/\/www.sursadevest.ro\/categorie\/uncategorized\/\" rel=\"tag\">Uncategorized<\/a> | <a href=\"https:\/\/www.sursadevest.ro\/video-zeci-de-case-si-firme-calcate-de-mascati-in-timis-se-ancheteaza-o-frauda-de-6-milioane-de-lei-cu-fonduri-start-up-nation\/#respond\">Niciun comentariu<span class=\"screen-reader-text\"> la Video: Zeci de case \u0219i firme, c\u0103lcate de masca\u021bi, \u00een Timi\u0219! Se ancheteaz\u0103 o fraud\u0103 de 6 milioane de lei, cu fonduri Start-Up Nation<\/span><\/a><\/div>\n<h3 class=\"el-title uk-h4 uk-link-reset uk-margin-small-top uk-margin-remove-bottom\"><a href=\"https:\/\/www.sursadevest.ro\/video-zeci-de-case-si-firme-calcate-de-mascati-in-timis-se-ancheteaza-o-frauda-de-6-milioane-de-lei-cu-fonduri-start-up-nation\/\">Video: Zeci de case \u0219i firme, c\u0103lcate de masca\u021bi, \u00een Timi\u0219! Se ancheteaz\u0103 o fraud\u0103 de 6 milioane de lei, cu fonduri Start-Up Nation<\/a><\/h3>\n<div class=\"el-content uk-panel uk-margin-small-top\">\n<p>Dosar amplu, deschis de poli\u021bi\u0219tii de investigare a criminalit\u0103\u021bii economice din Timi\u0219, care au descins, \u00een aceast\u0103 diminea\u021b\u0103, la 71 de adrese. Sursa de Vest See Full Bio<\/p>\n<\/div>\n<div class=\"uk-margin-top\"><a href=\"https:\/\/www.sursadevest.ro\/video-zeci-de-case-si-firme-calcate-de-mascati-in-timis-se-ancheteaza-o-frauda-de-6-milioane-de-lei-cu-fonduri-start-up-nation\/\" class=\"el-link uk-button uk-button-text\">Vezi detalii<\/a><\/div>\n<\/div>\n<\/div>\n<div>\n<div class=\"el-item uk-panel uk-margin-remove-first-child\"><a href=\"https:\/\/www.sursadevest.ro\/individ-fara-suflet-a-aruncat-16-catei-in-zona-unor-pubele-de-gunoi\/\"><img decoding=\"async\" class=\"el-image uk-border-rounded\" src=\"https:\/\/www.sursadevest.ro\/wp-content\/uploads\/2026\/04\/catelusi.gif\" alt=\"Cluster of small fluffy puppies resting on colorful blankets outdoors.\" loading=\"lazy\" width=\"610\" height=\"381\"><\/a><\/p>\n<div class=\"el-meta uk-h6 uk-text-primary uk-margin-top uk-margin-remove-bottom\"><time datetime=\"2026-04-28T15:12:50+02:00\">28 aprilie, 2026<\/time> | <a href=\"https:\/\/www.sursadevest.ro\/author\/petronela\/\">Sursa de Vest<\/a> | <a href=\"https:\/\/www.sursadevest.ro\/categorie\/stiri\/eveniment\/\" rel=\"tag\">Eveniment<\/a>, <a href=\"https:\/\/www.sursadevest.ro\/categorie\/stiri\/\" rel=\"tag\">\u0218tiri<\/a> | <a href=\"https:\/\/www.sursadevest.ro\/individ-fara-suflet-a-aruncat-16-catei-in-zona-unor-pubele-de-gunoi\/#respond\">Niciun comentariu<span class=\"screen-reader-text\"> la Individ f\u0103r\u0103 suflet! A aruncat 16 c\u0103\u021bei, \u00een zona unor pubele de gunoi<\/span><\/a><\/div>\n<h3 class=\"el-title uk-h4 uk-link-reset uk-margin-small-top uk-margin-remove-bottom\"><a href=\"https:\/\/www.sursadevest.ro\/individ-fara-suflet-a-aruncat-16-catei-in-zona-unor-pubele-de-gunoi\/\">Individ f\u0103r\u0103 suflet! A aruncat 16 c\u0103\u021bei, \u00een zona unor pubele de gunoi<\/a><\/h3>\n<div class=\"el-content uk-panel uk-margin-small-top\">\n<p>Poli\u021bi\u0219tii de la Protec\u021bia Animalelor au intervenit pentru salvarea mai multor c\u0103\u021belu\u0219i abandona\u021bi pe drum, l\u00e2ng\u0103 ni\u0219te pubele de gunoi din spatele unui imobil. Sursa de Vest See Full Bio<\/p>\n<\/div>\n<div class=\"uk-margin-top\"><a href=\"https:\/\/www.sursadevest.ro\/individ-fara-suflet-a-aruncat-16-catei-in-zona-unor-pubele-de-gunoi\/\" class=\"el-link uk-button uk-button-text\">Vezi detalii<\/a><\/div>\n<\/div>\n<\/div>\n<div>\n<div class=\"el-item uk-panel uk-margin-remove-first-child\"><a href=\"https:\/\/www.sursadevest.ro\/un-tanar-de-19-ani-a-murit-in-timp-ce-monta-un-sistem-de-irigatii-pe-un-teren-din-timis-politistii-au-deschis-o-ancheta\/\"><img decoding=\"async\" class=\"el-image uk-border-rounded\" src=\"https:\/\/www.sursadevest.ro\/wp-content\/uploads\/2025\/06\/smurd-accident.gif\" alt loading=\"lazy\" width=\"610\" height=\"339\"><\/a><\/p>\n<div class=\"el-meta uk-h6 uk-text-primary uk-margin-top uk-margin-remove-bottom\"><time datetime=\"2026-04-28T14:52:39+02:00\">28 aprilie, 2026<\/time> | <a href=\"https:\/\/www.sursadevest.ro\/author\/petronela\/\">Sursa de Vest<\/a> | <a href=\"https:\/\/www.sursadevest.ro\/categorie\/stiri\/eveniment\/\" rel=\"tag\">Eveniment<\/a>, <a href=\"https:\/\/www.sursadevest.ro\/categorie\/stiri\/\" rel=\"tag\">\u0218tiri<\/a> | <a href=\"https:\/\/www.sursadevest.ro\/un-tanar-de-19-ani-a-murit-in-timp-ce-monta-un-sistem-de-irigatii-pe-un-teren-din-timis-politistii-au-deschis-o-ancheta\/#respond\">Niciun comentariu<span class=\"screen-reader-text\"> la Un t\u00e2n\u0103r de 19 ani a murit \u00een timp ce monta un sistem de iriga\u021bii, pe un teren din Timi\u0219! Poli\u021bi\u0219tii au deschis o anchet\u0103<\/span><\/a><\/div>\n<h3 class=\"el-title uk-h4 uk-link-reset uk-margin-small-top uk-margin-remove-bottom\"><a href=\"https:\/\/www.sursadevest.ro\/un-tanar-de-19-ani-a-murit-in-timp-ce-monta-un-sistem-de-irigatii-pe-un-teren-din-timis-politistii-au-deschis-o-ancheta\/\">Un t\u00e2n\u0103r de 19 ani a murit \u00een timp ce monta un sistem de iriga\u021bii, pe un teren din Timi\u0219! Poli\u021bi\u0219tii au deschis o anchet\u0103<\/a><\/h3>\n<div class=\"el-content uk-panel uk-margin-small-top\">\n<p>Incident grav soldat cu moartea unui t\u00e2n\u0103r de 19 ani. Acesta ar fi fost lovit \u00een zona capului de un echipament, \u00een timp ce \u00eencerca s\u0103 \u00eel monteze. Din p\u0103cate medicii n-au mai putut face nimic pentru el. Sursa de Vest See Full Bio<\/p>\n<\/div>\n<div class=\"uk-margin-top\"><a href=\"https:\/\/www.sursadevest.ro\/un-tanar-de-19-ani-a-murit-in-timp-ce-monta-un-sistem-de-irigatii-pe-un-teren-din-timis-politistii-au-deschis-o-ancheta\/\" class=\"el-link uk-button uk-button-text\">Vezi detalii<\/a><\/div>\n<\/div>\n<\/div>\n<div>\n<div class=\"el-item uk-panel uk-margin-remove-first-child\"><a href=\"https:\/\/www.sursadevest.ro\/performante-remarcabile-pentru-studentii-uvt-la-hackathonul-international-br41n-io\/\"><img decoding=\"async\" class=\"el-image uk-border-rounded\" src=\"https:\/\/www.sursadevest.ro\/wp-content\/uploads\/2026\/04\/uvt-hackhton.gif\" alt=\"A group of students in a computer lab working on laptops at desks with a muraled wall in the background.\" loading=\"lazy\" width=\"610\" height=\"381\"><\/a><\/p>\n<div class=\"el-meta uk-h6 uk-text-primary uk-margin-top uk-margin-remove-bottom\"><time datetime=\"2026-04-28T14:33:13+02:00\">28 aprilie, 2026<\/time> | <a href=\"https:\/\/www.sursadevest.ro\/author\/petronela\/\">Sursa de Vest<\/a> | <a href=\"https:\/\/www.sursadevest.ro\/categorie\/stiri\/educatie\/\" rel=\"tag\">Educa\u021bie<\/a>, <a href=\"https:\/\/www.sursadevest.ro\/categorie\/stiri\/eveniment\/\" rel=\"tag\">Eveniment<\/a>, <a href=\"https:\/\/www.sursadevest.ro\/categorie\/stiri\/\" rel=\"tag\">\u0218tiri<\/a> | <a href=\"https:\/\/www.sursadevest.ro\/performante-remarcabile-pentru-studentii-uvt-la-hackathonul-international-br41n-io\/#respond\">Niciun comentariu<span class=\"screen-reader-text\"> la Performan\u021be remarcabile pentru studen\u021bii UVT, la hackathonul interna\u021bional BR41N.io<\/span><\/a><\/div>\n<h3 class=\"el-title uk-h4 uk-link-reset uk-margin-small-top uk-margin-remove-bottom\"><a href=\"https:\/\/www.sursadevest.ro\/performante-remarcabile-pentru-studentii-uvt-la-hackathonul-international-br41n-io\/\">Performan\u021be remarcabile pentru studen\u021bii UVT, la hackathonul interna\u021bional BR41N.io<\/a><\/h3>\n<div class=\"el-content uk-panel uk-margin-small-top\">\n<p>Studen\u021bii Facult\u0103\u021bii de Informatic\u0103 din cadrul Universit\u0103\u021bii de Vest din Timi\u0219oara au participat la prestigiosul hackathon interna\u021bional BR41N.io, organizat de g.tec. Sursa de Vest See Full Bio<\/p>\n<\/div>\n<div class=\"uk-margin-top\"><a href=\"https:\/\/www.sursadevest.ro\/performante-remarcabile-pentru-studentii-uvt-la-hackathonul-international-br41n-io\/\" class=\"el-link uk-button uk-button-text\">Vezi detalii<\/a><\/div>\n<\/div>\n<\/div>\n<div>\n<div class=\"el-item uk-panel uk-margin-remove-first-child\"><a href=\"https:\/\/www.sursadevest.ro\/momente-de-panica-dupa-ce-un-barbat-inarmat-cu-mai-multe-cutite-a-inceput-sa-ameninte-trecatorii-in-plina-strada\/\"><source type=\"image\/webp\" srcset=\"\/wp-content\/uploads\/yootheme\/cache\/6d\/cutitt-6d03d4ce.webp 614w\" sizes=\"(min-width: 610px) 610px\" \/><\/a><\/p>\n<div class=\"el-meta uk-h6 uk-text-primary uk-margin-top uk-margin-remove-bottom\"><time datetime=\"2026-04-28T14:06:30+02:00\">28 aprilie, 2026<\/time> | <a href=\"https:\/\/www.sursadevest.ro\/author\/petronela\/\">Sursa de Vest<\/a> | <a href=\"https:\/\/www.sursadevest.ro\/categorie\/stiri\/eveniment\/\" rel=\"tag\">Eveniment<\/a>, <a href=\"https:\/\/www.sursadevest.ro\/categorie\/stiri\/\" rel=\"tag\">\u0218tiri<\/a> | <a href=\"https:\/\/www.sursadevest.ro\/momente-de-panica-dupa-ce-un-barbat-inarmat-cu-mai-multe-cutite-a-inceput-sa-ameninte-trecatorii-in-plina-strada\/#respond\">Niciun comentariu<span class=\"screen-reader-text\"> la Momente de panic\u0103 dup\u0103 ce un b\u0103rbat \u00eenarmat cu mai multe cu\u021bite a \u00eenceput s\u0103 amenin\u021be trec\u0103torii, \u00een plin\u0103 strad\u0103!<\/span><\/a><\/div>\n<h3 class=\"el-title uk-h4 uk-link-reset uk-margin-small-top uk-margin-remove-bottom\"><a href=\"https:\/\/www.sursadevest.ro\/momente-de-panica-dupa-ce-un-barbat-inarmat-cu-mai-multe-cutite-a-inceput-sa-ameninte-trecatorii-in-plina-strada\/\">Momente de panic\u0103 dup\u0103 ce un b\u0103rbat \u00eenarmat cu mai multe cu\u021bite a \u00eenceput s\u0103 amenin\u021be trec\u0103torii, \u00een plin\u0103 strad\u0103!<\/a><\/h3>\n<div class=\"el-content uk-panel uk-margin-small-top\">\n<p>Momente de tensiune \u00een municipiul Hunedoara, dup\u0103 ce un b\u0103rbat care avea asupra sa mai multe cu\u021bite a fost observat \u00een zona central\u0103 a ora\u0219ului. Sursa de Vest See Full Bio<\/p>\n<\/div>\n<div class=\"uk-margin-top\"><a href=\"https:\/\/www.sursadevest.ro\/momente-de-panica-dupa-ce-un-barbat-inarmat-cu-mai-multe-cutite-a-inceput-sa-ameninte-trecatorii-in-plina-strada\/\" class=\"el-link uk-button uk-button-text\">Vezi detalii<\/a><\/div>\n<\/div>\n<\/div>\n<div>\n<div class=\"el-item uk-panel uk-margin-remove-first-child\"><a href=\"https:\/\/www.sursadevest.ro\/pacientii-de-la-spitalul-municipal-din-timisoara-vor-beneficia-de-conditii-mai-bune-proiectul-de-modernizare-a-cladirii-principale-se-apropie-de-final\/\"><source type=\"image\/webp\" srcset=\"\/wp-content\/uploads\/yootheme\/cache\/51\/Spitalul-Municipal-Timisoara-51197dbf.webp 700w\" sizes=\"(min-width: 610px) 610px\" \/><\/a><\/p>\n<div class=\"el-meta uk-h6 uk-text-primary uk-margin-top uk-margin-remove-bottom\"><time datetime=\"2026-04-28T13:58:01+02:00\">28 aprilie, 2026<\/time> | <a href=\"https:\/\/www.sursadevest.ro\/author\/petronela\/\">Sursa de Vest<\/a> | <a href=\"https:\/\/www.sursadevest.ro\/categorie\/stiri\/eveniment\/\" rel=\"tag\">Eveniment<\/a>, <a href=\"https:\/\/www.sursadevest.ro\/categorie\/stiri\/\" rel=\"tag\">\u0218tiri<\/a> | <a href=\"https:\/\/www.sursadevest.ro\/pacientii-de-la-spitalul-municipal-din-timisoara-vor-beneficia-de-conditii-mai-bune-proiectul-de-modernizare-a-cladirii-principale-se-apropie-de-final\/#respond\">Niciun comentariu<span class=\"screen-reader-text\"> la Pacien\u021bii de la Spitalul Municipal din Timi\u0219oara vor beneficia de condi\u021bii mai bune. Proiectul de modernizare a cl\u0103dirii principale se apropie de final<\/span><\/a><\/div>\n<h3 class=\"el-title uk-h4 uk-link-reset uk-margin-small-top uk-margin-remove-bottom\"><a href=\"https:\/\/www.sursadevest.ro\/pacientii-de-la-spitalul-municipal-din-timisoara-vor-beneficia-de-conditii-mai-bune-proiectul-de-modernizare-a-cladirii-principale-se-apropie-de-final\/\">Pacien\u021bii de la Spitalul Municipal din Timi\u0219oara vor beneficia de condi\u021bii mai bune. Proiectul de modernizare a cl\u0103dirii principale se apropie de final<\/a><\/h3>\n<div class=\"el-content uk-panel uk-margin-small-top\">\n<p>Proiectul de modernizare a cl\u0103dirii principale a Spitalului Municipal din Timi\u0219oara se apropie de finalizare, conform reprezentan\u021bilor unit\u0103\u021bii medicale. Sursa de Vest See Full Bio<\/p>\n<\/div>\n<div class=\"uk-margin-top\"><a href=\"https:\/\/www.sursadevest.ro\/pacientii-de-la-spitalul-municipal-din-timisoara-vor-beneficia-de-conditii-mai-bune-proiectul-de-modernizare-a-cladirii-principale-se-apropie-de-final\/\" class=\"el-link uk-button uk-button-text\">Vezi detalii<\/a><\/div>\n<\/div>\n<\/div>\n<div>\n<div class=\"el-item uk-panel uk-margin-remove-first-child\"><a href=\"https:\/\/www.sursadevest.ro\/impact-violent-intre-doua-masini-pe-dn6-o-femeie-a-ajuns-la-spital\/\"><source type=\"image\/webp\" srcset=\"\/wp-content\/uploads\/yootheme\/cache\/85\/accident--85ed1d6a.webp 610w, \/wp-content\/uploads\/yootheme\/cache\/f1\/accident--f10ec6b6.webp 768w, \/wp-content\/uploads\/yootheme\/cache\/cf\/accident--cff59a51.webp 1024w, \/wp-content\/uploads\/yootheme\/cache\/69\/accident--69f9bcfb.webp 1220w\" sizes=\"(min-width: 610px) 610px\" \/><\/a><\/p>\n<div class=\"el-meta uk-h6 uk-text-primary uk-margin-top uk-margin-remove-bottom\"><time datetime=\"2026-04-28T13:54:50+02:00\">28 aprilie, 2026<\/time> | <a href=\"https:\/\/www.sursadevest.ro\/author\/petronela\/\">Sursa de Vest<\/a> | <a href=\"https:\/\/www.sursadevest.ro\/categorie\/stiri\/eveniment\/\" rel=\"tag\">Eveniment<\/a>, <a href=\"https:\/\/www.sursadevest.ro\/categorie\/stiri\/\" rel=\"tag\">\u0218tiri<\/a> | <a href=\"https:\/\/www.sursadevest.ro\/impact-violent-intre-doua-masini-pe-dn6-o-femeie-a-ajuns-la-spital\/#respond\">Niciun comentariu<span class=\"screen-reader-text\"> la Impact violent \u00eentre dou\u0103 ma\u0219ini, pe DN6! O femeie a ajuns la spital<\/span><\/a><\/div>\n<h3 class=\"el-title uk-h4 uk-link-reset uk-margin-small-top uk-margin-remove-bottom\"><a href=\"https:\/\/www.sursadevest.ro\/impact-violent-intre-doua-masini-pe-dn6-o-femeie-a-ajuns-la-spital\/\">Impact violent \u00eentre dou\u0103 ma\u0219ini, pe DN6! O femeie a ajuns la spital<\/a><\/h3>\n<div class=\"el-content uk-panel uk-margin-small-top\">\n<p>Accident pe DN 6, pe sensul Lugoj-Timi\u0219oara, petrecut \u00een urm\u0103 cu pu\u021bin timp! O femeie a ajuns la spital. Sursa de Vest See Full Bio<\/p>\n<\/div>\n<div class=\"uk-margin-top\"><a href=\"https:\/\/www.sursadevest.ro\/impact-violent-intre-doua-masini-pe-dn6-o-femeie-a-ajuns-la-spital\/\" class=\"el-link uk-button uk-button-text\">Vezi detalii<\/a><\/div>\n<\/div>\n<\/div>\n<div>\n<div class=\"el-item uk-panel uk-margin-remove-first-child\"><a href=\"https:\/\/www.sursadevest.ro\/primaria-timisoara-scoate-la-licitatie-spatii-comerciale-si-cabinete-medicale-in-mai-multe-zone-din-oras\/\"><source type=\"image\/webp\" srcset=\"\/wp-content\/uploads\/yootheme\/cache\/02\/primaria_tm-02b8517f.webp 610w, \/wp-content\/uploads\/yootheme\/cache\/a8\/primaria_tm-a81b7327.webp 768w, \/wp-content\/uploads\/yootheme\/cache\/3a\/primaria_tm-3af79252.webp 900w\" sizes=\"(min-width: 610px) 610px\" \/><\/a><\/p>\n<div class=\"el-meta uk-h6 uk-text-primary uk-margin-top uk-margin-remove-bottom\"><time datetime=\"2026-04-28T13:46:58+02:00\">28 aprilie, 2026<\/time> | <a href=\"https:\/\/www.sursadevest.ro\/author\/petronela\/\">Sursa de Vest<\/a> | <a href=\"https:\/\/www.sursadevest.ro\/categorie\/stiri\/administratie\/\" rel=\"tag\">Administra\u021bie<\/a>, <a href=\"https:\/\/www.sursadevest.ro\/categorie\/stiri\/eveniment\/\" rel=\"tag\">Eveniment<\/a>, <a href=\"https:\/\/www.sursadevest.ro\/categorie\/stiri\/\" rel=\"tag\">\u0218tiri<\/a> | <a href=\"https:\/\/www.sursadevest.ro\/primaria-timisoara-scoate-la-licitatie-spatii-comerciale-si-cabinete-medicale-in-mai-multe-zone-din-oras\/#respond\">Niciun comentariu<span class=\"screen-reader-text\"> la Prim\u0103ria Timi\u0219oara scoate la licita\u021bie spa\u021bii comerciale \u0219i cabinete medicale \u00een mai multe zone din ora\u0219!<\/span><\/a><\/div>\n<h3 class=\"el-title uk-h4 uk-link-reset uk-margin-small-top uk-margin-remove-bottom\"><a href=\"https:\/\/www.sursadevest.ro\/primaria-timisoara-scoate-la-licitatie-spatii-comerciale-si-cabinete-medicale-in-mai-multe-zone-din-oras\/\">Prim\u0103ria Timi\u0219oara scoate la licita\u021bie spa\u021bii comerciale \u0219i cabinete medicale \u00een mai multe zone din ora\u0219!<\/a><\/h3>\n<div class=\"el-content uk-panel uk-margin-small-top\">\n<p>Prim\u0103ria Timi\u0219oara organizeaz\u0103 o nou\u0103 licita\u021bie public\u0103 cu strigare pentru \u00eenchirierea a \u0219apte spa\u021bii situate \u00een cartiere precum Tipografilor, Calea \u0218agului, Iosefin, Circumvala\u021biunii \u0219i Rona\u021b. Sursa de Vest See Full Bio<\/p>\n<\/div>\n<div class=\"uk-margin-top\"><a href=\"https:\/\/www.sursadevest.ro\/primaria-timisoara-scoate-la-licitatie-spatii-comerciale-si-cabinete-medicale-in-mai-multe-zone-din-oras\/\" class=\"el-link uk-button uk-button-text\">Vezi detalii<\/a><\/div>\n<\/div>\n<\/div>\n<div>\n<div class=\"el-item uk-panel uk-margin-remove-first-child\"><a href=\"https:\/\/www.sursadevest.ro\/anunt-de-interes-public-57\/\"><source type=\"image\/webp\" srcset=\"\/wp-content\/uploads\/yootheme\/cache\/e9\/131afc1cb16b90a10de84b1d079bb47e-e97f5bb8.webp 610w, \/wp-content\/uploads\/yootheme\/cache\/75\/131afc1cb16b90a10de84b1d079bb47e-75fac669.webp 768w, \/wp-content\/uploads\/yootheme\/cache\/2f\/131afc1cb16b90a10de84b1d079bb47e-2faebd92.webp 900w\" sizes=\"(min-width: 610px) 610px\" \/><\/a><\/p>\n<div class=\"el-meta uk-h6 uk-text-primary uk-margin-top uk-margin-remove-bottom\"><time datetime=\"2026-04-28T12:57:00+02:00\">28 aprilie, 2026<\/time> | <a href=\"https:\/\/www.sursadevest.ro\/author\/petronela\/\">Sursa de Vest<\/a> | <a href=\"https:\/\/www.sursadevest.ro\/categorie\/stiri\/anunturi\/\" rel=\"tag\">Anun\u021buri<\/a>, <a href=\"https:\/\/www.sursadevest.ro\/categorie\/stiri\/\" rel=\"tag\">\u0218tiri<\/a> | <a href=\"https:\/\/www.sursadevest.ro\/anunt-de-interes-public-57\/#respond\">Niciun comentariu<span class=\"screen-reader-text\"> la Anun\u021b de interes public!<\/span><\/a><\/div>\n<h3 class=\"el-title uk-h4 uk-link-reset uk-margin-small-top uk-margin-remove-bottom\"><a href=\"https:\/\/www.sursadevest.ro\/anunt-de-interes-public-57\/\">Anun\u021b de interes public!<\/a><\/h3>\n<div class=\"el-content uk-panel uk-margin-small-top\">\n<p>Sursa de Vest See Full Bio<\/p>\n<\/div>\n<div class=\"uk-margin-top\"><a href=\"https:\/\/www.sursadevest.ro\/anunt-de-interes-public-57\/\" class=\"el-link uk-button uk-button-text\">Vezi detalii<\/a><\/div>\n<\/div>\n<\/div>\n<\/div>\n<\/div>\n<\/div>\n<div class=\"uk-width-1-3@m\">\n<h2 class=\"uk-h4\">\n<p>                    Alte articole        <\/p>\n<\/h2>\n<div class=\"uk-margin\">\n<div class=\"uk-grid uk-child-width-1-1 uk-child-width-1-2@s uk-child-width-1-1@m uk-grid-small uk-grid-divider uk-grid-match\">\n<div>\n<div class=\"el-item uk-panel\">\n<div class=\"uk-grid-column-small\">\n<div class=\"uk-width-auto\"><a href=\"https:\/\/www.sursadevest.ro\/conditii-mizere-descoperite-de-inspectorii-dsp-intr-un-liceu-din-timisoara-a-ramas-fara-autorizatia-sanitara\/\"><source type=\"image\/webp\" srcset=\"\/wp-content\/uploads\/yootheme\/cache\/c1\/william-shakespeare-c1b61b95.webp 150w\" sizes=\"(min-width: 75px) 75px\" \/><\/a><\/div>\n<div class=\"uk-width-expand uk-margin-remove-first-child\">\n<div class=\"el-meta uk-h6 uk-text-primary uk-margin-top uk-margin-remove-bottom\">29 aprilie, 2026<\/div>\n<h3 class=\"el-title uk-h5 uk-link-reset uk-margin-remove-top uk-margin-remove-bottom\"><a href=\"https:\/\/www.sursadevest.ro\/conditii-mizere-descoperite-de-inspectorii-dsp-intr-un-liceu-din-timisoara-a-ramas-fara-autorizatia-sanitara\/\">Condi\u021bii mizere descoperite de inspectorii DSP, \u00eentr-un liceu din Timi\u0219oara! A r\u0103mas f\u0103r\u0103 autoriza\u021bia sanitar\u0103<\/a><\/h3>\n<div class=\"uk-margin-small-top\"><a href=\"https:\/\/www.sursadevest.ro\/conditii-mizere-descoperite-de-inspectorii-dsp-intr-un-liceu-din-timisoara-a-ramas-fara-autorizatia-sanitara\/\" class=\"el-link uk-button uk-button-text\">Vezi detalii<\/a><\/div>\n<\/div>\n<\/div>\n<\/div>\n<\/div>\n<div>\n<div class=\"el-item uk-panel\">\n<div class=\"uk-grid-column-small\">\n<div class=\"uk-width-auto\"><a href=\"https:\/\/www.sursadevest.ro\/tanar-din-timisoara-saltat-de-procurorii-diicot-este-cercetat-pentru-trafic-de-droguri-in-forma-continuata\/\"><img decoding=\"async\" class=\"el-image\" src=\"https:\/\/www.sursadevest.ro\/wp-content\/uploads\/2026\/04\/droguri-timisoara2.gif\" alt=\"Drug paraphernalia spread on a dark marble countertop: jars with herbs, grinders, rolling papers, foil, and small containers; police logos appear in the corners, suggesting law enforcement involvement.\" loading=\"lazy\" width=\"75\" height=\"75\"><\/a><\/div>\n<div class=\"uk-width-expand uk-margin-remove-first-child\">\n<div class=\"el-meta uk-h6 uk-text-primary uk-margin-top uk-margin-remove-bottom\">29 aprilie, 2026<\/div>\n<h3 class=\"el-title uk-h5 uk-link-reset uk-margin-remove-top uk-margin-remove-bottom\"><a href=\"https:\/\/www.sursadevest.ro\/tanar-din-timisoara-saltat-de-procurorii-diicot-este-cercetat-pentru-trafic-de-droguri-in-forma-continuata\/\">T\u00e2n\u0103r din Timi\u0219oara, s\u0103ltat de procurorii DIICOT! Este cercetat pentru trafic de droguri \u00een form\u0103 continuat\u0103<\/a><\/h3>\n<div class=\"uk-margin-small-top\"><a href=\"https:\/\/www.sursadevest.ro\/tanar-din-timisoara-saltat-de-procurorii-diicot-este-cercetat-pentru-trafic-de-droguri-in-forma-continuata\/\" class=\"el-link uk-button uk-button-text\">Vezi detalii<\/a><\/div>\n<\/div>\n<\/div>\n<\/div>\n<\/div>\n<div>\n<div class=\"el-item uk-panel\">\n<div class=\"uk-grid-column-small\">\n<div class=\"uk-width-auto\"><a href=\"https:\/\/www.sursadevest.ro\/video-criza-pentru-unii-risipa-pentru-altii-primarul-care-arunca-banii-publici-pe-telefoane-publicitate-si-contracte-cu-dedicatie\/\"><img decoding=\"async\" class=\"el-image\" src=\"https:\/\/www.sursadevest.ro\/wp-content\/uploads\/2026\/04\/Liebling-buget-primar.gif\" alt=\"Portrait of a man in a blue suit and white shirt standing against an aerial view of a rural town.\" loading=\"lazy\" width=\"75\" height=\"75\"><\/a><\/div>\n<div class=\"uk-width-expand uk-margin-remove-first-child\">\n<div class=\"el-meta uk-h6 uk-text-primary uk-margin-top uk-margin-remove-bottom\">29 aprilie, 2026<\/div>\n<h3 class=\"el-title uk-h5 uk-link-reset uk-margin-remove-top uk-margin-remove-bottom\"><a href=\"https:\/\/www.sursadevest.ro\/video-criza-pentru-unii-risipa-pentru-altii-primarul-care-arunca-banii-publici-pe-telefoane-publicitate-si-contracte-cu-dedicatie\/\">Video: Criz\u0103 pentru unii, risip\u0103 pentru al\u021bii! Primarul care arunc\u0103 banii publici pe telefoane, publicitate \u0219i contracte cu dedica\u021bie<\/a><\/h3>\n<div class=\"uk-margin-small-top\"><a href=\"https:\/\/www.sursadevest.ro\/video-criza-pentru-unii-risipa-pentru-altii-primarul-care-arunca-banii-publici-pe-telefoane-publicitate-si-contracte-cu-dedicatie\/\" class=\"el-link uk-button uk-button-text\">Vezi detalii<\/a><\/div>\n<\/div>\n<\/div>\n<\/div>\n<\/div>\n<div>\n<div class=\"el-item uk-panel\">\n<div class=\"uk-grid-column-small\">\n<div class=\"uk-width-auto\"><a href=\"https:\/\/www.sursadevest.ro\/barbat-gasit-mort-langa-o-stana-din-timis-prezenta-mai-multe-muscaturi-de-caini-pe-corp-dar-cauza-decesului-nu-a-fost-inca-stabilita\/\"><source type=\"image\/webp\" srcset=\"\/wp-content\/uploads\/yootheme\/cache\/f6\/iml-medicina-legala-f6ccc36d.webp 150w\" sizes=\"(min-width: 75px) 75px\" \/><\/a><\/div>\n<div class=\"uk-width-expand uk-margin-remove-first-child\">\n<div class=\"el-meta uk-h6 uk-text-primary uk-margin-top uk-margin-remove-bottom\">29 aprilie, 2026<\/div>\n<h3 class=\"el-title uk-h5 uk-link-reset uk-margin-remove-top uk-margin-remove-bottom\"><a href=\"https:\/\/www.sursadevest.ro\/barbat-gasit-mort-langa-o-stana-din-timis-prezenta-mai-multe-muscaturi-de-caini-pe-corp-dar-cauza-decesului-nu-a-fost-inca-stabilita\/\">B\u0103rbat g\u0103sit mort, l\u00e2ng\u0103 o st\u00e2n\u0103 din Timi\u0219! Prezenta mai multe mu\u0219c\u0103turi de c\u00e2ini pe corp, dar cauza decesului nu a fost \u00eenc\u0103 stabilit\u0103!<\/a><\/h3>\n<div class=\"uk-margin-small-top\"><a href=\"https:\/\/www.sursadevest.ro\/barbat-gasit-mort-langa-o-stana-din-timis-prezenta-mai-multe-muscaturi-de-caini-pe-corp-dar-cauza-decesului-nu-a-fost-inca-stabilita\/\" class=\"el-link uk-button uk-button-text\">Vezi detalii<\/a><\/div>\n<\/div>\n<\/div>\n<\/div>\n<\/div>\n<\/div>\n<\/div>\n<div class=\"uk-margin-remove-vertical\">\n<div class=\"uk-grid uk-child-width-1-1 uk-grid-small uk-grid-divider uk-grid-match\">\n<div>\n<div class=\"el-item uk-panel\"><a href=\"https:\/\/xpilatesspa.ro\" target=\"_blank\"><\/p>\n<div class=\"uk-inline-clip uk-transition-toggle\"><source type=\"image\/webp\" srcset=\"\/wp-content\/uploads\/yootheme\/cache\/4f\/WhatsApp-Image-2025-07-16-at-153218_b2c81b10-4f95fb31.webp 768w, \/wp-content\/uploads\/yootheme\/cache\/c3\/WhatsApp-Image-2025-07-16-at-153218_b2c81b10-c35bc934.webp 1024w, \/wp-content\/uploads\/yootheme\/cache\/c8\/WhatsApp-Image-2025-07-16-at-153218_b2c81b10-c8fb1140.webp 1366w, \/wp-content\/uploads\/yootheme\/cache\/8a\/WhatsApp-Image-2025-07-16-at-153218_b2c81b10-8aa1972b.webp 1600w\" sizes=\"(min-width: 1600px) 1600px\" \/><\/div>\n<p><\/a><\/p>\n<div class=\"uk-padding-small uk-margin-remove-first-child\">\n<div class=\"el-meta uk-text-meta uk-margin-small-top\">XPilates &amp; Spa<\/div>\n<div class=\"uk-margin-small-top\"><a href=\"https:\/\/xpilatesspa.ro\" target=\"_blank\" class=\"el-link uk-button uk-button-text\">Vezi detalii<\/a><\/div>\n<\/div>\n<\/div>\n<\/div>\n<div>\n<div class=\"el-item uk-panel\"><a href=\"https:\/\/retim.ro\/utile-timis\/abonamentul-verde\/\" target=\"_blank\"><\/p>\n<div class=\"uk-inline-clip uk-transition-toggle\"><img loading=\"lazy\" decoding=\"async\" class=\"el-image uk-transition-scale-down uk-transition-opaque\" src=\"https:\/\/www.sursadevest.ro\/wp-content\/uploads\/2024\/10\/ReTIM-Abonamentul-Verde-Google-Ads-300x250px.gif\" alt width=\"300\" height=\"250\"><\/div>\n<p><\/a><\/p>\n<div class=\"uk-padding-small uk-margin-remove-first-child\">\n<div class=\"el-meta uk-text-meta uk-margin-small-top\">Retim Ecologic Service<\/div>\n<div class=\"uk-margin-small-top\"><a href=\"https:\/\/retim.ro\/utile-timis\/abonamentul-verde\/\" target=\"_blank\" class=\"el-link uk-button uk-button-text\">Vezi detalii<\/a><\/div>\n<\/div>\n<\/div>\n<\/div>\n<div>\n<div class=\"el-item uk-panel\"><a href=\"https:\/\/rmnimagisticas.ro\/\" target=\"_blank\"><\/p>\n<div class=\"uk-inline-clip uk-transition-toggle\"><source type=\"image\/webp\" srcset=\"\/wp-content\/uploads\/yootheme\/cache\/86\/RMN-Imagistica-86a88a5a.webp 450w\" sizes=\"(min-width: 450px) 450px\" \/><\/div>\n<p><\/a><\/p>\n<div class=\"uk-padding-small uk-margin-remove-first-child\">\n<div class=\"el-meta uk-text-meta uk-margin-small-top\">RMN ImagisticAS<\/div>\n<div class=\"uk-margin-small-top\"><a href=\"https:\/\/rmnimagisticas.ro\/\" target=\"_blank\" class=\"el-link uk-button uk-button-text\">Vezi detalii<\/a><\/div>\n<\/div>\n<\/div>\n<\/div>\n<div>\n<div class=\"el-item uk-panel\"><a href=\"https:\/\/ro.san-marco.com\/\" target=\"_blank\"><\/p>\n<div class=\"uk-inline-clip uk-transition-toggle\"><source type=\"image\/webp\" srcset=\"\/wp-content\/uploads\/yootheme\/cache\/df\/sanmarco-df655601.webp 450w\" sizes=\"(min-width: 450px) 450px\" \/><\/div>\n<p><\/a><\/p>\n<div class=\"uk-padding-small uk-margin-remove-first-child\">\n<div class=\"el-meta uk-text-meta uk-margin-small-top\">San Marco<\/div>\n<div class=\"uk-margin-small-top\"><a href=\"https:\/\/ro.san-marco.com\/\" target=\"_blank\" class=\"el-link uk-button uk-button-text\">Vezi detalii<\/a><\/div>\n<\/div>\n<\/div>\n<\/div>\n<div>\n<div class=\"el-item uk-panel\"><a href=\"https:\/\/afiom.ro\/doneaza\" target=\"_blank\"><\/p>\n<div class=\"uk-inline-clip uk-transition-toggle\"><img loading=\"lazy\" decoding=\"async\" class=\"el-image uk-transition-scale-down uk-transition-opaque\" src=\"https:\/\/www.sursadevest.ro\/wp-content\/uploads\/2024\/12\/AfiOM_Sites_350x350_Mamici.gif\" alt width=\"350\" height=\"350\"><\/div>\n<p><\/a><\/p>\n<div class=\"uk-padding-small uk-margin-remove-first-child\">\n<div class=\"el-meta uk-text-meta uk-margin-small-top\">A fi om!<\/div>\n<div class=\"uk-margin-small-top\"><a href=\"https:\/\/afiom.ro\/doneaza\" target=\"_blank\" class=\"el-link uk-button uk-button-text\">Vezi detalii<\/a><\/div>\n<\/div>\n<\/div>\n<\/div>\n<div>\n<div class=\"el-item uk-panel\"><a href=\"https:\/\/afiom.ro\/doneaza\" target=\"_blank\"><\/p>\n<div class=\"uk-inline-clip uk-transition-toggle\"><img loading=\"lazy\" decoding=\"async\" class=\"el-image uk-transition-scale-down uk-transition-opaque\" src=\"https:\/\/www.sursadevest.ro\/wp-content\/uploads\/2024\/12\/AfiOM_Sites_350x350_Sport.gif\" alt width=\"350\" height=\"350\"><\/div>\n<p><\/a><\/p>\n<div class=\"uk-padding-small uk-margin-remove-first-child\">\n<div class=\"el-meta uk-text-meta uk-margin-small-top\">A fi om!<\/div>\n<div class=\"uk-margin-small-top\"><a href=\"https:\/\/afiom.ro\/doneaza\" target=\"_blank\" class=\"el-link uk-button uk-button-text\">Vezi detalii<\/a><\/div>\n<\/div>\n<\/div>\n<\/div>\n<div>\n<div class=\"el-item uk-panel uk-margin-remove-first-child\">\n<div class=\"el-meta uk-text-meta uk-margin-small-top\">For\u021ba Dreptei<\/div>\n<\/div>\n<\/div>\n<div>\n<div class=\"el-item uk-panel\"><a href=\"https:\/\/www.igard.ro\" target=\"_blank\"><\/p>\n<div class=\"uk-inline-clip uk-transition-toggle\"><source type=\"image\/webp\" srcset=\"\/wp-content\/uploads\/yootheme\/cache\/8c\/iGard-0124-02-8cb83681.webp 768w, \/wp-content\/uploads\/yootheme\/cache\/89\/iGard-0124-02-894b8f7b.webp 1080w\" sizes=\"(min-width: 1080px) 1080px\" \/><\/div>\n<p><\/a><\/p>\n<div class=\"uk-padding-small uk-margin-remove-first-child\">\n<div class=\"el-meta uk-text-meta uk-margin-small-top\">iGard panouri de gard \u2013 www.igard.ro<\/div>\n<div class=\"uk-margin-small-top\"><a href=\"https:\/\/www.igard.ro\" target=\"_blank\" class=\"el-link uk-button uk-button-text\">Vezi detalii<\/a><\/div>\n<\/div>\n<\/div>\n<\/div>\n<div>\n<div class=\"el-item uk-panel\">\n<div class=\"uk-inline-clip uk-transition-toggle\"><source type=\"image\/webp\" srcset=\"\/wp-content\/uploads\/yootheme\/cache\/f2\/atc-small-f2c6a401.webp 600w\" sizes=\"(min-width: 600px) 600px\" \/><\/div>\n<div class=\"uk-padding-small uk-margin-remove-first-child\">\n<div class=\"el-meta uk-text-meta uk-margin-small-top\">ATC BAUDESIGN<\/div>\n<\/div>\n<\/div>\n<\/div>\n<\/div>\n<\/div>\n<\/div>\n<\/div>\n<\/div>\n<\/div>\n<div class=\"aioseo-author-bio-compact\">\n<div class=\"aioseo-author-bio-compact-left\"><img decoding=\"async\" class=\"aioseo-author-bio-compact-image\" src=\"https:\/\/secure.gravatar.com\/avatar\/501cbb41fb946fd7475cb910bea8645fcd5f3c573a38078115f3b3b589fd7a2a?s=300&amp;d=mm&amp;r=g\" alt=\"author avatar\"><\/div>\n<div class=\"aioseo-author-bio-compact-right\">\n<div class=\"aioseo-author-bio-compact-header\"><span class=\"author-name\">Sursa de Vest<\/span><\/div>\n<div class=\"aioseo-author-bio-compact-main\">\n<div class=\"author-bio-link\"><a href=\"https:\/\/www.sursadevest.ro\/author\/petronela\/\">See Full Bio<\/a><\/div>\n<\/div>\n<\/div>\n<\/div>\n<p><\/main><\/p>\n<p>[analyse_source url=&#8221;https:\/\/www.sursadevest.ro\/conditii-mizere-descoperite-de-inspectorii-dsp-intr-un-liceu-din-timisoara-a-ramas-fara-autorizatia-sanitara\/&#8221;]<\/p>\n","protected":false},"excerpt":{"rendered":"<p>[analyse_image type=&#8221;featured&#8221; src=&#8221;https:\/\/www.sursadevest.ro\/wp-content\/uploads\/2026\/04\/william-shakespeare.png&#8221;] Condi\u021bii mizere descoperite de inspectorii DSP, \u00eentr-un liceu din Timi\u0219oara! A r\u0103mas f\u0103r\u0103 autoriza\u021bia sanitar\u0103 29 aprilie, 2026 | Sursa de Vest | Eveniment, \u0218tiri | Niciun comentariu la Condi\u021bii mizere descoperite de inspectorii DSP, \u00eentr-un liceu din Timi\u0219oara! A r\u0103mas f\u0103r\u0103 autoriza\u021bia sanitar\u0103 \u0218tiri Eveniment XPilates &amp; Spa Vezi detalii Condi\u021bii [&hellip;]<\/p>\n","protected":false},"author":1,"featured_media":0,"comment_status":"open","ping_status":"","sticky":false,"template":"","format":"standard","meta":{"footnotes":""},"categories":[89],"tags":[226,200],"class_list":["post-1909693","post","type-post","status-publish","format-standard","hentry","category-romania","tag-crawlmanager","tag-sursadevest-ro"],"_links":{"self":[{"href":"https:\/\/analyse.optim.biz\/index.php?rest_route=\/wp\/v2\/posts\/1909693","targetHints":{"allow":["GET"]}}],"collection":[{"href":"https:\/\/analyse.optim.biz\/index.php?rest_route=\/wp\/v2\/posts"}],"about":[{"href":"https:\/\/analyse.optim.biz\/index.php?rest_route=\/wp\/v2\/types\/post"}],"author":[{"embeddable":true,"href":"https:\/\/analyse.optim.biz\/index.php?rest_route=\/wp\/v2\/users\/1"}],"replies":[{"embeddable":true,"href":"https:\/\/analyse.optim.biz\/index.php?rest_route=%2Fwp%2Fv2%2Fcomments&post=1909693"}],"version-history":[{"count":0,"href":"https:\/\/analyse.optim.biz\/index.php?rest_route=\/wp\/v2\/posts\/1909693\/revisions"}],"wp:attachment":[{"href":"https:\/\/analyse.optim.biz\/index.php?rest_route=%2Fwp%2Fv2%2Fmedia&parent=1909693"}],"wp:term":[{"taxonomy":"category","embeddable":true,"href":"https:\/\/analyse.optim.biz\/index.php?rest_route=%2Fwp%2Fv2%2Fcategories&post=1909693"},{"taxonomy":"post_tag","embeddable":true,"href":"https:\/\/analyse.optim.biz\/index.php?rest_route=%2Fwp%2Fv2%2Ftags&post=1909693"}],"curies":[{"name":"wp","href":"https:\/\/api.w.org\/{rel}","templated":true}]}}