{"id":1909513,"date":"2026-04-29T16:02:59","date_gmt":"2026-04-29T13:02:59","guid":{"rendered":"https:\/\/analyse.optim.biz\/?p=1909513"},"modified":"2026-04-29T16:02:59","modified_gmt":"2026-04-29T13:02:59","slug":"strandul-din-lugoj-in-stare-critica-primarul-dobra-promite-redeschiderea-dar-fara-garantii-foto","status":"publish","type":"post","link":"https:\/\/analyse.optim.biz\/?p=1909513","title":{"rendered":"\u0218trandul din Lugoj, \u00een stare critic\u0103: primarul Dobra promite redeschiderea, dar f\u0103r\u0103 garan\u021bii (foto)"},"content":{"rendered":"<p>[analyse_image type=&#8221;featured&#8221; src=&#8221;https:\/\/orasul-timisoara.ro\/wp-content\/uploads\/2026\/04\/684946572_1512648830230906_7794746828293441135_n-1.jpg&#8221;]<\/p>\n<article id=\"post-38503\" class=\"td-post-template-7 post-38503 post type-post status-publish format-standard has-post-thumbnail category-administratie category-featured category-investitii-in-timisoara category-stiri-timisoara tag-administratie-locala tag-calin-dobra tag-infrastructura tag-investitii tag-lucrari-reabilitare tag-lugoj tag-stiri-timis tag-strand-lugoj tag-vara-2026 td-container-wrap\">\n<div class=\"td-full-screen-header-image-wrap\">\n<div class=\"td-container td-post-header\">\n<div class=\"td-crumb-container\">\n<div class=\"entry-crumbs\"><span><a title=\"Vede\u021bi toate articolele \u00een Administra\u021bie local\u0103\" class=\"entry-crumb\" href=\"https:\/\/orasul-timisoara.ro\/local-category\/administratie\/\">Administra\u021bie local\u0103<\/a><\/span><span class=\"td-bred-no-url-last\">\u0218trandul din Lugoj, \u00een stare critic\u0103: primarul Dobra promite redeschiderea, dar f\u0103r\u0103&#8230;<\/span><\/div>\n<\/div>\n<div class=\"td-post-header-holder\">\n<div class=\"td-parallax-header\">\n<header class=\"td-post-title\">\n<ul class=\"td-category\">\n<li class=\"entry-category\"><a href=\"https:\/\/orasul-timisoara.ro\/local-category\/administratie\/\">Administra\u021bie local\u0103<\/a><\/li>\n<li class=\"entry-category\"><a href=\"https:\/\/orasul-timisoara.ro\/local-category\/investitii-in-timisoara\/\">Investitii in Timisoara<\/a><\/li>\n<li class=\"entry-category\"><a href=\"https:\/\/orasul-timisoara.ro\/local-category\/stiri-timisoara\/\">\u0218tiri Locale<\/a><\/li>\n<\/ul>\n<h1 class=\"entry-title\">\u0218trandul din Lugoj, \u00een stare critic\u0103: primarul Dobra promite redeschiderea, dar f\u0103r\u0103 garan\u021bii (foto)<\/h1>\n<div class=\"td-module-meta-info\">\n<div class=\"td-post-author-name\">\n<div class=\"td-author-by\">De c\u0103tre<\/div>\n<p><a href=\"https:\/\/orasul-timisoara.ro\/author\/timisoara\/\">redactia<\/a><\/p>\n<div class=\"td-author-line\"> &#8211; <\/div>\n<\/div>\n<p><span class=\"td-post-date\"><time class=\"entry-date updated td-module-date\" datetime=\"2026-04-29T19:02:59+03:00\">29\/04\/2026<\/time><\/span><\/div>\n<\/header>\n<\/div>\n<\/div>\n<\/div>\n<div id=\"td-full-screen-header-image\" class=\"td-image-gradient-style7\"><img decoding=\"async\" class=\"td-backstretch\" src=\"https:\/\/orasul-timisoara.ro\/wp-content\/uploads\/2026\/04\/684946572_1512648830230906_7794746828293441135_n-1.jpg\"><\/div>\n<\/div>\n<div class=\"td-container\">\n<div class=\"td-pb-row\">\n<div class=\"td-pb-span8 td-main-content\" role=\"main\">\n<div class=\"td-ss-main-content\">\n<div class=\"td-post-sharing-top\">\n<div class=\"td-post-sharing-classic\"><iframe title=\"topFacebookLike\" frameborder src=\"https:\/\/www.facebook.com\/plugins\/like.php?href=https:\/\/orasul-timisoara.ro\/local-38503\/&amp;layout=button_count&amp;show_faces=false&amp;width=105&amp;action=like&amp;colorscheme=light&amp;height=21\"><\/iframe><\/div>\n<div id=\"td_social_sharing_article_top\" class=\"td-post-sharing td-ps-bg td-ps-notext td-post-sharing-style1 \">\n<div class=\"td-post-sharing-visible\"><a class=\"td-social-sharing-button td-social-sharing-button-js td-social-network td-social-facebook\" href=\"https:\/\/www.facebook.com\/sharer.php?u=https%3A%2F%2Forasul-timisoara.ro%2Flocal-38503%2F\" title=\"Facebook\"><\/p>\n<div class=\"td-social-but-text\">Facebook<\/div>\n<p><\/a><a class=\"td-social-sharing-button td-social-sharing-button-js td-social-network td-social-twitter\" href=\"https:\/\/twitter.com\/intent\/tweet?text=%C8%98trandul+din+Lugoj%2C+%C3%AEn+stare+critic%C4%83%3A+primarul+Dobra+promite+redeschiderea%2C+dar+f%C4%83r%C4%83+garan%C8%9Bii+%28foto%29&amp;url=https%3A%2F%2Forasul-timisoara.ro%2Flocal-38503%2F&amp;via=orasultm\" title=\"Twitter\"><\/p>\n<div class=\"td-social-but-text\">Twitter<\/div>\n<p><\/a><a class=\"td-social-sharing-button td-social-sharing-button-js td-social-network td-social-whatsapp\" href=\"https:\/\/api.whatsapp.com\/send?text=%C8%98trandul+din+Lugoj%2C+%C3%AEn+stare+critic%C4%83%3A+primarul+Dobra+promite+redeschiderea%2C+dar+f%C4%83r%C4%83+garan%C8%9Bii+%28foto%29%20%0A%0A%20https:\/\/orasul-timisoara.ro\/local-38503\/\" title=\"WhatsApp\"><\/p>\n<div class=\"td-social-but-text\">WhatsApp<\/div>\n<p><\/a><a class=\"td-social-sharing-button td-social-sharing-button-js td-social-network td-social-linkedin\" href=\"https:\/\/www.linkedin.com\/shareArticle?mini=true&amp;url=https:\/\/orasul-timisoara.ro\/local-38503\/&amp;title=%C8%98trandul+din+Lugoj%2C+%C3%AEn+stare+critic%C4%83%3A+primarul+Dobra+promite+redeschiderea%2C+dar+f%C4%83r%C4%83+garan%C8%9Bii+%28foto%29\" title=\"Linkedin\"><\/p>\n<div class=\"td-social-but-text\">Linkedin<\/div>\n<p><\/a><a class=\"td-social-sharing-button td-social-sharing-button-js td-social-network td-social-reddit\" href=\"https:\/\/reddit.com\/submit?url=https:\/\/orasul-timisoara.ro\/local-38503\/&amp;title=%C8%98trandul+din+Lugoj%2C+%C3%AEn+stare+critic%C4%83%3A+primarul+Dobra+promite+redeschiderea%2C+dar+f%C4%83r%C4%83+garan%C8%9Bii+%28foto%29\" title=\"ReddIt\"><\/p>\n<div class=\"td-social-but-text\">ReddIt<\/div>\n<p><\/a><a class=\"td-social-sharing-button td-social-sharing-button-js td-social-network td-social-mail\" href=\"mailto:?subject=%C8%98trandul%20din%20Lugoj,%20%C3%AEn%20stare%20critic%C4%83:%20primarul%20Dobra%20promite%20redeschiderea,%20dar%20f%C4%83r%C4%83%20garan%C8%9Bii%20(foto)&amp;body=https:\/\/orasul-timisoara.ro\/local-38503\/\" title=\"Email\"><\/p>\n<div class=\"td-social-but-text\">Email<\/div>\n<p><\/a><a class=\"td-social-sharing-button td-social-sharing-button-js td-social-network td-social-print\" href=\"https:\/\/orasul-timisoara.ro\/local-38503\/\" title=\"Imprimare\"><\/p>\n<div class=\"td-social-but-text\">Imprimare<\/div>\n<p><\/a><\/div>\n<\/div>\n<\/div>\n<div class=\"td-post-content tagdiv-type\">\n<p>Primarul municipiului Lugoj, C\u0103lin Dobra, a declarat c\u0103 \u00ee\u0219i dore\u0219te redeschiderea \u0219trandului municipal \u00een aceast\u0103 var\u0103, \u00eens\u0103 avertizeaz\u0103 c\u0103 starea \u00een care a fost g\u0103sit obiectivul este una extrem de grav\u0103, dup\u0103 ani \u00eentregi de abandon.<\/p>\n<p>Edilul a descris situa\u021bia drept un \u201edezastru\u201d, subliniind c\u0103 \u0219trandul a fost \u00eenchis complet timp de aproximativ \u0219apte ani, f\u0103r\u0103 lucr\u0103ri de conservare sau interven\u021bii minime de \u00eentre\u021binere. \u00cen acest context, degradarea a fost accelerat\u0103, afect\u00e2nd infrastructura esen\u021bial\u0103.<\/p>\n<p>Potrivit lui Dobra, instala\u021biile sunt \u00een mare parte compromise: conductele sunt deteriorate, bazinele au suferit degrad\u0103ri semnificative, iar re\u021belele de ap\u0103 \u0219i canalizare sunt practic nefunc\u021bionale. De asemenea, echipamentele tehnice, inclusiv pompele, nu mai pot fi utilizate, ceea ce impune o reconstruc\u021bie aproape complet\u0103 a sistemului.<\/p>\n<figure class=\"wp-block-gallery has-nested-images columns-7 is-cropped wp-block-gallery-1 is-layout-flex wp-block-gallery-is-layout-flex\">\n<figure class=\"wp-block-image size-large\"><img loading=\"lazy\" decoding=\"async\" width=\"1440\" height=\"1080\" data-id=\"38504\" src=\"https:\/\/orasul-timisoara.ro\/wp-content\/uploads\/2026\/04\/683205322_1512648900230899_5807978969544948879_n.jpg\" alt class=\"wp-image-38504\"><\/figure>\n<figure class=\"wp-block-image size-large\"><img loading=\"lazy\" decoding=\"async\" width=\"1440\" height=\"1080\" data-id=\"38509\" src=\"https:\/\/orasul-timisoara.ro\/wp-content\/uploads\/2026\/04\/683810779_1512648916897564_4966900312781734986_n.jpg\" alt class=\"wp-image-38509\"><\/figure>\n<figure class=\"wp-block-image size-large\"><img loading=\"lazy\" decoding=\"async\" width=\"1440\" height=\"1080\" data-id=\"38505\" src=\"https:\/\/orasul-timisoara.ro\/wp-content\/uploads\/2026\/04\/682857268_1512648903564232_4429991377031966486_n.jpg\" alt class=\"wp-image-38505\"><\/figure>\n<figure class=\"wp-block-image size-large\"><img decoding=\"async\" loading=\"lazy\" width=\"1440\" height=\"1080\" data-id=\"38507\" src=\"https:\/\/orasul-timisoara.ro\/wp-content\/uploads\/2026\/04\/683540395_1512648896897566_8588370568630278587_n.jpg\" alt class=\"wp-image-38507\"><\/figure>\n<figure class=\"wp-block-image size-large\"><img decoding=\"async\" loading=\"lazy\" width=\"1440\" height=\"1080\" data-id=\"38506\" src=\"https:\/\/orasul-timisoara.ro\/wp-content\/uploads\/2026\/04\/685901249_1512648886897567_4310169581213741542_n.jpg\" alt class=\"wp-image-38506\"><\/figure>\n<figure class=\"wp-block-image size-large\"><img decoding=\"async\" loading=\"lazy\" width=\"1440\" height=\"1080\" data-id=\"38510\" src=\"https:\/\/orasul-timisoara.ro\/wp-content\/uploads\/2026\/04\/683739020_1512648876897568_6228412736588846350_n.jpg\" alt class=\"wp-image-38510\"><\/figure>\n<figure class=\"wp-block-image size-large\"><img decoding=\"async\" loading=\"lazy\" width=\"1440\" height=\"1080\" data-id=\"38512\" src=\"https:\/\/orasul-timisoara.ro\/wp-content\/uploads\/2026\/04\/683818443_1512648906897565_8519598986809738515_n.jpg\" alt class=\"wp-image-38512\"><\/figure>\n<figure class=\"wp-block-image size-large\"><img decoding=\"async\" loading=\"lazy\" width=\"1080\" height=\"1440\" data-id=\"38511\" src=\"https:\/\/orasul-timisoara.ro\/wp-content\/uploads\/2026\/04\/685595773_1512648873564235_5354124753500362746_n.jpg\" alt class=\"wp-image-38511\"><\/figure>\n<figure class=\"wp-block-image size-large\"><img decoding=\"async\" loading=\"lazy\" width=\"1440\" height=\"1080\" data-id=\"38508\" src=\"https:\/\/orasul-timisoara.ro\/wp-content\/uploads\/2026\/04\/684946572_1512648830230906_7794746828293441135_n.jpg\" alt class=\"wp-image-38508\"><\/figure>\n<\/figure>\n<p>\u00cen prezent, echipele de muncitori intervin zilnic pentru cur\u0103\u021barea \u0219i refacerea zonei. Autorit\u0103\u021bile locale au demarat un amplu proces de reabilitare, care dep\u0103\u0219e\u0219te nivelul unor simple repara\u021bii \u0219i se apropie de o reconstruc\u021bie integral\u0103 a facilit\u0103\u021bii.<\/p>\n<p>Primarul a evitat s\u0103 ofere un termen ferm pentru redeschidere, \u00eens\u0103 a precizat c\u0103 exist\u0103 eforturi sus\u021binute pentru ca \u0219trandul s\u0103 devin\u0103 func\u021bional \u00een sezonul estival. \u201eNu promit, dar lucr\u0103m zilnic \u0219i urm\u0103resc personal evolu\u021bia lucr\u0103rilor\u201d, a transmis acesta.<\/p>\n<p>Redeschiderea \u0219trandului din Lugoj este considerat\u0103 o prioritate pentru administra\u021bia local\u0103, av\u00e2nd \u00een vedere rolul important pe care acest spa\u021biu \u00eel are pentru comunitate, \u00een special pentru copii \u0219i tineri. Autorit\u0103\u021bile sper\u0103 ca, \u00een urma lucr\u0103rilor, zona s\u0103 redevin\u0103 un punct de atrac\u021bie \u00een sezonul de var\u0103.<\/p>\n<\/div>\n<footer>\n<div class=\"td-post-source-tags\">\n<ul class=\"td-tags td-post-small-box clearfix\">\n<li><span>ETICHETE<\/span><\/li>\n<li><a href=\"https:\/\/orasul-timisoara.ro\/local-tag\/administratie-locala\/\">administratie locala<\/a><\/li>\n<li><a href=\"https:\/\/orasul-timisoara.ro\/local-tag\/calin-dobra\/\">calin dobra<\/a><\/li>\n<li><a href=\"https:\/\/orasul-timisoara.ro\/local-tag\/infrastructura\/\">infrastructura<\/a><\/li>\n<li><a href=\"https:\/\/orasul-timisoara.ro\/local-tag\/investitii\/\">investitii<\/a><\/li>\n<li><a href=\"https:\/\/orasul-timisoara.ro\/local-tag\/lucrari-reabilitare\/\">lucrari reabilitare<\/a><\/li>\n<li><a href=\"https:\/\/orasul-timisoara.ro\/local-tag\/lugoj\/\">lugoj<\/a><\/li>\n<li><a href=\"https:\/\/orasul-timisoara.ro\/local-tag\/stiri-timis\/\">stiri timis<\/a><\/li>\n<li><a href=\"https:\/\/orasul-timisoara.ro\/local-tag\/strand-lugoj\/\">strand Lugoj<\/a><\/li>\n<li><a href=\"https:\/\/orasul-timisoara.ro\/local-tag\/vara-2026\/\">vara 2026<\/a><\/li>\n<\/ul>\n<\/div>\n<div class=\"td-post-sharing-bottom\">\n<div class=\"td-post-sharing-classic\"><iframe title=\"bottomFacebookLike\" frameborder src=\"https:\/\/www.facebook.com\/plugins\/like.php?href=https:\/\/orasul-timisoara.ro\/local-38503\/&amp;layout=button_count&amp;show_faces=false&amp;width=105&amp;action=like&amp;colorscheme=light&amp;height=21\"><\/iframe><\/div>\n<div id=\"td_social_sharing_article_bottom\" class=\"td-post-sharing td-ps-bg td-ps-notext td-post-sharing-style1 \">\n<div class=\"td-post-sharing-visible\"><a class=\"td-social-sharing-button td-social-sharing-button-js td-social-network td-social-facebook\" href=\"https:\/\/www.facebook.com\/sharer.php?u=https%3A%2F%2Forasul-timisoara.ro%2Flocal-38503%2F\" title=\"Facebook\"><\/p>\n<div class=\"td-social-but-text\">Facebook<\/div>\n<p><\/a><a class=\"td-social-sharing-button td-social-sharing-button-js td-social-network td-social-twitter\" href=\"https:\/\/twitter.com\/intent\/tweet?text=%C8%98trandul+din+Lugoj%2C+%C3%AEn+stare+critic%C4%83%3A+primarul+Dobra+promite+redeschiderea%2C+dar+f%C4%83r%C4%83+garan%C8%9Bii+%28foto%29&amp;url=https%3A%2F%2Forasul-timisoara.ro%2Flocal-38503%2F&amp;via=orasultm\" title=\"Twitter\"><\/p>\n<div class=\"td-social-but-text\">Twitter<\/div>\n<p><\/a><a class=\"td-social-sharing-button td-social-sharing-button-js td-social-network td-social-whatsapp\" href=\"https:\/\/api.whatsapp.com\/send?text=%C8%98trandul+din+Lugoj%2C+%C3%AEn+stare+critic%C4%83%3A+primarul+Dobra+promite+redeschiderea%2C+dar+f%C4%83r%C4%83+garan%C8%9Bii+%28foto%29%20%0A%0A%20https:\/\/orasul-timisoara.ro\/local-38503\/\" title=\"WhatsApp\"><\/p>\n<div class=\"td-social-but-text\">WhatsApp<\/div>\n<p><\/a><a class=\"td-social-sharing-button td-social-sharing-button-js td-social-network td-social-linkedin\" href=\"https:\/\/www.linkedin.com\/shareArticle?mini=true&amp;url=https:\/\/orasul-timisoara.ro\/local-38503\/&amp;title=%C8%98trandul+din+Lugoj%2C+%C3%AEn+stare+critic%C4%83%3A+primarul+Dobra+promite+redeschiderea%2C+dar+f%C4%83r%C4%83+garan%C8%9Bii+%28foto%29\" title=\"Linkedin\"><\/p>\n<div class=\"td-social-but-text\">Linkedin<\/div>\n<p><\/a><a class=\"td-social-sharing-button td-social-sharing-button-js td-social-network td-social-reddit\" href=\"https:\/\/reddit.com\/submit?url=https:\/\/orasul-timisoara.ro\/local-38503\/&amp;title=%C8%98trandul+din+Lugoj%2C+%C3%AEn+stare+critic%C4%83%3A+primarul+Dobra+promite+redeschiderea%2C+dar+f%C4%83r%C4%83+garan%C8%9Bii+%28foto%29\" title=\"ReddIt\"><\/p>\n<div class=\"td-social-but-text\">ReddIt<\/div>\n<p><\/a><a class=\"td-social-sharing-button td-social-sharing-button-js td-social-network td-social-mail\" href=\"mailto:?subject=%C8%98trandul%20din%20Lugoj,%20%C3%AEn%20stare%20critic%C4%83:%20primarul%20Dobra%20promite%20redeschiderea,%20dar%20f%C4%83r%C4%83%20garan%C8%9Bii%20(foto)&amp;body=https:\/\/orasul-timisoara.ro\/local-38503\/\" title=\"Email\"><\/p>\n<div class=\"td-social-but-text\">Email<\/div>\n<p><\/a><a class=\"td-social-sharing-button td-social-sharing-button-js td-social-network td-social-print\" href=\"https:\/\/orasul-timisoara.ro\/local-38503\/\" title=\"Imprimare\"><\/p>\n<div class=\"td-social-but-text\">Imprimare<\/div>\n<p><\/a><\/div>\n<\/div>\n<\/div>\n<div class=\"td-block-row td-post-next-prev\">\n<div class=\"td-block-span6 td-post-prev-post\">\n<div class=\"td-post-next-prev-content\"><span>Articolul precedent<\/span><a href=\"https:\/\/orasul-timisoara.ro\/local-38500\/\">Lucr\u0103ri accelerate pe Calea \u0218agului \u0219i Torontalului: echipele intervin inclusiv de 1 Mai<\/a><\/div>\n<\/div>\n<\/div>\n<div class=\"td-author-name vcard author\"><span class=\"fn\"><a href=\"https:\/\/orasul-timisoara.ro\/author\/timisoara\/\">redactia<\/a><\/span><\/div>\n<p><span class=\"td-page-meta\"><\/span><span class=\"td-page-meta\"><span class=\"td-page-meta\"><\/span><\/span><span class=\"td-page-meta\"><\/span><\/footer>\n<div class=\"td_block_wrap td_block_related_posts tdi_3 td_with_ajax_pagination td-pb-border-top td_block_template_8\" data-td-block-uid=\"tdi_3\">\n<h4 class=\"td-related-title td-block-title\"><a id=\"tdi_4\" class=\"td-related-left td-cur-simple-item\" data-td_filter_value data-td_block_id=\"tdi_3\" href=\"https:\/\/orasul-timisoara.ro\/local-38503\/\">ARTICOLE SIMILARE<\/a><a id=\"tdi_5\" class=\"td-related-right\" data-td_filter_value=\"td_related_more_from_author\" data-td_block_id=\"tdi_3\" href=\"https:\/\/orasul-timisoara.ro\/local-38503\/\">DE LA ACELA\u0218I AUTOR<\/a><\/h4>\n<div id=\"tdi_3\" class=\"td_block_inner\">\n<div class=\"td-related-row\">\n<div class=\"td-related-span4\">\n<div class=\"td_module_related_posts td-animation-stack td_mod_related_posts\">\n<div class=\"td-module-image\">\n<div class=\"td-module-thumb\"><a href=\"https:\/\/orasul-timisoara.ro\/local-38500\/\" rel=\"bookmark\" class=\"td-image-wrap \" title=\"Lucr\u0103ri accelerate pe Calea \u0218agului \u0219i Torontalului: echipele intervin inclusiv de 1 Mai\"><img loading=\"lazy\" decoding=\"async\" class=\"entry-thumb\" src=\"https:\/\/orasul-timisoara.ro\/wp-content\/uploads\/2026\/04\/Screenshot-2026-04-29-185421-436x300.jpg\" alt title=\"Lucr\u0103ri accelerate pe Calea \u0218agului \u0219i Torontalului: echipele intervin inclusiv de 1 Mai\" width=\"218\" height=\"150\"><\/a><\/div>\n<\/div>\n<div class=\"item-details\">\n<h3 class=\"entry-title td-module-title\"><a href=\"https:\/\/orasul-timisoara.ro\/local-38500\/\" rel=\"bookmark\" title=\"Lucr\u0103ri accelerate pe Calea \u0218agului \u0219i Torontalului: echipele intervin inclusiv de 1 Mai\">Lucr\u0103ri accelerate pe Calea \u0218agului \u0219i Torontalului: echipele intervin inclusiv de 1 Mai<\/a><\/h3>\n<\/div>\n<\/div>\n<\/div>\n<div class=\"td-related-span4\">\n<div class=\"td_module_related_posts td-animation-stack td_mod_related_posts\">\n<div class=\"td-module-image\">\n<div class=\"td-module-thumb\"><a href=\"https:\/\/orasul-timisoara.ro\/local-38452\/\" rel=\"bookmark\" class=\"td-image-wrap \" title=\"Roxana Iliescu acuz\u0103 concedieri selective \u00een Prim\u0103ria Timi\u0219oara: \u201eO reform\u0103 doar pe h\u00e2rtie\u201d\"><img loading=\"lazy\" decoding=\"async\" class=\"entry-thumb\" src=\"https:\/\/orasul-timisoara.ro\/wp-content\/uploads\/2025\/04\/roxana-iliescu-gabi-ionescu-copy-436x300.jpg\" alt title=\"Roxana Iliescu acuz\u0103 concedieri selective \u00een Prim\u0103ria Timi\u0219oara: \u201eO reform\u0103 doar pe h\u00e2rtie\u201d\" width=\"218\" height=\"150\"><\/a><\/div>\n<\/div>\n<div class=\"item-details\">\n<h3 class=\"entry-title td-module-title\"><a href=\"https:\/\/orasul-timisoara.ro\/local-38452\/\" rel=\"bookmark\" title=\"Roxana Iliescu acuz\u0103 concedieri selective \u00een Prim\u0103ria Timi\u0219oara: \u201eO reform\u0103 doar pe h\u00e2rtie\u201d\">Roxana Iliescu acuz\u0103 concedieri selective \u00een Prim\u0103ria Timi\u0219oara: \u201eO reform\u0103 doar pe h\u00e2rtie\u201d<\/a><\/h3>\n<\/div>\n<\/div>\n<\/div>\n<div class=\"td-related-span4\">\n<div class=\"td_module_related_posts td-animation-stack td_mod_related_posts\">\n<div class=\"td-module-image\">\n<div class=\"td-module-thumb\"><a href=\"https:\/\/orasul-timisoara.ro\/local-38354\/\" rel=\"bookmark\" class=\"td-image-wrap \" title=\"Timi\u0219oara lanseaz\u0103 Laboratorul Urban, o ini\u021biativ\u0103 menit\u0103 s\u0103 accelereze dezvoltarea solu\u021biilor inovatoare pentru ora\u0219\"><img loading=\"lazy\" decoding=\"async\" class=\"entry-thumb\" src=\"https:\/\/orasul-timisoara.ro\/wp-content\/uploads\/2026\/01\/timisoara-centru-436x300.jpg\" alt title=\"Timi\u0219oara lanseaz\u0103 Laboratorul Urban, o ini\u021biativ\u0103 menit\u0103 s\u0103 accelereze dezvoltarea solu\u021biilor inovatoare pentru ora\u0219\" width=\"218\" height=\"150\"><\/a><\/div>\n<\/div>\n<div class=\"item-details\">\n<h3 class=\"entry-title td-module-title\"><a href=\"https:\/\/orasul-timisoara.ro\/local-38354\/\" rel=\"bookmark\" title=\"Timi\u0219oara lanseaz\u0103 Laboratorul Urban, o ini\u021biativ\u0103 menit\u0103 s\u0103 accelereze dezvoltarea solu\u021biilor inovatoare pentru ora\u0219\">Timi\u0219oara lanseaz\u0103 Laboratorul Urban, o ini\u021biativ\u0103 menit\u0103 s\u0103 accelereze dezvoltarea solu\u021biilor inovatoare pentru ora\u0219<\/a><\/h3>\n<\/div>\n<\/div>\n<\/div>\n<\/div>\n<\/div>\n<\/div>\n<div class=\"comments\" id=\"comments\">\n<div id=\"respond\" class=\"comment-respond\">\n<h3 id=\"reply-title\" class=\"comment-reply-title\">L\u0102SA\u021aI UN MESAJ<\/h3>\n<div class=\"comment-form-input-wrap td-form-comment\">\n<div class=\"td-warning-comment\">V\u0103 rug\u0103m s\u0103 introduce\u021bi comentariul dvs.!<\/div>\n<\/div>\n<div class=\"comment-form-input-wrap td-form-author\">\n<div class=\"td-warning-author\">Introduce\u021bi aici numele dvs.<\/div>\n<\/div>\n<div class=\"comment-form-input-wrap td-form-email\">\n<div class=\"td-warning-email-error\">A\u021bi introdus o adres\u0103 de e-mail incorect\u0103!<\/div>\n<div class=\"td-warning-email\">V\u0103 rug\u0103m s\u0103 introduce\u021bi adresa dvs. de e-mail aici<\/div>\n<\/div>\n<\/div>\n<p class=\"akismet_comment_form_privacy_notice\">Acest site folose\u0219te Akismet pentru a reduce spamul. <a href=\"https:\/\/akismet.com\/privacy\/\" target=\"_blank\" rel=\"nofollow noopener\">Afl\u0103 cum sunt procesate datele comentariilor tale<\/a>.<\/p>\n<\/div>\n<\/div>\n<\/div>\n<div class=\"td-pb-span4 td-main-sidebar\" role=\"complementary\">\n<div class=\"td-ss-main-sidebar\">\n<aside id=\"block-4\" class=\"td_block_template_8 widget block-4 widget_block widget_media_image\">\n<figure class=\"wp-block-image size-full\"><img decoding=\"async\" loading=\"lazy\" width=\"336\" height=\"280\" src=\"https:\/\/orasul-timisoara.ro\/wp-content\/uploads\/2024\/11\/ReTIM-Abonamentul-Verde-Google-Ads-336x280px.gif\" alt class=\"wp-image-29257\"><\/figure>\n<\/aside>\n<div class=\"td_block_wrap td_block_social_counter td_block_widget tdi_6 td-social-style5 td-social-boxed td-pb-border-top td_block_template_8\">\n<div class=\"td-block-title-wrap\">\n<h4 class=\"td-block-title\"><span>Urm\u0103re\u0219te-ne pe Social Media<\/span><\/h4>\n<\/div>\n<div class=\"td-social-list\">\n<div class=\"td_social_type td-pb-margin-side td_social_facebook\">\n<div class=\"td-social-box\"><span class=\"td_social_info td_social_info_counter\">344,595<\/span><span class=\"td_social_info td_social_info_name\">Fani<\/span><span class=\"td_social_button\"><a href=\"https:\/\/www.facebook.com\/247timisoara\" target=\"_blank\" rel=\"nofollow\">\u00cemi place<\/a><\/span><\/div>\n<\/div>\n<div class=\"td_social_type td-pb-margin-side td_social_instagram\">\n<div class=\"td-social-box\"><span class=\"td_social_info td_social_info_counter\">4,416<\/span><span class=\"td_social_info td_social_info_name\">Cititori<\/span><span class=\"td_social_button\"><a href=\"https:\/\/instagram.com\/orasultimisoararo\/\" target=\"_blank\" rel=\"nofollow\">Conecta\u021bi-v\u0103<\/a><\/span><\/div>\n<\/div>\n<div class=\"td_social_type td-pb-margin-side td_social_rss\">\n<div class=\"td-social-box\"><span class=\"td_social_info td_social_info_counter\">12,506<\/span><span class=\"td_social_info td_social_info_name\">Cititori<\/span><span class=\"td_social_button\"><a href=\"https:\/\/orasul-timisoara.ro\/feed\/\" target=\"_blank\" rel=\"nofollow\">Conecta\u021bi-v\u0103<\/a><\/span><\/div>\n<\/div>\n<div class=\"td_social_type td-pb-margin-side td_social_tiktok\">\n<div class=\"td-social-box\"><span class=\"td_social_info td_social_info_counter\">1,500<\/span><span class=\"td_social_info td_social_info_name\">Cititori<\/span><span class=\"td_social_button\"><a href=\"https:\/\/www.tiktok.com\/@orasultimisoara\" target=\"_blank\" rel=\"nofollow\">Conecta\u021bi-v\u0103<\/a><\/span><\/div>\n<\/div>\n<div class=\"td_social_type td-pb-margin-side td_social_twitter\">\n<div class=\"td-social-box\"><span class=\"td_social_info td_social_info_counter\">1,595<\/span><span class=\"td_social_info td_social_info_name\">Cititori<\/span><span class=\"td_social_button\"><a href=\"https:\/\/twitter.com\/orasultm\" target=\"_blank\" rel=\"nofollow\">Conecta\u021bi-v\u0103<\/a><\/span><\/div>\n<\/div>\n<div class=\"td_social_type td-pb-margin-side td_social_youtube\">\n<div class=\"td-social-box\"><span class=\"td_social_info td_social_info_counter\">3,506<\/span><span class=\"td_social_info td_social_info_name\">Abona\u021bi<\/span><span class=\"td_social_button\"><a href=\"https:\/\/www.youtube.com\/channel\/UCQNsQvs2XCSIm1Z-AHRturw?sub_confirmation=1\" target=\"_blank\" rel=\"nofollow\">Abona\u021bi-v\u0103<\/a><\/span><\/div>\n<\/div>\n<\/div>\n<\/div>\n<aside id=\"text-7\" class=\"td_block_template_8 widget text-7 widget_text\">\n<h4 class=\"td-block-title\"><span>C\u0103ut\u0103ri populare pe OTM<\/span><\/h4>\n<div class=\"textwidget\"><a href=\"https:\/\/orasul-timisoara.ro\/?s=timisoara\"><span>Timisoara<\/span><\/a><a href=\"https:\/\/orasul-timisoara.ro\/?s=calin+dobra\"><span>Calin Dobra<\/span><\/a><a href=\"https:\/\/orasul-timisoara.ro\/?s=primaria+timisoara\"><span>Primaria Timisoara<\/span><\/a><a href=\"https:\/\/orasul-timisoara.ro\/?s=dominic+fritz\"><span>Dominic Fritz<\/span><\/a><a href=\"https:\/\/orasul-timisoara.ro\/?s=nicolae+robu\"><span>Nicolae Robu<\/span><\/a><a href=\"https:\/\/orasul-timisoara.ro\/?s=consiliul+local+timisoara\">Consiliul Local Timisoara<\/a><a href=\"https:\/\/orasul-timisoara.ro\/?s=consiliul+judetean+timis\"><span>Consiliul Judetean Timis<\/span><\/a><a href=\"https:\/\/orasul-timisoara.ro\/?s=cjt\"><span>CJT<\/span><\/a><a href=\"https:\/\/orasul-timisoara.ro\/?s=Alfred+Simonis\"><span>Alfred Simonis<\/span><\/a><a href=\"https:\/\/orasul-timisoara.ro\/?s=PNL\"><span>PNL<\/span><\/a><a href=\"https:\/\/orasul-timisoara.ro\/?s=coronavirus\"><span>coronavirus<\/span><\/a><a href=\"https:\/\/orasul-timisoara.ro\/?s=teatru+timisoara\">teatru Timisoara<\/a><a href=\"https:\/\/orasul-timisoara.ro\/?s=restaurante\"><span>restaurante Timisoara<\/span><\/a><a href=\"https:\/\/orasul-timisoara.ro\/?s=diskoteka\"><span>Diskoteka<\/span><\/a><a href=\"https:\/\/orasul-timisoara.ro\/?s=iulius+town\"><span>Iulius Town<\/span><\/a><a href=\"https:\/\/orasul-timisoara.ro\/?s=iulius+mall\"><span>Iulius Mall<\/span><\/a><a href=\"https:\/\/orasul-timisoara.ro\/?s=stpt\"><span>STPT<\/span><\/a><a href=\"https:\/\/orasul-timisoara.ro\/?s=alin+nica\"><span>Alin Nica<\/span><\/a><a href=\"https:\/\/orasul-timisoara.ro\/?s=psd\"><span>PSD<\/span><\/a><a href=\"https:\/\/orasul-timisoara.ro\/?s=aeroport\"><span>Aeroportul International Timisoara<\/span><\/a><a href=\"https:\/\/orasul-timisoara.ro\/?s=babes\"><span>Spitalul Victor Babes Timisoara<\/span><\/a><a href=\"https:\/\/orasul-timisoara.ro\/?s=poli\"><span>Poli Timi\u0219oara<\/span><\/a><a href=\"https:\/\/orasul-timisoara.ro\/?s=carantina\"><span>carantina<\/span><\/a><a href=\"https:\/\/orasul-timisoara.ro\/?s=aquatim\"><span>Aquatim<\/span><\/a><a href=\"https:\/\/orasul-timisoara.ro\/local-category\/stiri-timisoara\/\"><span>Stiri Timisoara<\/span><\/a><a href=\"https:\/\/orasul-timisoara.ro\/local-category\/investitii-in-timisoara\/\"><span>Investi\u021bii in Timi\u0219oara<\/span><\/a><a href=\"https:\/\/orasul-timisoara.ro\/local-9463\/\"><span>shaorma<\/span><\/a><a href=\"https:\/\/orasul-timisoara.ro\/?s=trafic\"><span>trafic rutier<\/span><\/a><a href=\"https:\/\/orasul-timisoara.ro\/?s=politia\"><span>politia locala timisoara<\/span><\/a><a href=\"https:\/\/orasul-timisoara.ro\/?s=roxana\"><span>Roxana Iliescu<\/span><\/a><a href=\"https:\/\/orasul-timisoara.ro\/?s=colterm\"><span>Colterm<\/span><\/a><a href=\"https:\/\/orasul-timisoara.ro\/?s=latcau\"><span>Ruben La\u021bc\u0103u<\/span><\/a><a href=\"https:\/\/orasul-timisoara.ro\/?s=timis\"><span>\u0218tiri din Timi\u0219<\/span><\/a><a href=\"https:\/\/orasul-timisoara.ro\/?s=spital\"><span>Spitale din Timi\u0219oara<\/span><\/a><a href=\"https:\/\/orasul-timisoara.ro\/?s=tabara\"><span>Cosmin Tab\u0103r\u0103<\/span><\/a><\/div>\n<\/aside>\n<aside id=\"rss-2\" class=\"td_block_template_8 widget rss-2 widget_rss\">\n<h4 class=\"td-block-title\"><span><a class=\"rsswidget rss-widget-feed\" href=\"https:\/\/fashionfridays.ro\/feed\"><img decoding=\"async\" class=\"rss-widget-icon\" width=\"14\" height=\"14\" src=\"https:\/\/orasul-timisoara.ro\/wp-includes\/images\/rss.png\" alt=\"RSS\" loading=\"lazy\"><\/a><a class=\"rsswidget rss-widget-title\" href=\"https:\/\/fashionfridays.ro\/\">Fashion Fridays<\/a><\/span><\/h4>\n<ul>\n<li><a class=\"rsswidget\" href=\"https:\/\/fashionfridays.ro\/romania-devine-a-29-a-piata-vogue-o-noua-era-pentru-industria-locala-de-moda\/\">Rom\u00e2nia devine a 29-a pia\u021b\u0103 Vogue: o nou\u0103 er\u0103 pentru industria local\u0103 de mod\u0103<\/a>\n<div class=\"rssSummary\">Revista Vogue \u00ee\u0219i extinde prezen\u021ba global\u0103 \u0219i va fi lansat\u0103 oficial \u00een Rom\u00e2nia \u00een prim\u0103vara anului 2027, marc\u00e2nd intrarea pe cea de-a 29-a pia\u021b\u0103 interna\u021bional\u0103. Proiectul este realizat \u00een parteneriat cu AEMME Publishing, o companie media recent \u00eenfiin\u021bat\u0103, care va publica edi\u021bia local\u0103 sub licen\u021b\u0103. Noua edi\u021bie, Vogue Rom\u00e2nia, \u00ee\u0219i propune s\u0103 combine autoritatea global\u0103 [\u2026]<\/div>\n<\/li>\n<\/ul>\n<\/aside>\n<aside id=\"rss-4\" class=\"td_block_template_8 widget rss-4 widget_rss\">\n<h4 class=\"td-block-title\"><span><a class=\"rsswidget rss-widget-feed\" href=\"https:\/\/emasini.ro\/feed\"><img decoding=\"async\" class=\"rss-widget-icon\" width=\"14\" height=\"14\" src=\"https:\/\/orasul-timisoara.ro\/wp-includes\/images\/rss.png\" alt=\"RSS\" loading=\"lazy\"><\/a><a class=\"rsswidget rss-widget-title\" href=\"https:\/\/emasini.ro\/\">eMasini<\/a><\/span><\/h4>\n<ul>\n<li><a class=\"rsswidget\" href=\"https:\/\/emasini.ro\/traficul-rutier-sub-analiza-recensamant-national-pentru-modernizarea-infrastructurii\/\">Traficul rutier, sub analiz\u0103: recens\u0103m\u00e2nt na\u021bional pentru modernizarea infrastructurii<\/a>\n<div class=\"rssSummary\">Compania Na\u021bional\u0103 de Administrare a Infrastructurii Rutiere, prin Centrul de Studii Tehnice Rutiere \u0219i Informatic\u0103, preg\u0103te\u0219te una dintre cele mai importante ac\u021biuni de colectare de date din domeniul transporturilor: Recens\u0103m\u00e2ntul General de Circula\u021bie Rutier\u0103. Demersul are un rol strategic \u00een fundamentarea deciziilor privind dezvoltarea \u0219i modernizarea infrastructurii rutiere din Rom\u00e2nia. Ac\u021biunea este coordonat\u0103 de CNAIR, [\u2026]<\/div>\n<\/li>\n<\/ul>\n<\/aside>\n<\/div>\n<\/div>\n<\/div>\n<\/div>\n<\/article>\n<div class=\"td-post-content tagdiv-type\">\n<p>Primarul municipiului Lugoj, C\u0103lin Dobra, a declarat c\u0103 \u00ee\u0219i dore\u0219te redeschiderea \u0219trandului municipal \u00een aceast\u0103 var\u0103, \u00eens\u0103 avertizeaz\u0103 c\u0103 starea \u00een care a fost g\u0103sit obiectivul este una extrem de grav\u0103, dup\u0103 ani \u00eentregi de abandon.<\/p>\n<p>Edilul a descris situa\u021bia drept un \u201edezastru\u201d, subliniind c\u0103 \u0219trandul a fost \u00eenchis complet timp de aproximativ \u0219apte ani, f\u0103r\u0103 lucr\u0103ri de conservare sau interven\u021bii minime de \u00eentre\u021binere. \u00cen acest context, degradarea a fost accelerat\u0103, afect\u00e2nd infrastructura esen\u021bial\u0103.<\/p>\n<p>Potrivit lui Dobra, instala\u021biile sunt \u00een mare parte compromise: conductele sunt deteriorate, bazinele au suferit degrad\u0103ri semnificative, iar re\u021belele de ap\u0103 \u0219i canalizare sunt practic nefunc\u021bionale. De asemenea, echipamentele tehnice, inclusiv pompele, nu mai pot fi utilizate, ceea ce impune o reconstruc\u021bie aproape complet\u0103 a sistemului.<\/p>\n<figure class=\"wp-block-gallery has-nested-images columns-7 is-cropped wp-block-gallery-1 is-layout-flex wp-block-gallery-is-layout-flex\">\n<figure class=\"wp-block-image size-large\"><img loading=\"lazy\" decoding=\"async\" width=\"1440\" height=\"1080\" data-id=\"38504\" src=\"https:\/\/orasul-timisoara.ro\/wp-content\/uploads\/2026\/04\/683205322_1512648900230899_5807978969544948879_n.jpg\" alt class=\"wp-image-38504\"><\/figure>\n<figure class=\"wp-block-image size-large\"><img loading=\"lazy\" decoding=\"async\" width=\"1440\" height=\"1080\" data-id=\"38509\" src=\"https:\/\/orasul-timisoara.ro\/wp-content\/uploads\/2026\/04\/683810779_1512648916897564_4966900312781734986_n.jpg\" alt class=\"wp-image-38509\"><\/figure>\n<figure class=\"wp-block-image size-large\"><img loading=\"lazy\" decoding=\"async\" width=\"1440\" height=\"1080\" data-id=\"38505\" src=\"https:\/\/orasul-timisoara.ro\/wp-content\/uploads\/2026\/04\/682857268_1512648903564232_4429991377031966486_n.jpg\" alt class=\"wp-image-38505\"><\/figure>\n<figure class=\"wp-block-image size-large\"><img decoding=\"async\" loading=\"lazy\" width=\"1440\" height=\"1080\" data-id=\"38507\" src=\"https:\/\/orasul-timisoara.ro\/wp-content\/uploads\/2026\/04\/683540395_1512648896897566_8588370568630278587_n.jpg\" alt class=\"wp-image-38507\"><\/figure>\n<figure class=\"wp-block-image size-large\"><img decoding=\"async\" loading=\"lazy\" width=\"1440\" height=\"1080\" data-id=\"38506\" src=\"https:\/\/orasul-timisoara.ro\/wp-content\/uploads\/2026\/04\/685901249_1512648886897567_4310169581213741542_n.jpg\" alt class=\"wp-image-38506\"><\/figure>\n<figure class=\"wp-block-image size-large\"><img decoding=\"async\" loading=\"lazy\" width=\"1440\" height=\"1080\" data-id=\"38510\" src=\"https:\/\/orasul-timisoara.ro\/wp-content\/uploads\/2026\/04\/683739020_1512648876897568_6228412736588846350_n.jpg\" alt class=\"wp-image-38510\"><\/figure>\n<figure class=\"wp-block-image size-large\"><img decoding=\"async\" loading=\"lazy\" width=\"1440\" height=\"1080\" data-id=\"38512\" src=\"https:\/\/orasul-timisoara.ro\/wp-content\/uploads\/2026\/04\/683818443_1512648906897565_8519598986809738515_n.jpg\" alt class=\"wp-image-38512\"><\/figure>\n<figure class=\"wp-block-image size-large\"><img decoding=\"async\" loading=\"lazy\" width=\"1080\" height=\"1440\" data-id=\"38511\" src=\"https:\/\/orasul-timisoara.ro\/wp-content\/uploads\/2026\/04\/685595773_1512648873564235_5354124753500362746_n.jpg\" alt class=\"wp-image-38511\"><\/figure>\n<figure class=\"wp-block-image size-large\"><img decoding=\"async\" loading=\"lazy\" width=\"1440\" height=\"1080\" data-id=\"38508\" src=\"https:\/\/orasul-timisoara.ro\/wp-content\/uploads\/2026\/04\/684946572_1512648830230906_7794746828293441135_n.jpg\" alt class=\"wp-image-38508\"><\/figure>\n<\/figure>\n<p>\u00cen prezent, echipele de muncitori intervin zilnic pentru cur\u0103\u021barea \u0219i refacerea zonei. Autorit\u0103\u021bile locale au demarat un amplu proces de reabilitare, care dep\u0103\u0219e\u0219te nivelul unor simple repara\u021bii \u0219i se apropie de o reconstruc\u021bie integral\u0103 a facilit\u0103\u021bii.<\/p>\n<p>Primarul a evitat s\u0103 ofere un termen ferm pentru redeschidere, \u00eens\u0103 a precizat c\u0103 exist\u0103 eforturi sus\u021binute pentru ca \u0219trandul s\u0103 devin\u0103 func\u021bional \u00een sezonul estival. \u201eNu promit, dar lucr\u0103m zilnic \u0219i urm\u0103resc personal evolu\u021bia lucr\u0103rilor\u201d, a transmis acesta.<\/p>\n<p>Redeschiderea \u0219trandului din Lugoj este considerat\u0103 o prioritate pentru administra\u021bia local\u0103, av\u00e2nd \u00een vedere rolul important pe care acest spa\u021biu \u00eel are pentru comunitate, \u00een special pentru copii \u0219i tineri. Autorit\u0103\u021bile sper\u0103 ca, \u00een urma lucr\u0103rilor, zona s\u0103 redevin\u0103 un punct de atrac\u021bie \u00een sezonul de var\u0103.<\/p>\n<\/div>\n<p>[analyse_source url=&#8221;https:\/\/orasul-timisoara.ro\/local-38503\/&#8221;]<\/p>\n","protected":false},"excerpt":{"rendered":"<p>[analyse_image type=&#8221;featured&#8221; src=&#8221;https:\/\/orasul-timisoara.ro\/wp-content\/uploads\/2026\/04\/684946572_1512648830230906_7794746828293441135_n-1.jpg&#8221;] Administra\u021bie local\u0103\u0218trandul din Lugoj, \u00een stare critic\u0103: primarul Dobra promite redeschiderea, dar f\u0103r\u0103&#8230; Administra\u021bie local\u0103 Investitii in Timisoara \u0218tiri Locale \u0218trandul din Lugoj, \u00een stare critic\u0103: primarul Dobra promite redeschiderea, dar f\u0103r\u0103 garan\u021bii (foto) De c\u0103tre redactia &#8211; 29\/04\/2026 Facebook Twitter WhatsApp Linkedin ReddIt Email Imprimare Primarul municipiului Lugoj, C\u0103lin Dobra, a [&hellip;]<\/p>\n","protected":false},"author":1,"featured_media":0,"comment_status":"open","ping_status":"","sticky":false,"template":"","format":"standard","meta":{"footnotes":""},"categories":[89],"tags":[226,189],"class_list":["post-1909513","post","type-post","status-publish","format-standard","hentry","category-romania","tag-crawlmanager","tag-orasul-timisoara-ro"],"_links":{"self":[{"href":"https:\/\/analyse.optim.biz\/index.php?rest_route=\/wp\/v2\/posts\/1909513","targetHints":{"allow":["GET"]}}],"collection":[{"href":"https:\/\/analyse.optim.biz\/index.php?rest_route=\/wp\/v2\/posts"}],"about":[{"href":"https:\/\/analyse.optim.biz\/index.php?rest_route=\/wp\/v2\/types\/post"}],"author":[{"embeddable":true,"href":"https:\/\/analyse.optim.biz\/index.php?rest_route=\/wp\/v2\/users\/1"}],"replies":[{"embeddable":true,"href":"https:\/\/analyse.optim.biz\/index.php?rest_route=%2Fwp%2Fv2%2Fcomments&post=1909513"}],"version-history":[{"count":0,"href":"https:\/\/analyse.optim.biz\/index.php?rest_route=\/wp\/v2\/posts\/1909513\/revisions"}],"wp:attachment":[{"href":"https:\/\/analyse.optim.biz\/index.php?rest_route=%2Fwp%2Fv2%2Fmedia&parent=1909513"}],"wp:term":[{"taxonomy":"category","embeddable":true,"href":"https:\/\/analyse.optim.biz\/index.php?rest_route=%2Fwp%2Fv2%2Fcategories&post=1909513"},{"taxonomy":"post_tag","embeddable":true,"href":"https:\/\/analyse.optim.biz\/index.php?rest_route=%2Fwp%2Fv2%2Ftags&post=1909513"}],"curies":[{"name":"wp","href":"https:\/\/api.w.org\/{rel}","templated":true}]}}