{"id":1909495,"date":"2026-04-28T08:13:25","date_gmt":"2026-04-28T05:13:25","guid":{"rendered":"https:\/\/analyse.optim.biz\/?p=1909495"},"modified":"2026-04-28T08:13:25","modified_gmt":"2026-04-28T05:13:25","slug":"anm-temperaturile-vor-scadea-in-toata-tara-iar-joi-si-vineri-va-fi-deosebit-de-rece-pentru-aceasta-perioada","status":"publish","type":"post","link":"https:\/\/analyse.optim.biz\/?p=1909495","title":{"rendered":"ANM \u2013 Temperaturile vor sc\u0103dea \u00een toat\u0103 \u0163ara, iar joi \u015fi vineri va fi deosebit de rece pentru aceast\u0103 perioad\u0103"},"content":{"rendered":"<p>[analyse_image type=&#8221;featured&#8221; src=&#8221;https:\/\/ziardesuceava.ro\/wp-content\/uploads\/2026\/04\/captura-de-ecran-2026-01-12-124454.webp.webp&#8221;]<\/p>\n<div class=\"post-content clearfix\">\n<div class=\"blog-post-thumb\"><img loading=\"lazy\" decoding=\"async\" width=\"511\" height=\"694\" src=\"https:\/\/ziardesuceava.ro\/wp-content\/uploads\/2026\/04\/captura-de-ecran-2026-01-12-124454.webp-511x694.webp\" class=\"attachment-inhype-blog-thumb size-inhype-blog-thumb wp-post-image\" alt><\/div>\n<div class=\"entry-content\">\n<div>\n<p class=\"first-paragraph\">Meteorologii anun\u0163\u0103 c\u0103, \u00eencep\u00e2nd de miercuri, temperaturile vor sc\u0103dea \u00een toat\u0103 \u0163ara, iar joi \u015fi vineri va fi deosebit de rece pentru aceast\u0103 perioad\u0103 a anului, valorile termice urm\u00e2nd s\u0103 fie cu 8-12 grade mai sc\u0103zute dec\u00e2t cele medii. Vor fi perioade cu ploi, iar la munte \u015fi trec\u0103tor \u015fi \u00een dealurile subcarpatice ale Moldovei \u015fi \u00een estul \u015fi sud-estul Transilvaniei vor fi precipita\u0163ii mixte \u015fi, la altitudini mai mari de 1.400 de metri, ninsori. Totodat\u0103, v\u00e2ntul va avea intensific\u0103ri, \u00een cea mai mare parte a \u0163\u0103rii. \u00cen Bucure\u015fti, cerul va fi noros \u015fi temporar va ploua, iar joi temperatura maxim\u0103 va sc\u0103dea la 8 grade.<\/p>\n<p>Administra\u0163ia Na\u0163ional\u0103 de Meteorologie (ANM) a emis o informare valabil\u0103 de miercuri, de la ora 9.00, p\u00e2n\u0103 s\u00e2mb\u0103t\u0103, la ora 10.00. Astfel, \u00eencep\u00e2nd de miercuri, valorile termice vor fi \u00een sc\u0103dere \u00een toat\u0103 \u0163ara, iar joi \u015fi vineri vremea va fi deosebit de rece pentru aceast\u0103 perioad\u0103 (abateri de 8\u202612 grade fa\u0163\u0103 de mediile multianuale). Pe parcursul nop\u0163ilor, local \u00een jum\u0103tatea de nord a \u0163\u0103rii \u015fi izolat \u00een rest se va produce brum\u0103.<\/p>\n<p>\u00cen intervalul men\u0163ionat, vor fi perioade \u00een care va ploua, mai ales \u00een sudul \u015fi estul \u0163\u0103rii, \u015fi prin acumulare vor fi cantit\u0103\u0163i de ap\u0103 de 10\u202615 l\/mp \u015fi izolat de peste 20 l\/mp.<\/p>\n<p>La munte, dar trec\u0103tor \u015fi \u00een dealurile subcarpatice ale Moldovei \u015fi \u00een estul \u015fi sud-estul Transilvaniei, vor fi precipita\u0163ii mixte (ploaie, lapovi\u0163\u0103, m\u0103z\u0103riche \u015fi ninsoare), iar la altitudini \u00een general de peste 1.400 de metri, treptat vor predomina ninsorile \u015fi se va depune strat de z\u0103pad\u0103 (5\u20268 cm).<\/p>\n<p>Temporar, v\u00e2ntul va avea intensific\u0103ri \u00een cea mai mare parte a \u0163\u0103rii, cu viteze \u00een general de 40\u202645 km\/h, iar \u00een zona montan\u0103 \u00eenalt\u0103 rafalele vor fi de peste 60\u202670 km\/h.<\/p>\n<p>\u00cen zona municipiului Bucure\u015fti, miercuri vremea va deveni rece pentru aceast\u0103 dat\u0103. Cerul va fi mai mult noros \u015fi temporar va ploua. V\u00e2ntul va sufla \u00een general moderat. Temperatura maxim\u0103, \u00een sc\u0103dere fa\u0163\u0103 de ziua anterioar\u0103, va fi de 13\u202614 grade, iar cea minim\u0103 de 5\u20267 grade.<\/p>\n<p>Joi, vremea va continua s\u0103 se r\u0103ceasc\u0103, astfel c\u0103 va fi deosebit de rece pentru aceast\u0103 dat\u0103. Cerul va avea \u00eennor\u0103ri \u015fi temporar va ploua, cu o probabilitate mai mare pe parcursul zilei \u015fi seara. V\u00e2ntul va sufla moderat, cu u\u015foare intensific\u0103ri ziua (rafale de 35\u202645 km\/h). Temperatura maxim\u0103 se va situa \u00een jurul valorii de 8 grade, iar cea minim\u0103 va fi de 3\u20264 grade, mai sc\u0103zut\u0103 \u00een zona preor\u0103\u015feneasc\u0103, spre 1 grad.<\/p>\n<p>Vineri, vremea se va men\u0163ine deosebit de rece pentru aceast\u0103 dat\u0103. Temperatura maxim\u0103 va fi de 12\u202614 grade, iar cea minim\u0103 de 3\u20264 grade, mai sc\u0103zut\u0103 spre 1 grad \u00een zona preor\u0103\u015feneasc\u0103. Cerul va avea \u00eennor\u0103ri temporare \u015fi va ploua, cu o probabilitate mai mare dup\u0103-amiaza. V\u00e2ntul va sufla \u00een general moderat.<\/p>\n<\/div>\n<\/div>\n<div class=\"inhype-social-share-fixed sidebar-position-right\">\n<div class=\"post-social-wrapper\">\n<div class=\"post-social-title\"><span class=\"post-social-title-text\">Share<\/span><\/div>\n<\/div>\n<\/div>\n<\/div>\n<p>[analyse_source url=&#8221;https:\/\/ziardesuceava.ro\/anm-temperaturile-vor-scadea-in-toata-tara-iar-joi-si-vineri-va-fi-deosebit-de-rece-pentru-aceasta-perioada\/&#8221;]<\/p>\n","protected":false},"excerpt":{"rendered":"<p>[analyse_image type=&#8221;featured&#8221; src=&#8221;https:\/\/ziardesuceava.ro\/wp-content\/uploads\/2026\/04\/captura-de-ecran-2026-01-12-124454.webp.webp&#8221;] Meteorologii anun\u0163\u0103 c\u0103, \u00eencep\u00e2nd de miercuri, temperaturile vor sc\u0103dea \u00een toat\u0103 \u0163ara, iar joi \u015fi vineri va fi deosebit de rece pentru aceast\u0103 perioad\u0103 a anului, valorile termice urm\u00e2nd s\u0103 fie cu 8-12 grade mai sc\u0103zute dec\u00e2t cele medii. Vor fi perioade cu ploi, iar la munte \u015fi trec\u0103tor \u015fi \u00een dealurile [&hellip;]<\/p>\n","protected":false},"author":1,"featured_media":0,"comment_status":"open","ping_status":"","sticky":false,"template":"","format":"standard","meta":{"footnotes":""},"categories":[89],"tags":[226,171],"class_list":["post-1909495","post","type-post","status-publish","format-standard","hentry","category-romania","tag-crawlmanager","tag-ziardesuceava-ro"],"_links":{"self":[{"href":"https:\/\/analyse.optim.biz\/index.php?rest_route=\/wp\/v2\/posts\/1909495","targetHints":{"allow":["GET"]}}],"collection":[{"href":"https:\/\/analyse.optim.biz\/index.php?rest_route=\/wp\/v2\/posts"}],"about":[{"href":"https:\/\/analyse.optim.biz\/index.php?rest_route=\/wp\/v2\/types\/post"}],"author":[{"embeddable":true,"href":"https:\/\/analyse.optim.biz\/index.php?rest_route=\/wp\/v2\/users\/1"}],"replies":[{"embeddable":true,"href":"https:\/\/analyse.optim.biz\/index.php?rest_route=%2Fwp%2Fv2%2Fcomments&post=1909495"}],"version-history":[{"count":0,"href":"https:\/\/analyse.optim.biz\/index.php?rest_route=\/wp\/v2\/posts\/1909495\/revisions"}],"wp:attachment":[{"href":"https:\/\/analyse.optim.biz\/index.php?rest_route=%2Fwp%2Fv2%2Fmedia&parent=1909495"}],"wp:term":[{"taxonomy":"category","embeddable":true,"href":"https:\/\/analyse.optim.biz\/index.php?rest_route=%2Fwp%2Fv2%2Fcategories&post=1909495"},{"taxonomy":"post_tag","embeddable":true,"href":"https:\/\/analyse.optim.biz\/index.php?rest_route=%2Fwp%2Fv2%2Ftags&post=1909495"}],"curies":[{"name":"wp","href":"https:\/\/api.w.org\/{rel}","templated":true}]}}