{"id":190935,"date":"2014-12-09T10:31:49","date_gmt":"2014-12-09T07:31:49","guid":{"rendered":"https:\/\/analyse.optim.biz\/?p=190935"},"modified":"2014-12-09T10:31:49","modified_gmt":"2014-12-09T07:31:49","slug":"cele-trei-variante-ale-plr-privind-intrarea-la-guvernare-surse","status":"publish","type":"post","link":"https:\/\/analyse.optim.biz\/?p=190935","title":{"rendered":"Cele trei variante ale PLR privind intrarea la guvernare &#8211; surse"},"content":{"rendered":"<div class=\"entry data-app-meta data-app-meta-article\" data-embed-base-url-canonical=\"https:\/\/www.digi24.ro\/embed\/stiri\/actualitate\/politica\/cele-trei-variante-ale-plr-privind-intrarea-la-guvernare-surse-332457\">\n<p data-index=\"1\">Premierul Victor Ponta le-ar fi promis celor de la PLR dou\u0103 ministere \u00een noul Executiv, dup\u0103 ce UDMR a ie\u0219it de la guvernare.\u00a0C\u0103lin Popescu T\u0103riceanu va merge la aceste discu\u021bii cu mai multe propuneri.<\/p>\n<p data-index=\"2\">Prima variant\u0103 este comasarea ministerelor Economiei, Energiei \u0219i IMM-urilor \u00eentr-unul singur. Acesta ar putea fi conduce de Andrei Gerea.<\/p>\n<p data-index=\"3\">A doua variant\u0103, \u00een cazul necomas\u0103rii celor trei ministere, ar fi c\u0103 PLR o propune pe Gra\u021biela Gavrilescu la Ministerul Economiei sau la Ministerul Transporturilor, iar pe Daniel Barbu la Educa\u021bie sau la Cultur\u0103.<\/p>\n<p data-index=\"4\">A trei variant\u0103 a PLR ar fi propunerea lui Nicu Marcu la Ministerul Finan\u021belor.\u00a0<\/p>\n<p class=\"mceAutoSelect\" data-index=\"5\"><a href=\"https:\/\/www.digi24.ro\/Stiri\/Digi24\/Actualitate\/Politica\/C+P+Tariceanu+Nu+am+negociat+numarul+de+portofolii+nici+care+vor\" target=\"_blank\" data-skip-linkfix=\"1\" rel=\"noopener\"><span><strong>C. P. T\u0103riceanu: Nu am negociat num\u0103rul de portofolii, nici care vor fi acelea<\/strong><\/span><\/a><\/p>\n<\/div>\n<p> Source URL: https:\/\/www.digi24.ro\/stiri\/actualitate\/politica\/cele-trei-variante-ale-plr-privind-intrarea-la-guvernare-surse-332457<\/p>\n","protected":false},"excerpt":{"rendered":"<p>Premierul Victor Ponta le-ar fi promis celor de la PLR dou\u0103 ministere \u00een noul Executiv, dup\u0103 ce UDMR a ie\u0219it de la guvernare.\u00a0C\u0103lin Popescu T\u0103riceanu va merge la aceste discu\u021bii cu mai multe propuneri. Prima variant\u0103 este comasarea ministerelor Economiei, Energiei \u0219i IMM-urilor \u00eentr-unul singur. Acesta ar putea fi conduce de Andrei Gerea. A doua [&hellip;]<\/p>\n","protected":false},"author":1,"featured_media":190936,"comment_status":"open","ping_status":"","sticky":false,"template":"","format":"standard","meta":{"footnotes":""},"categories":[2],"tags":[11],"class_list":["post-190935","post","type-post","status-publish","format-standard","has-post-thumbnail","hentry","category-politics","tag-digi24"],"_links":{"self":[{"href":"https:\/\/analyse.optim.biz\/index.php?rest_route=\/wp\/v2\/posts\/190935","targetHints":{"allow":["GET"]}}],"collection":[{"href":"https:\/\/analyse.optim.biz\/index.php?rest_route=\/wp\/v2\/posts"}],"about":[{"href":"https:\/\/analyse.optim.biz\/index.php?rest_route=\/wp\/v2\/types\/post"}],"author":[{"embeddable":true,"href":"https:\/\/analyse.optim.biz\/index.php?rest_route=\/wp\/v2\/users\/1"}],"replies":[{"embeddable":true,"href":"https:\/\/analyse.optim.biz\/index.php?rest_route=%2Fwp%2Fv2%2Fcomments&post=190935"}],"version-history":[{"count":0,"href":"https:\/\/analyse.optim.biz\/index.php?rest_route=\/wp\/v2\/posts\/190935\/revisions"}],"wp:featuredmedia":[{"embeddable":true,"href":"https:\/\/analyse.optim.biz\/index.php?rest_route=\/wp\/v2\/media\/190936"}],"wp:attachment":[{"href":"https:\/\/analyse.optim.biz\/index.php?rest_route=%2Fwp%2Fv2%2Fmedia&parent=190935"}],"wp:term":[{"taxonomy":"category","embeddable":true,"href":"https:\/\/analyse.optim.biz\/index.php?rest_route=%2Fwp%2Fv2%2Fcategories&post=190935"},{"taxonomy":"post_tag","embeddable":true,"href":"https:\/\/analyse.optim.biz\/index.php?rest_route=%2Fwp%2Fv2%2Ftags&post=190935"}],"curies":[{"name":"wp","href":"https:\/\/api.w.org\/{rel}","templated":true}]}}