{"id":1909174,"date":"2026-04-29T15:48:44","date_gmt":"2026-04-29T12:48:44","guid":{"rendered":"https:\/\/analyse.optim.biz\/?p=1909174"},"modified":"2026-04-29T15:48:44","modified_gmt":"2026-04-29T12:48:44","slug":"roxana-minzatu-dupa-10-ani-de-negocieri-am-reusit-sa-obtinem-mai-multa-siguranta-sociala-pentru-romanii","status":"publish","type":"post","link":"https:\/\/analyse.optim.biz\/?p=1909174","title":{"rendered":"Roxana M\u00eenzatu: Dup\u0103 10 ani de negocieri, am reu\u015fit s\u0103 ob\u021binem mai mult\u0103 siguran\u0163\u0103 social\u0103 pentru rom\u00e2nii&#8230;"},"content":{"rendered":"<p>[analyse_image type=&#8221;featured&#8221; src=&#8221;https:\/\/s.iw.ro\/gateway\/g\/ZmlsZVNvdXJjZT1odHRwJTNBJTJGJTJG\/c3RvcmFnZTA4dHJhbnNjb2Rlci5yY3Mt\/cmRzLnJvJTJGc3RvcmFnZSUyRjIwMjYl\/MkYwNCUyRjI5JTJGMjcwMzQyOF8yNzAz\/NDI4X211bmNpdG9yLWNvbnN0cnVjdGlp\/LWdldHR5aW1hZ2VzLmpwZyZ3PTEyMDAm\/aD02MzAmemM9MSZoYXNoPWI2YjlkMWQ2MDcxNTE5ZjQxZmJkMGM2ZDExYzQzZThk.thumb.jpg&#8221;]<\/p>\n<div class=\"entry data-app-meta data-app-meta-article\" data-embed-base-url-canonical=\"https:\/\/www.digi24.ro\/embed\/stiri\/actualitate\/social\/roxana-minzatu-dupa-10-ani-de-negocieri-am-reusit-sa-obtinem-mai-multa-siguranta-sociala-pentru-romanii-care-muncesc-in-strainatate-3750287\">\n<p data-index=\"1\"><strong>Vicepre\u015fedintele Comisiei Europene Roxana M\u00eenzatu anun\u0163\u0103 c\u0103, dup\u0103 10 ani de negocieri pentru modificarea Regulamentului European 883\/2004, au reu\u015fit s\u0103 schimbe regulile astfel \u00eenc\u00e2t cei care muncesc \u00een str\u0103in\u0103tate s\u0103 aib\u0103 mai mult\u0103 siguran\u0163\u0103 social\u0103. Potrivit Roxanei M\u00eenzatu, principiul este simplu: dac\u0103 munce\u015fti \u015fi pl\u0103te\u015fti contribu\u0163ii \u00eentr-un stat european, de acolo trebuie s\u0103 \u00ee\u0163i prime\u015fti \u015fi drepturile, chiar dac\u0103 alegi s\u0103 te \u00eentorci \u00een Rom\u00e2nia, valabil, desigur, pentru cet\u0103\u0163enii oric\u0103rui stat membru UE.<\/strong><\/p>\n<p data-index=\"2\">\u201eVictorie pentru milioanele de rom\u00e2ni care muncesc \u00een str\u0103in\u0103tate. \u00cen Uniunea European\u0103, mobilitatea pe pia\u0163a muncii este un drept. Iar rom\u00e2nii sunt printre cei mai mobili lucr\u0103tori europeni. Dup\u0103 10 ani de negocieri pentru modificarea Regulamentului European 883\/2004 \u2013 legisla\u0163ia european\u0103 care stabile\u015fte norme comune pentru coordonarea sistemelor de securitate social \u2013 am reu\u015fit s\u0103 schimb\u0103m regulile astfel \u00eenc\u00e2t cei care muncesc \u00een str\u0103in\u0103tate s\u0103 aib\u0103 mai mult\u0103 siguran\u0163\u0103 social\u0103\u201d, anun\u0163\u0103 vicepre\u015fedintele Comisiei Europene<span lang=\"ro-RO\">, potrivit News.ro<\/span>.\u00a0<\/p>\n<p data-index=\"3\">M\u00e2nzatu prezint\u0103 ce se schimb\u0103. \u201e\u015eomaj: indemniza\u0163ia va fi pl\u0103tit\u0103 de statul \u00een care ai muncit \u015fi ai pl\u0103tit contribu\u0163ii, nu de statul \u00een care locuie\u015fti. De asemenea, vei putea primi indemniza\u0163ia de \u015fomaj p\u00e2n\u0103 la 6 luni \u00een timp ce cau\u0163i un loc de munc\u0103 \u00eentr-un alt stat UE.\u00a0 Presta\u0163ii familiale: reguli mai clare pentru p\u0103rin\u0163ii care muncesc sau locuiesc \u00een alt stat UE.\u00a0 \u00cengrijire pe termen lung: reguli mai clare pentru beneficiile acordate persoanelor care au nevoie de sprijin din cauza v\u00e2rstei, bolii sau dizabilit\u0103\u0163ii. Lucr\u0103tori deta\u015fa\u0163i: angajatorii vor trebui, ca regul\u0103 general\u0103, s\u0103 anun\u0163e autorit\u0103\u0163ile \u00eenainte de trimiterea lucr\u0103torilor \u00een alt stat UE.\u00a0 Anti-fraud\u0103: reguli mai ferme pentru verific\u0103ri, schimb de informa\u0163ii \u015fi retragerea documentelor incorecte. Digitalizare: schimb electronic de informa\u0163ii \u00eentre administra\u0163iile na\u0163ionale, pentru mai pu\u0163in\u0103 birocra\u0163ie \u015fi mai mult\u0103 claritate\u201d, arat\u0103 oficialul european.\u00a0<\/p>\n<p data-index=\"4\">Potrivit Roxanei M\u00eenzatu, principiul este simplu: dac\u0103 munce\u015fti \u015fi pl\u0103te\u015fti contribu\u0163ii \u00eentr-un stat european, de acolo trebuie s\u0103 \u00ee\u0163i prime\u015fti \u015fi drepturile, chiar dac\u0103 alegi s\u0103 te \u00eentorci \u00een Rom\u00e2nia, valabil, desigur, pentru cet\u0103\u0163enii oric\u0103rui stat membru UE.\u00a0<\/p>\n<p data-index=\"5\">Ea mai precizeaz\u0103 c\u0103 sectoarele \u00een care lucr\u0103torii vor resim\u0163i cel mai mult aceste imbunat\u0103t\u0103\u0163iri sunt Construc\u0163iile,\u00a0 Transportul rutier, Munca sezonier\u0103: mai ales agricultur\u0103, turism, servicii \u015fi alte activit\u0103\u0163i temporare, lucr\u0103torii deta\u015fa\u0163i \u00een alte \u0163\u0103ri.\u00a0<\/p>\n<p data-index=\"6\">\u201eMai sunt pa\u015fi legislativi de parcurs, iar apoi statele membre vor trebui s\u0103 aplice noile reguli. Cel mai probabil, prevederile cele mai importante cum ar fi nout\u0103\u0163ile pe \u015fomaj vor intra \u00een vigoare \u00eencep\u00e2nd cu anul 2028. Vreau s\u0103 le mul\u0163umesc tuturor actorilor implica\u0163i \u2013 colegii din Comisia European\u0103, Parlamentului European, precum \u015fi Pre\u015fedin\u0163iei Cipriote a Consiliului Uniunii Europene, pentru deschiderea lor \u00een tot acest proces\u201d, subliniaz\u0103 M\u00eenzatu.\u00a0<\/p>\n<p> Editor : <a href=\"https:\/\/www.digi24.ro\/autor\/liviu-cojan\"> Liviu Cojan <\/a><\/p>\n<\/div>\n<p>[analyse_source url=&#8221;https:\/\/www.digi24.ro\/stiri\/actualitate\/social\/roxana-minzatu-dupa-10-ani-de-negocieri-am-reusit-sa-obtinem-mai-multa-siguranta-sociala-pentru-romanii-care-muncesc-in-strainatate-3750287&#8243;]<\/p>\n","protected":false},"excerpt":{"rendered":"<p>[analyse_image type=&#8221;featured&#8221; src=&#8221;https:\/\/s.iw.ro\/gateway\/g\/ZmlsZVNvdXJjZT1odHRwJTNBJTJGJTJG\/c3RvcmFnZTA4dHJhbnNjb2Rlci5yY3Mt\/cmRzLnJvJTJGc3RvcmFnZSUyRjIwMjYl\/MkYwNCUyRjI5JTJGMjcwMzQyOF8yNzAz\/NDI4X211bmNpdG9yLWNvbnN0cnVjdGlp\/LWdldHR5aW1hZ2VzLmpwZyZ3PTEyMDAm\/aD02MzAmemM9MSZoYXNoPWI2YjlkMWQ2MDcxNTE5ZjQxZmJkMGM2ZDExYzQzZThk.thumb.jpg&#8221;] Vicepre\u015fedintele Comisiei Europene Roxana M\u00eenzatu anun\u0163\u0103 c\u0103, dup\u0103 10 ani de negocieri pentru modificarea Regulamentului European 883\/2004, au reu\u015fit s\u0103 schimbe regulile astfel \u00eenc\u00e2t cei care muncesc \u00een str\u0103in\u0103tate s\u0103 aib\u0103 mai mult\u0103 siguran\u0163\u0103 social\u0103. Potrivit Roxanei M\u00eenzatu, principiul este simplu: dac\u0103 munce\u015fti \u015fi pl\u0103te\u015fti contribu\u0163ii \u00eentr-un stat european, de acolo trebuie [&hellip;]<\/p>\n","protected":false},"author":1,"featured_media":0,"comment_status":"open","ping_status":"","sticky":false,"template":"","format":"standard","meta":{"footnotes":""},"categories":[89],"tags":[226,11],"class_list":["post-1909174","post","type-post","status-publish","format-standard","hentry","category-romania","tag-crawlmanager","tag-digi24"],"_links":{"self":[{"href":"https:\/\/analyse.optim.biz\/index.php?rest_route=\/wp\/v2\/posts\/1909174","targetHints":{"allow":["GET"]}}],"collection":[{"href":"https:\/\/analyse.optim.biz\/index.php?rest_route=\/wp\/v2\/posts"}],"about":[{"href":"https:\/\/analyse.optim.biz\/index.php?rest_route=\/wp\/v2\/types\/post"}],"author":[{"embeddable":true,"href":"https:\/\/analyse.optim.biz\/index.php?rest_route=\/wp\/v2\/users\/1"}],"replies":[{"embeddable":true,"href":"https:\/\/analyse.optim.biz\/index.php?rest_route=%2Fwp%2Fv2%2Fcomments&post=1909174"}],"version-history":[{"count":0,"href":"https:\/\/analyse.optim.biz\/index.php?rest_route=\/wp\/v2\/posts\/1909174\/revisions"}],"wp:attachment":[{"href":"https:\/\/analyse.optim.biz\/index.php?rest_route=%2Fwp%2Fv2%2Fmedia&parent=1909174"}],"wp:term":[{"taxonomy":"category","embeddable":true,"href":"https:\/\/analyse.optim.biz\/index.php?rest_route=%2Fwp%2Fv2%2Fcategories&post=1909174"},{"taxonomy":"post_tag","embeddable":true,"href":"https:\/\/analyse.optim.biz\/index.php?rest_route=%2Fwp%2Fv2%2Ftags&post=1909174"}],"curies":[{"name":"wp","href":"https:\/\/api.w.org\/{rel}","templated":true}]}}