{"id":1909167,"date":"2026-04-29T15:27:27","date_gmt":"2026-04-29T12:27:27","guid":{"rendered":"https:\/\/analyse.optim.biz\/?p=1909167"},"modified":"2026-04-29T15:27:27","modified_gmt":"2026-04-29T12:27:27","slug":"guvernul-discuta-azi-legea-privind-cumulul-pensie-salariu-la-stat-cei-care-raman-angajati-pierd-85-din","status":"publish","type":"post","link":"https:\/\/analyse.optim.biz\/?p=1909167","title":{"rendered":"Guvernul discut\u0103 azi legea privind cumulul pensie-salariu la stat. Cei care r\u0103m\u00e2n angaja\u021bi pierd 85% din&#8230;"},"content":{"rendered":"<p>[analyse_image type=&#8221;featured&#8221; src=&#8221;https:\/\/s.iw.ro\/gateway\/g\/ZmlsZVNvdXJjZT1odHRwJTNBJTJGJTJG\/c3RvcmFnZTA4dHJhbnNjb2Rlci5yY3Mt\/cmRzLnJvJTJGc3RvcmFnZSUyRjIwMjUl\/MkYwOSUyRjA5JTJGMjM0NzU4NF8yMzQ3\/NTg0X0NhdC1wbGF0ZXN0aS1sdW5hci1k\/YWNhLXZyZWktc2EtY3VtcGVyaS12ZWNo\/aW1lLXBlbnRydS1wZW5zaWUtaW4tMjAy\/NV8tRm90by1HZXR0eS1JbWFnZXMuanBn\/Jnc9MTIwMCZoPTYzMCZ6Yz0xJmhhc2g9\/MDkwZDI0MWVmZTQ2ODViMDIxYzM0ZGE3MGYwZDFhOGQ=.thumb.jpg&#8221;]<\/p>\n<div class=\"entry data-app-meta data-app-meta-article\" data-embed-base-url-canonical=\"https:\/\/www.digi24.ro\/embed\/stiri\/economie\/guvernul-discuta-azi-legea-privind-cumulul-pensie-salariu-la-stat-cei-care-raman-angajati-pierd-85-din-pensie-3750231\">\n<p data-index=\"1\"><strong>Guvernul condus de Ilie Bolojan discut\u0103, \u00een \u0219edin\u021ba de miercuri, programat\u0103 pentru 18:30, proiectul de lege care vizeaz\u0103 limitarea cumulului pensiei cu salariul \u00een sectorul public, potrivit unor surse guvernamentale citate de Digi24. Proiectul, care a\u0219teapt\u0103 de mai multe luni aprobarea Executivului, ar urma s\u0103 afecteze aproximativ 10.000 de bugetari.<\/strong><\/p>\n<p data-index=\"2\">Actul normativ prevede c\u0103 persoanele care \u00eencaseaz\u0103 at\u00e2t pensie, c\u00e2t \u0219i salariu de la stat vor fi obligate s\u0103 aleag\u0103: fie renun\u021b\u0103 la locul de munc\u0103, fie r\u0103m\u00e2n \u00een sistem \u0219i pierd cea mai mare parte din pensie.<\/p>\n<p data-index=\"3\">Potrivit informa\u021biilor Digi24, cei care vor s\u0103 continue s\u0103 lucreze \u00een sectorul public \u0219i beneficiaz\u0103 de pensii speciale sau pensii militare vor fi nevoi\u021bi s\u0103 renun\u021be la 85% din pensie, urm\u00e2nd s\u0103 p\u0103streze salariul \u0219i doar 15% din pensie.<\/p>\n<p data-index=\"4\">Prevederea este inclus\u0103 \u0219i \u00een proiectul de lege, care stabile\u0219te c\u0103 beneficiarii de pensii de serviciu \u201epot fi men\u021binu\u021bi \u00een activitate (&#8230;) cu condi\u021bia exprim\u0103rii op\u021biunii (&#8230;) privind reducerea cuantumului pensiei cu 85%\u201d.<\/p>\n<p data-index=\"5\">Documentul justific\u0103 m\u0103sura prin necesitatea evit\u0103rii situa\u021biilor \u00een care aceea\u0219i persoan\u0103 \u00eencaseaz\u0103 simultan dou\u0103 venituri integrale din fonduri publice, pensie \u0219i salariu.<\/p>\n<h2 id=\"highlight-3750231-1\">Limit\u0103 de v\u00e2rst\u0103 \u0219i excep\u021bii<\/h2>\n<p data-index=\"6\">Proiectul prevede c\u0103 angaja\u021bii din sectorul public pot continua activitatea p\u00e2n\u0103 la 70 de ani, cu acordul anual al angajatorului. \u00cen acela\u0219i timp, cumulul pensiei cu salariul este restric\u021bionat.<\/p>\n<p data-index=\"7\">Exist\u0103 mai multe excep\u021bii: ale\u0219ii locali, persoanele cu mandate prev\u0103zute de Constitu\u021bie \u0219i cadrele didactice implicate \u00een formarea magistra\u021bilor sau \u00een \u00eenv\u0103\u021b\u0103m\u00e2ntul militar \u0219i juridic superior nu sunt vizate de aceste restric\u021bii.<\/p>\n<p data-index=\"8\">M\u0103sura se va aplica inclusiv \u00een Educa\u021bie, unde cumulul pensiei cu salariul mai r\u0103m\u00e2ne permis doar p\u00e2n\u0103 la finalul anului 2026. De asemenea, anumite categorii din sistemul militar \u0219i de ordine public\u0103 vor putea p\u0103stra pensia integral\u0103.<\/p>\n<h2 id=\"highlight-3750231-2\">Aviz \u00eemp\u0103r\u021bit \u0219i critici privind constitu\u021bionalitatea<\/h2>\n<p data-index=\"9\">Consiliul Economic \u0219i Social a analizat proiectul \u00een \u0219edin\u021ba de miercuri \u0219i a dat un aviz pe p\u0103r\u021bi, \u00eenso\u021bit de mai multe observa\u021bii \u0219i critici.<\/p>\n<p data-index=\"10\">Reprezentan\u021bii patronatelor au votat pentru avizare favorabil\u0103, dar au cerut modificarea prevederilor privind cumulul pensiei cu salariul. Ace\u0219tia au semnalat existen\u021ba unor necorel\u0103ri majore \u0219i a unor posibile probleme de constitu\u021bionalitate \u0219i propor\u021bionalitate.<\/p>\n<p data-index=\"11\">Potrivit punctului de vedere transmis, legea creeaz\u0103 un \u201eparadox\u201d: pe de o parte permite men\u021binerea \u00een activitate p\u00e2n\u0103 la 70 de ani, ceea ce poate bloca ocuparea unor posturi \u00een sistemul public, iar pe de alt\u0103 parte impune beneficiarilor de pensii de serviciu o reducere sever\u0103 a pensiei pentru a putea continua activitatea.<\/p>\n<p data-index=\"12\">Patronatele mai atrag aten\u021bia c\u0103 m\u0103sura afecteaz\u0103 simultan dreptul la munc\u0103 \u0219i dreptul la pensie, iar reducerea cu 85% este considerat\u0103 excesiv\u0103. De asemenea, este semnalat\u0103 o posibil\u0103 discriminare \u00eentre diferite categorii de pensionari, \u00een func\u021bie de tipul pensiei.<\/p>\n<p data-index=\"13\">\u00cen plus, sunt invocate probleme de claritate legislativ\u0103 \u0219i riscuri privind func\u021bionarea institu\u021biilor publice, \u00een condi\u021biile \u00een care m\u0103sura ar putea duce la plecarea unor angaja\u021bi cu experien\u021b\u0103.<\/p>\n<p data-index=\"14\">Sindicatele \u0219i organiza\u021biile societ\u0103\u021bii civile au dat aviz nefavorabil, invoc\u00e2nd riscul de neconstitu\u021bionalitate \u0219i lipsa unei analize de impact. Acestea au avertizat c\u0103 m\u0103sura ar putea determina plecarea unor speciali\u0219ti din sistemul bugetar \u0219i ar putea afecta func\u021bionarea unor institu\u021bii esen\u021biale.<\/p>\n<p data-index=\"15\">Vezi documentele <a href=\"https:\/\/s.iw.ro\/gateway\/g\/ZmlsZVNvdXJjZT1odHRwJTNBJTJGJTJG\/c3RvcmFnZTA4dHJhbnNjb2Rlci5yY3Mt\/cmRzLnJvJTJGc3RvcmFnZSUyRjIwMjYl\/MkYwNCUyRjI5JTJGMjcwMzQwNF8yNzAz\/NDA0X1BEVi1DRVMtTEVHRS1jdW11bC0y\/OV8wNF8yMDI2X3NpZ25lZC5wZGYmaGFz\/aD1lYjZkMzUyMWYzZDUwMDY4MTkwN2ZiOTNjNzE3Y2E0NQ==.pdf\" target=\"_blank\" rel=\"noopener\" data-skip-linkfix=\"1\" data-file=\"storage\">aici<\/a> \u0219i <a href=\"https:\/\/s.iw.ro\/gateway\/g\/ZmlsZVNvdXJjZT1odHRwJTNBJTJGJTJG\/c3RvcmFnZTA4dHJhbnNjb2Rlci5yY3Mt\/cmRzLnJvJTJGc3RvcmFnZSUyRjIwMjYl\/MkYwNCUyRjI5JTJGMjcwMzQwM18yNzAz\/NDAzX0VNLUxlZ2UtY3VtdWwtMTktMDMu\/cGRmJmhhc2g9ODc3MTZmZmJjZGI2NWViYWRjMzI2OWJhMTg2ZTUyYjM=.pdf\" target=\"_blank\" rel=\"noopener\" data-skip-linkfix=\"1\" data-file=\"storage\">aici<\/a>.\u00a0<\/p>\n<p> Editor : <a href=\"https:\/\/www.digi24.ro\/autor\/andreea-dobra\"> A.D. <\/a><\/p>\n<\/div>\n<p>[analyse_source url=&#8221;https:\/\/www.digi24.ro\/stiri\/economie\/guvernul-discuta-azi-legea-privind-cumulul-pensie-salariu-la-stat-cei-care-raman-angajati-pierd-85-din-pensie-3750231&#8243;]<\/p>\n","protected":false},"excerpt":{"rendered":"<p>[analyse_image type=&#8221;featured&#8221; src=&#8221;https:\/\/s.iw.ro\/gateway\/g\/ZmlsZVNvdXJjZT1odHRwJTNBJTJGJTJG\/c3RvcmFnZTA4dHJhbnNjb2Rlci5yY3Mt\/cmRzLnJvJTJGc3RvcmFnZSUyRjIwMjUl\/MkYwOSUyRjA5JTJGMjM0NzU4NF8yMzQ3\/NTg0X0NhdC1wbGF0ZXN0aS1sdW5hci1k\/YWNhLXZyZWktc2EtY3VtcGVyaS12ZWNo\/aW1lLXBlbnRydS1wZW5zaWUtaW4tMjAy\/NV8tRm90by1HZXR0eS1JbWFnZXMuanBn\/Jnc9MTIwMCZoPTYzMCZ6Yz0xJmhhc2g9\/MDkwZDI0MWVmZTQ2ODViMDIxYzM0ZGE3MGYwZDFhOGQ=.thumb.jpg&#8221;] Guvernul condus de Ilie Bolojan discut\u0103, \u00een \u0219edin\u021ba de miercuri, programat\u0103 pentru 18:30, proiectul de lege care vizeaz\u0103 limitarea cumulului pensiei cu salariul \u00een sectorul public, potrivit unor surse guvernamentale citate de Digi24. Proiectul, care a\u0219teapt\u0103 de mai multe luni aprobarea Executivului, ar urma s\u0103 afecteze aproximativ 10.000 de bugetari. Actul normativ [&hellip;]<\/p>\n","protected":false},"author":1,"featured_media":0,"comment_status":"open","ping_status":"","sticky":false,"template":"","format":"standard","meta":{"footnotes":""},"categories":[89],"tags":[226,11],"class_list":["post-1909167","post","type-post","status-publish","format-standard","hentry","category-romania","tag-crawlmanager","tag-digi24"],"_links":{"self":[{"href":"https:\/\/analyse.optim.biz\/index.php?rest_route=\/wp\/v2\/posts\/1909167","targetHints":{"allow":["GET"]}}],"collection":[{"href":"https:\/\/analyse.optim.biz\/index.php?rest_route=\/wp\/v2\/posts"}],"about":[{"href":"https:\/\/analyse.optim.biz\/index.php?rest_route=\/wp\/v2\/types\/post"}],"author":[{"embeddable":true,"href":"https:\/\/analyse.optim.biz\/index.php?rest_route=\/wp\/v2\/users\/1"}],"replies":[{"embeddable":true,"href":"https:\/\/analyse.optim.biz\/index.php?rest_route=%2Fwp%2Fv2%2Fcomments&post=1909167"}],"version-history":[{"count":0,"href":"https:\/\/analyse.optim.biz\/index.php?rest_route=\/wp\/v2\/posts\/1909167\/revisions"}],"wp:attachment":[{"href":"https:\/\/analyse.optim.biz\/index.php?rest_route=%2Fwp%2Fv2%2Fmedia&parent=1909167"}],"wp:term":[{"taxonomy":"category","embeddable":true,"href":"https:\/\/analyse.optim.biz\/index.php?rest_route=%2Fwp%2Fv2%2Fcategories&post=1909167"},{"taxonomy":"post_tag","embeddable":true,"href":"https:\/\/analyse.optim.biz\/index.php?rest_route=%2Fwp%2Fv2%2Ftags&post=1909167"}],"curies":[{"name":"wp","href":"https:\/\/api.w.org\/{rel}","templated":true}]}}