{"id":1909163,"date":"2026-04-29T15:24:14","date_gmt":"2026-04-29T12:24:14","guid":{"rendered":"https:\/\/analyse.optim.biz\/?p=1909163"},"modified":"2026-04-29T15:24:14","modified_gmt":"2026-04-29T12:24:14","slug":"propunere-controversata-fara-autobuze-si-tramvaie-in-bucuresti-ideea-unei-avocate-aur-a-starnit","status":"publish","type":"post","link":"https:\/\/analyse.optim.biz\/?p=1909163","title":{"rendered":"Propunere controversat\u0103: f\u0103r\u0103 autobuze \u0219i tramvaie \u00een Bucure\u0219ti. Ideea unei avocate AUR a st\u00e2rnit&#8230;"},"content":{"rendered":"<p>[analyse_image type=&#8221;featured&#8221; src=&#8221;https:\/\/s.iw.ro\/gateway\/g\/ZmlsZVNvdXJjZT1odHRwJTNBJTJGJTJG\/c3RvcmFnZTA4dHJhbnNjb2Rlci5yY3Mt\/cmRzLnJvJTJGc3RvcmFnZSUyRjIwMjYl\/MkYwMyUyRjA1JTJGMjYyNTYzMl8yNjI1\/NjMyX2F1dG9idXotcGUtbG5pYS1kZS10\/cmFtdmFpLmpwZyZ3PTEyMDAmaD02MzAm\/emM9MSZoYXNoPWJlOTg5M2FjNTJlN2Q5OTI0ODE1MmE1NmVlODYyZTA0.thumb.jpg&#8221;]<\/p>\n<div class=\"entry data-app-meta data-app-meta-article\" data-embed-base-url-canonical=\"https:\/\/www.digi24.ro\/embed\/stiri\/economie\/transporturi\/propunere-controversata-fara-autobuze-si-tramvaie-in-bucuresti-ideea-unei-avocate-aur-a-starnit-dezbateri-aprinse-in-mediul-online-3750225\">\n<p data-start=\"132\" data-end=\"493\" data-index=\"1\"><strong>O propunere lansat\u0103 pe re\u021belele sociale de o avocat\u0103 AUR, care cere eliminarea benzilor dedicate transportului public \u0219i <a href=\"https:\/\/www.digi24.ro\/stiri\/economie\/transporturi\/troleibuze-cu-alcooltest-in-capitala-vehiculul-porneste-doar-daca-soferul-trece-testul-pe-ce-linii-au-fost-deja-introduse-3721995\" target=\"_blank\" rel=\"noopener\" data-skip-linkfix=\"1\">renun\u021barea la autobuze \u0219i tramvaie,<\/a> a st\u00e2rnit reac\u021bii aprinse \u00een r\u00e2ndul bucure\u0219tenilor. \u00cen timp ce unii \u0219oferi sus\u021bin ideea, majoritatea celor care depind de transportul de suprafa\u021b\u0103 o consider\u0103 imposibil de aplicat.<\/strong><\/p>\n<p data-index=\"2\">\u201eElimina\u021bi benzile speciale pentru autobuze \u00een Bucure\u0219ti!\u201d. A\u0219a sun\u0103 propunerea avocatei AUR, Silvia Uscov, care a ini\u021biat o \u00eentreag\u0103 dezbatere pe pagina sa de Facebook.\u00a0<\/p>\n<p class=\"gdpr-placeholder gdpr-social-media gdpr-iframe-fix\" data-index=\"4\"> Setarile tale privind cookie-urile nu permit afisarea continutul din aceasta sectiune. Poti actualiza setarile modulelor coookie direct din browser sau de <a class=\"ot-sdk-show-settings\" data-skip-linkfix=\"1\">aici<\/a> \u2013 e nevoie sa accepti cookie-urile social media<\/p>\n<p data-index=\"5\">\u00cen comentariile la postare, avocata a detaliat ideea \u0219i a sus\u021binut c\u0103 ora\u0219ul ar trebui s\u0103 urmeze modelul unor state din lumea arab\u0103, nu pe cel al \u021b\u0103rilor din Uniunea European\u0103. \u00centrebat\u0103 de ce nu ar fi mai util\u0103 suplimentarea autobuzelor \u00een orele de v\u00e2rf, aceasta a calificat ideea drept \u201eo concep\u021bie comunist\u0103\u201d.<\/p>\n<p data-index=\"6\">\u00cen realitate, o mare parte dintre bucure\u0219teni depind de transportul public de suprafa\u021b\u0103 pentru deplas\u0103rile zilnice. Potrivit celor mai recente date, Societatea de Transport Bucure\u0219ti (STB) a \u00eenregistrat peste un miliard de c\u0103l\u0103torii \u00eentr-un singur an.<\/p>\n<p data-index=\"7\">Mul\u021bi dintre locuitorii Capitalei consider\u0103 propunerea nerealist\u0103. Un \u0219ofer a declarat pentru Digi24 c\u0103 <span>\u201e<\/span>ideea nu \u021bine cont de modul \u00een care func\u021bioneaz\u0103 marile ora\u0219e<span>\u201d<\/span>: \u00een cazul unor avarii la metrou, transportul de suprafa\u021b\u0103 este cel care preia fluxul de c\u0103l\u0103tori.<\/p>\n<p data-index=\"8\"><strong>Cite\u0219te \u0219i:<\/strong><\/p>\n<p data-index=\"9\"><a href=\"https:\/\/www.digi24.ro\/stiri\/primaria-capitalei-anunta-suprainaltarea-trecerilor-de-pietoni-din-zonele-unde-soferii-circula-cu-viteza-3725243\" target=\"_blank\" rel=\"noopener\" data-skip-linkfix=\"1\"><strong>Prim\u0103ria Capitalei anun\u021b\u0103 supra\u00eenal\u021barea trecerilor de pietoni din zonele unde \u0219oferii circul\u0103 cu vitez\u0103<\/strong><\/a><\/p>\n<p data-index=\"10\">Al\u021bi utilizatori spun c\u0103 metroul nu ar putea prelua singur num\u0103rul mare de pasageri, iar eliminarea autobuzelor \u0219i tramvaielor ar crea un haos \u0219i mai mare. O femeie spune c\u0103 depinde zilnic de transportul de suprafa\u021b\u0103 \u0219i c\u0103 dispari\u021bia acestuia i-ar afecta direct mobilitatea.<\/p>\n<p data-index=\"11\">\u00cen Bucure\u0219ti exist\u0103 numeroase tipuri de mijloace de transport care circul\u0103 la suprafa\u021b\u0103 &#8211; autobuze, tramvaie \u0219i troleibuze. Pe anumite segmente de drum, acestea beneficiaz\u0103 de benzi dedicate, menite s\u0103 reduc\u0103 timpii de deplasare \u0219i s\u0103 \u00eencurajeze utilizarea transportului public.<\/p>\n<p data-index=\"12\">Exist\u0103 \u00eens\u0103 \u0219i voci care sus\u021bin ini\u021biativa. Un \u0219ofer care lucreaz\u0103 \u00een ride-sharing spune c\u0103 restric\u021biile de trafic \u0219i benzile dedicate au \u00eengreunat circula\u021bia \u0219i i-au afectat activitatea. Iar un t\u00e2n\u0103r consider\u0103 c\u0103 extinderea transportului subteran ar putea cre\u0219te eficien\u021ba deplas\u0103rilor \u00eentr-un ora\u0219 tot mai aglomerat.<\/p>\n<p> Editor : <a href=\"https:\/\/www.digi24.ro\/autor\/claudia-ariton\"> C.A. <\/a><\/p>\n<\/div>\n<p>[analyse_source url=&#8221;https:\/\/www.digi24.ro\/stiri\/economie\/transporturi\/propunere-controversata-fara-autobuze-si-tramvaie-in-bucuresti-ideea-unei-avocate-aur-a-starnit-dezbateri-aprinse-in-mediul-online-3750225&#8243;]<\/p>\n","protected":false},"excerpt":{"rendered":"<p>[analyse_image type=&#8221;featured&#8221; src=&#8221;https:\/\/s.iw.ro\/gateway\/g\/ZmlsZVNvdXJjZT1odHRwJTNBJTJGJTJG\/c3RvcmFnZTA4dHJhbnNjb2Rlci5yY3Mt\/cmRzLnJvJTJGc3RvcmFnZSUyRjIwMjYl\/MkYwMyUyRjA1JTJGMjYyNTYzMl8yNjI1\/NjMyX2F1dG9idXotcGUtbG5pYS1kZS10\/cmFtdmFpLmpwZyZ3PTEyMDAmaD02MzAm\/emM9MSZoYXNoPWJlOTg5M2FjNTJlN2Q5OTI0ODE1MmE1NmVlODYyZTA0.thumb.jpg&#8221;] O propunere lansat\u0103 pe re\u021belele sociale de o avocat\u0103 AUR, care cere eliminarea benzilor dedicate transportului public \u0219i renun\u021barea la autobuze \u0219i tramvaie, a st\u00e2rnit reac\u021bii aprinse \u00een r\u00e2ndul bucure\u0219tenilor. \u00cen timp ce unii \u0219oferi sus\u021bin ideea, majoritatea celor care depind de transportul de suprafa\u021b\u0103 o consider\u0103 imposibil de aplicat. \u201eElimina\u021bi benzile [&hellip;]<\/p>\n","protected":false},"author":1,"featured_media":0,"comment_status":"open","ping_status":"","sticky":false,"template":"","format":"standard","meta":{"footnotes":""},"categories":[89],"tags":[226,11],"class_list":["post-1909163","post","type-post","status-publish","format-standard","hentry","category-romania","tag-crawlmanager","tag-digi24"],"_links":{"self":[{"href":"https:\/\/analyse.optim.biz\/index.php?rest_route=\/wp\/v2\/posts\/1909163","targetHints":{"allow":["GET"]}}],"collection":[{"href":"https:\/\/analyse.optim.biz\/index.php?rest_route=\/wp\/v2\/posts"}],"about":[{"href":"https:\/\/analyse.optim.biz\/index.php?rest_route=\/wp\/v2\/types\/post"}],"author":[{"embeddable":true,"href":"https:\/\/analyse.optim.biz\/index.php?rest_route=\/wp\/v2\/users\/1"}],"replies":[{"embeddable":true,"href":"https:\/\/analyse.optim.biz\/index.php?rest_route=%2Fwp%2Fv2%2Fcomments&post=1909163"}],"version-history":[{"count":0,"href":"https:\/\/analyse.optim.biz\/index.php?rest_route=\/wp\/v2\/posts\/1909163\/revisions"}],"wp:attachment":[{"href":"https:\/\/analyse.optim.biz\/index.php?rest_route=%2Fwp%2Fv2%2Fmedia&parent=1909163"}],"wp:term":[{"taxonomy":"category","embeddable":true,"href":"https:\/\/analyse.optim.biz\/index.php?rest_route=%2Fwp%2Fv2%2Fcategories&post=1909163"},{"taxonomy":"post_tag","embeddable":true,"href":"https:\/\/analyse.optim.biz\/index.php?rest_route=%2Fwp%2Fv2%2Ftags&post=1909163"}],"curies":[{"name":"wp","href":"https:\/\/api.w.org\/{rel}","templated":true}]}}