{"id":1909158,"date":"2026-04-29T15:18:39","date_gmt":"2026-04-29T12:18:39","guid":{"rendered":"https:\/\/analyse.optim.biz\/?p=1909158"},"modified":"2026-04-29T15:18:39","modified_gmt":"2026-04-29T12:18:39","slug":"zile-complicate-pentru-alianta-reprezentant-al-nato-europa-trebuie-sa-fie-capabila-sa-aiba-o-singura","status":"publish","type":"post","link":"https:\/\/analyse.optim.biz\/?p=1909158","title":{"rendered":"\u201eZile complicate pentru Alian\u0163\u0103\u201d. Reprezentant al NATO: Europa trebuie s\u0103 fie \u201ecapabil\u0103 s\u0103 aib\u0103 o singur\u0103&#8230;"},"content":{"rendered":"<p>[analyse_image type=&#8221;featured&#8221; src=&#8221;https:\/\/s.iw.ro\/gateway\/g\/ZmlsZVNvdXJjZT1odHRwJTNBJTJGJTJG\/c3RvcmFnZTA4dHJhbnNjb2Rlci5yY3Mt\/cmRzLnJvJTJGc3RvcmFnZSUyRjIwMjYl\/MkYwNCUyRjAxJTJGMjY2MDU1MV8yNjYw\/NTUxX2RyYXBlbC1uYXRvLWdldHR5aW1h\/Z2VzLmpwZyZ3PTEyMDAmaD02MzAmemM9\/MSZoYXNoPTgyZTdmNmI4MmY2YzNkNDRmNTNlZWQ3YjhjM2FmOWYz.thumb.jpg&#8221;]<\/p>\n<div class=\"entry data-app-meta data-app-meta-article\" data-embed-base-url-canonical=\"https:\/\/www.digi24.ro\/embed\/stiri\/externe\/zile-complicate-pentru-alianta-reprezentant-al-nato-europa-trebuie-sa-fie-capabila-sa-aiba-o-singura-voce-3750235\">\n<p data-index=\"1\"><strong>Reprezentantul special al NATO pentru vecin\u0103tatea sudic\u0103, spaniolul Javier Colomina, a pledat miercuri pentru o Alian\u0163\u0103 \u201ediferit\u0103, cu un pilon european mai puternic, dar \u00eentotdeauna \u00een interiorul unei leg\u0103turi transatlantice\u201d, relateaz\u0103 agen\u0163ia EFE.<\/strong><\/p>\n<p data-index=\"2\"><span>\u201eEste incontestabil c\u0103 provoc\u0103rile pe care ni le-a creat administra\u0163ia (pre\u015fedintelui american Donald) Trump de la venirea sa au fost diferite de cele pe care le-am cunoscut p\u00e2n\u0103 acum, mai ales modul \u015fi stilul de urgen\u0163\u0103 \u00een care au fost formulate\u201d, a remarcat oficialul NATO, vorbind la Forumul La Toja de la Lisabona.<\/span><\/p>\n<p data-index=\"3\"><span>Referindu-se la realitatea actual\u0103 a NATO, Javier Colomina a men\u0163ionat c\u0103 \u201ef\u0103r\u0103 \u00eendoial\u0103 acestea sunt zile complicate pentru Alian\u0163\u0103 din mai multe motive \u015fi nu toate au leg\u0103tur\u0103 cu comportamentul pre\u015fedintelui american\u201d.<\/span><\/p>\n<p data-index=\"4\"><span>C\u00e2t despre viitorul NATO, el consider\u0103 c\u0103 Europa trebuie s\u0103 fie \u201ecapabil\u0103 s\u0103 aib\u0103 o singur\u0103 voce \u015fi o voce mai puternic\u0103, \u00eentruc\u00e2t cea pe care o are (\u00een prezent) este divizat\u0103\u201d.<\/span><\/p>\n<p data-index=\"5\"><span>Dar o astfel de schimbare nu trebuie s\u0103 fie \u201eo alternativ\u0103 la ceea ce exist\u0103 acum\u201d, a nuan\u0163at reprezentantul NATO. \u201e\u00cen opinia mea, calea este aceea a unei NATO diferite, cu un pilon european mai puternic, dar tot \u00een interiorul unei leg\u0103turi transatlantice\u201d, a apreciat el.<\/span><\/p>\n<p data-index=\"6\"><span>Men\u0163inerea acestei leg\u0103turi, a explicat Javier Colomina, este necesar\u0103 cel pu\u0163in \u00een virtutea faptului c\u0103 SUA \u201ereprezint\u0103 \u00een continuare mai mult de jum\u0103tate din bugetul de investi\u0163ii \u00een ap\u0103rare al NATO\u201d, \u00een ciuda eforturilor depuse de europeni \u015fi canadieni de a-\u015fi cre\u015fte cheltuielile de \u00eenarmare.<\/span><\/p>\n<p data-index=\"7\"><strong>Cite\u0219te \u0219i:<\/strong><\/p>\n<p data-index=\"8\"><a href=\"https:\/\/www.digi24.ro\/stiri\/externe\/mapamond\/un-amiral-nato-cere-adaptarea-rapida-a-aliantei-la-noile-tehnologii-istoria-nu-asteapta-organizatiile-indecise-3748169\" target=\"_blank\" rel=\"noopener\" data-skip-linkfix=\"1\"><strong>Un amiral NATO cere adaptarea rapid\u0103 a Alian\u021bei la noile tehnologii: \u201eIstoria nu a\u015fteapt\u0103 organiza\u0163iile indecise\u201d<\/strong><\/a><\/p>\n<p data-index=\"9\"><a href=\"https:\/\/www.digi24.ro\/stiri\/externe\/nato-ia-in-considerare-renuntarea-la-summiturile-anuale-pe-fondul-tensiunilor-cu-donald-trump-este-mai-bine-3748469\" target=\"_blank\" rel=\"noopener\" data-skip-linkfix=\"1\"><strong>NATO ia \u00een considerare renun\u021barea la summiturile anuale pe fondul tensiunilor cu Donald Trump: \u201eEste mai bine\u201d<\/strong><\/a><\/p>\n<p> Editor : <a href=\"https:\/\/www.digi24.ro\/autor\/ana-gherghita\"> A.M.G. <\/a><\/p>\n<\/div>\n<p>[analyse_source url=&#8221;https:\/\/www.digi24.ro\/stiri\/externe\/zile-complicate-pentru-alianta-reprezentant-al-nato-europa-trebuie-sa-fie-capabila-sa-aiba-o-singura-voce-3750235&#8243;]<\/p>\n","protected":false},"excerpt":{"rendered":"<p>[analyse_image type=&#8221;featured&#8221; src=&#8221;https:\/\/s.iw.ro\/gateway\/g\/ZmlsZVNvdXJjZT1odHRwJTNBJTJGJTJG\/c3RvcmFnZTA4dHJhbnNjb2Rlci5yY3Mt\/cmRzLnJvJTJGc3RvcmFnZSUyRjIwMjYl\/MkYwNCUyRjAxJTJGMjY2MDU1MV8yNjYw\/NTUxX2RyYXBlbC1uYXRvLWdldHR5aW1h\/Z2VzLmpwZyZ3PTEyMDAmaD02MzAmemM9\/MSZoYXNoPTgyZTdmNmI4MmY2YzNkNDRmNTNlZWQ3YjhjM2FmOWYz.thumb.jpg&#8221;] Reprezentantul special al NATO pentru vecin\u0103tatea sudic\u0103, spaniolul Javier Colomina, a pledat miercuri pentru o Alian\u0163\u0103 \u201ediferit\u0103, cu un pilon european mai puternic, dar \u00eentotdeauna \u00een interiorul unei leg\u0103turi transatlantice\u201d, relateaz\u0103 agen\u0163ia EFE. \u201eEste incontestabil c\u0103 provoc\u0103rile pe care ni le-a creat administra\u0163ia (pre\u015fedintelui american Donald) Trump de la venirea sa au [&hellip;]<\/p>\n","protected":false},"author":1,"featured_media":0,"comment_status":"open","ping_status":"","sticky":false,"template":"","format":"standard","meta":{"footnotes":""},"categories":[89],"tags":[226,11],"class_list":["post-1909158","post","type-post","status-publish","format-standard","hentry","category-romania","tag-crawlmanager","tag-digi24"],"_links":{"self":[{"href":"https:\/\/analyse.optim.biz\/index.php?rest_route=\/wp\/v2\/posts\/1909158","targetHints":{"allow":["GET"]}}],"collection":[{"href":"https:\/\/analyse.optim.biz\/index.php?rest_route=\/wp\/v2\/posts"}],"about":[{"href":"https:\/\/analyse.optim.biz\/index.php?rest_route=\/wp\/v2\/types\/post"}],"author":[{"embeddable":true,"href":"https:\/\/analyse.optim.biz\/index.php?rest_route=\/wp\/v2\/users\/1"}],"replies":[{"embeddable":true,"href":"https:\/\/analyse.optim.biz\/index.php?rest_route=%2Fwp%2Fv2%2Fcomments&post=1909158"}],"version-history":[{"count":0,"href":"https:\/\/analyse.optim.biz\/index.php?rest_route=\/wp\/v2\/posts\/1909158\/revisions"}],"wp:attachment":[{"href":"https:\/\/analyse.optim.biz\/index.php?rest_route=%2Fwp%2Fv2%2Fmedia&parent=1909158"}],"wp:term":[{"taxonomy":"category","embeddable":true,"href":"https:\/\/analyse.optim.biz\/index.php?rest_route=%2Fwp%2Fv2%2Fcategories&post=1909158"},{"taxonomy":"post_tag","embeddable":true,"href":"https:\/\/analyse.optim.biz\/index.php?rest_route=%2Fwp%2Fv2%2Ftags&post=1909158"}],"curies":[{"name":"wp","href":"https:\/\/api.w.org\/{rel}","templated":true}]}}