{"id":1909139,"date":"2026-04-29T14:46:27","date_gmt":"2026-04-29T11:46:27","guid":{"rendered":"https:\/\/analyse.optim.biz\/?p=1909139"},"modified":"2026-04-29T14:46:27","modified_gmt":"2026-04-29T11:46:27","slug":"william-si-catherine-au-publicat-o-noua-fotografie-cu-ocazia-aniversarii-a-15-ani-de-casatorie","status":"publish","type":"post","link":"https:\/\/analyse.optim.biz\/?p=1909139","title":{"rendered":"William \u0219i Catherine au publicat o nou\u0103 fotografie cu ocazia anivers\u0103rii a 15 ani de c\u0103s\u0103torie"},"content":{"rendered":"<p>[analyse_image type=&#8221;featured&#8221; src=&#8221;https:\/\/s.iw.ro\/gateway\/g\/ZmlsZVNvdXJjZT1odHRwJTNBJTJGJTJG\/c3RvcmFnZTA4dHJhbnNjb2Rlci5yY3Mt\/cmRzLnJvJTJGc3RvcmFnZSUyRjIwMjYl\/MkYwNCUyRjI5JTJGMjcwMzM5MF8yNzAz\/MzkwX3BvemEtd2lsbGlhbS1rYXRlLWZh\/bWlsaWEtcmVnYWxhLWJyaXRhbmljYS5q\/cGcmdz0xMjAwJmg9NjMwJnpjPTEmaGFz\/aD1lMzNhNDNjMWQ1OTAxN2JiNmRjMjRlZTU1NjQ1N2RkMQ==.thumb.jpg&#8221;]<\/p>\n<div class=\"entry data-app-meta data-app-meta-article\" data-embed-base-url-canonical=\"https:\/\/www.digi24.ro\/embed\/stiri\/externe\/ue\/william-si-catherine-au-publicat-o-noua-fotografie-cu-ocazia-aniversarii-a-15-ani-de-casatorie-3750161\">\n<p data-index=\"1\"><strong><a href=\"https:\/\/www.digi24.ro\/stiri\/externe\/sa-stiti-ca-nu-sunteti-singuri-kate-printesa-de-wales-a-transmis-un-mesaj-emotionant-pentru-bolnavii-de-cancer-si-familiile-lor-3616485\" target=\"_blank\" rel=\"noopener\" data-skip-linkfix=\"1\">Prin\u021bul \u0219i Prin\u021besa de Wales<\/a> au publicat un nou portret de familie cu ocazia \u00eemplinirii a 15 ani de c\u0103s\u0103torie. \u00cen fotografie, William \u0219i Catherine apar \u00eentin\u0219i pe iarb\u0103, z\u00e2mbind, al\u0103turi de copiii &#8211; prin\u021bul George, prin\u021besa Charlotte \u0219i prin\u021bul Louis &#8211; \u0219i de c\u00e2inele lor, \u00een timpul vacan\u021bei de Pa\u0219te. Fotografia a fost realizat\u0103 \u00een Cornwall de fotograful Matt Porteous, anun\u021b\u0103 <a href=\"https:\/\/www.bbc.com\/news\/articles\/cqxpj51vlxwo\" target=\"_blank\" rel=\"noopener\" data-skip-linkfix=\"1\">BBC<\/a>.<\/strong><\/p>\n<p data-index=\"2\">Imaginea a fost publicat\u0103 pe re\u021belele de socializare, \u00eenso\u021bit\u0103 de un emoji \u00een form\u0103 de inim\u0103 \u0219i de legenda: \u201eS\u0103rb\u0103torim 15 ani de c\u0103s\u0103torie\u201d.<\/p>\n<p data-index=\"3\">Cuplul regal s-a c\u0103s\u0103torit la Aba\u021bia Westminster din Londra \u00een 2011, \u00eentr-o ceremonie televizat\u0103 care a atras un public estimat la miliarde de oameni din \u00eentreaga lume.<\/p>\n<p data-index=\"4\">Prin\u021bul \u0219i prin\u021besa, care s-au cunoscut la Universitatea din St Andrews, \u0219i-au petrecut primii trei ani de c\u0103snicie \u00een Anglesey, unde prin\u021bul William a urmat cursuri de pilotaj de elicopter pentru a deveni pilot de c\u0103utare \u0219i salvare \u00een cadrul For\u021belor Aeriene Regale (RAF).<\/p>\n<p data-index=\"5\">\u201eMi-a pl\u0103cut foarte mult perioada petrecut\u0103 aici. A fost foarte distractiv\u2026 \u00cemi lipse\u0219te. \u00cemi lipse\u0219te meseria, \u00eemi lipse\u0219te camaraderia\u201d, le-a spus prin\u021bul William cursan\u021bilor de la baz\u0103, mar\u021bi.<\/p>\n<p data-index=\"6\">\u201eTimpul petrecut aici va trece repede, asta e problema. Ve\u021bi privi \u00eenapoi cu amintiri pl\u0103cute\u201d, a spus el.<\/p>\n<p data-index=\"7\">Primul lor copil, prin\u021bul George, s-a n\u0103scut \u00een 2013. Prin\u021besa Charlotte s-a n\u0103scut doi ani mai t\u00e2rziu, urmat\u0103 de prin\u021bul Louis, \u00een 2018.<\/p>\n<p data-index=\"8\"><strong>Cite\u0219te \u0219i:<\/strong><\/p>\n<p data-index=\"9\"><a href=\"https:\/\/www.digi24.ro\/stiri\/externe\/ue\/familia-regala-britanica-a-asistat-la-slujba-de-paste-de-la-castelul-windsor-primele-sarbatori-fara-fostul-print-andrew-3711559\" target=\"_blank\" rel=\"noopener\" data-skip-linkfix=\"1\"><strong>Familia regal\u0103 britanic\u0103 a asistat la slujba de Pa\u015fte de la Castelul Windsor. Primele s\u0103rb\u0103tori f\u0103r\u0103 fostul prin\u021b Andrew<\/strong><\/a><\/p>\n<p> Editor : <a href=\"https:\/\/www.digi24.ro\/autor\/claudia-ariton\"> C.A. <\/a><\/p>\n<\/div>\n<p>[analyse_source url=&#8221;https:\/\/www.digi24.ro\/stiri\/externe\/ue\/william-si-catherine-au-publicat-o-noua-fotografie-cu-ocazia-aniversarii-a-15-ani-de-casatorie-3750161&#8243;]<\/p>\n","protected":false},"excerpt":{"rendered":"<p>[analyse_image type=&#8221;featured&#8221; src=&#8221;https:\/\/s.iw.ro\/gateway\/g\/ZmlsZVNvdXJjZT1odHRwJTNBJTJGJTJG\/c3RvcmFnZTA4dHJhbnNjb2Rlci5yY3Mt\/cmRzLnJvJTJGc3RvcmFnZSUyRjIwMjYl\/MkYwNCUyRjI5JTJGMjcwMzM5MF8yNzAz\/MzkwX3BvemEtd2lsbGlhbS1rYXRlLWZh\/bWlsaWEtcmVnYWxhLWJyaXRhbmljYS5q\/cGcmdz0xMjAwJmg9NjMwJnpjPTEmaGFz\/aD1lMzNhNDNjMWQ1OTAxN2JiNmRjMjRlZTU1NjQ1N2RkMQ==.thumb.jpg&#8221;] Prin\u021bul \u0219i Prin\u021besa de Wales au publicat un nou portret de familie cu ocazia \u00eemplinirii a 15 ani de c\u0103s\u0103torie. \u00cen fotografie, William \u0219i Catherine apar \u00eentin\u0219i pe iarb\u0103, z\u00e2mbind, al\u0103turi de copiii &#8211; prin\u021bul George, prin\u021besa Charlotte \u0219i prin\u021bul Louis &#8211; \u0219i de c\u00e2inele lor, \u00een timpul vacan\u021bei de Pa\u0219te. Fotografia [&hellip;]<\/p>\n","protected":false},"author":1,"featured_media":0,"comment_status":"open","ping_status":"","sticky":false,"template":"","format":"standard","meta":{"footnotes":""},"categories":[89],"tags":[226,11],"class_list":["post-1909139","post","type-post","status-publish","format-standard","hentry","category-romania","tag-crawlmanager","tag-digi24"],"_links":{"self":[{"href":"https:\/\/analyse.optim.biz\/index.php?rest_route=\/wp\/v2\/posts\/1909139","targetHints":{"allow":["GET"]}}],"collection":[{"href":"https:\/\/analyse.optim.biz\/index.php?rest_route=\/wp\/v2\/posts"}],"about":[{"href":"https:\/\/analyse.optim.biz\/index.php?rest_route=\/wp\/v2\/types\/post"}],"author":[{"embeddable":true,"href":"https:\/\/analyse.optim.biz\/index.php?rest_route=\/wp\/v2\/users\/1"}],"replies":[{"embeddable":true,"href":"https:\/\/analyse.optim.biz\/index.php?rest_route=%2Fwp%2Fv2%2Fcomments&post=1909139"}],"version-history":[{"count":0,"href":"https:\/\/analyse.optim.biz\/index.php?rest_route=\/wp\/v2\/posts\/1909139\/revisions"}],"wp:attachment":[{"href":"https:\/\/analyse.optim.biz\/index.php?rest_route=%2Fwp%2Fv2%2Fmedia&parent=1909139"}],"wp:term":[{"taxonomy":"category","embeddable":true,"href":"https:\/\/analyse.optim.biz\/index.php?rest_route=%2Fwp%2Fv2%2Fcategories&post=1909139"},{"taxonomy":"post_tag","embeddable":true,"href":"https:\/\/analyse.optim.biz\/index.php?rest_route=%2Fwp%2Fv2%2Ftags&post=1909139"}],"curies":[{"name":"wp","href":"https:\/\/api.w.org\/{rel}","templated":true}]}}