{"id":1909138,"date":"2026-04-29T14:36:25","date_gmt":"2026-04-29T11:36:25","guid":{"rendered":"https:\/\/analyse.optim.biz\/?p=1909138"},"modified":"2026-04-29T14:36:25","modified_gmt":"2026-04-29T11:36:25","slug":"daniel-buda-europarlamentar-pnl-sorin-grindeanu-sa-demisioneze-de-la-sefia-camerei-romania-are-o","status":"publish","type":"post","link":"https:\/\/analyse.optim.biz\/?p=1909138","title":{"rendered":"Daniel Buda, europarlamentar PNL: Sorin Grindeanu s\u0103 demisioneze de la \u0219efia Camerei. Rom\u00e2nia are o&#8230;"},"content":{"rendered":"<p>[analyse_image type=&#8221;featured&#8221; src=&#8221;https:\/\/s.iw.ro\/gateway\/g\/ZmlsZVNvdXJjZT1odHRwJTNBJTJGJTJG\/c3RvcmFnZTA4dHJhbnNjb2Rlci5yY3Mt\/cmRzLnJvJTJGc3RvcmFnZSUyRjIwMjUl\/MkYxMiUyRjE3JTJGMjUwMDg2NF8yNTAw\/ODY0X2RhbmllbC1idWRhLmpwZyZ3PTEy\/MDAmaD02MzAmemM9MSZoYXNoPWYwNjVh\/Y2NjOGQ0NjA4Nzk0MDg0Y2MyOWI3MGNhNTA4.thumb.jpg&#8221;]<\/p>\n<div class=\"entry data-app-meta data-app-meta-article\" data-embed-base-url-canonical=\"https:\/\/www.digi24.ro\/embed\/stiri\/actualitate\/politica\/daniel-buda-europarlamentar-pnl-sorin-grindeanu-sa-demisioneze-de-la-sefia-camerei-romania-are-o-problema-din-cauza-lui-3750153\">\n<p data-index=\"1\"><strong>Europarlamentarul PNL Daniel Buda a declarat, pentru Digi24.ro, c\u0103 situa\u021bia din Rom\u00e2nia este privit\u0103 cu \u00eengrijorare la nivel european, inclusiv \u00een grupul sociali\u0219tilor, iar Sorin Grindeanu \u0219i-a pierdut credibilitatea. Liberalul sus\u021bine c\u0103 pre\u0219edintele PSD ar trebui s\u0103 demisioneze de la \u0219efia Camerei Deputa\u021bilor, func\u021bie care i-a revenit \u00een urma negocierilor din Coali\u021bie.<\/strong><\/p>\n<h2 id=\"highlight-3750153-1\">\u201e\u00cen grupul sociali\u0219tilor exist\u0103 o frustrare\u201d<\/h2>\n<p data-index=\"2\">\u201eToate grupurile politice sunt foarte \u00eengrijorate de ce se \u00eent\u00e2mpl\u0103 \u00een Rom\u00e2nia. \u0218i \u00een grupul sociali\u0219tilor exist\u0103 o frustrare \u0219i o preocupare, deoarece domnul Grindeanu, atunci c\u00e2nd a fost la Bruxelles, \u00een fa\u021ba sociali\u0219tilor europeni, \u0219i-a asumat responsabilitatea de a nu face niciun fel de \u00een\u021belegere politic\u0103 cu cei de la AUR, un partid catalogat extremist \u0219i pro-rus.<\/p>\n<p data-index=\"3\">Iat\u0103 c\u0103 domnul Grindeanu a \u00eenfr\u00e2nt a\u0219tept\u0103rile sociali\u0219tilor, a f\u0103cut alian\u021b\u0103 cu AUR, \u00eencerc\u00e2nd s\u0103 d\u0103r\u00e2me guvernarea proeuropean\u0103. Asta creeaz\u0103 probleme din perspectiva seriozit\u0103\u021bii unui parteneriat pe care s\u0103 \u00eel aib\u0103 liderii din Rom\u00e2nia cu liderii europeni, \u00een ceea ce \u00eenseamn\u0103 parcursul european al Rom\u00e2niei\u201d, a declarat europarlamentarul PNL, Daniel Buda, la Parlamentul European.<\/p>\n<p data-index=\"4\">Cite\u0219te \u0219i: <a href=\"https:\/\/www.digi24.ro\/stiri\/actualitate\/politica\/cine-sunt-auristii-din-psd-gheorghe-piperea-o-aripa-care-nu-a-vrut-userizarea-manda-olguta-cam-pe-aceeasi-linie-3749789\" data-skip-linkfix=\"1\">Cine sunt \u201eauri\u0219tii\u201d din PSD? Gheorghe Piperea: O arip\u0103 care nu a vrut userizarea. Manda, Olgu\u021ba, cam pe aceea\u0219i linie<\/a><\/p>\n<p data-index=\"5\">Liberalul a transmis c\u0103 PNL nu va putea s\u0103 \u00ee\u0219i asume o nou\u0103 alian\u021b\u0103 cu \u201eun PSD condus de Sorin Grindeanu\u201d, l\u0103s\u00e2nd de \u00een\u021beles c\u0103, dac\u0103 social-democra\u021bii \u00ee\u0219i vor schimba conducerea, lucrurile ar putea sta diferit:<\/p>\n<p data-index=\"6\">\u201eV\u0103 da\u021bi seama c\u0103 PNL nu poate s\u0103 \u00ee\u0219i asume mai departe un parteneriat cu un PSD condus de Grindeanu, care spune una \u0219i face alta. Dac\u0103 aceast\u0103 mo\u021biune de cenzur\u0103 va trece, noi am spus foarte clar c\u0103 nu facem alian\u021b\u0103 cu PSD mai departe. Cei care vor d\u0103r\u00e2ma guvernul trebuie s\u0103 \u00ee\u0219i asume responsabilitatea de a forma un nou guvern, adic\u0103 o guvernare PSD-AUR. (\u2026)<\/p>\n<p data-index=\"7\">Grindeanu \u0219i-a pierdut orice urm\u0103 de credibilitate. O s\u0103 vedem. S\u0103 plece domnul Grindeanu \u0219i vom vedea ce se va \u00eent\u00e2mpla\u201d.<\/p>\n<h2 id=\"highlight-3750153-2\">\u201eGrindeanu ar trebui s\u0103 plece\u201d<\/h2>\n<p data-index=\"8\">\u201eAt\u00e2ta vreme c\u00e2t Sorin Grindeanu este pre\u0219edintele Camerei Deputa\u021bilor \u0219i a provocat aceast\u0103 criz\u0103, ar trebui s\u0103 plece. Rom\u00e2nia are o problem\u0103 din cauza lui Sorin Grindeanu, pentru c\u0103 nu este orice persoan\u0103. Este pre\u0219edintele celui mai mare partid din Rom\u00e2nia. \u00cen momentul \u00een care un astfel de pre\u0219edinte spune una \u0219i face altceva, Rom\u00e2nia are o problem\u0103 \u00een raporturile pe care le avem la nivel european\u201d, a mai declarat Daniel Buda.<\/p>\n<h2 id=\"highlight-3750153-3\">\u201eRisc\u0103m o bulgarizare a Rom\u00e2niei\u201d<\/h2>\n<p data-index=\"9\">\u00centrebat dac\u0103 ar trebui s\u0103 plece \u0219i Mircea Abrudean de la conducerea Senatului, a\u0219a cum cere liderul PSD, europarlamentarul a mai precizat:<\/p>\n<p data-index=\"10\">\u201eDe ce s\u0103 plece domnul Abrudean? Grindeanu a aruncat aceast\u0103 \u021bar\u0103 \u00een aer.<\/p>\n<p data-index=\"11\">Risc\u0103m o bulgarizare a Rom\u00e2niei. \u00cei transmit un mesaj domnului Grindeanu de aici: s\u0103 se uite la Bulgaria, unde sociali\u0219tii bulgari nu au mai intrat \u00een Parlament; s\u0103 se uite \u00een Ungaria, unde sociali\u0219tii ungari nu au mai intrat \u00een Parlament.\u201d<\/p>\n<p data-index=\"12\">Cite\u0219te \u0219i: <a href=\"https:\/\/www.digi24.ro\/stiri\/actualitate\/politica\/piperea-spune-ca-au-existat-niste-strambari-din-nas-in-aur-fata-de-intelegerea-cu-psd-e-partidul-care-l-a-creat-pe-bolojan-3750031\" data-skip-linkfix=\"1\">Piperea spune c\u0103 au existat \u201eni\u0219te str\u00e2mb\u0103ri din nas\u201d \u00een AUR fa\u021b\u0103 de \u00een\u021belegerea cu PSD: \u201eE partidul care l-a creat pe Bolojan\u201d<\/a><\/p>\n<\/div>\n<p>[analyse_source url=&#8221;https:\/\/www.digi24.ro\/stiri\/actualitate\/politica\/daniel-buda-europarlamentar-pnl-sorin-grindeanu-sa-demisioneze-de-la-sefia-camerei-romania-are-o-problema-din-cauza-lui-3750153&#8243;]<\/p>\n","protected":false},"excerpt":{"rendered":"<p>[analyse_image type=&#8221;featured&#8221; src=&#8221;https:\/\/s.iw.ro\/gateway\/g\/ZmlsZVNvdXJjZT1odHRwJTNBJTJGJTJG\/c3RvcmFnZTA4dHJhbnNjb2Rlci5yY3Mt\/cmRzLnJvJTJGc3RvcmFnZSUyRjIwMjUl\/MkYxMiUyRjE3JTJGMjUwMDg2NF8yNTAw\/ODY0X2RhbmllbC1idWRhLmpwZyZ3PTEy\/MDAmaD02MzAmemM9MSZoYXNoPWYwNjVh\/Y2NjOGQ0NjA4Nzk0MDg0Y2MyOWI3MGNhNTA4.thumb.jpg&#8221;] Europarlamentarul PNL Daniel Buda a declarat, pentru Digi24.ro, c\u0103 situa\u021bia din Rom\u00e2nia este privit\u0103 cu \u00eengrijorare la nivel european, inclusiv \u00een grupul sociali\u0219tilor, iar Sorin Grindeanu \u0219i-a pierdut credibilitatea. Liberalul sus\u021bine c\u0103 pre\u0219edintele PSD ar trebui s\u0103 demisioneze de la \u0219efia Camerei Deputa\u021bilor, func\u021bie care i-a revenit \u00een urma negocierilor din Coali\u021bie. [&hellip;]<\/p>\n","protected":false},"author":1,"featured_media":0,"comment_status":"open","ping_status":"","sticky":false,"template":"","format":"standard","meta":{"footnotes":""},"categories":[89],"tags":[226,11],"class_list":["post-1909138","post","type-post","status-publish","format-standard","hentry","category-romania","tag-crawlmanager","tag-digi24"],"_links":{"self":[{"href":"https:\/\/analyse.optim.biz\/index.php?rest_route=\/wp\/v2\/posts\/1909138","targetHints":{"allow":["GET"]}}],"collection":[{"href":"https:\/\/analyse.optim.biz\/index.php?rest_route=\/wp\/v2\/posts"}],"about":[{"href":"https:\/\/analyse.optim.biz\/index.php?rest_route=\/wp\/v2\/types\/post"}],"author":[{"embeddable":true,"href":"https:\/\/analyse.optim.biz\/index.php?rest_route=\/wp\/v2\/users\/1"}],"replies":[{"embeddable":true,"href":"https:\/\/analyse.optim.biz\/index.php?rest_route=%2Fwp%2Fv2%2Fcomments&post=1909138"}],"version-history":[{"count":0,"href":"https:\/\/analyse.optim.biz\/index.php?rest_route=\/wp\/v2\/posts\/1909138\/revisions"}],"wp:attachment":[{"href":"https:\/\/analyse.optim.biz\/index.php?rest_route=%2Fwp%2Fv2%2Fmedia&parent=1909138"}],"wp:term":[{"taxonomy":"category","embeddable":true,"href":"https:\/\/analyse.optim.biz\/index.php?rest_route=%2Fwp%2Fv2%2Fcategories&post=1909138"},{"taxonomy":"post_tag","embeddable":true,"href":"https:\/\/analyse.optim.biz\/index.php?rest_route=%2Fwp%2Fv2%2Ftags&post=1909138"}],"curies":[{"name":"wp","href":"https:\/\/api.w.org\/{rel}","templated":true}]}}