{"id":1909136,"date":"2026-04-29T13:53:12","date_gmt":"2026-04-29T10:53:12","guid":{"rendered":"https:\/\/analyse.optim.biz\/?p=1909136"},"modified":"2026-04-29T13:53:12","modified_gmt":"2026-04-29T10:53:12","slug":"atac-cu-cutitul-in-cartierul-evreiesc-golders-green-din-londra-doi-raniti-un-suspect-a-fost-arestat","status":"publish","type":"post","link":"https:\/\/analyse.optim.biz\/?p=1909136","title":{"rendered":"Atac cu cu\u021bitul \u00een cartierul evreiesc Golders Green din Londra: doi r\u0103ni\u021bi. Un suspect a fost arestat&#8230;"},"content":{"rendered":"<p>[analyse_image type=&#8221;featured&#8221; src=&#8221;https:\/\/s.iw.ro\/gateway\/g\/ZmlsZVNvdXJjZT1odHRwJTNBJTJGJTJG\/c3RvcmFnZTA4dHJhbnNjb2Rlci5yY3Mt\/cmRzLnJvJTJGc3RvcmFnZSUyRjIwMjQl\/MkYxMiUyRjI1JTJGMjE1NzIwNl8yMTU3\/MjA2X2xvbmRyYS1wb2xpdGllLmpwZyZ3\/PTEyMDAmaD02MzAmemM9MSZoYXNoPWY4\/NjgxYThiMDcyMzgzZmFhZjA1YTRhYTE0N2IzZTYw.thumb.jpg&#8221;]<\/p>\n<div class=\"entry data-app-meta data-app-meta-article\" data-embed-base-url-canonical=\"https:\/\/www.digi24.ro\/embed\/stiri\/externe\/ue\/atac-cu-cutitul-in-cartierul-evreiesc-golders-green-din-londra-doi-raniti-un-suspect-a-fost-arestat-3750099\">\n<p class=\"first-paragraph\" data-index=\"1\"><strong>Dou\u0103 persoane au fost r\u0103nite miercuri, \u00eentr-un atac cu cu\u0163itul \u00een cartierul londonez Golders Green, \u00een care locuie\u015fte o important\u0103 popula\u0163ie evreiasc\u0103, iar un suspect a fost arestat, anun\u0163\u0103 dou\u0103 organiza\u0163ii evreie\u015fti britanice, un incident denun\u0163at drept \u201dfoarte \u00eengrijor\u0103tor\u201d de c\u0103tre premierul britanic Keir Starmer, relateaz\u0103 <a href=\"https:\/\/www.politico.eu\/article\/two-jewish-men-stabbed-uk-north-london\/\" target=\"_blank\" rel=\"noopener\" data-skip-linkfix=\"1\">Politico<\/a>.<\/strong><\/p>\n<p data-index=\"2\"><strong>Aten\u021bie! Imagini \u0219i detalii care v\u0103 pot afecta emo\u021bional!<\/strong><\/p>\n<p data-index=\"3\">\u00a0<\/p>\n<h2 id=\"highlight-3750099-1\">Poli\u0163ia britanic\u0103 trateaz\u0103 atacul drept <span>\u201e<\/span>act terorist\u201d<\/h2>\n<p data-index=\"4\"><strong>ACTUALIZARE 19.24 <\/strong>Poli\u0163ia londonez\u0103 a anun\u0163at miercuri c\u0103 trateaz\u0103 ca <span>\u201e<\/span>act terorist\u201d atacul cu cu\u0163itul comis la Londra contra a doi b\u0103rba\u0163i evrei, care \u00een prezent sunt spitaliza\u0163i, transmit agen\u0163iile Reuters, France Presse \u015fi Xinhua.<\/p>\n<p><span>\u201e<\/span>Acest eveniment a fost declarat oficial drept un act terorist\u201d, a afirmat Laurence Taylor, comisar adjunct \u00een cadrul poli\u0163iei londoneze.<\/p>\n<p>\u00centr-o conferin\u0163\u0103 de pres\u0103, \u015feful poli\u0163iei din Londra, comisarul Mark Rowley, a afirmat c\u0103 suspectul, \u00een v\u00e2rst\u0103 de 45 de ani, are <span>\u201e<\/span>antecedente de violen\u0163\u0103 grav\u0103 \u015fi probleme psihiatrice\u201d.<\/p>\n<p>Rowley a ad\u0103ugat c\u0103 este vorba despre un <span>\u201e<\/span>act \u00eengrozitor de violen\u0163\u0103\u201d \u00eendreptat \u00eempotriva comunit\u0103\u0163ii evreie\u015fti din capitala britanic\u0103.<\/p>\n<p>Dou\u0103 persoane au fost r\u0103nite miercuri \u00eentr-un atac cu cu\u0163itul \u00een cartierul londonez Golders Green, unde tr\u0103ie\u015fte o numeroas\u0103 popula\u0163ie evreiasc\u0103, iar suspectul a fost arestat.<\/p>\n<p>Potrivit poli\u0163iei, doi b\u0103rba\u0163i au fost \u00eenjunghia\u0163i \u015fi au fost transporta\u0163i la spital \u00een stare stabil\u0103. Suspectul, un b\u0103rbat \u00een v\u00e2rst\u0103 de 45 de ani, a fost arestat \u015fi a \u00eencercat de asemenea s\u0103 atace poli\u0163i\u015ftii. \u00cenc\u0103 nu este clar\u0103 motiva\u0163ia atacului, dar acesta pare a avea caracterul unui atac antisemit \u015fi a avut loc \u00een apropierea unei sinagogi. Nu a fost \u00eenc\u0103 precizat\u0103 na\u0163ionalitatea suspectului.<\/p>\n<p>Premierul britanic Keir Starmer a reac\u0163ionat afirm\u00e2nd c\u0103 este vorba despre fapte <span>\u201e<\/span>foarte \u00eengrijor\u0103toare\u201d. <span>\u201e<\/span>Trebuie s\u0103 ne afirm\u0103m to\u0163i \u00een mod clar hot\u0103r\u00e2rea de a lupta \u00eempotriva acestui tip de atacuri, din care am v\u0103zut prea multe exemple \u00een ultima vreme\u201d, a ad\u0103ugat premierul laburist, dup\u0103 o serie de incendii \u015fi tentative de incendiere care au vizat \u00een ultimele s\u0103pt\u0103m\u00e2ni locuri care au leg\u0103tur\u0103 cu comunitatea evreiasc\u0103 din nord-vestul Londrei.<\/p>\n<p>Israelul a reac\u0163ionat, cer\u00e2nd guvernului britanic s\u0103 ia m\u0103suri urgente pentru a proteja comunitatea evreiasc\u0103.<\/p>\n<p><span>\u201e<\/span>Guvernul britanic nu mai poate pretinde c\u0103 situa\u0163ia este sub control\u201d, a declarat Ministerul de Externe israelian pe platforma X, cer\u00e2nd <span>\u201e<\/span>m\u0103suri decisive \u015fi urgente\u201d, \u00een contextul \u00een care comunitatea evreiasc\u0103 din Londra a fost \u0163inta mai multor incidente armate \u00een ultimele s\u0103pt\u0103m\u00e2ni.<\/p>\n<p class=\"western\" data-index=\"5\"><strong><span>\u0218tirea ini\u021bial\u0103<\/span><\/strong><\/p>\n<p class=\"western\" data-index=\"6\"><span>\u201e<\/span>A avut loc un atac cu cu\u0163itul azi (miercuri), la Golders Green. Suspectul a fost arestat\u201d, a anun\u0163at pe X organiz\u0163aia evreiasc\u0103 Community Security Trust (CST).<\/p>\n<p data-index=\"7\"><span>\u201e<\/span>Dou\u0103 victime au fost \u00eenjunghiate \u015fi sunt preluate de c\u0103tre Hatzola\u201d un serviciu evreiesc de urgen\u0163\u0103 voluntar la Golders Green, a anun\u0163at grupul de supravegherea cartierului, Shomrim North West London.<\/p>\n<p class=\"gdpr-placeholder gdpr-social-media \" data-index=\"8\"> Setarile tale privind cookie-urile nu permit afisarea continutul din aceasta sectiune. Poti actualiza setarile modulelor coookie direct din browser sau de <a class=\"ot-sdk-show-settings\" data-skip-linkfix=\"1\">aici<\/a> \u2013 e nevoie sa accepti cookie-urile social media<\/p>\n<p data-index=\"9\">B\u0103rbatul arestat era <span>\u201e<\/span>\u00eenarmat cu un cu\u0163it \u015fi \u00eencerca s\u0103 \u00eenjunghie evrei\u201d pe Golders Green road, potrivit grupului.<\/p>\n<p data-index=\"10\">Suspectul a fost imobilizat la fa\u0163a locului de c\u0103tre membri ai Shomrim, iar poli\u0163i\u015fti l-au <span>\u201e<\/span>neutralizat\u201d cu un taser \u015fi l-au arestat, precizeaz\u0103 aceea\u015fi surs\u0103.<\/p>\n<p data-index=\"11\">Premierul britanic Keir Starmer, care participa la interpel\u0103ri \u00een Parlament, \u015fi-a exprimat <span>\u201e<\/span>\u00eengrijorarea\u201d \u015fia anun\u0163at c\u0103 o <span>\u201e<\/span>anchet\u0103 a poli\u0163iei este \u00een curs\u201d.<\/p>\n<p data-index=\"12\"><span>\u201e<\/span>Trebuie s\u0103 ne exprim\u0103m to\u0163i \u00een mod clar hot\u0103r\u00e2rea de a lupta \u00eempotriva acestui tip de atac. Am v\u0103zut prea multe exemple \u00een ultima vreme\u201d, a declaart liderul laburist, dup\u0103 o serie de incendieri \u015fi tentative de incendieri care au vizat, \u00een ultimele s\u0103pt\u0103m\u00e2ni, locuri cu leg\u0103turi cu comunitatea evreiasc\u0103 \u00een nord-vestul Londrei.<\/p>\n<p class=\"gdpr-placeholder gdpr-social-media \" data-index=\"13\"> Setarile tale privind cookie-urile nu permit afisarea continutul din aceasta sectiune. Poti actualiza setarile modulelor coookie direct din browser sau de <a class=\"ot-sdk-show-settings\" data-skip-linkfix=\"1\">aici<\/a> \u2013 e nevoie sa accepti cookie-urile social media<\/p>\n<p data-index=\"14\">Primarul laburist al Londrei Sadiq Khan a condamnat, la r\u00e2ndul s\u0103u, <span>\u201e<\/span>un atac \u00eenrgozitor \u00eempotriva a doi evrei londonezi\u201d.<\/p>\n<p data-index=\"15\">Aceast\u0103 agresiune este ultima dintr-o serie de atacuri recente viz\u00e2nd comunitatea evreaisc\u0103 londonez\u0103.<\/p>\n<p data-index=\"16\">Primul atac a avut loc la sf\u00e2r\u015fitul lui martie \u00eempotriva unor ambulan\u0163e ale\u00a0Hatzola, urmat de alte atacuri viz\u00e2nd o sinagog\u0103, \u00een cartierul\u00a0Harrow, \u015fi sediul unei organiza\u0163ii de caritate evreie\u015fti.<\/p>\n<p class=\"gdpr-placeholder gdpr-social-media \" data-index=\"17\"> Setarile tale privind cookie-urile nu permit afisarea continutul din aceasta sectiune. Poti actualiza setarile modulelor coookie direct din browser sau de <a class=\"ot-sdk-show-settings\" data-skip-linkfix=\"1\">aici<\/a> \u2013 e nevoie sa accepti cookie-urile social media<\/p>\n<p data-index=\"18\">Aceste atacuri nu s-au soldat cu victime, \u00eens\u0103 \u00eengrijoreaz\u0103 comunitatea evreiasc\u0103.<\/p>\n<p data-index=\"19\">Poli\u0163ia a arestat 25 de persoane \u00een leg\u0103tur\u0103 cu aceste atacuri, care au avut loc dup\u0103 lansarea R\u0103zboiiului din Iran, la 28 februarie, prin atacuri ale Statelor Unite \u015fi Israelluui \u00een Republica islamic\u0103.<\/p>\n<p data-index=\"20\">Motiva\u0163iile individuale ale acestor atacuri nu au fost \u00eenc\u0103 stabilite \u00een mod clar, \u00eens\u0103 poli\u0163ia ancheteaz\u0103 cu privire la revendicarea unei grup\u0103ri proiraniene,\u00a0Harakat al-Yamin al-Islamiyya (HAYI).<\/p>\n<p data-index=\"21\">Aceste anchete au fost \u00eencredin\u0163ate poli\u0163iei antiteroriste, iar Poli\u0163ia Londrei \u015fi-a consolidate prezen\u0163a \u00een cartierul\u00a0Golders Green.<\/p>\n<p data-index=\"22\">Aceste atacuri au cresuct \u00eengrijorarea comunit\u0103\u0163iievreie\u015fti din Regatul Unit, traumatizat\u0103 de un atac la Marea Sinagog\u0103 din\u00a0Manchester, la 2 octombrie 2025, soldat cu moartea a doi credincio\u015fi evrei \u015fi r\u0103nirea grav\u0103 a altor trei.<\/p>\n<p data-index=\"23\"><strong>Cite\u0219te \u0219i:<\/strong><\/p>\n<p data-index=\"24\"><a href=\"https:\/\/www.digi24.ro\/stiri\/externe\/in-franta-si-in-europa-amenintarea-terorista-iraniana-se-extinde-3733261\" target=\"_blank\" rel=\"noopener\" data-skip-linkfix=\"1\"><strong>\u00cen Fran\u021ba \u0219i \u00een Europa, amenin\u021barea terorist\u0103 iranian\u0103 se extinde<\/strong><\/a><\/p>\n<p> Editor : <a href=\"https:\/\/www.digi24.ro\/autor\/claudia-ariton\"> C.A. <\/a><\/p>\n<\/div>\n<p>[analyse_source url=&#8221;https:\/\/www.digi24.ro\/stiri\/externe\/ue\/atac-cu-cutitul-in-cartierul-evreiesc-golders-green-din-londra-doi-raniti-un-suspect-a-fost-arestat-3750099&#8243;]<\/p>\n","protected":false},"excerpt":{"rendered":"<p>[analyse_image type=&#8221;featured&#8221; src=&#8221;https:\/\/s.iw.ro\/gateway\/g\/ZmlsZVNvdXJjZT1odHRwJTNBJTJGJTJG\/c3RvcmFnZTA4dHJhbnNjb2Rlci5yY3Mt\/cmRzLnJvJTJGc3RvcmFnZSUyRjIwMjQl\/MkYxMiUyRjI1JTJGMjE1NzIwNl8yMTU3\/MjA2X2xvbmRyYS1wb2xpdGllLmpwZyZ3\/PTEyMDAmaD02MzAmemM9MSZoYXNoPWY4\/NjgxYThiMDcyMzgzZmFhZjA1YTRhYTE0N2IzZTYw.thumb.jpg&#8221;] Dou\u0103 persoane au fost r\u0103nite miercuri, \u00eentr-un atac cu cu\u0163itul \u00een cartierul londonez Golders Green, \u00een care locuie\u015fte o important\u0103 popula\u0163ie evreiasc\u0103, iar un suspect a fost arestat, anun\u0163\u0103 dou\u0103 organiza\u0163ii evreie\u015fti britanice, un incident denun\u0163at drept \u201dfoarte \u00eengrijor\u0103tor\u201d de c\u0103tre premierul britanic Keir Starmer, relateaz\u0103 Politico. Aten\u021bie! Imagini \u0219i detalii care [&hellip;]<\/p>\n","protected":false},"author":1,"featured_media":0,"comment_status":"open","ping_status":"","sticky":false,"template":"","format":"standard","meta":{"footnotes":""},"categories":[89],"tags":[226,11],"class_list":["post-1909136","post","type-post","status-publish","format-standard","hentry","category-romania","tag-crawlmanager","tag-digi24"],"_links":{"self":[{"href":"https:\/\/analyse.optim.biz\/index.php?rest_route=\/wp\/v2\/posts\/1909136","targetHints":{"allow":["GET"]}}],"collection":[{"href":"https:\/\/analyse.optim.biz\/index.php?rest_route=\/wp\/v2\/posts"}],"about":[{"href":"https:\/\/analyse.optim.biz\/index.php?rest_route=\/wp\/v2\/types\/post"}],"author":[{"embeddable":true,"href":"https:\/\/analyse.optim.biz\/index.php?rest_route=\/wp\/v2\/users\/1"}],"replies":[{"embeddable":true,"href":"https:\/\/analyse.optim.biz\/index.php?rest_route=%2Fwp%2Fv2%2Fcomments&post=1909136"}],"version-history":[{"count":0,"href":"https:\/\/analyse.optim.biz\/index.php?rest_route=\/wp\/v2\/posts\/1909136\/revisions"}],"wp:attachment":[{"href":"https:\/\/analyse.optim.biz\/index.php?rest_route=%2Fwp%2Fv2%2Fmedia&parent=1909136"}],"wp:term":[{"taxonomy":"category","embeddable":true,"href":"https:\/\/analyse.optim.biz\/index.php?rest_route=%2Fwp%2Fv2%2Fcategories&post=1909136"},{"taxonomy":"post_tag","embeddable":true,"href":"https:\/\/analyse.optim.biz\/index.php?rest_route=%2Fwp%2Fv2%2Ftags&post=1909136"}],"curies":[{"name":"wp","href":"https:\/\/api.w.org\/{rel}","templated":true}]}}