{"id":1909127,"date":"2026-04-29T15:24:00","date_gmt":"2026-04-29T12:24:00","guid":{"rendered":"https:\/\/analyse.optim.biz\/?p=1909127"},"modified":"2026-04-29T15:24:00","modified_gmt":"2026-04-29T12:24:00","slug":"cum-arata-marian-godina-dupa-survivor-romania-2026-19-kilograme-in-minus","status":"publish","type":"post","link":"https:\/\/analyse.optim.biz\/?p=1909127","title":{"rendered":"Cum arat\u0103 Marian Godin\u0103 dup\u0103 Survivor Rom\u00e2nia 2026. \u201e19 kilograme \u00een minus\u201d"},"content":{"rendered":"<p>[analyse_image type=&#8221;featured&#8221; src=&#8221;https:\/\/cdn.adh.reperio.news\/image-3\/3af5114d-d2ad-4d01-9d93-8278d81aeb48\/index.png?p=f%3Djpeg%26w%3D1200%26h%3D630%26r%3Dcover&#8221;]<\/p>\n<article class=\"svelte-t0js42\">\n<nav>\n<ul class=\"breadcrump svelte-xauq0s\">\n<li class=\"svelte-xauq0s\"><a href=\"\/\" title=\"Adev\u0103rul\" class=\"svelte-xauq0s\">Home<\/a><\/li>\n<li class=\"svelte-xauq0s\"><a href=\"\/showbiz\" class=\"svelte-xauq0s\">Showbiz<\/a><\/li>\n<li class=\"svelte-xauq0s\"><a href=\"\/showbiz\/vedete\" class=\"svelte-xauq0s\">Vedete<\/a><\/li>\n<li class=\"svelte-xauq0s\"><a href=\"https:\/\/adevarul.ro\/showbiz\/vedete\/cum-arata-marian-godina-dupa-survivor-romania-2526173.html\" class=\"svelte-xauq0s\">Cum arat\u0103 Marian Godin\u0103 dup\u0103 Survivor Rom\u00e2nia 2026. \u201e19 kilograme \u00een minus\u201d<\/a><\/li>\n<\/ul>\n<\/nav>\n<p><main class=\"svelte-t0js42\"><\/p>\n<p>Marian Godin\u0103 s-a \u00eentors de la Survivor Rom\u00e2nia 2026 \u0219i a dezv\u0103luit c\u00e2te kilograme a pierdut dup\u0103 concurs. Fostul concurent al emisiunii \u0219i-a rev\u0103zut cu bucurie so\u021bia \u0219i copiii, iar acum profit\u0103 de timpul petrecut al\u0103turi de familie.<\/p>\n<div class=\"container-image  svelte-jd4qiv\"><source type=\"image\/webp\" srcset=\"https:\/\/cdn.adh.reperio.news\/image-3\/3af5114d-d2ad-4d01-9d93-8278d81aeb48\/index.png?p=a%3D1%26co%3D1.05%26w%3D1400%26h%3D750%26r%3Dcontain%26f%3Dwebp 1400w\" media=\"(min-width: 1400px)\" \/><\/p>\n<div class=\"caption\">Marian Godin\u0103\/FOTO: Facebook<\/div>\n<\/div>\n<p>Sezonul Survivor Rom\u00e2nia 2026 a \u00eenceput cu 24 de concuren\u021bi \u00eemp\u0103r\u021bi\u021bi \u00een dou\u0103 triburi, Faimo\u0219i \u0219i R\u0103zboinici. Pe parcurs, al\u021bi \u0219apte concuren\u021bi li s-au al\u0103turat, iar pentru 14 dintre participan\u021bi weekendul trecut a marcat etapa Unific\u0103rii.<\/p>\n<p>Drumul c\u0103tre final\u0103 poate fi urm\u0103rit \u00een fiecare vineri, s\u00e2mb\u0103t\u0103 \u0219i duminic\u0103, la Antena 1 \u0219i pe platforma AntenaPLAY.<\/p>\n<p><a href=\"https:\/\/adevarul.ro\/showbiz\/tv\/marian-godina-moment-emotionant-la-survivor-2506745.html\">Godin\u0103<\/a>\u00a0a povestit urm\u0103ritorilor s\u0103i de pe re\u021bele de socializare despre momentele petrecute la Survivor.\u00a0\u00cen plus, acesta a dezv\u0103luit \u0219i transformarea fizic\u0103 prin care a trecut \u00een timpul competi\u021biei. \u00cen perioada petrecut\u0103 \u00een jungl\u0103, acesta a sl\u0103bit nu mai pu\u021bin de 19 kilograme.<\/p>\n<p>Lipsa hranei, condi\u021biile dificile de trai \u0219i efortul fizic constant au contribuit la schimbarea sa vizibil\u0103. Marian Godin\u0103 a publicat pe Facebook o imagine \u00een care apare la bustul gol, al\u0103turi de mesajul scurt: \u201e19 kilograme \u00een minus\u201d.<\/p>\n<div class=\"raw-block\"><iframe loading=\"lazy\" src=\"https:\/\/www.facebook.com\/plugins\/post.php?href=https%3A%2F%2Fwww.facebook.com%2Fgodinamarian%2Fposts%2Fpfbid0SZCEvTU9JRPvL9gunvWjjthw1yDXKUbZuHxGNidWq2Ugq75d8YRKjiTMQ3JBrHXJl&amp;show_text=true&amp;width=390\" width=\"500\" height=\"628\" frameborder allowfullscreen=\"true\" allow=\"autoplay; clipboard-write; encrypted-media; picture-in-picture; web-share\" class=\"facebook-iframe\"><\/iframe><\/div>\n<p>Transformarea a atras imediat aten\u021bia fanilor, care au remarcat c\u00e2t de mult s-a schimbat fostul concurent dup\u0103 experien\u021ba tr\u0103it\u0103 \u00een competi\u021bie.<\/p>\n<p>Pe durata particip\u0103rii sale la Survivor Rom\u00e2nia, Marian Godin\u0103 a petrecut o perioad\u0103 \u0219i \u00een Exil, experien\u021b\u0103 pe care a descris-o ca fiind una extrem de dificil\u0103.<\/p>\n<p><a href=\"https:\/\/click.ro\/primetime\/marian-godina-schimbare-radicala-dupa-survivor-2525923.html\"><b>Cite\u0219te mai departe pe Click!<\/b><\/a><\/p>\n<p><\/main><\/p>\n<footer class=\"svelte-t0js42\">\n<div class=\"related-wrap related-footer svelte-1t8qpgs\"><span class=\"related-label svelte-1t8qpgs\">Cite\u0219te \u0219i<\/span><a class=\"related svelte-1t8qpgs\" data-gtrack='{\"event\":\"utm_click\",\"data\":{\"event_category\":\"article_related\"}}' href=\"https:\/\/adevarul.ro\/showbiz\/tv\/marian-godina-moment-emotionant-la-survivor-2506745.html\" title=\"Alt articol de interes pentru tine\"><img decoding=\"async\" class=\"thumb svelte-1t8qpgs\" src=\"https:\/\/cdn.adh.reperio.news\/image-4\/4e4b5c58-2923-47a5-acbc-fd55391cbe9c\/index.png\" alt loading=\"lazy\" width=\"80\" height=\"54\"><span class=\"title svelte-1t8qpgs\">Marian Godin\u0103, moment emo\u021bionant la Survivor. Poli\u021bistul a izbucnit \u00een lacrimi: \u201e\u00cencerc s\u0103 \u00eemi revin\u201d<\/span><\/a><a class=\"related svelte-1t8qpgs\" data-gtrack='{\"event\":\"utm_click\",\"data\":{\"event_category\":\"article_related\"}}' href=\"https:\/\/adevarul.ro\/sport\/un-fost-participant-la-survivor-audiat-in-2511266.html\" title=\"Alt articol de interes pentru tine\"><img decoding=\"async\" class=\"thumb svelte-1t8qpgs\" src=\"https:\/\/cdn.adh.reperio.news\/image-c\/cca37b7f-ffb6-433b-a4b5-ac784d3cf7bc\/index.jpeg\" alt loading=\"lazy\" width=\"80\" height=\"54\"><span class=\"title svelte-1t8qpgs\">Un fost participant la \u201eSurvivor\u201d, audiat \u00een \u201edosarul P\u0103ule\u0219ti\u201d. Procurorii prahoveni au continuat ancheta<\/span><\/a><a class=\"related svelte-1t8qpgs\" data-gtrack='{\"event\":\"utm_click\",\"data\":{\"event_category\":\"article_related\"}}' href=\"https:\/\/adevarul.ro\/showbiz\/tv\/scandal-la-survivor-marian-godina-si-patricia-2513550.html\" title=\"Alt articol de interes pentru tine\"><img decoding=\"async\" class=\"thumb svelte-1t8qpgs\" src=\"https:\/\/cdn.adh.reperio.news\/image-5\/5a4bd0c0-587a-4b98-a81a-79595f72b10d\/index.jpeg\" alt loading=\"lazy\" width=\"80\" height=\"54\"><span class=\"title svelte-1t8qpgs\">Scandal la Survivor. Marian Godin\u0103 \u0219i Patricia Vizitiu, schimb dur de replici: \u201eSe afl\u0103 \u00een sevraj\u201d<\/span><\/a><\/div>\n<div class=\"meta svelte-t0js42\">\n<div class=\"authors svelte-t0js42\"><a href=\"\/author\/2070\" rel=\"author\" class=\"svelte-t0js42\">Narcis Ghiurca<\/a><\/div>\n<div class=\"tags svelte-12okeyl\"><span class=\"tags-label metaFont svelte-12okeyl\">Cite\u0219te mai multe despre<\/span><\/p>\n<div class=\"tags-list svelte-12okeyl\"><a href=\"\/tag\/foto\" title=\"Ultimele \u0219tiri despre foto\" class=\"tag-pill svelte-12okeyl\">foto<\/a><a href=\"\/tag\/slabit\" title=\"Ultimele \u0219tiri despre slabit\" class=\"tag-pill svelte-12okeyl\">slabit<\/a><a href=\"\/tag\/marian%20godina\" title=\"Ultimele \u0219tiri despre marian godina\" class=\"tag-pill svelte-12okeyl\">marian godina<\/a><\/div>\n<\/div>\n<\/div>\n<p><a class=\"moreFromCategory svelte-t0js42\" href=\"\/showbiz\/vedete\" title=\"Vedete\">Mai multe din <strong class=\"svelte-t0js42\">Vedete<\/strong> \u203a<\/a><\/footer>\n<\/article>\n<p>[analyse_source url=&#8221;https:\/\/adevarul.ro\/showbiz\/vedete\/cum-arata-marian-godina-dupa-survivor-romania-2526173.html&#8221;]<\/p>\n","protected":false},"excerpt":{"rendered":"<p>[analyse_image type=&#8221;featured&#8221; src=&#8221;https:\/\/cdn.adh.reperio.news\/image-3\/3af5114d-d2ad-4d01-9d93-8278d81aeb48\/index.png?p=f%3Djpeg%26w%3D1200%26h%3D630%26r%3Dcover&#8221;] Home Showbiz Vedete Cum arat\u0103 Marian Godin\u0103 dup\u0103 Survivor Rom\u00e2nia 2026. \u201e19 kilograme \u00een minus\u201d Marian Godin\u0103 s-a \u00eentors de la Survivor Rom\u00e2nia 2026 \u0219i a dezv\u0103luit c\u00e2te kilograme a pierdut dup\u0103 concurs. Fostul concurent al emisiunii \u0219i-a rev\u0103zut cu bucurie so\u021bia \u0219i copiii, iar acum profit\u0103 de timpul petrecut al\u0103turi de [&hellip;]<\/p>\n","protected":false},"author":1,"featured_media":0,"comment_status":"open","ping_status":"","sticky":false,"template":"","format":"standard","meta":{"footnotes":""},"categories":[89],"tags":[19,226],"class_list":["post-1909127","post","type-post","status-publish","format-standard","hentry","category-romania","tag-adevarul","tag-crawlmanager"],"_links":{"self":[{"href":"https:\/\/analyse.optim.biz\/index.php?rest_route=\/wp\/v2\/posts\/1909127","targetHints":{"allow":["GET"]}}],"collection":[{"href":"https:\/\/analyse.optim.biz\/index.php?rest_route=\/wp\/v2\/posts"}],"about":[{"href":"https:\/\/analyse.optim.biz\/index.php?rest_route=\/wp\/v2\/types\/post"}],"author":[{"embeddable":true,"href":"https:\/\/analyse.optim.biz\/index.php?rest_route=\/wp\/v2\/users\/1"}],"replies":[{"embeddable":true,"href":"https:\/\/analyse.optim.biz\/index.php?rest_route=%2Fwp%2Fv2%2Fcomments&post=1909127"}],"version-history":[{"count":0,"href":"https:\/\/analyse.optim.biz\/index.php?rest_route=\/wp\/v2\/posts\/1909127\/revisions"}],"wp:attachment":[{"href":"https:\/\/analyse.optim.biz\/index.php?rest_route=%2Fwp%2Fv2%2Fmedia&parent=1909127"}],"wp:term":[{"taxonomy":"category","embeddable":true,"href":"https:\/\/analyse.optim.biz\/index.php?rest_route=%2Fwp%2Fv2%2Fcategories&post=1909127"},{"taxonomy":"post_tag","embeddable":true,"href":"https:\/\/analyse.optim.biz\/index.php?rest_route=%2Fwp%2Fv2%2Ftags&post=1909127"}],"curies":[{"name":"wp","href":"https:\/\/api.w.org\/{rel}","templated":true}]}}