{"id":190907,"date":"2014-12-09T14:45:36","date_gmt":"2014-12-09T11:45:36","guid":{"rendered":"https:\/\/analyse.optim.biz\/?p=190907"},"modified":"2014-12-09T14:45:36","modified_gmt":"2014-12-09T11:45:36","slug":"deputatul-catalin-teodorescu-a-ramas-fara-imunitate","status":"publish","type":"post","link":"https:\/\/analyse.optim.biz\/?p=190907","title":{"rendered":"Deputatul C\u0103t\u0103lin Teodorescu a r\u0103mas f\u0103r\u0103 imunitate"},"content":{"rendered":"<div class=\"entry data-app-meta data-app-meta-article\" data-embed-base-url-canonical=\"https:\/\/www.digi24.ro\/embed\/stiri\/actualitate\/politica\/deputatul-catalin-teodorescu-a-ramas-fara-imunitate-332633\">\n<p data-index=\"1\">Chiar dac\u0103 r\u0103m\u00e2ne f\u0103r\u0103 imunitate, <strong>C\u0103t\u0103lin Teodorescu<\/strong> nu mai poate fi arestat preventiv, a\u015fa cum ceruser\u0103 procurorii. \u015ei asta pentru c\u0103 <a href=\"https:\/\/www.digi24.ro\/Stiri\/Digi24\/Actualitate\/Justitie\/Deputatul+Catalin+Teodorescu+audiat+la+DNA\" target=\"_blank\" data-skip-linkfix=\"1\" rel=\"noopener\">DNA i-a impus deja o m\u0103sur\u0103 preventiv\u0103, respectiv controlul judiciar. \u00a0<\/a><\/p>\n<p data-index=\"2\">Citi\u021bi \u0219i:\u00a0<\/p>\n<h5><a href=\"https:\/\/www.digi24.ro\/Stiri\/Digi24\/Actualitate\/Politica\/Deputatul+Catalin+Teodorescu+ramane+fara+imunitate\" target=\"_blank\" data-skip-linkfix=\"1\" rel=\"noopener\">Comisia Juridic\u0103 a Camerei recomand\u0103 retragerea imunit\u0103\u021bii deputatului C\u0103t\u0103lin Teodorescu<\/a><\/h5>\n<h5><a href=\"https:\/\/www.digi24.ro\/Stiri\/Digi24\/Actualitate\/Politica\/MARKO+ATTILA+CATALIN+TEODORESCU+RIDICARE+IMUNITATE\" target=\"_blank\" data-skip-linkfix=\"1\" rel=\"noopener\">SCANDAL \u00ceN PARLAMENT. Deputatul Marko Attila a r\u0103mas f\u0103r\u0103 imunitate. C\u0103t\u0103lin Teodorescu, salvat la votul \u00een plen<\/a><\/h5>\n<\/div>\n<p> Source URL: https:\/\/www.digi24.ro\/stiri\/actualitate\/politica\/deputatul-catalin-teodorescu-a-ramas-fara-imunitate-332633<\/p>\n","protected":false},"excerpt":{"rendered":"<p>Chiar dac\u0103 r\u0103m\u00e2ne f\u0103r\u0103 imunitate, C\u0103t\u0103lin Teodorescu nu mai poate fi arestat preventiv, a\u015fa cum ceruser\u0103 procurorii. \u015ei asta pentru c\u0103 DNA i-a impus deja o m\u0103sur\u0103 preventiv\u0103, respectiv controlul judiciar. \u00a0 Citi\u021bi \u0219i:\u00a0 Comisia Juridic\u0103 a Camerei recomand\u0103 retragerea imunit\u0103\u021bii deputatului C\u0103t\u0103lin Teodorescu SCANDAL \u00ceN PARLAMENT. Deputatul Marko Attila a r\u0103mas f\u0103r\u0103 imunitate. C\u0103t\u0103lin [&hellip;]<\/p>\n","protected":false},"author":1,"featured_media":190908,"comment_status":"open","ping_status":"","sticky":false,"template":"","format":"standard","meta":{"footnotes":""},"categories":[2],"tags":[11],"class_list":["post-190907","post","type-post","status-publish","format-standard","has-post-thumbnail","hentry","category-politics","tag-digi24"],"_links":{"self":[{"href":"https:\/\/analyse.optim.biz\/index.php?rest_route=\/wp\/v2\/posts\/190907","targetHints":{"allow":["GET"]}}],"collection":[{"href":"https:\/\/analyse.optim.biz\/index.php?rest_route=\/wp\/v2\/posts"}],"about":[{"href":"https:\/\/analyse.optim.biz\/index.php?rest_route=\/wp\/v2\/types\/post"}],"author":[{"embeddable":true,"href":"https:\/\/analyse.optim.biz\/index.php?rest_route=\/wp\/v2\/users\/1"}],"replies":[{"embeddable":true,"href":"https:\/\/analyse.optim.biz\/index.php?rest_route=%2Fwp%2Fv2%2Fcomments&post=190907"}],"version-history":[{"count":0,"href":"https:\/\/analyse.optim.biz\/index.php?rest_route=\/wp\/v2\/posts\/190907\/revisions"}],"wp:featuredmedia":[{"embeddable":true,"href":"https:\/\/analyse.optim.biz\/index.php?rest_route=\/wp\/v2\/media\/190908"}],"wp:attachment":[{"href":"https:\/\/analyse.optim.biz\/index.php?rest_route=%2Fwp%2Fv2%2Fmedia&parent=190907"}],"wp:term":[{"taxonomy":"category","embeddable":true,"href":"https:\/\/analyse.optim.biz\/index.php?rest_route=%2Fwp%2Fv2%2Fcategories&post=190907"},{"taxonomy":"post_tag","embeddable":true,"href":"https:\/\/analyse.optim.biz\/index.php?rest_route=%2Fwp%2Fv2%2Ftags&post=190907"}],"curies":[{"name":"wp","href":"https:\/\/api.w.org\/{rel}","templated":true}]}}