{"id":1909046,"date":"2026-04-29T15:40:56","date_gmt":"2026-04-29T12:40:56","guid":{"rendered":"https:\/\/analyse.optim.biz\/?p=1909046"},"modified":"2026-04-29T15:40:56","modified_gmt":"2026-04-29T12:40:56","slug":"incendiu-la-o-biserica-catolica-din-surdesti-acoperisul-cuprins-de-flacari-si-mobilizare-masiva-a-fortelor","status":"publish","type":"post","link":"https:\/\/analyse.optim.biz\/?p=1909046","title":{"rendered":"Incendiu la o biseric\u0103 catolic\u0103 din \u0218urde\u0219ti: acoperi\u0219ul cuprins de fl\u0103c\u0103ri \u0219i mobilizare masiv\u0103 a for\u021belor"},"content":{"rendered":"<p>[analyse_image type=&#8221;featured&#8221; src=&#8221;https:\/\/news-vaslui.ro\/wp-content\/uploads\/2026\/04\/featured-image-1777477254224.jpg&#8221;]<\/p>\n<div class=\"tdb-block-inner td-fix-index\"><a class=\"tdb-logo-a\" href=\"https:\/\/news-vaslui.ro\/\" title=\"logo\"><span class=\"tdb-logo-img-wrap\"><img decoding=\"async\" class=\"tdb-logo-img td-retina-data\" data-retina=\"https:\/\/news-vaslui.ro\/wp-content\/uploads\/2025\/12\/FACT-CHECKED-NEWS-VASLUI-2-300x85.png\" src=\"https:\/\/news-vaslui.ro\/wp-content\/uploads\/2025\/12\/FACT-CHECKED-NEWS-VASLUI-2-300x85.png\" alt=\"logo\" title=\"logo\"><\/span><\/a><\/div>\n<div class=\"tdb-block-inner td-fix-index\"><a class=\"tdb-logo-a\" href=\"https:\/\/news-vaslui.ro\/\" title=\"logo\"><span class=\"tdb-logo-img-wrap\"><img decoding=\"async\" class=\"tdb-logo-img td-retina-data\" data-retina=\"https:\/\/news-vaslui.ro\/wp-content\/uploads\/2025\/12\/FACT-CHECKED-NEWS-VASLUI-2-300x85.png\" src=\"https:\/\/news-vaslui.ro\/wp-content\/uploads\/2025\/12\/FACT-CHECKED-NEWS-VASLUI-2-300x85.png\" alt=\"logo\" title=\"logo\"><\/span><\/a><\/div>\n<div class=\"tdb-block-inner td-fix-index\"><a class=\"tdb-logo-a\" href=\"https:\/\/news-vaslui.ro\/\" title=\"logo\"><span class=\"tdb-logo-img-wrap\"><img decoding=\"async\" class=\"tdb-logo-img td-retina-data\" data-retina=\"https:\/\/news-vaslui.ro\/wp-content\/uploads\/2025\/12\/FACT-CHECKED-NEWS-VASLUI-2-300x85.png\" src=\"https:\/\/news-vaslui.ro\/wp-content\/uploads\/2025\/12\/FACT-CHECKED-NEWS-VASLUI-2-300x85.png\" alt=\"logo\" title=\"logo\"><\/span><\/a><\/div>\n<div class=\"tdb-block-inner td-fix-index\">\n<div class=\"tdb-head-date-txt\">miercuri, aprilie 29, 2026<\/div>\n<\/div>\n<div class=\"tdb-block-inner td-fix-index\">\n<div class=\"tdb-weather-deg-wrap\" data-block-uid=\"tdb_header_weather_uid\"><span class=\"tdb-weather-deg\">10.8<\/span><span class=\"tdb-weather-unit\">C<\/span><\/div>\n<div class=\"tdb-weather-city\">Vaslui<\/div>\n<\/div>\n<div class=\"tdb-block-inner td-fix-index\">\n<div class=\"tdb-drop-down-search\" aria-labelledby=\"td-header-search-button\">\n<div class=\"tdb-drop-down-search-inner\">\n<div class=\"tdb-search-form-inner\">\n<div class=\"tdb-head-search-placeholder\">type here&#8230;<\/div>\n<\/div>\n<\/div>\n<\/div>\n<\/div>\n<div class=\"tdb-block-inner td-fix-index\"><a class=\"tdb-logo-a\" href=\"https:\/\/news-vaslui.ro\/\" title=\"logo\"><span class=\"tdb-logo-img-wrap\"><img decoding=\"async\" class=\"tdb-logo-img td-retina-data\" data-retina=\"https:\/\/news-vaslui.ro\/wp-content\/uploads\/2025\/12\/FACT-CHECKED-NEWS-VASLUI-2-300x85.png\" src=\"https:\/\/news-vaslui.ro\/wp-content\/uploads\/2025\/12\/FACT-CHECKED-NEWS-VASLUI-2-300x85.png\" alt=\"Vaslui News\" title=\"logo\"><\/span><\/a><\/div>\n<div class=\"tdb-block-inner td-fix-index\"><img loading=\"lazy\" decoding=\"async\" width=\"1068\" height=\"712\" class=\"entry-thumb\" src=\"https:\/\/news-vaslui.ro\/wp-content\/uploads\/2026\/04\/featured-image-1777477254224-1068x712.jpg\" alt title=\"Featured Image\"><\/div>\n<div class=\"tdb-block-inner td-fix-index\"><span class=\"reading-time-number\">1<\/span><span class=\"tdb-minute-text\"> min.<\/span><span class=\"tdb-add-text\">Read<\/span><\/div>\n<div class=\"tdb-block-inner td-fix-index\">\n<h1 class=\"tdb-title-text\">Incendiu la o biseric\u0103 catolic\u0103 din \u0218urde\u0219ti: acoperi\u0219ul cuprins de fl\u0103c\u0103ri \u0219i mobilizare masiv\u0103 a for\u021belor<\/h1>\n<\/div>\n<div class=\"tdb-block-inner td-fix-index\"><a class=\"tdb-author-photo\" href=\"https:\/\/news-vaslui.ro\/author\/vasluidev\/\" title=\"News Vaslui\"><img decoding=\"async\" alt=\"News Vaslui\" src=\"https:\/\/secure.gravatar.com\/avatar\/7cd75f71af07ac3deeb6cda7fa3e40e8f10cbbf011f111ff652b3ec2cc663f22?s=96&amp;d=mm&amp;r=g\" class=\"avatar avatar-96 photo\" height=\"96\" width=\"96\" loading=\"lazy\"><\/a><\/p>\n<div class=\"tdb-author-name-wrap\"><span class=\"tdb-author-by\">By<\/span><a class=\"tdb-author-name\" href=\"https:\/\/news-vaslui.ro\/author\/vasluidev\/\">News Vaslui<\/a><\/div>\n<\/div>\n<div class=\"tdb-block-inner td-fix-index\"><time class=\"entry-date updated td-module-date\" datetime=\"2026-04-29T15:40:56+00:00\">29 aprilie 2026<\/time><\/div>\n<div class=\"td_block_wrap tdb_single_content tdi_103 td-pb-border-top td_block_template_1 td-post-content tagdiv-type\" data-td-block-uid=\"tdi_103\">\n<div class=\"tdb-block-inner td-fix-index\">\n<div class=\"post-sources-section\">\n<h3>Surse<\/h3>\n<div class=\"sources-list\"><a href=\"https:\/\/www.vremeanoua.ro\/arde-o-biserica-din-maramures-acoperisul-cuprins-de-flacari-mobilizare-masiva-de-forte-la-fata-locului\" target=\"_blank\" rel=\"noopener\" class=\"source-item\"><\/p>\n<div class=\"source-thumb\"><img decoding=\"async\" src=\"https:\/\/news-vaslui.ro\/wp-content\/uploads\/2025\/12\/vremeanoua.png\" alt=\"Arde o biseric\u0103 din Maramure\u0219. Acoperi\u0219ul, cuprins de fl\u0103c\u0103ri \/ Mobilizare masiv\u0103...\" class=\"td-animation-stack-type0-2\"><\/div>\n<div class=\"source-info\"><span class=\"source-publication\">Vremea Noua<\/span><span class=\"source-title\">Arde o biseric\u0103 din Maramure\u0219. Acoperi\u0219ul, cuprins de fl\u0103c\u0103ri \/ Mobilizare masiv\u0103&#8230;<\/span><\/p>\n<p class=\"source-date\">28\/04\/2026<\/p>\n<\/div>\n<p><\/a><\/div>\n<\/div>\n<p>Un incendiu puternic a izbucnit mar\u021bi la Biserica Catolic\u0103 din localitatea \u0218urde\u0219ti, jude\u021bul Maramure\u0219. Potrivit inform\u0103rilor oficiale, fl\u0103c\u0103rile au cuprins acoperi\u0219ul l\u0103ca\u0219ului de cult aflat \u00een construc\u021bie, \u00een timp ce biserica din lemn, aflat\u0103 \u00een Patrimoniul Mondial UNESCO, nu a fost afectat\u0103.<\/p>\n<p>La fa\u021ba locului au fost dislocate mai multe echipaje de interven\u021bie: patru autospeciale de stingere, o autoplatform\u0103 de interven\u021bie \u0219i salvare de la \u00een\u0103l\u021bime, precum \u0219i alte trei autospeciale de stingere cu ap\u0103 \u0219i spum\u0103, totaliz\u00e2nd opt unit\u0103\u021bi de interven\u021bie. Imaginile postate pe re\u021belele de socializare surprind amploarea incendiului, iar echipele de pompieri ac\u021bioneaz\u0103 pentru localizarea focului, protejarea structurii \u00een construc\u021bie \u0219i prevenirea propag\u0103rii.<\/p>\n<p>Cazul este \u00een evolu\u021bie, iar autorit\u0103\u021bile locale monitorizeaz\u0103 situa\u021bia precum \u0219i ac\u021biunile \u00eentreprinse pentru stingerea incendiului. P\u00e2n\u0103 \u00een acest moment nu au fost comunicate victime, \u00eens\u0103 ancheta pentru stabilirea cauzei este \u00een curs, iar ISU Maramure\u0219 promite actualiz\u0103ri pe m\u0103sur\u0103 ce vor exista noi date.<\/p>\n<p>Incidentul scoate \u00een eviden\u021b\u0103 vulnerabilit\u0103\u021bile l\u0103ca\u0219elor de cult aflate \u00een construc\u021bie din zonele montane \u0219i necesitatea unui plan de interven\u021bie rapid \u00een astfel de situa\u021bii, pentru a proteja at\u00e2t bunurile, c\u00e2t \u0219i patrimoniul religios local.<\/p>\n<\/div>\n<\/div>\n<div class=\"tdb-block-inner td-fix-index\">\n<div class=\"post-sources-section\">\n<h3>Surse<\/h3>\n<div class=\"sources-list\"><a href=\"https:\/\/www.vremeanoua.ro\/arde-o-biserica-din-maramures-acoperisul-cuprins-de-flacari-mobilizare-masiva-de-forte-la-fata-locului\" target=\"_blank\" rel=\"noopener\" class=\"source-item\"><\/p>\n<div class=\"source-thumb\"><img decoding=\"async\" src=\"https:\/\/news-vaslui.ro\/wp-content\/uploads\/2025\/12\/vremeanoua.png\" alt=\"Arde o biseric\u0103 din Maramure\u0219. Acoperi\u0219ul, cuprins de fl\u0103c\u0103ri \/ Mobilizare masiv\u0103...\" class=\"td-animation-stack-type0-2\"><\/div>\n<div class=\"source-info\"><span class=\"source-publication\">Vremea Noua<\/span><span class=\"source-title\">Arde o biseric\u0103 din Maramure\u0219. Acoperi\u0219ul, cuprins de fl\u0103c\u0103ri \/ Mobilizare masiv\u0103&#8230;<\/span><\/p>\n<p class=\"source-date\">28\/04\/2026<\/p>\n<\/div>\n<p><\/a><\/div>\n<\/div>\n<p>Un incendiu puternic a izbucnit mar\u021bi la Biserica Catolic\u0103 din localitatea \u0218urde\u0219ti, jude\u021bul Maramure\u0219. Potrivit inform\u0103rilor oficiale, fl\u0103c\u0103rile au cuprins acoperi\u0219ul l\u0103ca\u0219ului de cult aflat \u00een construc\u021bie, \u00een timp ce biserica din lemn, aflat\u0103 \u00een Patrimoniul Mondial UNESCO, nu a fost afectat\u0103.<\/p>\n<p>La fa\u021ba locului au fost dislocate mai multe echipaje de interven\u021bie: patru autospeciale de stingere, o autoplatform\u0103 de interven\u021bie \u0219i salvare de la \u00een\u0103l\u021bime, precum \u0219i alte trei autospeciale de stingere cu ap\u0103 \u0219i spum\u0103, totaliz\u00e2nd opt unit\u0103\u021bi de interven\u021bie. Imaginile postate pe re\u021belele de socializare surprind amploarea incendiului, iar echipele de pompieri ac\u021bioneaz\u0103 pentru localizarea focului, protejarea structurii \u00een construc\u021bie \u0219i prevenirea propag\u0103rii.<\/p>\n<p>Cazul este \u00een evolu\u021bie, iar autorit\u0103\u021bile locale monitorizeaz\u0103 situa\u021bia precum \u0219i ac\u021biunile \u00eentreprinse pentru stingerea incendiului. P\u00e2n\u0103 \u00een acest moment nu au fost comunicate victime, \u00eens\u0103 ancheta pentru stabilirea cauzei este \u00een curs, iar ISU Maramure\u0219 promite actualiz\u0103ri pe m\u0103sur\u0103 ce vor exista noi date.<\/p>\n<p>Incidentul scoate \u00een eviden\u021b\u0103 vulnerabilit\u0103\u021bile l\u0103ca\u0219elor de cult aflate \u00een construc\u021bie din zonele montane \u0219i necesitatea unui plan de interven\u021bie rapid \u00een astfel de situa\u021bii, pentru a proteja at\u00e2t bunurile, c\u00e2t \u0219i patrimoniul religios local.<\/p>\n<\/div>\n<div class=\"tdb-block-inner td-fix-index\">\n<div class=\"tdb-next-post tdb-next-post-bg tdb-post-prev\"><span>Articolul precedent<\/span><\/p>\n<div class=\"td-module-container\">\n<div class=\"td-image-container\"><a class=\"td-image-wrap\" href=\"https:\/\/news-vaslui.ro\/criza-bugetara-la-vaslui-liberalii-se-abtin-la-vot-demisia-viceprimarului-si-disputa-pe-creditul-de-45-milioane-de-lei\/\"><img decoding=\"async\" class=\"td-next-prev-image td-fix-index\" src=\"https:\/\/news-vaslui.ro\/wp-content\/uploads\/2026\/04\/featured-image-1777477245629-1068x712.jpg\"><\/a><\/div>\n<div class=\"next-prev-title\"><a href=\"https:\/\/news-vaslui.ro\/criza-bugetara-la-vaslui-liberalii-se-abtin-la-vot-demisia-viceprimarului-si-disputa-pe-creditul-de-45-milioane-de-lei\/\">Criza bugetar\u0103 la Vaslui: liberalii se ab\u021bin la vot, demisia viceprimarului \u0219i disputa pe creditul de 45 MILIOANE de lei<\/a><\/div>\n<\/div>\n<\/div>\n<div class=\"tdb-next-post tdb-next-post-bg tdb-post-next\"><span>Articolul urm\u0103tor<\/span><\/p>\n<div class=\"td-module-container\">\n<div class=\"td-image-container\"><a class=\"td-image-wrap\" href=\"https:\/\/news-vaslui.ro\/motivul-invocat-pentru-taierea-a-peste-1-000-de-arbori-din-drumurile-judetene-in-contextul-sigurantei-circulatiei\/\"><img decoding=\"async\" class=\"td-next-prev-image td-fix-index\" src=\"https:\/\/news-vaslui.ro\/wp-content\/uploads\/2026\/04\/featured-image-1777477259783-1068x712.jpg\"><\/a><\/div>\n<div class=\"next-prev-title\"><a href=\"https:\/\/news-vaslui.ro\/motivul-invocat-pentru-taierea-a-peste-1-000-de-arbori-din-drumurile-judetene-in-contextul-sigurantei-circulatiei\/\">Motivul invocat pentru t\u0103ierea a peste 1.000 de arbori din drumurile jude\u021bene, \u00een contextul siguran\u021bei circula\u021biei<\/a><\/div>\n<\/div>\n<\/div>\n<\/div>\n<div class=\"tdb-block-inner td-fix-index\"><a class=\"tdb-logo-a\" href=\"https:\/\/news-vaslui.ro\/\" title=\"logo\"><span class=\"tdb-logo-img-wrap\"><img decoding=\"async\" class=\"tdb-logo-img td-retina-data\" data-retina=\"https:\/\/news-vaslui.ro\/wp-content\/uploads\/2025\/12\/FACT-CHECKED-NEWS-VASLUI-2-300x85.png\" src=\"https:\/\/news-vaslui.ro\/wp-content\/uploads\/2025\/12\/FACT-CHECKED-NEWS-VASLUI-2-300x85.png\" alt=\"logo\" title=\"logo\"><\/span><\/a><\/div>\n<p>[analyse_source url=&#8221;https:\/\/news-vaslui.ro\/incendiu-la-o-biserica-catolica-din-surdesti-acoperisul-cuprins-de-flacari-si-mobilizare-masiva-a-fortelor\/#new_tab&#8221;]<\/p>\n","protected":false},"excerpt":{"rendered":"<p>[analyse_image type=&#8221;featured&#8221; src=&#8221;https:\/\/news-vaslui.ro\/wp-content\/uploads\/2026\/04\/featured-image-1777477254224.jpg&#8221;] miercuri, aprilie 29, 2026 10.8C Vaslui type here&#8230; 1 min.Read Incendiu la o biseric\u0103 catolic\u0103 din \u0218urde\u0219ti: acoperi\u0219ul cuprins de fl\u0103c\u0103ri \u0219i mobilizare masiv\u0103 a for\u021belor ByNews Vaslui 29 aprilie 2026 Surse Vremea NouaArde o biseric\u0103 din Maramure\u0219. Acoperi\u0219ul, cuprins de fl\u0103c\u0103ri \/ Mobilizare masiv\u0103&#8230; 28\/04\/2026 Un incendiu puternic a izbucnit mar\u021bi [&hellip;]<\/p>\n","protected":false},"author":1,"featured_media":0,"comment_status":"open","ping_status":"","sticky":false,"template":"","format":"standard","meta":{"footnotes":""},"categories":[89],"tags":[226,217],"class_list":["post-1909046","post","type-post","status-publish","format-standard","hentry","category-romania","tag-crawlmanager","tag-vaslui-robo-stiri-ro"],"_links":{"self":[{"href":"https:\/\/analyse.optim.biz\/index.php?rest_route=\/wp\/v2\/posts\/1909046","targetHints":{"allow":["GET"]}}],"collection":[{"href":"https:\/\/analyse.optim.biz\/index.php?rest_route=\/wp\/v2\/posts"}],"about":[{"href":"https:\/\/analyse.optim.biz\/index.php?rest_route=\/wp\/v2\/types\/post"}],"author":[{"embeddable":true,"href":"https:\/\/analyse.optim.biz\/index.php?rest_route=\/wp\/v2\/users\/1"}],"replies":[{"embeddable":true,"href":"https:\/\/analyse.optim.biz\/index.php?rest_route=%2Fwp%2Fv2%2Fcomments&post=1909046"}],"version-history":[{"count":0,"href":"https:\/\/analyse.optim.biz\/index.php?rest_route=\/wp\/v2\/posts\/1909046\/revisions"}],"wp:attachment":[{"href":"https:\/\/analyse.optim.biz\/index.php?rest_route=%2Fwp%2Fv2%2Fmedia&parent=1909046"}],"wp:term":[{"taxonomy":"category","embeddable":true,"href":"https:\/\/analyse.optim.biz\/index.php?rest_route=%2Fwp%2Fv2%2Fcategories&post=1909046"},{"taxonomy":"post_tag","embeddable":true,"href":"https:\/\/analyse.optim.biz\/index.php?rest_route=%2Fwp%2Fv2%2Ftags&post=1909046"}],"curies":[{"name":"wp","href":"https:\/\/api.w.org\/{rel}","templated":true}]}}