{"id":1909040,"date":"2026-04-29T15:40:49","date_gmt":"2026-04-29T12:40:49","guid":{"rendered":"https:\/\/analyse.optim.biz\/?p=1909040"},"modified":"2026-04-29T15:40:49","modified_gmt":"2026-04-29T12:40:49","slug":"criza-bugetara-la-vaslui-liberalii-se-abtin-la-vot-demisia-viceprimarului-si-disputa-pe-creditul-de-45-milioane-de-lei","status":"publish","type":"post","link":"https:\/\/analyse.optim.biz\/?p=1909040","title":{"rendered":"Criza bugetar\u0103 la Vaslui: liberalii se ab\u021bin la vot, demisia viceprimarului \u0219i disputa pe creditul de 45 MILIOANE de lei"},"content":{"rendered":"<p>[analyse_image type=&#8221;featured&#8221; src=&#8221;https:\/\/news-vaslui.ro\/wp-content\/uploads\/2026\/04\/featured-image-1777477245629.jpg&#8221;]<\/p>\n<div class=\"tdb-block-inner td-fix-index\"><a class=\"tdb-logo-a\" href=\"https:\/\/news-vaslui.ro\/\" title=\"logo\"><span class=\"tdb-logo-img-wrap\"><img decoding=\"async\" class=\"tdb-logo-img td-retina-data\" data-retina=\"https:\/\/news-vaslui.ro\/wp-content\/uploads\/2025\/12\/FACT-CHECKED-NEWS-VASLUI-2-300x85.png\" src=\"https:\/\/news-vaslui.ro\/wp-content\/uploads\/2025\/12\/FACT-CHECKED-NEWS-VASLUI-2-300x85.png\" alt=\"logo\" title=\"logo\"><\/span><\/a><\/div>\n<div class=\"tdb-block-inner td-fix-index\"><a class=\"tdb-logo-a\" href=\"https:\/\/news-vaslui.ro\/\" title=\"logo\"><span class=\"tdb-logo-img-wrap\"><img decoding=\"async\" class=\"tdb-logo-img td-retina-data\" data-retina=\"https:\/\/news-vaslui.ro\/wp-content\/uploads\/2025\/12\/FACT-CHECKED-NEWS-VASLUI-2-300x85.png\" src=\"https:\/\/news-vaslui.ro\/wp-content\/uploads\/2025\/12\/FACT-CHECKED-NEWS-VASLUI-2-300x85.png\" alt=\"logo\" title=\"logo\"><\/span><\/a><\/div>\n<div class=\"tdb-block-inner td-fix-index\"><a class=\"tdb-logo-a\" href=\"https:\/\/news-vaslui.ro\/\" title=\"logo\"><span class=\"tdb-logo-img-wrap\"><img decoding=\"async\" class=\"tdb-logo-img td-retina-data\" data-retina=\"https:\/\/news-vaslui.ro\/wp-content\/uploads\/2025\/12\/FACT-CHECKED-NEWS-VASLUI-2-300x85.png\" src=\"https:\/\/news-vaslui.ro\/wp-content\/uploads\/2025\/12\/FACT-CHECKED-NEWS-VASLUI-2-300x85.png\" alt=\"logo\" title=\"logo\"><\/span><\/a><\/div>\n<div class=\"tdb-block-inner td-fix-index\">\n<div class=\"tdb-head-date-txt\">miercuri, aprilie 29, 2026<\/div>\n<\/div>\n<div class=\"tdb-block-inner td-fix-index\">\n<div class=\"tdb-weather-deg-wrap\" data-block-uid=\"tdb_header_weather_uid\"><span class=\"tdb-weather-deg\">10.8<\/span><span class=\"tdb-weather-unit\">C<\/span><\/div>\n<div class=\"tdb-weather-city\">Vaslui<\/div>\n<\/div>\n<div class=\"tdb-block-inner td-fix-index\">\n<div class=\"tdb-drop-down-search\" aria-labelledby=\"td-header-search-button\">\n<div class=\"tdb-drop-down-search-inner\">\n<div class=\"tdb-search-form-inner\">\n<div class=\"tdb-head-search-placeholder\">type here&#8230;<\/div>\n<\/div>\n<\/div>\n<\/div>\n<\/div>\n<div class=\"tdb-block-inner td-fix-index\"><a class=\"tdb-logo-a\" href=\"https:\/\/news-vaslui.ro\/\" title=\"logo\"><span class=\"tdb-logo-img-wrap\"><img decoding=\"async\" class=\"tdb-logo-img td-retina-data\" data-retina=\"https:\/\/news-vaslui.ro\/wp-content\/uploads\/2025\/12\/FACT-CHECKED-NEWS-VASLUI-2-300x85.png\" src=\"https:\/\/news-vaslui.ro\/wp-content\/uploads\/2025\/12\/FACT-CHECKED-NEWS-VASLUI-2-300x85.png\" alt=\"Vaslui News\" title=\"logo\"><\/span><\/a><\/div>\n<div class=\"tdb-block-inner td-fix-index\"><img loading=\"lazy\" decoding=\"async\" width=\"1068\" height=\"712\" class=\"entry-thumb\" src=\"https:\/\/news-vaslui.ro\/wp-content\/uploads\/2026\/04\/featured-image-1777477245629-1068x712.jpg\" alt title=\"Featured Image\"><\/div>\n<div class=\"tdb-block-inner td-fix-index\"><span class=\"reading-time-number\">1<\/span><span class=\"tdb-minute-text\"> min.<\/span><span class=\"tdb-add-text\">Read<\/span><\/div>\n<div class=\"tdb-block-inner td-fix-index\">\n<h1 class=\"tdb-title-text\">Criza bugetar\u0103 la Vaslui: liberalii se ab\u021bin la vot, demisia viceprimarului \u0219i disputa pe creditul de 45 MILIOANE de lei<\/h1>\n<\/div>\n<div class=\"tdb-block-inner td-fix-index\"><a class=\"tdb-author-photo\" href=\"https:\/\/news-vaslui.ro\/author\/vasluidev\/\" title=\"News Vaslui\"><img decoding=\"async\" alt=\"News Vaslui\" src=\"https:\/\/secure.gravatar.com\/avatar\/7cd75f71af07ac3deeb6cda7fa3e40e8f10cbbf011f111ff652b3ec2cc663f22?s=96&amp;d=mm&amp;r=g\" class=\"avatar avatar-96 photo\" height=\"96\" width=\"96\" loading=\"lazy\"><\/a><\/p>\n<div class=\"tdb-author-name-wrap\"><span class=\"tdb-author-by\">By<\/span><a class=\"tdb-author-name\" href=\"https:\/\/news-vaslui.ro\/author\/vasluidev\/\">News Vaslui<\/a><\/div>\n<\/div>\n<div class=\"tdb-block-inner td-fix-index\"><time class=\"entry-date updated td-module-date\" datetime=\"2026-04-29T15:40:49+00:00\">29 aprilie 2026<\/time><\/div>\n<div class=\"td_block_wrap tdb_single_content tdi_103 td-pb-border-top td_block_template_1 td-post-content tagdiv-type\" data-td-block-uid=\"tdi_103\">\n<div class=\"tdb-block-inner td-fix-index\">\n<div class=\"post-sources-section\">\n<h3>Surse<\/h3>\n<div class=\"sources-list\"><a href=\"https:\/\/www.vremeanoua.ro\/emotii-cu-bugetul-vasluiului-liberalii-prin-vocea-lui-marius-arcaleanu-au-anuntat-ca-nu-il-vor-vota-pnl-se-opune-si-creditului-de-45-de-milioane-lei\" target=\"_blank\" rel=\"noopener\" class=\"source-item\"><\/p>\n<div class=\"source-thumb\"><img decoding=\"async\" src=\"https:\/\/news-vaslui.ro\/wp-content\/uploads\/2025\/12\/vremeanoua.png\" alt=\"Emo\u021bii cu bugetul Vasluiului: liberalii, prin vocea lui Marius Arc\u0103leanu, au anun\u021bat...\" class=\"td-animation-stack-type0-2\"><\/div>\n<div class=\"source-info\"><span class=\"source-publication\">Vremea Noua<\/span><span class=\"source-title\">Emo\u021bii cu bugetul Vasluiului: liberalii, prin vocea lui Marius Arc\u0103leanu, au anun\u021bat&#8230;<\/span><\/p>\n<p class=\"source-date\">29\/04\/2026<\/p>\n<\/div>\n<p><\/a><a href=\"https:\/\/www.vremeanoua.ro\/liberalul-daniel-bulumac-si-a-dat-demisia-din-functia-de-viceprimar-al-vasluiului\" target=\"_blank\" rel=\"noopener\" class=\"source-item\"><\/p>\n<div class=\"source-thumb\"><img decoding=\"async\" src=\"https:\/\/news-vaslui.ro\/wp-content\/uploads\/2025\/12\/vremeanoua.png\" alt=\"Liberalul Daniel Bulumac \u0219i-a dat demisia din func\u021bia de viceprimar al Vasluiului\" class=\"td-animation-stack-type0-2\"><\/div>\n<div class=\"source-info\"><span class=\"source-publication\">Vremea Noua<\/span><span class=\"source-title\">Liberalul Daniel Bulumac \u0219i-a dat demisia din func\u021bia de viceprimar al Vasluiului<\/span><\/p>\n<p class=\"source-date\">28\/04\/2026<\/p>\n<\/div>\n<p><\/a><a href=\"https:\/\/www.vremeanoua.ro\/lovitura-de-teatru-la-primaria-vaslui-vicele-bulumac-si-a-dat-demisia-constrans-de-seful-sau-de-la-partid-marius-arcaleanu\" target=\"_blank\" rel=\"noopener\" class=\"source-item\"><\/p>\n<div class=\"source-thumb\"><img decoding=\"async\" src=\"https:\/\/news-vaslui.ro\/wp-content\/uploads\/2025\/12\/vremeanoua.png\" alt=\"Lovitur\u0103 de teatru la Prim\u0103ria Vaslui: vicele Bulumac \u0219i-a dat demisia, constr\u00e2ns...\" class=\"td-animation-stack-type0-2\"><\/div>\n<div class=\"source-info\"><span class=\"source-publication\">Vremea Noua<\/span><span class=\"source-title\">Lovitur\u0103 de teatru la Prim\u0103ria Vaslui: vicele Bulumac \u0219i-a dat demisia, constr\u00e2ns&#8230;<\/span><\/p>\n<p class=\"source-date\">29\/04\/2026<\/p>\n<\/div>\n<p><\/a><a href=\"https:\/\/www.vremeanoua.ro\/liberalii-blocheaza-bugetul-vaslui-criza-consiliu-local\" target=\"_blank\" rel=\"noopener\" class=\"source-item\"><\/p>\n<div class=\"source-thumb\"><img decoding=\"async\" src=\"https:\/\/news-vaslui.ro\/wp-content\/uploads\/2025\/12\/vremeanoua.png\" alt=\"Consilierii liberali i-au ar\u0103tat pisica primarului Lucian Brani\u0219te, ab\u021bin\u00e2ndu-se s\u0103 voteze bugetul...\" class=\"td-animation-stack-type0-2\"><\/div>\n<div class=\"source-info\"><span class=\"source-publication\">Vremea Noua<\/span><span class=\"source-title\">Consilierii liberali i-au ar\u0103tat pisica primarului Lucian Brani\u0219te, ab\u021bin\u00e2ndu-se s\u0103 voteze bugetul&#8230;<\/span><\/p>\n<p class=\"source-date\">28\/04\/2026<\/p>\n<\/div>\n<p><\/a><\/div>\n<\/div>\n<p>Criza bugetar\u0103 de la Vaslui s-a acutizat \u00een ultimele zile, c\u00e2nd consilierii liberali au decis s\u0103 se ab\u021bin\u0103 at\u00e2t la proiectul de buget, c\u00e2t \u0219i la contractarea creditului de 45 MILIOANE de lei, l\u0103s\u00e2nd administra\u021bia local\u0103 \u00eentr-o pozi\u021bie delicat\u0103 \u00eenaintea unor decizii prioritare. Potrivit liderului PNL Vaslui, Marius Arc\u0103leanu, noul grup de consilieri format din PNL-FD (cu 5 membri) promite s\u0103 conteste cadrul bugetar, iar lipsa sus\u021binerii din partea unor nume ca Robert Vlada \u0219i Daniel Bulumac a sl\u0103bit majoritatea conducerii.<\/p>\n<p>Arc\u0103leanu a declarat c\u0103 bugetul nu va primi votul \u00een CL, \u00een contextul \u00een care prim\u0103ria nu a acceptat cele 99 de amendamente propuse de consilieri, ceea ce complic\u0103 demersurile de investi\u021bii ale ora\u0219ului. Datoriile pentru proiectele de dezvoltare depind acum de o nou\u0103 analiz\u0103 \u00een comisia Buget-Finan\u021be, s\u0103pt\u0103m\u00e2nile urm\u0103toare, iar lipsa unui acord rapid poate am\u00e2na finan\u021barea unor lucr\u0103ri esen\u021biale.<\/p>\n<p>\u00cen acest context, edilul-\u0219ef Lucian Brani\u0219te se zbate s\u0103 men\u021bin\u0103 o majoritate func\u021bional\u0103, dar atmosfera din Consiliu este una tensionat\u0103, iar opiniile divergente risc\u0103 s\u0103 pericliteze realizarea obiectivelor numeric de finan\u021bare. Paralel, \u00een zorii zilei de 28 aprilie, Daniel Bulumac, viceprimar al Vasluiului, \u0219i-a anun\u021bat demisia din func\u021bie.<\/p>\n<p>Anun\u021bul a fost \u00eenso\u021bit de versiuni diferite despre motivele deciziei: unii sus\u021bin c\u0103 decizia a venit \u00een urma unor discu\u021bii aprinse cu conducerea interimar\u0103 a PNL Vaslui, iar al\u021bii o v\u0103d ca pe rezultatul unor diferen\u021be de viziune cu noua orientare a partidului. Demisia lui Bulumac adaug\u0103 volatilitate scenei politice locale \u0219i poate conduce la reevaluarea echilibrului de putere \u00een consiliu, afect\u00e2nd capacitatea administra\u021biei de a negocia bugetul pe anul \u00een curs \u0219i de a gestiona cu eficien\u021b\u0103 creditul de 45 MILIOANE DE LEI pentru investi\u021bii.<\/p>\n<p>Disputa intern\u0103 din PNL Vaslui, \u201ep\u00e2n\u0103 unde poate merge\u201d schimbarea majorit\u0103\u021bii \u0219i impactul demisiei asupra proiectelor locale r\u0103m\u00e2n a fi evaluate \u00een s\u0103pt\u0103m\u00e2nile viitoare, pe m\u0103sur\u0103 ce dosarele bugetare intr\u0103 \u00een etapa de dezbatere public\u0103 \u0219i de vot.\u201d<\/p>\n<\/div>\n<\/div>\n<div class=\"tdb-block-inner td-fix-index\">\n<div class=\"post-sources-section\">\n<h3>Surse<\/h3>\n<div class=\"sources-list\"><a href=\"https:\/\/www.vremeanoua.ro\/emotii-cu-bugetul-vasluiului-liberalii-prin-vocea-lui-marius-arcaleanu-au-anuntat-ca-nu-il-vor-vota-pnl-se-opune-si-creditului-de-45-de-milioane-lei\" target=\"_blank\" rel=\"noopener\" class=\"source-item\"><\/p>\n<div class=\"source-thumb\"><img decoding=\"async\" src=\"https:\/\/news-vaslui.ro\/wp-content\/uploads\/2025\/12\/vremeanoua.png\" alt=\"Emo\u021bii cu bugetul Vasluiului: liberalii, prin vocea lui Marius Arc\u0103leanu, au anun\u021bat...\" class=\"td-animation-stack-type0-2\"><\/div>\n<div class=\"source-info\"><span class=\"source-publication\">Vremea Noua<\/span><span class=\"source-title\">Emo\u021bii cu bugetul Vasluiului: liberalii, prin vocea lui Marius Arc\u0103leanu, au anun\u021bat&#8230;<\/span><\/p>\n<p class=\"source-date\">29\/04\/2026<\/p>\n<\/div>\n<p><\/a><a href=\"https:\/\/www.vremeanoua.ro\/liberalul-daniel-bulumac-si-a-dat-demisia-din-functia-de-viceprimar-al-vasluiului\" target=\"_blank\" rel=\"noopener\" class=\"source-item\"><\/p>\n<div class=\"source-thumb\"><img decoding=\"async\" src=\"https:\/\/news-vaslui.ro\/wp-content\/uploads\/2025\/12\/vremeanoua.png\" alt=\"Liberalul Daniel Bulumac \u0219i-a dat demisia din func\u021bia de viceprimar al Vasluiului\" class=\"td-animation-stack-type0-2\"><\/div>\n<div class=\"source-info\"><span class=\"source-publication\">Vremea Noua<\/span><span class=\"source-title\">Liberalul Daniel Bulumac \u0219i-a dat demisia din func\u021bia de viceprimar al Vasluiului<\/span><\/p>\n<p class=\"source-date\">28\/04\/2026<\/p>\n<\/div>\n<p><\/a><a href=\"https:\/\/www.vremeanoua.ro\/lovitura-de-teatru-la-primaria-vaslui-vicele-bulumac-si-a-dat-demisia-constrans-de-seful-sau-de-la-partid-marius-arcaleanu\" target=\"_blank\" rel=\"noopener\" class=\"source-item\"><\/p>\n<div class=\"source-thumb\"><img decoding=\"async\" src=\"https:\/\/news-vaslui.ro\/wp-content\/uploads\/2025\/12\/vremeanoua.png\" alt=\"Lovitur\u0103 de teatru la Prim\u0103ria Vaslui: vicele Bulumac \u0219i-a dat demisia, constr\u00e2ns...\" class=\"td-animation-stack-type0-2\"><\/div>\n<div class=\"source-info\"><span class=\"source-publication\">Vremea Noua<\/span><span class=\"source-title\">Lovitur\u0103 de teatru la Prim\u0103ria Vaslui: vicele Bulumac \u0219i-a dat demisia, constr\u00e2ns&#8230;<\/span><\/p>\n<p class=\"source-date\">29\/04\/2026<\/p>\n<\/div>\n<p><\/a><a href=\"https:\/\/www.vremeanoua.ro\/liberalii-blocheaza-bugetul-vaslui-criza-consiliu-local\" target=\"_blank\" rel=\"noopener\" class=\"source-item\"><\/p>\n<div class=\"source-thumb\"><img decoding=\"async\" src=\"https:\/\/news-vaslui.ro\/wp-content\/uploads\/2025\/12\/vremeanoua.png\" alt=\"Consilierii liberali i-au ar\u0103tat pisica primarului Lucian Brani\u0219te, ab\u021bin\u00e2ndu-se s\u0103 voteze bugetul...\" class=\"td-animation-stack-type0-2\"><\/div>\n<div class=\"source-info\"><span class=\"source-publication\">Vremea Noua<\/span><span class=\"source-title\">Consilierii liberali i-au ar\u0103tat pisica primarului Lucian Brani\u0219te, ab\u021bin\u00e2ndu-se s\u0103 voteze bugetul&#8230;<\/span><\/p>\n<p class=\"source-date\">28\/04\/2026<\/p>\n<\/div>\n<p><\/a><\/div>\n<\/div>\n<p>Criza bugetar\u0103 de la Vaslui s-a acutizat \u00een ultimele zile, c\u00e2nd consilierii liberali au decis s\u0103 se ab\u021bin\u0103 at\u00e2t la proiectul de buget, c\u00e2t \u0219i la contractarea creditului de 45 MILIOANE de lei, l\u0103s\u00e2nd administra\u021bia local\u0103 \u00eentr-o pozi\u021bie delicat\u0103 \u00eenaintea unor decizii prioritare. Potrivit liderului PNL Vaslui, Marius Arc\u0103leanu, noul grup de consilieri format din PNL-FD (cu 5 membri) promite s\u0103 conteste cadrul bugetar, iar lipsa sus\u021binerii din partea unor nume ca Robert Vlada \u0219i Daniel Bulumac a sl\u0103bit majoritatea conducerii.<\/p>\n<p>Arc\u0103leanu a declarat c\u0103 bugetul nu va primi votul \u00een CL, \u00een contextul \u00een care prim\u0103ria nu a acceptat cele 99 de amendamente propuse de consilieri, ceea ce complic\u0103 demersurile de investi\u021bii ale ora\u0219ului. Datoriile pentru proiectele de dezvoltare depind acum de o nou\u0103 analiz\u0103 \u00een comisia Buget-Finan\u021be, s\u0103pt\u0103m\u00e2nile urm\u0103toare, iar lipsa unui acord rapid poate am\u00e2na finan\u021barea unor lucr\u0103ri esen\u021biale.<\/p>\n<p>\u00cen acest context, edilul-\u0219ef Lucian Brani\u0219te se zbate s\u0103 men\u021bin\u0103 o majoritate func\u021bional\u0103, dar atmosfera din Consiliu este una tensionat\u0103, iar opiniile divergente risc\u0103 s\u0103 pericliteze realizarea obiectivelor numeric de finan\u021bare. Paralel, \u00een zorii zilei de 28 aprilie, Daniel Bulumac, viceprimar al Vasluiului, \u0219i-a anun\u021bat demisia din func\u021bie.<\/p>\n<p>Anun\u021bul a fost \u00eenso\u021bit de versiuni diferite despre motivele deciziei: unii sus\u021bin c\u0103 decizia a venit \u00een urma unor discu\u021bii aprinse cu conducerea interimar\u0103 a PNL Vaslui, iar al\u021bii o v\u0103d ca pe rezultatul unor diferen\u021be de viziune cu noua orientare a partidului. Demisia lui Bulumac adaug\u0103 volatilitate scenei politice locale \u0219i poate conduce la reevaluarea echilibrului de putere \u00een consiliu, afect\u00e2nd capacitatea administra\u021biei de a negocia bugetul pe anul \u00een curs \u0219i de a gestiona cu eficien\u021b\u0103 creditul de 45 MILIOANE DE LEI pentru investi\u021bii.<\/p>\n<p>Disputa intern\u0103 din PNL Vaslui, \u201ep\u00e2n\u0103 unde poate merge\u201d schimbarea majorit\u0103\u021bii \u0219i impactul demisiei asupra proiectelor locale r\u0103m\u00e2n a fi evaluate \u00een s\u0103pt\u0103m\u00e2nile viitoare, pe m\u0103sur\u0103 ce dosarele bugetare intr\u0103 \u00een etapa de dezbatere public\u0103 \u0219i de vot.\u201d<\/p>\n<\/div>\n<div class=\"tdb-block-inner td-fix-index\">\n<div class=\"tdb-next-post tdb-next-post-bg tdb-post-prev\"><span>Articolul precedent<\/span><\/p>\n<div class=\"td-module-container\">\n<div class=\"td-image-container\"><a class=\"td-image-wrap\" href=\"https:\/\/news-vaslui.ro\/amanarea-scumpirii-biletelor-la-metrou-ministrul-cere-metrorex-un-plan-de-reduceri-ale-cheltuielilor\/\"><img decoding=\"async\" class=\"td-next-prev-image td-fix-index\" src=\"https:\/\/news-vaslui.ro\/wp-content\/uploads\/2026\/04\/featured-image-1777390865888-1068x712.jpg\"><\/a><\/div>\n<div class=\"next-prev-title\"><a href=\"https:\/\/news-vaslui.ro\/amanarea-scumpirii-biletelor-la-metrou-ministrul-cere-metrorex-un-plan-de-reduceri-ale-cheltuielilor\/\">Am\u00e2narea scumpirii biletelor la metrou: ministrul cere Metrorex un plan de reduceri ale cheltuielilor<\/a><\/div>\n<\/div>\n<\/div>\n<div class=\"tdb-next-post tdb-next-post-bg tdb-post-next\"><span>Articolul urm\u0103tor<\/span><\/p>\n<div class=\"td-module-container\">\n<div class=\"td-image-container\"><a class=\"td-image-wrap\" href=\"https:\/\/news-vaslui.ro\/incendiu-la-o-biserica-catolica-din-surdesti-acoperisul-cuprins-de-flacari-si-mobilizare-masiva-a-fortelor\/\"><img decoding=\"async\" class=\"td-next-prev-image td-fix-index\" src=\"https:\/\/news-vaslui.ro\/wp-content\/uploads\/2026\/04\/featured-image-1777477254224-1068x712.jpg\"><\/a><\/div>\n<div class=\"next-prev-title\"><a href=\"https:\/\/news-vaslui.ro\/incendiu-la-o-biserica-catolica-din-surdesti-acoperisul-cuprins-de-flacari-si-mobilizare-masiva-a-fortelor\/\">Incendiu la o biseric\u0103 catolic\u0103 din \u0218urde\u0219ti: acoperi\u0219ul cuprins de fl\u0103c\u0103ri \u0219i mobilizare masiv\u0103 a for\u021belor<\/a><\/div>\n<\/div>\n<\/div>\n<\/div>\n<div class=\"tdb-block-inner td-fix-index\"><a class=\"tdb-logo-a\" href=\"https:\/\/news-vaslui.ro\/\" title=\"logo\"><span class=\"tdb-logo-img-wrap\"><img decoding=\"async\" class=\"tdb-logo-img td-retina-data\" data-retina=\"https:\/\/news-vaslui.ro\/wp-content\/uploads\/2025\/12\/FACT-CHECKED-NEWS-VASLUI-2-300x85.png\" src=\"https:\/\/news-vaslui.ro\/wp-content\/uploads\/2025\/12\/FACT-CHECKED-NEWS-VASLUI-2-300x85.png\" alt=\"logo\" title=\"logo\"><\/span><\/a><\/div>\n<p>[analyse_source url=&#8221;https:\/\/news-vaslui.ro\/criza-bugetara-la-vaslui-liberalii-se-abtin-la-vot-demisia-viceprimarului-si-disputa-pe-creditul-de-45-milioane-de-lei\/#new_tab&#8221;]<\/p>\n","protected":false},"excerpt":{"rendered":"<p>[analyse_image type=&#8221;featured&#8221; src=&#8221;https:\/\/news-vaslui.ro\/wp-content\/uploads\/2026\/04\/featured-image-1777477245629.jpg&#8221;] miercuri, aprilie 29, 2026 10.8C Vaslui type here&#8230; 1 min.Read Criza bugetar\u0103 la Vaslui: liberalii se ab\u021bin la vot, demisia viceprimarului \u0219i disputa pe creditul de 45 MILIOANE de lei ByNews Vaslui 29 aprilie 2026 Surse Vremea NouaEmo\u021bii cu bugetul Vasluiului: liberalii, prin vocea lui Marius Arc\u0103leanu, au anun\u021bat&#8230; 29\/04\/2026 Vremea NouaLiberalul [&hellip;]<\/p>\n","protected":false},"author":1,"featured_media":0,"comment_status":"open","ping_status":"","sticky":false,"template":"","format":"standard","meta":{"footnotes":""},"categories":[89],"tags":[226,217],"class_list":["post-1909040","post","type-post","status-publish","format-standard","hentry","category-romania","tag-crawlmanager","tag-vaslui-robo-stiri-ro"],"_links":{"self":[{"href":"https:\/\/analyse.optim.biz\/index.php?rest_route=\/wp\/v2\/posts\/1909040","targetHints":{"allow":["GET"]}}],"collection":[{"href":"https:\/\/analyse.optim.biz\/index.php?rest_route=\/wp\/v2\/posts"}],"about":[{"href":"https:\/\/analyse.optim.biz\/index.php?rest_route=\/wp\/v2\/types\/post"}],"author":[{"embeddable":true,"href":"https:\/\/analyse.optim.biz\/index.php?rest_route=\/wp\/v2\/users\/1"}],"replies":[{"embeddable":true,"href":"https:\/\/analyse.optim.biz\/index.php?rest_route=%2Fwp%2Fv2%2Fcomments&post=1909040"}],"version-history":[{"count":0,"href":"https:\/\/analyse.optim.biz\/index.php?rest_route=\/wp\/v2\/posts\/1909040\/revisions"}],"wp:attachment":[{"href":"https:\/\/analyse.optim.biz\/index.php?rest_route=%2Fwp%2Fv2%2Fmedia&parent=1909040"}],"wp:term":[{"taxonomy":"category","embeddable":true,"href":"https:\/\/analyse.optim.biz\/index.php?rest_route=%2Fwp%2Fv2%2Fcategories&post=1909040"},{"taxonomy":"post_tag","embeddable":true,"href":"https:\/\/analyse.optim.biz\/index.php?rest_route=%2Fwp%2Fv2%2Ftags&post=1909040"}],"curies":[{"name":"wp","href":"https:\/\/api.w.org\/{rel}","templated":true}]}}