{"id":1909003,"date":"2026-04-29T13:55:08","date_gmt":"2026-04-29T10:55:08","guid":{"rendered":"https:\/\/analyse.optim.biz\/?p=1909003"},"modified":"2026-04-29T13:55:08","modified_gmt":"2026-04-29T10:55:08","slug":"bogdan-comaroni-despre-resetarea-controlata-cum-a-orchestrat-nicusor-dan-eliminarea-lui-ilie-bolojan","status":"publish","type":"post","link":"https:\/\/analyse.optim.biz\/?p=1909003","title":{"rendered":"Bogdan Comaroni, despre resetarea controlat\u0103: cum a orchestrat Nicu\u0219or Dan eliminarea lui Ilie Bolojan"},"content":{"rendered":"<p>[analyse_image type=&#8221;featured&#8221; src=&#8221;https:\/\/solidnews.ro\/wp-content\/uploads\/2026\/04\/Bolojan-si-Nicusor-Dan.jpg&#8221;]<\/p>\n<div class=\"td_block_wrap tdb_single_content tdi_120 td-pb-border-top td_block_template_1 td-post-content tagdiv-type\" data-td-block-uid=\"tdi_120\">\n<div class=\"tdb-block-inner td-fix-index\">\n<p><strong><em>Autor: Oana-Medeea Groza<\/em><\/strong><\/p>\n<p><strong>\u00cen emisiunea \u201eCe-i \u00een Gu\u0219\u0103, \u0219i-n c\u0103pu\u0219\u0103\u201d, moderat\u0103 de Cozmin Gu\u0219\u0103 la Radio Gold FM, jurnalistul Bogdan Comaroni a vorbit despre solu\u021biile de viitor premier pe care le poate aborda Nicu\u0219or Dan (ca o continuare a <a href=\"https:\/\/youtu.be\/75KkUemUke8\">analizei<\/a> de acum o s\u0103pt\u0103m\u00e2n\u0103), despre deciziile antina\u021bionale pe care Ilie Bolojan le preg\u0103tea, prin prisma aloc\u0103rilor contractelor de \u00eenzestrare din programul SAFE, respectiv despre ridicarea imunit\u0103\u021bii Dianei \u0218o\u0219oac\u0103 \u0219i atitudinea iresponsabil\u0103 a majorit\u0103\u021bii europarlamentarilor rom\u00e2ni.<\/strong><\/p>\n<p>Jurnalistul Bogdan Comaroni a subliniat \u00eenc\u0103 de la \u00eenceputul analizei sale c\u0103 situa\u021bia tensionat\u0103 de pe scena politic\u0103 rom\u00e2neasc\u0103, din aceste momente, nu este o criz\u0103 real\u0103, ci doar \u00eenc\u0103 un aranjament \u00een lungul \u0219ir de \u00eenvoieli politice, de data aceasta orchestrat de pre\u0219edintele Nicu\u0219or Dan. Schimbarea ce se genereaz\u0103 pe aceast\u0103 cale, \u00eens\u0103, este una pozitiv\u0103, pentru c\u0103 Ilie Bolojan n-a fost altceva \u00een mandatul s\u0103u dec\u00e2t un asasin economic, care a aruncat \u021bara \u00een haos, firmele \u0219i produc\u0103torii \u00een faliment \u0219i cet\u0103\u021benii \u00eentr-o s\u0103r\u0103cie accentuat\u0103.<\/p>\n<p>Era de a\u0219teptat ca PSD-ul s\u0103 fac\u0103 aceast\u0103 mutare politic\u0103 de opozi\u021bie, pentru c\u0103 altfel ar fi trebuit s\u0103 se supun\u0103 m\u0103surilor lui Bolojan, ceea ce i-ar fi adus un declin electoral \u0219i mai mare. Bogdan Comaroni prognozeaz\u0103, \u00eens\u0103, c\u0103 nu se va putea face o nou\u0103 structur\u0103 guvernamental\u0103 cu mult diferit\u0103 de cea actual\u0103 \u0219i c\u0103 \u00eentreaga opera\u021biune s-a desf\u0103\u0219urat cu singurul scop de a-l elimina pe Ilie Bolojan. AUR-ul, care ar fi putut for\u021ba un moment de resetare politic\u0103, nu sus\u021bine suspendarea pre\u0219edintelui \u0219i mizeaz\u0103 \u00eenc\u0103 pe varianta \u00een care se va ajunge la alegeri anticipate. AUR-ul r\u0103m\u00e2ne la m\u00e2na PSD-ului, ceea ce este o pozi\u021bie ingrat\u0103.<\/p>\n<iframe loading=\"lazy\" title=\"Bogdan Comaroni, despre cele 3 solu\u021bii de rezolvare a crizei guvernamentale\" src=\"https:\/\/www.youtube.com\/embed\/75KkUemUke8\" width=\"485\" height=\"281\" frameborder allowfullscreen=\"allowfullscreen\"><\/iframe>\n<p>Bogdan Comaroni consider\u0103 c\u0103 adev\u0103rata solu\u021bie, care s-ar putea implementa dup\u0103 ce trece mo\u021biunea de cenzur\u0103 \u0219i pic\u0103 guvernul Bolojan, ar fi crearea unui guvern de uniune na\u021bional\u0103, cu premier C\u0103lin Georgescu, tocmai pentru ca rom\u00e2nii s\u0103 vad\u0103 de ce ar putea fi \u00een stare \u201eVoievodul\u201d, put\u00e2nd foarte u\u0219or s\u0103-l demit\u0103 dac\u0103 nu se ridic\u0103 la a\u0219tept\u0103rile poporului. \u00cen realitate, e limpede c\u0103 nu se va adopta aceast\u0103 solu\u021bie, ci se va ajunge la formarea unei \u201estru\u021bo-c\u0103mile\u201d politice, cu acelea\u0219i partide \u00een compozi\u021bia guvernului, dar cu un nou premier. Totu\u0219i, ca o ultim\u0103 lovitur\u0103 dat\u0103 de Nicu\u0219or Dan USR-ului pe care \u00eel consider\u0103 tr\u0103d\u0103tor, acest partid nu va mai intra \u00een noua formul\u0103 de guvernare. Nicu\u0219or Dan a \u00eencercat, \u00een ultima vreme, s\u0103-\u0219i c\u00e2\u0219tige simpatia popular\u0103, iar PSD-ul se revopse\u0219te politic, poz\u00e2nd \u00een partid mai apropiat de suveranism, \u00een timp ce AUR-ul \u00ee\u0219i joac\u0103 rolul f\u0103r\u0103 ezitare, f\u0103r\u0103 s\u0103 beneficieze ulterior de rezultate reale.<\/p>\n<p>Din p\u0103cate, Rom\u00e2nia este condus\u0103 de politicieni care doar execut\u0103 ordinele din afar\u0103, v\u00e2nz\u00e2nd activele \u021b\u0103rii \u0219i pun\u00e2nd economia na\u021bional\u0103 pe butuci, spre a sprijini alte state, precum Ucraina. Totodat\u0103, Rom\u00e2nia este \u00een contra trendului european, prin care \u021b\u0103rile dezvoltate \u00ee\u0219i redeschid fabricile \u0219i centralele, \u00een timp ce noi accept\u0103m s\u0103 le \u021binem \u00eenchise \u0219i s\u0103 achizi\u021bion\u0103m resurse scumpe, \u00eentr-un context de criz\u0103 global\u0103. Prin programul de \u00eenzestrare SAFE, banii aloca\u021bi Rom\u00e2niei sunt reinvesti\u021bi \u00een Fran\u021ba \u0219i Germania, \u00een lipsa semn\u0103rii vreunui parteneriat strategic.<\/p>\n<p><strong>Ridicarea imunit\u0103\u021bii Dianei \u0218o\u0219oac\u0103 \u0219i atitudinea iresponsabil\u0103 a majorit\u0103\u021bii europarlamentarilor rom\u00e2ni<\/strong><\/p>\n<p>Diana \u0218o\u0219oac\u0103 este vocea rom\u00e2nilor, prin care se strig\u0103 nemul\u021bumirile cele mai stringente, de la s\u0103r\u0103cirea poporului prin v\u00e2nzarea \u021b\u0103rii, p\u00e2n\u0103 la guvernarea tr\u0103d\u0103toare \u0219i antina\u021bional\u0103 \u0219i distrugerea culturii rom\u00e2ne. E limpede c\u0103 discursul ei deranjeaz\u0103 \u0219i de aceea se \u00eencearc\u0103 \u00eendep\u0103rtarea sa din orice mediu politic \u00eenalt de unde ar putea amenda \u0219i, eventual, solu\u021biona neregulile din \u021bar\u0103.<\/p>\n<blockquote class=\"wp-embedded-content\" data-secret=\"YbTwOeFxki\">\n<p><a href=\"https:\/\/solidnews.ro\/ce-trebuie-sa-stim-ca-sa-nu-gresim-daca-stim-ca-bolojan-pica-la-presiunea-lui-nicusor-dan-cunoastem-ca-guvernarea-se-vrea-sa-fie-cu-psd-pnl-udmr-de-ce-liberalii-nu-i\/\">\u201cCe trebuie s\u0103 \u0219tim \/ Ca s\u0103 nu \u2026 gre\u0219im\u201d:  Dac\u0103 \u0219tim c\u0103 Bolojan pic\u0103 la presiunea lui Nicu\u0219or Dan, cunoa\u0219tem c\u0103 guvernarea se vrea s\u0103 fie cu PSD-PNL-UDMR, de ce liberalii nu-i fac v\u00e2nt lui Ilie-S\u0103r\u0103cie dac\u0103 vor s\u0103 r\u0103m\u00e2n\u0103 \u00een jocul de putere?! \/ Europarlamentarii rom\u00e2ni \u0219i votul contra Dianei \u0218o\u0219oac\u0103, O RU\u0218INE NA\u021aIONAL\u0102! \/ Ce putem pricepe din schimbul spionului moldovean arestat de rom\u00e2ni cu al\u021bi 2 spioni re\u021binu\u021bi de ru\u0219i, gra\u021bierea acestuia de c\u0103tre Maia Sandu, ca s\u0103 poat\u0103 fi primit cu flori \u00een Belarus?!<\/a><\/p>\n<\/blockquote>\n\n<p>Dianei \u0218o\u0219oac\u0103 i s-a ridicat imunitatea de europarlamentar din partea Rom\u00e2niei, tocmai pentru a putea fi judecat\u0103 \u00eentr-un dosar contraf\u0103cut, care ar cuprinde 11 infrac\u021biuni. Bogdan Comaroni este de p\u0103rere c\u0103 Diana \u0218o\u0219oac\u0103 nu va fi arestat\u0103, va r\u0103m\u00e2ne pre\u0219edinte de partid la SOS Rom\u00e2nia, \u00eens\u0103 se va folosi acest dosar fabricat \u00eempotriva ei, similar cu modelul C\u0103lin Georgescu, pentru a fi controlat\u0103 \u0219i temperat\u0103. Rom\u00e2nii care au votat \u00eempotriva colegei lor s-au f\u0103cut de r\u00e2s, \u00eentr-o \u00eencercare exagerat\u0103 de a-\u0219i ar\u0103ta europenismul (de fapt, neomarxismul), sper\u00e2nd s\u0103 ob\u021bin\u0103 avantaje \u00een PE.<\/p>\n<p><strong>Emisiunea \u201eCe-i \u00een Gu\u0219\u0103, \u0219i-n c\u0103pu\u0219\u0103\u201d, moderat\u0103 de Cozmin Gu\u0219\u0103, poate fi urm\u0103rit\u0103 de luni p\u00e2n\u0103 joi, pe Radio Gold FM, \u00eencep\u00e2nd cu ora 13. \u00cenregistrarea integral\u0103 poate fi urm\u0103rit\u0103 pe pagina de Facebook a Radio Gold FM Rom\u00e2nia, dar \u0219i pe platforma goldtv.ro.<\/strong><\/p>\n<\/div>\n<\/div>\n<div class=\"td_block_wrap tdb_single_content tdi_120 td-pb-border-top td_block_template_1 td-post-content tagdiv-type\" data-td-block-uid=\"tdi_120\">\n<div class=\"tdb-block-inner td-fix-index\">\n<p><strong><em>Autor: Oana-Medeea Groza<\/em><\/strong><\/p>\n<p><strong>\u00cen emisiunea \u201eCe-i \u00een Gu\u0219\u0103, \u0219i-n c\u0103pu\u0219\u0103\u201d, moderat\u0103 de Cozmin Gu\u0219\u0103 la Radio Gold FM, jurnalistul Bogdan Comaroni a vorbit despre solu\u021biile de viitor premier pe care le poate aborda Nicu\u0219or Dan (ca o continuare a <a href=\"https:\/\/youtu.be\/75KkUemUke8\">analizei<\/a> de acum o s\u0103pt\u0103m\u00e2n\u0103), despre deciziile antina\u021bionale pe care Ilie Bolojan le preg\u0103tea, prin prisma aloc\u0103rilor contractelor de \u00eenzestrare din programul SAFE, respectiv despre ridicarea imunit\u0103\u021bii Dianei \u0218o\u0219oac\u0103 \u0219i atitudinea iresponsabil\u0103 a majorit\u0103\u021bii europarlamentarilor rom\u00e2ni.<\/strong><\/p>\n<p>Jurnalistul Bogdan Comaroni a subliniat \u00eenc\u0103 de la \u00eenceputul analizei sale c\u0103 situa\u021bia tensionat\u0103 de pe scena politic\u0103 rom\u00e2neasc\u0103, din aceste momente, nu este o criz\u0103 real\u0103, ci doar \u00eenc\u0103 un aranjament \u00een lungul \u0219ir de \u00eenvoieli politice, de data aceasta orchestrat de pre\u0219edintele Nicu\u0219or Dan. Schimbarea ce se genereaz\u0103 pe aceast\u0103 cale, \u00eens\u0103, este una pozitiv\u0103, pentru c\u0103 Ilie Bolojan n-a fost altceva \u00een mandatul s\u0103u dec\u00e2t un asasin economic, care a aruncat \u021bara \u00een haos, firmele \u0219i produc\u0103torii \u00een faliment \u0219i cet\u0103\u021benii \u00eentr-o s\u0103r\u0103cie accentuat\u0103.<\/p>\n<p>Era de a\u0219teptat ca PSD-ul s\u0103 fac\u0103 aceast\u0103 mutare politic\u0103 de opozi\u021bie, pentru c\u0103 altfel ar fi trebuit s\u0103 se supun\u0103 m\u0103surilor lui Bolojan, ceea ce i-ar fi adus un declin electoral \u0219i mai mare. Bogdan Comaroni prognozeaz\u0103, \u00eens\u0103, c\u0103 nu se va putea face o nou\u0103 structur\u0103 guvernamental\u0103 cu mult diferit\u0103 de cea actual\u0103 \u0219i c\u0103 \u00eentreaga opera\u021biune s-a desf\u0103\u0219urat cu singurul scop de a-l elimina pe Ilie Bolojan. AUR-ul, care ar fi putut for\u021ba un moment de resetare politic\u0103, nu sus\u021bine suspendarea pre\u0219edintelui \u0219i mizeaz\u0103 \u00eenc\u0103 pe varianta \u00een care se va ajunge la alegeri anticipate. AUR-ul r\u0103m\u00e2ne la m\u00e2na PSD-ului, ceea ce este o pozi\u021bie ingrat\u0103.<\/p>\n<iframe loading=\"lazy\" title=\"Bogdan Comaroni, despre cele 3 solu\u021bii de rezolvare a crizei guvernamentale\" src=\"https:\/\/www.youtube.com\/embed\/75KkUemUke8\" width=\"485\" height=\"281\" frameborder allowfullscreen=\"allowfullscreen\"><\/iframe>\n<p>Bogdan Comaroni consider\u0103 c\u0103 adev\u0103rata solu\u021bie, care s-ar putea implementa dup\u0103 ce trece mo\u021biunea de cenzur\u0103 \u0219i pic\u0103 guvernul Bolojan, ar fi crearea unui guvern de uniune na\u021bional\u0103, cu premier C\u0103lin Georgescu, tocmai pentru ca rom\u00e2nii s\u0103 vad\u0103 de ce ar putea fi \u00een stare \u201eVoievodul\u201d, put\u00e2nd foarte u\u0219or s\u0103-l demit\u0103 dac\u0103 nu se ridic\u0103 la a\u0219tept\u0103rile poporului. \u00cen realitate, e limpede c\u0103 nu se va adopta aceast\u0103 solu\u021bie, ci se va ajunge la formarea unei \u201estru\u021bo-c\u0103mile\u201d politice, cu acelea\u0219i partide \u00een compozi\u021bia guvernului, dar cu un nou premier. Totu\u0219i, ca o ultim\u0103 lovitur\u0103 dat\u0103 de Nicu\u0219or Dan USR-ului pe care \u00eel consider\u0103 tr\u0103d\u0103tor, acest partid nu va mai intra \u00een noua formul\u0103 de guvernare. Nicu\u0219or Dan a \u00eencercat, \u00een ultima vreme, s\u0103-\u0219i c\u00e2\u0219tige simpatia popular\u0103, iar PSD-ul se revopse\u0219te politic, poz\u00e2nd \u00een partid mai apropiat de suveranism, \u00een timp ce AUR-ul \u00ee\u0219i joac\u0103 rolul f\u0103r\u0103 ezitare, f\u0103r\u0103 s\u0103 beneficieze ulterior de rezultate reale.<\/p>\n<p>Din p\u0103cate, Rom\u00e2nia este condus\u0103 de politicieni care doar execut\u0103 ordinele din afar\u0103, v\u00e2nz\u00e2nd activele \u021b\u0103rii \u0219i pun\u00e2nd economia na\u021bional\u0103 pe butuci, spre a sprijini alte state, precum Ucraina. Totodat\u0103, Rom\u00e2nia este \u00een contra trendului european, prin care \u021b\u0103rile dezvoltate \u00ee\u0219i redeschid fabricile \u0219i centralele, \u00een timp ce noi accept\u0103m s\u0103 le \u021binem \u00eenchise \u0219i s\u0103 achizi\u021bion\u0103m resurse scumpe, \u00eentr-un context de criz\u0103 global\u0103. Prin programul de \u00eenzestrare SAFE, banii aloca\u021bi Rom\u00e2niei sunt reinvesti\u021bi \u00een Fran\u021ba \u0219i Germania, \u00een lipsa semn\u0103rii vreunui parteneriat strategic.<\/p>\n<p><strong>Ridicarea imunit\u0103\u021bii Dianei \u0218o\u0219oac\u0103 \u0219i atitudinea iresponsabil\u0103 a majorit\u0103\u021bii europarlamentarilor rom\u00e2ni<\/strong><\/p>\n<p>Diana \u0218o\u0219oac\u0103 este vocea rom\u00e2nilor, prin care se strig\u0103 nemul\u021bumirile cele mai stringente, de la s\u0103r\u0103cirea poporului prin v\u00e2nzarea \u021b\u0103rii, p\u00e2n\u0103 la guvernarea tr\u0103d\u0103toare \u0219i antina\u021bional\u0103 \u0219i distrugerea culturii rom\u00e2ne. E limpede c\u0103 discursul ei deranjeaz\u0103 \u0219i de aceea se \u00eencearc\u0103 \u00eendep\u0103rtarea sa din orice mediu politic \u00eenalt de unde ar putea amenda \u0219i, eventual, solu\u021biona neregulile din \u021bar\u0103.<\/p>\n<blockquote class=\"wp-embedded-content\" data-secret=\"YbTwOeFxki\">\n<p><a href=\"https:\/\/solidnews.ro\/ce-trebuie-sa-stim-ca-sa-nu-gresim-daca-stim-ca-bolojan-pica-la-presiunea-lui-nicusor-dan-cunoastem-ca-guvernarea-se-vrea-sa-fie-cu-psd-pnl-udmr-de-ce-liberalii-nu-i\/\">\u201cCe trebuie s\u0103 \u0219tim \/ Ca s\u0103 nu \u2026 gre\u0219im\u201d:  Dac\u0103 \u0219tim c\u0103 Bolojan pic\u0103 la presiunea lui Nicu\u0219or Dan, cunoa\u0219tem c\u0103 guvernarea se vrea s\u0103 fie cu PSD-PNL-UDMR, de ce liberalii nu-i fac v\u00e2nt lui Ilie-S\u0103r\u0103cie dac\u0103 vor s\u0103 r\u0103m\u00e2n\u0103 \u00een jocul de putere?! \/ Europarlamentarii rom\u00e2ni \u0219i votul contra Dianei \u0218o\u0219oac\u0103, O RU\u0218INE NA\u021aIONAL\u0102! \/ Ce putem pricepe din schimbul spionului moldovean arestat de rom\u00e2ni cu al\u021bi 2 spioni re\u021binu\u021bi de ru\u0219i, gra\u021bierea acestuia de c\u0103tre Maia Sandu, ca s\u0103 poat\u0103 fi primit cu flori \u00een Belarus?!<\/a><\/p>\n<\/blockquote>\n\n<p>Dianei \u0218o\u0219oac\u0103 i s-a ridicat imunitatea de europarlamentar din partea Rom\u00e2niei, tocmai pentru a putea fi judecat\u0103 \u00eentr-un dosar contraf\u0103cut, care ar cuprinde 11 infrac\u021biuni. Bogdan Comaroni este de p\u0103rere c\u0103 Diana \u0218o\u0219oac\u0103 nu va fi arestat\u0103, va r\u0103m\u00e2ne pre\u0219edinte de partid la SOS Rom\u00e2nia, \u00eens\u0103 se va folosi acest dosar fabricat \u00eempotriva ei, similar cu modelul C\u0103lin Georgescu, pentru a fi controlat\u0103 \u0219i temperat\u0103. Rom\u00e2nii care au votat \u00eempotriva colegei lor s-au f\u0103cut de r\u00e2s, \u00eentr-o \u00eencercare exagerat\u0103 de a-\u0219i ar\u0103ta europenismul (de fapt, neomarxismul), sper\u00e2nd s\u0103 ob\u021bin\u0103 avantaje \u00een PE.<\/p>\n<p><strong>Emisiunea \u201eCe-i \u00een Gu\u0219\u0103, \u0219i-n c\u0103pu\u0219\u0103\u201d, moderat\u0103 de Cozmin Gu\u0219\u0103, poate fi urm\u0103rit\u0103 de luni p\u00e2n\u0103 joi, pe Radio Gold FM, \u00eencep\u00e2nd cu ora 13. \u00cenregistrarea integral\u0103 poate fi urm\u0103rit\u0103 pe pagina de Facebook a Radio Gold FM Rom\u00e2nia, dar \u0219i pe platforma goldtv.ro.<\/strong><\/p>\n<\/div>\n<\/div>\n<p>[analyse_source url=&#8221;https:\/\/solidnews.ro\/bogdan-comaroni-despre-resetarea-controlata-cum-a-orchestrat-nicusor-dan-eliminarea-lui-ilie-bolojan\/&#8221;]<\/p>\n","protected":false},"excerpt":{"rendered":"<p>[analyse_image type=&#8221;featured&#8221; src=&#8221;https:\/\/solidnews.ro\/wp-content\/uploads\/2026\/04\/Bolojan-si-Nicusor-Dan.jpg&#8221;] Autor: Oana-Medeea Groza \u00cen emisiunea \u201eCe-i \u00een Gu\u0219\u0103, \u0219i-n c\u0103pu\u0219\u0103\u201d, moderat\u0103 de Cozmin Gu\u0219\u0103 la Radio Gold FM, jurnalistul Bogdan Comaroni a vorbit despre solu\u021biile de viitor premier pe care le poate aborda Nicu\u0219or Dan (ca o continuare a analizei de acum o s\u0103pt\u0103m\u00e2n\u0103), despre deciziile antina\u021bionale pe care Ilie Bolojan le [&hellip;]<\/p>\n","protected":false},"author":1,"featured_media":0,"comment_status":"open","ping_status":"","sticky":false,"template":"","format":"standard","meta":{"footnotes":""},"categories":[89],"tags":[226,97],"class_list":["post-1909003","post","type-post","status-publish","format-standard","hentry","category-romania","tag-crawlmanager","tag-solidnews-ro"],"_links":{"self":[{"href":"https:\/\/analyse.optim.biz\/index.php?rest_route=\/wp\/v2\/posts\/1909003","targetHints":{"allow":["GET"]}}],"collection":[{"href":"https:\/\/analyse.optim.biz\/index.php?rest_route=\/wp\/v2\/posts"}],"about":[{"href":"https:\/\/analyse.optim.biz\/index.php?rest_route=\/wp\/v2\/types\/post"}],"author":[{"embeddable":true,"href":"https:\/\/analyse.optim.biz\/index.php?rest_route=\/wp\/v2\/users\/1"}],"replies":[{"embeddable":true,"href":"https:\/\/analyse.optim.biz\/index.php?rest_route=%2Fwp%2Fv2%2Fcomments&post=1909003"}],"version-history":[{"count":0,"href":"https:\/\/analyse.optim.biz\/index.php?rest_route=\/wp\/v2\/posts\/1909003\/revisions"}],"wp:attachment":[{"href":"https:\/\/analyse.optim.biz\/index.php?rest_route=%2Fwp%2Fv2%2Fmedia&parent=1909003"}],"wp:term":[{"taxonomy":"category","embeddable":true,"href":"https:\/\/analyse.optim.biz\/index.php?rest_route=%2Fwp%2Fv2%2Fcategories&post=1909003"},{"taxonomy":"post_tag","embeddable":true,"href":"https:\/\/analyse.optim.biz\/index.php?rest_route=%2Fwp%2Fv2%2Ftags&post=1909003"}],"curies":[{"name":"wp","href":"https:\/\/api.w.org\/{rel}","templated":true}]}}