{"id":1909002,"date":"2026-04-29T13:36:15","date_gmt":"2026-04-29T10:36:15","guid":{"rendered":"https:\/\/analyse.optim.biz\/?p=1909002"},"modified":"2026-04-29T13:36:15","modified_gmt":"2026-04-29T10:36:15","slug":"deputatul-andrei-gusa-aur-ploiestiul-e-ingropat-in-gropi-si-datorii-dar-primaria-evita-bugetul-aproba-drift-uri-si-evenimente-controversate","status":"publish","type":"post","link":"https:\/\/analyse.optim.biz\/?p=1909002","title":{"rendered":"Deputatul Andrei Gu\u0219\u0103 (AUR): Ploie\u0219tiul e \u00eengropat \u00een gropi \u0219i datorii, dar prim\u0103ria evit\u0103 bugetul, aprob\u0103 drift-uri \u0219i evenimente controversate"},"content":{"rendered":"<p>[analyse_image type=&#8221;featured&#8221; src=&#8221;https:\/\/solidnews.ro\/wp-content\/uploads\/2024\/10\/andrei-gusa3.png&#8221;]<\/p>\n<div class=\"td_block_wrap tdb_single_content tdi_120 td-pb-border-top td_block_template_1 td-post-content tagdiv-type\" data-td-block-uid=\"tdi_120\">\n<div class=\"tdb-block-inner td-fix-index\">\n<p><strong><em>Autor: Andrei Gu\u0219\u0103<\/em><\/strong><\/p>\n<p>Despre Prim\u0103ria Ploie\u0219ti \u0219tim cu to\u021bii c\u0103 bugetul nu a fost \u00eenc\u0103 adoptat, respectiv c\u0103 draft-ul de buget nu a fost \u00eenc\u0103 pus la dispozi\u021bie nici cet\u0103\u021benilor, nici consilierilor locali din cadrul prim\u0103riei, nici filialei AUR Ploie\u0219ti. Noi am cerut acest buget provizoriu printr-o scrisoare c\u0103tre prim\u0103ria Ploie\u0219ti; nici p\u00e2n\u0103 acum, dup\u0103 c\u00e2teva s\u0103pt\u0103m\u00e2ni bune, nu a considerat domnul primar s\u0103 ni-l pun\u0103 la dispozi\u021bie. Pentru c\u0103, e clar, exist\u0103 un dubiu rezonabil c\u0103 preg\u0103te\u0219te anumite tunuri financiare pentru clientela sa politic\u0103.<\/p>\n<p>\u00cen schimb, vedem c\u0103 domnul primar este preocupat s\u0103 continue Festivalul \u201eRepublica de sub Castani\u201d, pe bulevardul central, l\u00e2ng\u0103 Spitalul de pediatrie. \u00cei deranjeaz\u0103 \u0219i pe bie\u021bii copii care, dac\u0103 sunt la spital, e limpede c\u0103 nu sunt chiar \u00een cea mai bun\u0103 stare de s\u0103n\u0103tate, \u00eei deranjeaz\u0103 \u0219i pe locatarii din acea zon\u0103 central\u0103 \u0219i, de aceea, unul dintre consilierii locali, independent, din c\u00e2te \u0219tiu, \u00eencearc\u0103 s\u0103 mute acest festival \u00een zona Parcului de Vest, chestiune care, probabil, este de bun augur pentru cet\u0103\u021benii din zona bulevardului \u0219i, \u00een acest sens, merit\u0103 s\u0103 continue aceast\u0103 ini\u021biativ\u0103, de\u0219i primarul nu este de acord; dar e clar c\u0103 at\u00e2t Consiliul Local, \u00een aceast\u0103 formul\u0103, c\u00e2t \u0219i primarul Poli\u021beanu sunt rup\u021bi de realitatea rom\u00e2nilor care tr\u0103iesc \u00een Ploie\u0219ti, pentru c\u0103 foarte mul\u021bi ploie\u0219teni (\u0219i au existat \u0219i materiale de pres\u0103 \u00een sensul acesta) se pl\u00e2ng de faptul c\u0103, \u00een zona din apropierea bulevardului, unde se investe\u0219te \u00een a\u0219a-zise \u201eevenimente culturale\u201d, mai mult sau mai pu\u021bin culturale, exist\u0103 o zon\u0103 total insalubr\u0103, \u0219i anume zona Halelor Centrale, o zon\u0103 care se afl\u0103 \u00een mizerie, dar care este l\u00e2ng\u0103 centrul ora\u0219ului (apropo de datoriile pe care le are prim\u0103ria la compania de salubrizare \u0219i care nu se \u00eentrev\u0103d a fi pl\u0103tite), ora\u0219ul e plin de gropi (apropo de problemele cu infrastructura rutier\u0103 ale prim\u0103riei \u00een acest sens), respectiv, pia\u021ba din zona Halelor Centrale este total insalubr\u0103.<\/p>\n<p>Acestea ar trebui s\u0103 fie preocup\u0103rile prim\u0103riei \u0219i ale Consiliului Local de rezolvat, \u00eenainte s\u0103 se ajung\u0103 la manifest\u0103ri culturale sau pseudo-culturale, dar pentru care se investesc banii publici, chiar \u00een apropierea acestor zone total insalubre, care nu sunt demne de un municipiu re\u0219edin\u021b\u0103 de jude\u021b din secolul al XXI-lea, din Uniunea European\u0103, ci mai degrab\u0103 de o \u021bar\u0103 din lumea a treia. Colegii mei, din Organiza\u021bia Ploie\u0219ti mi-au propus chiar s\u0103 mergem \u00eentr-o ac\u021biune de solidarizare cu cet\u0103\u021benii, s\u0103 plant\u0103m flori \u00een acele gropi, pentru c\u0103 sunt destul de ad\u00e2nci ca s\u0103 suporte astfel de plant\u0103ri de flori. Nu mi s-a p\u0103rut cea mai serioas\u0103 sau de bun augur propunere, pentru c\u0103 trebuie s\u0103 ajungem la o reconciliere, astfel \u00eenc\u00e2t, la urm\u0103toarele alegeri, cet\u0103\u021benii s\u0103 for\u021beze actuala configura\u021bie a Consiliului Local s\u0103 ia m\u0103surile bune \u0219i stringente pentru popula\u021bie, nu pentru clientela domnului Poli\u021beanu.<\/p>\n<p>Iat\u0103 c\u0103, \u00een schimb, domnul Poli\u021beanu \u0219i Consiliul Local, \u00een ciuda infrastructurii rutiere, dup\u0103 cum v\u0103 spuneam, au aprobat un concurs de drift-uri pentru ma\u0219ini, tot \u00een zona central\u0103, pentru weekendul urm\u0103tor, 9-10 mai, care va \u00eenr\u0103ut\u0103\u021bi, \u00eentr-o anumit\u0103 m\u0103sur\u0103, infrastructura \u0219i care, la fel, nu cred c\u0103 era un punct important pe agenda public\u0103. \u00cen schimb, prim\u0103ria, dac\u0103 a considerat s\u0103 creeze Planul Urbanistic General cu ajutorul platformei Google, este foarte clar, conform datelor existente \u00een pres\u0103, c\u0103 planul de viitor, a\u0219a-zisul \u201eplan de viitor\u201d al prim\u0103riei, a fost construit (aten\u021bie) cu ChatGPT sau cu alt\u0103 Inteligen\u021b\u0103 Artificial\u0103 de acest tip, iar acolo exist\u0103 nume de str\u0103zi inventate, exist\u0103 geografie fictiv\u0103 a ora\u0219ului Ploie\u0219ti \u0219i multe, multe gre\u0219eli gramaticale. Dar dac\u0103 se folose\u0219te \u00een cadrul prim\u0103riei Ploie\u0219ti Inteligen\u021ba Artificial\u0103, nu putem s\u0103 nu ne \u00eentreb\u0103m unde este inteligen\u021ba natural\u0103 a func\u021bionarilor angaja\u021bi la prim\u0103rie de c\u0103tre domnul Poli\u021beanu, dac\u0103 ea exist\u0103; c\u0103 dac\u0103 nu, ar fi foarte bine ca ei, de m\u00e2n\u0103 cu domnul primar Poli\u021beanu, s\u0103 se ia de m\u00e2n\u0103 cu domnul Bolojan, mar\u021bea viitoare, \u0219i s\u0103 plece cu to\u021bii acas\u0103.<\/p>\n<\/div>\n<\/div>\n<div class=\"td_block_wrap tdb_single_content tdi_120 td-pb-border-top td_block_template_1 td-post-content tagdiv-type\" data-td-block-uid=\"tdi_120\">\n<div class=\"tdb-block-inner td-fix-index\">\n<p><strong><em>Autor: Andrei Gu\u0219\u0103<\/em><\/strong><\/p>\n<p>Despre Prim\u0103ria Ploie\u0219ti \u0219tim cu to\u021bii c\u0103 bugetul nu a fost \u00eenc\u0103 adoptat, respectiv c\u0103 draft-ul de buget nu a fost \u00eenc\u0103 pus la dispozi\u021bie nici cet\u0103\u021benilor, nici consilierilor locali din cadrul prim\u0103riei, nici filialei AUR Ploie\u0219ti. Noi am cerut acest buget provizoriu printr-o scrisoare c\u0103tre prim\u0103ria Ploie\u0219ti; nici p\u00e2n\u0103 acum, dup\u0103 c\u00e2teva s\u0103pt\u0103m\u00e2ni bune, nu a considerat domnul primar s\u0103 ni-l pun\u0103 la dispozi\u021bie. Pentru c\u0103, e clar, exist\u0103 un dubiu rezonabil c\u0103 preg\u0103te\u0219te anumite tunuri financiare pentru clientela sa politic\u0103.<\/p>\n<p>\u00cen schimb, vedem c\u0103 domnul primar este preocupat s\u0103 continue Festivalul \u201eRepublica de sub Castani\u201d, pe bulevardul central, l\u00e2ng\u0103 Spitalul de pediatrie. \u00cei deranjeaz\u0103 \u0219i pe bie\u021bii copii care, dac\u0103 sunt la spital, e limpede c\u0103 nu sunt chiar \u00een cea mai bun\u0103 stare de s\u0103n\u0103tate, \u00eei deranjeaz\u0103 \u0219i pe locatarii din acea zon\u0103 central\u0103 \u0219i, de aceea, unul dintre consilierii locali, independent, din c\u00e2te \u0219tiu, \u00eencearc\u0103 s\u0103 mute acest festival \u00een zona Parcului de Vest, chestiune care, probabil, este de bun augur pentru cet\u0103\u021benii din zona bulevardului \u0219i, \u00een acest sens, merit\u0103 s\u0103 continue aceast\u0103 ini\u021biativ\u0103, de\u0219i primarul nu este de acord; dar e clar c\u0103 at\u00e2t Consiliul Local, \u00een aceast\u0103 formul\u0103, c\u00e2t \u0219i primarul Poli\u021beanu sunt rup\u021bi de realitatea rom\u00e2nilor care tr\u0103iesc \u00een Ploie\u0219ti, pentru c\u0103 foarte mul\u021bi ploie\u0219teni (\u0219i au existat \u0219i materiale de pres\u0103 \u00een sensul acesta) se pl\u00e2ng de faptul c\u0103, \u00een zona din apropierea bulevardului, unde se investe\u0219te \u00een a\u0219a-zise \u201eevenimente culturale\u201d, mai mult sau mai pu\u021bin culturale, exist\u0103 o zon\u0103 total insalubr\u0103, \u0219i anume zona Halelor Centrale, o zon\u0103 care se afl\u0103 \u00een mizerie, dar care este l\u00e2ng\u0103 centrul ora\u0219ului (apropo de datoriile pe care le are prim\u0103ria la compania de salubrizare \u0219i care nu se \u00eentrev\u0103d a fi pl\u0103tite), ora\u0219ul e plin de gropi (apropo de problemele cu infrastructura rutier\u0103 ale prim\u0103riei \u00een acest sens), respectiv, pia\u021ba din zona Halelor Centrale este total insalubr\u0103.<\/p>\n<p>Acestea ar trebui s\u0103 fie preocup\u0103rile prim\u0103riei \u0219i ale Consiliului Local de rezolvat, \u00eenainte s\u0103 se ajung\u0103 la manifest\u0103ri culturale sau pseudo-culturale, dar pentru care se investesc banii publici, chiar \u00een apropierea acestor zone total insalubre, care nu sunt demne de un municipiu re\u0219edin\u021b\u0103 de jude\u021b din secolul al XXI-lea, din Uniunea European\u0103, ci mai degrab\u0103 de o \u021bar\u0103 din lumea a treia. Colegii mei, din Organiza\u021bia Ploie\u0219ti mi-au propus chiar s\u0103 mergem \u00eentr-o ac\u021biune de solidarizare cu cet\u0103\u021benii, s\u0103 plant\u0103m flori \u00een acele gropi, pentru c\u0103 sunt destul de ad\u00e2nci ca s\u0103 suporte astfel de plant\u0103ri de flori. Nu mi s-a p\u0103rut cea mai serioas\u0103 sau de bun augur propunere, pentru c\u0103 trebuie s\u0103 ajungem la o reconciliere, astfel \u00eenc\u00e2t, la urm\u0103toarele alegeri, cet\u0103\u021benii s\u0103 for\u021beze actuala configura\u021bie a Consiliului Local s\u0103 ia m\u0103surile bune \u0219i stringente pentru popula\u021bie, nu pentru clientela domnului Poli\u021beanu.<\/p>\n<p>Iat\u0103 c\u0103, \u00een schimb, domnul Poli\u021beanu \u0219i Consiliul Local, \u00een ciuda infrastructurii rutiere, dup\u0103 cum v\u0103 spuneam, au aprobat un concurs de drift-uri pentru ma\u0219ini, tot \u00een zona central\u0103, pentru weekendul urm\u0103tor, 9-10 mai, care va \u00eenr\u0103ut\u0103\u021bi, \u00eentr-o anumit\u0103 m\u0103sur\u0103, infrastructura \u0219i care, la fel, nu cred c\u0103 era un punct important pe agenda public\u0103. \u00cen schimb, prim\u0103ria, dac\u0103 a considerat s\u0103 creeze Planul Urbanistic General cu ajutorul platformei Google, este foarte clar, conform datelor existente \u00een pres\u0103, c\u0103 planul de viitor, a\u0219a-zisul \u201eplan de viitor\u201d al prim\u0103riei, a fost construit (aten\u021bie) cu ChatGPT sau cu alt\u0103 Inteligen\u021b\u0103 Artificial\u0103 de acest tip, iar acolo exist\u0103 nume de str\u0103zi inventate, exist\u0103 geografie fictiv\u0103 a ora\u0219ului Ploie\u0219ti \u0219i multe, multe gre\u0219eli gramaticale. Dar dac\u0103 se folose\u0219te \u00een cadrul prim\u0103riei Ploie\u0219ti Inteligen\u021ba Artificial\u0103, nu putem s\u0103 nu ne \u00eentreb\u0103m unde este inteligen\u021ba natural\u0103 a func\u021bionarilor angaja\u021bi la prim\u0103rie de c\u0103tre domnul Poli\u021beanu, dac\u0103 ea exist\u0103; c\u0103 dac\u0103 nu, ar fi foarte bine ca ei, de m\u00e2n\u0103 cu domnul primar Poli\u021beanu, s\u0103 se ia de m\u00e2n\u0103 cu domnul Bolojan, mar\u021bea viitoare, \u0219i s\u0103 plece cu to\u021bii acas\u0103.<\/p>\n<\/div>\n<\/div>\n<p>[analyse_source url=&#8221;https:\/\/solidnews.ro\/deputatul-andrei-gusa-aur-ploiestiul-e-ingropat-in-gropi-si-datorii-dar-primaria-evita-bugetul-aproba-drift-uri-si-evenimente-controversate\/&#8221;]<\/p>\n","protected":false},"excerpt":{"rendered":"<p>[analyse_image type=&#8221;featured&#8221; src=&#8221;https:\/\/solidnews.ro\/wp-content\/uploads\/2024\/10\/andrei-gusa3.png&#8221;] Autor: Andrei Gu\u0219\u0103 Despre Prim\u0103ria Ploie\u0219ti \u0219tim cu to\u021bii c\u0103 bugetul nu a fost \u00eenc\u0103 adoptat, respectiv c\u0103 draft-ul de buget nu a fost \u00eenc\u0103 pus la dispozi\u021bie nici cet\u0103\u021benilor, nici consilierilor locali din cadrul prim\u0103riei, nici filialei AUR Ploie\u0219ti. Noi am cerut acest buget provizoriu printr-o scrisoare c\u0103tre prim\u0103ria Ploie\u0219ti; nici [&hellip;]<\/p>\n","protected":false},"author":1,"featured_media":0,"comment_status":"open","ping_status":"","sticky":false,"template":"","format":"standard","meta":{"footnotes":""},"categories":[89],"tags":[226,97],"class_list":["post-1909002","post","type-post","status-publish","format-standard","hentry","category-romania","tag-crawlmanager","tag-solidnews-ro"],"_links":{"self":[{"href":"https:\/\/analyse.optim.biz\/index.php?rest_route=\/wp\/v2\/posts\/1909002","targetHints":{"allow":["GET"]}}],"collection":[{"href":"https:\/\/analyse.optim.biz\/index.php?rest_route=\/wp\/v2\/posts"}],"about":[{"href":"https:\/\/analyse.optim.biz\/index.php?rest_route=\/wp\/v2\/types\/post"}],"author":[{"embeddable":true,"href":"https:\/\/analyse.optim.biz\/index.php?rest_route=\/wp\/v2\/users\/1"}],"replies":[{"embeddable":true,"href":"https:\/\/analyse.optim.biz\/index.php?rest_route=%2Fwp%2Fv2%2Fcomments&post=1909002"}],"version-history":[{"count":0,"href":"https:\/\/analyse.optim.biz\/index.php?rest_route=\/wp\/v2\/posts\/1909002\/revisions"}],"wp:attachment":[{"href":"https:\/\/analyse.optim.biz\/index.php?rest_route=%2Fwp%2Fv2%2Fmedia&parent=1909002"}],"wp:term":[{"taxonomy":"category","embeddable":true,"href":"https:\/\/analyse.optim.biz\/index.php?rest_route=%2Fwp%2Fv2%2Fcategories&post=1909002"},{"taxonomy":"post_tag","embeddable":true,"href":"https:\/\/analyse.optim.biz\/index.php?rest_route=%2Fwp%2Fv2%2Ftags&post=1909002"}],"curies":[{"name":"wp","href":"https:\/\/api.w.org\/{rel}","templated":true}]}}