{"id":1909001,"date":"2026-04-29T14:25:38","date_gmt":"2026-04-29T11:25:38","guid":{"rendered":"https:\/\/analyse.optim.biz\/?p=1909001"},"modified":"2026-04-29T14:25:38","modified_gmt":"2026-04-29T11:25:38","slug":"deputatul-aur-andrei-gusa-avertizeaza-asupra-pericolului-migratiei-tot-mai-mare-care-ameninta-cu-diluarea-identitatii-nationale-romanesti","status":"publish","type":"post","link":"https:\/\/analyse.optim.biz\/?p=1909001","title":{"rendered":"Deputatul AUR Andrei Gu\u0219\u0103 avertizeaz\u0103 asupra pericolului migra\u021biei tot mai mare, care amenin\u021b\u0103 cu diluarea identit\u0103\u021bii na\u021bionale rom\u00e2ne\u0219ti"},"content":{"rendered":"<p>[analyse_image type=&#8221;featured&#8221; src=&#8221;https:\/\/solidnews.ro\/wp-content\/uploads\/2024\/10\/andrei-gusa2.png&#8221;]<\/p>\n<div class=\"td_block_wrap tdb_single_content tdi_120 td-pb-border-top td_block_template_1 td-post-content tagdiv-type\" data-td-block-uid=\"tdi_120\">\n<div class=\"tdb-block-inner td-fix-index\">\n<p><strong><em>Autor: Andrei Gu\u0219\u0103<\/em><\/strong><\/p>\n<p>Azi, vorbesc despre migra\u021bia de la nivelul Uniunii Europene \u0219i de a\u0219a-zisul Plan Kalergi, care presupune c\u0103 anumite elite ar \u00eencerca metisarea Europei. Dup\u0103 cum \u0219tim din <em>Arta r\u0103zboiului<\/em>, generalul Sun Tzu a explicat c\u0103, pentru a cuceri o civiliza\u021bie, trebuie s\u0103-i tai r\u0103d\u0103cinile \u0219i s\u0103-i cobori privirea dinspre cer, pentru c\u0103 apoi te va urma. Ei bine, iat\u0103 c\u0103 migra\u021bia este un subiect arz\u0103tor \u00een tot Occidentul, mai cu seam\u0103 \u00een Statele Unite, dar \u0219i la nivelul \u021b\u0103rilor din Uniunea European\u0103, la care \u00een Rom\u00e2nia nu prea ne referim. \u0218i de aceea, pentru c\u0103 eu nu consider de bun augur aceast\u0103 amestecare accelerat\u0103 \u0219i nefireasc\u0103 a popula\u021biei b\u0103\u0219tina\u0219e cu popula\u021bia conlocuitoare, cu imigran\u021bii, o s\u0103 m\u0103 exprim foarte ferm pe cifre, \u0219i anume faptul c\u0103 \u00een Uniunea European\u0103 exist\u0103 64,2 milioane de migran\u021bi, adic\u0103 nici mai mult, nici mai pu\u021bin de 14,2% \u2013 deci un om din 10, din UE, nu e european. \u00cen Rom\u00e2nia, nu s-a ajuns \u00eenc\u0103 a\u0219a departe, pentru c\u0103 mul\u021bi au traversat Rom\u00e2nia spre \u021b\u0103rile vestice, care oricum sunt \u00een dec\u0103dere economic\u0103 (dar nu la fel de exacerbat\u0103 ca \u00een Rom\u00e2nia). A\u0219adar, noi avem 6,2% migran\u021bi, dar cota cre\u0219te \u00een fiecare an. Slovacia are doar 4,2%, Bulgaria 3,8%, iar Polonia 2,6%. Sigur c\u0103 este un context economic complicat pentru mediul de afaceri autohton \u0219i c\u0103 acesta cere o cot\u0103 m\u0103rit\u0103 de imigran\u021bi, ca s\u0103 poat\u0103 s\u0103-\u0219i desf\u0103\u0219oare \u00een continuare activitatea \u0219i s\u0103 fie competitivi pe pia\u021ba comun\u0103 european\u0103. \u0218i \u00een\u021belegem acest lucru \u0219i, de aceea, inclusiv noi, cei din AUR, am votat pentru aceast\u0103 cot\u0103 \u00een anul precedent. Dar noi milit\u0103m pentru un guvern responsabil, care s\u0103 vin\u0103 cu un plan de \u021bar\u0103, inclusiv pe palierul economic, care s\u0103 atace aceast\u0103 problem\u0103 a antreprenorilor, pentru ca ace\u0219tia s\u0103 poat\u0103 s\u0103 g\u0103seasc\u0103 solu\u021bii concrete s\u0103-\u0219i desf\u0103\u0219oare activitatea f\u0103r\u0103 imigran\u021bi \u0219i astfel \u00eenc\u00e2t s\u0103 oprim aceste cote de imigran\u021bi p\u00e2n\u0103 c\u00e2nd ace\u0219tia nu vor ajunge, \u00eentr-o zi nefericit\u0103, s\u0103 fie o propor\u021bie serioas\u0103 din popula\u021bia Rom\u00e2niei, care, \u00een acel punct, \u00ee\u0219i va pierde esen\u021ba, \u00ee\u0219i va pierde caracterul na\u021bional \u0219i \u00ee\u0219i va pierde \u0219i tradi\u021biile \u0219i credin\u021ba, \u00eentr-o bun\u0103 m\u0103sur\u0103. De aceea, acest plan de \u021bar\u0103 trebuie, evident, s\u0103 includ\u0103 politici pentru \u00eentoarcerea rom\u00e2nilor \u00een \u021bar\u0103, politici fiscale \u0219i economice pentru prosperitate, nu pentru austeritate, cum face actualul guvern, \u0219i, evident, un ingredient de suveranitate, ca s\u0103 nu mai ajungem \u00een postura \u00een care Ilie Bolojan, pe persoan\u0103 fizic\u0103, decide el s\u0103 pl\u0103teasc\u0103 666 de milioane de euro c\u0103tre Pfizer, f\u0103r\u0103 s\u0103 atace \u00een justi\u021bie acest act, sau s\u0103 vorbim din nou \u0219i din nou \u0219i din nou despre \u00eenstr\u0103inarea de companii cu capital rom\u00e2nesc profitabile. Acestea sunt chestiuni antina\u021bionale care ne \u00eempov\u0103reaz\u0103 genera\u021biile urm\u0103toare \u0219i ne sub\u021biaz\u0103 bugetul.<\/p>\n<p>Eu sunt inclusiv pre\u0219edintele Asocia\u021biei Absolven\u021bilor de \u0218coli Externe, care militeaz\u0103 pentru \u00eentoarcerea tinerilor absolven\u021bi de \u0219coli externe, occidentale \u0219i nu numai, \u00eenapoi \u00een Rom\u00e2nia, pentru a g\u0103si solu\u021bii \u00een comun, pentru a-i putea angrena \u00een sistemul rom\u00e2nesc \u0219i s\u0103 aducem plus-valoare, pentru c\u0103 min\u021bile luminate aduc plus-valoare pentru economie, \u0219i nu lucr\u0103torii necalifica\u021bi. \u0218i de aceea, dac\u0103 sunte\u021bi \u00een aceast\u0103 postur\u0103 de absolvent de \u0219coal\u0103 extern\u0103 sau ave\u021bi copii sau cuno\u0219tin\u021be \u00een acest sens, v\u0103 rog s\u0103-i \u00eendruma\u021bi s\u0103 ia contact cu mine \u0219i cu restul colegilor din Asocia\u021bie \u0219i, mai cu seam\u0103, \u0219i cu Alian\u021ba pentru Unirea Rom\u00e2nilor, pentru c\u0103 noi suntem pentru reconcilierea na\u021bional\u0103, pentru dreptate, pentru ca patrio\u021bii s\u0103 preia fr\u00e2iele \u021b\u0103rii \u00eentru mai bine \u0219i pentru Unirea Rom\u00e2nilor de pretutindeni.<\/p>\n<p>A\u0219a s\u0103 ne ajute Dumnezeu. Doamne ajut\u0103!<\/p>\n<\/div>\n<\/div>\n<div class=\"td_block_wrap tdb_single_content tdi_120 td-pb-border-top td_block_template_1 td-post-content tagdiv-type\" data-td-block-uid=\"tdi_120\">\n<div class=\"tdb-block-inner td-fix-index\">\n<p><strong><em>Autor: Andrei Gu\u0219\u0103<\/em><\/strong><\/p>\n<p>Azi, vorbesc despre migra\u021bia de la nivelul Uniunii Europene \u0219i de a\u0219a-zisul Plan Kalergi, care presupune c\u0103 anumite elite ar \u00eencerca metisarea Europei. Dup\u0103 cum \u0219tim din <em>Arta r\u0103zboiului<\/em>, generalul Sun Tzu a explicat c\u0103, pentru a cuceri o civiliza\u021bie, trebuie s\u0103-i tai r\u0103d\u0103cinile \u0219i s\u0103-i cobori privirea dinspre cer, pentru c\u0103 apoi te va urma. Ei bine, iat\u0103 c\u0103 migra\u021bia este un subiect arz\u0103tor \u00een tot Occidentul, mai cu seam\u0103 \u00een Statele Unite, dar \u0219i la nivelul \u021b\u0103rilor din Uniunea European\u0103, la care \u00een Rom\u00e2nia nu prea ne referim. \u0218i de aceea, pentru c\u0103 eu nu consider de bun augur aceast\u0103 amestecare accelerat\u0103 \u0219i nefireasc\u0103 a popula\u021biei b\u0103\u0219tina\u0219e cu popula\u021bia conlocuitoare, cu imigran\u021bii, o s\u0103 m\u0103 exprim foarte ferm pe cifre, \u0219i anume faptul c\u0103 \u00een Uniunea European\u0103 exist\u0103 64,2 milioane de migran\u021bi, adic\u0103 nici mai mult, nici mai pu\u021bin de 14,2% \u2013 deci un om din 10, din UE, nu e european. \u00cen Rom\u00e2nia, nu s-a ajuns \u00eenc\u0103 a\u0219a departe, pentru c\u0103 mul\u021bi au traversat Rom\u00e2nia spre \u021b\u0103rile vestice, care oricum sunt \u00een dec\u0103dere economic\u0103 (dar nu la fel de exacerbat\u0103 ca \u00een Rom\u00e2nia). A\u0219adar, noi avem 6,2% migran\u021bi, dar cota cre\u0219te \u00een fiecare an. Slovacia are doar 4,2%, Bulgaria 3,8%, iar Polonia 2,6%. Sigur c\u0103 este un context economic complicat pentru mediul de afaceri autohton \u0219i c\u0103 acesta cere o cot\u0103 m\u0103rit\u0103 de imigran\u021bi, ca s\u0103 poat\u0103 s\u0103-\u0219i desf\u0103\u0219oare \u00een continuare activitatea \u0219i s\u0103 fie competitivi pe pia\u021ba comun\u0103 european\u0103. \u0218i \u00een\u021belegem acest lucru \u0219i, de aceea, inclusiv noi, cei din AUR, am votat pentru aceast\u0103 cot\u0103 \u00een anul precedent. Dar noi milit\u0103m pentru un guvern responsabil, care s\u0103 vin\u0103 cu un plan de \u021bar\u0103, inclusiv pe palierul economic, care s\u0103 atace aceast\u0103 problem\u0103 a antreprenorilor, pentru ca ace\u0219tia s\u0103 poat\u0103 s\u0103 g\u0103seasc\u0103 solu\u021bii concrete s\u0103-\u0219i desf\u0103\u0219oare activitatea f\u0103r\u0103 imigran\u021bi \u0219i astfel \u00eenc\u00e2t s\u0103 oprim aceste cote de imigran\u021bi p\u00e2n\u0103 c\u00e2nd ace\u0219tia nu vor ajunge, \u00eentr-o zi nefericit\u0103, s\u0103 fie o propor\u021bie serioas\u0103 din popula\u021bia Rom\u00e2niei, care, \u00een acel punct, \u00ee\u0219i va pierde esen\u021ba, \u00ee\u0219i va pierde caracterul na\u021bional \u0219i \u00ee\u0219i va pierde \u0219i tradi\u021biile \u0219i credin\u021ba, \u00eentr-o bun\u0103 m\u0103sur\u0103. De aceea, acest plan de \u021bar\u0103 trebuie, evident, s\u0103 includ\u0103 politici pentru \u00eentoarcerea rom\u00e2nilor \u00een \u021bar\u0103, politici fiscale \u0219i economice pentru prosperitate, nu pentru austeritate, cum face actualul guvern, \u0219i, evident, un ingredient de suveranitate, ca s\u0103 nu mai ajungem \u00een postura \u00een care Ilie Bolojan, pe persoan\u0103 fizic\u0103, decide el s\u0103 pl\u0103teasc\u0103 666 de milioane de euro c\u0103tre Pfizer, f\u0103r\u0103 s\u0103 atace \u00een justi\u021bie acest act, sau s\u0103 vorbim din nou \u0219i din nou \u0219i din nou despre \u00eenstr\u0103inarea de companii cu capital rom\u00e2nesc profitabile. Acestea sunt chestiuni antina\u021bionale care ne \u00eempov\u0103reaz\u0103 genera\u021biile urm\u0103toare \u0219i ne sub\u021biaz\u0103 bugetul.<\/p>\n<p>Eu sunt inclusiv pre\u0219edintele Asocia\u021biei Absolven\u021bilor de \u0218coli Externe, care militeaz\u0103 pentru \u00eentoarcerea tinerilor absolven\u021bi de \u0219coli externe, occidentale \u0219i nu numai, \u00eenapoi \u00een Rom\u00e2nia, pentru a g\u0103si solu\u021bii \u00een comun, pentru a-i putea angrena \u00een sistemul rom\u00e2nesc \u0219i s\u0103 aducem plus-valoare, pentru c\u0103 min\u021bile luminate aduc plus-valoare pentru economie, \u0219i nu lucr\u0103torii necalifica\u021bi. \u0218i de aceea, dac\u0103 sunte\u021bi \u00een aceast\u0103 postur\u0103 de absolvent de \u0219coal\u0103 extern\u0103 sau ave\u021bi copii sau cuno\u0219tin\u021be \u00een acest sens, v\u0103 rog s\u0103-i \u00eendruma\u021bi s\u0103 ia contact cu mine \u0219i cu restul colegilor din Asocia\u021bie \u0219i, mai cu seam\u0103, \u0219i cu Alian\u021ba pentru Unirea Rom\u00e2nilor, pentru c\u0103 noi suntem pentru reconcilierea na\u021bional\u0103, pentru dreptate, pentru ca patrio\u021bii s\u0103 preia fr\u00e2iele \u021b\u0103rii \u00eentru mai bine \u0219i pentru Unirea Rom\u00e2nilor de pretutindeni.<\/p>\n<p>A\u0219a s\u0103 ne ajute Dumnezeu. Doamne ajut\u0103!<\/p>\n<\/div>\n<\/div>\n<p>[analyse_source url=&#8221;https:\/\/solidnews.ro\/deputatul-aur-andrei-gusa-avertizeaza-asupra-pericolului-migratiei-tot-mai-mare-care-ameninta-cu-diluarea-identitatii-nationale-romanesti\/&#8221;]<\/p>\n","protected":false},"excerpt":{"rendered":"<p>[analyse_image type=&#8221;featured&#8221; src=&#8221;https:\/\/solidnews.ro\/wp-content\/uploads\/2024\/10\/andrei-gusa2.png&#8221;] Autor: Andrei Gu\u0219\u0103 Azi, vorbesc despre migra\u021bia de la nivelul Uniunii Europene \u0219i de a\u0219a-zisul Plan Kalergi, care presupune c\u0103 anumite elite ar \u00eencerca metisarea Europei. Dup\u0103 cum \u0219tim din Arta r\u0103zboiului, generalul Sun Tzu a explicat c\u0103, pentru a cuceri o civiliza\u021bie, trebuie s\u0103-i tai r\u0103d\u0103cinile \u0219i s\u0103-i cobori privirea dinspre [&hellip;]<\/p>\n","protected":false},"author":1,"featured_media":0,"comment_status":"open","ping_status":"","sticky":false,"template":"","format":"standard","meta":{"footnotes":""},"categories":[89],"tags":[226,97],"class_list":["post-1909001","post","type-post","status-publish","format-standard","hentry","category-romania","tag-crawlmanager","tag-solidnews-ro"],"_links":{"self":[{"href":"https:\/\/analyse.optim.biz\/index.php?rest_route=\/wp\/v2\/posts\/1909001","targetHints":{"allow":["GET"]}}],"collection":[{"href":"https:\/\/analyse.optim.biz\/index.php?rest_route=\/wp\/v2\/posts"}],"about":[{"href":"https:\/\/analyse.optim.biz\/index.php?rest_route=\/wp\/v2\/types\/post"}],"author":[{"embeddable":true,"href":"https:\/\/analyse.optim.biz\/index.php?rest_route=\/wp\/v2\/users\/1"}],"replies":[{"embeddable":true,"href":"https:\/\/analyse.optim.biz\/index.php?rest_route=%2Fwp%2Fv2%2Fcomments&post=1909001"}],"version-history":[{"count":0,"href":"https:\/\/analyse.optim.biz\/index.php?rest_route=\/wp\/v2\/posts\/1909001\/revisions"}],"wp:attachment":[{"href":"https:\/\/analyse.optim.biz\/index.php?rest_route=%2Fwp%2Fv2%2Fmedia&parent=1909001"}],"wp:term":[{"taxonomy":"category","embeddable":true,"href":"https:\/\/analyse.optim.biz\/index.php?rest_route=%2Fwp%2Fv2%2Fcategories&post=1909001"},{"taxonomy":"post_tag","embeddable":true,"href":"https:\/\/analyse.optim.biz\/index.php?rest_route=%2Fwp%2Fv2%2Ftags&post=1909001"}],"curies":[{"name":"wp","href":"https:\/\/api.w.org\/{rel}","templated":true}]}}