{"id":1908825,"date":"2026-04-29T11:04:58","date_gmt":"2026-04-29T08:04:58","guid":{"rendered":"https:\/\/analyse.optim.biz\/?p=1908825"},"modified":"2026-04-29T11:04:58","modified_gmt":"2026-04-29T08:04:58","slug":"motiunea-contra-guvernului-bolojan-s-a-citit-in-parlament-dominic-fritz-cearta-psd","status":"publish","type":"post","link":"https:\/\/analyse.optim.biz\/?p=1908825","title":{"rendered":"Mo\u021biunea contra Guvernului Bolojan s-a citit \u00een Parlament: Dominic Fritz ceart\u0103 PSD"},"content":{"rendered":"<p>[analyse_image type=&#8221;featured&#8221; src=&#8221;https:\/\/focustim.ro\/wp-content\/uploads\/2024\/04\/dominic-fritz.jpeg&#8221;]<\/p>\n<article id=\"post-40141\" class=\"penci-single-artcontent noloaddisqus post-40141 post type-post status-publish format-standard has-post-thumbnail hentry category-actualitate category-administratie category-featured tag-dominic-fritz tag-motiune tag-psd penci-post-item\">\n<header class=\"entry-header penci-entry-header penci-title-\">\n<div class=\"penci-entry-categories\"><span class=\"penci-cat-links\"><a href=\"https:\/\/focustim.ro\/category\/actualitate\/\" rel=\"category tag\">Actualitate<\/a><a href=\"https:\/\/focustim.ro\/category\/administratie\/\" rel=\"category tag\">Administra\u021bie<\/a><a href=\"https:\/\/focustim.ro\/category\/featured\/\" rel=\"category tag\">Featured<\/a><\/span><\/div>\n<h1 class=\"entry-title penci-entry-title penci-title-\">Mo\u021biunea contra Guvernului Bolojan s-a citit \u00een Parlament: Dominic Fritz ceart\u0103 PSD<\/h1>\n<div class=\"entry-meta penci-entry-meta\"><span class=\"entry-meta-item penci-posted-on\"><time class=\"entry-date published\" datetime=\"2026-04-29T14:04:58+03:00\">29\/04\/2026<\/time><time class=\"updated\" datetime=\"2026-04-29T14:05:04+03:00\">29\/04\/2026<\/time><\/span><span class=\"entry-meta-item penci-comment-count\"><a class=\"penci_pmeta-link\" href=\"https:\/\/focustim.ro\/motiunea-contra-guvernului-bolojan-s-a-citit-in-parlament-dominic-fritz-cearta-psd\/#respond\">0<\/a><\/span><\/div>\n<p><span class=\"penci-social-buttons penci-social-share-footer\"><span class=\"penci-social-share-text\">Distribuie<\/span><a href=\"https:\/\/focustim.ro\/motiunea-contra-guvernului-bolojan-s-a-citit-in-parlament-dominic-fritz-cearta-psd\/\" class=\"penci-post-like penci_post-meta_item  single-like-button penci-social-item like\" data-post_id=\"40141\" title=\"Like\" data-like=\"Like\" data-unlike=\"Unlike\"><span class=\"penci-share-number\">0<\/span><\/a><\/span><\/header>\n<div class=\"entry-media penci-entry-media\">\n<div class=\"post-format-meta \">\n<div class=\"post-image penci-standard-format\"><img decoding=\"async\" width=\"960\" height=\"720\" src=\"https:\/\/focustim.ro\/wp-content\/uploads\/2024\/04\/dominic-fritz-960x720.jpeg\" class=\"attachment-penci-thumb-960-auto size-penci-thumb-960-auto wp-post-image\" alt loading=\"lazy\"><\/div>\n<\/div>\n<\/div>\n<div class=\"penci-entry-content entry-content\">\n<p><strong>Dominic Fritz, liderul USR \u0219i primarul Timi\u0219oarei, ceart\u0103 PSD, dup\u0103 ce mo\u021biunea contra lui Ilie Bolojan a fost citit\u0103 \u00ee Parlamentul Rom\u00e2niei. Fritz acuz\u0103 c\u0103 mo\u021biunea AUR e scris\u0103 din manualele produse la Moscova \u0219i avertizeaz\u0103 PSD c\u0103 dac\u0103 d\u0103r\u00e2m\u0103 executivul Bolojan va fi considerat un partid anti european.<\/strong><\/p>\n<p>Citi\u021bi mo\u021biunea PSD-AUR. \u201eRom\u00e2nia tratat\u0103 ca o colonie\u201d, \u201ebirocra\u021bie transna\u021bional\u0103\u201d, \u201emodel str\u0103in impus\u201d, \u201eactive strategice v\u00e2ndute\u201d etc. Este limba pe care AUR a copiat-o din manualele care circul\u0103 la Moscova \u0219i pe care PSD \u0219i-o \u00eensu\u0219e\u0219te. PSD, din partener \u00eentr-o coali\u021bie proeuropean\u0103, atac\u0103 cu mare ipocrizie tocmai reformele care duc \u021bara mai departe pe drumul european. Ne anun\u021b\u0103 c\u0103 alege un drum nou. Drumul spre Est. Drumul AUR. Dac\u0103 voteaz\u0103 aceast\u0103 mo\u021biune, PSD cu greu mai poate fi considerat un partid pro-european. Mo\u021biunea AUR-PSD atac\u0103 cinic p\u00e2n\u0103 \u0219i programul SAFE. Se \u00eentreb\u0103 \u201epe cine ap\u0103r\u0103 acele capabilit\u0103\u021bi?\u201d Armata noastr\u0103 ap\u0103r\u0103 fiecare familie din Rom\u00e2nia! Mo\u021biunea AUR-PSD nume\u0219te reformele mini\u0219trilor USR drept \u201estr\u0103ine de sufletului poporului\u201d. Ce este \u201esufletul poporului\u201d pentru ei? Este \u00een\u021belepciunea ruseasc\u0103? <\/p>\n<p>Este deficitul de 9,3% pe care l-au l\u0103sat la finalul guvernului Ciolacu-Ciuc\u0103 \u2013 cel mai mare din Uniunea European\u0103? Sunt pensiile speciale pe care le ap\u0103r\u0103 cu disperare? Cutiile de pantofi pline cu \u0219pag\u0103? Veri\u0219orii cu care au umplut statul?Rom\u00e2nia noastr\u0103 este alta. Este a profesorului care munce\u0219te pe br\u00e2nci ca s\u0103 formeze noi \u0219i noi genera\u021bii, a antreprenorului care construie\u0219te, a \u0219oferului de TIR care circul\u0103 neobosit pe drumurile europene pentru a-\u0219i hr\u0103ni familia, a studentului care sper\u0103 la o \u021bar\u0103 care s\u0103-i permit\u0103 s\u0103-\u0219i formeze un viitor aici, acas\u0103, al\u0103turi de Europa.Rom\u00e2nia noastr\u0103 este Rom\u00e2nia european\u0103. \u0218i nu o vom \u00eentoarce.De aceea acest Guvern trebuie s\u0103 continue. Nu ne permitem \u00eenc\u0103 un deceniu izolat \u0219i s\u0103r\u0103cit de re\u021bele corupte. Acesta este calculul AUR-PSD. \u0218i putem s\u0103-l stric\u0103m. Nu abandona\u021bi. Pune\u021bi presiune pe fiecare deputat \u0219i senator PSD \u0219i AUR, scrie Fritz pe Facebook.<\/p>\n<div class=\"sharedaddy sd-sharing-enabled\">\n<div class=\"robots-nocontent sd-block sd-social sd-social-icon-text sd-sharing\">\n<h3 class=\"sd-title\">Partajeaz\u0103 asta:<\/h3>\n<div class=\"sd-content\">\n<ul>\n<li class=\"share-twitter\"><a rel=\"nofollow noopener noreferrer\" data-shared=\"sharing-twitter-40141\" class=\"share-twitter sd-button share-icon\" href=\"https:\/\/focustim.ro\/motiunea-contra-guvernului-bolojan-s-a-citit-in-parlament-dominic-fritz-cearta-psd\/?share=twitter\" target=\"_blank\" title=\"D\u0103 clic pentru a partaja pe Twitter\"><span>Twitter<\/span><\/a><\/li>\n<li class=\"share-facebook\"><a rel=\"nofollow noopener noreferrer\" data-shared=\"sharing-facebook-40141\" class=\"share-facebook sd-button share-icon\" href=\"https:\/\/focustim.ro\/motiunea-contra-guvernului-bolojan-s-a-citit-in-parlament-dominic-fritz-cearta-psd\/?share=facebook\" target=\"_blank\" title=\"D\u0103 clic pentru a partaja pe Facebook\"><span>Facebook<\/span><\/a><\/li>\n<li class=\"share-end\"><\/ul>\n<\/div>\n<\/div>\n<\/div>\n<div class=\"sharedaddy sd-block sd-like jetpack-likes-widget-wrapper jetpack-likes-widget-unloaded\" id=\"like-post-wrapper-167025405-40141-69f20252f1a5a\" data-src=\"https:\/\/widgets.wp.com\/likes\/#blog_id=167025405&amp;post_id=40141&amp;origin=focustim.ro&amp;obj_id=167025405-40141-69f20252f1a5a\" data-name=\"like-post-frame-167025405-40141-69f20252f1a5a\" data-title=\"Apreciaz\u0103 sau republic\u0103\">\n<h3 class=\"sd-title\">Apreciaz\u0103:<\/h3>\n<div class=\"likes-widget-placeholder post-likes-widget-placeholder\"><span class=\"button\"><span>Apreciere<\/span><\/span><span class=\"loading\">\u00cencarc&#8230;<\/span><\/div>\n<\/div>\n<\/div>\n<footer class=\"penci-entry-footer\">\n<div class=\"penci-source-via-tags-wrap\"><span class=\"tags-links penci-tags-links\"><a href=\"https:\/\/focustim.ro\/tag\/dominic-fritz\/\" rel=\"tag\">Dominic Fritz<\/a><a href=\"https:\/\/focustim.ro\/tag\/motiune\/\" rel=\"tag\">motiune<\/a><a href=\"https:\/\/focustim.ro\/tag\/psd\/\" rel=\"tag\">PSD<\/a><\/span><\/div>\n<p><span class=\"penci-social-buttons penci-social-share-footer\"><span class=\"penci-social-share-text\">Distribuie<\/span><a href=\"https:\/\/focustim.ro\/motiunea-contra-guvernului-bolojan-s-a-citit-in-parlament-dominic-fritz-cearta-psd\/\" class=\"penci-post-like penci_post-meta_item  single-like-button penci-social-item like\" data-post_id=\"40141\" title=\"Like\" data-like=\"Like\" data-unlike=\"Unlike\"><span class=\"penci-share-number\">0<\/span><\/a><\/span><\/footer>\n<\/article>\n<div class=\"penci-entry-content entry-content\">\n<p><strong>Dominic Fritz, liderul USR \u0219i primarul Timi\u0219oarei, ceart\u0103 PSD, dup\u0103 ce mo\u021biunea contra lui Ilie Bolojan a fost citit\u0103 \u00ee Parlamentul Rom\u00e2niei. Fritz acuz\u0103 c\u0103 mo\u021biunea AUR e scris\u0103 din manualele produse la Moscova \u0219i avertizeaz\u0103 PSD c\u0103 dac\u0103 d\u0103r\u00e2m\u0103 executivul Bolojan va fi considerat un partid anti european.<\/strong><\/p>\n<p>Citi\u021bi mo\u021biunea PSD-AUR. \u201eRom\u00e2nia tratat\u0103 ca o colonie\u201d, \u201ebirocra\u021bie transna\u021bional\u0103\u201d, \u201emodel str\u0103in impus\u201d, \u201eactive strategice v\u00e2ndute\u201d etc. Este limba pe care AUR a copiat-o din manualele care circul\u0103 la Moscova \u0219i pe care PSD \u0219i-o \u00eensu\u0219e\u0219te. PSD, din partener \u00eentr-o coali\u021bie proeuropean\u0103, atac\u0103 cu mare ipocrizie tocmai reformele care duc \u021bara mai departe pe drumul european. Ne anun\u021b\u0103 c\u0103 alege un drum nou. Drumul spre Est. Drumul AUR. Dac\u0103 voteaz\u0103 aceast\u0103 mo\u021biune, PSD cu greu mai poate fi considerat un partid pro-european. Mo\u021biunea AUR-PSD atac\u0103 cinic p\u00e2n\u0103 \u0219i programul SAFE. Se \u00eentreb\u0103 \u201epe cine ap\u0103r\u0103 acele capabilit\u0103\u021bi?\u201d Armata noastr\u0103 ap\u0103r\u0103 fiecare familie din Rom\u00e2nia! Mo\u021biunea AUR-PSD nume\u0219te reformele mini\u0219trilor USR drept \u201estr\u0103ine de sufletului poporului\u201d. Ce este \u201esufletul poporului\u201d pentru ei? Este \u00een\u021belepciunea ruseasc\u0103? <\/p>\n<p>Este deficitul de 9,3% pe care l-au l\u0103sat la finalul guvernului Ciolacu-Ciuc\u0103 \u2013 cel mai mare din Uniunea European\u0103? Sunt pensiile speciale pe care le ap\u0103r\u0103 cu disperare? Cutiile de pantofi pline cu \u0219pag\u0103? Veri\u0219orii cu care au umplut statul?Rom\u00e2nia noastr\u0103 este alta. Este a profesorului care munce\u0219te pe br\u00e2nci ca s\u0103 formeze noi \u0219i noi genera\u021bii, a antreprenorului care construie\u0219te, a \u0219oferului de TIR care circul\u0103 neobosit pe drumurile europene pentru a-\u0219i hr\u0103ni familia, a studentului care sper\u0103 la o \u021bar\u0103 care s\u0103-i permit\u0103 s\u0103-\u0219i formeze un viitor aici, acas\u0103, al\u0103turi de Europa.Rom\u00e2nia noastr\u0103 este Rom\u00e2nia european\u0103. \u0218i nu o vom \u00eentoarce.De aceea acest Guvern trebuie s\u0103 continue. Nu ne permitem \u00eenc\u0103 un deceniu izolat \u0219i s\u0103r\u0103cit de re\u021bele corupte. Acesta este calculul AUR-PSD. \u0218i putem s\u0103-l stric\u0103m. Nu abandona\u021bi. Pune\u021bi presiune pe fiecare deputat \u0219i senator PSD \u0219i AUR, scrie Fritz pe Facebook.<\/p>\n<div class=\"sharedaddy sd-sharing-enabled\">\n<div class=\"robots-nocontent sd-block sd-social sd-social-icon-text sd-sharing\">\n<h3 class=\"sd-title\">Partajeaz\u0103 asta:<\/h3>\n<div class=\"sd-content\">\n<ul>\n<li class=\"share-twitter\"><a rel=\"nofollow noopener noreferrer\" data-shared=\"sharing-twitter-40141\" class=\"share-twitter sd-button share-icon\" href=\"https:\/\/focustim.ro\/motiunea-contra-guvernului-bolojan-s-a-citit-in-parlament-dominic-fritz-cearta-psd\/?share=twitter\" target=\"_blank\" title=\"D\u0103 clic pentru a partaja pe Twitter\"><span>Twitter<\/span><\/a><\/li>\n<li class=\"share-facebook\"><a rel=\"nofollow noopener noreferrer\" data-shared=\"sharing-facebook-40141\" class=\"share-facebook sd-button share-icon\" href=\"https:\/\/focustim.ro\/motiunea-contra-guvernului-bolojan-s-a-citit-in-parlament-dominic-fritz-cearta-psd\/?share=facebook\" target=\"_blank\" title=\"D\u0103 clic pentru a partaja pe Facebook\"><span>Facebook<\/span><\/a><\/li>\n<li class=\"share-end\"><\/ul>\n<\/div>\n<\/div>\n<\/div>\n<div class=\"sharedaddy sd-block sd-like jetpack-likes-widget-wrapper jetpack-likes-widget-unloaded\" id=\"like-post-wrapper-167025405-40141-69f20252f1a5a\" data-src=\"https:\/\/widgets.wp.com\/likes\/#blog_id=167025405&amp;post_id=40141&amp;origin=focustim.ro&amp;obj_id=167025405-40141-69f20252f1a5a\" data-name=\"like-post-frame-167025405-40141-69f20252f1a5a\" data-title=\"Apreciaz\u0103 sau republic\u0103\">\n<h3 class=\"sd-title\">Apreciaz\u0103:<\/h3>\n<div class=\"likes-widget-placeholder post-likes-widget-placeholder\"><span class=\"button\"><span>Apreciere<\/span><\/span><span class=\"loading\">\u00cencarc&#8230;<\/span><\/div>\n<\/div>\n<\/div>\n<p>[analyse_source url=&#8221;https:\/\/focustim.ro\/motiunea-contra-guvernului-bolojan-s-a-citit-in-parlament-dominic-fritz-cearta-psd\/&#8221;]<\/p>\n","protected":false},"excerpt":{"rendered":"<p>[analyse_image type=&#8221;featured&#8221; src=&#8221;https:\/\/focustim.ro\/wp-content\/uploads\/2024\/04\/dominic-fritz.jpeg&#8221;] ActualitateAdministra\u021bieFeatured Mo\u021biunea contra Guvernului Bolojan s-a citit \u00een Parlament: Dominic Fritz ceart\u0103 PSD 29\/04\/202629\/04\/20260 Distribuie0 Dominic Fritz, liderul USR \u0219i primarul Timi\u0219oarei, ceart\u0103 PSD, dup\u0103 ce mo\u021biunea contra lui Ilie Bolojan a fost citit\u0103 \u00ee Parlamentul Rom\u00e2niei. Fritz acuz\u0103 c\u0103 mo\u021biunea AUR e scris\u0103 din manualele produse la Moscova \u0219i avertizeaz\u0103 PSD [&hellip;]<\/p>\n","protected":false},"author":1,"featured_media":0,"comment_status":"open","ping_status":"","sticky":false,"template":"","format":"standard","meta":{"footnotes":""},"categories":[89],"tags":[226,197],"class_list":["post-1908825","post","type-post","status-publish","format-standard","hentry","category-romania","tag-crawlmanager","tag-focustim-ro"],"_links":{"self":[{"href":"https:\/\/analyse.optim.biz\/index.php?rest_route=\/wp\/v2\/posts\/1908825","targetHints":{"allow":["GET"]}}],"collection":[{"href":"https:\/\/analyse.optim.biz\/index.php?rest_route=\/wp\/v2\/posts"}],"about":[{"href":"https:\/\/analyse.optim.biz\/index.php?rest_route=\/wp\/v2\/types\/post"}],"author":[{"embeddable":true,"href":"https:\/\/analyse.optim.biz\/index.php?rest_route=\/wp\/v2\/users\/1"}],"replies":[{"embeddable":true,"href":"https:\/\/analyse.optim.biz\/index.php?rest_route=%2Fwp%2Fv2%2Fcomments&post=1908825"}],"version-history":[{"count":0,"href":"https:\/\/analyse.optim.biz\/index.php?rest_route=\/wp\/v2\/posts\/1908825\/revisions"}],"wp:attachment":[{"href":"https:\/\/analyse.optim.biz\/index.php?rest_route=%2Fwp%2Fv2%2Fmedia&parent=1908825"}],"wp:term":[{"taxonomy":"category","embeddable":true,"href":"https:\/\/analyse.optim.biz\/index.php?rest_route=%2Fwp%2Fv2%2Fcategories&post=1908825"},{"taxonomy":"post_tag","embeddable":true,"href":"https:\/\/analyse.optim.biz\/index.php?rest_route=%2Fwp%2Fv2%2Ftags&post=1908825"}],"curies":[{"name":"wp","href":"https:\/\/api.w.org\/{rel}","templated":true}]}}