{"id":1908805,"date":"2026-04-29T12:07:52","date_gmt":"2026-04-29T09:07:52","guid":{"rendered":"https:\/\/analyse.optim.biz\/?p=1908805"},"modified":"2026-04-29T12:07:52","modified_gmt":"2026-04-29T09:07:52","slug":"consilierii-aur-din-campulung-moldovenesc-acuza-respingerea-a-doua-proiecte-de-eficientizare-a-veniturilor-si-sprijin-social","status":"publish","type":"post","link":"https:\/\/analyse.optim.biz\/?p=1908805","title":{"rendered":"Consilierii AUR din C\u00e2mpulung Moldovenesc acuz\u0103 respingerea a dou\u0103 proiecte de eficientizare a veniturilor \u0219i sprijin social"},"content":{"rendered":"<p>[analyse_image type=&#8221;featured&#8221; src=&#8221;https:\/\/www.newsbucovina.ro\/wp-content\/uploads\/2026\/04\/IMG-20260429-WA0006.jpghttps:\/\/cdn.newsbucovina.ro\/wp-content\/uploads\/2026\/04\/IMG-20260429-WA0006.jpg&#8221;]<\/p>\n<div class=\"td-post-content tagdiv-type\">\n<div class=\"td-a-rec td-a-rec-id-content_top  tdi_3 td_block_template_1\"><strong>Intr\u0103 acum \u0219i \u00een grupul de <\/p>\n<div class=\"wp-block-button\"><a class=\"wp-block-button__link wp-element-button\" href=\"https:\/\/t.me\/+TH8wcfnp8fw5NWI0\">Telegram News Bucovina<\/a><\/div>\n<p><\/strong><\/div>\n<p>Consilierii locali AUR \u2013 Simion Alexandru Gheorghe \u0219i Badale Mihaela \u2013 au propus \u00een Consiliul Local C\u00e2mpulung Moldovenesc dou\u0103 ini\u021biative menite s\u0103 creasc\u0103 veniturile bugetului local \u0219i s\u0103 ofere sprijin direct cet\u0103\u021benilor vulnerabili. <\/p>\n<figure class=\"wp-block-image size-large\"><a href=\"https:\/\/cdn.newsbucovina.ro\/wp-content\/uploads\/2026\/04\/IMG-20260429-WA0006-1.jpg\"><img loading=\"lazy\" decoding=\"async\" width=\"1024\" height=\"573\" src=\"https:\/\/cdn.newsbucovina.ro\/wp-content\/uploads\/2026\/04\/IMG-20260429-WA0006-1-1024x573.jpg\" alt class=\"wp-image-437327\"><\/a><\/figure>\n<p>Ambele propuneri au fost respinse \u00een \u0219edin\u021ba din 27 aprilie 2026, f\u0103r\u0103 o motivare tehnic\u0103 detaliat\u0103.<\/p>\n<p>Primul proiect viza realizarea unui studiu de oportunitate privind administrarea celor aproximativ 4.000 de hectare de fond forestier aflat \u00een proprietatea municipiului. Ini\u021biativa nu presupunea schimbarea imediat\u0103 a sistemului actual, ci o analiz\u0103 etapizat\u0103, pe fiecare ocol silvic, pentru a evalua produc\u021bia real\u0103, costurile \u0219i pierderile financiare. Scopul era identificarea celor mai eficiente solu\u021bii de administrare, inclusiv eventuala colaborare cu un ocol silvic privat, pentru cre\u0219terea veniturilor ora\u0219ului din exploatarea p\u0103durilor.<\/p>\n<p>Al doilea proiect propunea acordarea unui sprijin financiar unic de 500 de lei pentru acoperirea impozitului pe locuin\u021b\u0103, destinat persoanelor cu handicap grav sau accentuat, cet\u0103\u021benilor \u00een situa\u021bii de vulnerabilitate \u0219i pacien\u021bilor oncologici. M\u0103sura era descris\u0103 ca fiind rapid aplicabil\u0103 \u0219i cu impact bugetar limitat, dar cu beneficii sociale concrete.De asemenea, consilierii AUR au solicitat introducerea unei proceduri clare prin care to\u021bi ale\u0219ii locali s\u0103 fie informa\u021bi \u00een prealabil despre recep\u021biile lucr\u0103rilor publice (dat\u0103, loca\u021bie, componen\u021ba comisiei), pentru o mai bun\u0103 transparen\u021b\u0103 \u00een cheltuirea banilor publici.<\/p>\n<p>Potrivit consilierului local AUR George Alexandru Simion, ini\u021biativele urm\u0103reau \u201eeficien\u021b\u0103 economic\u0103 \u0219i responsabilitate social\u0103\u201d.\u201eAm propus s\u0103 \u0219tim exact c\u00e2t produce p\u0103durea ora\u0219ului \u0219i cum putem ob\u021bine mai mult pentru comunitate. Am propus s\u0103 sprijinim direct cet\u0103\u021benii afla\u021bi \u00een dificultate. Am cerut transparen\u021b\u0103 \u00een lucr\u0103rile publice. R\u0103spunsul primit a fost respingerea\u201d, a declarat consilierul.<\/p>\n<p>Consilierii AUR au anun\u021bat c\u0103 vor continua s\u0103 depun\u0103 propuneri concrete \u0219i s\u0103 cear\u0103 transparen\u021b\u0103 \u00een administrarea resurselor municipiului.<\/p>\n<div class=\"td-a-rec td-a-rec-id-content_bottom  tdi_4 td_block_template_1\"><strong>Intr\u0103 acum \u0219i \u00een grupul de <\/p>\n<div class=\"wp-block-button\"><a class=\"wp-block-button__link wp-element-button\" href=\"https:\/\/t.me\/+TH8wcfnp8fw5NWI0\">Telegram News Bucovina<\/a><\/div>\n<p><\/strong><\/div>\n<\/div>\n<div class=\"td-post-content tagdiv-type\">\n<div class=\"td-a-rec td-a-rec-id-content_top  tdi_3 td_block_template_1\"><strong>Intr\u0103 acum \u0219i \u00een grupul de <\/p>\n<div class=\"wp-block-button\"><a class=\"wp-block-button__link wp-element-button\" href=\"https:\/\/t.me\/+TH8wcfnp8fw5NWI0\">Telegram News Bucovina<\/a><\/div>\n<p><\/strong><\/div>\n<p>Consilierii locali AUR \u2013 Simion Alexandru Gheorghe \u0219i Badale Mihaela \u2013 au propus \u00een Consiliul Local C\u00e2mpulung Moldovenesc dou\u0103 ini\u021biative menite s\u0103 creasc\u0103 veniturile bugetului local \u0219i s\u0103 ofere sprijin direct cet\u0103\u021benilor vulnerabili. <\/p>\n<figure class=\"wp-block-image size-large\"><a href=\"https:\/\/cdn.newsbucovina.ro\/wp-content\/uploads\/2026\/04\/IMG-20260429-WA0006-1.jpg\"><img loading=\"lazy\" decoding=\"async\" width=\"1024\" height=\"573\" src=\"https:\/\/cdn.newsbucovina.ro\/wp-content\/uploads\/2026\/04\/IMG-20260429-WA0006-1-1024x573.jpg\" alt class=\"wp-image-437327\"><\/a><\/figure>\n<p>Ambele propuneri au fost respinse \u00een \u0219edin\u021ba din 27 aprilie 2026, f\u0103r\u0103 o motivare tehnic\u0103 detaliat\u0103.<\/p>\n<p>Primul proiect viza realizarea unui studiu de oportunitate privind administrarea celor aproximativ 4.000 de hectare de fond forestier aflat \u00een proprietatea municipiului. Ini\u021biativa nu presupunea schimbarea imediat\u0103 a sistemului actual, ci o analiz\u0103 etapizat\u0103, pe fiecare ocol silvic, pentru a evalua produc\u021bia real\u0103, costurile \u0219i pierderile financiare. Scopul era identificarea celor mai eficiente solu\u021bii de administrare, inclusiv eventuala colaborare cu un ocol silvic privat, pentru cre\u0219terea veniturilor ora\u0219ului din exploatarea p\u0103durilor.<\/p>\n<p>Al doilea proiect propunea acordarea unui sprijin financiar unic de 500 de lei pentru acoperirea impozitului pe locuin\u021b\u0103, destinat persoanelor cu handicap grav sau accentuat, cet\u0103\u021benilor \u00een situa\u021bii de vulnerabilitate \u0219i pacien\u021bilor oncologici. M\u0103sura era descris\u0103 ca fiind rapid aplicabil\u0103 \u0219i cu impact bugetar limitat, dar cu beneficii sociale concrete.De asemenea, consilierii AUR au solicitat introducerea unei proceduri clare prin care to\u021bi ale\u0219ii locali s\u0103 fie informa\u021bi \u00een prealabil despre recep\u021biile lucr\u0103rilor publice (dat\u0103, loca\u021bie, componen\u021ba comisiei), pentru o mai bun\u0103 transparen\u021b\u0103 \u00een cheltuirea banilor publici.<\/p>\n<p>Potrivit consilierului local AUR George Alexandru Simion, ini\u021biativele urm\u0103reau \u201eeficien\u021b\u0103 economic\u0103 \u0219i responsabilitate social\u0103\u201d.\u201eAm propus s\u0103 \u0219tim exact c\u00e2t produce p\u0103durea ora\u0219ului \u0219i cum putem ob\u021bine mai mult pentru comunitate. Am propus s\u0103 sprijinim direct cet\u0103\u021benii afla\u021bi \u00een dificultate. Am cerut transparen\u021b\u0103 \u00een lucr\u0103rile publice. R\u0103spunsul primit a fost respingerea\u201d, a declarat consilierul.<\/p>\n<p>Consilierii AUR au anun\u021bat c\u0103 vor continua s\u0103 depun\u0103 propuneri concrete \u0219i s\u0103 cear\u0103 transparen\u021b\u0103 \u00een administrarea resurselor municipiului.<\/p>\n<div class=\"td-a-rec td-a-rec-id-content_bottom  tdi_4 td_block_template_1\"><strong>Intr\u0103 acum \u0219i \u00een grupul de <\/p>\n<div class=\"wp-block-button\"><a class=\"wp-block-button__link wp-element-button\" href=\"https:\/\/t.me\/+TH8wcfnp8fw5NWI0\">Telegram News Bucovina<\/a><\/div>\n<p><\/strong><\/div>\n<\/div>\n<p>[analyse_source url=&#8221;https:\/\/www.newsbucovina.ro\/politica\/437325\/consilierii-aur-din-campulung-moldovenesc-acuza-respingerea-a-doua-proiecte-de-eficientizare-a-veniturilor-si-sprijin-social&#8221;]<\/p>\n","protected":false},"excerpt":{"rendered":"<p>[analyse_image type=&#8221;featured&#8221; src=&#8221;https:\/\/www.newsbucovina.ro\/wp-content\/uploads\/2026\/04\/IMG-20260429-WA0006.jpghttps:\/\/cdn.newsbucovina.ro\/wp-content\/uploads\/2026\/04\/IMG-20260429-WA0006.jpg&#8221;] Intr\u0103 acum \u0219i \u00een grupul de Telegram News Bucovina Consilierii locali AUR \u2013 Simion Alexandru Gheorghe \u0219i Badale Mihaela \u2013 au propus \u00een Consiliul Local C\u00e2mpulung Moldovenesc dou\u0103 ini\u021biative menite s\u0103 creasc\u0103 veniturile bugetului local \u0219i s\u0103 ofere sprijin direct cet\u0103\u021benilor vulnerabili. Ambele propuneri au fost respinse \u00een \u0219edin\u021ba din 27 aprilie [&hellip;]<\/p>\n","protected":false},"author":1,"featured_media":0,"comment_status":"open","ping_status":"","sticky":false,"template":"","format":"standard","meta":{"footnotes":""},"categories":[89],"tags":[226,165],"class_list":["post-1908805","post","type-post","status-publish","format-standard","hentry","category-romania","tag-crawlmanager","tag-newsbucovina-ro"],"_links":{"self":[{"href":"https:\/\/analyse.optim.biz\/index.php?rest_route=\/wp\/v2\/posts\/1908805","targetHints":{"allow":["GET"]}}],"collection":[{"href":"https:\/\/analyse.optim.biz\/index.php?rest_route=\/wp\/v2\/posts"}],"about":[{"href":"https:\/\/analyse.optim.biz\/index.php?rest_route=\/wp\/v2\/types\/post"}],"author":[{"embeddable":true,"href":"https:\/\/analyse.optim.biz\/index.php?rest_route=\/wp\/v2\/users\/1"}],"replies":[{"embeddable":true,"href":"https:\/\/analyse.optim.biz\/index.php?rest_route=%2Fwp%2Fv2%2Fcomments&post=1908805"}],"version-history":[{"count":0,"href":"https:\/\/analyse.optim.biz\/index.php?rest_route=\/wp\/v2\/posts\/1908805\/revisions"}],"wp:attachment":[{"href":"https:\/\/analyse.optim.biz\/index.php?rest_route=%2Fwp%2Fv2%2Fmedia&parent=1908805"}],"wp:term":[{"taxonomy":"category","embeddable":true,"href":"https:\/\/analyse.optim.biz\/index.php?rest_route=%2Fwp%2Fv2%2Fcategories&post=1908805"},{"taxonomy":"post_tag","embeddable":true,"href":"https:\/\/analyse.optim.biz\/index.php?rest_route=%2Fwp%2Fv2%2Ftags&post=1908805"}],"curies":[{"name":"wp","href":"https:\/\/api.w.org\/{rel}","templated":true}]}}