{"id":1908237,"date":"2026-04-28T12:22:43","date_gmt":"2026-04-28T09:22:43","guid":{"rendered":"https:\/\/analyse.optim.biz\/?p=1908237"},"modified":"2026-04-28T12:22:43","modified_gmt":"2026-04-28T09:22:43","slug":"motiunea-de-cenzura-psd-aur-depusa-la-parlament-simion-a-fost-semnata-de-253-de-parlamentari","status":"publish","type":"post","link":"https:\/\/analyse.optim.biz\/?p=1908237","title":{"rendered":"Mo\u021biunea de cenzur\u0103 PSD-AUR, depus\u0103 la Parlament. Simion: A fost semnat\u0103 de 253 de parlamentari"},"content":{"rendered":"<p>[analyse_image type=&#8221;featured&#8221; src=&#8221;https:\/\/ziardesuceava.ro\/wp-content\/uploads\/2026\/04\/78469-1024&#215;683.jpg&#8221;]<\/p>\n<div class=\"post-content clearfix\">\n<div class=\"blog-post-thumb\"><img loading=\"lazy\" decoding=\"async\" width=\"1140\" height=\"694\" src=\"https:\/\/ziardesuceava.ro\/wp-content\/uploads\/2026\/04\/78469-1140x694.jpg\" class=\"attachment-inhype-blog-thumb size-inhype-blog-thumb wp-post-image\" alt><\/div>\n<div class=\"entry-content\">\n<p>PSD-AUR au depus mar\u021bi la Secretariatele generale de la Senat \u0219i Camera Deputa\u021bilor, mo\u021biunea de cenzur\u0103 \u00eempotriva Guvernului Bolojan. Birourile permanente reunite ale Parlamentului urmeaz\u0103 s\u0103 stabileasc\u0103 un calendar pentru dezbatere \u0219i vot.<\/p>\n<div>\n<p><span>UPDATE<\/span><\/p>\n<p>PSD a anun\u021bat printr-un comunicat de pres\u0103 c\u0103 a reu\u0219it s\u0103 asigure sprijinul unei majorit\u0103\u021bi parlamentare pentru mo\u021biunea de cenzur\u0103 \u00eempotriva prim-ministrului Ilie Bolojan. <\/p>\n<p>\u201cAstfel, PSD va realiza o schimbare profund\u0103 \u00een modul de guvernare, a\u0219a cum a solicitat marea majoritate a cet\u0103\u021benilor rom\u00e2ni. PSD subliniaz\u0103 c\u0103 depunerea \u0219i adoptarea unei mo\u021biuni de cenzur\u0103 \u00eempotriva unui premier lipsit de legitimitate \u0219i f\u0103r\u0103 sprijin parlamentar reprezint\u0103 un proces democratic, reglementat la nivel constitu\u021bional. Acest mecanism a fost prev\u0103zut \u00een Constitu\u021bia Rom\u00e2niei tocmai pentru a preveni un blocaj guvernamental provocat de refuzul premierului de a accepta o realitate politic\u0103 ce nu-i mai permite s\u0103 \u00ee\u0219i exercite func\u021bia de conducere a Guvernului\u201d, a transmis forma\u021biunea.<\/p>\n<p>PSD consider\u0103 c\u0103 incapacitatea premierului Ilie Bolojan de a-\u0219i respecta partenerii de guvernare \u0219i de a fi receptiv la problemele \u0219i \u00eengrijor\u0103rile rom\u00e2nilor a afectat semnificativ actul de guvernare \u0219i a produs numeroase blocaje institu\u021bionale.<\/p>\n<p>\u201cDin cauza orgoliilor \u0219i \u00eenc\u0103p\u0103\u021b\u00e2n\u0103rii politice a premierului, Rom\u00e2nia a ajuns \u00een recesiune, consumul s-a pr\u0103bu\u0219it, produc\u021bia a sc\u0103zut, iar infla\u021bia a retezat puterea de cump\u0103rare a cet\u0103\u021benilor. Ar fi fost iresponsabil din partea PSD s\u0103 nu intervin\u0103 pentru a opri acest declin economic \u0219i social. Dincolo de discursul demagogic, premierul Bolojan nu a reu\u0219it s\u0103 implementeze nicio reform\u0103 autentic\u0103 \u00een cele 10 luni \u00een care a condus Guvernul Rom\u00e2niei. Insinuarea c\u0103 a reformat Rom\u00e2nia prin t\u0103ieri de venituri, prin cre\u0219teri de taxe, prin s\u0103r\u0103cirea popula\u021biei \u0219i prin sufocarea fiscal\u0103 a IMM-urilor \u0219i a antreprenorilor rom\u00e2ni denot\u0103 o \u00een\u021belegere rudimentar\u0103 a mecanismelor economice \u0219i o deconectare total\u0103 de la realit\u0103\u021bile din Rom\u00e2nia\u201d, se mai arat\u0103 \u00een comunicat.<\/p>\n<p>Partidul adaug\u0103 c\u0103 retragerea sprijinului politic al premierului Ilie Bolojan \u0219i demiterea sa prin mecanismul democratic al mo\u021biunii de cenzur\u0103 deschid calea pentru formarea unui guvern func\u021bional, care s\u0103 fie condus de un premier capabil de colaborare.<\/p>\n<p>\u201c\u00cen contextul geopolitic complicat \u00een care ne afl\u0103m, Rom\u00e2nia are nevoie urgent de o conducere coerent\u0103, f\u0103r\u0103 blocaje \u0219i f\u0103r\u0103 orgolii politice, care s\u0103 poat\u0103 asigura buna administrare \u0219i relansarea economic\u0103\u201d, au conchis social-democra\u021bii.<\/p>\n<p>+++<\/p>\n<p>Liderul AUR, George Simion, a anun\u021bat mar\u021bi c\u0103 mo\u021biunea de cenzur\u0103 a fost depus\u0103 la Parlament \u0219i a fost semnat\u0103 de 251 de ale\u0219i PSD, AUR, POT, SOS Rom\u00e2nia, Pace \u2013 \u00cent\u00e2i Rom\u00e2nia \u0219i parlamentari neafilia\u021bi.<\/p>\n<p>De asemenea, Simion a spus c\u0103 este fals tot ceea ce se sus\u021bine \u00een spa\u021biul public, \u0219i anume c\u0103 AUR \u0219i PSD se vor alia pentru guvernare.<\/p>\n<p>Simion a spus c\u0103 s-ar hazarda dac\u0103 ar spune c\u0103 AUR face alian\u021be cu cineva, pentru c\u0103 partidul s\u0103u vrea revenirea la democra\u021bie \u0219i la alegerile anulate din 2024.\u00a0<\/p>\n<p>De\u0219i \u00een 2024 a spus c\u0103 nu va bate palma niciodat\u0103 cu PSD, George Simion spune acum c\u0103 nu a zis a\u0219a ceva niciodat\u0103, el afirm\u00e2nd c\u0103 nu va face o Coali\u021bie de guvernare cu PSD. Nici nu crede c\u0103 prin pactul de acum cu PSD, AUR \u0219i-a \u00een\u0219elat aleg\u0103torii.<\/p>\n<p>\u00cen timpul conferin\u021bei de pres\u0103, Simion a spus c\u0103 a primit un mesaj text pe telefon \u0219i, de fapt, 253 de parlamentari au semnat mo\u021biunea, nu 251, a\u0219a cum anun\u021base ini\u021bial.<\/p>\n<p>Pe toat\u0103 durata conferin\u021bei de pres\u0103, confruntat cu propriile declara\u021bii \u00een care critica \u0219i folosea cuvinte injurioase la adresa PSD, George Simion a evitat acum s\u0103 mai critice social-democra\u021bii sau s\u0103-i fac\u0103 ho\u021bi \u0219i corup\u021bi.<\/p>\n<iframe loading=\"lazy\" src=\"https:\/\/www.facebook.com\/plugins\/video.php?height=476&amp;href=https%3A%2F%2Fwww.facebook.com%2Freel%2F1547261123626681%2F&amp;show_text=false&amp;width=267&amp;t=0\" width=\"267\" height=\"476\" scrolling=\"no\" frameborder allowfullscreen=\"true\" allow=\"autoplay; clipboard-write; encrypted-media; picture-in-picture; web-share\"><\/iframe>\n<p>Prezent la Radio Rom\u00e2nia Actualit\u0103\u021bi, liderul extremist AUR, George Simion, a anun\u021bat c\u0103 \u201cvor fi peste 245 de semn\u0103turi\u201d.<\/p>\n<p>\u201cNu vom avea emo\u021bii, va trece f\u0103r\u0103 probleme. AUR, partidul votat cel mai mult de rom\u00e2ni, nu mai vrea acest Guvern. Voin\u021ba poporului este s\u0103 revenim la democra\u021bie\u201d, a declarat el.<\/p>\n<p>Pentru ca Guvernul s\u0103 fie demis sunt necesare cel pu\u021bin 233 de voturi. PSD, AUR, SOS Rom\u00e2nia, PACE \u2013 \u00cent\u00e2i Rom\u00e2nia, POT \u0219i parlamentari neafilia\u021bi au semnat mo\u021biunea de cenzur\u0103 \u0219i spun c\u0103 o \u0219i voteaz\u0103.<\/p>\n<p>Un anun\u021b oficial este a\u0219teptat la ora 14:00, c\u00e2nd George Simion are programat\u0103 o conferin\u021b\u0103 de pres\u0103 la Parlament. \u0218eful PSD, Sorin Grindeanu, a plecat la Paris pentru o \u00eentrevedere cu Ya\u00ebl Braun-Pivet, pre\u0219edintele Adun\u0103rii Na\u021bionale a Fran\u021bei.<\/p>\n<\/div>\n<\/div>\n<div class=\"inhype-social-share-fixed sidebar-position-right\">\n<div class=\"post-social-wrapper\">\n<div class=\"post-social-title\"><span class=\"post-social-title-text\">Share<\/span><\/div>\n<\/div>\n<\/div>\n<\/div>\n<p>[analyse_source url=&#8221;https:\/\/ziardesuceava.ro\/motiunea-de-cenzura-psd-aur-depusa-la-parlament-simion-a-fost-semnata-de-253-de-parlamentari\/&#8221;]<\/p>\n","protected":false},"excerpt":{"rendered":"<p>[analyse_image type=&#8221;featured&#8221; src=&#8221;https:\/\/ziardesuceava.ro\/wp-content\/uploads\/2026\/04\/78469-1024&#215;683.jpg&#8221;] PSD-AUR au depus mar\u021bi la Secretariatele generale de la Senat \u0219i Camera Deputa\u021bilor, mo\u021biunea de cenzur\u0103 \u00eempotriva Guvernului Bolojan. Birourile permanente reunite ale Parlamentului urmeaz\u0103 s\u0103 stabileasc\u0103 un calendar pentru dezbatere \u0219i vot. UPDATE PSD a anun\u021bat printr-un comunicat de pres\u0103 c\u0103 a reu\u0219it s\u0103 asigure sprijinul unei majorit\u0103\u021bi parlamentare pentru mo\u021biunea [&hellip;]<\/p>\n","protected":false},"author":1,"featured_media":0,"comment_status":"open","ping_status":"","sticky":false,"template":"","format":"standard","meta":{"footnotes":""},"categories":[89],"tags":[226,171],"class_list":["post-1908237","post","type-post","status-publish","format-standard","hentry","category-romania","tag-crawlmanager","tag-ziardesuceava-ro"],"_links":{"self":[{"href":"https:\/\/analyse.optim.biz\/index.php?rest_route=\/wp\/v2\/posts\/1908237","targetHints":{"allow":["GET"]}}],"collection":[{"href":"https:\/\/analyse.optim.biz\/index.php?rest_route=\/wp\/v2\/posts"}],"about":[{"href":"https:\/\/analyse.optim.biz\/index.php?rest_route=\/wp\/v2\/types\/post"}],"author":[{"embeddable":true,"href":"https:\/\/analyse.optim.biz\/index.php?rest_route=\/wp\/v2\/users\/1"}],"replies":[{"embeddable":true,"href":"https:\/\/analyse.optim.biz\/index.php?rest_route=%2Fwp%2Fv2%2Fcomments&post=1908237"}],"version-history":[{"count":0,"href":"https:\/\/analyse.optim.biz\/index.php?rest_route=\/wp\/v2\/posts\/1908237\/revisions"}],"wp:attachment":[{"href":"https:\/\/analyse.optim.biz\/index.php?rest_route=%2Fwp%2Fv2%2Fmedia&parent=1908237"}],"wp:term":[{"taxonomy":"category","embeddable":true,"href":"https:\/\/analyse.optim.biz\/index.php?rest_route=%2Fwp%2Fv2%2Fcategories&post=1908237"},{"taxonomy":"post_tag","embeddable":true,"href":"https:\/\/analyse.optim.biz\/index.php?rest_route=%2Fwp%2Fv2%2Ftags&post=1908237"}],"curies":[{"name":"wp","href":"https:\/\/api.w.org\/{rel}","templated":true}]}}